{"id":3220,"date":"2017-09-20T15:08:32","date_gmt":"2017-09-20T15:08:32","guid":{"rendered":"\/?p=3220"},"modified":"2017-09-20T15:08:32","modified_gmt":"2017-09-20T15:08:32","slug":"i-jornada-nuevas-tecnologias-sector-agrario-la-colaboracion-la-fundacion-caja-rural-del-sur","status":"publish","type":"post","link":"https:\/\/fundacioncajaruraldelsur.com\/pt\/i-jornada-nuevas-tecnologias-sector-agrario-la-colaboracion-la-fundacion-caja-rural-del-sur\/","title":{"rendered":"I Jornada de Nuevas Tecnolog\u00edas para el Sector Agrario con la colaboraci\u00f3n de la Fundaci\u00f3n Caja Rural del Sur"},"content":{"rendered":"<p>M\u00e1s de doscientos agricultores han asistido a la I Jornada de Nuevas Tecnolog\u00edas para el Sector Agrario organizadas por\u00a0<b>Asaja C\u00f3rdoba junto con la Fundaci\u00f3n Caja Rural del Su<\/b>r y Rur\u00e1polis\u00a0en la que se han abordado las \u00faltimas tendencias y avances tecnol\u00f3gicos para el mundo rural y ganadero a trav\u00e9s de nuevas herramientas inform\u00e1ticas, servicios digitales y sistemas de posicionamiento global.\u00a0El encuentro\u00a0fue inaugurado por el presidente de Asaja C\u00f3rdoba, Ignacio Fern\u00e1ndez de Mesa, Jos\u00e9 Luis Vega-Leal Segado por parte de\u00a0la Fundaci\u00f3n Caja Rural, el socio director de Rur\u00e1polis, Miguel \u00c1ngel Molinero, y el subdelegado del Gobierno, Juan Jos\u00e9 Primo Jurado.<\/p>\n<p>La primera sesi\u00f3n del encuentro abord\u00f3 la oferta de\u00a0herramientas inform\u00e1ticas para explotaciones agr\u00edcolas y ganaderas por parte del co-fundador de Cropti, Eugenio Fern\u00e1ndez, quien present\u00f3 una soluci\u00f3n inform\u00e1tica para gestionar el cuaderno de campo de forma m\u00e1s f\u00e1cil y que actualmente\u00a0permite a m\u00e1s de 1.000 agricultores particulares y empresas mantener un registro de todas las actividades realizadas sobre sus explotaciones y cultivos asociando a \u00e9stas datos importantes tales como trabajadores, maquinaria, producto utilizado, dosis o fecha.<\/p>\n<p>Posteriormente, el director de marketing de Adama, David S\u00e1nchez, y el CEO de Cubenube, Gonzalo Mart\u00edn, hablaron sobre el servicio digital para ayudar al agricultor a tomar mejores decisiones sobre las necesidades actuales y futuras de sus cultivos a trav\u00e9s del Digital Crop Care y el uso de Big Data para el sector agrario.<\/p>\n<p>Por su parte, el responsable de Equipos de Guiado de Agrotractor Rochi Jes\u00fas Montoro present\u00f3 su ponencia sobre el guiado de tractores con GPS sistemas de guiado autom\u00e1tico, sistemas de documentaci\u00f3n y telemetr\u00eda, sistemas de documentaci\u00f3n y telemetr\u00eda (gesti\u00f3n de flotas). Asimismo, Teresa Carrillo, de Galpagro; y el director de Segenet, Francisco Aguilar, hablaron sobre el uso de drones y sensores para el ahorro de agua y energ\u00eda.\u00a0\u00a0\u00a0 Finalmente, el teniente coronel de la Comandancia de la Guardia Civil Fernando L\u00f3pez Rey present\u00f3 una ponencia para informar de \u2018Alertcops\u2019, una herramienta tecnol\u00f3gica para la seguridad en el campo.-<\/p>","protected":false},"excerpt":{"rendered":"<p>M\u00e1s de doscientos agricultores han asistido a la I Jornada de Nuevas Tecnolog\u00edas para el Sector Agrario organizadas por\u00a0Asaja C\u00f3rdoba junto con la Fundaci\u00f3n Caja Rural del Sur y Rur\u00e1polis\u00a0en [&hellip;]<\/p>\n","protected":false},"author":6,"featured_media":3221,"comment_status":"closed","ping_status":"open","sticky":false,"template":"","format":"standard","meta":{"footnotes":""},"categories":[69,81],"tags":[],"class_list":["post-3220","post","type-post","status-publish","format-standard","has-post-thumbnail","hentry","category-colaboracion","category-cursos"],"yoast_head":"<!-- This site is optimized with the Yoast SEO plugin v27.3 - https:\/\/yoast.com\/product\/yoast-seo-wordpress\/ -->\n<title>I Jornada de Nuevas Tecnolog\u00edas para el Sector Agrario con la colaboraci\u00f3n de la Fundaci\u00f3n Caja Rural del Sur - Fundaci\u00f3n Caja Rural del Sur<\/title>\n<meta name=\"robots\" content=\"index, follow, max-snippet:-1, max-image-preview:large, max-video-preview:-1\" \/>\n<link rel=\"canonical\" href=\"https:\/\/fundacioncajaruraldelsur.com\/pt\/i-jornada-nuevas-tecnologias-sector-agrario-la-colaboracion-la-fundacion-caja-rural-del-sur\/\" \/>\n<meta property=\"og:locale\" content=\"pt_PT\" \/>\n<meta property=\"og:type\" content=\"article\" \/>\n<meta property=\"og:title\" content=\"I Jornada de Nuevas Tecnolog\u00edas para el Sector Agrario con la colaboraci\u00f3n de la Fundaci\u00f3n Caja Rural del Sur - Fundaci\u00f3n Caja Rural del Sur\" \/>\n<meta property=\"og:description\" content=\"M\u00e1s de doscientos agricultores han asistido a la I Jornada de Nuevas Tecnolog\u00edas para el Sector Agrario organizadas por\u00a0Asaja C\u00f3rdoba junto con la Fundaci\u00f3n Caja Rural del Sur y Rur\u00e1polis\u00a0en [&hellip;]\" \/>\n<meta property=\"og:url\" content=\"https:\/\/fundacioncajaruraldelsur.com\/pt\/i-jornada-nuevas-tecnologias-sector-agrario-la-colaboracion-la-fundacion-caja-rural-del-sur\/\" \/>\n<meta property=\"og:site_name\" content=\"Fundaci\u00f3n Caja Rural del Sur\" \/>\n<meta property=\"article:published_time\" content=\"2017-09-20T15:08:32+00:00\" \/>\n<meta property=\"og:image\" content=\"https:\/\/fundacioncajaruraldelsur.com\/wp-content\/uploads\/2017\/09\/ASAJA-C\u00d3RDOBA.jpg\" \/>\n\t<meta property=\"og:image:width\" content=\"777\" \/>\n\t<meta property=\"og:image:height\" content=\"518\" \/>\n\t<meta property=\"og:image:type\" content=\"image\/jpeg\" \/>\n<meta name=\"author\" content=\"Comunicaci\u00f3n\" \/>\n<meta name=\"twitter:card\" content=\"summary_large_image\" \/>\n<meta name=\"twitter:label1\" content=\"Written by\" \/>\n\t<meta name=\"twitter:data1\" content=\"Comunicaci\u00f3n\" \/>\n\t<meta name=\"twitter:label2\" content=\"Est. reading time\" \/>\n\t<meta name=\"twitter:data2\" content=\"2 minutes\" \/>\n<script type=\"application\/ld+json\" class=\"yoast-schema-graph\">{\"@context\":\"https:\\\/\\\/schema.org\",\"@graph\":[{\"@type\":\"Article\",\"@id\":\"https:\\\/\\\/fundacioncajaruraldelsur.com\\\/i-jornada-nuevas-tecnologias-sector-agrario-la-colaboracion-la-fundacion-caja-rural-del-sur\\\/#article\",\"isPartOf\":{\"@id\":\"https:\\\/\\\/fundacioncajaruraldelsur.com\\\/i-jornada-nuevas-tecnologias-sector-agrario-la-colaboracion-la-fundacion-caja-rural-del-sur\\\/\"},\"author\":{\"name\":\"Comunicaci\u00f3n\",\"@id\":\"https:\\\/\\\/fundacioncajaruraldelsur.com\\\/#\\\/schema\\\/person\\\/f430da9fb783d505ff061ad8b3d44577\"},\"headline\":\"I Jornada de Nuevas Tecnolog\u00edas para el Sector Agrario con la colaboraci\u00f3n de la Fundaci\u00f3n Caja Rural del Sur\",\"datePublished\":\"2017-09-20T15:08:32+00:00\",\"mainEntityOfPage\":{\"@id\":\"https:\\\/\\\/fundacioncajaruraldelsur.com\\\/i-jornada-nuevas-tecnologias-sector-agrario-la-colaboracion-la-fundacion-caja-rural-del-sur\\\/\"},\"wordCount\":389,\"image\":{\"@id\":\"https:\\\/\\\/fundacioncajaruraldelsur.com\\\/i-jornada-nuevas-tecnologias-sector-agrario-la-colaboracion-la-fundacion-caja-rural-del-sur\\\/#primaryimage\"},\"thumbnailUrl\":\"https:\\\/\\\/fundacioncajaruraldelsur.com\\\/wp-content\\\/uploads\\\/2017\\\/09\\\/ASAJA-C\u00d3RDOBA.jpg\",\"articleSection\":[\"Colaboraci\u00f3n\",\"Cursos\"],\"inLanguage\":\"pt-PT\"},{\"@type\":\"WebPage\",\"@id\":\"https:\\\/\\\/fundacioncajaruraldelsur.com\\\/i-jornada-nuevas-tecnologias-sector-agrario-la-colaboracion-la-fundacion-caja-rural-del-sur\\\/\",\"url\":\"https:\\\/\\\/fundacioncajaruraldelsur.com\\\/i-jornada-nuevas-tecnologias-sector-agrario-la-colaboracion-la-fundacion-caja-rural-del-sur\\\/\",\"name\":\"I Jornada de Nuevas Tecnolog\u00edas para el Sector Agrario con la colaboraci\u00f3n de la Fundaci\u00f3n Caja Rural del Sur - Fundaci\u00f3n Caja Rural del Sur\",\"isPartOf\":{\"@id\":\"https:\\\/\\\/fundacioncajaruraldelsur.com\\\/#website\"},\"primaryImageOfPage\":{\"@id\":\"https:\\\/\\\/fundacioncajaruraldelsur.com\\\/i-jornada-nuevas-tecnologias-sector-agrario-la-colaboracion-la-fundacion-caja-rural-del-sur\\\/#primaryimage\"},\"image\":{\"@id\":\"https:\\\/\\\/fundacioncajaruraldelsur.com\\\/i-jornada-nuevas-tecnologias-sector-agrario-la-colaboracion-la-fundacion-caja-rural-del-sur\\\/#primaryimage\"},\"thumbnailUrl\":\"https:\\\/\\\/fundacioncajaruraldelsur.com\\\/wp-content\\\/uploads\\\/2017\\\/09\\\/ASAJA-C\u00d3RDOBA.jpg\",\"datePublished\":\"2017-09-20T15:08:32+00:00\",\"author\":{\"@id\":\"https:\\\/\\\/fundacioncajaruraldelsur.com\\\/#\\\/schema\\\/person\\\/f430da9fb783d505ff061ad8b3d44577\"},\"breadcrumb\":{\"@id\":\"https:\\\/\\\/fundacioncajaruraldelsur.com\\\/i-jornada-nuevas-tecnologias-sector-agrario-la-colaboracion-la-fundacion-caja-rural-del-sur\\\/#breadcrumb\"},\"inLanguage\":\"pt-PT\",\"potentialAction\":[{\"@type\":\"ReadAction\",\"target\":[\"https:\\\/\\\/fundacioncajaruraldelsur.com\\\/i-jornada-nuevas-tecnologias-sector-agrario-la-colaboracion-la-fundacion-caja-rural-del-sur\\\/\"]}]},{\"@type\":\"ImageObject\",\"inLanguage\":\"pt-PT\",\"@id\":\"https:\\\/\\\/fundacioncajaruraldelsur.com\\\/i-jornada-nuevas-tecnologias-sector-agrario-la-colaboracion-la-fundacion-caja-rural-del-sur\\\/#primaryimage\",\"url\":\"https:\\\/\\\/fundacioncajaruraldelsur.com\\\/wp-content\\\/uploads\\\/2017\\\/09\\\/ASAJA-C\u00d3RDOBA.jpg\",\"contentUrl\":\"https:\\\/\\\/fundacioncajaruraldelsur.com\\\/wp-content\\\/uploads\\\/2017\\\/09\\\/ASAJA-C\u00d3RDOBA.jpg\",\"width\":777,\"height\":518},{\"@type\":\"BreadcrumbList\",\"@id\":\"https:\\\/\\\/fundacioncajaruraldelsur.com\\\/i-jornada-nuevas-tecnologias-sector-agrario-la-colaboracion-la-fundacion-caja-rural-del-sur\\\/#breadcrumb\",\"itemListElement\":[{\"@type\":\"ListItem\",\"position\":1,\"name\":\"Portada\",\"item\":\"https:\\\/\\\/fundacioncajaruraldelsur.com\\\/\"},{\"@type\":\"ListItem\",\"position\":2,\"name\":\"I Jornada de Nuevas Tecnolog\u00edas para el Sector Agrario con la colaboraci\u00f3n de la Fundaci\u00f3n Caja Rural del Sur\"}]},{\"@type\":\"WebSite\",\"@id\":\"https:\\\/\\\/fundacioncajaruraldelsur.com\\\/#website\",\"url\":\"https:\\\/\\\/fundacioncajaruraldelsur.com\\\/\",\"name\":\"Fundaci\u00f3n Caja Rural del Sur\",\"description\":\"\",\"potentialAction\":[{\"@type\":\"SearchAction\",\"target\":{\"@type\":\"EntryPoint\",\"urlTemplate\":\"https:\\\/\\\/fundacioncajaruraldelsur.com\\\/?s={search_term_string}\"},\"query-input\":{\"@type\":\"PropertyValueSpecification\",\"valueRequired\":true,\"valueName\":\"search_term_string\"}}],\"inLanguage\":\"pt-PT\"},{\"@type\":\"Person\",\"@id\":\"https:\\\/\\\/fundacioncajaruraldelsur.com\\\/#\\\/schema\\\/person\\\/f430da9fb783d505ff061ad8b3d44577\",\"name\":\"Comunicaci\u00f3n\",\"image\":{\"@type\":\"ImageObject\",\"inLanguage\":\"pt-PT\",\"@id\":\"https:\\\/\\\/secure.gravatar.com\\\/avatar\\\/0dca239875993680bac4603ad2de7942da018f52cc3a244578e0b3b09314a8d8?s=96&d=blank&r=g\",\"url\":\"https:\\\/\\\/secure.gravatar.com\\\/avatar\\\/0dca239875993680bac4603ad2de7942da018f52cc3a244578e0b3b09314a8d8?s=96&d=blank&r=g\",\"contentUrl\":\"https:\\\/\\\/secure.gravatar.com\\\/avatar\\\/0dca239875993680bac4603ad2de7942da018f52cc3a244578e0b3b09314a8d8?s=96&d=blank&r=g\",\"caption\":\"Comunicaci\u00f3n\"}}]}<\/script>\n<!-- \/ Yoast SEO plugin. -->","yoast_head_json":{"title":"I Jornada de Nuevas Tecnolog\u00edas para el Sector Agrario con la colaboraci\u00f3n de la Fundaci\u00f3n Caja Rural del Sur - Fundaci\u00f3n Caja Rural del Sur","robots":{"index":"index","follow":"follow","max-snippet":"max-snippet:-1","max-image-preview":"max-image-preview:large","max-video-preview":"max-video-preview:-1"},"canonical":"https:\/\/fundacioncajaruraldelsur.com\/pt\/i-jornada-nuevas-tecnologias-sector-agrario-la-colaboracion-la-fundacion-caja-rural-del-sur\/","og_locale":"pt_PT","og_type":"article","og_title":"I Jornada de Nuevas Tecnolog\u00edas para el Sector Agrario con la colaboraci\u00f3n de la Fundaci\u00f3n Caja Rural del Sur - Fundaci\u00f3n Caja Rural del Sur","og_description":"M\u00e1s de doscientos agricultores han asistido a la I Jornada de Nuevas Tecnolog\u00edas para el Sector Agrario organizadas por\u00a0Asaja C\u00f3rdoba junto con la Fundaci\u00f3n Caja Rural del Sur y Rur\u00e1polis\u00a0en [&hellip;]","og_url":"https:\/\/fundacioncajaruraldelsur.com\/pt\/i-jornada-nuevas-tecnologias-sector-agrario-la-colaboracion-la-fundacion-caja-rural-del-sur\/","og_site_name":"Fundaci\u00f3n Caja Rural del Sur","article_published_time":"2017-09-20T15:08:32+00:00","og_image":[{"width":777,"height":518,"url":"https:\/\/fundacioncajaruraldelsur.com\/wp-content\/uploads\/2017\/09\/ASAJA-C\u00d3RDOBA.jpg","type":"image\/jpeg"}],"author":"Comunicaci\u00f3n","twitter_card":"summary_large_image","twitter_misc":{"Written by":"Comunicaci\u00f3n","Est. reading time":"2 minutes"},"schema":{"@context":"https:\/\/schema.org","@graph":[{"@type":"Article","@id":"https:\/\/fundacioncajaruraldelsur.com\/i-jornada-nuevas-tecnologias-sector-agrario-la-colaboracion-la-fundacion-caja-rural-del-sur\/#article","isPartOf":{"@id":"https:\/\/fundacioncajaruraldelsur.com\/i-jornada-nuevas-tecnologias-sector-agrario-la-colaboracion-la-fundacion-caja-rural-del-sur\/"},"author":{"name":"Comunicaci\u00f3n","@id":"https:\/\/fundacioncajaruraldelsur.com\/#\/schema\/person\/f430da9fb783d505ff061ad8b3d44577"},"headline":"I Jornada de Nuevas Tecnolog\u00edas para el Sector Agrario con la colaboraci\u00f3n de la Fundaci\u00f3n Caja Rural del Sur","datePublished":"2017-09-20T15:08:32+00:00","mainEntityOfPage":{"@id":"https:\/\/fundacioncajaruraldelsur.com\/i-jornada-nuevas-tecnologias-sector-agrario-la-colaboracion-la-fundacion-caja-rural-del-sur\/"},"wordCount":389,"image":{"@id":"https:\/\/fundacioncajaruraldelsur.com\/i-jornada-nuevas-tecnologias-sector-agrario-la-colaboracion-la-fundacion-caja-rural-del-sur\/#primaryimage"},"thumbnailUrl":"https:\/\/fundacioncajaruraldelsur.com\/wp-content\/uploads\/2017\/09\/ASAJA-C\u00d3RDOBA.jpg","articleSection":["Colaboraci\u00f3n","Cursos"],"inLanguage":"pt-PT"},{"@type":"WebPage","@id":"https:\/\/fundacioncajaruraldelsur.com\/i-jornada-nuevas-tecnologias-sector-agrario-la-colaboracion-la-fundacion-caja-rural-del-sur\/","url":"https:\/\/fundacioncajaruraldelsur.com\/i-jornada-nuevas-tecnologias-sector-agrario-la-colaboracion-la-fundacion-caja-rural-del-sur\/","name":"I Jornada de Nuevas Tecnolog\u00edas para el Sector Agrario con la colaboraci\u00f3n de la Fundaci\u00f3n Caja Rural del Sur - Fundaci\u00f3n Caja Rural del Sur","isPartOf":{"@id":"https:\/\/fundacioncajaruraldelsur.com\/#website"},"primaryImageOfPage":{"@id":"https:\/\/fundacioncajaruraldelsur.com\/i-jornada-nuevas-tecnologias-sector-agrario-la-colaboracion-la-fundacion-caja-rural-del-sur\/#primaryimage"},"image":{"@id":"https:\/\/fundacioncajaruraldelsur.com\/i-jornada-nuevas-tecnologias-sector-agrario-la-colaboracion-la-fundacion-caja-rural-del-sur\/#primaryimage"},"thumbnailUrl":"https:\/\/fundacioncajaruraldelsur.com\/wp-content\/uploads\/2017\/09\/ASAJA-C\u00d3RDOBA.jpg","datePublished":"2017-09-20T15:08:32+00:00","author":{"@id":"https:\/\/fundacioncajaruraldelsur.com\/#\/schema\/person\/f430da9fb783d505ff061ad8b3d44577"},"breadcrumb":{"@id":"https:\/\/fundacioncajaruraldelsur.com\/i-jornada-nuevas-tecnologias-sector-agrario-la-colaboracion-la-fundacion-caja-rural-del-sur\/#breadcrumb"},"inLanguage":"pt-PT","potentialAction":[{"@type":"ReadAction","target":["https:\/\/fundacioncajaruraldelsur.com\/i-jornada-nuevas-tecnologias-sector-agrario-la-colaboracion-la-fundacion-caja-rural-del-sur\/"]}]},{"@type":"ImageObject","inLanguage":"pt-PT","@id":"https:\/\/fundacioncajaruraldelsur.com\/i-jornada-nuevas-tecnologias-sector-agrario-la-colaboracion-la-fundacion-caja-rural-del-sur\/#primaryimage","url":"https:\/\/fundacioncajaruraldelsur.com\/wp-content\/uploads\/2017\/09\/ASAJA-C\u00d3RDOBA.jpg","contentUrl":"https:\/\/fundacioncajaruraldelsur.com\/wp-content\/uploads\/2017\/09\/ASAJA-C\u00d3RDOBA.jpg","width":777,"height":518},{"@type":"BreadcrumbList","@id":"https:\/\/fundacioncajaruraldelsur.com\/i-jornada-nuevas-tecnologias-sector-agrario-la-colaboracion-la-fundacion-caja-rural-del-sur\/#breadcrumb","itemListElement":[{"@type":"ListItem","position":1,"name":"Portada","item":"https:\/\/fundacioncajaruraldelsur.com\/"},{"@type":"ListItem","position":2,"name":"I Jornada de Nuevas Tecnolog\u00edas para el Sector Agrario con la colaboraci\u00f3n de la Fundaci\u00f3n Caja Rural del Sur"}]},{"@type":"WebSite","@id":"https:\/\/fundacioncajaruraldelsur.com\/#website","url":"https:\/\/fundacioncajaruraldelsur.com\/","name":"Funda\u00e7\u00e3o Caja Rural del Sur","description":"","potentialAction":[{"@type":"SearchAction","target":{"@type":"EntryPoint","urlTemplate":"https:\/\/fundacioncajaruraldelsur.com\/?s={search_term_string}"},"query-input":{"@type":"PropertyValueSpecification","valueRequired":true,"valueName":"search_term_string"}}],"inLanguage":"pt-PT"},{"@type":"Person","@id":"https:\/\/fundacioncajaruraldelsur.com\/#\/schema\/person\/f430da9fb783d505ff061ad8b3d44577","name":"Comunicaci\u00f3n","image":{"@type":"ImageObject","inLanguage":"pt-PT","@id":"https:\/\/secure.gravatar.com\/avatar\/0dca239875993680bac4603ad2de7942da018f52cc3a244578e0b3b09314a8d8?s=96&d=blank&r=g","url":"https:\/\/secure.gravatar.com\/avatar\/0dca239875993680bac4603ad2de7942da018f52cc3a244578e0b3b09314a8d8?s=96&d=blank&r=g","contentUrl":"https:\/\/secure.gravatar.com\/avatar\/0dca239875993680bac4603ad2de7942da018f52cc3a244578e0b3b09314a8d8?s=96&d=blank&r=g","caption":"Comunicaci\u00f3n"}}]}},"rttpg_featured_image_url":{"full":["https:\/\/fundacioncajaruraldelsur.com\/wp-content\/uploads\/2017\/09\/ASAJA-C\u00d3RDOBA.jpg",777,518,false],"landscape":["https:\/\/fundacioncajaruraldelsur.com\/wp-content\/uploads\/2017\/09\/ASAJA-C\u00d3RDOBA.jpg",777,518,false],"portraits":["https:\/\/fundacioncajaruraldelsur.com\/wp-content\/uploads\/2017\/09\/ASAJA-C\u00d3RDOBA.jpg",777,518,false],"thumbnail":["https:\/\/fundacioncajaruraldelsur.com\/wp-content\/uploads\/2017\/09\/ASAJA-C\u00d3RDOBA-150x150.jpg",150,150,true],"medium":["https:\/\/fundacioncajaruraldelsur.com\/wp-content\/uploads\/2017\/09\/ASAJA-C\u00d3RDOBA-300x200.jpg",300,200,true],"large":["https:\/\/fundacioncajaruraldelsur.com\/wp-content\/uploads\/2017\/09\/ASAJA-C\u00d3RDOBA.jpg",777,518,false],"1536x1536":["https:\/\/fundacioncajaruraldelsur.com\/wp-content\/uploads\/2017\/09\/ASAJA-C\u00d3RDOBA.jpg",777,518,false],"2048x2048":["https:\/\/fundacioncajaruraldelsur.com\/wp-content\/uploads\/2017\/09\/ASAJA-C\u00d3RDOBA.jpg",777,518,false],"trp-custom-language-flag":["https:\/\/fundacioncajaruraldelsur.com\/wp-content\/uploads\/2017\/09\/ASAJA-C\u00d3RDOBA.jpg",18,12,false],"blog-thumbnail":["https:\/\/fundacioncajaruraldelsur.com\/wp-content\/uploads\/2017\/09\/ASAJA-C\u00d3RDOBA-400x200.jpg",400,200,true]},"rttpg_author":{"display_name":"Comunicaci\u00f3n","author_link":"https:\/\/fundacioncajaruraldelsur.com\/pt\/author\/sevillaadmin\/"},"rttpg_comment":0,"rttpg_category":"<a href=\"https:\/\/fundacioncajaruraldelsur.com\/pt\/category\/colaboracion\/\" rel=\"category tag\">Colaboraci\u00f3n<\/a> <a href=\"https:\/\/fundacioncajaruraldelsur.com\/pt\/category\/cursos\/\" rel=\"category tag\">Cursos<\/a>","rttpg_excerpt":"M\u00e1s de doscientos agricultores han asistido a la I Jornada de Nuevas Tecnolog\u00edas para el Sector Agrario organizadas por\u00a0Asaja C\u00f3rdoba junto con la Fundaci\u00f3n Caja Rural del Sur y Rur\u00e1polis\u00a0en [&hellip;]","_links":{"self":[{"href":"https:\/\/fundacioncajaruraldelsur.com\/pt\/wp-json\/wp\/v2\/posts\/3220","targetHints":{"allow":["GET"]}}],"collection":[{"href":"https:\/\/fundacioncajaruraldelsur.com\/pt\/wp-json\/wp\/v2\/posts"}],"about":[{"href":"https:\/\/fundacioncajaruraldelsur.com\/pt\/wp-json\/wp\/v2\/types\/post"}],"author":[{"embeddable":true,"href":"https:\/\/fundacioncajaruraldelsur.com\/pt\/wp-json\/wp\/v2\/users\/6"}],"replies":[{"embeddable":true,"href":"https:\/\/fundacioncajaruraldelsur.com\/pt\/wp-json\/wp\/v2\/comments?post=3220"}],"version-history":[{"count":1,"href":"https:\/\/fundacioncajaruraldelsur.com\/pt\/wp-json\/wp\/v2\/posts\/3220\/revisions"}],"predecessor-version":[{"id":3222,"href":"https:\/\/fundacioncajaruraldelsur.com\/pt\/wp-json\/wp\/v2\/posts\/3220\/revisions\/3222"}],"wp:featuredmedia":[{"embeddable":true,"href":"https:\/\/fundacioncajaruraldelsur.com\/pt\/wp-json\/wp\/v2\/media\/3221"}],"wp:attachment":[{"href":"https:\/\/fundacioncajaruraldelsur.com\/pt\/wp-json\/wp\/v2\/media?parent=3220"}],"wp:term":[{"taxonomy":"category","embeddable":true,"href":"https:\/\/fundacioncajaruraldelsur.com\/pt\/wp-json\/wp\/v2\/categories?post=3220"},{"taxonomy":"post_tag","embeddable":true,"href":"https:\/\/fundacioncajaruraldelsur.com\/pt\/wp-json\/wp\/v2\/tags?post=3220"}],"curies":[{"name":"wp","href":"https:\/\/api.w.org\/{rel}","templated":true}]}}