{"id":3185,"date":"2017-07-12T15:13:44","date_gmt":"2017-07-12T15:13:44","guid":{"rendered":"\/?p=3185"},"modified":"2017-07-12T15:13:44","modified_gmt":"2017-07-12T15:13:44","slug":"fundacion-caja-rural-del-sur-asaja-sevilla-renuevan-colaboracion-impulsar-defender-sector-agrario","status":"publish","type":"post","link":"https:\/\/fundacioncajaruraldelsur.com\/pt\/fundacion-caja-rural-del-sur-asaja-sevilla-renuevan-colaboracion-impulsar-defender-sector-agrario\/","title":{"rendered":"Fundaci\u00f3n Caja Rural del Sur y Asaja-Sevilla renuevan su colaboraci\u00f3n para impulsar y defender el sector agrario"},"content":{"rendered":"<p>El presidente de Asaja-Sevilla, Ricardo Serra Arias, y el presidente de la Fundaci\u00f3n Caja Rural del Sur, Jos\u00e9 Luis Garc\u00eda-Palacios, acompa\u00f1ados del secretario general de Asaja-Sevilla, Eduardo Mart\u00edn, y el director general de la Fundaci\u00f3n Caja Rural del Sur, Guillermo T\u00e9llez, han renovado el acuerdo de colaboraci\u00f3n que vienen manteniendo a lo largo de los \u00faltimos a\u00f1os.<\/p>\n<p>El objetivo del acuerdo es contribuir de manera conjunta a superar los incovenientes actuales del mundo agrario, entre ellos, los cambios introducidos por la reforma de la Pol\u00edtica Agraria Com\u00fan (PAC), la globalizaci\u00f3n de los mercados, los problemas de sanidad vegetal y bienestar animal, la necesaria adaptaci\u00f3n de los cultivos al cambio clim\u00e1tico, la fiscalidad agraria, el relevo generacional, la incorporaci\u00f3n y generalizaci\u00f3n de las nuevas tecnolog\u00edas en el mundo rural, la b\u00fasqueda de apoyos para cultivos estrat\u00e9gicos o cultivos alternativos, y la seguridad en el campo o el encarecimiento de la energ\u00eda.<\/p>\n<p>Para superar esta coyuntura es importante dotar de estabilidad al sector agrario y reforzar la percepci\u00f3n positiva que gran parte de la sociedad tiene de los agricultores, los ganaderos y el mundo rural, que como ha quedado de manifiesto, m\u00e1s a\u00fan en los \u00faltimos a\u00f1os, constituye un sector b\u00e1sico para generar empleo, dinamizar la econom\u00eda y generar ingresos que contribuyan a equilibrar la deficitaria balanza comercial espa\u00f1ola.<\/p>\n<p>En virtud de este convenio ambas entidades colaborar\u00e1n activamente en el fomento de una agricultura m\u00e1s productiva y en la organizaci\u00f3n de actos, foros y eventos de inter\u00e9s para el sector agrario. El acuerdo alcanzado tambi\u00e9n incluye labores para impulsar la formaci\u00f3n e investigaci\u00f3n en este sector. Adem\u00e1s, la Fundaci\u00f3n Caja Rural del Sur colaborar\u00e1 con Asaja para facilitar al sector agrario de la provincia de Sevilla toda la informaci\u00f3n y el asesoramiento necesarios para la gesti\u00f3n de las explotaciones agr\u00edcolas y ganaderas.<\/p>","protected":false},"excerpt":{"rendered":"<p>El presidente de Asaja-Sevilla, Ricardo Serra Arias, y el presidente de la Fundaci\u00f3n Caja Rural del Sur, Jos\u00e9 Luis Garc\u00eda-Palacios, acompa\u00f1ados del secretario general de Asaja-Sevilla, Eduardo Mart\u00edn, y el [&hellip;]<\/p>\n","protected":false},"author":6,"featured_media":3186,"comment_status":"closed","ping_status":"open","sticky":false,"template":"","format":"standard","meta":{"footnotes":""},"categories":[67],"tags":[],"class_list":["post-3185","post","type-post","status-publish","format-standard","has-post-thumbnail","hentry","category-convenios"],"yoast_head":"<!-- This site is optimized with the Yoast SEO plugin v27.3 - https:\/\/yoast.com\/product\/yoast-seo-wordpress\/ -->\n<title>Fundaci\u00f3n Caja Rural del Sur y Asaja-Sevilla renuevan su colaboraci\u00f3n para impulsar y defender el sector agrario - Fundaci\u00f3n Caja Rural del Sur<\/title>\n<meta name=\"robots\" content=\"index, follow, max-snippet:-1, max-image-preview:large, max-video-preview:-1\" \/>\n<link rel=\"canonical\" href=\"https:\/\/fundacioncajaruraldelsur.com\/pt\/fundacion-caja-rural-del-sur-asaja-sevilla-renuevan-colaboracion-impulsar-defender-sector-agrario\/\" \/>\n<meta property=\"og:locale\" content=\"pt_PT\" \/>\n<meta property=\"og:type\" content=\"article\" \/>\n<meta property=\"og:title\" content=\"Fundaci\u00f3n Caja Rural del Sur y Asaja-Sevilla renuevan su colaboraci\u00f3n para impulsar y defender el sector agrario - Fundaci\u00f3n Caja Rural del Sur\" \/>\n<meta property=\"og:description\" content=\"El presidente de Asaja-Sevilla, Ricardo Serra Arias, y el presidente de la Fundaci\u00f3n Caja Rural del Sur, Jos\u00e9 Luis Garc\u00eda-Palacios, acompa\u00f1ados del secretario general de Asaja-Sevilla, Eduardo Mart\u00edn, y el [&hellip;]\" \/>\n<meta property=\"og:url\" content=\"https:\/\/fundacioncajaruraldelsur.com\/pt\/fundacion-caja-rural-del-sur-asaja-sevilla-renuevan-colaboracion-impulsar-defender-sector-agrario\/\" \/>\n<meta property=\"og:site_name\" content=\"Fundaci\u00f3n Caja Rural del Sur\" \/>\n<meta property=\"article:published_time\" content=\"2017-07-12T15:13:44+00:00\" \/>\n<meta property=\"og:image\" content=\"https:\/\/fundacioncajaruraldelsur.com\/wp-content\/uploads\/2017\/07\/asaja.png\" \/>\n\t<meta property=\"og:image:width\" content=\"777\" \/>\n\t<meta property=\"og:image:height\" content=\"506\" \/>\n\t<meta property=\"og:image:type\" content=\"image\/png\" \/>\n<meta name=\"author\" content=\"Comunicaci\u00f3n\" \/>\n<meta name=\"twitter:card\" content=\"summary_large_image\" \/>\n<meta name=\"twitter:label1\" content=\"Written by\" \/>\n\t<meta name=\"twitter:data1\" content=\"Comunicaci\u00f3n\" \/>\n\t<meta name=\"twitter:label2\" content=\"Est. reading time\" \/>\n\t<meta name=\"twitter:data2\" content=\"2 minutes\" \/>\n<script type=\"application\/ld+json\" class=\"yoast-schema-graph\">{\"@context\":\"https:\\\/\\\/schema.org\",\"@graph\":[{\"@type\":\"Article\",\"@id\":\"https:\\\/\\\/fundacioncajaruraldelsur.com\\\/fundacion-caja-rural-del-sur-asaja-sevilla-renuevan-colaboracion-impulsar-defender-sector-agrario\\\/#article\",\"isPartOf\":{\"@id\":\"https:\\\/\\\/fundacioncajaruraldelsur.com\\\/fundacion-caja-rural-del-sur-asaja-sevilla-renuevan-colaboracion-impulsar-defender-sector-agrario\\\/\"},\"author\":{\"name\":\"Comunicaci\u00f3n\",\"@id\":\"https:\\\/\\\/fundacioncajaruraldelsur.com\\\/#\\\/schema\\\/person\\\/f430da9fb783d505ff061ad8b3d44577\"},\"headline\":\"Fundaci\u00f3n Caja Rural del Sur y Asaja-Sevilla renuevan su colaboraci\u00f3n para impulsar y defender el sector agrario\",\"datePublished\":\"2017-07-12T15:13:44+00:00\",\"mainEntityOfPage\":{\"@id\":\"https:\\\/\\\/fundacioncajaruraldelsur.com\\\/fundacion-caja-rural-del-sur-asaja-sevilla-renuevan-colaboracion-impulsar-defender-sector-agrario\\\/\"},\"wordCount\":357,\"image\":{\"@id\":\"https:\\\/\\\/fundacioncajaruraldelsur.com\\\/fundacion-caja-rural-del-sur-asaja-sevilla-renuevan-colaboracion-impulsar-defender-sector-agrario\\\/#primaryimage\"},\"thumbnailUrl\":\"https:\\\/\\\/fundacioncajaruraldelsur.com\\\/wp-content\\\/uploads\\\/2017\\\/07\\\/asaja.png\",\"articleSection\":[\"Convenios\"],\"inLanguage\":\"pt-PT\"},{\"@type\":\"WebPage\",\"@id\":\"https:\\\/\\\/fundacioncajaruraldelsur.com\\\/fundacion-caja-rural-del-sur-asaja-sevilla-renuevan-colaboracion-impulsar-defender-sector-agrario\\\/\",\"url\":\"https:\\\/\\\/fundacioncajaruraldelsur.com\\\/fundacion-caja-rural-del-sur-asaja-sevilla-renuevan-colaboracion-impulsar-defender-sector-agrario\\\/\",\"name\":\"Fundaci\u00f3n Caja Rural del Sur y Asaja-Sevilla renuevan su colaboraci\u00f3n para impulsar y defender el sector agrario - Fundaci\u00f3n Caja Rural del Sur\",\"isPartOf\":{\"@id\":\"https:\\\/\\\/fundacioncajaruraldelsur.com\\\/#website\"},\"primaryImageOfPage\":{\"@id\":\"https:\\\/\\\/fundacioncajaruraldelsur.com\\\/fundacion-caja-rural-del-sur-asaja-sevilla-renuevan-colaboracion-impulsar-defender-sector-agrario\\\/#primaryimage\"},\"image\":{\"@id\":\"https:\\\/\\\/fundacioncajaruraldelsur.com\\\/fundacion-caja-rural-del-sur-asaja-sevilla-renuevan-colaboracion-impulsar-defender-sector-agrario\\\/#primaryimage\"},\"thumbnailUrl\":\"https:\\\/\\\/fundacioncajaruraldelsur.com\\\/wp-content\\\/uploads\\\/2017\\\/07\\\/asaja.png\",\"datePublished\":\"2017-07-12T15:13:44+00:00\",\"author\":{\"@id\":\"https:\\\/\\\/fundacioncajaruraldelsur.com\\\/#\\\/schema\\\/person\\\/f430da9fb783d505ff061ad8b3d44577\"},\"breadcrumb\":{\"@id\":\"https:\\\/\\\/fundacioncajaruraldelsur.com\\\/fundacion-caja-rural-del-sur-asaja-sevilla-renuevan-colaboracion-impulsar-defender-sector-agrario\\\/#breadcrumb\"},\"inLanguage\":\"pt-PT\",\"potentialAction\":[{\"@type\":\"ReadAction\",\"target\":[\"https:\\\/\\\/fundacioncajaruraldelsur.com\\\/fundacion-caja-rural-del-sur-asaja-sevilla-renuevan-colaboracion-impulsar-defender-sector-agrario\\\/\"]}]},{\"@type\":\"ImageObject\",\"inLanguage\":\"pt-PT\",\"@id\":\"https:\\\/\\\/fundacioncajaruraldelsur.com\\\/fundacion-caja-rural-del-sur-asaja-sevilla-renuevan-colaboracion-impulsar-defender-sector-agrario\\\/#primaryimage\",\"url\":\"https:\\\/\\\/fundacioncajaruraldelsur.com\\\/wp-content\\\/uploads\\\/2017\\\/07\\\/asaja.png\",\"contentUrl\":\"https:\\\/\\\/fundacioncajaruraldelsur.com\\\/wp-content\\\/uploads\\\/2017\\\/07\\\/asaja.png\",\"width\":777,\"height\":506},{\"@type\":\"BreadcrumbList\",\"@id\":\"https:\\\/\\\/fundacioncajaruraldelsur.com\\\/fundacion-caja-rural-del-sur-asaja-sevilla-renuevan-colaboracion-impulsar-defender-sector-agrario\\\/#breadcrumb\",\"itemListElement\":[{\"@type\":\"ListItem\",\"position\":1,\"name\":\"Portada\",\"item\":\"https:\\\/\\\/fundacioncajaruraldelsur.com\\\/\"},{\"@type\":\"ListItem\",\"position\":2,\"name\":\"Fundaci\u00f3n Caja Rural del Sur y Asaja-Sevilla renuevan su colaboraci\u00f3n para impulsar y defender el sector agrario\"}]},{\"@type\":\"WebSite\",\"@id\":\"https:\\\/\\\/fundacioncajaruraldelsur.com\\\/#website\",\"url\":\"https:\\\/\\\/fundacioncajaruraldelsur.com\\\/\",\"name\":\"Fundaci\u00f3n Caja Rural del Sur\",\"description\":\"\",\"potentialAction\":[{\"@type\":\"SearchAction\",\"target\":{\"@type\":\"EntryPoint\",\"urlTemplate\":\"https:\\\/\\\/fundacioncajaruraldelsur.com\\\/?s={search_term_string}\"},\"query-input\":{\"@type\":\"PropertyValueSpecification\",\"valueRequired\":true,\"valueName\":\"search_term_string\"}}],\"inLanguage\":\"pt-PT\"},{\"@type\":\"Person\",\"@id\":\"https:\\\/\\\/fundacioncajaruraldelsur.com\\\/#\\\/schema\\\/person\\\/f430da9fb783d505ff061ad8b3d44577\",\"name\":\"Comunicaci\u00f3n\",\"image\":{\"@type\":\"ImageObject\",\"inLanguage\":\"pt-PT\",\"@id\":\"https:\\\/\\\/secure.gravatar.com\\\/avatar\\\/0dca239875993680bac4603ad2de7942da018f52cc3a244578e0b3b09314a8d8?s=96&d=blank&r=g\",\"url\":\"https:\\\/\\\/secure.gravatar.com\\\/avatar\\\/0dca239875993680bac4603ad2de7942da018f52cc3a244578e0b3b09314a8d8?s=96&d=blank&r=g\",\"contentUrl\":\"https:\\\/\\\/secure.gravatar.com\\\/avatar\\\/0dca239875993680bac4603ad2de7942da018f52cc3a244578e0b3b09314a8d8?s=96&d=blank&r=g\",\"caption\":\"Comunicaci\u00f3n\"}}]}<\/script>\n<!-- \/ Yoast SEO plugin. -->","yoast_head_json":{"title":"Fundaci\u00f3n Caja Rural del Sur y Asaja-Sevilla renuevan su colaboraci\u00f3n para impulsar y defender el sector agrario - Fundaci\u00f3n Caja Rural del Sur","robots":{"index":"index","follow":"follow","max-snippet":"max-snippet:-1","max-image-preview":"max-image-preview:large","max-video-preview":"max-video-preview:-1"},"canonical":"https:\/\/fundacioncajaruraldelsur.com\/pt\/fundacion-caja-rural-del-sur-asaja-sevilla-renuevan-colaboracion-impulsar-defender-sector-agrario\/","og_locale":"pt_PT","og_type":"article","og_title":"Fundaci\u00f3n Caja Rural del Sur y Asaja-Sevilla renuevan su colaboraci\u00f3n para impulsar y defender el sector agrario - Fundaci\u00f3n Caja Rural del Sur","og_description":"El presidente de Asaja-Sevilla, Ricardo Serra Arias, y el presidente de la Fundaci\u00f3n Caja Rural del Sur, Jos\u00e9 Luis Garc\u00eda-Palacios, acompa\u00f1ados del secretario general de Asaja-Sevilla, Eduardo Mart\u00edn, y el [&hellip;]","og_url":"https:\/\/fundacioncajaruraldelsur.com\/pt\/fundacion-caja-rural-del-sur-asaja-sevilla-renuevan-colaboracion-impulsar-defender-sector-agrario\/","og_site_name":"Fundaci\u00f3n Caja Rural del Sur","article_published_time":"2017-07-12T15:13:44+00:00","og_image":[{"width":777,"height":506,"url":"https:\/\/fundacioncajaruraldelsur.com\/wp-content\/uploads\/2017\/07\/asaja.png","type":"image\/png"}],"author":"Comunicaci\u00f3n","twitter_card":"summary_large_image","twitter_misc":{"Written by":"Comunicaci\u00f3n","Est. reading time":"2 minutes"},"schema":{"@context":"https:\/\/schema.org","@graph":[{"@type":"Article","@id":"https:\/\/fundacioncajaruraldelsur.com\/fundacion-caja-rural-del-sur-asaja-sevilla-renuevan-colaboracion-impulsar-defender-sector-agrario\/#article","isPartOf":{"@id":"https:\/\/fundacioncajaruraldelsur.com\/fundacion-caja-rural-del-sur-asaja-sevilla-renuevan-colaboracion-impulsar-defender-sector-agrario\/"},"author":{"name":"Comunicaci\u00f3n","@id":"https:\/\/fundacioncajaruraldelsur.com\/#\/schema\/person\/f430da9fb783d505ff061ad8b3d44577"},"headline":"Fundaci\u00f3n Caja Rural del Sur y Asaja-Sevilla renuevan su colaboraci\u00f3n para impulsar y defender el sector agrario","datePublished":"2017-07-12T15:13:44+00:00","mainEntityOfPage":{"@id":"https:\/\/fundacioncajaruraldelsur.com\/fundacion-caja-rural-del-sur-asaja-sevilla-renuevan-colaboracion-impulsar-defender-sector-agrario\/"},"wordCount":357,"image":{"@id":"https:\/\/fundacioncajaruraldelsur.com\/fundacion-caja-rural-del-sur-asaja-sevilla-renuevan-colaboracion-impulsar-defender-sector-agrario\/#primaryimage"},"thumbnailUrl":"https:\/\/fundacioncajaruraldelsur.com\/wp-content\/uploads\/2017\/07\/asaja.png","articleSection":["Convenios"],"inLanguage":"pt-PT"},{"@type":"WebPage","@id":"https:\/\/fundacioncajaruraldelsur.com\/fundacion-caja-rural-del-sur-asaja-sevilla-renuevan-colaboracion-impulsar-defender-sector-agrario\/","url":"https:\/\/fundacioncajaruraldelsur.com\/fundacion-caja-rural-del-sur-asaja-sevilla-renuevan-colaboracion-impulsar-defender-sector-agrario\/","name":"Fundaci\u00f3n Caja Rural del Sur y Asaja-Sevilla renuevan su colaboraci\u00f3n para impulsar y defender el sector agrario - Fundaci\u00f3n Caja Rural del Sur","isPartOf":{"@id":"https:\/\/fundacioncajaruraldelsur.com\/#website"},"primaryImageOfPage":{"@id":"https:\/\/fundacioncajaruraldelsur.com\/fundacion-caja-rural-del-sur-asaja-sevilla-renuevan-colaboracion-impulsar-defender-sector-agrario\/#primaryimage"},"image":{"@id":"https:\/\/fundacioncajaruraldelsur.com\/fundacion-caja-rural-del-sur-asaja-sevilla-renuevan-colaboracion-impulsar-defender-sector-agrario\/#primaryimage"},"thumbnailUrl":"https:\/\/fundacioncajaruraldelsur.com\/wp-content\/uploads\/2017\/07\/asaja.png","datePublished":"2017-07-12T15:13:44+00:00","author":{"@id":"https:\/\/fundacioncajaruraldelsur.com\/#\/schema\/person\/f430da9fb783d505ff061ad8b3d44577"},"breadcrumb":{"@id":"https:\/\/fundacioncajaruraldelsur.com\/fundacion-caja-rural-del-sur-asaja-sevilla-renuevan-colaboracion-impulsar-defender-sector-agrario\/#breadcrumb"},"inLanguage":"pt-PT","potentialAction":[{"@type":"ReadAction","target":["https:\/\/fundacioncajaruraldelsur.com\/fundacion-caja-rural-del-sur-asaja-sevilla-renuevan-colaboracion-impulsar-defender-sector-agrario\/"]}]},{"@type":"ImageObject","inLanguage":"pt-PT","@id":"https:\/\/fundacioncajaruraldelsur.com\/fundacion-caja-rural-del-sur-asaja-sevilla-renuevan-colaboracion-impulsar-defender-sector-agrario\/#primaryimage","url":"https:\/\/fundacioncajaruraldelsur.com\/wp-content\/uploads\/2017\/07\/asaja.png","contentUrl":"https:\/\/fundacioncajaruraldelsur.com\/wp-content\/uploads\/2017\/07\/asaja.png","width":777,"height":506},{"@type":"BreadcrumbList","@id":"https:\/\/fundacioncajaruraldelsur.com\/fundacion-caja-rural-del-sur-asaja-sevilla-renuevan-colaboracion-impulsar-defender-sector-agrario\/#breadcrumb","itemListElement":[{"@type":"ListItem","position":1,"name":"Portada","item":"https:\/\/fundacioncajaruraldelsur.com\/"},{"@type":"ListItem","position":2,"name":"Fundaci\u00f3n Caja Rural del Sur y Asaja-Sevilla renuevan su colaboraci\u00f3n para impulsar y defender el sector agrario"}]},{"@type":"WebSite","@id":"https:\/\/fundacioncajaruraldelsur.com\/#website","url":"https:\/\/fundacioncajaruraldelsur.com\/","name":"Funda\u00e7\u00e3o Caja Rural del Sur","description":"","potentialAction":[{"@type":"SearchAction","target":{"@type":"EntryPoint","urlTemplate":"https:\/\/fundacioncajaruraldelsur.com\/?s={search_term_string}"},"query-input":{"@type":"PropertyValueSpecification","valueRequired":true,"valueName":"search_term_string"}}],"inLanguage":"pt-PT"},{"@type":"Person","@id":"https:\/\/fundacioncajaruraldelsur.com\/#\/schema\/person\/f430da9fb783d505ff061ad8b3d44577","name":"Comunicaci\u00f3n","image":{"@type":"ImageObject","inLanguage":"pt-PT","@id":"https:\/\/secure.gravatar.com\/avatar\/0dca239875993680bac4603ad2de7942da018f52cc3a244578e0b3b09314a8d8?s=96&d=blank&r=g","url":"https:\/\/secure.gravatar.com\/avatar\/0dca239875993680bac4603ad2de7942da018f52cc3a244578e0b3b09314a8d8?s=96&d=blank&r=g","contentUrl":"https:\/\/secure.gravatar.com\/avatar\/0dca239875993680bac4603ad2de7942da018f52cc3a244578e0b3b09314a8d8?s=96&d=blank&r=g","caption":"Comunicaci\u00f3n"}}]}},"rttpg_featured_image_url":{"full":["https:\/\/fundacioncajaruraldelsur.com\/wp-content\/uploads\/2017\/07\/asaja.png",777,506,false],"landscape":["https:\/\/fundacioncajaruraldelsur.com\/wp-content\/uploads\/2017\/07\/asaja.png",777,506,false],"portraits":["https:\/\/fundacioncajaruraldelsur.com\/wp-content\/uploads\/2017\/07\/asaja.png",777,506,false],"thumbnail":["https:\/\/fundacioncajaruraldelsur.com\/wp-content\/uploads\/2017\/07\/asaja-150x150.png",150,150,true],"medium":["https:\/\/fundacioncajaruraldelsur.com\/wp-content\/uploads\/2017\/07\/asaja-300x195.png",300,195,true],"large":["https:\/\/fundacioncajaruraldelsur.com\/wp-content\/uploads\/2017\/07\/asaja.png",777,506,false],"1536x1536":["https:\/\/fundacioncajaruraldelsur.com\/wp-content\/uploads\/2017\/07\/asaja.png",777,506,false],"2048x2048":["https:\/\/fundacioncajaruraldelsur.com\/wp-content\/uploads\/2017\/07\/asaja.png",777,506,false],"trp-custom-language-flag":["https:\/\/fundacioncajaruraldelsur.com\/wp-content\/uploads\/2017\/07\/asaja.png",18,12,false],"blog-thumbnail":["https:\/\/fundacioncajaruraldelsur.com\/wp-content\/uploads\/2017\/07\/asaja-400x200.png",400,200,true]},"rttpg_author":{"display_name":"Comunicaci\u00f3n","author_link":"https:\/\/fundacioncajaruraldelsur.com\/pt\/author\/sevillaadmin\/"},"rttpg_comment":0,"rttpg_category":"<a href=\"https:\/\/fundacioncajaruraldelsur.com\/pt\/category\/convenios\/\" rel=\"category tag\">Convenios<\/a>","rttpg_excerpt":"El presidente de Asaja-Sevilla, Ricardo Serra Arias, y el presidente de la Fundaci\u00f3n Caja Rural del Sur, Jos\u00e9 Luis Garc\u00eda-Palacios, acompa\u00f1ados del secretario general de Asaja-Sevilla, Eduardo Mart\u00edn, y el [&hellip;]","_links":{"self":[{"href":"https:\/\/fundacioncajaruraldelsur.com\/pt\/wp-json\/wp\/v2\/posts\/3185","targetHints":{"allow":["GET"]}}],"collection":[{"href":"https:\/\/fundacioncajaruraldelsur.com\/pt\/wp-json\/wp\/v2\/posts"}],"about":[{"href":"https:\/\/fundacioncajaruraldelsur.com\/pt\/wp-json\/wp\/v2\/types\/post"}],"author":[{"embeddable":true,"href":"https:\/\/fundacioncajaruraldelsur.com\/pt\/wp-json\/wp\/v2\/users\/6"}],"replies":[{"embeddable":true,"href":"https:\/\/fundacioncajaruraldelsur.com\/pt\/wp-json\/wp\/v2\/comments?post=3185"}],"version-history":[{"count":1,"href":"https:\/\/fundacioncajaruraldelsur.com\/pt\/wp-json\/wp\/v2\/posts\/3185\/revisions"}],"predecessor-version":[{"id":3187,"href":"https:\/\/fundacioncajaruraldelsur.com\/pt\/wp-json\/wp\/v2\/posts\/3185\/revisions\/3187"}],"wp:featuredmedia":[{"embeddable":true,"href":"https:\/\/fundacioncajaruraldelsur.com\/pt\/wp-json\/wp\/v2\/media\/3186"}],"wp:attachment":[{"href":"https:\/\/fundacioncajaruraldelsur.com\/pt\/wp-json\/wp\/v2\/media?parent=3185"}],"wp:term":[{"taxonomy":"category","embeddable":true,"href":"https:\/\/fundacioncajaruraldelsur.com\/pt\/wp-json\/wp\/v2\/categories?post=3185"},{"taxonomy":"post_tag","embeddable":true,"href":"https:\/\/fundacioncajaruraldelsur.com\/pt\/wp-json\/wp\/v2\/tags?post=3185"}],"curies":[{"name":"wp","href":"https:\/\/api.w.org\/{rel}","templated":true}]}}