{"id":3143,"date":"2017-06-06T15:01:25","date_gmt":"2017-06-06T15:01:25","guid":{"rendered":"\/?p=3143"},"modified":"2017-06-06T15:01:26","modified_gmt":"2017-06-06T15:01:26","slug":"fundacion-caja-rural-del-sur-respalda-la-labor-banco-alimentos-huelva","status":"publish","type":"post","link":"https:\/\/fundacioncajaruraldelsur.com\/pt\/fundacion-caja-rural-del-sur-respalda-la-labor-banco-alimentos-huelva\/","title":{"rendered":"Fundaci\u00f3n Caja Rural del Sur respalda la labor Banco de Alimentos de Huelva"},"content":{"rendered":"<p>Los presidentes de Fundaci\u00f3n Caja Rural del Sur, Jos\u00e9 Luis Garc\u00eda Palacios, y de la Asociaci\u00f3n Banco de Alimentos de Huelva, Juan Manuel D\u00edaz Cabrera, han renovado el convenio de colaboraci\u00f3n que vienen manteniendo desde hace 17 a\u00f1os con el objetivo de apoyar la actividad solidaria de esta organizaci\u00f3n onubense destinada a las personas m\u00e1s necesitadas y con menos recursos.<\/p>\n<p>Para \u00a0Fundaci\u00f3n Caja Rural del Sur el apoyo a esta actividad se enmarca dentro de sus fines principales entre los que se encuentra la promoci\u00f3n y mejora de la calidad de vida y del desarrollo comunitario, especialmente en el \u00e1mbito provincial.<\/p>\n<p>El Banco de Alimentos de Huelva realiza una destacada labor social gracias a su voluntariado proporcionando alimentos a los m\u00e1s necesitados de Huelva a trav\u00e9s de comedores sociales, residencias de la tercera edad, conventos e instituciones religiosas de car\u00e1cter asistencial, entre otras organizaciones.<\/p>\n<p>El convenio firmado con Fundaci\u00f3n Caja Rural del Sur contribuir\u00e1 a la financiaci\u00f3n de muchas de las actividades que la Asociaci\u00f3n Banco de Alimentos de Huelva desarrolla a lo largo de todo el a\u00f1o intentando concienciar a la sociedad onubense.<\/p>\n<p>Actualmente la Asociaci\u00f3n Banco de Alimentos de Huelva, est\u00e1 integrada en la Federaci\u00f3n de Bancos de Alimentos de Espa\u00f1a (FESBAL) y en la Fundaci\u00f3n de Bancos de Alimentos Andaluces.<\/p>","protected":false},"excerpt":{"rendered":"<p>Los presidentes de Fundaci\u00f3n Caja Rural del Sur, Jos\u00e9 Luis Garc\u00eda Palacios, y de la Asociaci\u00f3n Banco de Alimentos de Huelva, Juan Manuel D\u00edaz Cabrera, han renovado el convenio de [&hellip;]<\/p>\n","protected":false},"author":6,"featured_media":3144,"comment_status":"closed","ping_status":"open","sticky":false,"template":"","format":"standard","meta":{"footnotes":""},"categories":[67],"tags":[],"class_list":["post-3143","post","type-post","status-publish","format-standard","has-post-thumbnail","hentry","category-convenios"],"yoast_head":"<!-- This site is optimized with the Yoast SEO plugin v27.3 - https:\/\/yoast.com\/product\/yoast-seo-wordpress\/ -->\n<title>Fundaci\u00f3n Caja Rural del Sur respalda la labor Banco de Alimentos de Huelva - Fundaci\u00f3n Caja Rural del Sur<\/title>\n<meta name=\"robots\" content=\"index, follow, max-snippet:-1, max-image-preview:large, max-video-preview:-1\" \/>\n<link rel=\"canonical\" href=\"https:\/\/fundacioncajaruraldelsur.com\/pt\/fundacion-caja-rural-del-sur-respalda-la-labor-banco-alimentos-huelva\/\" \/>\n<meta property=\"og:locale\" content=\"pt_PT\" \/>\n<meta property=\"og:type\" content=\"article\" \/>\n<meta property=\"og:title\" content=\"Fundaci\u00f3n Caja Rural del Sur respalda la labor Banco de Alimentos de Huelva - Fundaci\u00f3n Caja Rural del Sur\" \/>\n<meta property=\"og:description\" content=\"Los presidentes de Fundaci\u00f3n Caja Rural del Sur, Jos\u00e9 Luis Garc\u00eda Palacios, y de la Asociaci\u00f3n Banco de Alimentos de Huelva, Juan Manuel D\u00edaz Cabrera, han renovado el convenio de [&hellip;]\" \/>\n<meta property=\"og:url\" content=\"https:\/\/fundacioncajaruraldelsur.com\/pt\/fundacion-caja-rural-del-sur-respalda-la-labor-banco-alimentos-huelva\/\" \/>\n<meta property=\"og:site_name\" content=\"Fundaci\u00f3n Caja Rural del Sur\" \/>\n<meta property=\"article:published_time\" content=\"2017-06-06T15:01:25+00:00\" \/>\n<meta property=\"article:modified_time\" content=\"2017-06-06T15:01:26+00:00\" \/>\n<meta property=\"og:image\" content=\"https:\/\/fundacioncajaruraldelsur.com\/wp-content\/uploads\/2017\/06\/170606.-Juan-Manuel-D\u00edaz-Cabrera2c-por-Banco-de-Alimentos2c-y-Jos\u00e9-Luis-Garc\u00eda-Palacios2c-como-presidente-de-Fundaci\u00f3n-Caja-Rural-del-Sur2c-firmaron-el-convenio.jpg\" \/>\n\t<meta property=\"og:image:width\" content=\"769\" \/>\n\t<meta property=\"og:image:height\" content=\"433\" \/>\n\t<meta property=\"og:image:type\" content=\"image\/jpeg\" \/>\n<meta name=\"author\" content=\"Comunicaci\u00f3n\" \/>\n<meta name=\"twitter:card\" content=\"summary_large_image\" \/>\n<meta name=\"twitter:label1\" content=\"Written by\" \/>\n\t<meta name=\"twitter:data1\" content=\"Comunicaci\u00f3n\" \/>\n\t<meta name=\"twitter:label2\" content=\"Est. reading time\" \/>\n\t<meta name=\"twitter:data2\" content=\"1 minute\" \/>\n<script type=\"application\/ld+json\" class=\"yoast-schema-graph\">{\"@context\":\"https:\\\/\\\/schema.org\",\"@graph\":[{\"@type\":\"Article\",\"@id\":\"https:\\\/\\\/fundacioncajaruraldelsur.com\\\/fundacion-caja-rural-del-sur-respalda-la-labor-banco-alimentos-huelva\\\/#article\",\"isPartOf\":{\"@id\":\"https:\\\/\\\/fundacioncajaruraldelsur.com\\\/fundacion-caja-rural-del-sur-respalda-la-labor-banco-alimentos-huelva\\\/\"},\"author\":{\"name\":\"Comunicaci\u00f3n\",\"@id\":\"https:\\\/\\\/fundacioncajaruraldelsur.com\\\/#\\\/schema\\\/person\\\/f430da9fb783d505ff061ad8b3d44577\"},\"headline\":\"Fundaci\u00f3n Caja Rural del Sur respalda la labor Banco de Alimentos de Huelva\",\"datePublished\":\"2017-06-06T15:01:25+00:00\",\"dateModified\":\"2017-06-06T15:01:26+00:00\",\"mainEntityOfPage\":{\"@id\":\"https:\\\/\\\/fundacioncajaruraldelsur.com\\\/fundacion-caja-rural-del-sur-respalda-la-labor-banco-alimentos-huelva\\\/\"},\"wordCount\":247,\"image\":{\"@id\":\"https:\\\/\\\/fundacioncajaruraldelsur.com\\\/fundacion-caja-rural-del-sur-respalda-la-labor-banco-alimentos-huelva\\\/#primaryimage\"},\"thumbnailUrl\":\"https:\\\/\\\/fundacioncajaruraldelsur.com\\\/wp-content\\\/uploads\\\/2017\\\/06\\\/170606.-Juan-Manuel-D\u00edaz-Cabrera2c-por-Banco-de-Alimentos2c-y-Jos\u00e9-Luis-Garc\u00eda-Palacios2c-como-presidente-de-Fundaci\u00f3n-Caja-Rural-del-Sur2c-firmaron-el-convenio.jpg\",\"articleSection\":[\"Convenios\"],\"inLanguage\":\"pt-PT\"},{\"@type\":\"WebPage\",\"@id\":\"https:\\\/\\\/fundacioncajaruraldelsur.com\\\/fundacion-caja-rural-del-sur-respalda-la-labor-banco-alimentos-huelva\\\/\",\"url\":\"https:\\\/\\\/fundacioncajaruraldelsur.com\\\/fundacion-caja-rural-del-sur-respalda-la-labor-banco-alimentos-huelva\\\/\",\"name\":\"Fundaci\u00f3n Caja Rural del Sur respalda la labor Banco de Alimentos de Huelva - Fundaci\u00f3n Caja Rural del Sur\",\"isPartOf\":{\"@id\":\"https:\\\/\\\/fundacioncajaruraldelsur.com\\\/#website\"},\"primaryImageOfPage\":{\"@id\":\"https:\\\/\\\/fundacioncajaruraldelsur.com\\\/fundacion-caja-rural-del-sur-respalda-la-labor-banco-alimentos-huelva\\\/#primaryimage\"},\"image\":{\"@id\":\"https:\\\/\\\/fundacioncajaruraldelsur.com\\\/fundacion-caja-rural-del-sur-respalda-la-labor-banco-alimentos-huelva\\\/#primaryimage\"},\"thumbnailUrl\":\"https:\\\/\\\/fundacioncajaruraldelsur.com\\\/wp-content\\\/uploads\\\/2017\\\/06\\\/170606.-Juan-Manuel-D\u00edaz-Cabrera2c-por-Banco-de-Alimentos2c-y-Jos\u00e9-Luis-Garc\u00eda-Palacios2c-como-presidente-de-Fundaci\u00f3n-Caja-Rural-del-Sur2c-firmaron-el-convenio.jpg\",\"datePublished\":\"2017-06-06T15:01:25+00:00\",\"dateModified\":\"2017-06-06T15:01:26+00:00\",\"author\":{\"@id\":\"https:\\\/\\\/fundacioncajaruraldelsur.com\\\/#\\\/schema\\\/person\\\/f430da9fb783d505ff061ad8b3d44577\"},\"breadcrumb\":{\"@id\":\"https:\\\/\\\/fundacioncajaruraldelsur.com\\\/fundacion-caja-rural-del-sur-respalda-la-labor-banco-alimentos-huelva\\\/#breadcrumb\"},\"inLanguage\":\"pt-PT\",\"potentialAction\":[{\"@type\":\"ReadAction\",\"target\":[\"https:\\\/\\\/fundacioncajaruraldelsur.com\\\/fundacion-caja-rural-del-sur-respalda-la-labor-banco-alimentos-huelva\\\/\"]}]},{\"@type\":\"ImageObject\",\"inLanguage\":\"pt-PT\",\"@id\":\"https:\\\/\\\/fundacioncajaruraldelsur.com\\\/fundacion-caja-rural-del-sur-respalda-la-labor-banco-alimentos-huelva\\\/#primaryimage\",\"url\":\"https:\\\/\\\/fundacioncajaruraldelsur.com\\\/wp-content\\\/uploads\\\/2017\\\/06\\\/170606.-Juan-Manuel-D\u00edaz-Cabrera2c-por-Banco-de-Alimentos2c-y-Jos\u00e9-Luis-Garc\u00eda-Palacios2c-como-presidente-de-Fundaci\u00f3n-Caja-Rural-del-Sur2c-firmaron-el-convenio.jpg\",\"contentUrl\":\"https:\\\/\\\/fundacioncajaruraldelsur.com\\\/wp-content\\\/uploads\\\/2017\\\/06\\\/170606.-Juan-Manuel-D\u00edaz-Cabrera2c-por-Banco-de-Alimentos2c-y-Jos\u00e9-Luis-Garc\u00eda-Palacios2c-como-presidente-de-Fundaci\u00f3n-Caja-Rural-del-Sur2c-firmaron-el-convenio.jpg\",\"width\":769,\"height\":433},{\"@type\":\"BreadcrumbList\",\"@id\":\"https:\\\/\\\/fundacioncajaruraldelsur.com\\\/fundacion-caja-rural-del-sur-respalda-la-labor-banco-alimentos-huelva\\\/#breadcrumb\",\"itemListElement\":[{\"@type\":\"ListItem\",\"position\":1,\"name\":\"Portada\",\"item\":\"https:\\\/\\\/fundacioncajaruraldelsur.com\\\/\"},{\"@type\":\"ListItem\",\"position\":2,\"name\":\"Fundaci\u00f3n Caja Rural del Sur respalda la labor Banco de Alimentos de Huelva\"}]},{\"@type\":\"WebSite\",\"@id\":\"https:\\\/\\\/fundacioncajaruraldelsur.com\\\/#website\",\"url\":\"https:\\\/\\\/fundacioncajaruraldelsur.com\\\/\",\"name\":\"Fundaci\u00f3n Caja Rural del Sur\",\"description\":\"\",\"potentialAction\":[{\"@type\":\"SearchAction\",\"target\":{\"@type\":\"EntryPoint\",\"urlTemplate\":\"https:\\\/\\\/fundacioncajaruraldelsur.com\\\/?s={search_term_string}\"},\"query-input\":{\"@type\":\"PropertyValueSpecification\",\"valueRequired\":true,\"valueName\":\"search_term_string\"}}],\"inLanguage\":\"pt-PT\"},{\"@type\":\"Person\",\"@id\":\"https:\\\/\\\/fundacioncajaruraldelsur.com\\\/#\\\/schema\\\/person\\\/f430da9fb783d505ff061ad8b3d44577\",\"name\":\"Comunicaci\u00f3n\",\"image\":{\"@type\":\"ImageObject\",\"inLanguage\":\"pt-PT\",\"@id\":\"https:\\\/\\\/secure.gravatar.com\\\/avatar\\\/0dca239875993680bac4603ad2de7942da018f52cc3a244578e0b3b09314a8d8?s=96&d=blank&r=g\",\"url\":\"https:\\\/\\\/secure.gravatar.com\\\/avatar\\\/0dca239875993680bac4603ad2de7942da018f52cc3a244578e0b3b09314a8d8?s=96&d=blank&r=g\",\"contentUrl\":\"https:\\\/\\\/secure.gravatar.com\\\/avatar\\\/0dca239875993680bac4603ad2de7942da018f52cc3a244578e0b3b09314a8d8?s=96&d=blank&r=g\",\"caption\":\"Comunicaci\u00f3n\"}}]}<\/script>\n<!-- \/ Yoast SEO plugin. -->","yoast_head_json":{"title":"Fundaci\u00f3n Caja Rural del Sur respalda la labor Banco de Alimentos de Huelva - Fundaci\u00f3n Caja Rural del Sur","robots":{"index":"index","follow":"follow","max-snippet":"max-snippet:-1","max-image-preview":"max-image-preview:large","max-video-preview":"max-video-preview:-1"},"canonical":"https:\/\/fundacioncajaruraldelsur.com\/pt\/fundacion-caja-rural-del-sur-respalda-la-labor-banco-alimentos-huelva\/","og_locale":"pt_PT","og_type":"article","og_title":"Fundaci\u00f3n Caja Rural del Sur respalda la labor Banco de Alimentos de Huelva - Fundaci\u00f3n Caja Rural del Sur","og_description":"Los presidentes de Fundaci\u00f3n Caja Rural del Sur, Jos\u00e9 Luis Garc\u00eda Palacios, y de la Asociaci\u00f3n Banco de Alimentos de Huelva, Juan Manuel D\u00edaz Cabrera, han renovado el convenio de [&hellip;]","og_url":"https:\/\/fundacioncajaruraldelsur.com\/pt\/fundacion-caja-rural-del-sur-respalda-la-labor-banco-alimentos-huelva\/","og_site_name":"Fundaci\u00f3n Caja Rural del Sur","article_published_time":"2017-06-06T15:01:25+00:00","article_modified_time":"2017-06-06T15:01:26+00:00","og_image":[{"width":769,"height":433,"url":"https:\/\/fundacioncajaruraldelsur.com\/wp-content\/uploads\/2017\/06\/170606.-Juan-Manuel-D\u00edaz-Cabrera2c-por-Banco-de-Alimentos2c-y-Jos\u00e9-Luis-Garc\u00eda-Palacios2c-como-presidente-de-Fundaci\u00f3n-Caja-Rural-del-Sur2c-firmaron-el-convenio.jpg","type":"image\/jpeg"}],"author":"Comunicaci\u00f3n","twitter_card":"summary_large_image","twitter_misc":{"Written by":"Comunicaci\u00f3n","Est. reading time":"1 minute"},"schema":{"@context":"https:\/\/schema.org","@graph":[{"@type":"Article","@id":"https:\/\/fundacioncajaruraldelsur.com\/fundacion-caja-rural-del-sur-respalda-la-labor-banco-alimentos-huelva\/#article","isPartOf":{"@id":"https:\/\/fundacioncajaruraldelsur.com\/fundacion-caja-rural-del-sur-respalda-la-labor-banco-alimentos-huelva\/"},"author":{"name":"Comunicaci\u00f3n","@id":"https:\/\/fundacioncajaruraldelsur.com\/#\/schema\/person\/f430da9fb783d505ff061ad8b3d44577"},"headline":"Fundaci\u00f3n Caja Rural del Sur respalda la labor Banco de Alimentos de Huelva","datePublished":"2017-06-06T15:01:25+00:00","dateModified":"2017-06-06T15:01:26+00:00","mainEntityOfPage":{"@id":"https:\/\/fundacioncajaruraldelsur.com\/fundacion-caja-rural-del-sur-respalda-la-labor-banco-alimentos-huelva\/"},"wordCount":247,"image":{"@id":"https:\/\/fundacioncajaruraldelsur.com\/fundacion-caja-rural-del-sur-respalda-la-labor-banco-alimentos-huelva\/#primaryimage"},"thumbnailUrl":"https:\/\/fundacioncajaruraldelsur.com\/wp-content\/uploads\/2017\/06\/170606.-Juan-Manuel-D\u00edaz-Cabrera2c-por-Banco-de-Alimentos2c-y-Jos\u00e9-Luis-Garc\u00eda-Palacios2c-como-presidente-de-Fundaci\u00f3n-Caja-Rural-del-Sur2c-firmaron-el-convenio.jpg","articleSection":["Convenios"],"inLanguage":"pt-PT"},{"@type":"WebPage","@id":"https:\/\/fundacioncajaruraldelsur.com\/fundacion-caja-rural-del-sur-respalda-la-labor-banco-alimentos-huelva\/","url":"https:\/\/fundacioncajaruraldelsur.com\/fundacion-caja-rural-del-sur-respalda-la-labor-banco-alimentos-huelva\/","name":"Fundaci\u00f3n Caja Rural del Sur respalda la labor Banco de Alimentos de Huelva - Fundaci\u00f3n Caja Rural del Sur","isPartOf":{"@id":"https:\/\/fundacioncajaruraldelsur.com\/#website"},"primaryImageOfPage":{"@id":"https:\/\/fundacioncajaruraldelsur.com\/fundacion-caja-rural-del-sur-respalda-la-labor-banco-alimentos-huelva\/#primaryimage"},"image":{"@id":"https:\/\/fundacioncajaruraldelsur.com\/fundacion-caja-rural-del-sur-respalda-la-labor-banco-alimentos-huelva\/#primaryimage"},"thumbnailUrl":"https:\/\/fundacioncajaruraldelsur.com\/wp-content\/uploads\/2017\/06\/170606.-Juan-Manuel-D\u00edaz-Cabrera2c-por-Banco-de-Alimentos2c-y-Jos\u00e9-Luis-Garc\u00eda-Palacios2c-como-presidente-de-Fundaci\u00f3n-Caja-Rural-del-Sur2c-firmaron-el-convenio.jpg","datePublished":"2017-06-06T15:01:25+00:00","dateModified":"2017-06-06T15:01:26+00:00","author":{"@id":"https:\/\/fundacioncajaruraldelsur.com\/#\/schema\/person\/f430da9fb783d505ff061ad8b3d44577"},"breadcrumb":{"@id":"https:\/\/fundacioncajaruraldelsur.com\/fundacion-caja-rural-del-sur-respalda-la-labor-banco-alimentos-huelva\/#breadcrumb"},"inLanguage":"pt-PT","potentialAction":[{"@type":"ReadAction","target":["https:\/\/fundacioncajaruraldelsur.com\/fundacion-caja-rural-del-sur-respalda-la-labor-banco-alimentos-huelva\/"]}]},{"@type":"ImageObject","inLanguage":"pt-PT","@id":"https:\/\/fundacioncajaruraldelsur.com\/fundacion-caja-rural-del-sur-respalda-la-labor-banco-alimentos-huelva\/#primaryimage","url":"https:\/\/fundacioncajaruraldelsur.com\/wp-content\/uploads\/2017\/06\/170606.-Juan-Manuel-D\u00edaz-Cabrera2c-por-Banco-de-Alimentos2c-y-Jos\u00e9-Luis-Garc\u00eda-Palacios2c-como-presidente-de-Fundaci\u00f3n-Caja-Rural-del-Sur2c-firmaron-el-convenio.jpg","contentUrl":"https:\/\/fundacioncajaruraldelsur.com\/wp-content\/uploads\/2017\/06\/170606.-Juan-Manuel-D\u00edaz-Cabrera2c-por-Banco-de-Alimentos2c-y-Jos\u00e9-Luis-Garc\u00eda-Palacios2c-como-presidente-de-Fundaci\u00f3n-Caja-Rural-del-Sur2c-firmaron-el-convenio.jpg","width":769,"height":433},{"@type":"BreadcrumbList","@id":"https:\/\/fundacioncajaruraldelsur.com\/fundacion-caja-rural-del-sur-respalda-la-labor-banco-alimentos-huelva\/#breadcrumb","itemListElement":[{"@type":"ListItem","position":1,"name":"Portada","item":"https:\/\/fundacioncajaruraldelsur.com\/"},{"@type":"ListItem","position":2,"name":"Fundaci\u00f3n Caja Rural del Sur respalda la labor Banco de Alimentos de Huelva"}]},{"@type":"WebSite","@id":"https:\/\/fundacioncajaruraldelsur.com\/#website","url":"https:\/\/fundacioncajaruraldelsur.com\/","name":"Funda\u00e7\u00e3o Caja Rural del Sur","description":"","potentialAction":[{"@type":"SearchAction","target":{"@type":"EntryPoint","urlTemplate":"https:\/\/fundacioncajaruraldelsur.com\/?s={search_term_string}"},"query-input":{"@type":"PropertyValueSpecification","valueRequired":true,"valueName":"search_term_string"}}],"inLanguage":"pt-PT"},{"@type":"Person","@id":"https:\/\/fundacioncajaruraldelsur.com\/#\/schema\/person\/f430da9fb783d505ff061ad8b3d44577","name":"Comunicaci\u00f3n","image":{"@type":"ImageObject","inLanguage":"pt-PT","@id":"https:\/\/secure.gravatar.com\/avatar\/0dca239875993680bac4603ad2de7942da018f52cc3a244578e0b3b09314a8d8?s=96&d=blank&r=g","url":"https:\/\/secure.gravatar.com\/avatar\/0dca239875993680bac4603ad2de7942da018f52cc3a244578e0b3b09314a8d8?s=96&d=blank&r=g","contentUrl":"https:\/\/secure.gravatar.com\/avatar\/0dca239875993680bac4603ad2de7942da018f52cc3a244578e0b3b09314a8d8?s=96&d=blank&r=g","caption":"Comunicaci\u00f3n"}}]}},"rttpg_featured_image_url":{"full":["https:\/\/fundacioncajaruraldelsur.com\/wp-content\/uploads\/2017\/06\/170606.-Juan-Manuel-D\u00edaz-Cabrera2c-por-Banco-de-Alimentos2c-y-Jos\u00e9-Luis-Garc\u00eda-Palacios2c-como-presidente-de-Fundaci\u00f3n-Caja-Rural-del-Sur2c-firmaron-el-convenio.jpg",769,433,false],"landscape":["https:\/\/fundacioncajaruraldelsur.com\/wp-content\/uploads\/2017\/06\/170606.-Juan-Manuel-D\u00edaz-Cabrera2c-por-Banco-de-Alimentos2c-y-Jos\u00e9-Luis-Garc\u00eda-Palacios2c-como-presidente-de-Fundaci\u00f3n-Caja-Rural-del-Sur2c-firmaron-el-convenio.jpg",769,433,false],"portraits":["https:\/\/fundacioncajaruraldelsur.com\/wp-content\/uploads\/2017\/06\/170606.-Juan-Manuel-D\u00edaz-Cabrera2c-por-Banco-de-Alimentos2c-y-Jos\u00e9-Luis-Garc\u00eda-Palacios2c-como-presidente-de-Fundaci\u00f3n-Caja-Rural-del-Sur2c-firmaron-el-convenio.jpg",769,433,false],"thumbnail":["https:\/\/fundacioncajaruraldelsur.com\/wp-content\/uploads\/2017\/06\/170606.-Juan-Manuel-D\u00edaz-Cabrera2c-por-Banco-de-Alimentos2c-y-Jos\u00e9-Luis-Garc\u00eda-Palacios2c-como-presidente-de-Fundaci\u00f3n-Caja-Rural-del-Sur2c-firmaron-el-convenio-150x150.jpg",150,150,true],"medium":["https:\/\/fundacioncajaruraldelsur.com\/wp-content\/uploads\/2017\/06\/170606.-Juan-Manuel-D\u00edaz-Cabrera2c-por-Banco-de-Alimentos2c-y-Jos\u00e9-Luis-Garc\u00eda-Palacios2c-como-presidente-de-Fundaci\u00f3n-Caja-Rural-del-Sur2c-firmaron-el-convenio-300x169.jpg",300,169,true],"large":["https:\/\/fundacioncajaruraldelsur.com\/wp-content\/uploads\/2017\/06\/170606.-Juan-Manuel-D\u00edaz-Cabrera2c-por-Banco-de-Alimentos2c-y-Jos\u00e9-Luis-Garc\u00eda-Palacios2c-como-presidente-de-Fundaci\u00f3n-Caja-Rural-del-Sur2c-firmaron-el-convenio.jpg",769,433,false],"1536x1536":["https:\/\/fundacioncajaruraldelsur.com\/wp-content\/uploads\/2017\/06\/170606.-Juan-Manuel-D\u00edaz-Cabrera2c-por-Banco-de-Alimentos2c-y-Jos\u00e9-Luis-Garc\u00eda-Palacios2c-como-presidente-de-Fundaci\u00f3n-Caja-Rural-del-Sur2c-firmaron-el-convenio.jpg",769,433,false],"2048x2048":["https:\/\/fundacioncajaruraldelsur.com\/wp-content\/uploads\/2017\/06\/170606.-Juan-Manuel-D\u00edaz-Cabrera2c-por-Banco-de-Alimentos2c-y-Jos\u00e9-Luis-Garc\u00eda-Palacios2c-como-presidente-de-Fundaci\u00f3n-Caja-Rural-del-Sur2c-firmaron-el-convenio.jpg",769,433,false],"trp-custom-language-flag":["https:\/\/fundacioncajaruraldelsur.com\/wp-content\/uploads\/2017\/06\/170606.-Juan-Manuel-D\u00edaz-Cabrera2c-por-Banco-de-Alimentos2c-y-Jos\u00e9-Luis-Garc\u00eda-Palacios2c-como-presidente-de-Fundaci\u00f3n-Caja-Rural-del-Sur2c-firmaron-el-convenio.jpg",18,10,false],"blog-thumbnail":["https:\/\/fundacioncajaruraldelsur.com\/wp-content\/uploads\/2017\/06\/170606.-Juan-Manuel-D\u00edaz-Cabrera2c-por-Banco-de-Alimentos2c-y-Jos\u00e9-Luis-Garc\u00eda-Palacios2c-como-presidente-de-Fundaci\u00f3n-Caja-Rural-del-Sur2c-firmaron-el-convenio-400x200.jpg",400,200,true]},"rttpg_author":{"display_name":"Comunicaci\u00f3n","author_link":"https:\/\/fundacioncajaruraldelsur.com\/pt\/author\/sevillaadmin\/"},"rttpg_comment":0,"rttpg_category":"<a href=\"https:\/\/fundacioncajaruraldelsur.com\/pt\/category\/convenios\/\" rel=\"category tag\">Convenios<\/a>","rttpg_excerpt":"Los presidentes de Fundaci\u00f3n Caja Rural del Sur, Jos\u00e9 Luis Garc\u00eda Palacios, y de la Asociaci\u00f3n Banco de Alimentos de Huelva, Juan Manuel D\u00edaz Cabrera, han renovado el convenio de [&hellip;]","_links":{"self":[{"href":"https:\/\/fundacioncajaruraldelsur.com\/pt\/wp-json\/wp\/v2\/posts\/3143","targetHints":{"allow":["GET"]}}],"collection":[{"href":"https:\/\/fundacioncajaruraldelsur.com\/pt\/wp-json\/wp\/v2\/posts"}],"about":[{"href":"https:\/\/fundacioncajaruraldelsur.com\/pt\/wp-json\/wp\/v2\/types\/post"}],"author":[{"embeddable":true,"href":"https:\/\/fundacioncajaruraldelsur.com\/pt\/wp-json\/wp\/v2\/users\/6"}],"replies":[{"embeddable":true,"href":"https:\/\/fundacioncajaruraldelsur.com\/pt\/wp-json\/wp\/v2\/comments?post=3143"}],"version-history":[{"count":1,"href":"https:\/\/fundacioncajaruraldelsur.com\/pt\/wp-json\/wp\/v2\/posts\/3143\/revisions"}],"predecessor-version":[{"id":3145,"href":"https:\/\/fundacioncajaruraldelsur.com\/pt\/wp-json\/wp\/v2\/posts\/3143\/revisions\/3145"}],"wp:featuredmedia":[{"embeddable":true,"href":"https:\/\/fundacioncajaruraldelsur.com\/pt\/wp-json\/wp\/v2\/media\/3144"}],"wp:attachment":[{"href":"https:\/\/fundacioncajaruraldelsur.com\/pt\/wp-json\/wp\/v2\/media?parent=3143"}],"wp:term":[{"taxonomy":"category","embeddable":true,"href":"https:\/\/fundacioncajaruraldelsur.com\/pt\/wp-json\/wp\/v2\/categories?post=3143"},{"taxonomy":"post_tag","embeddable":true,"href":"https:\/\/fundacioncajaruraldelsur.com\/pt\/wp-json\/wp\/v2\/tags?post=3143"}],"curies":[{"name":"wp","href":"https:\/\/api.w.org\/{rel}","templated":true}]}}