{"id":3133,"date":"2017-05-18T09:11:41","date_gmt":"2017-05-18T09:11:41","guid":{"rendered":"\/?p=3133"},"modified":"2017-05-18T09:15:50","modified_gmt":"2017-05-18T09:15:50","slug":"la-fundacion-caja-rural-sur-patrocinador-principal-del-iii-congreso-internacional-frutos-rojos","status":"publish","type":"post","link":"https:\/\/fundacioncajaruraldelsur.com\/pt\/la-fundacion-caja-rural-sur-patrocinador-principal-del-iii-congreso-internacional-frutos-rojos\/","title":{"rendered":"La Fundaci\u00f3n Caja Rural del Sur, patrocinador principal del III Congreso Internacional de Frutos Rojos"},"content":{"rendered":"<p>A <strong>Funda\u00e7\u00e3o Caja Rural del Sur<\/strong> ha vuelto a apostar por el<strong> Congreso Internacional de Frutos Rojos<\/strong> y ser\u00e1 de nuevo el patrocinador principal exclusivo del evento, que se celebrar\u00e1 los d\u00edas 21 y 22 de junio, merced al convenio firmado por los presidentes de la Fundaci\u00f3n Caja Rural del Sur y <strong>Freshuelva<\/strong>, Jos\u00e9 Luis Garc\u00eda Palacios y Alberto Garrocho, respectivamente.<\/p>\n<p>Garc\u00eda Palacios destac\u00f3 la \u201csatisfacci\u00f3n\u201d de la Caja Rural del Sur y de la Fundaci\u00f3n de \u201cpoder colaborar con Freshuelva en la defensa del sector de los frutos rojos y formalizar esta colaboraci\u00f3n para la celebraci\u00f3n del Congreso\u201d.<\/p>\n<p>El presidente de la Fundaci\u00f3n Caja Rural del Sur subray\u00f3 que, un a\u00f1o m\u00e1s, \u201cestamos en el Congreso de Frutos Rojos por obligaci\u00f3n y vocaci\u00f3n agr\u00edcola en la provincia\u201d, tras lo que aplaudi\u00f3 a los agricultores y a Freshuelva por su \u201cdefensa del sector y la labor que hacen para sea tan importante para la econom\u00eda y el empleo de la provincia\u201d.<\/p>\n<p>En este punto, record\u00f3 que la Caja Rural del Sur \u201csiempre ha apostado por la agricultura de esta provincia y estuvo cuando empez\u00f3 el cultivo de la fresa, sin que en esta provincia hubiese una mentalidad de riego, que supuso una transformaci\u00f3n de la mentalidad de la agricultura de esta provincia, que ahora tiene una actividad fren\u00e9tica\u201d.<\/p>\n<p>Tambi\u00e9n subray\u00f3 que la creaci\u00f3n de Freshuelva respondi\u00f3 a la necesidad de \u201cdefender el sector de la competencia desleal que se hac\u00eda desde otros pa\u00edses y que ahora sigue desarrollando una labor encomiable de concienciaci\u00f3n y defensa de los agricultores y de los frutos rojos y un ejemplo es la realizaci\u00f3n de este Congreso en la provincia que m\u00e1s berries tiene de toda Espa\u00f1a\u201d.<\/p>\n<p>Por su parte, Alberto Garrocho agradeci\u00f3 a la Fundaci\u00f3n Caja Rural del Sur este \u201cnuevo gesto de apoyo al sector con la firma de este convenio y por su apuesta por este Congreso, que celebramos con toda la ilusi\u00f3n que nos transmiten nuestras empresas asociadas y con todo el trabajo para que siga siendo el punto de encuentro m\u00e1s importante del sector de los berries actualmente\u201d.<\/p>\n<p>El presidente de Freshuelva destac\u00f3 el trabajo que se est\u00e1 realizando para la configuraci\u00f3n del programa t\u00e9cnico del Congreso, que \u201cqueremos se ajuste a los temas que m\u00e1s inquietan y atraen al sector de los frutos rojos de la provincia\u201d. En este sentido, anunci\u00f3 que la conferencia inaugural ser\u00e1 pronunciada por el pol\u00edtico y jurista presidente de Honor de la prestigiosa firma de abogados Garrigues (empresa partner de Freshuelva), Antonio Garrigues Walker.<\/p>\n<p>De la misma forma, destac\u00f3 que, en la pr\u00f3xima edici\u00f3n se seguir\u00e1 ahondando en el car\u00e1cter internacional de la misma, lo que se pone de manifiesto con la incorporaci\u00f3n como colaboradores de dos de las ferias hortofrut\u00edcolas m\u00e1s importantes del mundo, como son Fruit Log\u00edstica y Fruit Attraction.<\/p>\n<p>El Congreso tambi\u00e9n contar\u00e1 con diferente actores de la cadena de producci\u00f3n y comercializaci\u00f3n de los frutos rojos de Am\u00e9rica Latina (Per\u00fa, Chile) y Europa (Francia, Reino Unido), con los que se analizar\u00e1 la campa\u00f1a y, como tema de especial relevancia, se abordar\u00e1 el impacto del Brexit.<\/p>","protected":false},"excerpt":{"rendered":"<p>La Fundaci\u00f3n Caja Rural del Sur ha vuelto a apostar por el Congreso Internacional de Frutos Rojos y ser\u00e1 de nuevo el patrocinador principal exclusivo del evento, que se celebrar\u00e1 [&hellip;]<\/p>\n","protected":false},"author":6,"featured_media":3134,"comment_status":"closed","ping_status":"open","sticky":false,"template":"","format":"standard","meta":{"footnotes":""},"categories":[68],"tags":[],"class_list":["post-3133","post","type-post","status-publish","format-standard","has-post-thumbnail","hentry","category-sector-agrario"],"yoast_head":"<!-- This site is optimized with the Yoast SEO plugin v27.3 - https:\/\/yoast.com\/product\/yoast-seo-wordpress\/ -->\n<title>La Fundaci\u00f3n Caja Rural del Sur, patrocinador principal del III Congreso Internacional de Frutos Rojos - Fundaci\u00f3n Caja Rural del Sur<\/title>\n<meta name=\"robots\" content=\"index, follow, max-snippet:-1, max-image-preview:large, max-video-preview:-1\" \/>\n<link rel=\"canonical\" href=\"https:\/\/fundacioncajaruraldelsur.com\/pt\/la-fundacion-caja-rural-sur-patrocinador-principal-del-iii-congreso-internacional-frutos-rojos\/\" \/>\n<meta property=\"og:locale\" content=\"pt_PT\" \/>\n<meta property=\"og:type\" content=\"article\" \/>\n<meta property=\"og:title\" content=\"La Fundaci\u00f3n Caja Rural del Sur, patrocinador principal del III Congreso Internacional de Frutos Rojos - Fundaci\u00f3n Caja Rural del Sur\" \/>\n<meta property=\"og:description\" content=\"La Fundaci\u00f3n Caja Rural del Sur ha vuelto a apostar por el Congreso Internacional de Frutos Rojos y ser\u00e1 de nuevo el patrocinador principal exclusivo del evento, que se celebrar\u00e1 [&hellip;]\" \/>\n<meta property=\"og:url\" content=\"https:\/\/fundacioncajaruraldelsur.com\/pt\/la-fundacion-caja-rural-sur-patrocinador-principal-del-iii-congreso-internacional-frutos-rojos\/\" \/>\n<meta property=\"og:site_name\" content=\"Fundaci\u00f3n Caja Rural del Sur\" \/>\n<meta property=\"article:published_time\" content=\"2017-05-18T09:11:41+00:00\" \/>\n<meta property=\"article:modified_time\" content=\"2017-05-18T09:15:50+00:00\" \/>\n<meta property=\"og:image\" content=\"https:\/\/fundacioncajaruraldelsur.com\/wp-content\/uploads\/2017\/05\/frutos-rojos.jpg\" \/>\n\t<meta property=\"og:image:width\" content=\"702\" \/>\n\t<meta property=\"og:image:height\" content=\"470\" \/>\n\t<meta property=\"og:image:type\" content=\"image\/jpeg\" \/>\n<meta name=\"author\" content=\"Comunicaci\u00f3n\" \/>\n<meta name=\"twitter:card\" content=\"summary_large_image\" \/>\n<meta name=\"twitter:label1\" content=\"Written by\" \/>\n\t<meta name=\"twitter:data1\" content=\"Comunicaci\u00f3n\" \/>\n\t<meta name=\"twitter:label2\" content=\"Est. reading time\" \/>\n\t<meta name=\"twitter:data2\" content=\"3 minutes\" \/>\n<script type=\"application\/ld+json\" class=\"yoast-schema-graph\">{\"@context\":\"https:\\\/\\\/schema.org\",\"@graph\":[{\"@type\":\"Article\",\"@id\":\"https:\\\/\\\/fundacioncajaruraldelsur.com\\\/la-fundacion-caja-rural-sur-patrocinador-principal-del-iii-congreso-internacional-frutos-rojos\\\/#article\",\"isPartOf\":{\"@id\":\"https:\\\/\\\/fundacioncajaruraldelsur.com\\\/la-fundacion-caja-rural-sur-patrocinador-principal-del-iii-congreso-internacional-frutos-rojos\\\/\"},\"author\":{\"name\":\"Comunicaci\u00f3n\",\"@id\":\"https:\\\/\\\/fundacioncajaruraldelsur.com\\\/#\\\/schema\\\/person\\\/f430da9fb783d505ff061ad8b3d44577\"},\"headline\":\"La Fundaci\u00f3n Caja Rural del Sur, patrocinador principal del III Congreso Internacional de Frutos Rojos\",\"datePublished\":\"2017-05-18T09:11:41+00:00\",\"dateModified\":\"2017-05-18T09:15:50+00:00\",\"mainEntityOfPage\":{\"@id\":\"https:\\\/\\\/fundacioncajaruraldelsur.com\\\/la-fundacion-caja-rural-sur-patrocinador-principal-del-iii-congreso-internacional-frutos-rojos\\\/\"},\"wordCount\":574,\"image\":{\"@id\":\"https:\\\/\\\/fundacioncajaruraldelsur.com\\\/la-fundacion-caja-rural-sur-patrocinador-principal-del-iii-congreso-internacional-frutos-rojos\\\/#primaryimage\"},\"thumbnailUrl\":\"https:\\\/\\\/fundacioncajaruraldelsur.com\\\/wp-content\\\/uploads\\\/2017\\\/05\\\/frutos-rojos.jpg\",\"articleSection\":[\"Sector agrario\"],\"inLanguage\":\"pt-PT\"},{\"@type\":\"WebPage\",\"@id\":\"https:\\\/\\\/fundacioncajaruraldelsur.com\\\/la-fundacion-caja-rural-sur-patrocinador-principal-del-iii-congreso-internacional-frutos-rojos\\\/\",\"url\":\"https:\\\/\\\/fundacioncajaruraldelsur.com\\\/la-fundacion-caja-rural-sur-patrocinador-principal-del-iii-congreso-internacional-frutos-rojos\\\/\",\"name\":\"La Fundaci\u00f3n Caja Rural del Sur, patrocinador principal del III Congreso Internacional de Frutos Rojos - Fundaci\u00f3n Caja Rural del Sur\",\"isPartOf\":{\"@id\":\"https:\\\/\\\/fundacioncajaruraldelsur.com\\\/#website\"},\"primaryImageOfPage\":{\"@id\":\"https:\\\/\\\/fundacioncajaruraldelsur.com\\\/la-fundacion-caja-rural-sur-patrocinador-principal-del-iii-congreso-internacional-frutos-rojos\\\/#primaryimage\"},\"image\":{\"@id\":\"https:\\\/\\\/fundacioncajaruraldelsur.com\\\/la-fundacion-caja-rural-sur-patrocinador-principal-del-iii-congreso-internacional-frutos-rojos\\\/#primaryimage\"},\"thumbnailUrl\":\"https:\\\/\\\/fundacioncajaruraldelsur.com\\\/wp-content\\\/uploads\\\/2017\\\/05\\\/frutos-rojos.jpg\",\"datePublished\":\"2017-05-18T09:11:41+00:00\",\"dateModified\":\"2017-05-18T09:15:50+00:00\",\"author\":{\"@id\":\"https:\\\/\\\/fundacioncajaruraldelsur.com\\\/#\\\/schema\\\/person\\\/f430da9fb783d505ff061ad8b3d44577\"},\"breadcrumb\":{\"@id\":\"https:\\\/\\\/fundacioncajaruraldelsur.com\\\/la-fundacion-caja-rural-sur-patrocinador-principal-del-iii-congreso-internacional-frutos-rojos\\\/#breadcrumb\"},\"inLanguage\":\"pt-PT\",\"potentialAction\":[{\"@type\":\"ReadAction\",\"target\":[\"https:\\\/\\\/fundacioncajaruraldelsur.com\\\/la-fundacion-caja-rural-sur-patrocinador-principal-del-iii-congreso-internacional-frutos-rojos\\\/\"]}]},{\"@type\":\"ImageObject\",\"inLanguage\":\"pt-PT\",\"@id\":\"https:\\\/\\\/fundacioncajaruraldelsur.com\\\/la-fundacion-caja-rural-sur-patrocinador-principal-del-iii-congreso-internacional-frutos-rojos\\\/#primaryimage\",\"url\":\"https:\\\/\\\/fundacioncajaruraldelsur.com\\\/wp-content\\\/uploads\\\/2017\\\/05\\\/frutos-rojos.jpg\",\"contentUrl\":\"https:\\\/\\\/fundacioncajaruraldelsur.com\\\/wp-content\\\/uploads\\\/2017\\\/05\\\/frutos-rojos.jpg\",\"width\":702,\"height\":470},{\"@type\":\"BreadcrumbList\",\"@id\":\"https:\\\/\\\/fundacioncajaruraldelsur.com\\\/la-fundacion-caja-rural-sur-patrocinador-principal-del-iii-congreso-internacional-frutos-rojos\\\/#breadcrumb\",\"itemListElement\":[{\"@type\":\"ListItem\",\"position\":1,\"name\":\"Portada\",\"item\":\"https:\\\/\\\/fundacioncajaruraldelsur.com\\\/\"},{\"@type\":\"ListItem\",\"position\":2,\"name\":\"La Fundaci\u00f3n Caja Rural del Sur, patrocinador principal del III Congreso Internacional de Frutos Rojos\"}]},{\"@type\":\"WebSite\",\"@id\":\"https:\\\/\\\/fundacioncajaruraldelsur.com\\\/#website\",\"url\":\"https:\\\/\\\/fundacioncajaruraldelsur.com\\\/\",\"name\":\"Fundaci\u00f3n Caja Rural del Sur\",\"description\":\"\",\"potentialAction\":[{\"@type\":\"SearchAction\",\"target\":{\"@type\":\"EntryPoint\",\"urlTemplate\":\"https:\\\/\\\/fundacioncajaruraldelsur.com\\\/?s={search_term_string}\"},\"query-input\":{\"@type\":\"PropertyValueSpecification\",\"valueRequired\":true,\"valueName\":\"search_term_string\"}}],\"inLanguage\":\"pt-PT\"},{\"@type\":\"Person\",\"@id\":\"https:\\\/\\\/fundacioncajaruraldelsur.com\\\/#\\\/schema\\\/person\\\/f430da9fb783d505ff061ad8b3d44577\",\"name\":\"Comunicaci\u00f3n\",\"image\":{\"@type\":\"ImageObject\",\"inLanguage\":\"pt-PT\",\"@id\":\"https:\\\/\\\/secure.gravatar.com\\\/avatar\\\/0dca239875993680bac4603ad2de7942da018f52cc3a244578e0b3b09314a8d8?s=96&d=blank&r=g\",\"url\":\"https:\\\/\\\/secure.gravatar.com\\\/avatar\\\/0dca239875993680bac4603ad2de7942da018f52cc3a244578e0b3b09314a8d8?s=96&d=blank&r=g\",\"contentUrl\":\"https:\\\/\\\/secure.gravatar.com\\\/avatar\\\/0dca239875993680bac4603ad2de7942da018f52cc3a244578e0b3b09314a8d8?s=96&d=blank&r=g\",\"caption\":\"Comunicaci\u00f3n\"}}]}<\/script>\n<!-- \/ Yoast SEO plugin. -->","yoast_head_json":{"title":"La Fundaci\u00f3n Caja Rural del Sur, patrocinador principal del III Congreso Internacional de Frutos Rojos - Fundaci\u00f3n Caja Rural del Sur","robots":{"index":"index","follow":"follow","max-snippet":"max-snippet:-1","max-image-preview":"max-image-preview:large","max-video-preview":"max-video-preview:-1"},"canonical":"https:\/\/fundacioncajaruraldelsur.com\/pt\/la-fundacion-caja-rural-sur-patrocinador-principal-del-iii-congreso-internacional-frutos-rojos\/","og_locale":"pt_PT","og_type":"article","og_title":"La Fundaci\u00f3n Caja Rural del Sur, patrocinador principal del III Congreso Internacional de Frutos Rojos - Fundaci\u00f3n Caja Rural del Sur","og_description":"La Fundaci\u00f3n Caja Rural del Sur ha vuelto a apostar por el Congreso Internacional de Frutos Rojos y ser\u00e1 de nuevo el patrocinador principal exclusivo del evento, que se celebrar\u00e1 [&hellip;]","og_url":"https:\/\/fundacioncajaruraldelsur.com\/pt\/la-fundacion-caja-rural-sur-patrocinador-principal-del-iii-congreso-internacional-frutos-rojos\/","og_site_name":"Fundaci\u00f3n Caja Rural del Sur","article_published_time":"2017-05-18T09:11:41+00:00","article_modified_time":"2017-05-18T09:15:50+00:00","og_image":[{"width":702,"height":470,"url":"https:\/\/fundacioncajaruraldelsur.com\/wp-content\/uploads\/2017\/05\/frutos-rojos.jpg","type":"image\/jpeg"}],"author":"Comunicaci\u00f3n","twitter_card":"summary_large_image","twitter_misc":{"Written by":"Comunicaci\u00f3n","Est. reading time":"3 minutes"},"schema":{"@context":"https:\/\/schema.org","@graph":[{"@type":"Article","@id":"https:\/\/fundacioncajaruraldelsur.com\/la-fundacion-caja-rural-sur-patrocinador-principal-del-iii-congreso-internacional-frutos-rojos\/#article","isPartOf":{"@id":"https:\/\/fundacioncajaruraldelsur.com\/la-fundacion-caja-rural-sur-patrocinador-principal-del-iii-congreso-internacional-frutos-rojos\/"},"author":{"name":"Comunicaci\u00f3n","@id":"https:\/\/fundacioncajaruraldelsur.com\/#\/schema\/person\/f430da9fb783d505ff061ad8b3d44577"},"headline":"La Fundaci\u00f3n Caja Rural del Sur, patrocinador principal del III Congreso Internacional de Frutos Rojos","datePublished":"2017-05-18T09:11:41+00:00","dateModified":"2017-05-18T09:15:50+00:00","mainEntityOfPage":{"@id":"https:\/\/fundacioncajaruraldelsur.com\/la-fundacion-caja-rural-sur-patrocinador-principal-del-iii-congreso-internacional-frutos-rojos\/"},"wordCount":574,"image":{"@id":"https:\/\/fundacioncajaruraldelsur.com\/la-fundacion-caja-rural-sur-patrocinador-principal-del-iii-congreso-internacional-frutos-rojos\/#primaryimage"},"thumbnailUrl":"https:\/\/fundacioncajaruraldelsur.com\/wp-content\/uploads\/2017\/05\/frutos-rojos.jpg","articleSection":["Sector agrario"],"inLanguage":"pt-PT"},{"@type":"WebPage","@id":"https:\/\/fundacioncajaruraldelsur.com\/la-fundacion-caja-rural-sur-patrocinador-principal-del-iii-congreso-internacional-frutos-rojos\/","url":"https:\/\/fundacioncajaruraldelsur.com\/la-fundacion-caja-rural-sur-patrocinador-principal-del-iii-congreso-internacional-frutos-rojos\/","name":"La Fundaci\u00f3n Caja Rural del Sur, patrocinador principal del III Congreso Internacional de Frutos Rojos - Fundaci\u00f3n Caja Rural del Sur","isPartOf":{"@id":"https:\/\/fundacioncajaruraldelsur.com\/#website"},"primaryImageOfPage":{"@id":"https:\/\/fundacioncajaruraldelsur.com\/la-fundacion-caja-rural-sur-patrocinador-principal-del-iii-congreso-internacional-frutos-rojos\/#primaryimage"},"image":{"@id":"https:\/\/fundacioncajaruraldelsur.com\/la-fundacion-caja-rural-sur-patrocinador-principal-del-iii-congreso-internacional-frutos-rojos\/#primaryimage"},"thumbnailUrl":"https:\/\/fundacioncajaruraldelsur.com\/wp-content\/uploads\/2017\/05\/frutos-rojos.jpg","datePublished":"2017-05-18T09:11:41+00:00","dateModified":"2017-05-18T09:15:50+00:00","author":{"@id":"https:\/\/fundacioncajaruraldelsur.com\/#\/schema\/person\/f430da9fb783d505ff061ad8b3d44577"},"breadcrumb":{"@id":"https:\/\/fundacioncajaruraldelsur.com\/la-fundacion-caja-rural-sur-patrocinador-principal-del-iii-congreso-internacional-frutos-rojos\/#breadcrumb"},"inLanguage":"pt-PT","potentialAction":[{"@type":"ReadAction","target":["https:\/\/fundacioncajaruraldelsur.com\/la-fundacion-caja-rural-sur-patrocinador-principal-del-iii-congreso-internacional-frutos-rojos\/"]}]},{"@type":"ImageObject","inLanguage":"pt-PT","@id":"https:\/\/fundacioncajaruraldelsur.com\/la-fundacion-caja-rural-sur-patrocinador-principal-del-iii-congreso-internacional-frutos-rojos\/#primaryimage","url":"https:\/\/fundacioncajaruraldelsur.com\/wp-content\/uploads\/2017\/05\/frutos-rojos.jpg","contentUrl":"https:\/\/fundacioncajaruraldelsur.com\/wp-content\/uploads\/2017\/05\/frutos-rojos.jpg","width":702,"height":470},{"@type":"BreadcrumbList","@id":"https:\/\/fundacioncajaruraldelsur.com\/la-fundacion-caja-rural-sur-patrocinador-principal-del-iii-congreso-internacional-frutos-rojos\/#breadcrumb","itemListElement":[{"@type":"ListItem","position":1,"name":"Portada","item":"https:\/\/fundacioncajaruraldelsur.com\/"},{"@type":"ListItem","position":2,"name":"La Fundaci\u00f3n Caja Rural del Sur, patrocinador principal del III Congreso Internacional de Frutos Rojos"}]},{"@type":"WebSite","@id":"https:\/\/fundacioncajaruraldelsur.com\/#website","url":"https:\/\/fundacioncajaruraldelsur.com\/","name":"Funda\u00e7\u00e3o Caja Rural del Sur","description":"","potentialAction":[{"@type":"SearchAction","target":{"@type":"EntryPoint","urlTemplate":"https:\/\/fundacioncajaruraldelsur.com\/?s={search_term_string}"},"query-input":{"@type":"PropertyValueSpecification","valueRequired":true,"valueName":"search_term_string"}}],"inLanguage":"pt-PT"},{"@type":"Person","@id":"https:\/\/fundacioncajaruraldelsur.com\/#\/schema\/person\/f430da9fb783d505ff061ad8b3d44577","name":"Comunicaci\u00f3n","image":{"@type":"ImageObject","inLanguage":"pt-PT","@id":"https:\/\/secure.gravatar.com\/avatar\/0dca239875993680bac4603ad2de7942da018f52cc3a244578e0b3b09314a8d8?s=96&d=blank&r=g","url":"https:\/\/secure.gravatar.com\/avatar\/0dca239875993680bac4603ad2de7942da018f52cc3a244578e0b3b09314a8d8?s=96&d=blank&r=g","contentUrl":"https:\/\/secure.gravatar.com\/avatar\/0dca239875993680bac4603ad2de7942da018f52cc3a244578e0b3b09314a8d8?s=96&d=blank&r=g","caption":"Comunicaci\u00f3n"}}]}},"rttpg_featured_image_url":{"full":["https:\/\/fundacioncajaruraldelsur.com\/wp-content\/uploads\/2017\/05\/frutos-rojos.jpg",702,470,false],"landscape":["https:\/\/fundacioncajaruraldelsur.com\/wp-content\/uploads\/2017\/05\/frutos-rojos.jpg",702,470,false],"portraits":["https:\/\/fundacioncajaruraldelsur.com\/wp-content\/uploads\/2017\/05\/frutos-rojos.jpg",702,470,false],"thumbnail":["https:\/\/fundacioncajaruraldelsur.com\/wp-content\/uploads\/2017\/05\/frutos-rojos-150x150.jpg",150,150,true],"medium":["https:\/\/fundacioncajaruraldelsur.com\/wp-content\/uploads\/2017\/05\/frutos-rojos-300x201.jpg",300,201,true],"large":["https:\/\/fundacioncajaruraldelsur.com\/wp-content\/uploads\/2017\/05\/frutos-rojos.jpg",702,470,false],"1536x1536":["https:\/\/fundacioncajaruraldelsur.com\/wp-content\/uploads\/2017\/05\/frutos-rojos.jpg",702,470,false],"2048x2048":["https:\/\/fundacioncajaruraldelsur.com\/wp-content\/uploads\/2017\/05\/frutos-rojos.jpg",702,470,false],"trp-custom-language-flag":["https:\/\/fundacioncajaruraldelsur.com\/wp-content\/uploads\/2017\/05\/frutos-rojos.jpg",18,12,false],"blog-thumbnail":["https:\/\/fundacioncajaruraldelsur.com\/wp-content\/uploads\/2017\/05\/frutos-rojos-400x200.jpg",400,200,true]},"rttpg_author":{"display_name":"Comunicaci\u00f3n","author_link":"https:\/\/fundacioncajaruraldelsur.com\/pt\/author\/sevillaadmin\/"},"rttpg_comment":0,"rttpg_category":"<a href=\"https:\/\/fundacioncajaruraldelsur.com\/pt\/category\/sector-agrario\/\" rel=\"category tag\">Sector agrario<\/a>","rttpg_excerpt":"La Fundaci\u00f3n Caja Rural del Sur ha vuelto a apostar por el Congreso Internacional de Frutos Rojos y ser\u00e1 de nuevo el patrocinador principal exclusivo del evento, que se celebrar\u00e1 [&hellip;]","_links":{"self":[{"href":"https:\/\/fundacioncajaruraldelsur.com\/pt\/wp-json\/wp\/v2\/posts\/3133","targetHints":{"allow":["GET"]}}],"collection":[{"href":"https:\/\/fundacioncajaruraldelsur.com\/pt\/wp-json\/wp\/v2\/posts"}],"about":[{"href":"https:\/\/fundacioncajaruraldelsur.com\/pt\/wp-json\/wp\/v2\/types\/post"}],"author":[{"embeddable":true,"href":"https:\/\/fundacioncajaruraldelsur.com\/pt\/wp-json\/wp\/v2\/users\/6"}],"replies":[{"embeddable":true,"href":"https:\/\/fundacioncajaruraldelsur.com\/pt\/wp-json\/wp\/v2\/comments?post=3133"}],"version-history":[{"count":3,"href":"https:\/\/fundacioncajaruraldelsur.com\/pt\/wp-json\/wp\/v2\/posts\/3133\/revisions"}],"predecessor-version":[{"id":3137,"href":"https:\/\/fundacioncajaruraldelsur.com\/pt\/wp-json\/wp\/v2\/posts\/3133\/revisions\/3137"}],"wp:featuredmedia":[{"embeddable":true,"href":"https:\/\/fundacioncajaruraldelsur.com\/pt\/wp-json\/wp\/v2\/media\/3134"}],"wp:attachment":[{"href":"https:\/\/fundacioncajaruraldelsur.com\/pt\/wp-json\/wp\/v2\/media?parent=3133"}],"wp:term":[{"taxonomy":"category","embeddable":true,"href":"https:\/\/fundacioncajaruraldelsur.com\/pt\/wp-json\/wp\/v2\/categories?post=3133"},{"taxonomy":"post_tag","embeddable":true,"href":"https:\/\/fundacioncajaruraldelsur.com\/pt\/wp-json\/wp\/v2\/tags?post=3133"}],"curies":[{"name":"wp","href":"https:\/\/api.w.org\/{rel}","templated":true}]}}