{"id":3089,"date":"2017-04-07T16:00:56","date_gmt":"2017-04-07T16:00:56","guid":{"rendered":"\/?p=3089"},"modified":"2017-04-07T16:00:56","modified_gmt":"2017-04-07T16:00:56","slug":"presidente-sat-royal-jose-gandia-recoge-galardon-conceden-abc-la-fundacion-caja-rural-del-sur","status":"publish","type":"post","link":"https:\/\/fundacioncajaruraldelsur.com\/pt\/presidente-sat-royal-jose-gandia-recoge-galardon-conceden-abc-la-fundacion-caja-rural-del-sur\/","title":{"rendered":"El presidente de SAT Royal, Jos\u00e9 Gand\u00eda, recoge el galard\u00f3n que conceden ABC y la Fundaci\u00f3n Caja Rural del Sur"},"content":{"rendered":"<p>Numerosas personalidades del \u00e1mbito agr\u00edcola andaluz asistieron al acto de entrega de la novena edici\u00f3n del premio Sim\u00f3n de Rojas Clemente que anualmente entrega ABC de Sevilla y la Fundaci\u00f3n Caja Rural del Sur con el fin de reconocer la labor de figuras relevantes del sector agrario andaluz que han destacado por la b\u00fasqueda de la excelencia empresarial.<\/p>\n<p style=\"text-align: justify;\"><span style=\"font-size: 12pt; font-family: arial, helvetica, sans-serif;\">En esta edici\u00f3n, el empresario agr\u00edcola Jos\u00e9 Gand\u00eda, fundador y presidente de la empresa sevillana SAT Royal, se alz\u00f3 con el premio Sim\u00f3n de Rojas Clemente, galard\u00f3n que recibi\u00f3 en el citado acto de manos de la presidenta-editora del peri\u00f3dico ABC, Catalina Luca de Tena y del viceconsejero de Agricultura de la Junta de Andaluc\u00eda, Ricardo Dom\u00ednguez Garc\u00eda-Baquero.<\/span><\/p>\n<p style=\"text-align: justify;\"><span style=\"font-size: 12pt; font-family: arial, helvetica, sans-serif;\">La empresa fundada por Jos\u00e9 Gand\u00eda, Grupo Royal, produce y comercializa en torno a 30.000 toneladas de fruta de hueso al a\u00f1o y otras 7.000 toneladas de ar\u00e1ndanos, productos de alta calidad usando las m\u00e1s avanzadas herramientas cient\u00edficas, ya que desde los inicios, el empresario estrech\u00f3 el v\u00ednculo con centros de investigaci\u00f3n que estaban a la vanguardia en el desarrollo de la gen\u00e9tica.<\/span><\/p>\n<p><span style=\"font-size: 12pt; font-family: arial, helvetica, sans-serif;\">Seg\u00fan indic\u00f3 en el acto el presidente de la Fundaci\u00f3n Caja Rural del Sur, Jos\u00e9 Luis Garc\u00eda Palacios, el merecido premio se concede a Gand\u00eda \u201cpor dejar una agricultura mejor que la que recibimos\u201d.<\/span><\/p>\n<p><span style=\"font-size: 12pt; font-family: arial, helvetica, sans-serif;\">El viceconsejero de la Consejer\u00eda de Agricultura, Ricardo Dom\u00ednguez Garc\u00eda-Baquero, apunt\u00f3 que \u201cel 95% de la producci\u00f3n de Royal se comercializa fuera de Espa\u00f1a lo que convierte a esta empresa en un referente en el sector\u201d.<\/span><\/p>\n<p style=\"text-align: justify;\"><span style=\"font-size: 12pt; font-family: arial, helvetica, sans-serif;\">Por su parte, el director de ABC de Sevilla, \u00c1lvaro Ybarra, tambi\u00e9n quiso resaltar el perfil investigador y la b\u00fasqueda continua del conocimiento de Gand\u00eda, \u00absuperando los m\u00e9todos tradicionales y dirigiendo la explotaci\u00f3n hacia la innovaci\u00f3n\u00bb.<\/span><\/p>","protected":false},"excerpt":{"rendered":"<p>Numerosas personalidades del \u00e1mbito agr\u00edcola andaluz asistieron al acto de entrega de la novena edici\u00f3n del premio Sim\u00f3n de Rojas Clemente que anualmente entrega ABC de Sevilla y la Fundaci\u00f3n [&hellip;]<\/p>\n","protected":false},"author":6,"featured_media":3091,"comment_status":"closed","ping_status":"open","sticky":false,"template":"","format":"standard","meta":{"footnotes":""},"categories":[64],"tags":[],"class_list":["post-3089","post","type-post","status-publish","format-standard","has-post-thumbnail","hentry","category-premios"],"yoast_head":"<!-- This site is optimized with the Yoast SEO plugin v27.3 - https:\/\/yoast.com\/product\/yoast-seo-wordpress\/ -->\n<title>El presidente de SAT Royal, Jos\u00e9 Gand\u00eda, recoge el galard\u00f3n que conceden ABC y la Fundaci\u00f3n Caja Rural del Sur - Fundaci\u00f3n Caja Rural del Sur<\/title>\n<meta name=\"robots\" content=\"index, follow, max-snippet:-1, max-image-preview:large, max-video-preview:-1\" \/>\n<link rel=\"canonical\" href=\"https:\/\/fundacioncajaruraldelsur.com\/pt\/presidente-sat-royal-jose-gandia-recoge-galardon-conceden-abc-la-fundacion-caja-rural-del-sur\/\" \/>\n<meta property=\"og:locale\" content=\"pt_PT\" \/>\n<meta property=\"og:type\" content=\"article\" \/>\n<meta property=\"og:title\" content=\"El presidente de SAT Royal, Jos\u00e9 Gand\u00eda, recoge el galard\u00f3n que conceden ABC y la Fundaci\u00f3n Caja Rural del Sur - Fundaci\u00f3n Caja Rural del Sur\" \/>\n<meta property=\"og:description\" content=\"Numerosas personalidades del \u00e1mbito agr\u00edcola andaluz asistieron al acto de entrega de la novena edici\u00f3n del premio Sim\u00f3n de Rojas Clemente que anualmente entrega ABC de Sevilla y la Fundaci\u00f3n [&hellip;]\" \/>\n<meta property=\"og:url\" content=\"https:\/\/fundacioncajaruraldelsur.com\/pt\/presidente-sat-royal-jose-gandia-recoge-galardon-conceden-abc-la-fundacion-caja-rural-del-sur\/\" \/>\n<meta property=\"og:site_name\" content=\"Fundaci\u00f3n Caja Rural del Sur\" \/>\n<meta property=\"article:published_time\" content=\"2017-04-07T16:00:56+00:00\" \/>\n<meta property=\"og:image\" content=\"https:\/\/fundacioncajaruraldelsur.com\/wp-content\/uploads\/2017\/04\/jose-gandia-1.jpg\" \/>\n\t<meta property=\"og:image:width\" content=\"735\" \/>\n\t<meta property=\"og:image:height\" content=\"494\" \/>\n\t<meta property=\"og:image:type\" content=\"image\/jpeg\" \/>\n<meta name=\"author\" content=\"Comunicaci\u00f3n\" \/>\n<meta name=\"twitter:card\" content=\"summary_large_image\" \/>\n<meta name=\"twitter:label1\" content=\"Written by\" \/>\n\t<meta name=\"twitter:data1\" content=\"Comunicaci\u00f3n\" \/>\n\t<meta name=\"twitter:label2\" content=\"Est. reading time\" \/>\n\t<meta name=\"twitter:data2\" content=\"2 minutes\" \/>\n<script type=\"application\/ld+json\" class=\"yoast-schema-graph\">{\"@context\":\"https:\\\/\\\/schema.org\",\"@graph\":[{\"@type\":\"Article\",\"@id\":\"https:\\\/\\\/fundacioncajaruraldelsur.com\\\/presidente-sat-royal-jose-gandia-recoge-galardon-conceden-abc-la-fundacion-caja-rural-del-sur\\\/#article\",\"isPartOf\":{\"@id\":\"https:\\\/\\\/fundacioncajaruraldelsur.com\\\/presidente-sat-royal-jose-gandia-recoge-galardon-conceden-abc-la-fundacion-caja-rural-del-sur\\\/\"},\"author\":{\"name\":\"Comunicaci\u00f3n\",\"@id\":\"https:\\\/\\\/fundacioncajaruraldelsur.com\\\/#\\\/schema\\\/person\\\/f430da9fb783d505ff061ad8b3d44577\"},\"headline\":\"El presidente de SAT Royal, Jos\u00e9 Gand\u00eda, recoge el galard\u00f3n que conceden ABC y la Fundaci\u00f3n Caja Rural del Sur\",\"datePublished\":\"2017-04-07T16:00:56+00:00\",\"mainEntityOfPage\":{\"@id\":\"https:\\\/\\\/fundacioncajaruraldelsur.com\\\/presidente-sat-royal-jose-gandia-recoge-galardon-conceden-abc-la-fundacion-caja-rural-del-sur\\\/\"},\"wordCount\":342,\"image\":{\"@id\":\"https:\\\/\\\/fundacioncajaruraldelsur.com\\\/presidente-sat-royal-jose-gandia-recoge-galardon-conceden-abc-la-fundacion-caja-rural-del-sur\\\/#primaryimage\"},\"thumbnailUrl\":\"https:\\\/\\\/fundacioncajaruraldelsur.com\\\/wp-content\\\/uploads\\\/2017\\\/04\\\/jose-gandia-1.jpg\",\"articleSection\":[\"Premios\"],\"inLanguage\":\"pt-PT\"},{\"@type\":\"WebPage\",\"@id\":\"https:\\\/\\\/fundacioncajaruraldelsur.com\\\/presidente-sat-royal-jose-gandia-recoge-galardon-conceden-abc-la-fundacion-caja-rural-del-sur\\\/\",\"url\":\"https:\\\/\\\/fundacioncajaruraldelsur.com\\\/presidente-sat-royal-jose-gandia-recoge-galardon-conceden-abc-la-fundacion-caja-rural-del-sur\\\/\",\"name\":\"El presidente de SAT Royal, Jos\u00e9 Gand\u00eda, recoge el galard\u00f3n que conceden ABC y la Fundaci\u00f3n Caja Rural del Sur - Fundaci\u00f3n Caja Rural del Sur\",\"isPartOf\":{\"@id\":\"https:\\\/\\\/fundacioncajaruraldelsur.com\\\/#website\"},\"primaryImageOfPage\":{\"@id\":\"https:\\\/\\\/fundacioncajaruraldelsur.com\\\/presidente-sat-royal-jose-gandia-recoge-galardon-conceden-abc-la-fundacion-caja-rural-del-sur\\\/#primaryimage\"},\"image\":{\"@id\":\"https:\\\/\\\/fundacioncajaruraldelsur.com\\\/presidente-sat-royal-jose-gandia-recoge-galardon-conceden-abc-la-fundacion-caja-rural-del-sur\\\/#primaryimage\"},\"thumbnailUrl\":\"https:\\\/\\\/fundacioncajaruraldelsur.com\\\/wp-content\\\/uploads\\\/2017\\\/04\\\/jose-gandia-1.jpg\",\"datePublished\":\"2017-04-07T16:00:56+00:00\",\"author\":{\"@id\":\"https:\\\/\\\/fundacioncajaruraldelsur.com\\\/#\\\/schema\\\/person\\\/f430da9fb783d505ff061ad8b3d44577\"},\"breadcrumb\":{\"@id\":\"https:\\\/\\\/fundacioncajaruraldelsur.com\\\/presidente-sat-royal-jose-gandia-recoge-galardon-conceden-abc-la-fundacion-caja-rural-del-sur\\\/#breadcrumb\"},\"inLanguage\":\"pt-PT\",\"potentialAction\":[{\"@type\":\"ReadAction\",\"target\":[\"https:\\\/\\\/fundacioncajaruraldelsur.com\\\/presidente-sat-royal-jose-gandia-recoge-galardon-conceden-abc-la-fundacion-caja-rural-del-sur\\\/\"]}]},{\"@type\":\"ImageObject\",\"inLanguage\":\"pt-PT\",\"@id\":\"https:\\\/\\\/fundacioncajaruraldelsur.com\\\/presidente-sat-royal-jose-gandia-recoge-galardon-conceden-abc-la-fundacion-caja-rural-del-sur\\\/#primaryimage\",\"url\":\"https:\\\/\\\/fundacioncajaruraldelsur.com\\\/wp-content\\\/uploads\\\/2017\\\/04\\\/jose-gandia-1.jpg\",\"contentUrl\":\"https:\\\/\\\/fundacioncajaruraldelsur.com\\\/wp-content\\\/uploads\\\/2017\\\/04\\\/jose-gandia-1.jpg\",\"width\":735,\"height\":494},{\"@type\":\"BreadcrumbList\",\"@id\":\"https:\\\/\\\/fundacioncajaruraldelsur.com\\\/presidente-sat-royal-jose-gandia-recoge-galardon-conceden-abc-la-fundacion-caja-rural-del-sur\\\/#breadcrumb\",\"itemListElement\":[{\"@type\":\"ListItem\",\"position\":1,\"name\":\"Portada\",\"item\":\"https:\\\/\\\/fundacioncajaruraldelsur.com\\\/\"},{\"@type\":\"ListItem\",\"position\":2,\"name\":\"El presidente de SAT Royal, Jos\u00e9 Gand\u00eda, recoge el galard\u00f3n que conceden ABC y la Fundaci\u00f3n Caja Rural del Sur\"}]},{\"@type\":\"WebSite\",\"@id\":\"https:\\\/\\\/fundacioncajaruraldelsur.com\\\/#website\",\"url\":\"https:\\\/\\\/fundacioncajaruraldelsur.com\\\/\",\"name\":\"Fundaci\u00f3n Caja Rural del Sur\",\"description\":\"\",\"potentialAction\":[{\"@type\":\"SearchAction\",\"target\":{\"@type\":\"EntryPoint\",\"urlTemplate\":\"https:\\\/\\\/fundacioncajaruraldelsur.com\\\/?s={search_term_string}\"},\"query-input\":{\"@type\":\"PropertyValueSpecification\",\"valueRequired\":true,\"valueName\":\"search_term_string\"}}],\"inLanguage\":\"pt-PT\"},{\"@type\":\"Person\",\"@id\":\"https:\\\/\\\/fundacioncajaruraldelsur.com\\\/#\\\/schema\\\/person\\\/f430da9fb783d505ff061ad8b3d44577\",\"name\":\"Comunicaci\u00f3n\",\"image\":{\"@type\":\"ImageObject\",\"inLanguage\":\"pt-PT\",\"@id\":\"https:\\\/\\\/secure.gravatar.com\\\/avatar\\\/0dca239875993680bac4603ad2de7942da018f52cc3a244578e0b3b09314a8d8?s=96&d=blank&r=g\",\"url\":\"https:\\\/\\\/secure.gravatar.com\\\/avatar\\\/0dca239875993680bac4603ad2de7942da018f52cc3a244578e0b3b09314a8d8?s=96&d=blank&r=g\",\"contentUrl\":\"https:\\\/\\\/secure.gravatar.com\\\/avatar\\\/0dca239875993680bac4603ad2de7942da018f52cc3a244578e0b3b09314a8d8?s=96&d=blank&r=g\",\"caption\":\"Comunicaci\u00f3n\"}}]}<\/script>\n<!-- \/ Yoast SEO plugin. -->","yoast_head_json":{"title":"El presidente de SAT Royal, Jos\u00e9 Gand\u00eda, recoge el galard\u00f3n que conceden ABC y la Fundaci\u00f3n Caja Rural del Sur - Fundaci\u00f3n Caja Rural del Sur","robots":{"index":"index","follow":"follow","max-snippet":"max-snippet:-1","max-image-preview":"max-image-preview:large","max-video-preview":"max-video-preview:-1"},"canonical":"https:\/\/fundacioncajaruraldelsur.com\/pt\/presidente-sat-royal-jose-gandia-recoge-galardon-conceden-abc-la-fundacion-caja-rural-del-sur\/","og_locale":"pt_PT","og_type":"article","og_title":"El presidente de SAT Royal, Jos\u00e9 Gand\u00eda, recoge el galard\u00f3n que conceden ABC y la Fundaci\u00f3n Caja Rural del Sur - Fundaci\u00f3n Caja Rural del Sur","og_description":"Numerosas personalidades del \u00e1mbito agr\u00edcola andaluz asistieron al acto de entrega de la novena edici\u00f3n del premio Sim\u00f3n de Rojas Clemente que anualmente entrega ABC de Sevilla y la Fundaci\u00f3n [&hellip;]","og_url":"https:\/\/fundacioncajaruraldelsur.com\/pt\/presidente-sat-royal-jose-gandia-recoge-galardon-conceden-abc-la-fundacion-caja-rural-del-sur\/","og_site_name":"Fundaci\u00f3n Caja Rural del Sur","article_published_time":"2017-04-07T16:00:56+00:00","og_image":[{"width":735,"height":494,"url":"https:\/\/fundacioncajaruraldelsur.com\/wp-content\/uploads\/2017\/04\/jose-gandia-1.jpg","type":"image\/jpeg"}],"author":"Comunicaci\u00f3n","twitter_card":"summary_large_image","twitter_misc":{"Written by":"Comunicaci\u00f3n","Est. reading time":"2 minutes"},"schema":{"@context":"https:\/\/schema.org","@graph":[{"@type":"Article","@id":"https:\/\/fundacioncajaruraldelsur.com\/presidente-sat-royal-jose-gandia-recoge-galardon-conceden-abc-la-fundacion-caja-rural-del-sur\/#article","isPartOf":{"@id":"https:\/\/fundacioncajaruraldelsur.com\/presidente-sat-royal-jose-gandia-recoge-galardon-conceden-abc-la-fundacion-caja-rural-del-sur\/"},"author":{"name":"Comunicaci\u00f3n","@id":"https:\/\/fundacioncajaruraldelsur.com\/#\/schema\/person\/f430da9fb783d505ff061ad8b3d44577"},"headline":"El presidente de SAT Royal, Jos\u00e9 Gand\u00eda, recoge el galard\u00f3n que conceden ABC y la Fundaci\u00f3n Caja Rural del Sur","datePublished":"2017-04-07T16:00:56+00:00","mainEntityOfPage":{"@id":"https:\/\/fundacioncajaruraldelsur.com\/presidente-sat-royal-jose-gandia-recoge-galardon-conceden-abc-la-fundacion-caja-rural-del-sur\/"},"wordCount":342,"image":{"@id":"https:\/\/fundacioncajaruraldelsur.com\/presidente-sat-royal-jose-gandia-recoge-galardon-conceden-abc-la-fundacion-caja-rural-del-sur\/#primaryimage"},"thumbnailUrl":"https:\/\/fundacioncajaruraldelsur.com\/wp-content\/uploads\/2017\/04\/jose-gandia-1.jpg","articleSection":["Premios"],"inLanguage":"pt-PT"},{"@type":"WebPage","@id":"https:\/\/fundacioncajaruraldelsur.com\/presidente-sat-royal-jose-gandia-recoge-galardon-conceden-abc-la-fundacion-caja-rural-del-sur\/","url":"https:\/\/fundacioncajaruraldelsur.com\/presidente-sat-royal-jose-gandia-recoge-galardon-conceden-abc-la-fundacion-caja-rural-del-sur\/","name":"El presidente de SAT Royal, Jos\u00e9 Gand\u00eda, recoge el galard\u00f3n que conceden ABC y la Fundaci\u00f3n Caja Rural del Sur - Fundaci\u00f3n Caja Rural del Sur","isPartOf":{"@id":"https:\/\/fundacioncajaruraldelsur.com\/#website"},"primaryImageOfPage":{"@id":"https:\/\/fundacioncajaruraldelsur.com\/presidente-sat-royal-jose-gandia-recoge-galardon-conceden-abc-la-fundacion-caja-rural-del-sur\/#primaryimage"},"image":{"@id":"https:\/\/fundacioncajaruraldelsur.com\/presidente-sat-royal-jose-gandia-recoge-galardon-conceden-abc-la-fundacion-caja-rural-del-sur\/#primaryimage"},"thumbnailUrl":"https:\/\/fundacioncajaruraldelsur.com\/wp-content\/uploads\/2017\/04\/jose-gandia-1.jpg","datePublished":"2017-04-07T16:00:56+00:00","author":{"@id":"https:\/\/fundacioncajaruraldelsur.com\/#\/schema\/person\/f430da9fb783d505ff061ad8b3d44577"},"breadcrumb":{"@id":"https:\/\/fundacioncajaruraldelsur.com\/presidente-sat-royal-jose-gandia-recoge-galardon-conceden-abc-la-fundacion-caja-rural-del-sur\/#breadcrumb"},"inLanguage":"pt-PT","potentialAction":[{"@type":"ReadAction","target":["https:\/\/fundacioncajaruraldelsur.com\/presidente-sat-royal-jose-gandia-recoge-galardon-conceden-abc-la-fundacion-caja-rural-del-sur\/"]}]},{"@type":"ImageObject","inLanguage":"pt-PT","@id":"https:\/\/fundacioncajaruraldelsur.com\/presidente-sat-royal-jose-gandia-recoge-galardon-conceden-abc-la-fundacion-caja-rural-del-sur\/#primaryimage","url":"https:\/\/fundacioncajaruraldelsur.com\/wp-content\/uploads\/2017\/04\/jose-gandia-1.jpg","contentUrl":"https:\/\/fundacioncajaruraldelsur.com\/wp-content\/uploads\/2017\/04\/jose-gandia-1.jpg","width":735,"height":494},{"@type":"BreadcrumbList","@id":"https:\/\/fundacioncajaruraldelsur.com\/presidente-sat-royal-jose-gandia-recoge-galardon-conceden-abc-la-fundacion-caja-rural-del-sur\/#breadcrumb","itemListElement":[{"@type":"ListItem","position":1,"name":"Portada","item":"https:\/\/fundacioncajaruraldelsur.com\/"},{"@type":"ListItem","position":2,"name":"El presidente de SAT Royal, Jos\u00e9 Gand\u00eda, recoge el galard\u00f3n que conceden ABC y la Fundaci\u00f3n Caja Rural del Sur"}]},{"@type":"WebSite","@id":"https:\/\/fundacioncajaruraldelsur.com\/#website","url":"https:\/\/fundacioncajaruraldelsur.com\/","name":"Funda\u00e7\u00e3o Caja Rural del Sur","description":"","potentialAction":[{"@type":"SearchAction","target":{"@type":"EntryPoint","urlTemplate":"https:\/\/fundacioncajaruraldelsur.com\/?s={search_term_string}"},"query-input":{"@type":"PropertyValueSpecification","valueRequired":true,"valueName":"search_term_string"}}],"inLanguage":"pt-PT"},{"@type":"Person","@id":"https:\/\/fundacioncajaruraldelsur.com\/#\/schema\/person\/f430da9fb783d505ff061ad8b3d44577","name":"Comunicaci\u00f3n","image":{"@type":"ImageObject","inLanguage":"pt-PT","@id":"https:\/\/secure.gravatar.com\/avatar\/0dca239875993680bac4603ad2de7942da018f52cc3a244578e0b3b09314a8d8?s=96&d=blank&r=g","url":"https:\/\/secure.gravatar.com\/avatar\/0dca239875993680bac4603ad2de7942da018f52cc3a244578e0b3b09314a8d8?s=96&d=blank&r=g","contentUrl":"https:\/\/secure.gravatar.com\/avatar\/0dca239875993680bac4603ad2de7942da018f52cc3a244578e0b3b09314a8d8?s=96&d=blank&r=g","caption":"Comunicaci\u00f3n"}}]}},"rttpg_featured_image_url":{"full":["https:\/\/fundacioncajaruraldelsur.com\/wp-content\/uploads\/2017\/04\/jose-gandia-1.jpg",735,494,false],"landscape":["https:\/\/fundacioncajaruraldelsur.com\/wp-content\/uploads\/2017\/04\/jose-gandia-1.jpg",735,494,false],"portraits":["https:\/\/fundacioncajaruraldelsur.com\/wp-content\/uploads\/2017\/04\/jose-gandia-1.jpg",735,494,false],"thumbnail":["https:\/\/fundacioncajaruraldelsur.com\/wp-content\/uploads\/2017\/04\/jose-gandia-1-150x150.jpg",150,150,true],"medium":["https:\/\/fundacioncajaruraldelsur.com\/wp-content\/uploads\/2017\/04\/jose-gandia-1-300x202.jpg",300,202,true],"large":["https:\/\/fundacioncajaruraldelsur.com\/wp-content\/uploads\/2017\/04\/jose-gandia-1.jpg",735,494,false],"1536x1536":["https:\/\/fundacioncajaruraldelsur.com\/wp-content\/uploads\/2017\/04\/jose-gandia-1.jpg",735,494,false],"2048x2048":["https:\/\/fundacioncajaruraldelsur.com\/wp-content\/uploads\/2017\/04\/jose-gandia-1.jpg",735,494,false],"trp-custom-language-flag":["https:\/\/fundacioncajaruraldelsur.com\/wp-content\/uploads\/2017\/04\/jose-gandia-1.jpg",18,12,false],"blog-thumbnail":["https:\/\/fundacioncajaruraldelsur.com\/wp-content\/uploads\/2017\/04\/jose-gandia-1-400x200.jpg",400,200,true]},"rttpg_author":{"display_name":"Comunicaci\u00f3n","author_link":"https:\/\/fundacioncajaruraldelsur.com\/pt\/author\/sevillaadmin\/"},"rttpg_comment":0,"rttpg_category":"<a href=\"https:\/\/fundacioncajaruraldelsur.com\/pt\/category\/premios\/\" rel=\"category tag\">Premios<\/a>","rttpg_excerpt":"Numerosas personalidades del \u00e1mbito agr\u00edcola andaluz asistieron al acto de entrega de la novena edici\u00f3n del premio Sim\u00f3n de Rojas Clemente que anualmente entrega ABC de Sevilla y la Fundaci\u00f3n [&hellip;]","_links":{"self":[{"href":"https:\/\/fundacioncajaruraldelsur.com\/pt\/wp-json\/wp\/v2\/posts\/3089","targetHints":{"allow":["GET"]}}],"collection":[{"href":"https:\/\/fundacioncajaruraldelsur.com\/pt\/wp-json\/wp\/v2\/posts"}],"about":[{"href":"https:\/\/fundacioncajaruraldelsur.com\/pt\/wp-json\/wp\/v2\/types\/post"}],"author":[{"embeddable":true,"href":"https:\/\/fundacioncajaruraldelsur.com\/pt\/wp-json\/wp\/v2\/users\/6"}],"replies":[{"embeddable":true,"href":"https:\/\/fundacioncajaruraldelsur.com\/pt\/wp-json\/wp\/v2\/comments?post=3089"}],"version-history":[{"count":1,"href":"https:\/\/fundacioncajaruraldelsur.com\/pt\/wp-json\/wp\/v2\/posts\/3089\/revisions"}],"predecessor-version":[{"id":3092,"href":"https:\/\/fundacioncajaruraldelsur.com\/pt\/wp-json\/wp\/v2\/posts\/3089\/revisions\/3092"}],"wp:featuredmedia":[{"embeddable":true,"href":"https:\/\/fundacioncajaruraldelsur.com\/pt\/wp-json\/wp\/v2\/media\/3091"}],"wp:attachment":[{"href":"https:\/\/fundacioncajaruraldelsur.com\/pt\/wp-json\/wp\/v2\/media?parent=3089"}],"wp:term":[{"taxonomy":"category","embeddable":true,"href":"https:\/\/fundacioncajaruraldelsur.com\/pt\/wp-json\/wp\/v2\/categories?post=3089"},{"taxonomy":"post_tag","embeddable":true,"href":"https:\/\/fundacioncajaruraldelsur.com\/pt\/wp-json\/wp\/v2\/tags?post=3089"}],"curies":[{"name":"wp","href":"https:\/\/api.w.org\/{rel}","templated":true}]}}