{"id":3080,"date":"2017-02-17T10:10:38","date_gmt":"2017-02-17T10:10:38","guid":{"rendered":"\/?p=3080"},"modified":"2017-02-17T11:22:33","modified_gmt":"2017-02-17T11:22:33","slug":"paisajes-del-pintor-pedro-rodriguez-la-sala-fundacion-caja-rural-del-sur","status":"publish","type":"post","link":"https:\/\/fundacioncajaruraldelsur.com\/pt\/paisajes-del-pintor-pedro-rodriguez-la-sala-fundacion-caja-rural-del-sur\/","title":{"rendered":"\u201cPaisajes\u201d del pintor Pedro Rodr\u00edguez  en la sala Fundaci\u00f3n Caja Rural del Sur"},"content":{"rendered":"<p>&nbsp;<\/p>\n<p>El pintor onubense Pedro Rodr\u00edguez expone hasta el d\u00eda 1 de marzo en Sevilla, en la sala de la Fundaci\u00f3n Caja Rural del Sur, su exposici\u00f3n \u201cPaisajes\u201d donde el artista onubense recoge una visi\u00f3n de ciudades como Madrid, Londres, Nueva York o Sevilla, y de otros espacios urbanos y tambi\u00e9n rurales.<\/p>\n<p>Se trata de una muestra compuesta por 31 cuadros realizados con distintas t\u00e9cnicas, tanto acr\u00edlico como \u00f3leo sobre lienzo, tabla o papel que fue inaugurada el d\u00eda\u00a09 de febrero, con la asistencia de numeroso p\u00fablico en la sala de exposiciones de la entidad.<\/p>\n<p>El presidente de la Fundaci\u00f3n Caja Rural del Sur, Jos\u00e9 Luis Garc\u00eda Palacios, present\u00f3 al artista onubense, de quien destac\u00f3 \u201csu especial habilidad desde muy joven para hacer relucir espacios en principio fr\u00edos como son los urbanos y convertirlos en espl\u00e9ndidas obras realizadas con gran t\u00e9cnica y brillantez\u201d.<\/p>\n<p>El pintor, Pedro Rodr\u00edguez agradeci\u00f3 la oportunidad de volver a Sevilla a exponer donde, seg\u00fan indic\u00f3, le supone una gran satisfacci\u00f3n volver \u201cespecialmente en estos momentos donde se est\u00e1 produciendo un mayor dinamismo art\u00edstico y de iniciativas con artistas j\u00f3venes\u00bb.<\/p>\n<p>Adem\u00e1s, Rodr\u00edguez record\u00f3 su vinculaci\u00f3n con Sevilla donde el artista onubense se licenci\u00f3 en Bellas Artes por aunque hac\u00eda seis a\u00f1os que no expon\u00eda en la capital hispalense tiempo durante el que ha recorrido distintas ciudades europeas en las que ha materializado su obra y en las que ha tenido oportunidad de exponer, adem\u00e1s de en otras ciudades espa\u00f1olas como en Valencia y Barcelona. Actualmente trabaja para diferentes galer\u00edas de Inglaterra, Suecia y Dinamarca.<\/p>\n<p>Por tanto, su recorrido por el territorio nacional e internacional ha sido muy notable exponiendo en numerosas ciudades espa\u00f1olas su particular visi\u00f3n del arte urbano que le caracteriza:\u00a0 \u201cla plasmaci\u00f3n en sus pinturas de las calles y las avenidas, de la vida entre horas, de la quietud y el silencio de las aceras bajo el ritmo fren\u00e9tico de nuestros pasos, el ruido y la calma haci\u00e9ndose c\u00f3mplices en un mismo lienzo\u201d.<\/p>\n<p>&nbsp;<\/p>\n<p>M\u00e1s informaci\u00f3n del autor: <a href=\"http:\/\/www.pedrorodriguezgarrido.com\/es\/principal\/\" target=\"_blank\">www.pedrorodriguezgarrido.com<\/a><\/p>\n<p>EXPOSICI\u00d3N \u201cPAISAJES\u201d<\/p>\n<p><a href=\"\/pt\/paisajes-del-pintor-pedro-rodriguez-la-sala-fundacion-caja-rural-del-sur\/170209-garciapalacios-pedro-rguez-y-pedro-rguez\/\" rel=\"attachment wp-att-3082\"><img loading=\"lazy\" decoding=\"async\" class=\"alignnone size-medium wp-image-3082\" src=\"\/wp-content\/uploads\/2017\/02\/170209-GarciaPalacios-Pedro-Rguez-y-Pedro-Rguez-300x210.jpg\" alt=\"\" width=\"300\" height=\"210\" srcset=\"https:\/\/fundacioncajaruraldelsur.com\/wp-content\/uploads\/2017\/02\/170209-GarciaPalacios-Pedro-Rguez-y-Pedro-Rguez-300x210.jpg 300w, https:\/\/fundacioncajaruraldelsur.com\/wp-content\/uploads\/2017\/02\/170209-GarciaPalacios-Pedro-Rguez-y-Pedro-Rguez-768x537.jpg 768w, https:\/\/fundacioncajaruraldelsur.com\/wp-content\/uploads\/2017\/02\/170209-GarciaPalacios-Pedro-Rguez-y-Pedro-Rguez-1024x717.jpg 1024w\" sizes=\"auto, (max-width: 300px) 100vw, 300px\" \/><\/a><\/p>\n<p>Hasta el 1 de marzo en la Sala de Exposiciones de la Caja Rural del Sur. C\/ Murillo, 2. De lunes a viernes, de 11:00 a 13:00 y de 19:00 a 21:00.<\/p>\n<p>&nbsp;<\/p>","protected":false},"excerpt":{"rendered":"<p>&nbsp; El pintor onubense Pedro Rodr\u00edguez expone hasta el d\u00eda 1 de marzo en Sevilla, en la sala de la Fundaci\u00f3n Caja Rural del Sur, su exposici\u00f3n \u201cPaisajes\u201d donde el [&hellip;]<\/p>\n","protected":false},"author":4,"featured_media":3081,"comment_status":"closed","ping_status":"open","sticky":false,"template":"","format":"standard","meta":{"footnotes":""},"categories":[66,82],"tags":[],"class_list":["post-3080","post","type-post","status-publish","format-standard","has-post-thumbnail","hentry","category-actos","category-exposiciones"],"yoast_head":"<!-- This site is optimized with the Yoast SEO plugin v27.3 - https:\/\/yoast.com\/product\/yoast-seo-wordpress\/ -->\n<title>\u201cPaisajes\u201d del pintor Pedro Rodr\u00edguez en la sala Fundaci\u00f3n Caja Rural del Sur - Fundaci\u00f3n Caja Rural del Sur<\/title>\n<meta name=\"robots\" content=\"index, follow, max-snippet:-1, max-image-preview:large, max-video-preview:-1\" \/>\n<link rel=\"canonical\" href=\"https:\/\/fundacioncajaruraldelsur.com\/pt\/paisajes-del-pintor-pedro-rodriguez-la-sala-fundacion-caja-rural-del-sur\/\" \/>\n<meta property=\"og:locale\" content=\"pt_PT\" \/>\n<meta property=\"og:type\" content=\"article\" \/>\n<meta property=\"og:title\" content=\"\u201cPaisajes\u201d del pintor Pedro Rodr\u00edguez en la sala Fundaci\u00f3n Caja Rural del Sur - Fundaci\u00f3n Caja Rural del Sur\" \/>\n<meta property=\"og:description\" content=\"&nbsp; El pintor onubense Pedro Rodr\u00edguez expone hasta el d\u00eda 1 de marzo en Sevilla, en la sala de la Fundaci\u00f3n Caja Rural del Sur, su exposici\u00f3n \u201cPaisajes\u201d donde el [&hellip;]\" \/>\n<meta property=\"og:url\" content=\"https:\/\/fundacioncajaruraldelsur.com\/pt\/paisajes-del-pintor-pedro-rodriguez-la-sala-fundacion-caja-rural-del-sur\/\" \/>\n<meta property=\"og:site_name\" content=\"Fundaci\u00f3n Caja Rural del Sur\" \/>\n<meta property=\"article:published_time\" content=\"2017-02-17T10:10:38+00:00\" \/>\n<meta property=\"article:modified_time\" content=\"2017-02-17T11:22:33+00:00\" \/>\n<meta property=\"og:image\" content=\"https:\/\/fundacioncajaruraldelsur.com\/wp-content\/uploads\/2017\/02\/170209-Paisajes-1.jpg\" \/>\n\t<meta property=\"og:image:width\" content=\"3264\" \/>\n\t<meta property=\"og:image:height\" content=\"2448\" \/>\n\t<meta property=\"og:image:type\" content=\"image\/jpeg\" \/>\n<meta name=\"author\" content=\"Huelvaadmin\" \/>\n<meta name=\"twitter:card\" content=\"summary_large_image\" \/>\n<meta name=\"twitter:label1\" content=\"Written by\" \/>\n\t<meta name=\"twitter:data1\" content=\"Huelvaadmin\" \/>\n\t<meta name=\"twitter:label2\" content=\"Est. reading time\" \/>\n\t<meta name=\"twitter:data2\" content=\"2 minutes\" \/>\n<script type=\"application\/ld+json\" class=\"yoast-schema-graph\">{\"@context\":\"https:\\\/\\\/schema.org\",\"@graph\":[{\"@type\":\"Article\",\"@id\":\"https:\\\/\\\/fundacioncajaruraldelsur.com\\\/paisajes-del-pintor-pedro-rodriguez-la-sala-fundacion-caja-rural-del-sur\\\/#article\",\"isPartOf\":{\"@id\":\"https:\\\/\\\/fundacioncajaruraldelsur.com\\\/paisajes-del-pintor-pedro-rodriguez-la-sala-fundacion-caja-rural-del-sur\\\/\"},\"author\":{\"name\":\"Huelvaadmin\",\"@id\":\"https:\\\/\\\/fundacioncajaruraldelsur.com\\\/#\\\/schema\\\/person\\\/3cc097351ab55f31ece09bae985e0dff\"},\"headline\":\"\u201cPaisajes\u201d del pintor Pedro Rodr\u00edguez en la sala Fundaci\u00f3n Caja Rural del Sur\",\"datePublished\":\"2017-02-17T10:10:38+00:00\",\"dateModified\":\"2017-02-17T11:22:33+00:00\",\"mainEntityOfPage\":{\"@id\":\"https:\\\/\\\/fundacioncajaruraldelsur.com\\\/paisajes-del-pintor-pedro-rodriguez-la-sala-fundacion-caja-rural-del-sur\\\/\"},\"wordCount\":416,\"image\":{\"@id\":\"https:\\\/\\\/fundacioncajaruraldelsur.com\\\/paisajes-del-pintor-pedro-rodriguez-la-sala-fundacion-caja-rural-del-sur\\\/#primaryimage\"},\"thumbnailUrl\":\"https:\\\/\\\/fundacioncajaruraldelsur.com\\\/wp-content\\\/uploads\\\/2017\\\/02\\\/170209-Paisajes-1.jpg\",\"articleSection\":[\"Actos\",\"Exposiciones\"],\"inLanguage\":\"pt-PT\"},{\"@type\":\"WebPage\",\"@id\":\"https:\\\/\\\/fundacioncajaruraldelsur.com\\\/paisajes-del-pintor-pedro-rodriguez-la-sala-fundacion-caja-rural-del-sur\\\/\",\"url\":\"https:\\\/\\\/fundacioncajaruraldelsur.com\\\/paisajes-del-pintor-pedro-rodriguez-la-sala-fundacion-caja-rural-del-sur\\\/\",\"name\":\"\u201cPaisajes\u201d del pintor Pedro Rodr\u00edguez en la sala Fundaci\u00f3n Caja Rural del Sur - Fundaci\u00f3n Caja Rural del Sur\",\"isPartOf\":{\"@id\":\"https:\\\/\\\/fundacioncajaruraldelsur.com\\\/#website\"},\"primaryImageOfPage\":{\"@id\":\"https:\\\/\\\/fundacioncajaruraldelsur.com\\\/paisajes-del-pintor-pedro-rodriguez-la-sala-fundacion-caja-rural-del-sur\\\/#primaryimage\"},\"image\":{\"@id\":\"https:\\\/\\\/fundacioncajaruraldelsur.com\\\/paisajes-del-pintor-pedro-rodriguez-la-sala-fundacion-caja-rural-del-sur\\\/#primaryimage\"},\"thumbnailUrl\":\"https:\\\/\\\/fundacioncajaruraldelsur.com\\\/wp-content\\\/uploads\\\/2017\\\/02\\\/170209-Paisajes-1.jpg\",\"datePublished\":\"2017-02-17T10:10:38+00:00\",\"dateModified\":\"2017-02-17T11:22:33+00:00\",\"author\":{\"@id\":\"https:\\\/\\\/fundacioncajaruraldelsur.com\\\/#\\\/schema\\\/person\\\/3cc097351ab55f31ece09bae985e0dff\"},\"breadcrumb\":{\"@id\":\"https:\\\/\\\/fundacioncajaruraldelsur.com\\\/paisajes-del-pintor-pedro-rodriguez-la-sala-fundacion-caja-rural-del-sur\\\/#breadcrumb\"},\"inLanguage\":\"pt-PT\",\"potentialAction\":[{\"@type\":\"ReadAction\",\"target\":[\"https:\\\/\\\/fundacioncajaruraldelsur.com\\\/paisajes-del-pintor-pedro-rodriguez-la-sala-fundacion-caja-rural-del-sur\\\/\"]}]},{\"@type\":\"ImageObject\",\"inLanguage\":\"pt-PT\",\"@id\":\"https:\\\/\\\/fundacioncajaruraldelsur.com\\\/paisajes-del-pintor-pedro-rodriguez-la-sala-fundacion-caja-rural-del-sur\\\/#primaryimage\",\"url\":\"https:\\\/\\\/fundacioncajaruraldelsur.com\\\/wp-content\\\/uploads\\\/2017\\\/02\\\/170209-Paisajes-1.jpg\",\"contentUrl\":\"https:\\\/\\\/fundacioncajaruraldelsur.com\\\/wp-content\\\/uploads\\\/2017\\\/02\\\/170209-Paisajes-1.jpg\",\"width\":3264,\"height\":2448},{\"@type\":\"BreadcrumbList\",\"@id\":\"https:\\\/\\\/fundacioncajaruraldelsur.com\\\/paisajes-del-pintor-pedro-rodriguez-la-sala-fundacion-caja-rural-del-sur\\\/#breadcrumb\",\"itemListElement\":[{\"@type\":\"ListItem\",\"position\":1,\"name\":\"Portada\",\"item\":\"https:\\\/\\\/fundacioncajaruraldelsur.com\\\/\"},{\"@type\":\"ListItem\",\"position\":2,\"name\":\"\u201cPaisajes\u201d del pintor Pedro Rodr\u00edguez en la sala Fundaci\u00f3n Caja Rural del Sur\"}]},{\"@type\":\"WebSite\",\"@id\":\"https:\\\/\\\/fundacioncajaruraldelsur.com\\\/#website\",\"url\":\"https:\\\/\\\/fundacioncajaruraldelsur.com\\\/\",\"name\":\"Fundaci\u00f3n Caja Rural del Sur\",\"description\":\"\",\"potentialAction\":[{\"@type\":\"SearchAction\",\"target\":{\"@type\":\"EntryPoint\",\"urlTemplate\":\"https:\\\/\\\/fundacioncajaruraldelsur.com\\\/?s={search_term_string}\"},\"query-input\":{\"@type\":\"PropertyValueSpecification\",\"valueRequired\":true,\"valueName\":\"search_term_string\"}}],\"inLanguage\":\"pt-PT\"},{\"@type\":\"Person\",\"@id\":\"https:\\\/\\\/fundacioncajaruraldelsur.com\\\/#\\\/schema\\\/person\\\/3cc097351ab55f31ece09bae985e0dff\",\"name\":\"Huelvaadmin\",\"image\":{\"@type\":\"ImageObject\",\"inLanguage\":\"pt-PT\",\"@id\":\"https:\\\/\\\/secure.gravatar.com\\\/avatar\\\/844b95d9bb5bedef6ef3f07e4ac357114f2d6f55fe0799f36cbe3975aebd8bcc?s=96&d=blank&r=g\",\"url\":\"https:\\\/\\\/secure.gravatar.com\\\/avatar\\\/844b95d9bb5bedef6ef3f07e4ac357114f2d6f55fe0799f36cbe3975aebd8bcc?s=96&d=blank&r=g\",\"contentUrl\":\"https:\\\/\\\/secure.gravatar.com\\\/avatar\\\/844b95d9bb5bedef6ef3f07e4ac357114f2d6f55fe0799f36cbe3975aebd8bcc?s=96&d=blank&r=g\",\"caption\":\"Huelvaadmin\"}}]}<\/script>\n<!-- \/ Yoast SEO plugin. -->","yoast_head_json":{"title":"\u201cPaisajes\u201d del pintor Pedro Rodr\u00edguez en la sala Fundaci\u00f3n Caja Rural del Sur - Fundaci\u00f3n Caja Rural del Sur","robots":{"index":"index","follow":"follow","max-snippet":"max-snippet:-1","max-image-preview":"max-image-preview:large","max-video-preview":"max-video-preview:-1"},"canonical":"https:\/\/fundacioncajaruraldelsur.com\/pt\/paisajes-del-pintor-pedro-rodriguez-la-sala-fundacion-caja-rural-del-sur\/","og_locale":"pt_PT","og_type":"article","og_title":"\u201cPaisajes\u201d del pintor Pedro Rodr\u00edguez en la sala Fundaci\u00f3n Caja Rural del Sur - Fundaci\u00f3n Caja Rural del Sur","og_description":"&nbsp; El pintor onubense Pedro Rodr\u00edguez expone hasta el d\u00eda 1 de marzo en Sevilla, en la sala de la Fundaci\u00f3n Caja Rural del Sur, su exposici\u00f3n \u201cPaisajes\u201d donde el [&hellip;]","og_url":"https:\/\/fundacioncajaruraldelsur.com\/pt\/paisajes-del-pintor-pedro-rodriguez-la-sala-fundacion-caja-rural-del-sur\/","og_site_name":"Fundaci\u00f3n Caja Rural del Sur","article_published_time":"2017-02-17T10:10:38+00:00","article_modified_time":"2017-02-17T11:22:33+00:00","og_image":[{"width":3264,"height":2448,"url":"https:\/\/fundacioncajaruraldelsur.com\/wp-content\/uploads\/2017\/02\/170209-Paisajes-1.jpg","type":"image\/jpeg"}],"author":"Huelvaadmin","twitter_card":"summary_large_image","twitter_misc":{"Written by":"Huelvaadmin","Est. reading time":"2 minutes"},"schema":{"@context":"https:\/\/schema.org","@graph":[{"@type":"Article","@id":"https:\/\/fundacioncajaruraldelsur.com\/paisajes-del-pintor-pedro-rodriguez-la-sala-fundacion-caja-rural-del-sur\/#article","isPartOf":{"@id":"https:\/\/fundacioncajaruraldelsur.com\/paisajes-del-pintor-pedro-rodriguez-la-sala-fundacion-caja-rural-del-sur\/"},"author":{"name":"Huelvaadmin","@id":"https:\/\/fundacioncajaruraldelsur.com\/#\/schema\/person\/3cc097351ab55f31ece09bae985e0dff"},"headline":"\u201cPaisajes\u201d del pintor Pedro Rodr\u00edguez en la sala Fundaci\u00f3n Caja Rural del Sur","datePublished":"2017-02-17T10:10:38+00:00","dateModified":"2017-02-17T11:22:33+00:00","mainEntityOfPage":{"@id":"https:\/\/fundacioncajaruraldelsur.com\/paisajes-del-pintor-pedro-rodriguez-la-sala-fundacion-caja-rural-del-sur\/"},"wordCount":416,"image":{"@id":"https:\/\/fundacioncajaruraldelsur.com\/paisajes-del-pintor-pedro-rodriguez-la-sala-fundacion-caja-rural-del-sur\/#primaryimage"},"thumbnailUrl":"https:\/\/fundacioncajaruraldelsur.com\/wp-content\/uploads\/2017\/02\/170209-Paisajes-1.jpg","articleSection":["Actos","Exposiciones"],"inLanguage":"pt-PT"},{"@type":"WebPage","@id":"https:\/\/fundacioncajaruraldelsur.com\/paisajes-del-pintor-pedro-rodriguez-la-sala-fundacion-caja-rural-del-sur\/","url":"https:\/\/fundacioncajaruraldelsur.com\/paisajes-del-pintor-pedro-rodriguez-la-sala-fundacion-caja-rural-del-sur\/","name":"\u201cPaisajes\u201d del pintor Pedro Rodr\u00edguez en la sala Fundaci\u00f3n Caja Rural del Sur - Fundaci\u00f3n Caja Rural del Sur","isPartOf":{"@id":"https:\/\/fundacioncajaruraldelsur.com\/#website"},"primaryImageOfPage":{"@id":"https:\/\/fundacioncajaruraldelsur.com\/paisajes-del-pintor-pedro-rodriguez-la-sala-fundacion-caja-rural-del-sur\/#primaryimage"},"image":{"@id":"https:\/\/fundacioncajaruraldelsur.com\/paisajes-del-pintor-pedro-rodriguez-la-sala-fundacion-caja-rural-del-sur\/#primaryimage"},"thumbnailUrl":"https:\/\/fundacioncajaruraldelsur.com\/wp-content\/uploads\/2017\/02\/170209-Paisajes-1.jpg","datePublished":"2017-02-17T10:10:38+00:00","dateModified":"2017-02-17T11:22:33+00:00","author":{"@id":"https:\/\/fundacioncajaruraldelsur.com\/#\/schema\/person\/3cc097351ab55f31ece09bae985e0dff"},"breadcrumb":{"@id":"https:\/\/fundacioncajaruraldelsur.com\/paisajes-del-pintor-pedro-rodriguez-la-sala-fundacion-caja-rural-del-sur\/#breadcrumb"},"inLanguage":"pt-PT","potentialAction":[{"@type":"ReadAction","target":["https:\/\/fundacioncajaruraldelsur.com\/paisajes-del-pintor-pedro-rodriguez-la-sala-fundacion-caja-rural-del-sur\/"]}]},{"@type":"ImageObject","inLanguage":"pt-PT","@id":"https:\/\/fundacioncajaruraldelsur.com\/paisajes-del-pintor-pedro-rodriguez-la-sala-fundacion-caja-rural-del-sur\/#primaryimage","url":"https:\/\/fundacioncajaruraldelsur.com\/wp-content\/uploads\/2017\/02\/170209-Paisajes-1.jpg","contentUrl":"https:\/\/fundacioncajaruraldelsur.com\/wp-content\/uploads\/2017\/02\/170209-Paisajes-1.jpg","width":3264,"height":2448},{"@type":"BreadcrumbList","@id":"https:\/\/fundacioncajaruraldelsur.com\/paisajes-del-pintor-pedro-rodriguez-la-sala-fundacion-caja-rural-del-sur\/#breadcrumb","itemListElement":[{"@type":"ListItem","position":1,"name":"Portada","item":"https:\/\/fundacioncajaruraldelsur.com\/"},{"@type":"ListItem","position":2,"name":"\u201cPaisajes\u201d del pintor Pedro Rodr\u00edguez en la sala Fundaci\u00f3n Caja Rural del Sur"}]},{"@type":"WebSite","@id":"https:\/\/fundacioncajaruraldelsur.com\/#website","url":"https:\/\/fundacioncajaruraldelsur.com\/","name":"Funda\u00e7\u00e3o Caja Rural del Sur","description":"","potentialAction":[{"@type":"SearchAction","target":{"@type":"EntryPoint","urlTemplate":"https:\/\/fundacioncajaruraldelsur.com\/?s={search_term_string}"},"query-input":{"@type":"PropertyValueSpecification","valueRequired":true,"valueName":"search_term_string"}}],"inLanguage":"pt-PT"},{"@type":"Person","@id":"https:\/\/fundacioncajaruraldelsur.com\/#\/schema\/person\/3cc097351ab55f31ece09bae985e0dff","name":"Huelvaadmin","image":{"@type":"ImageObject","inLanguage":"pt-PT","@id":"https:\/\/secure.gravatar.com\/avatar\/844b95d9bb5bedef6ef3f07e4ac357114f2d6f55fe0799f36cbe3975aebd8bcc?s=96&d=blank&r=g","url":"https:\/\/secure.gravatar.com\/avatar\/844b95d9bb5bedef6ef3f07e4ac357114f2d6f55fe0799f36cbe3975aebd8bcc?s=96&d=blank&r=g","contentUrl":"https:\/\/secure.gravatar.com\/avatar\/844b95d9bb5bedef6ef3f07e4ac357114f2d6f55fe0799f36cbe3975aebd8bcc?s=96&d=blank&r=g","caption":"Huelvaadmin"}}]}},"rttpg_featured_image_url":{"full":["https:\/\/fundacioncajaruraldelsur.com\/wp-content\/uploads\/2017\/02\/170209-Paisajes-1.jpg",3264,2448,false],"landscape":["https:\/\/fundacioncajaruraldelsur.com\/wp-content\/uploads\/2017\/02\/170209-Paisajes-1.jpg",3264,2448,false],"portraits":["https:\/\/fundacioncajaruraldelsur.com\/wp-content\/uploads\/2017\/02\/170209-Paisajes-1.jpg",3264,2448,false],"thumbnail":["https:\/\/fundacioncajaruraldelsur.com\/wp-content\/uploads\/2017\/02\/170209-Paisajes-1-150x150.jpg",150,150,true],"medium":["https:\/\/fundacioncajaruraldelsur.com\/wp-content\/uploads\/2017\/02\/170209-Paisajes-1-300x225.jpg",300,225,true],"large":["https:\/\/fundacioncajaruraldelsur.com\/wp-content\/uploads\/2017\/02\/170209-Paisajes-1-1024x768.jpg",960,720,true],"1536x1536":["https:\/\/fundacioncajaruraldelsur.com\/wp-content\/uploads\/2017\/02\/170209-Paisajes-1.jpg",1536,1152,false],"2048x2048":["https:\/\/fundacioncajaruraldelsur.com\/wp-content\/uploads\/2017\/02\/170209-Paisajes-1.jpg",2048,1536,false],"trp-custom-language-flag":["https:\/\/fundacioncajaruraldelsur.com\/wp-content\/uploads\/2017\/02\/170209-Paisajes-1.jpg",16,12,false],"blog-thumbnail":["https:\/\/fundacioncajaruraldelsur.com\/wp-content\/uploads\/2017\/02\/170209-Paisajes-1-400x200.jpg",400,200,true]},"rttpg_author":{"display_name":"Huelvaadmin","author_link":"https:\/\/fundacioncajaruraldelsur.com\/pt\/author\/huelvaadmin\/"},"rttpg_comment":0,"rttpg_category":"<a href=\"https:\/\/fundacioncajaruraldelsur.com\/pt\/category\/actos\/\" rel=\"category tag\">Actos<\/a> <a href=\"https:\/\/fundacioncajaruraldelsur.com\/pt\/category\/exposiciones\/\" rel=\"category tag\">Exposiciones<\/a>","rttpg_excerpt":"&nbsp; El pintor onubense Pedro Rodr\u00edguez expone hasta el d\u00eda 1 de marzo en Sevilla, en la sala de la Fundaci\u00f3n Caja Rural del Sur, su exposici\u00f3n \u201cPaisajes\u201d donde el [&hellip;]","_links":{"self":[{"href":"https:\/\/fundacioncajaruraldelsur.com\/pt\/wp-json\/wp\/v2\/posts\/3080","targetHints":{"allow":["GET"]}}],"collection":[{"href":"https:\/\/fundacioncajaruraldelsur.com\/pt\/wp-json\/wp\/v2\/posts"}],"about":[{"href":"https:\/\/fundacioncajaruraldelsur.com\/pt\/wp-json\/wp\/v2\/types\/post"}],"author":[{"embeddable":true,"href":"https:\/\/fundacioncajaruraldelsur.com\/pt\/wp-json\/wp\/v2\/users\/4"}],"replies":[{"embeddable":true,"href":"https:\/\/fundacioncajaruraldelsur.com\/pt\/wp-json\/wp\/v2\/comments?post=3080"}],"version-history":[{"count":4,"href":"https:\/\/fundacioncajaruraldelsur.com\/pt\/wp-json\/wp\/v2\/posts\/3080\/revisions"}],"predecessor-version":[{"id":3086,"href":"https:\/\/fundacioncajaruraldelsur.com\/pt\/wp-json\/wp\/v2\/posts\/3080\/revisions\/3086"}],"wp:featuredmedia":[{"embeddable":true,"href":"https:\/\/fundacioncajaruraldelsur.com\/pt\/wp-json\/wp\/v2\/media\/3081"}],"wp:attachment":[{"href":"https:\/\/fundacioncajaruraldelsur.com\/pt\/wp-json\/wp\/v2\/media?parent=3080"}],"wp:term":[{"taxonomy":"category","embeddable":true,"href":"https:\/\/fundacioncajaruraldelsur.com\/pt\/wp-json\/wp\/v2\/categories?post=3080"},{"taxonomy":"post_tag","embeddable":true,"href":"https:\/\/fundacioncajaruraldelsur.com\/pt\/wp-json\/wp\/v2\/tags?post=3080"}],"curies":[{"name":"wp","href":"https:\/\/api.w.org\/{rel}","templated":true}]}}