{"id":3019,"date":"2016-09-27T12:25:19","date_gmt":"2016-09-27T12:25:19","guid":{"rendered":"\/?p=3019"},"modified":"2016-09-27T12:25:19","modified_gmt":"2016-09-27T12:25:19","slug":"agrocosta-la-clausura-xxv-edicion-reconoce-apoyo-caja-rural-del-sur-desde-comienzos-1988","status":"publish","type":"post","link":"https:\/\/fundacioncajaruraldelsur.com\/pt\/agrocosta-la-clausura-xxv-edicion-reconoce-apoyo-caja-rural-del-sur-desde-comienzos-1988\/","title":{"rendered":"Agrocosta, en la clausura de su XXV edici\u00f3n, reconoce el apoyo de Caja Rural del Sur desde sus comienzos en 1988"},"content":{"rendered":"<p><strong>Tambi\u00e9n fueron homenajeados todos los que han contribuido a su mantenimiento y desarrollo<\/strong><\/p>\n<p>El presidente de Caja Rural del Sur su Fundaci\u00f3n, Jos\u00e9 Luis Garc\u00eda Palacios, aprovech\u00f3 su intervenci\u00f3n en el acto de clausura de la XXV edici\u00f3n de<strong>\u00a0<\/strong><strong>Agrocosta<\/strong>\u00a0 para alabar la transformaci\u00f3n sufrida en el agro onubense desde que se inici\u00f3 la feria en el a\u00f1o 1988 y recordar que \u201cexiste clima y embalsamiento de agua suficiente para aumentar, valorando el riesgo que supone toda inversi\u00f3n, el n\u00famero de hect\u00e1rea de regad\u00edos que hay en la provincia\u201d. La entidad, junto a todos los que han colaborado desde la creaci\u00f3n de Agrocosta y en su desarrollo, recibieron por parte el\u00a0<strong>alcalde de Lepe, Juan Manuel Gonz\u00e1lez,<\/strong><strong>\u00a0<\/strong>quien estuvo acompa\u00f1ado en la mesa por el gerente <strong>del\u00a0<\/strong><strong>Centro Tecnol\u00f3gico de la Agroindustria (ADESVA), Aurelio G\u00f3mez<\/strong>, el reconocimiento por este apoyo.<\/p>\n<p>De esta forma adem\u00e1s de Caja Rural del Sur y su Fundaci\u00f3n, recibieron sendos recuerdos los representantes de <strong>Polisur, Lepeplas y Santa Gema<\/strong><strong>;<\/strong> <strong>la Comunidad de Regantes \u2018Piedras- Guadiana\u2019<\/strong><strong> y<\/strong>\u00a0a t\u00e9cnicos municipales como\u00a0<strong>Jos\u00e9 Manuel Chaves Ortiz<\/strong><strong>, <\/strong>organizador de Agrocosta en sus inicios.<\/p>\n<p>El nombre de todos ellos habl\u00f3 el\u00a0<strong>presidente de Caja Rural del Sur y su Fundaci\u00f3n, Jos\u00e9 Luis Garc\u00eda Palacios<\/strong>, quien empez\u00f3 diciendo que \u00abel paso del tiempo, cuando de manera personal, y en representaci\u00f3n de las entidades\u00a0se ha participado activamente en lo que en un principio eran s\u00f3lo proyectos pero m\u00e1s tarde se fueron convirtiendo en realidad hasta llegar a su XXV edici\u00f3n en este a\u00f1o 2016, nos coloca en una situaci\u00f3n privilegiada, por la experiencia acumulada, a la hora de hacer balances. Y m\u00e1s cuando lo que venimos a clausurar hoy comienza, nada m\u00e1s y nada menos, que en el a\u00f1o 1988&#8243;. Y se preguntaba si \u00bb\u00a0\u00bfHa cambiado Lepe desde entonces?\u00bb para contestar que \u00ab\u00a1Una barbaridad!\u00bb como tambi\u00e9n si \u00ab\u00bfHa cambiado la provincia de Huelva, sus agricultores en estos a\u00f1os?\u00bb para indicar que \u00absin lugar a dudas s\u00ed porque si no la \u2018revoluci\u00f3n verde\u2019, las hect\u00e1reas de cultivos hortofrut\u00edcolas que ya est\u00e1n a pleno rendimiento, no hubieran sido posible\u00bb.<\/p>\n<p>Y a\u00f1ad\u00eda en su intervenci\u00f3n que \u00bb la Comisi\u00f3n Organizadora de la Feria se Agrocosta ha tenido a bien distinguir a quienes en esos a\u00f1os trabajamos por hacer posible este encuentro del sector. Lo primero es agradecer, en nombre de Caja Rural del Sur y de su Fundaci\u00f3n, este reconocimiento y felicitar a quienes tambi\u00e9n han sido galardonados por este mismo motivo.\u00a0Pero con el mismo esp\u00edritu emprendedor, impulsor y hasta aventurero, quisiera dejar constancia hoy aqu\u00ed de que todav\u00eda queda mucho camino por recorrer cuando la provincia de Huelva, por su excelente climatolog\u00eda y embalsamiento de agua, puede doblar el n\u00famero de hect\u00e1reas que hay ahora mismo en regad\u00edo.\u00a0No hace muchos meses Caja Rural del Sur ha apostado por este proyecto, que sus promotores deben tener ya en marcha y que requiere muchos pasos administrativos e inversiones tanto p\u00fablicas como privadas\u00bb<\/p>\n<p>Jos\u00e9 Luis Garc\u00eda Palacios no pasaba por alto que \u00abtambi\u00e9n una buena armada estructura empresarial y cooperativista porque hay que seguir diversificando los cultivos y ampliando la estacionalidad productiva. La innovaci\u00f3n es primordial como lo es tambi\u00e9n estar pr\u00f3ximo a las demandas de unos mercados cada d\u00eda m\u00e1s globalizados. Creo en este sentido que completar la zona expositiva con unas Jornadas de actualizaci\u00f3n de conocimientos es muy positivo. El moderno Centro Tecnol\u00f3gico de la Agroindustria, ADESVA, re\u00fane unas condiciones \u00f3ptimas para hacerlo posible<\/p>\n<p>Tuvo palabras de a\u00f1oranza por los primeros a\u00f1os de la feria agr\u00edcola: \u00abPero me tienen que perdonar porque ser\u00eda injusto no mencionarlo, la entra\u00f1able acogida que la Cooperativa Nuestra Se\u00f1ora de La Bella siempre nos dio como Comisi\u00f3n Organizadora para que se hiciera posible esta Feria de Agrocosta. Unos tiempos que quedan en la retina y en el coraz\u00f3n de muchos\u00bb. Y terminaba reafirmado que \u00abCaja Rural de Huelva, \u00a0luego Caja Rural del Sur y m\u00e1s tarde su Fundaci\u00f3n, hemos estado siempre al lado del sector y del Ayuntamiento de Lepe porque era muy conveniente el contacto directo entre agricultores, cooperativas y empresas, como la trasmisi\u00f3n de experiencias y conocimientos, adem\u00e1s de conocer las aportaciones tecnol\u00f3gicas que ayudaran a mejorar la rentabilidad de las distintas explotaciones agrarias.\u00a0Como presidente de la entidad puede reafirmar este mismo compromiso sellado en el a\u00f1o 1988 y desear que en la nueva edici\u00f3n nos podamos de nuevo encontrar todos aqu\u00ed de nuevo\u00bb.<\/p>\n<p>&nbsp;<\/p>","protected":false},"excerpt":{"rendered":"<p>Tambi\u00e9n fueron homenajeados todos los que han contribuido a su mantenimiento y desarrollo El presidente de Caja Rural del Sur su Fundaci\u00f3n, Jos\u00e9 Luis Garc\u00eda Palacios, aprovech\u00f3 su intervenci\u00f3n en [&hellip;]<\/p>\n","protected":false},"author":4,"featured_media":3020,"comment_status":"closed","ping_status":"open","sticky":false,"template":"","format":"standard","meta":{"footnotes":""},"categories":[79,73,68],"tags":[],"class_list":["post-3019","post","type-post","status-publish","format-standard","has-post-thumbnail","hentry","category-ferias","category-jornadas","category-sector-agrario"],"yoast_head":"<!-- This site is optimized with the Yoast SEO plugin v27.3 - https:\/\/yoast.com\/product\/yoast-seo-wordpress\/ -->\n<title>Agrocosta, en la clausura de su XXV edici\u00f3n, reconoce el apoyo de Caja Rural del Sur desde sus comienzos en 1988 - Fundaci\u00f3n Caja Rural del Sur<\/title>\n<meta name=\"robots\" content=\"index, follow, max-snippet:-1, max-image-preview:large, max-video-preview:-1\" \/>\n<link rel=\"canonical\" href=\"https:\/\/fundacioncajaruraldelsur.com\/pt\/agrocosta-la-clausura-xxv-edicion-reconoce-apoyo-caja-rural-del-sur-desde-comienzos-1988\/\" \/>\n<meta property=\"og:locale\" content=\"pt_PT\" \/>\n<meta property=\"og:type\" content=\"article\" \/>\n<meta property=\"og:title\" content=\"Agrocosta, en la clausura de su XXV edici\u00f3n, reconoce el apoyo de Caja Rural del Sur desde sus comienzos en 1988 - Fundaci\u00f3n Caja Rural del Sur\" \/>\n<meta property=\"og:description\" content=\"Tambi\u00e9n fueron homenajeados todos los que han contribuido a su mantenimiento y desarrollo El presidente de Caja Rural del Sur su Fundaci\u00f3n, Jos\u00e9 Luis Garc\u00eda Palacios, aprovech\u00f3 su intervenci\u00f3n en [&hellip;]\" \/>\n<meta property=\"og:url\" content=\"https:\/\/fundacioncajaruraldelsur.com\/pt\/agrocosta-la-clausura-xxv-edicion-reconoce-apoyo-caja-rural-del-sur-desde-comienzos-1988\/\" \/>\n<meta property=\"og:site_name\" content=\"Fundaci\u00f3n Caja Rural del Sur\" \/>\n<meta property=\"article:published_time\" content=\"2016-09-27T12:25:19+00:00\" \/>\n<meta property=\"og:image\" content=\"https:\/\/fundacioncajaruraldelsur.com\/wp-content\/uploads\/2016\/09\/160922-El-presidente-de-Caja-Rural-del-Sur-recibi\u00f3-el-reconocimiento-por-el-apoyo-de-la-entidad-a-la-Agrocosta-desde-1988-2.jpg\" \/>\n\t<meta property=\"og:image:width\" content=\"1500\" \/>\n\t<meta property=\"og:image:height\" content=\"935\" \/>\n\t<meta property=\"og:image:type\" content=\"image\/jpeg\" \/>\n<meta name=\"author\" content=\"Huelvaadmin\" \/>\n<meta name=\"twitter:card\" content=\"summary_large_image\" \/>\n<meta name=\"twitter:label1\" content=\"Written by\" \/>\n\t<meta name=\"twitter:data1\" content=\"Huelvaadmin\" \/>\n\t<meta name=\"twitter:label2\" content=\"Est. reading time\" \/>\n\t<meta name=\"twitter:data2\" content=\"4 minutes\" \/>\n<script type=\"application\/ld+json\" class=\"yoast-schema-graph\">{\"@context\":\"https:\\\/\\\/schema.org\",\"@graph\":[{\"@type\":\"Article\",\"@id\":\"https:\\\/\\\/fundacioncajaruraldelsur.com\\\/agrocosta-la-clausura-xxv-edicion-reconoce-apoyo-caja-rural-del-sur-desde-comienzos-1988\\\/#article\",\"isPartOf\":{\"@id\":\"https:\\\/\\\/fundacioncajaruraldelsur.com\\\/agrocosta-la-clausura-xxv-edicion-reconoce-apoyo-caja-rural-del-sur-desde-comienzos-1988\\\/\"},\"author\":{\"name\":\"Huelvaadmin\",\"@id\":\"https:\\\/\\\/fundacioncajaruraldelsur.com\\\/#\\\/schema\\\/person\\\/3cc097351ab55f31ece09bae985e0dff\"},\"headline\":\"Agrocosta, en la clausura de su XXV edici\u00f3n, reconoce el apoyo de Caja Rural del Sur desde sus comienzos en 1988\",\"datePublished\":\"2016-09-27T12:25:19+00:00\",\"mainEntityOfPage\":{\"@id\":\"https:\\\/\\\/fundacioncajaruraldelsur.com\\\/agrocosta-la-clausura-xxv-edicion-reconoce-apoyo-caja-rural-del-sur-desde-comienzos-1988\\\/\"},\"wordCount\":822,\"image\":{\"@id\":\"https:\\\/\\\/fundacioncajaruraldelsur.com\\\/agrocosta-la-clausura-xxv-edicion-reconoce-apoyo-caja-rural-del-sur-desde-comienzos-1988\\\/#primaryimage\"},\"thumbnailUrl\":\"https:\\\/\\\/fundacioncajaruraldelsur.com\\\/wp-content\\\/uploads\\\/2016\\\/09\\\/160922-El-presidente-de-Caja-Rural-del-Sur-recibi\u00f3-el-reconocimiento-por-el-apoyo-de-la-entidad-a-la-Agrocosta-desde-1988-2.jpg\",\"articleSection\":[\"Ferias\",\"Jornadas\",\"Sector agrario\"],\"inLanguage\":\"pt-PT\"},{\"@type\":\"WebPage\",\"@id\":\"https:\\\/\\\/fundacioncajaruraldelsur.com\\\/agrocosta-la-clausura-xxv-edicion-reconoce-apoyo-caja-rural-del-sur-desde-comienzos-1988\\\/\",\"url\":\"https:\\\/\\\/fundacioncajaruraldelsur.com\\\/agrocosta-la-clausura-xxv-edicion-reconoce-apoyo-caja-rural-del-sur-desde-comienzos-1988\\\/\",\"name\":\"Agrocosta, en la clausura de su XXV edici\u00f3n, reconoce el apoyo de Caja Rural del Sur desde sus comienzos en 1988 - Fundaci\u00f3n Caja Rural del Sur\",\"isPartOf\":{\"@id\":\"https:\\\/\\\/fundacioncajaruraldelsur.com\\\/#website\"},\"primaryImageOfPage\":{\"@id\":\"https:\\\/\\\/fundacioncajaruraldelsur.com\\\/agrocosta-la-clausura-xxv-edicion-reconoce-apoyo-caja-rural-del-sur-desde-comienzos-1988\\\/#primaryimage\"},\"image\":{\"@id\":\"https:\\\/\\\/fundacioncajaruraldelsur.com\\\/agrocosta-la-clausura-xxv-edicion-reconoce-apoyo-caja-rural-del-sur-desde-comienzos-1988\\\/#primaryimage\"},\"thumbnailUrl\":\"https:\\\/\\\/fundacioncajaruraldelsur.com\\\/wp-content\\\/uploads\\\/2016\\\/09\\\/160922-El-presidente-de-Caja-Rural-del-Sur-recibi\u00f3-el-reconocimiento-por-el-apoyo-de-la-entidad-a-la-Agrocosta-desde-1988-2.jpg\",\"datePublished\":\"2016-09-27T12:25:19+00:00\",\"author\":{\"@id\":\"https:\\\/\\\/fundacioncajaruraldelsur.com\\\/#\\\/schema\\\/person\\\/3cc097351ab55f31ece09bae985e0dff\"},\"breadcrumb\":{\"@id\":\"https:\\\/\\\/fundacioncajaruraldelsur.com\\\/agrocosta-la-clausura-xxv-edicion-reconoce-apoyo-caja-rural-del-sur-desde-comienzos-1988\\\/#breadcrumb\"},\"inLanguage\":\"pt-PT\",\"potentialAction\":[{\"@type\":\"ReadAction\",\"target\":[\"https:\\\/\\\/fundacioncajaruraldelsur.com\\\/agrocosta-la-clausura-xxv-edicion-reconoce-apoyo-caja-rural-del-sur-desde-comienzos-1988\\\/\"]}]},{\"@type\":\"ImageObject\",\"inLanguage\":\"pt-PT\",\"@id\":\"https:\\\/\\\/fundacioncajaruraldelsur.com\\\/agrocosta-la-clausura-xxv-edicion-reconoce-apoyo-caja-rural-del-sur-desde-comienzos-1988\\\/#primaryimage\",\"url\":\"https:\\\/\\\/fundacioncajaruraldelsur.com\\\/wp-content\\\/uploads\\\/2016\\\/09\\\/160922-El-presidente-de-Caja-Rural-del-Sur-recibi\u00f3-el-reconocimiento-por-el-apoyo-de-la-entidad-a-la-Agrocosta-desde-1988-2.jpg\",\"contentUrl\":\"https:\\\/\\\/fundacioncajaruraldelsur.com\\\/wp-content\\\/uploads\\\/2016\\\/09\\\/160922-El-presidente-de-Caja-Rural-del-Sur-recibi\u00f3-el-reconocimiento-por-el-apoyo-de-la-entidad-a-la-Agrocosta-desde-1988-2.jpg\",\"width\":1500,\"height\":935},{\"@type\":\"BreadcrumbList\",\"@id\":\"https:\\\/\\\/fundacioncajaruraldelsur.com\\\/agrocosta-la-clausura-xxv-edicion-reconoce-apoyo-caja-rural-del-sur-desde-comienzos-1988\\\/#breadcrumb\",\"itemListElement\":[{\"@type\":\"ListItem\",\"position\":1,\"name\":\"Portada\",\"item\":\"https:\\\/\\\/fundacioncajaruraldelsur.com\\\/\"},{\"@type\":\"ListItem\",\"position\":2,\"name\":\"Agrocosta, en la clausura de su XXV edici\u00f3n, reconoce el apoyo de Caja Rural del Sur desde sus comienzos en 1988\"}]},{\"@type\":\"WebSite\",\"@id\":\"https:\\\/\\\/fundacioncajaruraldelsur.com\\\/#website\",\"url\":\"https:\\\/\\\/fundacioncajaruraldelsur.com\\\/\",\"name\":\"Fundaci\u00f3n Caja Rural del Sur\",\"description\":\"\",\"potentialAction\":[{\"@type\":\"SearchAction\",\"target\":{\"@type\":\"EntryPoint\",\"urlTemplate\":\"https:\\\/\\\/fundacioncajaruraldelsur.com\\\/?s={search_term_string}\"},\"query-input\":{\"@type\":\"PropertyValueSpecification\",\"valueRequired\":true,\"valueName\":\"search_term_string\"}}],\"inLanguage\":\"pt-PT\"},{\"@type\":\"Person\",\"@id\":\"https:\\\/\\\/fundacioncajaruraldelsur.com\\\/#\\\/schema\\\/person\\\/3cc097351ab55f31ece09bae985e0dff\",\"name\":\"Huelvaadmin\",\"image\":{\"@type\":\"ImageObject\",\"inLanguage\":\"pt-PT\",\"@id\":\"https:\\\/\\\/secure.gravatar.com\\\/avatar\\\/844b95d9bb5bedef6ef3f07e4ac357114f2d6f55fe0799f36cbe3975aebd8bcc?s=96&d=blank&r=g\",\"url\":\"https:\\\/\\\/secure.gravatar.com\\\/avatar\\\/844b95d9bb5bedef6ef3f07e4ac357114f2d6f55fe0799f36cbe3975aebd8bcc?s=96&d=blank&r=g\",\"contentUrl\":\"https:\\\/\\\/secure.gravatar.com\\\/avatar\\\/844b95d9bb5bedef6ef3f07e4ac357114f2d6f55fe0799f36cbe3975aebd8bcc?s=96&d=blank&r=g\",\"caption\":\"Huelvaadmin\"}}]}<\/script>\n<!-- \/ Yoast SEO plugin. -->","yoast_head_json":{"title":"Agrocosta, en la clausura de su XXV edici\u00f3n, reconoce el apoyo de Caja Rural del Sur desde sus comienzos en 1988 - Fundaci\u00f3n Caja Rural del Sur","robots":{"index":"index","follow":"follow","max-snippet":"max-snippet:-1","max-image-preview":"max-image-preview:large","max-video-preview":"max-video-preview:-1"},"canonical":"https:\/\/fundacioncajaruraldelsur.com\/pt\/agrocosta-la-clausura-xxv-edicion-reconoce-apoyo-caja-rural-del-sur-desde-comienzos-1988\/","og_locale":"pt_PT","og_type":"article","og_title":"Agrocosta, en la clausura de su XXV edici\u00f3n, reconoce el apoyo de Caja Rural del Sur desde sus comienzos en 1988 - Fundaci\u00f3n Caja Rural del Sur","og_description":"Tambi\u00e9n fueron homenajeados todos los que han contribuido a su mantenimiento y desarrollo El presidente de Caja Rural del Sur su Fundaci\u00f3n, Jos\u00e9 Luis Garc\u00eda Palacios, aprovech\u00f3 su intervenci\u00f3n en [&hellip;]","og_url":"https:\/\/fundacioncajaruraldelsur.com\/pt\/agrocosta-la-clausura-xxv-edicion-reconoce-apoyo-caja-rural-del-sur-desde-comienzos-1988\/","og_site_name":"Fundaci\u00f3n Caja Rural del Sur","article_published_time":"2016-09-27T12:25:19+00:00","og_image":[{"width":1500,"height":935,"url":"https:\/\/fundacioncajaruraldelsur.com\/wp-content\/uploads\/2016\/09\/160922-El-presidente-de-Caja-Rural-del-Sur-recibi\u00f3-el-reconocimiento-por-el-apoyo-de-la-entidad-a-la-Agrocosta-desde-1988-2.jpg","type":"image\/jpeg"}],"author":"Huelvaadmin","twitter_card":"summary_large_image","twitter_misc":{"Written by":"Huelvaadmin","Est. reading time":"4 minutes"},"schema":{"@context":"https:\/\/schema.org","@graph":[{"@type":"Article","@id":"https:\/\/fundacioncajaruraldelsur.com\/agrocosta-la-clausura-xxv-edicion-reconoce-apoyo-caja-rural-del-sur-desde-comienzos-1988\/#article","isPartOf":{"@id":"https:\/\/fundacioncajaruraldelsur.com\/agrocosta-la-clausura-xxv-edicion-reconoce-apoyo-caja-rural-del-sur-desde-comienzos-1988\/"},"author":{"name":"Huelvaadmin","@id":"https:\/\/fundacioncajaruraldelsur.com\/#\/schema\/person\/3cc097351ab55f31ece09bae985e0dff"},"headline":"Agrocosta, en la clausura de su XXV edici\u00f3n, reconoce el apoyo de Caja Rural del Sur desde sus comienzos en 1988","datePublished":"2016-09-27T12:25:19+00:00","mainEntityOfPage":{"@id":"https:\/\/fundacioncajaruraldelsur.com\/agrocosta-la-clausura-xxv-edicion-reconoce-apoyo-caja-rural-del-sur-desde-comienzos-1988\/"},"wordCount":822,"image":{"@id":"https:\/\/fundacioncajaruraldelsur.com\/agrocosta-la-clausura-xxv-edicion-reconoce-apoyo-caja-rural-del-sur-desde-comienzos-1988\/#primaryimage"},"thumbnailUrl":"https:\/\/fundacioncajaruraldelsur.com\/wp-content\/uploads\/2016\/09\/160922-El-presidente-de-Caja-Rural-del-Sur-recibi\u00f3-el-reconocimiento-por-el-apoyo-de-la-entidad-a-la-Agrocosta-desde-1988-2.jpg","articleSection":["Ferias","Jornadas","Sector agrario"],"inLanguage":"pt-PT"},{"@type":"WebPage","@id":"https:\/\/fundacioncajaruraldelsur.com\/agrocosta-la-clausura-xxv-edicion-reconoce-apoyo-caja-rural-del-sur-desde-comienzos-1988\/","url":"https:\/\/fundacioncajaruraldelsur.com\/agrocosta-la-clausura-xxv-edicion-reconoce-apoyo-caja-rural-del-sur-desde-comienzos-1988\/","name":"Agrocosta, en la clausura de su XXV edici\u00f3n, reconoce el apoyo de Caja Rural del Sur desde sus comienzos en 1988 - Fundaci\u00f3n Caja Rural del Sur","isPartOf":{"@id":"https:\/\/fundacioncajaruraldelsur.com\/#website"},"primaryImageOfPage":{"@id":"https:\/\/fundacioncajaruraldelsur.com\/agrocosta-la-clausura-xxv-edicion-reconoce-apoyo-caja-rural-del-sur-desde-comienzos-1988\/#primaryimage"},"image":{"@id":"https:\/\/fundacioncajaruraldelsur.com\/agrocosta-la-clausura-xxv-edicion-reconoce-apoyo-caja-rural-del-sur-desde-comienzos-1988\/#primaryimage"},"thumbnailUrl":"https:\/\/fundacioncajaruraldelsur.com\/wp-content\/uploads\/2016\/09\/160922-El-presidente-de-Caja-Rural-del-Sur-recibi\u00f3-el-reconocimiento-por-el-apoyo-de-la-entidad-a-la-Agrocosta-desde-1988-2.jpg","datePublished":"2016-09-27T12:25:19+00:00","author":{"@id":"https:\/\/fundacioncajaruraldelsur.com\/#\/schema\/person\/3cc097351ab55f31ece09bae985e0dff"},"breadcrumb":{"@id":"https:\/\/fundacioncajaruraldelsur.com\/agrocosta-la-clausura-xxv-edicion-reconoce-apoyo-caja-rural-del-sur-desde-comienzos-1988\/#breadcrumb"},"inLanguage":"pt-PT","potentialAction":[{"@type":"ReadAction","target":["https:\/\/fundacioncajaruraldelsur.com\/agrocosta-la-clausura-xxv-edicion-reconoce-apoyo-caja-rural-del-sur-desde-comienzos-1988\/"]}]},{"@type":"ImageObject","inLanguage":"pt-PT","@id":"https:\/\/fundacioncajaruraldelsur.com\/agrocosta-la-clausura-xxv-edicion-reconoce-apoyo-caja-rural-del-sur-desde-comienzos-1988\/#primaryimage","url":"https:\/\/fundacioncajaruraldelsur.com\/wp-content\/uploads\/2016\/09\/160922-El-presidente-de-Caja-Rural-del-Sur-recibi\u00f3-el-reconocimiento-por-el-apoyo-de-la-entidad-a-la-Agrocosta-desde-1988-2.jpg","contentUrl":"https:\/\/fundacioncajaruraldelsur.com\/wp-content\/uploads\/2016\/09\/160922-El-presidente-de-Caja-Rural-del-Sur-recibi\u00f3-el-reconocimiento-por-el-apoyo-de-la-entidad-a-la-Agrocosta-desde-1988-2.jpg","width":1500,"height":935},{"@type":"BreadcrumbList","@id":"https:\/\/fundacioncajaruraldelsur.com\/agrocosta-la-clausura-xxv-edicion-reconoce-apoyo-caja-rural-del-sur-desde-comienzos-1988\/#breadcrumb","itemListElement":[{"@type":"ListItem","position":1,"name":"Portada","item":"https:\/\/fundacioncajaruraldelsur.com\/"},{"@type":"ListItem","position":2,"name":"Agrocosta, en la clausura de su XXV edici\u00f3n, reconoce el apoyo de Caja Rural del Sur desde sus comienzos en 1988"}]},{"@type":"WebSite","@id":"https:\/\/fundacioncajaruraldelsur.com\/#website","url":"https:\/\/fundacioncajaruraldelsur.com\/","name":"Funda\u00e7\u00e3o Caja Rural del Sur","description":"","potentialAction":[{"@type":"SearchAction","target":{"@type":"EntryPoint","urlTemplate":"https:\/\/fundacioncajaruraldelsur.com\/?s={search_term_string}"},"query-input":{"@type":"PropertyValueSpecification","valueRequired":true,"valueName":"search_term_string"}}],"inLanguage":"pt-PT"},{"@type":"Person","@id":"https:\/\/fundacioncajaruraldelsur.com\/#\/schema\/person\/3cc097351ab55f31ece09bae985e0dff","name":"Huelvaadmin","image":{"@type":"ImageObject","inLanguage":"pt-PT","@id":"https:\/\/secure.gravatar.com\/avatar\/844b95d9bb5bedef6ef3f07e4ac357114f2d6f55fe0799f36cbe3975aebd8bcc?s=96&d=blank&r=g","url":"https:\/\/secure.gravatar.com\/avatar\/844b95d9bb5bedef6ef3f07e4ac357114f2d6f55fe0799f36cbe3975aebd8bcc?s=96&d=blank&r=g","contentUrl":"https:\/\/secure.gravatar.com\/avatar\/844b95d9bb5bedef6ef3f07e4ac357114f2d6f55fe0799f36cbe3975aebd8bcc?s=96&d=blank&r=g","caption":"Huelvaadmin"}}]}},"rttpg_featured_image_url":{"full":["https:\/\/fundacioncajaruraldelsur.com\/wp-content\/uploads\/2016\/09\/160922-El-presidente-de-Caja-Rural-del-Sur-recibi\u00f3-el-reconocimiento-por-el-apoyo-de-la-entidad-a-la-Agrocosta-desde-1988-2.jpg",1500,935,false],"landscape":["https:\/\/fundacioncajaruraldelsur.com\/wp-content\/uploads\/2016\/09\/160922-El-presidente-de-Caja-Rural-del-Sur-recibi\u00f3-el-reconocimiento-por-el-apoyo-de-la-entidad-a-la-Agrocosta-desde-1988-2.jpg",1500,935,false],"portraits":["https:\/\/fundacioncajaruraldelsur.com\/wp-content\/uploads\/2016\/09\/160922-El-presidente-de-Caja-Rural-del-Sur-recibi\u00f3-el-reconocimiento-por-el-apoyo-de-la-entidad-a-la-Agrocosta-desde-1988-2.jpg",1500,935,false],"thumbnail":["https:\/\/fundacioncajaruraldelsur.com\/wp-content\/uploads\/2016\/09\/160922-El-presidente-de-Caja-Rural-del-Sur-recibi\u00f3-el-reconocimiento-por-el-apoyo-de-la-entidad-a-la-Agrocosta-desde-1988-2-150x150.jpg",150,150,true],"medium":["https:\/\/fundacioncajaruraldelsur.com\/wp-content\/uploads\/2016\/09\/160922-El-presidente-de-Caja-Rural-del-Sur-recibi\u00f3-el-reconocimiento-por-el-apoyo-de-la-entidad-a-la-Agrocosta-desde-1988-2-300x187.jpg",300,187,true],"large":["https:\/\/fundacioncajaruraldelsur.com\/wp-content\/uploads\/2016\/09\/160922-El-presidente-de-Caja-Rural-del-Sur-recibi\u00f3-el-reconocimiento-por-el-apoyo-de-la-entidad-a-la-Agrocosta-desde-1988-2-1024x638.jpg",960,598,true],"1536x1536":["https:\/\/fundacioncajaruraldelsur.com\/wp-content\/uploads\/2016\/09\/160922-El-presidente-de-Caja-Rural-del-Sur-recibi\u00f3-el-reconocimiento-por-el-apoyo-de-la-entidad-a-la-Agrocosta-desde-1988-2.jpg",1500,935,false],"2048x2048":["https:\/\/fundacioncajaruraldelsur.com\/wp-content\/uploads\/2016\/09\/160922-El-presidente-de-Caja-Rural-del-Sur-recibi\u00f3-el-reconocimiento-por-el-apoyo-de-la-entidad-a-la-Agrocosta-desde-1988-2.jpg",1500,935,false],"trp-custom-language-flag":["https:\/\/fundacioncajaruraldelsur.com\/wp-content\/uploads\/2016\/09\/160922-El-presidente-de-Caja-Rural-del-Sur-recibi\u00f3-el-reconocimiento-por-el-apoyo-de-la-entidad-a-la-Agrocosta-desde-1988-2.jpg",18,12,false],"blog-thumbnail":["https:\/\/fundacioncajaruraldelsur.com\/wp-content\/uploads\/2016\/09\/160922-El-presidente-de-Caja-Rural-del-Sur-recibi\u00f3-el-reconocimiento-por-el-apoyo-de-la-entidad-a-la-Agrocosta-desde-1988-2-400x200.jpg",400,200,true]},"rttpg_author":{"display_name":"Huelvaadmin","author_link":"https:\/\/fundacioncajaruraldelsur.com\/pt\/author\/huelvaadmin\/"},"rttpg_comment":0,"rttpg_category":"<a href=\"https:\/\/fundacioncajaruraldelsur.com\/pt\/category\/ferias\/\" rel=\"category tag\">Ferias<\/a> <a href=\"https:\/\/fundacioncajaruraldelsur.com\/pt\/category\/jornadas\/\" rel=\"category tag\">Jornadas<\/a> <a href=\"https:\/\/fundacioncajaruraldelsur.com\/pt\/category\/sector-agrario\/\" rel=\"category tag\">Sector agrario<\/a>","rttpg_excerpt":"Tambi\u00e9n fueron homenajeados todos los que han contribuido a su mantenimiento y desarrollo El presidente de Caja Rural del Sur su Fundaci\u00f3n, Jos\u00e9 Luis Garc\u00eda Palacios, aprovech\u00f3 su intervenci\u00f3n en [&hellip;]","_links":{"self":[{"href":"https:\/\/fundacioncajaruraldelsur.com\/pt\/wp-json\/wp\/v2\/posts\/3019","targetHints":{"allow":["GET"]}}],"collection":[{"href":"https:\/\/fundacioncajaruraldelsur.com\/pt\/wp-json\/wp\/v2\/posts"}],"about":[{"href":"https:\/\/fundacioncajaruraldelsur.com\/pt\/wp-json\/wp\/v2\/types\/post"}],"author":[{"embeddable":true,"href":"https:\/\/fundacioncajaruraldelsur.com\/pt\/wp-json\/wp\/v2\/users\/4"}],"replies":[{"embeddable":true,"href":"https:\/\/fundacioncajaruraldelsur.com\/pt\/wp-json\/wp\/v2\/comments?post=3019"}],"version-history":[{"count":1,"href":"https:\/\/fundacioncajaruraldelsur.com\/pt\/wp-json\/wp\/v2\/posts\/3019\/revisions"}],"predecessor-version":[{"id":3021,"href":"https:\/\/fundacioncajaruraldelsur.com\/pt\/wp-json\/wp\/v2\/posts\/3019\/revisions\/3021"}],"wp:featuredmedia":[{"embeddable":true,"href":"https:\/\/fundacioncajaruraldelsur.com\/pt\/wp-json\/wp\/v2\/media\/3020"}],"wp:attachment":[{"href":"https:\/\/fundacioncajaruraldelsur.com\/pt\/wp-json\/wp\/v2\/media?parent=3019"}],"wp:term":[{"taxonomy":"category","embeddable":true,"href":"https:\/\/fundacioncajaruraldelsur.com\/pt\/wp-json\/wp\/v2\/categories?post=3019"},{"taxonomy":"post_tag","embeddable":true,"href":"https:\/\/fundacioncajaruraldelsur.com\/pt\/wp-json\/wp\/v2\/tags?post=3019"}],"curies":[{"name":"wp","href":"https:\/\/api.w.org\/{rel}","templated":true}]}}