{"id":2981,"date":"2016-04-22T10:11:41","date_gmt":"2016-04-22T10:11:41","guid":{"rendered":"\/?p=2981"},"modified":"2016-04-25T07:39:08","modified_gmt":"2016-04-25T07:39:08","slug":"congreso-derecho-mercantil-con-el-patrocinio-de-la-fundacion-caja-rural-del-sur","status":"publish","type":"post","link":"https:\/\/fundacioncajaruraldelsur.com\/pt\/congreso-derecho-mercantil-con-el-patrocinio-de-la-fundacion-caja-rural-del-sur\/","title":{"rendered":"Congreso sobre Derecho Mercantil en la Universidad de C\u00f3rdoba con el patrocinio de la Fundaci\u00f3n Caja Rural del Sur"},"content":{"rendered":"<p>El Sal\u00f3n de Actos del Rectorado de la Universidad de C\u00f3rdoba acogi\u00f3 la inauguraci\u00f3n del Congreso Nacional \u201cRetos y tendencias del Derecho de la Contrataci\u00f3n Mercantil\u201d, que reuni\u00f3 durante dos d\u00edas a 250 especialistas procedentes de 27 universidades de toda Espa\u00f1a debatiendo sobre cuestiones de actualidad de legislaci\u00f3n sobre los contratos mercantiles y que tuvo como patrocinador principal a la Fundaci\u00f3n Caja Rural del Sur.<\/p>\n<p>Algunos de los temas tratados fueron los retos y tendencias actuales en el \u00e1mbito de la contrataci\u00f3n bancaria, del transporte o de la contrataci\u00f3n internacional y contaron con la intervenci\u00f3n de los catedr\u00e1ticos de Derecho Mercantil de las Universidades de C\u00f3rdoba, Valencia, Madrid, Almer\u00eda, C\u00e1diz, Pablo de Olavide, Valladolid, M\u00e1laga, Carlos III de Madrid, Vigo, Pa\u00eds Vasco y Jaime I de Castell\u00f3n.<\/p>\n<p>A la inauguraci\u00f3n, que tuvo lugar el pasado d\u00eda 14, asistieron, entre otros, Manuel Izquierdo Carrasco, decano de la Facultad de Derecho y Ciencias Econ\u00f3micas y Empresariales; Luis M\u00aa Miranda Serrano, catedr\u00e1tico de Derecho Mercantil de la Universidad de C\u00f3rdoba y codirector del congreso, y Ricardo L\u00f3pez-Crespo Delgado, vicepresidente de Caja Rural del Sur.<\/p>","protected":false},"excerpt":{"rendered":"<p>El Sal\u00f3n de Actos del Rectorado de la Universidad de C\u00f3rdoba acogi\u00f3 la inauguraci\u00f3n del Congreso Nacional \u201cRetos y tendencias del Derecho de la Contrataci\u00f3n Mercantil\u201d, que reuni\u00f3 durante dos [&hellip;]<\/p>\n","protected":false},"author":5,"featured_media":2982,"comment_status":"closed","ping_status":"open","sticky":false,"template":"","format":"standard","meta":{"footnotes":""},"categories":[83,81,111],"tags":[93,113,92,112],"class_list":["post-2981","post","type-post","status-publish","format-standard","has-post-thumbnail","hentry","category-conferencias","category-cursos","category-derecho-mercantil","tag-cordoba","tag-derecho-mercantil","tag-fundacion-caja-rural-del-sur","tag-universidad-de-cordoba"],"yoast_head":"<!-- This site is optimized with the Yoast SEO plugin v27.3 - https:\/\/yoast.com\/product\/yoast-seo-wordpress\/ -->\n<title>Congreso sobre Derecho Mercantil en la Universidad de C\u00f3rdoba con el patrocinio de la Fundaci\u00f3n Caja Rural del Sur - Fundaci\u00f3n Caja Rural del Sur<\/title>\n<meta name=\"robots\" content=\"index, follow, max-snippet:-1, max-image-preview:large, max-video-preview:-1\" \/>\n<link rel=\"canonical\" href=\"https:\/\/fundacioncajaruraldelsur.com\/pt\/congreso-derecho-mercantil-con-el-patrocinio-de-la-fundacion-caja-rural-del-sur\/\" \/>\n<meta property=\"og:locale\" content=\"pt_PT\" \/>\n<meta property=\"og:type\" content=\"article\" \/>\n<meta property=\"og:title\" content=\"Congreso sobre Derecho Mercantil en la Universidad de C\u00f3rdoba con el patrocinio de la Fundaci\u00f3n Caja Rural del Sur - Fundaci\u00f3n Caja Rural del Sur\" \/>\n<meta property=\"og:description\" content=\"El Sal\u00f3n de Actos del Rectorado de la Universidad de C\u00f3rdoba acogi\u00f3 la inauguraci\u00f3n del Congreso Nacional \u201cRetos y tendencias del Derecho de la Contrataci\u00f3n Mercantil\u201d, que reuni\u00f3 durante dos [&hellip;]\" \/>\n<meta property=\"og:url\" content=\"https:\/\/fundacioncajaruraldelsur.com\/pt\/congreso-derecho-mercantil-con-el-patrocinio-de-la-fundacion-caja-rural-del-sur\/\" \/>\n<meta property=\"og:site_name\" content=\"Fundaci\u00f3n Caja Rural del Sur\" \/>\n<meta property=\"article:published_time\" content=\"2016-04-22T10:11:41+00:00\" \/>\n<meta property=\"article:modified_time\" content=\"2016-04-25T07:39:08+00:00\" \/>\n<meta property=\"og:image\" content=\"https:\/\/fundacioncajaruraldelsur.com\/wp-content\/uploads\/2016\/04\/Congreso-Derecho-Mercantil.jpg\" \/>\n\t<meta property=\"og:image:width\" content=\"3504\" \/>\n\t<meta property=\"og:image:height\" content=\"2336\" \/>\n\t<meta property=\"og:image:type\" content=\"image\/jpeg\" \/>\n<meta name=\"author\" content=\"Mar\u00eda Dolores\" \/>\n<meta name=\"twitter:card\" content=\"summary_large_image\" \/>\n<meta name=\"twitter:label1\" content=\"Written by\" \/>\n\t<meta name=\"twitter:data1\" content=\"Mar\u00eda Dolores\" \/>\n\t<meta name=\"twitter:label2\" content=\"Est. reading time\" \/>\n\t<meta name=\"twitter:data2\" content=\"1 minute\" \/>\n<script type=\"application\/ld+json\" class=\"yoast-schema-graph\">{\"@context\":\"https:\\\/\\\/schema.org\",\"@graph\":[{\"@type\":\"Article\",\"@id\":\"https:\\\/\\\/fundacioncajaruraldelsur.com\\\/congreso-derecho-mercantil-con-el-patrocinio-de-la-fundacion-caja-rural-del-sur\\\/#article\",\"isPartOf\":{\"@id\":\"https:\\\/\\\/fundacioncajaruraldelsur.com\\\/congreso-derecho-mercantil-con-el-patrocinio-de-la-fundacion-caja-rural-del-sur\\\/\"},\"author\":{\"name\":\"Mar\u00eda Dolores\",\"@id\":\"https:\\\/\\\/fundacioncajaruraldelsur.com\\\/#\\\/schema\\\/person\\\/6ad5dacf8bec33b825a51e99a3d1a014\"},\"headline\":\"Congreso sobre Derecho Mercantil en la Universidad de C\u00f3rdoba con el patrocinio de la Fundaci\u00f3n Caja Rural del Sur\",\"datePublished\":\"2016-04-22T10:11:41+00:00\",\"dateModified\":\"2016-04-25T07:39:08+00:00\",\"mainEntityOfPage\":{\"@id\":\"https:\\\/\\\/fundacioncajaruraldelsur.com\\\/congreso-derecho-mercantil-con-el-patrocinio-de-la-fundacion-caja-rural-del-sur\\\/\"},\"wordCount\":223,\"image\":{\"@id\":\"https:\\\/\\\/fundacioncajaruraldelsur.com\\\/congreso-derecho-mercantil-con-el-patrocinio-de-la-fundacion-caja-rural-del-sur\\\/#primaryimage\"},\"thumbnailUrl\":\"https:\\\/\\\/fundacioncajaruraldelsur.com\\\/wp-content\\\/uploads\\\/2016\\\/04\\\/Congreso-Derecho-Mercantil.jpg\",\"keywords\":[\"C\u00f3rdoba\",\"Derecho mercantil\",\"Fundaci\u00f3n Caja Rural del Sur\",\"Universidad de C\u00f3rdoba\"],\"articleSection\":[\"Conferencias\",\"Cursos\",\"Derecho mercantil\"],\"inLanguage\":\"pt-PT\"},{\"@type\":\"WebPage\",\"@id\":\"https:\\\/\\\/fundacioncajaruraldelsur.com\\\/congreso-derecho-mercantil-con-el-patrocinio-de-la-fundacion-caja-rural-del-sur\\\/\",\"url\":\"https:\\\/\\\/fundacioncajaruraldelsur.com\\\/congreso-derecho-mercantil-con-el-patrocinio-de-la-fundacion-caja-rural-del-sur\\\/\",\"name\":\"Congreso sobre Derecho Mercantil en la Universidad de C\u00f3rdoba con el patrocinio de la Fundaci\u00f3n Caja Rural del Sur - Fundaci\u00f3n Caja Rural del Sur\",\"isPartOf\":{\"@id\":\"https:\\\/\\\/fundacioncajaruraldelsur.com\\\/#website\"},\"primaryImageOfPage\":{\"@id\":\"https:\\\/\\\/fundacioncajaruraldelsur.com\\\/congreso-derecho-mercantil-con-el-patrocinio-de-la-fundacion-caja-rural-del-sur\\\/#primaryimage\"},\"image\":{\"@id\":\"https:\\\/\\\/fundacioncajaruraldelsur.com\\\/congreso-derecho-mercantil-con-el-patrocinio-de-la-fundacion-caja-rural-del-sur\\\/#primaryimage\"},\"thumbnailUrl\":\"https:\\\/\\\/fundacioncajaruraldelsur.com\\\/wp-content\\\/uploads\\\/2016\\\/04\\\/Congreso-Derecho-Mercantil.jpg\",\"datePublished\":\"2016-04-22T10:11:41+00:00\",\"dateModified\":\"2016-04-25T07:39:08+00:00\",\"author\":{\"@id\":\"https:\\\/\\\/fundacioncajaruraldelsur.com\\\/#\\\/schema\\\/person\\\/6ad5dacf8bec33b825a51e99a3d1a014\"},\"breadcrumb\":{\"@id\":\"https:\\\/\\\/fundacioncajaruraldelsur.com\\\/congreso-derecho-mercantil-con-el-patrocinio-de-la-fundacion-caja-rural-del-sur\\\/#breadcrumb\"},\"inLanguage\":\"pt-PT\",\"potentialAction\":[{\"@type\":\"ReadAction\",\"target\":[\"https:\\\/\\\/fundacioncajaruraldelsur.com\\\/congreso-derecho-mercantil-con-el-patrocinio-de-la-fundacion-caja-rural-del-sur\\\/\"]}]},{\"@type\":\"ImageObject\",\"inLanguage\":\"pt-PT\",\"@id\":\"https:\\\/\\\/fundacioncajaruraldelsur.com\\\/congreso-derecho-mercantil-con-el-patrocinio-de-la-fundacion-caja-rural-del-sur\\\/#primaryimage\",\"url\":\"https:\\\/\\\/fundacioncajaruraldelsur.com\\\/wp-content\\\/uploads\\\/2016\\\/04\\\/Congreso-Derecho-Mercantil.jpg\",\"contentUrl\":\"https:\\\/\\\/fundacioncajaruraldelsur.com\\\/wp-content\\\/uploads\\\/2016\\\/04\\\/Congreso-Derecho-Mercantil.jpg\",\"width\":3504,\"height\":2336},{\"@type\":\"BreadcrumbList\",\"@id\":\"https:\\\/\\\/fundacioncajaruraldelsur.com\\\/congreso-derecho-mercantil-con-el-patrocinio-de-la-fundacion-caja-rural-del-sur\\\/#breadcrumb\",\"itemListElement\":[{\"@type\":\"ListItem\",\"position\":1,\"name\":\"Portada\",\"item\":\"https:\\\/\\\/fundacioncajaruraldelsur.com\\\/\"},{\"@type\":\"ListItem\",\"position\":2,\"name\":\"Congreso sobre Derecho Mercantil en la Universidad de C\u00f3rdoba con el patrocinio de la Fundaci\u00f3n Caja Rural del Sur\"}]},{\"@type\":\"WebSite\",\"@id\":\"https:\\\/\\\/fundacioncajaruraldelsur.com\\\/#website\",\"url\":\"https:\\\/\\\/fundacioncajaruraldelsur.com\\\/\",\"name\":\"Fundaci\u00f3n Caja Rural del Sur\",\"description\":\"\",\"potentialAction\":[{\"@type\":\"SearchAction\",\"target\":{\"@type\":\"EntryPoint\",\"urlTemplate\":\"https:\\\/\\\/fundacioncajaruraldelsur.com\\\/?s={search_term_string}\"},\"query-input\":{\"@type\":\"PropertyValueSpecification\",\"valueRequired\":true,\"valueName\":\"search_term_string\"}}],\"inLanguage\":\"pt-PT\"},{\"@type\":\"Person\",\"@id\":\"https:\\\/\\\/fundacioncajaruraldelsur.com\\\/#\\\/schema\\\/person\\\/6ad5dacf8bec33b825a51e99a3d1a014\",\"name\":\"Mar\u00eda Dolores\",\"image\":{\"@type\":\"ImageObject\",\"inLanguage\":\"pt-PT\",\"@id\":\"https:\\\/\\\/secure.gravatar.com\\\/avatar\\\/7259779b29b0a956f0a513b286d7dacd332271569db781878b93bde7a21dc0e1?s=96&d=blank&r=g\",\"url\":\"https:\\\/\\\/secure.gravatar.com\\\/avatar\\\/7259779b29b0a956f0a513b286d7dacd332271569db781878b93bde7a21dc0e1?s=96&d=blank&r=g\",\"contentUrl\":\"https:\\\/\\\/secure.gravatar.com\\\/avatar\\\/7259779b29b0a956f0a513b286d7dacd332271569db781878b93bde7a21dc0e1?s=96&d=blank&r=g\",\"caption\":\"Mar\u00eda Dolores\"}}]}<\/script>\n<!-- \/ Yoast SEO plugin. -->","yoast_head_json":{"title":"Congreso sobre Derecho Mercantil en la Universidad de C\u00f3rdoba con el patrocinio de la Fundaci\u00f3n Caja Rural del Sur - Fundaci\u00f3n Caja Rural del Sur","robots":{"index":"index","follow":"follow","max-snippet":"max-snippet:-1","max-image-preview":"max-image-preview:large","max-video-preview":"max-video-preview:-1"},"canonical":"https:\/\/fundacioncajaruraldelsur.com\/pt\/congreso-derecho-mercantil-con-el-patrocinio-de-la-fundacion-caja-rural-del-sur\/","og_locale":"pt_PT","og_type":"article","og_title":"Congreso sobre Derecho Mercantil en la Universidad de C\u00f3rdoba con el patrocinio de la Fundaci\u00f3n Caja Rural del Sur - Fundaci\u00f3n Caja Rural del Sur","og_description":"El Sal\u00f3n de Actos del Rectorado de la Universidad de C\u00f3rdoba acogi\u00f3 la inauguraci\u00f3n del Congreso Nacional \u201cRetos y tendencias del Derecho de la Contrataci\u00f3n Mercantil\u201d, que reuni\u00f3 durante dos [&hellip;]","og_url":"https:\/\/fundacioncajaruraldelsur.com\/pt\/congreso-derecho-mercantil-con-el-patrocinio-de-la-fundacion-caja-rural-del-sur\/","og_site_name":"Fundaci\u00f3n Caja Rural del Sur","article_published_time":"2016-04-22T10:11:41+00:00","article_modified_time":"2016-04-25T07:39:08+00:00","og_image":[{"width":3504,"height":2336,"url":"https:\/\/fundacioncajaruraldelsur.com\/wp-content\/uploads\/2016\/04\/Congreso-Derecho-Mercantil.jpg","type":"image\/jpeg"}],"author":"Mar\u00eda Dolores","twitter_card":"summary_large_image","twitter_misc":{"Written by":"Mar\u00eda Dolores","Est. reading time":"1 minute"},"schema":{"@context":"https:\/\/schema.org","@graph":[{"@type":"Article","@id":"https:\/\/fundacioncajaruraldelsur.com\/congreso-derecho-mercantil-con-el-patrocinio-de-la-fundacion-caja-rural-del-sur\/#article","isPartOf":{"@id":"https:\/\/fundacioncajaruraldelsur.com\/congreso-derecho-mercantil-con-el-patrocinio-de-la-fundacion-caja-rural-del-sur\/"},"author":{"name":"Mar\u00eda Dolores","@id":"https:\/\/fundacioncajaruraldelsur.com\/#\/schema\/person\/6ad5dacf8bec33b825a51e99a3d1a014"},"headline":"Congreso sobre Derecho Mercantil en la Universidad de C\u00f3rdoba con el patrocinio de la Fundaci\u00f3n Caja Rural del Sur","datePublished":"2016-04-22T10:11:41+00:00","dateModified":"2016-04-25T07:39:08+00:00","mainEntityOfPage":{"@id":"https:\/\/fundacioncajaruraldelsur.com\/congreso-derecho-mercantil-con-el-patrocinio-de-la-fundacion-caja-rural-del-sur\/"},"wordCount":223,"image":{"@id":"https:\/\/fundacioncajaruraldelsur.com\/congreso-derecho-mercantil-con-el-patrocinio-de-la-fundacion-caja-rural-del-sur\/#primaryimage"},"thumbnailUrl":"https:\/\/fundacioncajaruraldelsur.com\/wp-content\/uploads\/2016\/04\/Congreso-Derecho-Mercantil.jpg","keywords":["C\u00f3rdoba","Derecho mercantil","Fundaci\u00f3n Caja Rural del Sur","Universidad de C\u00f3rdoba"],"articleSection":["Conferencias","Cursos","Derecho mercantil"],"inLanguage":"pt-PT"},{"@type":"WebPage","@id":"https:\/\/fundacioncajaruraldelsur.com\/congreso-derecho-mercantil-con-el-patrocinio-de-la-fundacion-caja-rural-del-sur\/","url":"https:\/\/fundacioncajaruraldelsur.com\/congreso-derecho-mercantil-con-el-patrocinio-de-la-fundacion-caja-rural-del-sur\/","name":"Congreso sobre Derecho Mercantil en la Universidad de C\u00f3rdoba con el patrocinio de la Fundaci\u00f3n Caja Rural del Sur - Fundaci\u00f3n Caja Rural del Sur","isPartOf":{"@id":"https:\/\/fundacioncajaruraldelsur.com\/#website"},"primaryImageOfPage":{"@id":"https:\/\/fundacioncajaruraldelsur.com\/congreso-derecho-mercantil-con-el-patrocinio-de-la-fundacion-caja-rural-del-sur\/#primaryimage"},"image":{"@id":"https:\/\/fundacioncajaruraldelsur.com\/congreso-derecho-mercantil-con-el-patrocinio-de-la-fundacion-caja-rural-del-sur\/#primaryimage"},"thumbnailUrl":"https:\/\/fundacioncajaruraldelsur.com\/wp-content\/uploads\/2016\/04\/Congreso-Derecho-Mercantil.jpg","datePublished":"2016-04-22T10:11:41+00:00","dateModified":"2016-04-25T07:39:08+00:00","author":{"@id":"https:\/\/fundacioncajaruraldelsur.com\/#\/schema\/person\/6ad5dacf8bec33b825a51e99a3d1a014"},"breadcrumb":{"@id":"https:\/\/fundacioncajaruraldelsur.com\/congreso-derecho-mercantil-con-el-patrocinio-de-la-fundacion-caja-rural-del-sur\/#breadcrumb"},"inLanguage":"pt-PT","potentialAction":[{"@type":"ReadAction","target":["https:\/\/fundacioncajaruraldelsur.com\/congreso-derecho-mercantil-con-el-patrocinio-de-la-fundacion-caja-rural-del-sur\/"]}]},{"@type":"ImageObject","inLanguage":"pt-PT","@id":"https:\/\/fundacioncajaruraldelsur.com\/congreso-derecho-mercantil-con-el-patrocinio-de-la-fundacion-caja-rural-del-sur\/#primaryimage","url":"https:\/\/fundacioncajaruraldelsur.com\/wp-content\/uploads\/2016\/04\/Congreso-Derecho-Mercantil.jpg","contentUrl":"https:\/\/fundacioncajaruraldelsur.com\/wp-content\/uploads\/2016\/04\/Congreso-Derecho-Mercantil.jpg","width":3504,"height":2336},{"@type":"BreadcrumbList","@id":"https:\/\/fundacioncajaruraldelsur.com\/congreso-derecho-mercantil-con-el-patrocinio-de-la-fundacion-caja-rural-del-sur\/#breadcrumb","itemListElement":[{"@type":"ListItem","position":1,"name":"Portada","item":"https:\/\/fundacioncajaruraldelsur.com\/"},{"@type":"ListItem","position":2,"name":"Congreso sobre Derecho Mercantil en la Universidad de C\u00f3rdoba con el patrocinio de la Fundaci\u00f3n Caja Rural del Sur"}]},{"@type":"WebSite","@id":"https:\/\/fundacioncajaruraldelsur.com\/#website","url":"https:\/\/fundacioncajaruraldelsur.com\/","name":"Funda\u00e7\u00e3o Caja Rural del Sur","description":"","potentialAction":[{"@type":"SearchAction","target":{"@type":"EntryPoint","urlTemplate":"https:\/\/fundacioncajaruraldelsur.com\/?s={search_term_string}"},"query-input":{"@type":"PropertyValueSpecification","valueRequired":true,"valueName":"search_term_string"}}],"inLanguage":"pt-PT"},{"@type":"Person","@id":"https:\/\/fundacioncajaruraldelsur.com\/#\/schema\/person\/6ad5dacf8bec33b825a51e99a3d1a014","name":"Mar\u00eda Dolores","image":{"@type":"ImageObject","inLanguage":"pt-PT","@id":"https:\/\/secure.gravatar.com\/avatar\/7259779b29b0a956f0a513b286d7dacd332271569db781878b93bde7a21dc0e1?s=96&d=blank&r=g","url":"https:\/\/secure.gravatar.com\/avatar\/7259779b29b0a956f0a513b286d7dacd332271569db781878b93bde7a21dc0e1?s=96&d=blank&r=g","contentUrl":"https:\/\/secure.gravatar.com\/avatar\/7259779b29b0a956f0a513b286d7dacd332271569db781878b93bde7a21dc0e1?s=96&d=blank&r=g","caption":"Mar\u00eda Dolores"}}]}},"rttpg_featured_image_url":{"full":["https:\/\/fundacioncajaruraldelsur.com\/wp-content\/uploads\/2016\/04\/Congreso-Derecho-Mercantil.jpg",3504,2336,false],"landscape":["https:\/\/fundacioncajaruraldelsur.com\/wp-content\/uploads\/2016\/04\/Congreso-Derecho-Mercantil.jpg",3504,2336,false],"portraits":["https:\/\/fundacioncajaruraldelsur.com\/wp-content\/uploads\/2016\/04\/Congreso-Derecho-Mercantil.jpg",3504,2336,false],"thumbnail":["https:\/\/fundacioncajaruraldelsur.com\/wp-content\/uploads\/2016\/04\/Congreso-Derecho-Mercantil-150x150.jpg",150,150,true],"medium":["https:\/\/fundacioncajaruraldelsur.com\/wp-content\/uploads\/2016\/04\/Congreso-Derecho-Mercantil-300x200.jpg",300,200,true],"large":["https:\/\/fundacioncajaruraldelsur.com\/wp-content\/uploads\/2016\/04\/Congreso-Derecho-Mercantil-1024x683.jpg",960,640,true],"1536x1536":["https:\/\/fundacioncajaruraldelsur.com\/wp-content\/uploads\/2016\/04\/Congreso-Derecho-Mercantil.jpg",1536,1024,false],"2048x2048":["https:\/\/fundacioncajaruraldelsur.com\/wp-content\/uploads\/2016\/04\/Congreso-Derecho-Mercantil.jpg",2048,1365,false],"trp-custom-language-flag":["https:\/\/fundacioncajaruraldelsur.com\/wp-content\/uploads\/2016\/04\/Congreso-Derecho-Mercantil.jpg",18,12,false],"blog-thumbnail":["https:\/\/fundacioncajaruraldelsur.com\/wp-content\/uploads\/2016\/04\/Congreso-Derecho-Mercantil-400x200.jpg",400,200,true]},"rttpg_author":{"display_name":"Mar\u00eda Dolores","author_link":"https:\/\/fundacioncajaruraldelsur.com\/pt\/author\/cordobaadmin\/"},"rttpg_comment":0,"rttpg_category":"<a href=\"https:\/\/fundacioncajaruraldelsur.com\/pt\/category\/conferencias\/\" rel=\"category tag\">Conferencias<\/a> <a href=\"https:\/\/fundacioncajaruraldelsur.com\/pt\/category\/cursos\/\" rel=\"category tag\">Cursos<\/a> <a href=\"https:\/\/fundacioncajaruraldelsur.com\/pt\/category\/derecho-mercantil\/\" rel=\"category tag\">Derecho mercantil<\/a>","rttpg_excerpt":"El Sal\u00f3n de Actos del Rectorado de la Universidad de C\u00f3rdoba acogi\u00f3 la inauguraci\u00f3n del Congreso Nacional \u201cRetos y tendencias del Derecho de la Contrataci\u00f3n Mercantil\u201d, que reuni\u00f3 durante dos [&hellip;]","_links":{"self":[{"href":"https:\/\/fundacioncajaruraldelsur.com\/pt\/wp-json\/wp\/v2\/posts\/2981","targetHints":{"allow":["GET"]}}],"collection":[{"href":"https:\/\/fundacioncajaruraldelsur.com\/pt\/wp-json\/wp\/v2\/posts"}],"about":[{"href":"https:\/\/fundacioncajaruraldelsur.com\/pt\/wp-json\/wp\/v2\/types\/post"}],"author":[{"embeddable":true,"href":"https:\/\/fundacioncajaruraldelsur.com\/pt\/wp-json\/wp\/v2\/users\/5"}],"replies":[{"embeddable":true,"href":"https:\/\/fundacioncajaruraldelsur.com\/pt\/wp-json\/wp\/v2\/comments?post=2981"}],"version-history":[{"count":6,"href":"https:\/\/fundacioncajaruraldelsur.com\/pt\/wp-json\/wp\/v2\/posts\/2981\/revisions"}],"predecessor-version":[{"id":2988,"href":"https:\/\/fundacioncajaruraldelsur.com\/pt\/wp-json\/wp\/v2\/posts\/2981\/revisions\/2988"}],"wp:featuredmedia":[{"embeddable":true,"href":"https:\/\/fundacioncajaruraldelsur.com\/pt\/wp-json\/wp\/v2\/media\/2982"}],"wp:attachment":[{"href":"https:\/\/fundacioncajaruraldelsur.com\/pt\/wp-json\/wp\/v2\/media?parent=2981"}],"wp:term":[{"taxonomy":"category","embeddable":true,"href":"https:\/\/fundacioncajaruraldelsur.com\/pt\/wp-json\/wp\/v2\/categories?post=2981"},{"taxonomy":"post_tag","embeddable":true,"href":"https:\/\/fundacioncajaruraldelsur.com\/pt\/wp-json\/wp\/v2\/tags?post=2981"}],"curies":[{"name":"wp","href":"https:\/\/api.w.org\/{rel}","templated":true}]}}