{"id":2958,"date":"2016-04-14T10:30:44","date_gmt":"2016-04-14T10:30:44","guid":{"rendered":"\/?p=2958"},"modified":"2016-04-14T10:37:52","modified_gmt":"2016-04-14T10:37:52","slug":"la-fundacion-caja-rural-del-sur-con-la-feria-agroganadera-del-valle-de-los-pedroches","status":"publish","type":"post","link":"https:\/\/fundacioncajaruraldelsur.com\/pt\/la-fundacion-caja-rural-del-sur-con-la-feria-agroganadera-del-valle-de-los-pedroches\/","title":{"rendered":"La Fundaci\u00f3n Caja Rural del Sur con la Feria Agroganadera del Valle de los Pedroches"},"content":{"rendered":"<p>El Recinto Ferial de Pozoblanco volver\u00e1 a acoger la vig\u00e9simo cuarta edici\u00f3n de la Feria Agroganadera y d\u00e9cimo cuarta de la Feria Agroalimentaria del Valle de Los Pedroches que se celebrar\u00e1 del 21 al 24 de abril de 2016. La Fundaci\u00f3n Caja Rural del Sur sigue apoyando esta destacada iniciativa dentro del sector\u00a0 que organiza el Consorcio de la Feria Agroganadera de Los Pedroches (Confevap)<\/p>\n<p>Cuatro jornadas de intenso trabajo en las que el sector agroganadero tendr\u00e1 la oportunidad de mostrar al p\u00fablico los mejores ejemplares de las distintas especies y razas que participan en el certamen, as\u00ed como las novedades en maquinaria para el sector, automoci\u00f3n, alimentaci\u00f3n, sanidad y bienestar animal. La Feria se convierte en el epicentro del sector agroganadero andaluz donde se dan cita las distintas asociaciones de ganado para certificar la excelencia del ganado, adem\u00e1s de servir de punto de encuentro para el establecimiento de relaciones y contactos comerciales.<\/p>\n<p>La gran novedad de esta edici\u00f3n de la Feria Agroganadera es la presencia en el recinto expositivo de ganado porcino ib\u00e9rico, una especie que ha causado baja durante 20 a\u00f1os a pesar de ser una de las que mayor presencia tiene en la Comarca de Los Pedroches. Las restricciones sanitarias obligaron en su momento a prescindir de esta especie en las ediciones pasadas de la Feria Agroganadera, siendo este a\u00f1o un incentivo m\u00e1s para el sector el poder contar con la exposici\u00f3n y concurso de la raza de la mano de AECERIBER, que siempre ha estado presente en la Feria manteniendo el contacto con los ganaderos de ib\u00e9rico de Los Pedroches. En concreto se podr\u00e1n ver 30 ejemplares procedentes de 6 ganader\u00edas.<\/p>\n<p>La presentaci\u00f3n se realiz\u00f3 el pasado d\u00eda 13 y asistieron a la misma Francisco Jos\u00e9 Zurera Arag\u00f3n, Delegado territorial de Agricultura, Pesca y Medio Ambiente en C\u00f3rdoba, Emiliano Pozuelo Cerezo, presidente de CONFEVAP y alcalde de Pozoblanco, Ana Mar\u00eda Carrillo N\u00fa\u00f1ez, vicepresidenta de Diputaci\u00f3n de C\u00f3rdoba y presidenta del Consorcio de Desarrollo Econ\u00f3mico, Ricardo L\u00f3pez-Crespo Delgado, vicepresidente de Caja Rural del Sur, y Jos\u00e9 Mar\u00eda Calero, secretario de COVAP y consejero de CONFEVAP.<\/p>\n<p><a href=\"\/wp-content\/uploads\/2016\/04\/IMG-20160413-WA0018.jpg\" rel=\"attachment wp-att-2962 lightbox-0\"><img loading=\"lazy\" decoding=\"async\" class=\"aligncenter size-medium wp-image-2962\" src=\"\/wp-content\/uploads\/2016\/04\/IMG-20160413-WA0018-300x225.jpg\" alt=\"IMG-20160413-WA0018\" width=\"300\" height=\"225\" srcset=\"https:\/\/fundacioncajaruraldelsur.com\/wp-content\/uploads\/2016\/04\/IMG-20160413-WA0018-300x225.jpg 300w, https:\/\/fundacioncajaruraldelsur.com\/wp-content\/uploads\/2016\/04\/IMG-20160413-WA0018-768x576.jpg 768w, https:\/\/fundacioncajaruraldelsur.com\/wp-content\/uploads\/2016\/04\/IMG-20160413-WA0018-1024x768.jpg 1024w, https:\/\/fundacioncajaruraldelsur.com\/wp-content\/uploads\/2016\/04\/IMG-20160413-WA0018.jpg 1600w\" sizes=\"auto, (max-width: 300px) 100vw, 300px\" \/><\/a><\/p>","protected":false},"excerpt":{"rendered":"<p>El Recinto Ferial de Pozoblanco volver\u00e1 a acoger la vig\u00e9simo cuarta edici\u00f3n de la Feria Agroganadera y d\u00e9cimo cuarta de la Feria Agroalimentaria del Valle de Los Pedroches que se [&hellip;]<\/p>\n","protected":false},"author":5,"featured_media":2959,"comment_status":"closed","ping_status":"open","sticky":false,"template":"","format":"standard","meta":{"footnotes":""},"categories":[79,68],"tags":[93,92,100,101,102,103],"class_list":["post-2958","post","type-post","status-publish","format-standard","has-post-thumbnail","hentry","category-ferias","category-sector-agrario","tag-cordoba","tag-fundacion-caja-rural-del-sur","tag-los-pedroches","tag-pozoblanco","tag-sector-agroalimentario","tag-sector-agroganadero"],"yoast_head":"<!-- This site is optimized with the Yoast SEO plugin v27.3 - https:\/\/yoast.com\/product\/yoast-seo-wordpress\/ -->\n<title>La Fundaci\u00f3n Caja Rural del Sur con la Feria Agroganadera del Valle de los Pedroches - Fundaci\u00f3n Caja Rural del Sur<\/title>\n<meta name=\"robots\" content=\"index, follow, max-snippet:-1, max-image-preview:large, max-video-preview:-1\" \/>\n<link rel=\"canonical\" href=\"https:\/\/fundacioncajaruraldelsur.com\/pt\/la-fundacion-caja-rural-del-sur-con-la-feria-agroganadera-del-valle-de-los-pedroches\/\" \/>\n<meta property=\"og:locale\" content=\"pt_PT\" \/>\n<meta property=\"og:type\" content=\"article\" \/>\n<meta property=\"og:title\" content=\"La Fundaci\u00f3n Caja Rural del Sur con la Feria Agroganadera del Valle de los Pedroches - Fundaci\u00f3n Caja Rural del Sur\" \/>\n<meta property=\"og:description\" content=\"El Recinto Ferial de Pozoblanco volver\u00e1 a acoger la vig\u00e9simo cuarta edici\u00f3n de la Feria Agroganadera y d\u00e9cimo cuarta de la Feria Agroalimentaria del Valle de Los Pedroches que se [&hellip;]\" \/>\n<meta property=\"og:url\" content=\"https:\/\/fundacioncajaruraldelsur.com\/pt\/la-fundacion-caja-rural-del-sur-con-la-feria-agroganadera-del-valle-de-los-pedroches\/\" \/>\n<meta property=\"og:site_name\" content=\"Fundaci\u00f3n Caja Rural del Sur\" \/>\n<meta property=\"article:published_time\" content=\"2016-04-14T10:30:44+00:00\" \/>\n<meta property=\"article:modified_time\" content=\"2016-04-14T10:37:52+00:00\" \/>\n<meta property=\"og:image\" content=\"https:\/\/fundacioncajaruraldelsur.com\/wp-content\/uploads\/2016\/04\/cartel-feria-agro-2016.jpg\" \/>\n\t<meta property=\"og:image:width\" content=\"1145\" \/>\n\t<meta property=\"og:image:height\" content=\"1996\" \/>\n\t<meta property=\"og:image:type\" content=\"image\/jpeg\" \/>\n<meta name=\"author\" content=\"Mar\u00eda Dolores\" \/>\n<meta name=\"twitter:card\" content=\"summary_large_image\" \/>\n<meta name=\"twitter:label1\" content=\"Written by\" \/>\n\t<meta name=\"twitter:data1\" content=\"Mar\u00eda Dolores\" \/>\n\t<meta name=\"twitter:label2\" content=\"Est. reading time\" \/>\n\t<meta name=\"twitter:data2\" content=\"2 minutes\" \/>\n<script type=\"application\/ld+json\" class=\"yoast-schema-graph\">{\"@context\":\"https:\\\/\\\/schema.org\",\"@graph\":[{\"@type\":\"Article\",\"@id\":\"https:\\\/\\\/fundacioncajaruraldelsur.com\\\/la-fundacion-caja-rural-del-sur-con-la-feria-agroganadera-del-valle-de-los-pedroches\\\/#article\",\"isPartOf\":{\"@id\":\"https:\\\/\\\/fundacioncajaruraldelsur.com\\\/la-fundacion-caja-rural-del-sur-con-la-feria-agroganadera-del-valle-de-los-pedroches\\\/\"},\"author\":{\"name\":\"Mar\u00eda Dolores\",\"@id\":\"https:\\\/\\\/fundacioncajaruraldelsur.com\\\/#\\\/schema\\\/person\\\/6ad5dacf8bec33b825a51e99a3d1a014\"},\"headline\":\"La Fundaci\u00f3n Caja Rural del Sur con la Feria Agroganadera del Valle de los Pedroches\",\"datePublished\":\"2016-04-14T10:30:44+00:00\",\"dateModified\":\"2016-04-14T10:37:52+00:00\",\"mainEntityOfPage\":{\"@id\":\"https:\\\/\\\/fundacioncajaruraldelsur.com\\\/la-fundacion-caja-rural-del-sur-con-la-feria-agroganadera-del-valle-de-los-pedroches\\\/\"},\"wordCount\":385,\"image\":{\"@id\":\"https:\\\/\\\/fundacioncajaruraldelsur.com\\\/la-fundacion-caja-rural-del-sur-con-la-feria-agroganadera-del-valle-de-los-pedroches\\\/#primaryimage\"},\"thumbnailUrl\":\"https:\\\/\\\/fundacioncajaruraldelsur.com\\\/wp-content\\\/uploads\\\/2016\\\/04\\\/cartel-feria-agro-2016.jpg\",\"keywords\":[\"C\u00f3rdoba\",\"Fundaci\u00f3n Caja Rural del Sur\",\"Los Pedroches\",\"Pozoblanco\",\"Sector agroalimentario\",\"Sector agroganadero\"],\"articleSection\":[\"Ferias\",\"Sector agrario\"],\"inLanguage\":\"pt-PT\"},{\"@type\":\"WebPage\",\"@id\":\"https:\\\/\\\/fundacioncajaruraldelsur.com\\\/la-fundacion-caja-rural-del-sur-con-la-feria-agroganadera-del-valle-de-los-pedroches\\\/\",\"url\":\"https:\\\/\\\/fundacioncajaruraldelsur.com\\\/la-fundacion-caja-rural-del-sur-con-la-feria-agroganadera-del-valle-de-los-pedroches\\\/\",\"name\":\"La Fundaci\u00f3n Caja Rural del Sur con la Feria Agroganadera del Valle de los Pedroches - Fundaci\u00f3n Caja Rural del Sur\",\"isPartOf\":{\"@id\":\"https:\\\/\\\/fundacioncajaruraldelsur.com\\\/#website\"},\"primaryImageOfPage\":{\"@id\":\"https:\\\/\\\/fundacioncajaruraldelsur.com\\\/la-fundacion-caja-rural-del-sur-con-la-feria-agroganadera-del-valle-de-los-pedroches\\\/#primaryimage\"},\"image\":{\"@id\":\"https:\\\/\\\/fundacioncajaruraldelsur.com\\\/la-fundacion-caja-rural-del-sur-con-la-feria-agroganadera-del-valle-de-los-pedroches\\\/#primaryimage\"},\"thumbnailUrl\":\"https:\\\/\\\/fundacioncajaruraldelsur.com\\\/wp-content\\\/uploads\\\/2016\\\/04\\\/cartel-feria-agro-2016.jpg\",\"datePublished\":\"2016-04-14T10:30:44+00:00\",\"dateModified\":\"2016-04-14T10:37:52+00:00\",\"author\":{\"@id\":\"https:\\\/\\\/fundacioncajaruraldelsur.com\\\/#\\\/schema\\\/person\\\/6ad5dacf8bec33b825a51e99a3d1a014\"},\"breadcrumb\":{\"@id\":\"https:\\\/\\\/fundacioncajaruraldelsur.com\\\/la-fundacion-caja-rural-del-sur-con-la-feria-agroganadera-del-valle-de-los-pedroches\\\/#breadcrumb\"},\"inLanguage\":\"pt-PT\",\"potentialAction\":[{\"@type\":\"ReadAction\",\"target\":[\"https:\\\/\\\/fundacioncajaruraldelsur.com\\\/la-fundacion-caja-rural-del-sur-con-la-feria-agroganadera-del-valle-de-los-pedroches\\\/\"]}]},{\"@type\":\"ImageObject\",\"inLanguage\":\"pt-PT\",\"@id\":\"https:\\\/\\\/fundacioncajaruraldelsur.com\\\/la-fundacion-caja-rural-del-sur-con-la-feria-agroganadera-del-valle-de-los-pedroches\\\/#primaryimage\",\"url\":\"https:\\\/\\\/fundacioncajaruraldelsur.com\\\/wp-content\\\/uploads\\\/2016\\\/04\\\/cartel-feria-agro-2016.jpg\",\"contentUrl\":\"https:\\\/\\\/fundacioncajaruraldelsur.com\\\/wp-content\\\/uploads\\\/2016\\\/04\\\/cartel-feria-agro-2016.jpg\",\"width\":1145,\"height\":1996},{\"@type\":\"BreadcrumbList\",\"@id\":\"https:\\\/\\\/fundacioncajaruraldelsur.com\\\/la-fundacion-caja-rural-del-sur-con-la-feria-agroganadera-del-valle-de-los-pedroches\\\/#breadcrumb\",\"itemListElement\":[{\"@type\":\"ListItem\",\"position\":1,\"name\":\"Portada\",\"item\":\"https:\\\/\\\/fundacioncajaruraldelsur.com\\\/\"},{\"@type\":\"ListItem\",\"position\":2,\"name\":\"La Fundaci\u00f3n Caja Rural del Sur con la Feria Agroganadera del Valle de los Pedroches\"}]},{\"@type\":\"WebSite\",\"@id\":\"https:\\\/\\\/fundacioncajaruraldelsur.com\\\/#website\",\"url\":\"https:\\\/\\\/fundacioncajaruraldelsur.com\\\/\",\"name\":\"Fundaci\u00f3n Caja Rural del Sur\",\"description\":\"\",\"potentialAction\":[{\"@type\":\"SearchAction\",\"target\":{\"@type\":\"EntryPoint\",\"urlTemplate\":\"https:\\\/\\\/fundacioncajaruraldelsur.com\\\/?s={search_term_string}\"},\"query-input\":{\"@type\":\"PropertyValueSpecification\",\"valueRequired\":true,\"valueName\":\"search_term_string\"}}],\"inLanguage\":\"pt-PT\"},{\"@type\":\"Person\",\"@id\":\"https:\\\/\\\/fundacioncajaruraldelsur.com\\\/#\\\/schema\\\/person\\\/6ad5dacf8bec33b825a51e99a3d1a014\",\"name\":\"Mar\u00eda Dolores\",\"image\":{\"@type\":\"ImageObject\",\"inLanguage\":\"pt-PT\",\"@id\":\"https:\\\/\\\/secure.gravatar.com\\\/avatar\\\/7259779b29b0a956f0a513b286d7dacd332271569db781878b93bde7a21dc0e1?s=96&d=blank&r=g\",\"url\":\"https:\\\/\\\/secure.gravatar.com\\\/avatar\\\/7259779b29b0a956f0a513b286d7dacd332271569db781878b93bde7a21dc0e1?s=96&d=blank&r=g\",\"contentUrl\":\"https:\\\/\\\/secure.gravatar.com\\\/avatar\\\/7259779b29b0a956f0a513b286d7dacd332271569db781878b93bde7a21dc0e1?s=96&d=blank&r=g\",\"caption\":\"Mar\u00eda Dolores\"}}]}<\/script>\n<!-- \/ Yoast SEO plugin. -->","yoast_head_json":{"title":"La Fundaci\u00f3n Caja Rural del Sur con la Feria Agroganadera del Valle de los Pedroches - Fundaci\u00f3n Caja Rural del Sur","robots":{"index":"index","follow":"follow","max-snippet":"max-snippet:-1","max-image-preview":"max-image-preview:large","max-video-preview":"max-video-preview:-1"},"canonical":"https:\/\/fundacioncajaruraldelsur.com\/pt\/la-fundacion-caja-rural-del-sur-con-la-feria-agroganadera-del-valle-de-los-pedroches\/","og_locale":"pt_PT","og_type":"article","og_title":"La Fundaci\u00f3n Caja Rural del Sur con la Feria Agroganadera del Valle de los Pedroches - Fundaci\u00f3n Caja Rural del Sur","og_description":"El Recinto Ferial de Pozoblanco volver\u00e1 a acoger la vig\u00e9simo cuarta edici\u00f3n de la Feria Agroganadera y d\u00e9cimo cuarta de la Feria Agroalimentaria del Valle de Los Pedroches que se [&hellip;]","og_url":"https:\/\/fundacioncajaruraldelsur.com\/pt\/la-fundacion-caja-rural-del-sur-con-la-feria-agroganadera-del-valle-de-los-pedroches\/","og_site_name":"Fundaci\u00f3n Caja Rural del Sur","article_published_time":"2016-04-14T10:30:44+00:00","article_modified_time":"2016-04-14T10:37:52+00:00","og_image":[{"width":1145,"height":1996,"url":"https:\/\/fundacioncajaruraldelsur.com\/wp-content\/uploads\/2016\/04\/cartel-feria-agro-2016.jpg","type":"image\/jpeg"}],"author":"Mar\u00eda Dolores","twitter_card":"summary_large_image","twitter_misc":{"Written by":"Mar\u00eda Dolores","Est. reading time":"2 minutes"},"schema":{"@context":"https:\/\/schema.org","@graph":[{"@type":"Article","@id":"https:\/\/fundacioncajaruraldelsur.com\/la-fundacion-caja-rural-del-sur-con-la-feria-agroganadera-del-valle-de-los-pedroches\/#article","isPartOf":{"@id":"https:\/\/fundacioncajaruraldelsur.com\/la-fundacion-caja-rural-del-sur-con-la-feria-agroganadera-del-valle-de-los-pedroches\/"},"author":{"name":"Mar\u00eda Dolores","@id":"https:\/\/fundacioncajaruraldelsur.com\/#\/schema\/person\/6ad5dacf8bec33b825a51e99a3d1a014"},"headline":"La Fundaci\u00f3n Caja Rural del Sur con la Feria Agroganadera del Valle de los Pedroches","datePublished":"2016-04-14T10:30:44+00:00","dateModified":"2016-04-14T10:37:52+00:00","mainEntityOfPage":{"@id":"https:\/\/fundacioncajaruraldelsur.com\/la-fundacion-caja-rural-del-sur-con-la-feria-agroganadera-del-valle-de-los-pedroches\/"},"wordCount":385,"image":{"@id":"https:\/\/fundacioncajaruraldelsur.com\/la-fundacion-caja-rural-del-sur-con-la-feria-agroganadera-del-valle-de-los-pedroches\/#primaryimage"},"thumbnailUrl":"https:\/\/fundacioncajaruraldelsur.com\/wp-content\/uploads\/2016\/04\/cartel-feria-agro-2016.jpg","keywords":["C\u00f3rdoba","Fundaci\u00f3n Caja Rural del Sur","Los Pedroches","Pozoblanco","Sector agroalimentario","Sector agroganadero"],"articleSection":["Ferias","Sector agrario"],"inLanguage":"pt-PT"},{"@type":"WebPage","@id":"https:\/\/fundacioncajaruraldelsur.com\/la-fundacion-caja-rural-del-sur-con-la-feria-agroganadera-del-valle-de-los-pedroches\/","url":"https:\/\/fundacioncajaruraldelsur.com\/la-fundacion-caja-rural-del-sur-con-la-feria-agroganadera-del-valle-de-los-pedroches\/","name":"La Fundaci\u00f3n Caja Rural del Sur con la Feria Agroganadera del Valle de los Pedroches - Fundaci\u00f3n Caja Rural del Sur","isPartOf":{"@id":"https:\/\/fundacioncajaruraldelsur.com\/#website"},"primaryImageOfPage":{"@id":"https:\/\/fundacioncajaruraldelsur.com\/la-fundacion-caja-rural-del-sur-con-la-feria-agroganadera-del-valle-de-los-pedroches\/#primaryimage"},"image":{"@id":"https:\/\/fundacioncajaruraldelsur.com\/la-fundacion-caja-rural-del-sur-con-la-feria-agroganadera-del-valle-de-los-pedroches\/#primaryimage"},"thumbnailUrl":"https:\/\/fundacioncajaruraldelsur.com\/wp-content\/uploads\/2016\/04\/cartel-feria-agro-2016.jpg","datePublished":"2016-04-14T10:30:44+00:00","dateModified":"2016-04-14T10:37:52+00:00","author":{"@id":"https:\/\/fundacioncajaruraldelsur.com\/#\/schema\/person\/6ad5dacf8bec33b825a51e99a3d1a014"},"breadcrumb":{"@id":"https:\/\/fundacioncajaruraldelsur.com\/la-fundacion-caja-rural-del-sur-con-la-feria-agroganadera-del-valle-de-los-pedroches\/#breadcrumb"},"inLanguage":"pt-PT","potentialAction":[{"@type":"ReadAction","target":["https:\/\/fundacioncajaruraldelsur.com\/la-fundacion-caja-rural-del-sur-con-la-feria-agroganadera-del-valle-de-los-pedroches\/"]}]},{"@type":"ImageObject","inLanguage":"pt-PT","@id":"https:\/\/fundacioncajaruraldelsur.com\/la-fundacion-caja-rural-del-sur-con-la-feria-agroganadera-del-valle-de-los-pedroches\/#primaryimage","url":"https:\/\/fundacioncajaruraldelsur.com\/wp-content\/uploads\/2016\/04\/cartel-feria-agro-2016.jpg","contentUrl":"https:\/\/fundacioncajaruraldelsur.com\/wp-content\/uploads\/2016\/04\/cartel-feria-agro-2016.jpg","width":1145,"height":1996},{"@type":"BreadcrumbList","@id":"https:\/\/fundacioncajaruraldelsur.com\/la-fundacion-caja-rural-del-sur-con-la-feria-agroganadera-del-valle-de-los-pedroches\/#breadcrumb","itemListElement":[{"@type":"ListItem","position":1,"name":"Portada","item":"https:\/\/fundacioncajaruraldelsur.com\/"},{"@type":"ListItem","position":2,"name":"La Fundaci\u00f3n Caja Rural del Sur con la Feria Agroganadera del Valle de los Pedroches"}]},{"@type":"WebSite","@id":"https:\/\/fundacioncajaruraldelsur.com\/#website","url":"https:\/\/fundacioncajaruraldelsur.com\/","name":"Funda\u00e7\u00e3o Caja Rural del Sur","description":"","potentialAction":[{"@type":"SearchAction","target":{"@type":"EntryPoint","urlTemplate":"https:\/\/fundacioncajaruraldelsur.com\/?s={search_term_string}"},"query-input":{"@type":"PropertyValueSpecification","valueRequired":true,"valueName":"search_term_string"}}],"inLanguage":"pt-PT"},{"@type":"Person","@id":"https:\/\/fundacioncajaruraldelsur.com\/#\/schema\/person\/6ad5dacf8bec33b825a51e99a3d1a014","name":"Mar\u00eda Dolores","image":{"@type":"ImageObject","inLanguage":"pt-PT","@id":"https:\/\/secure.gravatar.com\/avatar\/7259779b29b0a956f0a513b286d7dacd332271569db781878b93bde7a21dc0e1?s=96&d=blank&r=g","url":"https:\/\/secure.gravatar.com\/avatar\/7259779b29b0a956f0a513b286d7dacd332271569db781878b93bde7a21dc0e1?s=96&d=blank&r=g","contentUrl":"https:\/\/secure.gravatar.com\/avatar\/7259779b29b0a956f0a513b286d7dacd332271569db781878b93bde7a21dc0e1?s=96&d=blank&r=g","caption":"Mar\u00eda Dolores"}}]}},"rttpg_featured_image_url":{"full":["https:\/\/fundacioncajaruraldelsur.com\/wp-content\/uploads\/2016\/04\/cartel-feria-agro-2016.jpg",1145,1996,false],"landscape":["https:\/\/fundacioncajaruraldelsur.com\/wp-content\/uploads\/2016\/04\/cartel-feria-agro-2016.jpg",1145,1996,false],"portraits":["https:\/\/fundacioncajaruraldelsur.com\/wp-content\/uploads\/2016\/04\/cartel-feria-agro-2016.jpg",1145,1996,false],"thumbnail":["https:\/\/fundacioncajaruraldelsur.com\/wp-content\/uploads\/2016\/04\/cartel-feria-agro-2016-150x150.jpg",150,150,true],"medium":["https:\/\/fundacioncajaruraldelsur.com\/wp-content\/uploads\/2016\/04\/cartel-feria-agro-2016-172x300.jpg",172,300,true],"large":["https:\/\/fundacioncajaruraldelsur.com\/wp-content\/uploads\/2016\/04\/cartel-feria-agro-2016-587x1024.jpg",587,1024,true],"1536x1536":["https:\/\/fundacioncajaruraldelsur.com\/wp-content\/uploads\/2016\/04\/cartel-feria-agro-2016.jpg",881,1536,false],"2048x2048":["https:\/\/fundacioncajaruraldelsur.com\/wp-content\/uploads\/2016\/04\/cartel-feria-agro-2016.jpg",1145,1996,false],"trp-custom-language-flag":["https:\/\/fundacioncajaruraldelsur.com\/wp-content\/uploads\/2016\/04\/cartel-feria-agro-2016.jpg",7,12,false],"blog-thumbnail":["https:\/\/fundacioncajaruraldelsur.com\/wp-content\/uploads\/2016\/04\/cartel-feria-agro-2016-400x200.jpg",400,200,true]},"rttpg_author":{"display_name":"Mar\u00eda Dolores","author_link":"https:\/\/fundacioncajaruraldelsur.com\/pt\/author\/cordobaadmin\/"},"rttpg_comment":0,"rttpg_category":"<a href=\"https:\/\/fundacioncajaruraldelsur.com\/pt\/category\/ferias\/\" rel=\"category tag\">Ferias<\/a> <a href=\"https:\/\/fundacioncajaruraldelsur.com\/pt\/category\/sector-agrario\/\" rel=\"category tag\">Sector agrario<\/a>","rttpg_excerpt":"El Recinto Ferial de Pozoblanco volver\u00e1 a acoger la vig\u00e9simo cuarta edici\u00f3n de la Feria Agroganadera y d\u00e9cimo cuarta de la Feria Agroalimentaria del Valle de Los Pedroches que se [&hellip;]","_links":{"self":[{"href":"https:\/\/fundacioncajaruraldelsur.com\/pt\/wp-json\/wp\/v2\/posts\/2958","targetHints":{"allow":["GET"]}}],"collection":[{"href":"https:\/\/fundacioncajaruraldelsur.com\/pt\/wp-json\/wp\/v2\/posts"}],"about":[{"href":"https:\/\/fundacioncajaruraldelsur.com\/pt\/wp-json\/wp\/v2\/types\/post"}],"author":[{"embeddable":true,"href":"https:\/\/fundacioncajaruraldelsur.com\/pt\/wp-json\/wp\/v2\/users\/5"}],"replies":[{"embeddable":true,"href":"https:\/\/fundacioncajaruraldelsur.com\/pt\/wp-json\/wp\/v2\/comments?post=2958"}],"version-history":[{"count":5,"href":"https:\/\/fundacioncajaruraldelsur.com\/pt\/wp-json\/wp\/v2\/posts\/2958\/revisions"}],"predecessor-version":[{"id":2965,"href":"https:\/\/fundacioncajaruraldelsur.com\/pt\/wp-json\/wp\/v2\/posts\/2958\/revisions\/2965"}],"wp:featuredmedia":[{"embeddable":true,"href":"https:\/\/fundacioncajaruraldelsur.com\/pt\/wp-json\/wp\/v2\/media\/2959"}],"wp:attachment":[{"href":"https:\/\/fundacioncajaruraldelsur.com\/pt\/wp-json\/wp\/v2\/media?parent=2958"}],"wp:term":[{"taxonomy":"category","embeddable":true,"href":"https:\/\/fundacioncajaruraldelsur.com\/pt\/wp-json\/wp\/v2\/categories?post=2958"},{"taxonomy":"post_tag","embeddable":true,"href":"https:\/\/fundacioncajaruraldelsur.com\/pt\/wp-json\/wp\/v2\/tags?post=2958"}],"curies":[{"name":"wp","href":"https:\/\/api.w.org\/{rel}","templated":true}]}}