{"id":2953,"date":"2016-04-08T10:43:19","date_gmt":"2016-04-08T10:43:19","guid":{"rendered":"\/?p=2953"},"modified":"2016-04-08T10:44:13","modified_gmt":"2016-04-08T10:44:13","slug":"espartaco-nunez-del-cuvillo-y-corcuera-reciben-los-premios-taurinos-pepe-luis-vazquez-de-caja-rural-del-sur","status":"publish","type":"post","link":"https:\/\/fundacioncajaruraldelsur.com\/pt\/espartaco-nunez-del-cuvillo-y-corcuera-reciben-los-premios-taurinos-pepe-luis-vazquez-de-caja-rural-del-sur\/","title":{"rendered":"\u2018Espartaco\u2019, N\u00fa\u00f1ez del Cuvillo y Corcuera reciben los premios taurinos \u00abPepe Luis V\u00e1zquez\u00bb de Caja Rural del Sur"},"content":{"rendered":"<h4>En las distintas intervenciones se puso en valor la Fiesta Nacional y que el mundo taurino debe reaccionar con firmeza<\/h4>\n<p>Con asistencia de un amplia representaci\u00f3n del mundo taurino, el maestro Jos\u00e9 Antonio Ruiz \u2018Espartaco\u2019, Alvaro N\u00fa\u00f1ez del Cuvillo y el ex ministro Jos\u00e9 Luis Corcuera recibieron en la tarde de este lunes los premios \u201cPepe Luis V\u00e1zquez\u201d en su XI edici\u00f3n, que patrocina y concede Caja Rural del Sur tras la decisi\u00f3n del jurado formado por periodistas y miembros de su Consejo Rector. El acto tuvo lugar en el nuevo sal\u00f3n en Sevilla de la entidad y en el mismo tambi\u00e9n qued\u00f3 presentada la edici\u00f3n XVIII del Anuario \u2018Maestranza\u2019, que coordina Carlos Crivell.<\/p>\n<p>El presidente de Caja Rural del Sur y su Fundaci\u00f3n, Jos\u00e9 Luis Garc\u00eda Palacios, que hizo entrega del galard\u00f3n a Jos\u00e9 Antonio Ruiz \u2018Espartaco\u2019, valor\u00f3 los m\u00e9ritos que concurr\u00edan en todos los galardonados en este a\u00f1o en el que \u201cm\u00e1s que nunca hay que defender p\u00fablicamente al mundo de los toros\u201d y tuvo un recuerdo para la Duquesa de Alba, \u201cuna gran aficionada de la Fiesta Nacional\u201d, y tambi\u00e9n hizo una menci\u00f3n especial al periodista y cronista taurino Fernando Carrasco, recientemente fallecido, que era \u201cun gran divulgador de todo el mundo taurino\u201d.<\/p>\n<p>El torero y maestro Jos\u00e9 Antonio Ruiz \u2018Espartaco\u2019 mostr\u00f3 su agradecimiento por el premio que recog\u00eda pero quiso dejar patente que \u201ctanto \u00e9ste como otros que ha recibido en su carrera se los debe a la afici\u00f3n y que a ella ten\u00eda que dedicarle la distinci\u00f3n en el a\u00f1o de su retirada como profesional\u201d.<\/p>\n<p>El trofeo a la mejor ganader\u00eda del 2015 fue entregado por el presidente de la DOP Jabugo, Guillermo Garc\u00eda-Palacios \u00c1lvarez, a Alvaro N\u00fa\u00f1ez del Cuvillo. Tanto \u00e9ste como los otros galardonados recibieron, como es tradicional como obsequio un jam\u00f3n de Huelva de \u201cprimer nivel\u2019 de manos del propio presidente de la DOP quien destac\u00f3 que \u201cpor primera vez en 40 a\u00f1os se hab\u00eda logrado agrupar en Huelva a todo el sector bajo una misma marca, Jabugo, que es referencia calidad en todo el mundo\u201d. Y en cuanto a la Fiesta Nacional, en su faceta como ganadero, hizo hincapi\u00e9 en que \u201cya nos hemos dado cuenta de que no hay que luchar contra los antitaurinos sino que nuestra labor debe ser dirigida a la sociedad que ve el mundo del toro como algo propio y que forma parte de nuestra tradici\u00f3n e historia\u201d.<\/p>\n<p>Por su parte, el periodista Carlos Crivell, que coordina el Anuario \u2018Maestranza\u2019 y en el que se recoge la temporada taurina en las principales plazas andaluzas, entreg\u00f3 su distinci\u00f3n al ex ministro Jos\u00e9 Luis Corcuera en la modalidad de \u201cPersona destacada por su promoci\u00f3n y defensa de la Fiesta Taurina\u201d, reconocimiento adem\u00e1s de por su afici\u00f3n a los toros, en su condici\u00f3n de impulsor de la primera ley que regul\u00f3 el espect\u00e1culo taurino en la historia de Espa\u00f1a. Mientras que Carlos Crivell tuvo unas palabras sentidas por el periodista Fernando Carrasco, \u201ccuya \u00faltima cr\u00f3nica taurina ha quedado recogida en el Anuario\u201d, el ex ministro Corcuera, en su intervenci\u00f3n de agradecimiento por el premio, digo que \u201chay que respetar a las minor\u00edas pero que cuando \u00e9sta te agrede no hay m\u00e1s remedio que actuar con firmeza por parte de todo el mundo taurino\u201d.<\/p>\n<p>&nbsp;<\/p>","protected":false},"excerpt":{"rendered":"<p>En las distintas intervenciones se puso en valor la Fiesta Nacional y que el mundo taurino debe reaccionar con firmeza Con asistencia de un amplia representaci\u00f3n del mundo taurino, el [&hellip;]<\/p>\n","protected":false},"author":4,"featured_media":2944,"comment_status":"closed","ping_status":"open","sticky":false,"template":"","format":"standard","meta":{"footnotes":""},"categories":[64,1],"tags":[],"class_list":["post-2953","post","type-post","status-publish","format-standard","has-post-thumbnail","hentry","category-premios","category-sin-categoria"],"yoast_head":"<!-- This site is optimized with the Yoast SEO plugin v27.3 - https:\/\/yoast.com\/product\/yoast-seo-wordpress\/ -->\n<title>\u2018Espartaco\u2019, N\u00fa\u00f1ez del Cuvillo y Corcuera reciben los premios taurinos \u00abPepe Luis V\u00e1zquez\u00bb de Caja Rural del Sur - Fundaci\u00f3n Caja Rural del Sur<\/title>\n<meta name=\"robots\" content=\"index, follow, max-snippet:-1, max-image-preview:large, max-video-preview:-1\" \/>\n<link rel=\"canonical\" href=\"https:\/\/fundacioncajaruraldelsur.com\/pt\/espartaco-nunez-del-cuvillo-y-corcuera-reciben-los-premios-taurinos-pepe-luis-vazquez-de-caja-rural-del-sur\/\" \/>\n<meta property=\"og:locale\" content=\"pt_PT\" \/>\n<meta property=\"og:type\" content=\"article\" \/>\n<meta property=\"og:title\" content=\"\u2018Espartaco\u2019, N\u00fa\u00f1ez del Cuvillo y Corcuera reciben los premios taurinos \u00abPepe Luis V\u00e1zquez\u00bb de Caja Rural del Sur - Fundaci\u00f3n Caja Rural del Sur\" \/>\n<meta property=\"og:description\" content=\"En las distintas intervenciones se puso en valor la Fiesta Nacional y que el mundo taurino debe reaccionar con firmeza Con asistencia de un amplia representaci\u00f3n del mundo taurino, el [&hellip;]\" \/>\n<meta property=\"og:url\" content=\"https:\/\/fundacioncajaruraldelsur.com\/pt\/espartaco-nunez-del-cuvillo-y-corcuera-reciben-los-premios-taurinos-pepe-luis-vazquez-de-caja-rural-del-sur\/\" \/>\n<meta property=\"og:site_name\" content=\"Fundaci\u00f3n Caja Rural del Sur\" \/>\n<meta property=\"article:published_time\" content=\"2016-04-08T10:43:19+00:00\" \/>\n<meta property=\"article:modified_time\" content=\"2016-04-08T10:44:13+00:00\" \/>\n<meta property=\"og:image\" content=\"https:\/\/fundacioncajaruraldelsur.com\/wp-content\/uploads\/2016\/04\/160328.-El-presidente-de-Caja-Rural-del-Sur-y-su-Fundaci\u00f3n-junto-a-los-premados-Espartaco-Jos\u00e9-Luis-Corcuera-y-Alvaro-N\u00fa\u00f1ez-del-Cuvillo.jpg\" \/>\n\t<meta property=\"og:image:width\" content=\"3264\" \/>\n\t<meta property=\"og:image:height\" content=\"2448\" \/>\n\t<meta property=\"og:image:type\" content=\"image\/jpeg\" \/>\n<meta name=\"author\" content=\"Huelvaadmin\" \/>\n<meta name=\"twitter:card\" content=\"summary_large_image\" \/>\n<meta name=\"twitter:label1\" content=\"Written by\" \/>\n\t<meta name=\"twitter:data1\" content=\"Huelvaadmin\" \/>\n\t<meta name=\"twitter:label2\" content=\"Est. reading time\" \/>\n\t<meta name=\"twitter:data2\" content=\"3 minutes\" \/>\n<script type=\"application\/ld+json\" class=\"yoast-schema-graph\">{\"@context\":\"https:\\\/\\\/schema.org\",\"@graph\":[{\"@type\":\"Article\",\"@id\":\"https:\\\/\\\/fundacioncajaruraldelsur.com\\\/espartaco-nunez-del-cuvillo-y-corcuera-reciben-los-premios-taurinos-pepe-luis-vazquez-de-caja-rural-del-sur\\\/#article\",\"isPartOf\":{\"@id\":\"https:\\\/\\\/fundacioncajaruraldelsur.com\\\/espartaco-nunez-del-cuvillo-y-corcuera-reciben-los-premios-taurinos-pepe-luis-vazquez-de-caja-rural-del-sur\\\/\"},\"author\":{\"name\":\"Huelvaadmin\",\"@id\":\"https:\\\/\\\/fundacioncajaruraldelsur.com\\\/#\\\/schema\\\/person\\\/3cc097351ab55f31ece09bae985e0dff\"},\"headline\":\"\u2018Espartaco\u2019, N\u00fa\u00f1ez del Cuvillo y Corcuera reciben los premios taurinos \u00abPepe Luis V\u00e1zquez\u00bb de Caja Rural del Sur\",\"datePublished\":\"2016-04-08T10:43:19+00:00\",\"dateModified\":\"2016-04-08T10:44:13+00:00\",\"mainEntityOfPage\":{\"@id\":\"https:\\\/\\\/fundacioncajaruraldelsur.com\\\/espartaco-nunez-del-cuvillo-y-corcuera-reciben-los-premios-taurinos-pepe-luis-vazquez-de-caja-rural-del-sur\\\/\"},\"wordCount\":604,\"image\":{\"@id\":\"https:\\\/\\\/fundacioncajaruraldelsur.com\\\/espartaco-nunez-del-cuvillo-y-corcuera-reciben-los-premios-taurinos-pepe-luis-vazquez-de-caja-rural-del-sur\\\/#primaryimage\"},\"thumbnailUrl\":\"https:\\\/\\\/fundacioncajaruraldelsur.com\\\/wp-content\\\/uploads\\\/2016\\\/04\\\/160328.-El-presidente-de-Caja-Rural-del-Sur-y-su-Fundaci\u00f3n-junto-a-los-premados-Espartaco-Jos\u00e9-Luis-Corcuera-y-Alvaro-N\u00fa\u00f1ez-del-Cuvillo.jpg\",\"articleSection\":[\"Premios\",\"Sin categor\u00eda\"],\"inLanguage\":\"pt-PT\"},{\"@type\":\"WebPage\",\"@id\":\"https:\\\/\\\/fundacioncajaruraldelsur.com\\\/espartaco-nunez-del-cuvillo-y-corcuera-reciben-los-premios-taurinos-pepe-luis-vazquez-de-caja-rural-del-sur\\\/\",\"url\":\"https:\\\/\\\/fundacioncajaruraldelsur.com\\\/espartaco-nunez-del-cuvillo-y-corcuera-reciben-los-premios-taurinos-pepe-luis-vazquez-de-caja-rural-del-sur\\\/\",\"name\":\"\u2018Espartaco\u2019, N\u00fa\u00f1ez del Cuvillo y Corcuera reciben los premios taurinos \u00abPepe Luis V\u00e1zquez\u00bb de Caja Rural del Sur - Fundaci\u00f3n Caja Rural del Sur\",\"isPartOf\":{\"@id\":\"https:\\\/\\\/fundacioncajaruraldelsur.com\\\/#website\"},\"primaryImageOfPage\":{\"@id\":\"https:\\\/\\\/fundacioncajaruraldelsur.com\\\/espartaco-nunez-del-cuvillo-y-corcuera-reciben-los-premios-taurinos-pepe-luis-vazquez-de-caja-rural-del-sur\\\/#primaryimage\"},\"image\":{\"@id\":\"https:\\\/\\\/fundacioncajaruraldelsur.com\\\/espartaco-nunez-del-cuvillo-y-corcuera-reciben-los-premios-taurinos-pepe-luis-vazquez-de-caja-rural-del-sur\\\/#primaryimage\"},\"thumbnailUrl\":\"https:\\\/\\\/fundacioncajaruraldelsur.com\\\/wp-content\\\/uploads\\\/2016\\\/04\\\/160328.-El-presidente-de-Caja-Rural-del-Sur-y-su-Fundaci\u00f3n-junto-a-los-premados-Espartaco-Jos\u00e9-Luis-Corcuera-y-Alvaro-N\u00fa\u00f1ez-del-Cuvillo.jpg\",\"datePublished\":\"2016-04-08T10:43:19+00:00\",\"dateModified\":\"2016-04-08T10:44:13+00:00\",\"author\":{\"@id\":\"https:\\\/\\\/fundacioncajaruraldelsur.com\\\/#\\\/schema\\\/person\\\/3cc097351ab55f31ece09bae985e0dff\"},\"breadcrumb\":{\"@id\":\"https:\\\/\\\/fundacioncajaruraldelsur.com\\\/espartaco-nunez-del-cuvillo-y-corcuera-reciben-los-premios-taurinos-pepe-luis-vazquez-de-caja-rural-del-sur\\\/#breadcrumb\"},\"inLanguage\":\"pt-PT\",\"potentialAction\":[{\"@type\":\"ReadAction\",\"target\":[\"https:\\\/\\\/fundacioncajaruraldelsur.com\\\/espartaco-nunez-del-cuvillo-y-corcuera-reciben-los-premios-taurinos-pepe-luis-vazquez-de-caja-rural-del-sur\\\/\"]}]},{\"@type\":\"ImageObject\",\"inLanguage\":\"pt-PT\",\"@id\":\"https:\\\/\\\/fundacioncajaruraldelsur.com\\\/espartaco-nunez-del-cuvillo-y-corcuera-reciben-los-premios-taurinos-pepe-luis-vazquez-de-caja-rural-del-sur\\\/#primaryimage\",\"url\":\"https:\\\/\\\/fundacioncajaruraldelsur.com\\\/wp-content\\\/uploads\\\/2016\\\/04\\\/160328.-El-presidente-de-Caja-Rural-del-Sur-y-su-Fundaci\u00f3n-junto-a-los-premados-Espartaco-Jos\u00e9-Luis-Corcuera-y-Alvaro-N\u00fa\u00f1ez-del-Cuvillo.jpg\",\"contentUrl\":\"https:\\\/\\\/fundacioncajaruraldelsur.com\\\/wp-content\\\/uploads\\\/2016\\\/04\\\/160328.-El-presidente-de-Caja-Rural-del-Sur-y-su-Fundaci\u00f3n-junto-a-los-premados-Espartaco-Jos\u00e9-Luis-Corcuera-y-Alvaro-N\u00fa\u00f1ez-del-Cuvillo.jpg\",\"width\":3264,\"height\":2448},{\"@type\":\"BreadcrumbList\",\"@id\":\"https:\\\/\\\/fundacioncajaruraldelsur.com\\\/espartaco-nunez-del-cuvillo-y-corcuera-reciben-los-premios-taurinos-pepe-luis-vazquez-de-caja-rural-del-sur\\\/#breadcrumb\",\"itemListElement\":[{\"@type\":\"ListItem\",\"position\":1,\"name\":\"Portada\",\"item\":\"https:\\\/\\\/fundacioncajaruraldelsur.com\\\/\"},{\"@type\":\"ListItem\",\"position\":2,\"name\":\"\u2018Espartaco\u2019, N\u00fa\u00f1ez del Cuvillo y Corcuera reciben los premios taurinos \u00abPepe Luis V\u00e1zquez\u00bb de Caja Rural del Sur\"}]},{\"@type\":\"WebSite\",\"@id\":\"https:\\\/\\\/fundacioncajaruraldelsur.com\\\/#website\",\"url\":\"https:\\\/\\\/fundacioncajaruraldelsur.com\\\/\",\"name\":\"Fundaci\u00f3n Caja Rural del Sur\",\"description\":\"\",\"potentialAction\":[{\"@type\":\"SearchAction\",\"target\":{\"@type\":\"EntryPoint\",\"urlTemplate\":\"https:\\\/\\\/fundacioncajaruraldelsur.com\\\/?s={search_term_string}\"},\"query-input\":{\"@type\":\"PropertyValueSpecification\",\"valueRequired\":true,\"valueName\":\"search_term_string\"}}],\"inLanguage\":\"pt-PT\"},{\"@type\":\"Person\",\"@id\":\"https:\\\/\\\/fundacioncajaruraldelsur.com\\\/#\\\/schema\\\/person\\\/3cc097351ab55f31ece09bae985e0dff\",\"name\":\"Huelvaadmin\",\"image\":{\"@type\":\"ImageObject\",\"inLanguage\":\"pt-PT\",\"@id\":\"https:\\\/\\\/secure.gravatar.com\\\/avatar\\\/844b95d9bb5bedef6ef3f07e4ac357114f2d6f55fe0799f36cbe3975aebd8bcc?s=96&d=blank&r=g\",\"url\":\"https:\\\/\\\/secure.gravatar.com\\\/avatar\\\/844b95d9bb5bedef6ef3f07e4ac357114f2d6f55fe0799f36cbe3975aebd8bcc?s=96&d=blank&r=g\",\"contentUrl\":\"https:\\\/\\\/secure.gravatar.com\\\/avatar\\\/844b95d9bb5bedef6ef3f07e4ac357114f2d6f55fe0799f36cbe3975aebd8bcc?s=96&d=blank&r=g\",\"caption\":\"Huelvaadmin\"}}]}<\/script>\n<!-- \/ Yoast SEO plugin. -->","yoast_head_json":{"title":"\u2018Espartaco\u2019, N\u00fa\u00f1ez del Cuvillo y Corcuera reciben los premios taurinos \u00abPepe Luis V\u00e1zquez\u00bb de Caja Rural del Sur - Fundaci\u00f3n Caja Rural del Sur","robots":{"index":"index","follow":"follow","max-snippet":"max-snippet:-1","max-image-preview":"max-image-preview:large","max-video-preview":"max-video-preview:-1"},"canonical":"https:\/\/fundacioncajaruraldelsur.com\/pt\/espartaco-nunez-del-cuvillo-y-corcuera-reciben-los-premios-taurinos-pepe-luis-vazquez-de-caja-rural-del-sur\/","og_locale":"pt_PT","og_type":"article","og_title":"\u2018Espartaco\u2019, N\u00fa\u00f1ez del Cuvillo y Corcuera reciben los premios taurinos \u00abPepe Luis V\u00e1zquez\u00bb de Caja Rural del Sur - Fundaci\u00f3n Caja Rural del Sur","og_description":"En las distintas intervenciones se puso en valor la Fiesta Nacional y que el mundo taurino debe reaccionar con firmeza Con asistencia de un amplia representaci\u00f3n del mundo taurino, el [&hellip;]","og_url":"https:\/\/fundacioncajaruraldelsur.com\/pt\/espartaco-nunez-del-cuvillo-y-corcuera-reciben-los-premios-taurinos-pepe-luis-vazquez-de-caja-rural-del-sur\/","og_site_name":"Fundaci\u00f3n Caja Rural del Sur","article_published_time":"2016-04-08T10:43:19+00:00","article_modified_time":"2016-04-08T10:44:13+00:00","og_image":[{"width":3264,"height":2448,"url":"https:\/\/fundacioncajaruraldelsur.com\/wp-content\/uploads\/2016\/04\/160328.-El-presidente-de-Caja-Rural-del-Sur-y-su-Fundaci\u00f3n-junto-a-los-premados-Espartaco-Jos\u00e9-Luis-Corcuera-y-Alvaro-N\u00fa\u00f1ez-del-Cuvillo.jpg","type":"image\/jpeg"}],"author":"Huelvaadmin","twitter_card":"summary_large_image","twitter_misc":{"Written by":"Huelvaadmin","Est. reading time":"3 minutes"},"schema":{"@context":"https:\/\/schema.org","@graph":[{"@type":"Article","@id":"https:\/\/fundacioncajaruraldelsur.com\/espartaco-nunez-del-cuvillo-y-corcuera-reciben-los-premios-taurinos-pepe-luis-vazquez-de-caja-rural-del-sur\/#article","isPartOf":{"@id":"https:\/\/fundacioncajaruraldelsur.com\/espartaco-nunez-del-cuvillo-y-corcuera-reciben-los-premios-taurinos-pepe-luis-vazquez-de-caja-rural-del-sur\/"},"author":{"name":"Huelvaadmin","@id":"https:\/\/fundacioncajaruraldelsur.com\/#\/schema\/person\/3cc097351ab55f31ece09bae985e0dff"},"headline":"\u2018Espartaco\u2019, N\u00fa\u00f1ez del Cuvillo y Corcuera reciben los premios taurinos \u00abPepe Luis V\u00e1zquez\u00bb de Caja Rural del Sur","datePublished":"2016-04-08T10:43:19+00:00","dateModified":"2016-04-08T10:44:13+00:00","mainEntityOfPage":{"@id":"https:\/\/fundacioncajaruraldelsur.com\/espartaco-nunez-del-cuvillo-y-corcuera-reciben-los-premios-taurinos-pepe-luis-vazquez-de-caja-rural-del-sur\/"},"wordCount":604,"image":{"@id":"https:\/\/fundacioncajaruraldelsur.com\/espartaco-nunez-del-cuvillo-y-corcuera-reciben-los-premios-taurinos-pepe-luis-vazquez-de-caja-rural-del-sur\/#primaryimage"},"thumbnailUrl":"https:\/\/fundacioncajaruraldelsur.com\/wp-content\/uploads\/2016\/04\/160328.-El-presidente-de-Caja-Rural-del-Sur-y-su-Fundaci\u00f3n-junto-a-los-premados-Espartaco-Jos\u00e9-Luis-Corcuera-y-Alvaro-N\u00fa\u00f1ez-del-Cuvillo.jpg","articleSection":["Premios","Sin categor\u00eda"],"inLanguage":"pt-PT"},{"@type":"WebPage","@id":"https:\/\/fundacioncajaruraldelsur.com\/espartaco-nunez-del-cuvillo-y-corcuera-reciben-los-premios-taurinos-pepe-luis-vazquez-de-caja-rural-del-sur\/","url":"https:\/\/fundacioncajaruraldelsur.com\/espartaco-nunez-del-cuvillo-y-corcuera-reciben-los-premios-taurinos-pepe-luis-vazquez-de-caja-rural-del-sur\/","name":"\u2018Espartaco\u2019, N\u00fa\u00f1ez del Cuvillo y Corcuera reciben los premios taurinos \u00abPepe Luis V\u00e1zquez\u00bb de Caja Rural del Sur - Fundaci\u00f3n Caja Rural del Sur","isPartOf":{"@id":"https:\/\/fundacioncajaruraldelsur.com\/#website"},"primaryImageOfPage":{"@id":"https:\/\/fundacioncajaruraldelsur.com\/espartaco-nunez-del-cuvillo-y-corcuera-reciben-los-premios-taurinos-pepe-luis-vazquez-de-caja-rural-del-sur\/#primaryimage"},"image":{"@id":"https:\/\/fundacioncajaruraldelsur.com\/espartaco-nunez-del-cuvillo-y-corcuera-reciben-los-premios-taurinos-pepe-luis-vazquez-de-caja-rural-del-sur\/#primaryimage"},"thumbnailUrl":"https:\/\/fundacioncajaruraldelsur.com\/wp-content\/uploads\/2016\/04\/160328.-El-presidente-de-Caja-Rural-del-Sur-y-su-Fundaci\u00f3n-junto-a-los-premados-Espartaco-Jos\u00e9-Luis-Corcuera-y-Alvaro-N\u00fa\u00f1ez-del-Cuvillo.jpg","datePublished":"2016-04-08T10:43:19+00:00","dateModified":"2016-04-08T10:44:13+00:00","author":{"@id":"https:\/\/fundacioncajaruraldelsur.com\/#\/schema\/person\/3cc097351ab55f31ece09bae985e0dff"},"breadcrumb":{"@id":"https:\/\/fundacioncajaruraldelsur.com\/espartaco-nunez-del-cuvillo-y-corcuera-reciben-los-premios-taurinos-pepe-luis-vazquez-de-caja-rural-del-sur\/#breadcrumb"},"inLanguage":"pt-PT","potentialAction":[{"@type":"ReadAction","target":["https:\/\/fundacioncajaruraldelsur.com\/espartaco-nunez-del-cuvillo-y-corcuera-reciben-los-premios-taurinos-pepe-luis-vazquez-de-caja-rural-del-sur\/"]}]},{"@type":"ImageObject","inLanguage":"pt-PT","@id":"https:\/\/fundacioncajaruraldelsur.com\/espartaco-nunez-del-cuvillo-y-corcuera-reciben-los-premios-taurinos-pepe-luis-vazquez-de-caja-rural-del-sur\/#primaryimage","url":"https:\/\/fundacioncajaruraldelsur.com\/wp-content\/uploads\/2016\/04\/160328.-El-presidente-de-Caja-Rural-del-Sur-y-su-Fundaci\u00f3n-junto-a-los-premados-Espartaco-Jos\u00e9-Luis-Corcuera-y-Alvaro-N\u00fa\u00f1ez-del-Cuvillo.jpg","contentUrl":"https:\/\/fundacioncajaruraldelsur.com\/wp-content\/uploads\/2016\/04\/160328.-El-presidente-de-Caja-Rural-del-Sur-y-su-Fundaci\u00f3n-junto-a-los-premados-Espartaco-Jos\u00e9-Luis-Corcuera-y-Alvaro-N\u00fa\u00f1ez-del-Cuvillo.jpg","width":3264,"height":2448},{"@type":"BreadcrumbList","@id":"https:\/\/fundacioncajaruraldelsur.com\/espartaco-nunez-del-cuvillo-y-corcuera-reciben-los-premios-taurinos-pepe-luis-vazquez-de-caja-rural-del-sur\/#breadcrumb","itemListElement":[{"@type":"ListItem","position":1,"name":"Portada","item":"https:\/\/fundacioncajaruraldelsur.com\/"},{"@type":"ListItem","position":2,"name":"\u2018Espartaco\u2019, N\u00fa\u00f1ez del Cuvillo y Corcuera reciben los premios taurinos \u00abPepe Luis V\u00e1zquez\u00bb de Caja Rural del Sur"}]},{"@type":"WebSite","@id":"https:\/\/fundacioncajaruraldelsur.com\/#website","url":"https:\/\/fundacioncajaruraldelsur.com\/","name":"Funda\u00e7\u00e3o Caja Rural del Sur","description":"","potentialAction":[{"@type":"SearchAction","target":{"@type":"EntryPoint","urlTemplate":"https:\/\/fundacioncajaruraldelsur.com\/?s={search_term_string}"},"query-input":{"@type":"PropertyValueSpecification","valueRequired":true,"valueName":"search_term_string"}}],"inLanguage":"pt-PT"},{"@type":"Person","@id":"https:\/\/fundacioncajaruraldelsur.com\/#\/schema\/person\/3cc097351ab55f31ece09bae985e0dff","name":"Huelvaadmin","image":{"@type":"ImageObject","inLanguage":"pt-PT","@id":"https:\/\/secure.gravatar.com\/avatar\/844b95d9bb5bedef6ef3f07e4ac357114f2d6f55fe0799f36cbe3975aebd8bcc?s=96&d=blank&r=g","url":"https:\/\/secure.gravatar.com\/avatar\/844b95d9bb5bedef6ef3f07e4ac357114f2d6f55fe0799f36cbe3975aebd8bcc?s=96&d=blank&r=g","contentUrl":"https:\/\/secure.gravatar.com\/avatar\/844b95d9bb5bedef6ef3f07e4ac357114f2d6f55fe0799f36cbe3975aebd8bcc?s=96&d=blank&r=g","caption":"Huelvaadmin"}}]}},"rttpg_featured_image_url":{"full":["https:\/\/fundacioncajaruraldelsur.com\/wp-content\/uploads\/2016\/04\/160328.-El-presidente-de-Caja-Rural-del-Sur-y-su-Fundaci\u00f3n-junto-a-los-premados-Espartaco-Jos\u00e9-Luis-Corcuera-y-Alvaro-N\u00fa\u00f1ez-del-Cuvillo.jpg",3264,2448,false],"landscape":["https:\/\/fundacioncajaruraldelsur.com\/wp-content\/uploads\/2016\/04\/160328.-El-presidente-de-Caja-Rural-del-Sur-y-su-Fundaci\u00f3n-junto-a-los-premados-Espartaco-Jos\u00e9-Luis-Corcuera-y-Alvaro-N\u00fa\u00f1ez-del-Cuvillo.jpg",3264,2448,false],"portraits":["https:\/\/fundacioncajaruraldelsur.com\/wp-content\/uploads\/2016\/04\/160328.-El-presidente-de-Caja-Rural-del-Sur-y-su-Fundaci\u00f3n-junto-a-los-premados-Espartaco-Jos\u00e9-Luis-Corcuera-y-Alvaro-N\u00fa\u00f1ez-del-Cuvillo.jpg",3264,2448,false],"thumbnail":["https:\/\/fundacioncajaruraldelsur.com\/wp-content\/uploads\/2016\/04\/160328.-El-presidente-de-Caja-Rural-del-Sur-y-su-Fundaci\u00f3n-junto-a-los-premados-Espartaco-Jos\u00e9-Luis-Corcuera-y-Alvaro-N\u00fa\u00f1ez-del-Cuvillo-150x150.jpg",150,150,true],"medium":["https:\/\/fundacioncajaruraldelsur.com\/wp-content\/uploads\/2016\/04\/160328.-El-presidente-de-Caja-Rural-del-Sur-y-su-Fundaci\u00f3n-junto-a-los-premados-Espartaco-Jos\u00e9-Luis-Corcuera-y-Alvaro-N\u00fa\u00f1ez-del-Cuvillo-300x225.jpg",300,225,true],"large":["https:\/\/fundacioncajaruraldelsur.com\/wp-content\/uploads\/2016\/04\/160328.-El-presidente-de-Caja-Rural-del-Sur-y-su-Fundaci\u00f3n-junto-a-los-premados-Espartaco-Jos\u00e9-Luis-Corcuera-y-Alvaro-N\u00fa\u00f1ez-del-Cuvillo-1024x768.jpg",960,720,true],"1536x1536":["https:\/\/fundacioncajaruraldelsur.com\/wp-content\/uploads\/2016\/04\/160328.-El-presidente-de-Caja-Rural-del-Sur-y-su-Fundaci\u00f3n-junto-a-los-premados-Espartaco-Jos\u00e9-Luis-Corcuera-y-Alvaro-N\u00fa\u00f1ez-del-Cuvillo.jpg",1536,1152,false],"2048x2048":["https:\/\/fundacioncajaruraldelsur.com\/wp-content\/uploads\/2016\/04\/160328.-El-presidente-de-Caja-Rural-del-Sur-y-su-Fundaci\u00f3n-junto-a-los-premados-Espartaco-Jos\u00e9-Luis-Corcuera-y-Alvaro-N\u00fa\u00f1ez-del-Cuvillo.jpg",2048,1536,false],"trp-custom-language-flag":["https:\/\/fundacioncajaruraldelsur.com\/wp-content\/uploads\/2016\/04\/160328.-El-presidente-de-Caja-Rural-del-Sur-y-su-Fundaci\u00f3n-junto-a-los-premados-Espartaco-Jos\u00e9-Luis-Corcuera-y-Alvaro-N\u00fa\u00f1ez-del-Cuvillo.jpg",16,12,false],"blog-thumbnail":["https:\/\/fundacioncajaruraldelsur.com\/wp-content\/uploads\/2016\/04\/160328.-El-presidente-de-Caja-Rural-del-Sur-y-su-Fundaci\u00f3n-junto-a-los-premados-Espartaco-Jos\u00e9-Luis-Corcuera-y-Alvaro-N\u00fa\u00f1ez-del-Cuvillo-400x200.jpg",400,200,true]},"rttpg_author":{"display_name":"Huelvaadmin","author_link":"https:\/\/fundacioncajaruraldelsur.com\/pt\/author\/huelvaadmin\/"},"rttpg_comment":0,"rttpg_category":"<a href=\"https:\/\/fundacioncajaruraldelsur.com\/pt\/category\/premios\/\" rel=\"category tag\">Premios<\/a> <a href=\"https:\/\/fundacioncajaruraldelsur.com\/pt\/category\/sin-categoria\/\" rel=\"category tag\">Sin categor\u00eda<\/a>","rttpg_excerpt":"En las distintas intervenciones se puso en valor la Fiesta Nacional y que el mundo taurino debe reaccionar con firmeza Con asistencia de un amplia representaci\u00f3n del mundo taurino, el [&hellip;]","_links":{"self":[{"href":"https:\/\/fundacioncajaruraldelsur.com\/pt\/wp-json\/wp\/v2\/posts\/2953","targetHints":{"allow":["GET"]}}],"collection":[{"href":"https:\/\/fundacioncajaruraldelsur.com\/pt\/wp-json\/wp\/v2\/posts"}],"about":[{"href":"https:\/\/fundacioncajaruraldelsur.com\/pt\/wp-json\/wp\/v2\/types\/post"}],"author":[{"embeddable":true,"href":"https:\/\/fundacioncajaruraldelsur.com\/pt\/wp-json\/wp\/v2\/users\/4"}],"replies":[{"embeddable":true,"href":"https:\/\/fundacioncajaruraldelsur.com\/pt\/wp-json\/wp\/v2\/comments?post=2953"}],"version-history":[{"count":2,"href":"https:\/\/fundacioncajaruraldelsur.com\/pt\/wp-json\/wp\/v2\/posts\/2953\/revisions"}],"predecessor-version":[{"id":2955,"href":"https:\/\/fundacioncajaruraldelsur.com\/pt\/wp-json\/wp\/v2\/posts\/2953\/revisions\/2955"}],"wp:featuredmedia":[{"embeddable":true,"href":"https:\/\/fundacioncajaruraldelsur.com\/pt\/wp-json\/wp\/v2\/media\/2944"}],"wp:attachment":[{"href":"https:\/\/fundacioncajaruraldelsur.com\/pt\/wp-json\/wp\/v2\/media?parent=2953"}],"wp:term":[{"taxonomy":"category","embeddable":true,"href":"https:\/\/fundacioncajaruraldelsur.com\/pt\/wp-json\/wp\/v2\/categories?post=2953"},{"taxonomy":"post_tag","embeddable":true,"href":"https:\/\/fundacioncajaruraldelsur.com\/pt\/wp-json\/wp\/v2\/tags?post=2953"}],"curies":[{"name":"wp","href":"https:\/\/api.w.org\/{rel}","templated":true}]}}