{"id":2942,"date":"2016-04-08T10:12:21","date_gmt":"2016-04-08T10:12:21","guid":{"rendered":"\/?p=2942"},"modified":"2016-04-08T10:47:16","modified_gmt":"2016-04-08T10:47:16","slug":"fundacion-caja-rural-del-sur-en-la-feria-del-aceite-de-oliva-de-beas","status":"publish","type":"post","link":"https:\/\/fundacioncajaruraldelsur.com\/pt\/fundacion-caja-rural-del-sur-en-la-feria-del-aceite-de-oliva-de-beas\/","title":{"rendered":"Fundaci\u00f3n Caja Rural del Sur en la Feria del Aceite de Oliva de Beas"},"content":{"rendered":"<p><strong>\u00a0<\/strong><strong>En esta edici\u00f3n han sido galardonados\u00a0 con los verdiales de oro, la Cooperativa de Chucena, el Laboratorio Agroalimentario de C\u00f3rdoba y el olivicultor Diego P\u00e9rez Ruiz<\/strong><\/p>\n<p>En el marco de la XII Feria Agr\u00edcola del Aceite de Oliva Virgen de Beas, Fundaci\u00f3n Caja Rural del Sur ha vuelto a entregar, como ocurre desde hace a\u00f1os, los premios \u2018Verdiales de Oro\u2019 que en esta edici\u00f3n han sido para la Cooperativa San Isidro Labrador, de Chucena; el Laboratorio Agroalimentario de C\u00f3rdoba, de la Consejer\u00eda de Agricultura, Pesca y Desarrollo Rural; y, asimismo, el olivicultor \u2018beasino\u2019, Diego P\u00e9rez Ruiz. El presidente de Caja Rural del Sur y su Fundaci\u00f3n, Jos\u00e9 Luis Garc\u00eda Palacios, hizo entrega de estos galardones,\u00a0acompa\u00f1ado del presidente de la Diputaci\u00f3n de Huelva, subdelegado del Gobierno en Huelva, delegado provincial de Agricultura y el\u00a0alcalde de Beas.<\/p>\n<p>El premio \u2018Verdial de Oro\u2019 fue entregado por Ignacio Caraballo, presidente de la Diputaci\u00f3n de Huelva, al responsable de la Cooperativa San Isidro Labrador, de Chucena (Huelva, \u00c1lvaro Fern\u00e1ndez. Por su parte el presidente de Caja Rural del Sur y su Fundaci\u00f3n, Jos\u00e9 Luis Garc\u00eda Palacios, hizo entrega del \u2018Verdial de Honor\u2019 a Matilde Mar\u00eda Trujillo, directora del Laboratorio Agroalimentario de C\u00f3rdoba, dependiente de la Agencia de Gesti\u00f3n Agraria y Pesquera de la Consejer\u00eda de Agricultura de la Junta de Andaluc\u00eda. Y, finalmente, el alcalde de Beas, Diego Lorenzo Becerril, entrego el \u2018Verdial Homenaje al Olivicultor Beasino\u2019 al agricultor local Diego P\u00e9rez Ruiz, quien a sus 86 a\u00f1os sigue vinculado al sector del olivar y de la agricultura, que ha sido su actividad desde su juventud.<\/p>\n<p>Jos\u00e9 Luis Garc\u00eda Palacios, presidente de Caja del Sur y su Fundaci\u00f3n destacaba la \u201cimportancia de esos premios, de gran prestigio en todo el sector olivarero y que cada a\u00f1o vienen a distinguir a personas, instituciones o cooperativas que se caracterizan por su buen hacer en la mejora de la producci\u00f3n del olivar y esa riqueza gastron\u00f3mica natural de la provincia de Huelva, como es el aceite de oliva virgen, que tiene reconocida su calidad ya a nivel nacional e internacional y que desde la Fundaci\u00f3n, se viene trabajando en conjunto con las cooperativas para una mejor comercializaci\u00f3n\u201d. Felicit\u00f3 tanto a los galardonados en esta edici\u00f3n como a todo el Consejo Rector y directivos de la Cooperativa San Bartolom\u00e9, de Beas, por la \u201cextraordinaria organizaci\u00f3n desde hace doce a\u00f1os en sus amplias y modernas instalaciones de este feria que se ha convertido en un aut\u00e9ntico acontecimiento al que acuden numerosas personas del sector\u201d.<\/p>\n<p>&nbsp;<\/p>\n<p>&nbsp;<\/p>","protected":false},"excerpt":{"rendered":"<p>\u00a0En esta edici\u00f3n han sido galardonados\u00a0 con los verdiales de oro, la Cooperativa de Chucena, el Laboratorio Agroalimentario de C\u00f3rdoba y el olivicultor Diego P\u00e9rez Ruiz En el marco de [&hellip;]<\/p>\n","protected":false},"author":4,"featured_media":2943,"comment_status":"closed","ping_status":"open","sticky":false,"template":"","format":"standard","meta":{"footnotes":""},"categories":[79,68],"tags":[],"class_list":["post-2942","post","type-post","status-publish","format-standard","has-post-thumbnail","hentry","category-ferias","category-sector-agrario"],"yoast_head":"<!-- This site is optimized with the Yoast SEO plugin v27.3 - https:\/\/yoast.com\/product\/yoast-seo-wordpress\/ -->\n<title>Fundaci\u00f3n Caja Rural del Sur en la Feria del Aceite de Oliva de Beas - Fundaci\u00f3n Caja Rural del Sur<\/title>\n<meta name=\"robots\" content=\"index, follow, max-snippet:-1, max-image-preview:large, max-video-preview:-1\" \/>\n<link rel=\"canonical\" href=\"https:\/\/fundacioncajaruraldelsur.com\/pt\/fundacion-caja-rural-del-sur-en-la-feria-del-aceite-de-oliva-de-beas\/\" \/>\n<meta property=\"og:locale\" content=\"pt_PT\" \/>\n<meta property=\"og:type\" content=\"article\" \/>\n<meta property=\"og:title\" content=\"Fundaci\u00f3n Caja Rural del Sur en la Feria del Aceite de Oliva de Beas - Fundaci\u00f3n Caja Rural del Sur\" \/>\n<meta property=\"og:description\" content=\"\u00a0En esta edici\u00f3n han sido galardonados\u00a0 con los verdiales de oro, la Cooperativa de Chucena, el Laboratorio Agroalimentario de C\u00f3rdoba y el olivicultor Diego P\u00e9rez Ruiz En el marco de [&hellip;]\" \/>\n<meta property=\"og:url\" content=\"https:\/\/fundacioncajaruraldelsur.com\/pt\/fundacion-caja-rural-del-sur-en-la-feria-del-aceite-de-oliva-de-beas\/\" \/>\n<meta property=\"og:site_name\" content=\"Fundaci\u00f3n Caja Rural del Sur\" \/>\n<meta property=\"article:published_time\" content=\"2016-04-08T10:12:21+00:00\" \/>\n<meta property=\"article:modified_time\" content=\"2016-04-08T10:47:16+00:00\" \/>\n<meta property=\"og:image\" content=\"https:\/\/fundacioncajaruraldelsur.com\/wp-content\/uploads\/2016\/04\/160402.-Galardonados-con-los-Verdiales-de-Fundaci\u00f3n-Caja-Rural-del-Sur-junto-con-el-presidente-de-la-entidad-autoridades-y-directivos-de-Olibeas.jpg\" \/>\n\t<meta property=\"og:image:width\" content=\"2362\" \/>\n\t<meta property=\"og:image:height\" content=\"1565\" \/>\n\t<meta property=\"og:image:type\" content=\"image\/jpeg\" \/>\n<meta name=\"author\" content=\"Huelvaadmin\" \/>\n<meta name=\"twitter:card\" content=\"summary_large_image\" \/>\n<meta name=\"twitter:label1\" content=\"Written by\" \/>\n\t<meta name=\"twitter:data1\" content=\"Huelvaadmin\" \/>\n\t<meta name=\"twitter:label2\" content=\"Est. reading time\" \/>\n\t<meta name=\"twitter:data2\" content=\"2 minutes\" \/>\n<script type=\"application\/ld+json\" class=\"yoast-schema-graph\">{\"@context\":\"https:\\\/\\\/schema.org\",\"@graph\":[{\"@type\":\"Article\",\"@id\":\"https:\\\/\\\/fundacioncajaruraldelsur.com\\\/fundacion-caja-rural-del-sur-en-la-feria-del-aceite-de-oliva-de-beas\\\/#article\",\"isPartOf\":{\"@id\":\"https:\\\/\\\/fundacioncajaruraldelsur.com\\\/fundacion-caja-rural-del-sur-en-la-feria-del-aceite-de-oliva-de-beas\\\/\"},\"author\":{\"name\":\"Huelvaadmin\",\"@id\":\"https:\\\/\\\/fundacioncajaruraldelsur.com\\\/#\\\/schema\\\/person\\\/3cc097351ab55f31ece09bae985e0dff\"},\"headline\":\"Fundaci\u00f3n Caja Rural del Sur en la Feria del Aceite de Oliva de Beas\",\"datePublished\":\"2016-04-08T10:12:21+00:00\",\"dateModified\":\"2016-04-08T10:47:16+00:00\",\"mainEntityOfPage\":{\"@id\":\"https:\\\/\\\/fundacioncajaruraldelsur.com\\\/fundacion-caja-rural-del-sur-en-la-feria-del-aceite-de-oliva-de-beas\\\/\"},\"wordCount\":468,\"image\":{\"@id\":\"https:\\\/\\\/fundacioncajaruraldelsur.com\\\/fundacion-caja-rural-del-sur-en-la-feria-del-aceite-de-oliva-de-beas\\\/#primaryimage\"},\"thumbnailUrl\":\"https:\\\/\\\/fundacioncajaruraldelsur.com\\\/wp-content\\\/uploads\\\/2016\\\/04\\\/160402.-Galardonados-con-los-Verdiales-de-Fundaci\u00f3n-Caja-Rural-del-Sur-junto-con-el-presidente-de-la-entidad-autoridades-y-directivos-de-Olibeas.jpg\",\"articleSection\":[\"Ferias\",\"Sector agrario\"],\"inLanguage\":\"pt-PT\"},{\"@type\":\"WebPage\",\"@id\":\"https:\\\/\\\/fundacioncajaruraldelsur.com\\\/fundacion-caja-rural-del-sur-en-la-feria-del-aceite-de-oliva-de-beas\\\/\",\"url\":\"https:\\\/\\\/fundacioncajaruraldelsur.com\\\/fundacion-caja-rural-del-sur-en-la-feria-del-aceite-de-oliva-de-beas\\\/\",\"name\":\"Fundaci\u00f3n Caja Rural del Sur en la Feria del Aceite de Oliva de Beas - Fundaci\u00f3n Caja Rural del Sur\",\"isPartOf\":{\"@id\":\"https:\\\/\\\/fundacioncajaruraldelsur.com\\\/#website\"},\"primaryImageOfPage\":{\"@id\":\"https:\\\/\\\/fundacioncajaruraldelsur.com\\\/fundacion-caja-rural-del-sur-en-la-feria-del-aceite-de-oliva-de-beas\\\/#primaryimage\"},\"image\":{\"@id\":\"https:\\\/\\\/fundacioncajaruraldelsur.com\\\/fundacion-caja-rural-del-sur-en-la-feria-del-aceite-de-oliva-de-beas\\\/#primaryimage\"},\"thumbnailUrl\":\"https:\\\/\\\/fundacioncajaruraldelsur.com\\\/wp-content\\\/uploads\\\/2016\\\/04\\\/160402.-Galardonados-con-los-Verdiales-de-Fundaci\u00f3n-Caja-Rural-del-Sur-junto-con-el-presidente-de-la-entidad-autoridades-y-directivos-de-Olibeas.jpg\",\"datePublished\":\"2016-04-08T10:12:21+00:00\",\"dateModified\":\"2016-04-08T10:47:16+00:00\",\"author\":{\"@id\":\"https:\\\/\\\/fundacioncajaruraldelsur.com\\\/#\\\/schema\\\/person\\\/3cc097351ab55f31ece09bae985e0dff\"},\"breadcrumb\":{\"@id\":\"https:\\\/\\\/fundacioncajaruraldelsur.com\\\/fundacion-caja-rural-del-sur-en-la-feria-del-aceite-de-oliva-de-beas\\\/#breadcrumb\"},\"inLanguage\":\"pt-PT\",\"potentialAction\":[{\"@type\":\"ReadAction\",\"target\":[\"https:\\\/\\\/fundacioncajaruraldelsur.com\\\/fundacion-caja-rural-del-sur-en-la-feria-del-aceite-de-oliva-de-beas\\\/\"]}]},{\"@type\":\"ImageObject\",\"inLanguage\":\"pt-PT\",\"@id\":\"https:\\\/\\\/fundacioncajaruraldelsur.com\\\/fundacion-caja-rural-del-sur-en-la-feria-del-aceite-de-oliva-de-beas\\\/#primaryimage\",\"url\":\"https:\\\/\\\/fundacioncajaruraldelsur.com\\\/wp-content\\\/uploads\\\/2016\\\/04\\\/160402.-Galardonados-con-los-Verdiales-de-Fundaci\u00f3n-Caja-Rural-del-Sur-junto-con-el-presidente-de-la-entidad-autoridades-y-directivos-de-Olibeas.jpg\",\"contentUrl\":\"https:\\\/\\\/fundacioncajaruraldelsur.com\\\/wp-content\\\/uploads\\\/2016\\\/04\\\/160402.-Galardonados-con-los-Verdiales-de-Fundaci\u00f3n-Caja-Rural-del-Sur-junto-con-el-presidente-de-la-entidad-autoridades-y-directivos-de-Olibeas.jpg\",\"width\":2362,\"height\":1565},{\"@type\":\"BreadcrumbList\",\"@id\":\"https:\\\/\\\/fundacioncajaruraldelsur.com\\\/fundacion-caja-rural-del-sur-en-la-feria-del-aceite-de-oliva-de-beas\\\/#breadcrumb\",\"itemListElement\":[{\"@type\":\"ListItem\",\"position\":1,\"name\":\"Portada\",\"item\":\"https:\\\/\\\/fundacioncajaruraldelsur.com\\\/\"},{\"@type\":\"ListItem\",\"position\":2,\"name\":\"Fundaci\u00f3n Caja Rural del Sur en la Feria del Aceite de Oliva de Beas\"}]},{\"@type\":\"WebSite\",\"@id\":\"https:\\\/\\\/fundacioncajaruraldelsur.com\\\/#website\",\"url\":\"https:\\\/\\\/fundacioncajaruraldelsur.com\\\/\",\"name\":\"Fundaci\u00f3n Caja Rural del Sur\",\"description\":\"\",\"potentialAction\":[{\"@type\":\"SearchAction\",\"target\":{\"@type\":\"EntryPoint\",\"urlTemplate\":\"https:\\\/\\\/fundacioncajaruraldelsur.com\\\/?s={search_term_string}\"},\"query-input\":{\"@type\":\"PropertyValueSpecification\",\"valueRequired\":true,\"valueName\":\"search_term_string\"}}],\"inLanguage\":\"pt-PT\"},{\"@type\":\"Person\",\"@id\":\"https:\\\/\\\/fundacioncajaruraldelsur.com\\\/#\\\/schema\\\/person\\\/3cc097351ab55f31ece09bae985e0dff\",\"name\":\"Huelvaadmin\",\"image\":{\"@type\":\"ImageObject\",\"inLanguage\":\"pt-PT\",\"@id\":\"https:\\\/\\\/secure.gravatar.com\\\/avatar\\\/844b95d9bb5bedef6ef3f07e4ac357114f2d6f55fe0799f36cbe3975aebd8bcc?s=96&d=blank&r=g\",\"url\":\"https:\\\/\\\/secure.gravatar.com\\\/avatar\\\/844b95d9bb5bedef6ef3f07e4ac357114f2d6f55fe0799f36cbe3975aebd8bcc?s=96&d=blank&r=g\",\"contentUrl\":\"https:\\\/\\\/secure.gravatar.com\\\/avatar\\\/844b95d9bb5bedef6ef3f07e4ac357114f2d6f55fe0799f36cbe3975aebd8bcc?s=96&d=blank&r=g\",\"caption\":\"Huelvaadmin\"}}]}<\/script>\n<!-- \/ Yoast SEO plugin. -->","yoast_head_json":{"title":"Fundaci\u00f3n Caja Rural del Sur en la Feria del Aceite de Oliva de Beas - Fundaci\u00f3n Caja Rural del Sur","robots":{"index":"index","follow":"follow","max-snippet":"max-snippet:-1","max-image-preview":"max-image-preview:large","max-video-preview":"max-video-preview:-1"},"canonical":"https:\/\/fundacioncajaruraldelsur.com\/pt\/fundacion-caja-rural-del-sur-en-la-feria-del-aceite-de-oliva-de-beas\/","og_locale":"pt_PT","og_type":"article","og_title":"Fundaci\u00f3n Caja Rural del Sur en la Feria del Aceite de Oliva de Beas - Fundaci\u00f3n Caja Rural del Sur","og_description":"\u00a0En esta edici\u00f3n han sido galardonados\u00a0 con los verdiales de oro, la Cooperativa de Chucena, el Laboratorio Agroalimentario de C\u00f3rdoba y el olivicultor Diego P\u00e9rez Ruiz En el marco de [&hellip;]","og_url":"https:\/\/fundacioncajaruraldelsur.com\/pt\/fundacion-caja-rural-del-sur-en-la-feria-del-aceite-de-oliva-de-beas\/","og_site_name":"Fundaci\u00f3n Caja Rural del Sur","article_published_time":"2016-04-08T10:12:21+00:00","article_modified_time":"2016-04-08T10:47:16+00:00","og_image":[{"width":2362,"height":1565,"url":"https:\/\/fundacioncajaruraldelsur.com\/wp-content\/uploads\/2016\/04\/160402.-Galardonados-con-los-Verdiales-de-Fundaci\u00f3n-Caja-Rural-del-Sur-junto-con-el-presidente-de-la-entidad-autoridades-y-directivos-de-Olibeas.jpg","type":"image\/jpeg"}],"author":"Huelvaadmin","twitter_card":"summary_large_image","twitter_misc":{"Written by":"Huelvaadmin","Est. reading time":"2 minutes"},"schema":{"@context":"https:\/\/schema.org","@graph":[{"@type":"Article","@id":"https:\/\/fundacioncajaruraldelsur.com\/fundacion-caja-rural-del-sur-en-la-feria-del-aceite-de-oliva-de-beas\/#article","isPartOf":{"@id":"https:\/\/fundacioncajaruraldelsur.com\/fundacion-caja-rural-del-sur-en-la-feria-del-aceite-de-oliva-de-beas\/"},"author":{"name":"Huelvaadmin","@id":"https:\/\/fundacioncajaruraldelsur.com\/#\/schema\/person\/3cc097351ab55f31ece09bae985e0dff"},"headline":"Fundaci\u00f3n Caja Rural del Sur en la Feria del Aceite de Oliva de Beas","datePublished":"2016-04-08T10:12:21+00:00","dateModified":"2016-04-08T10:47:16+00:00","mainEntityOfPage":{"@id":"https:\/\/fundacioncajaruraldelsur.com\/fundacion-caja-rural-del-sur-en-la-feria-del-aceite-de-oliva-de-beas\/"},"wordCount":468,"image":{"@id":"https:\/\/fundacioncajaruraldelsur.com\/fundacion-caja-rural-del-sur-en-la-feria-del-aceite-de-oliva-de-beas\/#primaryimage"},"thumbnailUrl":"https:\/\/fundacioncajaruraldelsur.com\/wp-content\/uploads\/2016\/04\/160402.-Galardonados-con-los-Verdiales-de-Fundaci\u00f3n-Caja-Rural-del-Sur-junto-con-el-presidente-de-la-entidad-autoridades-y-directivos-de-Olibeas.jpg","articleSection":["Ferias","Sector agrario"],"inLanguage":"pt-PT"},{"@type":"WebPage","@id":"https:\/\/fundacioncajaruraldelsur.com\/fundacion-caja-rural-del-sur-en-la-feria-del-aceite-de-oliva-de-beas\/","url":"https:\/\/fundacioncajaruraldelsur.com\/fundacion-caja-rural-del-sur-en-la-feria-del-aceite-de-oliva-de-beas\/","name":"Fundaci\u00f3n Caja Rural del Sur en la Feria del Aceite de Oliva de Beas - Fundaci\u00f3n Caja Rural del Sur","isPartOf":{"@id":"https:\/\/fundacioncajaruraldelsur.com\/#website"},"primaryImageOfPage":{"@id":"https:\/\/fundacioncajaruraldelsur.com\/fundacion-caja-rural-del-sur-en-la-feria-del-aceite-de-oliva-de-beas\/#primaryimage"},"image":{"@id":"https:\/\/fundacioncajaruraldelsur.com\/fundacion-caja-rural-del-sur-en-la-feria-del-aceite-de-oliva-de-beas\/#primaryimage"},"thumbnailUrl":"https:\/\/fundacioncajaruraldelsur.com\/wp-content\/uploads\/2016\/04\/160402.-Galardonados-con-los-Verdiales-de-Fundaci\u00f3n-Caja-Rural-del-Sur-junto-con-el-presidente-de-la-entidad-autoridades-y-directivos-de-Olibeas.jpg","datePublished":"2016-04-08T10:12:21+00:00","dateModified":"2016-04-08T10:47:16+00:00","author":{"@id":"https:\/\/fundacioncajaruraldelsur.com\/#\/schema\/person\/3cc097351ab55f31ece09bae985e0dff"},"breadcrumb":{"@id":"https:\/\/fundacioncajaruraldelsur.com\/fundacion-caja-rural-del-sur-en-la-feria-del-aceite-de-oliva-de-beas\/#breadcrumb"},"inLanguage":"pt-PT","potentialAction":[{"@type":"ReadAction","target":["https:\/\/fundacioncajaruraldelsur.com\/fundacion-caja-rural-del-sur-en-la-feria-del-aceite-de-oliva-de-beas\/"]}]},{"@type":"ImageObject","inLanguage":"pt-PT","@id":"https:\/\/fundacioncajaruraldelsur.com\/fundacion-caja-rural-del-sur-en-la-feria-del-aceite-de-oliva-de-beas\/#primaryimage","url":"https:\/\/fundacioncajaruraldelsur.com\/wp-content\/uploads\/2016\/04\/160402.-Galardonados-con-los-Verdiales-de-Fundaci\u00f3n-Caja-Rural-del-Sur-junto-con-el-presidente-de-la-entidad-autoridades-y-directivos-de-Olibeas.jpg","contentUrl":"https:\/\/fundacioncajaruraldelsur.com\/wp-content\/uploads\/2016\/04\/160402.-Galardonados-con-los-Verdiales-de-Fundaci\u00f3n-Caja-Rural-del-Sur-junto-con-el-presidente-de-la-entidad-autoridades-y-directivos-de-Olibeas.jpg","width":2362,"height":1565},{"@type":"BreadcrumbList","@id":"https:\/\/fundacioncajaruraldelsur.com\/fundacion-caja-rural-del-sur-en-la-feria-del-aceite-de-oliva-de-beas\/#breadcrumb","itemListElement":[{"@type":"ListItem","position":1,"name":"Portada","item":"https:\/\/fundacioncajaruraldelsur.com\/"},{"@type":"ListItem","position":2,"name":"Fundaci\u00f3n Caja Rural del Sur en la Feria del Aceite de Oliva de Beas"}]},{"@type":"WebSite","@id":"https:\/\/fundacioncajaruraldelsur.com\/#website","url":"https:\/\/fundacioncajaruraldelsur.com\/","name":"Funda\u00e7\u00e3o Caja Rural del Sur","description":"","potentialAction":[{"@type":"SearchAction","target":{"@type":"EntryPoint","urlTemplate":"https:\/\/fundacioncajaruraldelsur.com\/?s={search_term_string}"},"query-input":{"@type":"PropertyValueSpecification","valueRequired":true,"valueName":"search_term_string"}}],"inLanguage":"pt-PT"},{"@type":"Person","@id":"https:\/\/fundacioncajaruraldelsur.com\/#\/schema\/person\/3cc097351ab55f31ece09bae985e0dff","name":"Huelvaadmin","image":{"@type":"ImageObject","inLanguage":"pt-PT","@id":"https:\/\/secure.gravatar.com\/avatar\/844b95d9bb5bedef6ef3f07e4ac357114f2d6f55fe0799f36cbe3975aebd8bcc?s=96&d=blank&r=g","url":"https:\/\/secure.gravatar.com\/avatar\/844b95d9bb5bedef6ef3f07e4ac357114f2d6f55fe0799f36cbe3975aebd8bcc?s=96&d=blank&r=g","contentUrl":"https:\/\/secure.gravatar.com\/avatar\/844b95d9bb5bedef6ef3f07e4ac357114f2d6f55fe0799f36cbe3975aebd8bcc?s=96&d=blank&r=g","caption":"Huelvaadmin"}}]}},"rttpg_featured_image_url":{"full":["https:\/\/fundacioncajaruraldelsur.com\/wp-content\/uploads\/2016\/04\/160402.-Galardonados-con-los-Verdiales-de-Fundaci\u00f3n-Caja-Rural-del-Sur-junto-con-el-presidente-de-la-entidad-autoridades-y-directivos-de-Olibeas.jpg",2362,1565,false],"landscape":["https:\/\/fundacioncajaruraldelsur.com\/wp-content\/uploads\/2016\/04\/160402.-Galardonados-con-los-Verdiales-de-Fundaci\u00f3n-Caja-Rural-del-Sur-junto-con-el-presidente-de-la-entidad-autoridades-y-directivos-de-Olibeas.jpg",2362,1565,false],"portraits":["https:\/\/fundacioncajaruraldelsur.com\/wp-content\/uploads\/2016\/04\/160402.-Galardonados-con-los-Verdiales-de-Fundaci\u00f3n-Caja-Rural-del-Sur-junto-con-el-presidente-de-la-entidad-autoridades-y-directivos-de-Olibeas.jpg",2362,1565,false],"thumbnail":["https:\/\/fundacioncajaruraldelsur.com\/wp-content\/uploads\/2016\/04\/160402.-Galardonados-con-los-Verdiales-de-Fundaci\u00f3n-Caja-Rural-del-Sur-junto-con-el-presidente-de-la-entidad-autoridades-y-directivos-de-Olibeas-150x150.jpg",150,150,true],"medium":["https:\/\/fundacioncajaruraldelsur.com\/wp-content\/uploads\/2016\/04\/160402.-Galardonados-con-los-Verdiales-de-Fundaci\u00f3n-Caja-Rural-del-Sur-junto-con-el-presidente-de-la-entidad-autoridades-y-directivos-de-Olibeas-300x199.jpg",300,199,true],"large":["https:\/\/fundacioncajaruraldelsur.com\/wp-content\/uploads\/2016\/04\/160402.-Galardonados-con-los-Verdiales-de-Fundaci\u00f3n-Caja-Rural-del-Sur-junto-con-el-presidente-de-la-entidad-autoridades-y-directivos-de-Olibeas-1024x678.jpg",960,636,true],"1536x1536":["https:\/\/fundacioncajaruraldelsur.com\/wp-content\/uploads\/2016\/04\/160402.-Galardonados-con-los-Verdiales-de-Fundaci\u00f3n-Caja-Rural-del-Sur-junto-con-el-presidente-de-la-entidad-autoridades-y-directivos-de-Olibeas.jpg",1536,1018,false],"2048x2048":["https:\/\/fundacioncajaruraldelsur.com\/wp-content\/uploads\/2016\/04\/160402.-Galardonados-con-los-Verdiales-de-Fundaci\u00f3n-Caja-Rural-del-Sur-junto-con-el-presidente-de-la-entidad-autoridades-y-directivos-de-Olibeas.jpg",2048,1357,false],"trp-custom-language-flag":["https:\/\/fundacioncajaruraldelsur.com\/wp-content\/uploads\/2016\/04\/160402.-Galardonados-con-los-Verdiales-de-Fundaci\u00f3n-Caja-Rural-del-Sur-junto-con-el-presidente-de-la-entidad-autoridades-y-directivos-de-Olibeas.jpg",18,12,false],"blog-thumbnail":["https:\/\/fundacioncajaruraldelsur.com\/wp-content\/uploads\/2016\/04\/160402.-Galardonados-con-los-Verdiales-de-Fundaci\u00f3n-Caja-Rural-del-Sur-junto-con-el-presidente-de-la-entidad-autoridades-y-directivos-de-Olibeas-400x200.jpg",400,200,true]},"rttpg_author":{"display_name":"Huelvaadmin","author_link":"https:\/\/fundacioncajaruraldelsur.com\/pt\/author\/huelvaadmin\/"},"rttpg_comment":0,"rttpg_category":"<a href=\"https:\/\/fundacioncajaruraldelsur.com\/pt\/category\/ferias\/\" rel=\"category tag\">Ferias<\/a> <a href=\"https:\/\/fundacioncajaruraldelsur.com\/pt\/category\/sector-agrario\/\" rel=\"category tag\">Sector agrario<\/a>","rttpg_excerpt":"\u00a0En esta edici\u00f3n han sido galardonados\u00a0 con los verdiales de oro, la Cooperativa de Chucena, el Laboratorio Agroalimentario de C\u00f3rdoba y el olivicultor Diego P\u00e9rez Ruiz En el marco de [&hellip;]","_links":{"self":[{"href":"https:\/\/fundacioncajaruraldelsur.com\/pt\/wp-json\/wp\/v2\/posts\/2942","targetHints":{"allow":["GET"]}}],"collection":[{"href":"https:\/\/fundacioncajaruraldelsur.com\/pt\/wp-json\/wp\/v2\/posts"}],"about":[{"href":"https:\/\/fundacioncajaruraldelsur.com\/pt\/wp-json\/wp\/v2\/types\/post"}],"author":[{"embeddable":true,"href":"https:\/\/fundacioncajaruraldelsur.com\/pt\/wp-json\/wp\/v2\/users\/4"}],"replies":[{"embeddable":true,"href":"https:\/\/fundacioncajaruraldelsur.com\/pt\/wp-json\/wp\/v2\/comments?post=2942"}],"version-history":[{"count":2,"href":"https:\/\/fundacioncajaruraldelsur.com\/pt\/wp-json\/wp\/v2\/posts\/2942\/revisions"}],"predecessor-version":[{"id":2956,"href":"https:\/\/fundacioncajaruraldelsur.com\/pt\/wp-json\/wp\/v2\/posts\/2942\/revisions\/2956"}],"wp:featuredmedia":[{"embeddable":true,"href":"https:\/\/fundacioncajaruraldelsur.com\/pt\/wp-json\/wp\/v2\/media\/2943"}],"wp:attachment":[{"href":"https:\/\/fundacioncajaruraldelsur.com\/pt\/wp-json\/wp\/v2\/media?parent=2942"}],"wp:term":[{"taxonomy":"category","embeddable":true,"href":"https:\/\/fundacioncajaruraldelsur.com\/pt\/wp-json\/wp\/v2\/categories?post=2942"},{"taxonomy":"post_tag","embeddable":true,"href":"https:\/\/fundacioncajaruraldelsur.com\/pt\/wp-json\/wp\/v2\/tags?post=2942"}],"curies":[{"name":"wp","href":"https:\/\/api.w.org\/{rel}","templated":true}]}}