{"id":2928,"date":"2016-02-22T13:53:00","date_gmt":"2016-02-22T13:53:00","guid":{"rendered":"\/?p=2928"},"modified":"2016-02-22T13:53:00","modified_gmt":"2016-02-22T13:53:00","slug":"2928-2","status":"publish","type":"post","link":"https:\/\/fundacioncajaruraldelsur.com\/pt\/2928-2\/","title":{"rendered":"El empresario agr\u00edcola Isidoro Millas, recibe el premio \u00abSim\u00f3n de Rojas\u00bb otorgado por Fundaci\u00f3n Caja Rural del Su y ABC de Sevilla"},"content":{"rendered":"<p>La Fundaci\u00f3n Caja Rural del Sur y ABC de Sevilla han entregado este martes 16 de febrero al empresario agr\u00edcola<strong>\u00a0<\/strong><strong>Isidoro Millas Crespo <\/strong><strong>el Premio \u201cSim\u00f3n de Rojas Clemente\u201d, en la VIII edici\u00f3n de estos galardones anuales.\u00a0<\/strong><strong>\u00a0<\/strong><\/p>\n<p>Al acto, celebrado en la Casa de ABC de Sevilla, asistieron, adem\u00e1s del presidente de Caja Rural del Sur y su Fundaci\u00f3n, Jos\u00e9 Luis Garc\u00eda Palacios, la consejera de Agricultura de la Junta de Andaluc\u00eda, Carmen Ortiz, el director de ABC de Sevilla, \u00c1lvaro Ybarra, otros directivos de este medio, miembros del Consejo Rector de Caja Rural del Sur, as\u00ed como Rafael L\u00f3pez-Tarruella, director general y Guillermo T\u00e9llez, director de su Fundaci\u00f3n, adem\u00e1s de una amplia representaci\u00f3n del mundo agrario andaluz.<\/p>\n<p>En esta ocasi\u00f3n el premio reconoce y premia la trayectoria de este ingeniero de montes y empresario manchego de nacimiento y sevillano de adopci\u00f3n, impulsor de la empresa <strong>Crespo Camino de la Vega del Guadalquivir<\/strong>, consolid\u00e1ndola como un referente en la producci\u00f3n de patatas con un centro de selecci\u00f3n y calibrado para su exportaci\u00f3n a distintos pa\u00edses europeos. Adem\u00e1s de producir otros cultivos como zanahorias y c\u00edtricos, Crespo Camino es el principal accionista de Primor Fruits, especializada en melocot\u00f3n, nectarinas y esp\u00e1rragos.<\/p>\n<p>Tras recibir este importante galard\u00f3n,\u00a0<strong>Isidoro Millas<strong>, <\/strong><\/strong>habl\u00f3 con orgullo de los or\u00edgenes de su familia y de la empresa que regentan, que comenz\u00f3 su andadura \u201cen 1912, con la primera finca que compr\u00f3 Federico Crespo Zorrilla, quien despu\u00e9s de pasar varios a\u00f1os de su juventud en M\u00e9jico se vino a instalar en Sevilla con la idea de cultivar algod\u00f3n\u201d. As\u00ed, continu\u00f3 narrando el empresario, \u201cse trajo las primeras simientes de Estados Unidos y empez\u00f3 su andadura con \u00e9xito, siendo el primer agricultor en Espa\u00f1a que introdujo el cultivo a nivel industrial\u201d.<\/p>\n<p>Al poco tiempo, y en uni\u00f3n con otros agricultores de la zona, montaron la primera desmotadora andaluza y gracias a la pujanza agr\u00edcola, el negocio familiar creci\u00f3 con la adquisici\u00f3n de nuevas fincas siempre alrededor de Sevilla. El patrimonio agrario de la familia Crespo sigui\u00f3 creciendo con la sucesi\u00f3n de su t\u00edo, Federico Crespo Camino, quien con 70 a\u00f1os ya cumplidos \u201cme llam\u00f3 y me ofreci\u00f3 que viniera a echarle una mano\u201d, propuesta que Isidoro Millas, que en aquel momento formaba parte del cuerpo de ingenieros del Estado para la conservaci\u00f3n de la naturaleza, acept\u00f3 record\u00e1ndola como \u201cuna de las mejores decisiones de mi vida\u201d, ya que, seg\u00fan cont\u00f3, de su t\u00edo aprendi\u00f3 \u201clos secretos de la agricultura de riego, el af\u00e1n de superaci\u00f3n y de la excelencia, as\u00ed como el veneno de la agricultura\u201d.<\/p>\n<p><strong>El presidente de Caja Rural del Sur, Jos\u00e9 Luis Garc\u00eda Palacios,<\/strong> destac\u00f3 la importancia de este galard\u00f3n que patrocina la Fundaci\u00f3n Caja Rural del Sur ya que \u201cson profesionales del sector los que premian a otros profesionales del \u00e1mbito agrario\u201d. As\u00ed, hizo un reconocimiento a Isidoro Millas como un \u201cpermanente innovador en el mundo agrario, un adelantado a su tiempo que ha contribuido de forma muy importante a modernizar el campo andaluz\u201d. Adem\u00e1s, Garc\u00eda Palacios pidi\u00f3 \u201cestabilidad pol\u00edtica para poder avanzar e impulsar los retos que el campo tiene que todav\u00eda por delante\u201d.<\/p>\n<p>Por su parte, <strong>la representante del Gobierno andaluz, la consejera de Agricultura Carmen Ortiz<\/strong>, insisti\u00f3 en la necesidad de reclamar \u201cque los instrumentos de la PAC permitan estabilizar los mercados y estabilizar los precios\u201d, e insisti\u00f3 en la necesidad de aprovechar \u201clas nuevas herramientas de innovaci\u00f3n como los grupos operativos\u201d. Ortiz ha valorado el trabajo de Millas por \u201cconvertir al sector agroalimentario andaluz en creador de riqueza y empleo para nuestra tierra, en el motor de la econom\u00eda de los pueblos de la Vega del Guadalquivir\u201d. La consejera ha resaltado tambi\u00e9n su compromiso por innovar y mejorar los sistemas de riego desde su cargo de vicepresidente de la Comunidad de Regantes del Valle Inferior.<\/p>\n<p>Por \u00faltimo, invit\u00f3 a todos los presentes a participar en la elaboraci\u00f3n de la nueva ley de agricultura andaluza para \u201cgarantizar el futuro del sector\u201d.<\/p>\n<p><strong>El director de ABC de Sevilla, \u00c1lvaro Ybarra,<\/strong> subray\u00f3 la importancia de este premio, fruto de la colaboraci\u00f3n entre ABC de Sevilla y la Fundaci\u00f3n Caja Rural del Sur, \u201ccomo una forma de reflejar y poner en valor el sector agrario andaluz a trav\u00e9s de personalidades claves de su historia y evoluci\u00f3n\u201d.<\/p>\n<p><strong>El galard\u00f3n \u201cSim\u00f3n de Rojas\u201d<\/strong> valora anualmente el acierto en la gesti\u00f3n y la b\u00fasqueda de la excelencia en personalidades que han desarrollado su trayectoria profesional en el mundo agrario y del campo andaluz a lo largo de su vida.<\/p>\n<p>&nbsp;<\/p>","protected":false},"excerpt":{"rendered":"<p>La Fundaci\u00f3n Caja Rural del Sur y ABC de Sevilla han entregado este martes 16 de febrero al empresario agr\u00edcola\u00a0Isidoro Millas Crespo el Premio \u201cSim\u00f3n de Rojas Clemente\u201d, en la [&hellip;]<\/p>\n","protected":false},"author":4,"featured_media":2932,"comment_status":"closed","ping_status":"open","sticky":false,"template":"","format":"standard","meta":{"footnotes":""},"categories":[64,68,1],"tags":[],"class_list":["post-2928","post","type-post","status-publish","format-standard","has-post-thumbnail","hentry","category-premios","category-sector-agrario","category-sin-categoria"],"yoast_head":"<!-- This site is optimized with the Yoast SEO plugin v27.3 - https:\/\/yoast.com\/product\/yoast-seo-wordpress\/ -->\n<title>El empresario agr\u00edcola Isidoro Millas, recibe el premio &quot;Sim\u00f3n de Rojas&quot; otorgado por Fundaci\u00f3n Caja Rural del Su y ABC de Sevilla - Fundaci\u00f3n Caja Rural del Sur<\/title>\n<meta name=\"robots\" content=\"index, follow, max-snippet:-1, max-image-preview:large, max-video-preview:-1\" \/>\n<link rel=\"canonical\" href=\"https:\/\/fundacioncajaruraldelsur.com\/pt\/2928-2\/\" \/>\n<meta property=\"og:locale\" content=\"pt_PT\" \/>\n<meta property=\"og:type\" content=\"article\" \/>\n<meta property=\"og:title\" content=\"El empresario agr\u00edcola Isidoro Millas, recibe el premio &quot;Sim\u00f3n de Rojas&quot; otorgado por Fundaci\u00f3n Caja Rural del Su y ABC de Sevilla - Fundaci\u00f3n Caja Rural del Sur\" \/>\n<meta property=\"og:description\" content=\"La Fundaci\u00f3n Caja Rural del Sur y ABC de Sevilla han entregado este martes 16 de febrero al empresario agr\u00edcola\u00a0Isidoro Millas Crespo el Premio \u201cSim\u00f3n de Rojas Clemente\u201d, en la [&hellip;]\" \/>\n<meta property=\"og:url\" content=\"https:\/\/fundacioncajaruraldelsur.com\/pt\/2928-2\/\" \/>\n<meta property=\"og:site_name\" content=\"Fundaci\u00f3n Caja Rural del Sur\" \/>\n<meta property=\"article:published_time\" content=\"2016-02-22T13:53:00+00:00\" \/>\n<meta property=\"og:image\" content=\"https:\/\/fundacioncajaruraldelsur.com\/wp-content\/uploads\/2016\/02\/Simonrojas-2016.1.jpg\" \/>\n\t<meta property=\"og:image:width\" content=\"1280\" \/>\n\t<meta property=\"og:image:height\" content=\"907\" \/>\n\t<meta property=\"og:image:type\" content=\"image\/jpeg\" \/>\n<meta name=\"author\" content=\"Huelvaadmin\" \/>\n<meta name=\"twitter:card\" content=\"summary_large_image\" \/>\n<meta name=\"twitter:label1\" content=\"Written by\" \/>\n\t<meta name=\"twitter:data1\" content=\"Huelvaadmin\" \/>\n\t<meta name=\"twitter:label2\" content=\"Est. reading time\" \/>\n\t<meta name=\"twitter:data2\" content=\"4 minutes\" \/>\n<script type=\"application\/ld+json\" class=\"yoast-schema-graph\">{\"@context\":\"https:\\\/\\\/schema.org\",\"@graph\":[{\"@type\":\"Article\",\"@id\":\"https:\\\/\\\/fundacioncajaruraldelsur.com\\\/2928-2\\\/#article\",\"isPartOf\":{\"@id\":\"https:\\\/\\\/fundacioncajaruraldelsur.com\\\/2928-2\\\/\"},\"author\":{\"name\":\"Huelvaadmin\",\"@id\":\"https:\\\/\\\/fundacioncajaruraldelsur.com\\\/#\\\/schema\\\/person\\\/3cc097351ab55f31ece09bae985e0dff\"},\"headline\":\"El empresario agr\u00edcola Isidoro Millas, recibe el premio \u00abSim\u00f3n de Rojas\u00bb otorgado por Fundaci\u00f3n Caja Rural del Su y ABC de Sevilla\",\"datePublished\":\"2016-02-22T13:53:00+00:00\",\"mainEntityOfPage\":{\"@id\":\"https:\\\/\\\/fundacioncajaruraldelsur.com\\\/2928-2\\\/\"},\"wordCount\":836,\"image\":{\"@id\":\"https:\\\/\\\/fundacioncajaruraldelsur.com\\\/2928-2\\\/#primaryimage\"},\"thumbnailUrl\":\"https:\\\/\\\/fundacioncajaruraldelsur.com\\\/wp-content\\\/uploads\\\/2016\\\/02\\\/Simonrojas-2016.1.jpg\",\"articleSection\":[\"Premios\",\"Sector agrario\",\"Sin categor\u00eda\"],\"inLanguage\":\"pt-PT\"},{\"@type\":\"WebPage\",\"@id\":\"https:\\\/\\\/fundacioncajaruraldelsur.com\\\/2928-2\\\/\",\"url\":\"https:\\\/\\\/fundacioncajaruraldelsur.com\\\/2928-2\\\/\",\"name\":\"El empresario agr\u00edcola Isidoro Millas, recibe el premio \\\"Sim\u00f3n de Rojas\\\" otorgado por Fundaci\u00f3n Caja Rural del Su y ABC de Sevilla - Fundaci\u00f3n Caja Rural del Sur\",\"isPartOf\":{\"@id\":\"https:\\\/\\\/fundacioncajaruraldelsur.com\\\/#website\"},\"primaryImageOfPage\":{\"@id\":\"https:\\\/\\\/fundacioncajaruraldelsur.com\\\/2928-2\\\/#primaryimage\"},\"image\":{\"@id\":\"https:\\\/\\\/fundacioncajaruraldelsur.com\\\/2928-2\\\/#primaryimage\"},\"thumbnailUrl\":\"https:\\\/\\\/fundacioncajaruraldelsur.com\\\/wp-content\\\/uploads\\\/2016\\\/02\\\/Simonrojas-2016.1.jpg\",\"datePublished\":\"2016-02-22T13:53:00+00:00\",\"author\":{\"@id\":\"https:\\\/\\\/fundacioncajaruraldelsur.com\\\/#\\\/schema\\\/person\\\/3cc097351ab55f31ece09bae985e0dff\"},\"breadcrumb\":{\"@id\":\"https:\\\/\\\/fundacioncajaruraldelsur.com\\\/2928-2\\\/#breadcrumb\"},\"inLanguage\":\"pt-PT\",\"potentialAction\":[{\"@type\":\"ReadAction\",\"target\":[\"https:\\\/\\\/fundacioncajaruraldelsur.com\\\/2928-2\\\/\"]}]},{\"@type\":\"ImageObject\",\"inLanguage\":\"pt-PT\",\"@id\":\"https:\\\/\\\/fundacioncajaruraldelsur.com\\\/2928-2\\\/#primaryimage\",\"url\":\"https:\\\/\\\/fundacioncajaruraldelsur.com\\\/wp-content\\\/uploads\\\/2016\\\/02\\\/Simonrojas-2016.1.jpg\",\"contentUrl\":\"https:\\\/\\\/fundacioncajaruraldelsur.com\\\/wp-content\\\/uploads\\\/2016\\\/02\\\/Simonrojas-2016.1.jpg\",\"width\":1280,\"height\":907},{\"@type\":\"BreadcrumbList\",\"@id\":\"https:\\\/\\\/fundacioncajaruraldelsur.com\\\/2928-2\\\/#breadcrumb\",\"itemListElement\":[{\"@type\":\"ListItem\",\"position\":1,\"name\":\"Portada\",\"item\":\"https:\\\/\\\/fundacioncajaruraldelsur.com\\\/\"},{\"@type\":\"ListItem\",\"position\":2,\"name\":\"El empresario agr\u00edcola Isidoro Millas, recibe el premio \u00abSim\u00f3n de Rojas\u00bb otorgado por Fundaci\u00f3n Caja Rural del Su y ABC de Sevilla\"}]},{\"@type\":\"WebSite\",\"@id\":\"https:\\\/\\\/fundacioncajaruraldelsur.com\\\/#website\",\"url\":\"https:\\\/\\\/fundacioncajaruraldelsur.com\\\/\",\"name\":\"Fundaci\u00f3n Caja Rural del Sur\",\"description\":\"\",\"potentialAction\":[{\"@type\":\"SearchAction\",\"target\":{\"@type\":\"EntryPoint\",\"urlTemplate\":\"https:\\\/\\\/fundacioncajaruraldelsur.com\\\/?s={search_term_string}\"},\"query-input\":{\"@type\":\"PropertyValueSpecification\",\"valueRequired\":true,\"valueName\":\"search_term_string\"}}],\"inLanguage\":\"pt-PT\"},{\"@type\":\"Person\",\"@id\":\"https:\\\/\\\/fundacioncajaruraldelsur.com\\\/#\\\/schema\\\/person\\\/3cc097351ab55f31ece09bae985e0dff\",\"name\":\"Huelvaadmin\",\"image\":{\"@type\":\"ImageObject\",\"inLanguage\":\"pt-PT\",\"@id\":\"https:\\\/\\\/secure.gravatar.com\\\/avatar\\\/844b95d9bb5bedef6ef3f07e4ac357114f2d6f55fe0799f36cbe3975aebd8bcc?s=96&d=blank&r=g\",\"url\":\"https:\\\/\\\/secure.gravatar.com\\\/avatar\\\/844b95d9bb5bedef6ef3f07e4ac357114f2d6f55fe0799f36cbe3975aebd8bcc?s=96&d=blank&r=g\",\"contentUrl\":\"https:\\\/\\\/secure.gravatar.com\\\/avatar\\\/844b95d9bb5bedef6ef3f07e4ac357114f2d6f55fe0799f36cbe3975aebd8bcc?s=96&d=blank&r=g\",\"caption\":\"Huelvaadmin\"}}]}<\/script>\n<!-- \/ Yoast SEO plugin. -->","yoast_head_json":{"title":"El empresario agr\u00edcola Isidoro Millas, recibe el premio \"Sim\u00f3n de Rojas\" otorgado por Fundaci\u00f3n Caja Rural del Su y ABC de Sevilla - Fundaci\u00f3n Caja Rural del Sur","robots":{"index":"index","follow":"follow","max-snippet":"max-snippet:-1","max-image-preview":"max-image-preview:large","max-video-preview":"max-video-preview:-1"},"canonical":"https:\/\/fundacioncajaruraldelsur.com\/pt\/2928-2\/","og_locale":"pt_PT","og_type":"article","og_title":"El empresario agr\u00edcola Isidoro Millas, recibe el premio \"Sim\u00f3n de Rojas\" otorgado por Fundaci\u00f3n Caja Rural del Su y ABC de Sevilla - Fundaci\u00f3n Caja Rural del Sur","og_description":"La Fundaci\u00f3n Caja Rural del Sur y ABC de Sevilla han entregado este martes 16 de febrero al empresario agr\u00edcola\u00a0Isidoro Millas Crespo el Premio \u201cSim\u00f3n de Rojas Clemente\u201d, en la [&hellip;]","og_url":"https:\/\/fundacioncajaruraldelsur.com\/pt\/2928-2\/","og_site_name":"Fundaci\u00f3n Caja Rural del Sur","article_published_time":"2016-02-22T13:53:00+00:00","og_image":[{"width":1280,"height":907,"url":"https:\/\/fundacioncajaruraldelsur.com\/wp-content\/uploads\/2016\/02\/Simonrojas-2016.1.jpg","type":"image\/jpeg"}],"author":"Huelvaadmin","twitter_card":"summary_large_image","twitter_misc":{"Written by":"Huelvaadmin","Est. reading time":"4 minutes"},"schema":{"@context":"https:\/\/schema.org","@graph":[{"@type":"Article","@id":"https:\/\/fundacioncajaruraldelsur.com\/2928-2\/#article","isPartOf":{"@id":"https:\/\/fundacioncajaruraldelsur.com\/2928-2\/"},"author":{"name":"Huelvaadmin","@id":"https:\/\/fundacioncajaruraldelsur.com\/#\/schema\/person\/3cc097351ab55f31ece09bae985e0dff"},"headline":"El empresario agr\u00edcola Isidoro Millas, recibe el premio \u00abSim\u00f3n de Rojas\u00bb otorgado por Fundaci\u00f3n Caja Rural del Su y ABC de Sevilla","datePublished":"2016-02-22T13:53:00+00:00","mainEntityOfPage":{"@id":"https:\/\/fundacioncajaruraldelsur.com\/2928-2\/"},"wordCount":836,"image":{"@id":"https:\/\/fundacioncajaruraldelsur.com\/2928-2\/#primaryimage"},"thumbnailUrl":"https:\/\/fundacioncajaruraldelsur.com\/wp-content\/uploads\/2016\/02\/Simonrojas-2016.1.jpg","articleSection":["Premios","Sector agrario","Sin categor\u00eda"],"inLanguage":"pt-PT"},{"@type":"WebPage","@id":"https:\/\/fundacioncajaruraldelsur.com\/2928-2\/","url":"https:\/\/fundacioncajaruraldelsur.com\/2928-2\/","name":"El empresario agr\u00edcola Isidoro Millas, recibe el premio \"Sim\u00f3n de Rojas\" otorgado por Fundaci\u00f3n Caja Rural del Su y ABC de Sevilla - Fundaci\u00f3n Caja Rural del Sur","isPartOf":{"@id":"https:\/\/fundacioncajaruraldelsur.com\/#website"},"primaryImageOfPage":{"@id":"https:\/\/fundacioncajaruraldelsur.com\/2928-2\/#primaryimage"},"image":{"@id":"https:\/\/fundacioncajaruraldelsur.com\/2928-2\/#primaryimage"},"thumbnailUrl":"https:\/\/fundacioncajaruraldelsur.com\/wp-content\/uploads\/2016\/02\/Simonrojas-2016.1.jpg","datePublished":"2016-02-22T13:53:00+00:00","author":{"@id":"https:\/\/fundacioncajaruraldelsur.com\/#\/schema\/person\/3cc097351ab55f31ece09bae985e0dff"},"breadcrumb":{"@id":"https:\/\/fundacioncajaruraldelsur.com\/2928-2\/#breadcrumb"},"inLanguage":"pt-PT","potentialAction":[{"@type":"ReadAction","target":["https:\/\/fundacioncajaruraldelsur.com\/2928-2\/"]}]},{"@type":"ImageObject","inLanguage":"pt-PT","@id":"https:\/\/fundacioncajaruraldelsur.com\/2928-2\/#primaryimage","url":"https:\/\/fundacioncajaruraldelsur.com\/wp-content\/uploads\/2016\/02\/Simonrojas-2016.1.jpg","contentUrl":"https:\/\/fundacioncajaruraldelsur.com\/wp-content\/uploads\/2016\/02\/Simonrojas-2016.1.jpg","width":1280,"height":907},{"@type":"BreadcrumbList","@id":"https:\/\/fundacioncajaruraldelsur.com\/2928-2\/#breadcrumb","itemListElement":[{"@type":"ListItem","position":1,"name":"Portada","item":"https:\/\/fundacioncajaruraldelsur.com\/"},{"@type":"ListItem","position":2,"name":"El empresario agr\u00edcola Isidoro Millas, recibe el premio \u00abSim\u00f3n de Rojas\u00bb otorgado por Fundaci\u00f3n Caja Rural del Su y ABC de Sevilla"}]},{"@type":"WebSite","@id":"https:\/\/fundacioncajaruraldelsur.com\/#website","url":"https:\/\/fundacioncajaruraldelsur.com\/","name":"Funda\u00e7\u00e3o Caja Rural del Sur","description":"","potentialAction":[{"@type":"SearchAction","target":{"@type":"EntryPoint","urlTemplate":"https:\/\/fundacioncajaruraldelsur.com\/?s={search_term_string}"},"query-input":{"@type":"PropertyValueSpecification","valueRequired":true,"valueName":"search_term_string"}}],"inLanguage":"pt-PT"},{"@type":"Person","@id":"https:\/\/fundacioncajaruraldelsur.com\/#\/schema\/person\/3cc097351ab55f31ece09bae985e0dff","name":"Huelvaadmin","image":{"@type":"ImageObject","inLanguage":"pt-PT","@id":"https:\/\/secure.gravatar.com\/avatar\/844b95d9bb5bedef6ef3f07e4ac357114f2d6f55fe0799f36cbe3975aebd8bcc?s=96&d=blank&r=g","url":"https:\/\/secure.gravatar.com\/avatar\/844b95d9bb5bedef6ef3f07e4ac357114f2d6f55fe0799f36cbe3975aebd8bcc?s=96&d=blank&r=g","contentUrl":"https:\/\/secure.gravatar.com\/avatar\/844b95d9bb5bedef6ef3f07e4ac357114f2d6f55fe0799f36cbe3975aebd8bcc?s=96&d=blank&r=g","caption":"Huelvaadmin"}}]}},"rttpg_featured_image_url":{"full":["https:\/\/fundacioncajaruraldelsur.com\/wp-content\/uploads\/2016\/02\/Simonrojas-2016.1.jpg",1280,907,false],"landscape":["https:\/\/fundacioncajaruraldelsur.com\/wp-content\/uploads\/2016\/02\/Simonrojas-2016.1.jpg",1280,907,false],"portraits":["https:\/\/fundacioncajaruraldelsur.com\/wp-content\/uploads\/2016\/02\/Simonrojas-2016.1.jpg",1280,907,false],"thumbnail":["https:\/\/fundacioncajaruraldelsur.com\/wp-content\/uploads\/2016\/02\/Simonrojas-2016.1-150x150.jpg",150,150,true],"medium":["https:\/\/fundacioncajaruraldelsur.com\/wp-content\/uploads\/2016\/02\/Simonrojas-2016.1-300x213.jpg",300,213,true],"large":["https:\/\/fundacioncajaruraldelsur.com\/wp-content\/uploads\/2016\/02\/Simonrojas-2016.1-1024x726.jpg",960,681,true],"1536x1536":["https:\/\/fundacioncajaruraldelsur.com\/wp-content\/uploads\/2016\/02\/Simonrojas-2016.1.jpg",1280,907,false],"2048x2048":["https:\/\/fundacioncajaruraldelsur.com\/wp-content\/uploads\/2016\/02\/Simonrojas-2016.1.jpg",1280,907,false],"trp-custom-language-flag":["https:\/\/fundacioncajaruraldelsur.com\/wp-content\/uploads\/2016\/02\/Simonrojas-2016.1.jpg",18,12,false],"blog-thumbnail":["https:\/\/fundacioncajaruraldelsur.com\/wp-content\/uploads\/2016\/02\/Simonrojas-2016.1-400x200.jpg",400,200,true]},"rttpg_author":{"display_name":"Huelvaadmin","author_link":"https:\/\/fundacioncajaruraldelsur.com\/pt\/author\/huelvaadmin\/"},"rttpg_comment":0,"rttpg_category":"<a href=\"https:\/\/fundacioncajaruraldelsur.com\/pt\/category\/premios\/\" rel=\"category tag\">Premios<\/a> <a href=\"https:\/\/fundacioncajaruraldelsur.com\/pt\/category\/sector-agrario\/\" rel=\"category tag\">Sector agrario<\/a> <a href=\"https:\/\/fundacioncajaruraldelsur.com\/pt\/category\/sin-categoria\/\" rel=\"category tag\">Sin categor\u00eda<\/a>","rttpg_excerpt":"La Fundaci\u00f3n Caja Rural del Sur y ABC de Sevilla han entregado este martes 16 de febrero al empresario agr\u00edcola\u00a0Isidoro Millas Crespo el Premio \u201cSim\u00f3n de Rojas Clemente\u201d, en la [&hellip;]","_links":{"self":[{"href":"https:\/\/fundacioncajaruraldelsur.com\/pt\/wp-json\/wp\/v2\/posts\/2928","targetHints":{"allow":["GET"]}}],"collection":[{"href":"https:\/\/fundacioncajaruraldelsur.com\/pt\/wp-json\/wp\/v2\/posts"}],"about":[{"href":"https:\/\/fundacioncajaruraldelsur.com\/pt\/wp-json\/wp\/v2\/types\/post"}],"author":[{"embeddable":true,"href":"https:\/\/fundacioncajaruraldelsur.com\/pt\/wp-json\/wp\/v2\/users\/4"}],"replies":[{"embeddable":true,"href":"https:\/\/fundacioncajaruraldelsur.com\/pt\/wp-json\/wp\/v2\/comments?post=2928"}],"version-history":[{"count":1,"href":"https:\/\/fundacioncajaruraldelsur.com\/pt\/wp-json\/wp\/v2\/posts\/2928\/revisions"}],"predecessor-version":[{"id":2934,"href":"https:\/\/fundacioncajaruraldelsur.com\/pt\/wp-json\/wp\/v2\/posts\/2928\/revisions\/2934"}],"wp:featuredmedia":[{"embeddable":true,"href":"https:\/\/fundacioncajaruraldelsur.com\/pt\/wp-json\/wp\/v2\/media\/2932"}],"wp:attachment":[{"href":"https:\/\/fundacioncajaruraldelsur.com\/pt\/wp-json\/wp\/v2\/media?parent=2928"}],"wp:term":[{"taxonomy":"category","embeddable":true,"href":"https:\/\/fundacioncajaruraldelsur.com\/pt\/wp-json\/wp\/v2\/categories?post=2928"},{"taxonomy":"post_tag","embeddable":true,"href":"https:\/\/fundacioncajaruraldelsur.com\/pt\/wp-json\/wp\/v2\/tags?post=2928"}],"curies":[{"name":"wp","href":"https:\/\/api.w.org\/{rel}","templated":true}]}}