{"id":2880,"date":"2015-12-15T09:41:00","date_gmt":"2015-12-15T09:41:00","guid":{"rendered":"\/?p=2880"},"modified":"2016-01-29T09:52:06","modified_gmt":"2016-01-29T09:52:06","slug":"fundacion-caja-rural-del-sur-colabora-con-cruz-roja-en-cordoba","status":"publish","type":"post","link":"https:\/\/fundacioncajaruraldelsur.com\/pt\/fundacion-caja-rural-del-sur-colabora-con-cruz-roja-en-cordoba\/","title":{"rendered":"Fundaci\u00f3n Caja Rural del Sur colabora con Cruz Roja en C\u00f3rdoba"},"content":{"rendered":"<p>&nbsp;<\/p>\n<p>La Fundaci\u00f3n Caja Rural del Sur colabor\u00f3 de nuevo con Cruz Roja que, junto a diversas entidades y teniendo como objetivo la recaudaci\u00f3n de fondos para prestar ayuda a los refugiados y solicitantes de asilo que llegan a nuestro pa\u00eds,\u00a0 llev\u00f3 a cabo el pasado 2 de octubre su tradicional D\u00eda de la Banderita.<\/p>\n<p>&nbsp;<\/p>\n<p>Adem\u00e1s de la colocaci\u00f3n de mesas petitorias, una de ellas en la oficina principal de Caja Rural del Sur en C\u00f3rdoba, se realizaron diversas actividades, lo que unido a la colaboraci\u00f3n de los m\u00e1s de cien voluntarios que prestaron su desinteresada ayuda se logr\u00f3 que la recaudaci\u00f3n, solo en la capital cordobesa, fuese de 20.000 \u20ac, llegando a los 33.000 \u20ac incluyendo tambi\u00e9n la acciones realizadas en la provincia.<\/p>\n<p>En lo que va de a\u00f1o Cruz Roja ha atendido a m\u00e1s de 1.500 refugiados llegados a C\u00f3rdoba.<\/p>","protected":false},"excerpt":{"rendered":"<p>&nbsp; La Fundaci\u00f3n Caja Rural del Sur colabor\u00f3 de nuevo con Cruz Roja que, junto a diversas entidades y teniendo como objetivo la recaudaci\u00f3n de fondos para prestar ayuda a [&hellip;]<\/p>\n","protected":false},"author":5,"featured_media":2881,"comment_status":"closed","ping_status":"open","sticky":false,"template":"","format":"standard","meta":{"footnotes":""},"categories":[70],"tags":[94,93,91,96,92,95],"class_list":["post-2880","post","type-post","status-publish","format-standard","has-post-thumbnail","hentry","category-accion-social","tag-accion-social","tag-cordoba","tag-cruz-roja","tag-dia-de-la-baderita","tag-fundacion-caja-rural-del-sur","tag-refugiados"],"yoast_head":"<!-- This site is optimized with the Yoast SEO plugin v27.3 - https:\/\/yoast.com\/product\/yoast-seo-wordpress\/ -->\n<title>Fundaci\u00f3n Caja Rural del Sur colabora con Cruz Roja en C\u00f3rdoba - Fundaci\u00f3n Caja Rural del Sur<\/title>\n<meta name=\"robots\" content=\"index, follow, max-snippet:-1, max-image-preview:large, max-video-preview:-1\" \/>\n<link rel=\"canonical\" href=\"https:\/\/fundacioncajaruraldelsur.com\/pt\/fundacion-caja-rural-del-sur-colabora-con-cruz-roja-en-cordoba\/\" \/>\n<meta property=\"og:locale\" content=\"pt_PT\" \/>\n<meta property=\"og:type\" content=\"article\" \/>\n<meta property=\"og:title\" content=\"Fundaci\u00f3n Caja Rural del Sur colabora con Cruz Roja en C\u00f3rdoba - Fundaci\u00f3n Caja Rural del Sur\" \/>\n<meta property=\"og:description\" content=\"&nbsp; La Fundaci\u00f3n Caja Rural del Sur colabor\u00f3 de nuevo con Cruz Roja que, junto a diversas entidades y teniendo como objetivo la recaudaci\u00f3n de fondos para prestar ayuda a [&hellip;]\" \/>\n<meta property=\"og:url\" content=\"https:\/\/fundacioncajaruraldelsur.com\/pt\/fundacion-caja-rural-del-sur-colabora-con-cruz-roja-en-cordoba\/\" \/>\n<meta property=\"og:site_name\" content=\"Fundaci\u00f3n Caja Rural del Sur\" \/>\n<meta property=\"article:published_time\" content=\"2015-12-15T09:41:00+00:00\" \/>\n<meta property=\"article:modified_time\" content=\"2016-01-29T09:52:06+00:00\" \/>\n<meta property=\"og:image\" content=\"https:\/\/fundacioncajaruraldelsur.com\/wp-content\/uploads\/2016\/01\/FAMILIA-2.jpg\" \/>\n\t<meta property=\"og:image:width\" content=\"640\" \/>\n\t<meta property=\"og:image:height\" content=\"426\" \/>\n\t<meta property=\"og:image:type\" content=\"image\/jpeg\" \/>\n<meta name=\"author\" content=\"Mar\u00eda Dolores\" \/>\n<meta name=\"twitter:card\" content=\"summary_large_image\" \/>\n<meta name=\"twitter:label1\" content=\"Written by\" \/>\n\t<meta name=\"twitter:data1\" content=\"Mar\u00eda Dolores\" \/>\n\t<meta name=\"twitter:label2\" content=\"Est. reading time\" \/>\n\t<meta name=\"twitter:data2\" content=\"1 minute\" \/>\n<script type=\"application\/ld+json\" class=\"yoast-schema-graph\">{\"@context\":\"https:\\\/\\\/schema.org\",\"@graph\":[{\"@type\":\"Article\",\"@id\":\"https:\\\/\\\/fundacioncajaruraldelsur.com\\\/fundacion-caja-rural-del-sur-colabora-con-cruz-roja-en-cordoba\\\/#article\",\"isPartOf\":{\"@id\":\"https:\\\/\\\/fundacioncajaruraldelsur.com\\\/fundacion-caja-rural-del-sur-colabora-con-cruz-roja-en-cordoba\\\/\"},\"author\":{\"name\":\"Mar\u00eda Dolores\",\"@id\":\"https:\\\/\\\/fundacioncajaruraldelsur.com\\\/#\\\/schema\\\/person\\\/6ad5dacf8bec33b825a51e99a3d1a014\"},\"headline\":\"Fundaci\u00f3n Caja Rural del Sur colabora con Cruz Roja en C\u00f3rdoba\",\"datePublished\":\"2015-12-15T09:41:00+00:00\",\"dateModified\":\"2016-01-29T09:52:06+00:00\",\"mainEntityOfPage\":{\"@id\":\"https:\\\/\\\/fundacioncajaruraldelsur.com\\\/fundacion-caja-rural-del-sur-colabora-con-cruz-roja-en-cordoba\\\/\"},\"wordCount\":164,\"image\":{\"@id\":\"https:\\\/\\\/fundacioncajaruraldelsur.com\\\/fundacion-caja-rural-del-sur-colabora-con-cruz-roja-en-cordoba\\\/#primaryimage\"},\"thumbnailUrl\":\"https:\\\/\\\/fundacioncajaruraldelsur.com\\\/wp-content\\\/uploads\\\/2016\\\/01\\\/FAMILIA-2.jpg\",\"keywords\":[\"acci\u00f3n social\",\"C\u00f3rdoba\",\"Cruz Roja\",\"d\u00eda de la baderita\",\"Fundaci\u00f3n Caja Rural del Sur\",\"refugiados\"],\"articleSection\":[\"Acci\u00f3n social\"],\"inLanguage\":\"pt-PT\"},{\"@type\":\"WebPage\",\"@id\":\"https:\\\/\\\/fundacioncajaruraldelsur.com\\\/fundacion-caja-rural-del-sur-colabora-con-cruz-roja-en-cordoba\\\/\",\"url\":\"https:\\\/\\\/fundacioncajaruraldelsur.com\\\/fundacion-caja-rural-del-sur-colabora-con-cruz-roja-en-cordoba\\\/\",\"name\":\"Fundaci\u00f3n Caja Rural del Sur colabora con Cruz Roja en C\u00f3rdoba - Fundaci\u00f3n Caja Rural del Sur\",\"isPartOf\":{\"@id\":\"https:\\\/\\\/fundacioncajaruraldelsur.com\\\/#website\"},\"primaryImageOfPage\":{\"@id\":\"https:\\\/\\\/fundacioncajaruraldelsur.com\\\/fundacion-caja-rural-del-sur-colabora-con-cruz-roja-en-cordoba\\\/#primaryimage\"},\"image\":{\"@id\":\"https:\\\/\\\/fundacioncajaruraldelsur.com\\\/fundacion-caja-rural-del-sur-colabora-con-cruz-roja-en-cordoba\\\/#primaryimage\"},\"thumbnailUrl\":\"https:\\\/\\\/fundacioncajaruraldelsur.com\\\/wp-content\\\/uploads\\\/2016\\\/01\\\/FAMILIA-2.jpg\",\"datePublished\":\"2015-12-15T09:41:00+00:00\",\"dateModified\":\"2016-01-29T09:52:06+00:00\",\"author\":{\"@id\":\"https:\\\/\\\/fundacioncajaruraldelsur.com\\\/#\\\/schema\\\/person\\\/6ad5dacf8bec33b825a51e99a3d1a014\"},\"breadcrumb\":{\"@id\":\"https:\\\/\\\/fundacioncajaruraldelsur.com\\\/fundacion-caja-rural-del-sur-colabora-con-cruz-roja-en-cordoba\\\/#breadcrumb\"},\"inLanguage\":\"pt-PT\",\"potentialAction\":[{\"@type\":\"ReadAction\",\"target\":[\"https:\\\/\\\/fundacioncajaruraldelsur.com\\\/fundacion-caja-rural-del-sur-colabora-con-cruz-roja-en-cordoba\\\/\"]}]},{\"@type\":\"ImageObject\",\"inLanguage\":\"pt-PT\",\"@id\":\"https:\\\/\\\/fundacioncajaruraldelsur.com\\\/fundacion-caja-rural-del-sur-colabora-con-cruz-roja-en-cordoba\\\/#primaryimage\",\"url\":\"https:\\\/\\\/fundacioncajaruraldelsur.com\\\/wp-content\\\/uploads\\\/2016\\\/01\\\/FAMILIA-2.jpg\",\"contentUrl\":\"https:\\\/\\\/fundacioncajaruraldelsur.com\\\/wp-content\\\/uploads\\\/2016\\\/01\\\/FAMILIA-2.jpg\",\"width\":640,\"height\":426},{\"@type\":\"BreadcrumbList\",\"@id\":\"https:\\\/\\\/fundacioncajaruraldelsur.com\\\/fundacion-caja-rural-del-sur-colabora-con-cruz-roja-en-cordoba\\\/#breadcrumb\",\"itemListElement\":[{\"@type\":\"ListItem\",\"position\":1,\"name\":\"Portada\",\"item\":\"https:\\\/\\\/fundacioncajaruraldelsur.com\\\/\"},{\"@type\":\"ListItem\",\"position\":2,\"name\":\"Fundaci\u00f3n Caja Rural del Sur colabora con Cruz Roja en C\u00f3rdoba\"}]},{\"@type\":\"WebSite\",\"@id\":\"https:\\\/\\\/fundacioncajaruraldelsur.com\\\/#website\",\"url\":\"https:\\\/\\\/fundacioncajaruraldelsur.com\\\/\",\"name\":\"Fundaci\u00f3n Caja Rural del Sur\",\"description\":\"\",\"potentialAction\":[{\"@type\":\"SearchAction\",\"target\":{\"@type\":\"EntryPoint\",\"urlTemplate\":\"https:\\\/\\\/fundacioncajaruraldelsur.com\\\/?s={search_term_string}\"},\"query-input\":{\"@type\":\"PropertyValueSpecification\",\"valueRequired\":true,\"valueName\":\"search_term_string\"}}],\"inLanguage\":\"pt-PT\"},{\"@type\":\"Person\",\"@id\":\"https:\\\/\\\/fundacioncajaruraldelsur.com\\\/#\\\/schema\\\/person\\\/6ad5dacf8bec33b825a51e99a3d1a014\",\"name\":\"Mar\u00eda Dolores\",\"image\":{\"@type\":\"ImageObject\",\"inLanguage\":\"pt-PT\",\"@id\":\"https:\\\/\\\/secure.gravatar.com\\\/avatar\\\/7259779b29b0a956f0a513b286d7dacd332271569db781878b93bde7a21dc0e1?s=96&d=blank&r=g\",\"url\":\"https:\\\/\\\/secure.gravatar.com\\\/avatar\\\/7259779b29b0a956f0a513b286d7dacd332271569db781878b93bde7a21dc0e1?s=96&d=blank&r=g\",\"contentUrl\":\"https:\\\/\\\/secure.gravatar.com\\\/avatar\\\/7259779b29b0a956f0a513b286d7dacd332271569db781878b93bde7a21dc0e1?s=96&d=blank&r=g\",\"caption\":\"Mar\u00eda Dolores\"}}]}<\/script>\n<!-- \/ Yoast SEO plugin. -->","yoast_head_json":{"title":"Fundaci\u00f3n Caja Rural del Sur colabora con Cruz Roja en C\u00f3rdoba - Fundaci\u00f3n Caja Rural del Sur","robots":{"index":"index","follow":"follow","max-snippet":"max-snippet:-1","max-image-preview":"max-image-preview:large","max-video-preview":"max-video-preview:-1"},"canonical":"https:\/\/fundacioncajaruraldelsur.com\/pt\/fundacion-caja-rural-del-sur-colabora-con-cruz-roja-en-cordoba\/","og_locale":"pt_PT","og_type":"article","og_title":"Fundaci\u00f3n Caja Rural del Sur colabora con Cruz Roja en C\u00f3rdoba - Fundaci\u00f3n Caja Rural del Sur","og_description":"&nbsp; La Fundaci\u00f3n Caja Rural del Sur colabor\u00f3 de nuevo con Cruz Roja que, junto a diversas entidades y teniendo como objetivo la recaudaci\u00f3n de fondos para prestar ayuda a [&hellip;]","og_url":"https:\/\/fundacioncajaruraldelsur.com\/pt\/fundacion-caja-rural-del-sur-colabora-con-cruz-roja-en-cordoba\/","og_site_name":"Fundaci\u00f3n Caja Rural del Sur","article_published_time":"2015-12-15T09:41:00+00:00","article_modified_time":"2016-01-29T09:52:06+00:00","og_image":[{"width":640,"height":426,"url":"https:\/\/fundacioncajaruraldelsur.com\/wp-content\/uploads\/2016\/01\/FAMILIA-2.jpg","type":"image\/jpeg"}],"author":"Mar\u00eda Dolores","twitter_card":"summary_large_image","twitter_misc":{"Written by":"Mar\u00eda Dolores","Est. reading time":"1 minute"},"schema":{"@context":"https:\/\/schema.org","@graph":[{"@type":"Article","@id":"https:\/\/fundacioncajaruraldelsur.com\/fundacion-caja-rural-del-sur-colabora-con-cruz-roja-en-cordoba\/#article","isPartOf":{"@id":"https:\/\/fundacioncajaruraldelsur.com\/fundacion-caja-rural-del-sur-colabora-con-cruz-roja-en-cordoba\/"},"author":{"name":"Mar\u00eda Dolores","@id":"https:\/\/fundacioncajaruraldelsur.com\/#\/schema\/person\/6ad5dacf8bec33b825a51e99a3d1a014"},"headline":"Fundaci\u00f3n Caja Rural del Sur colabora con Cruz Roja en C\u00f3rdoba","datePublished":"2015-12-15T09:41:00+00:00","dateModified":"2016-01-29T09:52:06+00:00","mainEntityOfPage":{"@id":"https:\/\/fundacioncajaruraldelsur.com\/fundacion-caja-rural-del-sur-colabora-con-cruz-roja-en-cordoba\/"},"wordCount":164,"image":{"@id":"https:\/\/fundacioncajaruraldelsur.com\/fundacion-caja-rural-del-sur-colabora-con-cruz-roja-en-cordoba\/#primaryimage"},"thumbnailUrl":"https:\/\/fundacioncajaruraldelsur.com\/wp-content\/uploads\/2016\/01\/FAMILIA-2.jpg","keywords":["acci\u00f3n social","C\u00f3rdoba","Cruz Roja","d\u00eda de la baderita","Fundaci\u00f3n Caja Rural del Sur","refugiados"],"articleSection":["Acci\u00f3n social"],"inLanguage":"pt-PT"},{"@type":"WebPage","@id":"https:\/\/fundacioncajaruraldelsur.com\/fundacion-caja-rural-del-sur-colabora-con-cruz-roja-en-cordoba\/","url":"https:\/\/fundacioncajaruraldelsur.com\/fundacion-caja-rural-del-sur-colabora-con-cruz-roja-en-cordoba\/","name":"Fundaci\u00f3n Caja Rural del Sur colabora con Cruz Roja en C\u00f3rdoba - Fundaci\u00f3n Caja Rural del Sur","isPartOf":{"@id":"https:\/\/fundacioncajaruraldelsur.com\/#website"},"primaryImageOfPage":{"@id":"https:\/\/fundacioncajaruraldelsur.com\/fundacion-caja-rural-del-sur-colabora-con-cruz-roja-en-cordoba\/#primaryimage"},"image":{"@id":"https:\/\/fundacioncajaruraldelsur.com\/fundacion-caja-rural-del-sur-colabora-con-cruz-roja-en-cordoba\/#primaryimage"},"thumbnailUrl":"https:\/\/fundacioncajaruraldelsur.com\/wp-content\/uploads\/2016\/01\/FAMILIA-2.jpg","datePublished":"2015-12-15T09:41:00+00:00","dateModified":"2016-01-29T09:52:06+00:00","author":{"@id":"https:\/\/fundacioncajaruraldelsur.com\/#\/schema\/person\/6ad5dacf8bec33b825a51e99a3d1a014"},"breadcrumb":{"@id":"https:\/\/fundacioncajaruraldelsur.com\/fundacion-caja-rural-del-sur-colabora-con-cruz-roja-en-cordoba\/#breadcrumb"},"inLanguage":"pt-PT","potentialAction":[{"@type":"ReadAction","target":["https:\/\/fundacioncajaruraldelsur.com\/fundacion-caja-rural-del-sur-colabora-con-cruz-roja-en-cordoba\/"]}]},{"@type":"ImageObject","inLanguage":"pt-PT","@id":"https:\/\/fundacioncajaruraldelsur.com\/fundacion-caja-rural-del-sur-colabora-con-cruz-roja-en-cordoba\/#primaryimage","url":"https:\/\/fundacioncajaruraldelsur.com\/wp-content\/uploads\/2016\/01\/FAMILIA-2.jpg","contentUrl":"https:\/\/fundacioncajaruraldelsur.com\/wp-content\/uploads\/2016\/01\/FAMILIA-2.jpg","width":640,"height":426},{"@type":"BreadcrumbList","@id":"https:\/\/fundacioncajaruraldelsur.com\/fundacion-caja-rural-del-sur-colabora-con-cruz-roja-en-cordoba\/#breadcrumb","itemListElement":[{"@type":"ListItem","position":1,"name":"Portada","item":"https:\/\/fundacioncajaruraldelsur.com\/"},{"@type":"ListItem","position":2,"name":"Fundaci\u00f3n Caja Rural del Sur colabora con Cruz Roja en C\u00f3rdoba"}]},{"@type":"WebSite","@id":"https:\/\/fundacioncajaruraldelsur.com\/#website","url":"https:\/\/fundacioncajaruraldelsur.com\/","name":"Funda\u00e7\u00e3o Caja Rural del Sur","description":"","potentialAction":[{"@type":"SearchAction","target":{"@type":"EntryPoint","urlTemplate":"https:\/\/fundacioncajaruraldelsur.com\/?s={search_term_string}"},"query-input":{"@type":"PropertyValueSpecification","valueRequired":true,"valueName":"search_term_string"}}],"inLanguage":"pt-PT"},{"@type":"Person","@id":"https:\/\/fundacioncajaruraldelsur.com\/#\/schema\/person\/6ad5dacf8bec33b825a51e99a3d1a014","name":"Mar\u00eda Dolores","image":{"@type":"ImageObject","inLanguage":"pt-PT","@id":"https:\/\/secure.gravatar.com\/avatar\/7259779b29b0a956f0a513b286d7dacd332271569db781878b93bde7a21dc0e1?s=96&d=blank&r=g","url":"https:\/\/secure.gravatar.com\/avatar\/7259779b29b0a956f0a513b286d7dacd332271569db781878b93bde7a21dc0e1?s=96&d=blank&r=g","contentUrl":"https:\/\/secure.gravatar.com\/avatar\/7259779b29b0a956f0a513b286d7dacd332271569db781878b93bde7a21dc0e1?s=96&d=blank&r=g","caption":"Mar\u00eda Dolores"}}]}},"rttpg_featured_image_url":{"full":["https:\/\/fundacioncajaruraldelsur.com\/wp-content\/uploads\/2016\/01\/FAMILIA-2.jpg",640,426,false],"landscape":["https:\/\/fundacioncajaruraldelsur.com\/wp-content\/uploads\/2016\/01\/FAMILIA-2.jpg",640,426,false],"portraits":["https:\/\/fundacioncajaruraldelsur.com\/wp-content\/uploads\/2016\/01\/FAMILIA-2.jpg",640,426,false],"thumbnail":["https:\/\/fundacioncajaruraldelsur.com\/wp-content\/uploads\/2016\/01\/FAMILIA-2-150x150.jpg",150,150,true],"medium":["https:\/\/fundacioncajaruraldelsur.com\/wp-content\/uploads\/2016\/01\/FAMILIA-2-300x200.jpg",300,200,true],"large":["https:\/\/fundacioncajaruraldelsur.com\/wp-content\/uploads\/2016\/01\/FAMILIA-2.jpg",640,426,false],"1536x1536":["https:\/\/fundacioncajaruraldelsur.com\/wp-content\/uploads\/2016\/01\/FAMILIA-2.jpg",640,426,false],"2048x2048":["https:\/\/fundacioncajaruraldelsur.com\/wp-content\/uploads\/2016\/01\/FAMILIA-2.jpg",640,426,false],"trp-custom-language-flag":["https:\/\/fundacioncajaruraldelsur.com\/wp-content\/uploads\/2016\/01\/FAMILIA-2.jpg",18,12,false],"blog-thumbnail":["https:\/\/fundacioncajaruraldelsur.com\/wp-content\/uploads\/2016\/01\/FAMILIA-2-400x200.jpg",400,200,true]},"rttpg_author":{"display_name":"Mar\u00eda Dolores","author_link":"https:\/\/fundacioncajaruraldelsur.com\/pt\/author\/cordobaadmin\/"},"rttpg_comment":0,"rttpg_category":"<a href=\"https:\/\/fundacioncajaruraldelsur.com\/pt\/category\/accion-social\/\" rel=\"category tag\">Acci\u00f3n social<\/a>","rttpg_excerpt":"&nbsp; La Fundaci\u00f3n Caja Rural del Sur colabor\u00f3 de nuevo con Cruz Roja que, junto a diversas entidades y teniendo como objetivo la recaudaci\u00f3n de fondos para prestar ayuda a [&hellip;]","_links":{"self":[{"href":"https:\/\/fundacioncajaruraldelsur.com\/pt\/wp-json\/wp\/v2\/posts\/2880","targetHints":{"allow":["GET"]}}],"collection":[{"href":"https:\/\/fundacioncajaruraldelsur.com\/pt\/wp-json\/wp\/v2\/posts"}],"about":[{"href":"https:\/\/fundacioncajaruraldelsur.com\/pt\/wp-json\/wp\/v2\/types\/post"}],"author":[{"embeddable":true,"href":"https:\/\/fundacioncajaruraldelsur.com\/pt\/wp-json\/wp\/v2\/users\/5"}],"replies":[{"embeddable":true,"href":"https:\/\/fundacioncajaruraldelsur.com\/pt\/wp-json\/wp\/v2\/comments?post=2880"}],"version-history":[{"count":8,"href":"https:\/\/fundacioncajaruraldelsur.com\/pt\/wp-json\/wp\/v2\/posts\/2880\/revisions"}],"predecessor-version":[{"id":2889,"href":"https:\/\/fundacioncajaruraldelsur.com\/pt\/wp-json\/wp\/v2\/posts\/2880\/revisions\/2889"}],"wp:featuredmedia":[{"embeddable":true,"href":"https:\/\/fundacioncajaruraldelsur.com\/pt\/wp-json\/wp\/v2\/media\/2881"}],"wp:attachment":[{"href":"https:\/\/fundacioncajaruraldelsur.com\/pt\/wp-json\/wp\/v2\/media?parent=2880"}],"wp:term":[{"taxonomy":"category","embeddable":true,"href":"https:\/\/fundacioncajaruraldelsur.com\/pt\/wp-json\/wp\/v2\/categories?post=2880"},{"taxonomy":"post_tag","embeddable":true,"href":"https:\/\/fundacioncajaruraldelsur.com\/pt\/wp-json\/wp\/v2\/tags?post=2880"}],"curies":[{"name":"wp","href":"https:\/\/api.w.org\/{rel}","templated":true}]}}