{"id":2720,"date":"2015-05-16T16:42:44","date_gmt":"2015-05-16T16:42:44","guid":{"rendered":"\/?p=2720"},"modified":"2015-05-18T16:46:42","modified_gmt":"2015-05-18T16:46:42","slug":"ii-concurso-de-dibujo-infantil-los-patios-cordobeses-ante-la-mirada-de-los-ninos","status":"publish","type":"post","link":"https:\/\/fundacioncajaruraldelsur.com\/pt\/ii-concurso-de-dibujo-infantil-los-patios-cordobeses-ante-la-mirada-de-los-ninos\/","title":{"rendered":"II CONCURSO DE DIBUJO INFANTIL \u201cLos Patios Cordobeses ante la mirada de los ni\u00f1os\u201d"},"content":{"rendered":"<p>El\u00a0 martes d\u00eda 5 de mayo, a las 18:00 horas, se llev\u00f3 a cabo la entrega de premios del citado concurso, que organiza la Fundaci\u00f3n Caja Rural de Sur, en el Centro de Educaci\u00f3n Vial del Ayuntamiento de C\u00f3rdoba, situado en el Paseo de la Victoria s\/n, as\u00ed como la inauguraci\u00f3n de la exposici\u00f3n que muestra los trabajos ganadores y los finalistas.<\/p>\n<p>A esta entrega de premios asisti\u00f3 Luisa Mar\u00eda Arcas, Delegada de Educaci\u00f3n e Infancia del Ayuntamiento de C\u00f3rdoba, Amelia Caracuel, Delegada de\u00a0 Fiestas y Tradiciones Populares del Ayuntamiento de C\u00f3rdoba, Miguel \u00c1ngel Rold\u00e1n, Presidente de la Asociaci\u00f3n de Amigos de los Patios Cordobeses, Antonio Bujalance, miembro de la Real Academia de C\u00f3rdoba y pintor, y Manuel Enr\u00edquez y Enrique Aguilar, de la Fundaci\u00f3n Caja Rural.<\/p>\n<p>&nbsp;<\/p>\n<p>Los ganadores que recogieron su premio fueron los siguientes:<\/p>\n<p>1\u00aa Categor\u00eda:<\/p>\n<p>1er Premio.- Luc\u00eda Ruiz Parejo (Colegio Divina Pastora)<\/p>\n<p>2\u00ba Premio.- Miguel Espejo (C.E.E.E. Virgen de la Esperanza)<\/p>\n<p>3er Premio.- Nuria Osuna Serrano (C.E.I.P. \u00a0\u00a0\u00a0\u00a0\u00a0\u00a0\u00a0\u00a0\u00a0\u00a0\u00a0 Salvador Vinuesa)<\/p>\n<p>2\u00aa Categor\u00eda:<\/p>\n<p>1er Premio.- Alejandro Lucena Merino (Colegio Sagrada Familia de las Francesas).<\/p>\n<p>2\u00ba Premio.- Adri\u00e1n Bocero Merina (Colegio Mar\u00eda Inmaculada).<\/p>\n<p>3er Premio.- Mamen Molina Mesa (Colegio Mar\u00eda Inmaculada).<\/p>\n<p>&nbsp;<\/p>\n<p>La exposici\u00f3n permanecer\u00e1 abierta hasta el d\u00eda 16 de mayo de lunes a viernes desde las 18:00 a las 20:00 horas y los s\u00e1bados de 11:00 a 13:00 horas.<\/p>\n<p><a href=\"\/wp-content\/uploads\/2015\/05\/K1-CARTEL-FINAL-2015-CONCURSO-DIBUJO1.jpg\" rel=\"lightbox-0\"><img loading=\"lazy\" decoding=\"async\" class=\"alignnone size-full wp-image-2723\" src=\"\/wp-content\/uploads\/2015\/05\/K1-CARTEL-FINAL-2015-CONCURSO-DIBUJO1.jpg\" alt=\"K1 CARTEL FINAL 2015 CONCURSO DIBUJO\" width=\"1567\" height=\"2216\" srcset=\"https:\/\/fundacioncajaruraldelsur.com\/wp-content\/uploads\/2015\/05\/K1-CARTEL-FINAL-2015-CONCURSO-DIBUJO1.jpg 1567w, https:\/\/fundacioncajaruraldelsur.com\/wp-content\/uploads\/2015\/05\/K1-CARTEL-FINAL-2015-CONCURSO-DIBUJO1-212x300.jpg 212w, https:\/\/fundacioncajaruraldelsur.com\/wp-content\/uploads\/2015\/05\/K1-CARTEL-FINAL-2015-CONCURSO-DIBUJO1-724x1024.jpg 724w\" sizes=\"auto, (max-width: 1567px) 100vw, 1567px\" \/><\/a> <a href=\"\/wp-content\/uploads\/2015\/05\/K2-IMG_2093.jpg\" rel=\"lightbox-1\"><img loading=\"lazy\" decoding=\"async\" class=\"alignnone size-full wp-image-2724\" src=\"\/wp-content\/uploads\/2015\/05\/K2-IMG_2093.jpg\" alt=\"K2 IMG_2093\" width=\"1050\" height=\"668\" srcset=\"https:\/\/fundacioncajaruraldelsur.com\/wp-content\/uploads\/2015\/05\/K2-IMG_2093.jpg 1050w, https:\/\/fundacioncajaruraldelsur.com\/wp-content\/uploads\/2015\/05\/K2-IMG_2093-300x191.jpg 300w, https:\/\/fundacioncajaruraldelsur.com\/wp-content\/uploads\/2015\/05\/K2-IMG_2093-1024x651.jpg 1024w\" sizes=\"auto, (max-width: 1050px) 100vw, 1050px\" \/><\/a> <img loading=\"lazy\" decoding=\"async\" class=\"alignnone size-full wp-image-2725\" src=\"\/wp-content\/uploads\/2015\/05\/K4-IMG_2104.jpg\" alt=\"K4 IMG_2104\" width=\"1056\" height=\"667\" srcset=\"https:\/\/fundacioncajaruraldelsur.com\/wp-content\/uploads\/2015\/05\/K4-IMG_2104.jpg 1056w, https:\/\/fundacioncajaruraldelsur.com\/wp-content\/uploads\/2015\/05\/K4-IMG_2104-300x189.jpg 300w, https:\/\/fundacioncajaruraldelsur.com\/wp-content\/uploads\/2015\/05\/K4-IMG_2104-1024x647.jpg 1024w\" sizes=\"auto, (max-width: 1056px) 100vw, 1056px\" \/><\/p>","protected":false},"excerpt":{"rendered":"<p>El\u00a0 martes d\u00eda 5 de mayo, a las 18:00 horas, se llev\u00f3 a cabo la entrega de premios del citado concurso, que organiza la Fundaci\u00f3n Caja Rural de Sur, en [&hellip;]<\/p>\n","protected":false},"author":4,"featured_media":2721,"comment_status":"closed","ping_status":"open","sticky":false,"template":"","format":"standard","meta":{"footnotes":""},"categories":[85],"tags":[],"class_list":["post-2720","post","type-post","status-publish","format-standard","has-post-thumbnail","hentry","category-concursos"],"yoast_head":"<!-- This site is optimized with the Yoast SEO plugin v27.3 - https:\/\/yoast.com\/product\/yoast-seo-wordpress\/ -->\n<title>II CONCURSO DE DIBUJO INFANTIL \u201cLos Patios Cordobeses ante la mirada de los ni\u00f1os\u201d - Fundaci\u00f3n Caja Rural del Sur<\/title>\n<meta name=\"robots\" content=\"index, follow, max-snippet:-1, max-image-preview:large, max-video-preview:-1\" \/>\n<link rel=\"canonical\" href=\"https:\/\/fundacioncajaruraldelsur.com\/pt\/ii-concurso-de-dibujo-infantil-los-patios-cordobeses-ante-la-mirada-de-los-ninos\/\" \/>\n<meta property=\"og:locale\" content=\"pt_PT\" \/>\n<meta property=\"og:type\" content=\"article\" \/>\n<meta property=\"og:title\" content=\"II CONCURSO DE DIBUJO INFANTIL \u201cLos Patios Cordobeses ante la mirada de los ni\u00f1os\u201d - Fundaci\u00f3n Caja Rural del Sur\" \/>\n<meta property=\"og:description\" content=\"El\u00a0 martes d\u00eda 5 de mayo, a las 18:00 horas, se llev\u00f3 a cabo la entrega de premios del citado concurso, que organiza la Fundaci\u00f3n Caja Rural de Sur, en [&hellip;]\" \/>\n<meta property=\"og:url\" content=\"https:\/\/fundacioncajaruraldelsur.com\/pt\/ii-concurso-de-dibujo-infantil-los-patios-cordobeses-ante-la-mirada-de-los-ninos\/\" \/>\n<meta property=\"og:site_name\" content=\"Fundaci\u00f3n Caja Rural del Sur\" \/>\n<meta property=\"article:published_time\" content=\"2015-05-16T16:42:44+00:00\" \/>\n<meta property=\"article:modified_time\" content=\"2015-05-18T16:46:42+00:00\" \/>\n<meta property=\"og:image\" content=\"https:\/\/fundacioncajaruraldelsur.com\/wp-content\/uploads\/2015\/05\/K3-Premios-Dibujo.jpg\" \/>\n\t<meta property=\"og:image:width\" content=\"2048\" \/>\n\t<meta property=\"og:image:height\" content=\"1238\" \/>\n\t<meta property=\"og:image:type\" content=\"image\/jpeg\" \/>\n<meta name=\"author\" content=\"Huelvaadmin\" \/>\n<meta name=\"twitter:card\" content=\"summary_large_image\" \/>\n<meta name=\"twitter:label1\" content=\"Written by\" \/>\n\t<meta name=\"twitter:data1\" content=\"Huelvaadmin\" \/>\n\t<meta name=\"twitter:label2\" content=\"Est. reading time\" \/>\n\t<meta name=\"twitter:data2\" content=\"1 minute\" \/>\n<script type=\"application\/ld+json\" class=\"yoast-schema-graph\">{\"@context\":\"https:\\\/\\\/schema.org\",\"@graph\":[{\"@type\":\"Article\",\"@id\":\"https:\\\/\\\/fundacioncajaruraldelsur.com\\\/ii-concurso-de-dibujo-infantil-los-patios-cordobeses-ante-la-mirada-de-los-ninos\\\/#article\",\"isPartOf\":{\"@id\":\"https:\\\/\\\/fundacioncajaruraldelsur.com\\\/ii-concurso-de-dibujo-infantil-los-patios-cordobeses-ante-la-mirada-de-los-ninos\\\/\"},\"author\":{\"name\":\"Huelvaadmin\",\"@id\":\"https:\\\/\\\/fundacioncajaruraldelsur.com\\\/#\\\/schema\\\/person\\\/3cc097351ab55f31ece09bae985e0dff\"},\"headline\":\"II CONCURSO DE DIBUJO INFANTIL \u201cLos Patios Cordobeses ante la mirada de los ni\u00f1os\u201d\",\"datePublished\":\"2015-05-16T16:42:44+00:00\",\"dateModified\":\"2015-05-18T16:46:42+00:00\",\"mainEntityOfPage\":{\"@id\":\"https:\\\/\\\/fundacioncajaruraldelsur.com\\\/ii-concurso-de-dibujo-infantil-los-patios-cordobeses-ante-la-mirada-de-los-ninos\\\/\"},\"wordCount\":264,\"image\":{\"@id\":\"https:\\\/\\\/fundacioncajaruraldelsur.com\\\/ii-concurso-de-dibujo-infantil-los-patios-cordobeses-ante-la-mirada-de-los-ninos\\\/#primaryimage\"},\"thumbnailUrl\":\"https:\\\/\\\/fundacioncajaruraldelsur.com\\\/wp-content\\\/uploads\\\/2015\\\/05\\\/K3-Premios-Dibujo.jpg\",\"articleSection\":[\"Concursos\"],\"inLanguage\":\"pt-PT\"},{\"@type\":\"WebPage\",\"@id\":\"https:\\\/\\\/fundacioncajaruraldelsur.com\\\/ii-concurso-de-dibujo-infantil-los-patios-cordobeses-ante-la-mirada-de-los-ninos\\\/\",\"url\":\"https:\\\/\\\/fundacioncajaruraldelsur.com\\\/ii-concurso-de-dibujo-infantil-los-patios-cordobeses-ante-la-mirada-de-los-ninos\\\/\",\"name\":\"II CONCURSO DE DIBUJO INFANTIL \u201cLos Patios Cordobeses ante la mirada de los ni\u00f1os\u201d - Fundaci\u00f3n Caja Rural del Sur\",\"isPartOf\":{\"@id\":\"https:\\\/\\\/fundacioncajaruraldelsur.com\\\/#website\"},\"primaryImageOfPage\":{\"@id\":\"https:\\\/\\\/fundacioncajaruraldelsur.com\\\/ii-concurso-de-dibujo-infantil-los-patios-cordobeses-ante-la-mirada-de-los-ninos\\\/#primaryimage\"},\"image\":{\"@id\":\"https:\\\/\\\/fundacioncajaruraldelsur.com\\\/ii-concurso-de-dibujo-infantil-los-patios-cordobeses-ante-la-mirada-de-los-ninos\\\/#primaryimage\"},\"thumbnailUrl\":\"https:\\\/\\\/fundacioncajaruraldelsur.com\\\/wp-content\\\/uploads\\\/2015\\\/05\\\/K3-Premios-Dibujo.jpg\",\"datePublished\":\"2015-05-16T16:42:44+00:00\",\"dateModified\":\"2015-05-18T16:46:42+00:00\",\"author\":{\"@id\":\"https:\\\/\\\/fundacioncajaruraldelsur.com\\\/#\\\/schema\\\/person\\\/3cc097351ab55f31ece09bae985e0dff\"},\"breadcrumb\":{\"@id\":\"https:\\\/\\\/fundacioncajaruraldelsur.com\\\/ii-concurso-de-dibujo-infantil-los-patios-cordobeses-ante-la-mirada-de-los-ninos\\\/#breadcrumb\"},\"inLanguage\":\"pt-PT\",\"potentialAction\":[{\"@type\":\"ReadAction\",\"target\":[\"https:\\\/\\\/fundacioncajaruraldelsur.com\\\/ii-concurso-de-dibujo-infantil-los-patios-cordobeses-ante-la-mirada-de-los-ninos\\\/\"]}]},{\"@type\":\"ImageObject\",\"inLanguage\":\"pt-PT\",\"@id\":\"https:\\\/\\\/fundacioncajaruraldelsur.com\\\/ii-concurso-de-dibujo-infantil-los-patios-cordobeses-ante-la-mirada-de-los-ninos\\\/#primaryimage\",\"url\":\"https:\\\/\\\/fundacioncajaruraldelsur.com\\\/wp-content\\\/uploads\\\/2015\\\/05\\\/K3-Premios-Dibujo.jpg\",\"contentUrl\":\"https:\\\/\\\/fundacioncajaruraldelsur.com\\\/wp-content\\\/uploads\\\/2015\\\/05\\\/K3-Premios-Dibujo.jpg\",\"width\":2048,\"height\":1238},{\"@type\":\"BreadcrumbList\",\"@id\":\"https:\\\/\\\/fundacioncajaruraldelsur.com\\\/ii-concurso-de-dibujo-infantil-los-patios-cordobeses-ante-la-mirada-de-los-ninos\\\/#breadcrumb\",\"itemListElement\":[{\"@type\":\"ListItem\",\"position\":1,\"name\":\"Portada\",\"item\":\"https:\\\/\\\/fundacioncajaruraldelsur.com\\\/\"},{\"@type\":\"ListItem\",\"position\":2,\"name\":\"II CONCURSO DE DIBUJO INFANTIL \u201cLos Patios Cordobeses ante la mirada de los ni\u00f1os\u201d\"}]},{\"@type\":\"WebSite\",\"@id\":\"https:\\\/\\\/fundacioncajaruraldelsur.com\\\/#website\",\"url\":\"https:\\\/\\\/fundacioncajaruraldelsur.com\\\/\",\"name\":\"Fundaci\u00f3n Caja Rural del Sur\",\"description\":\"\",\"potentialAction\":[{\"@type\":\"SearchAction\",\"target\":{\"@type\":\"EntryPoint\",\"urlTemplate\":\"https:\\\/\\\/fundacioncajaruraldelsur.com\\\/?s={search_term_string}\"},\"query-input\":{\"@type\":\"PropertyValueSpecification\",\"valueRequired\":true,\"valueName\":\"search_term_string\"}}],\"inLanguage\":\"pt-PT\"},{\"@type\":\"Person\",\"@id\":\"https:\\\/\\\/fundacioncajaruraldelsur.com\\\/#\\\/schema\\\/person\\\/3cc097351ab55f31ece09bae985e0dff\",\"name\":\"Huelvaadmin\",\"image\":{\"@type\":\"ImageObject\",\"inLanguage\":\"pt-PT\",\"@id\":\"https:\\\/\\\/secure.gravatar.com\\\/avatar\\\/844b95d9bb5bedef6ef3f07e4ac357114f2d6f55fe0799f36cbe3975aebd8bcc?s=96&d=blank&r=g\",\"url\":\"https:\\\/\\\/secure.gravatar.com\\\/avatar\\\/844b95d9bb5bedef6ef3f07e4ac357114f2d6f55fe0799f36cbe3975aebd8bcc?s=96&d=blank&r=g\",\"contentUrl\":\"https:\\\/\\\/secure.gravatar.com\\\/avatar\\\/844b95d9bb5bedef6ef3f07e4ac357114f2d6f55fe0799f36cbe3975aebd8bcc?s=96&d=blank&r=g\",\"caption\":\"Huelvaadmin\"}}]}<\/script>\n<!-- \/ Yoast SEO plugin. -->","yoast_head_json":{"title":"II CONCURSO DE DIBUJO INFANTIL \u201cLos Patios Cordobeses ante la mirada de los ni\u00f1os\u201d - Fundaci\u00f3n Caja Rural del Sur","robots":{"index":"index","follow":"follow","max-snippet":"max-snippet:-1","max-image-preview":"max-image-preview:large","max-video-preview":"max-video-preview:-1"},"canonical":"https:\/\/fundacioncajaruraldelsur.com\/pt\/ii-concurso-de-dibujo-infantil-los-patios-cordobeses-ante-la-mirada-de-los-ninos\/","og_locale":"pt_PT","og_type":"article","og_title":"II CONCURSO DE DIBUJO INFANTIL \u201cLos Patios Cordobeses ante la mirada de los ni\u00f1os\u201d - Fundaci\u00f3n Caja Rural del Sur","og_description":"El\u00a0 martes d\u00eda 5 de mayo, a las 18:00 horas, se llev\u00f3 a cabo la entrega de premios del citado concurso, que organiza la Fundaci\u00f3n Caja Rural de Sur, en [&hellip;]","og_url":"https:\/\/fundacioncajaruraldelsur.com\/pt\/ii-concurso-de-dibujo-infantil-los-patios-cordobeses-ante-la-mirada-de-los-ninos\/","og_site_name":"Fundaci\u00f3n Caja Rural del Sur","article_published_time":"2015-05-16T16:42:44+00:00","article_modified_time":"2015-05-18T16:46:42+00:00","og_image":[{"width":2048,"height":1238,"url":"https:\/\/fundacioncajaruraldelsur.com\/wp-content\/uploads\/2015\/05\/K3-Premios-Dibujo.jpg","type":"image\/jpeg"}],"author":"Huelvaadmin","twitter_card":"summary_large_image","twitter_misc":{"Written by":"Huelvaadmin","Est. reading time":"1 minute"},"schema":{"@context":"https:\/\/schema.org","@graph":[{"@type":"Article","@id":"https:\/\/fundacioncajaruraldelsur.com\/ii-concurso-de-dibujo-infantil-los-patios-cordobeses-ante-la-mirada-de-los-ninos\/#article","isPartOf":{"@id":"https:\/\/fundacioncajaruraldelsur.com\/ii-concurso-de-dibujo-infantil-los-patios-cordobeses-ante-la-mirada-de-los-ninos\/"},"author":{"name":"Huelvaadmin","@id":"https:\/\/fundacioncajaruraldelsur.com\/#\/schema\/person\/3cc097351ab55f31ece09bae985e0dff"},"headline":"II CONCURSO DE DIBUJO INFANTIL \u201cLos Patios Cordobeses ante la mirada de los ni\u00f1os\u201d","datePublished":"2015-05-16T16:42:44+00:00","dateModified":"2015-05-18T16:46:42+00:00","mainEntityOfPage":{"@id":"https:\/\/fundacioncajaruraldelsur.com\/ii-concurso-de-dibujo-infantil-los-patios-cordobeses-ante-la-mirada-de-los-ninos\/"},"wordCount":264,"image":{"@id":"https:\/\/fundacioncajaruraldelsur.com\/ii-concurso-de-dibujo-infantil-los-patios-cordobeses-ante-la-mirada-de-los-ninos\/#primaryimage"},"thumbnailUrl":"https:\/\/fundacioncajaruraldelsur.com\/wp-content\/uploads\/2015\/05\/K3-Premios-Dibujo.jpg","articleSection":["Concursos"],"inLanguage":"pt-PT"},{"@type":"WebPage","@id":"https:\/\/fundacioncajaruraldelsur.com\/ii-concurso-de-dibujo-infantil-los-patios-cordobeses-ante-la-mirada-de-los-ninos\/","url":"https:\/\/fundacioncajaruraldelsur.com\/ii-concurso-de-dibujo-infantil-los-patios-cordobeses-ante-la-mirada-de-los-ninos\/","name":"II CONCURSO DE DIBUJO INFANTIL \u201cLos Patios Cordobeses ante la mirada de los ni\u00f1os\u201d - Fundaci\u00f3n Caja Rural del Sur","isPartOf":{"@id":"https:\/\/fundacioncajaruraldelsur.com\/#website"},"primaryImageOfPage":{"@id":"https:\/\/fundacioncajaruraldelsur.com\/ii-concurso-de-dibujo-infantil-los-patios-cordobeses-ante-la-mirada-de-los-ninos\/#primaryimage"},"image":{"@id":"https:\/\/fundacioncajaruraldelsur.com\/ii-concurso-de-dibujo-infantil-los-patios-cordobeses-ante-la-mirada-de-los-ninos\/#primaryimage"},"thumbnailUrl":"https:\/\/fundacioncajaruraldelsur.com\/wp-content\/uploads\/2015\/05\/K3-Premios-Dibujo.jpg","datePublished":"2015-05-16T16:42:44+00:00","dateModified":"2015-05-18T16:46:42+00:00","author":{"@id":"https:\/\/fundacioncajaruraldelsur.com\/#\/schema\/person\/3cc097351ab55f31ece09bae985e0dff"},"breadcrumb":{"@id":"https:\/\/fundacioncajaruraldelsur.com\/ii-concurso-de-dibujo-infantil-los-patios-cordobeses-ante-la-mirada-de-los-ninos\/#breadcrumb"},"inLanguage":"pt-PT","potentialAction":[{"@type":"ReadAction","target":["https:\/\/fundacioncajaruraldelsur.com\/ii-concurso-de-dibujo-infantil-los-patios-cordobeses-ante-la-mirada-de-los-ninos\/"]}]},{"@type":"ImageObject","inLanguage":"pt-PT","@id":"https:\/\/fundacioncajaruraldelsur.com\/ii-concurso-de-dibujo-infantil-los-patios-cordobeses-ante-la-mirada-de-los-ninos\/#primaryimage","url":"https:\/\/fundacioncajaruraldelsur.com\/wp-content\/uploads\/2015\/05\/K3-Premios-Dibujo.jpg","contentUrl":"https:\/\/fundacioncajaruraldelsur.com\/wp-content\/uploads\/2015\/05\/K3-Premios-Dibujo.jpg","width":2048,"height":1238},{"@type":"BreadcrumbList","@id":"https:\/\/fundacioncajaruraldelsur.com\/ii-concurso-de-dibujo-infantil-los-patios-cordobeses-ante-la-mirada-de-los-ninos\/#breadcrumb","itemListElement":[{"@type":"ListItem","position":1,"name":"Portada","item":"https:\/\/fundacioncajaruraldelsur.com\/"},{"@type":"ListItem","position":2,"name":"II CONCURSO DE DIBUJO INFANTIL \u201cLos Patios Cordobeses ante la mirada de los ni\u00f1os\u201d"}]},{"@type":"WebSite","@id":"https:\/\/fundacioncajaruraldelsur.com\/#website","url":"https:\/\/fundacioncajaruraldelsur.com\/","name":"Funda\u00e7\u00e3o Caja Rural del Sur","description":"","potentialAction":[{"@type":"SearchAction","target":{"@type":"EntryPoint","urlTemplate":"https:\/\/fundacioncajaruraldelsur.com\/?s={search_term_string}"},"query-input":{"@type":"PropertyValueSpecification","valueRequired":true,"valueName":"search_term_string"}}],"inLanguage":"pt-PT"},{"@type":"Person","@id":"https:\/\/fundacioncajaruraldelsur.com\/#\/schema\/person\/3cc097351ab55f31ece09bae985e0dff","name":"Huelvaadmin","image":{"@type":"ImageObject","inLanguage":"pt-PT","@id":"https:\/\/secure.gravatar.com\/avatar\/844b95d9bb5bedef6ef3f07e4ac357114f2d6f55fe0799f36cbe3975aebd8bcc?s=96&d=blank&r=g","url":"https:\/\/secure.gravatar.com\/avatar\/844b95d9bb5bedef6ef3f07e4ac357114f2d6f55fe0799f36cbe3975aebd8bcc?s=96&d=blank&r=g","contentUrl":"https:\/\/secure.gravatar.com\/avatar\/844b95d9bb5bedef6ef3f07e4ac357114f2d6f55fe0799f36cbe3975aebd8bcc?s=96&d=blank&r=g","caption":"Huelvaadmin"}}]}},"rttpg_featured_image_url":{"full":["https:\/\/fundacioncajaruraldelsur.com\/wp-content\/uploads\/2015\/05\/K3-Premios-Dibujo.jpg",2048,1238,false],"landscape":["https:\/\/fundacioncajaruraldelsur.com\/wp-content\/uploads\/2015\/05\/K3-Premios-Dibujo.jpg",2048,1238,false],"portraits":["https:\/\/fundacioncajaruraldelsur.com\/wp-content\/uploads\/2015\/05\/K3-Premios-Dibujo.jpg",2048,1238,false],"thumbnail":["https:\/\/fundacioncajaruraldelsur.com\/wp-content\/uploads\/2015\/05\/K3-Premios-Dibujo-150x150.jpg",150,150,true],"medium":["https:\/\/fundacioncajaruraldelsur.com\/wp-content\/uploads\/2015\/05\/K3-Premios-Dibujo-300x181.jpg",300,181,true],"large":["https:\/\/fundacioncajaruraldelsur.com\/wp-content\/uploads\/2015\/05\/K3-Premios-Dibujo-1024x619.jpg",960,580,true],"1536x1536":["https:\/\/fundacioncajaruraldelsur.com\/wp-content\/uploads\/2015\/05\/K3-Premios-Dibujo.jpg",1536,929,false],"2048x2048":["https:\/\/fundacioncajaruraldelsur.com\/wp-content\/uploads\/2015\/05\/K3-Premios-Dibujo.jpg",2048,1238,false],"trp-custom-language-flag":["https:\/\/fundacioncajaruraldelsur.com\/wp-content\/uploads\/2015\/05\/K3-Premios-Dibujo.jpg",18,12,false],"blog-thumbnail":["https:\/\/fundacioncajaruraldelsur.com\/wp-content\/uploads\/2015\/05\/K3-Premios-Dibujo-400x200.jpg",400,200,true]},"rttpg_author":{"display_name":"Huelvaadmin","author_link":"https:\/\/fundacioncajaruraldelsur.com\/pt\/author\/huelvaadmin\/"},"rttpg_comment":0,"rttpg_category":"<a href=\"https:\/\/fundacioncajaruraldelsur.com\/pt\/category\/concursos\/\" rel=\"category tag\">Concursos<\/a>","rttpg_excerpt":"El\u00a0 martes d\u00eda 5 de mayo, a las 18:00 horas, se llev\u00f3 a cabo la entrega de premios del citado concurso, que organiza la Fundaci\u00f3n Caja Rural de Sur, en [&hellip;]","_links":{"self":[{"href":"https:\/\/fundacioncajaruraldelsur.com\/pt\/wp-json\/wp\/v2\/posts\/2720","targetHints":{"allow":["GET"]}}],"collection":[{"href":"https:\/\/fundacioncajaruraldelsur.com\/pt\/wp-json\/wp\/v2\/posts"}],"about":[{"href":"https:\/\/fundacioncajaruraldelsur.com\/pt\/wp-json\/wp\/v2\/types\/post"}],"author":[{"embeddable":true,"href":"https:\/\/fundacioncajaruraldelsur.com\/pt\/wp-json\/wp\/v2\/users\/4"}],"replies":[{"embeddable":true,"href":"https:\/\/fundacioncajaruraldelsur.com\/pt\/wp-json\/wp\/v2\/comments?post=2720"}],"version-history":[{"count":1,"href":"https:\/\/fundacioncajaruraldelsur.com\/pt\/wp-json\/wp\/v2\/posts\/2720\/revisions"}],"predecessor-version":[{"id":2726,"href":"https:\/\/fundacioncajaruraldelsur.com\/pt\/wp-json\/wp\/v2\/posts\/2720\/revisions\/2726"}],"wp:featuredmedia":[{"embeddable":true,"href":"https:\/\/fundacioncajaruraldelsur.com\/pt\/wp-json\/wp\/v2\/media\/2721"}],"wp:attachment":[{"href":"https:\/\/fundacioncajaruraldelsur.com\/pt\/wp-json\/wp\/v2\/media?parent=2720"}],"wp:term":[{"taxonomy":"category","embeddable":true,"href":"https:\/\/fundacioncajaruraldelsur.com\/pt\/wp-json\/wp\/v2\/categories?post=2720"},{"taxonomy":"post_tag","embeddable":true,"href":"https:\/\/fundacioncajaruraldelsur.com\/pt\/wp-json\/wp\/v2\/tags?post=2720"}],"curies":[{"name":"wp","href":"https:\/\/api.w.org\/{rel}","templated":true}]}}