{"id":2673,"date":"2014-11-18T16:13:11","date_gmt":"2014-11-18T16:13:11","guid":{"rendered":"\/?p=2673"},"modified":"2015-05-18T16:19:16","modified_gmt":"2015-05-18T16:19:16","slug":"iv-edicion-premios-fundacion-caja-rural","status":"publish","type":"post","link":"https:\/\/fundacioncajaruraldelsur.com\/pt\/iv-edicion-premios-fundacion-caja-rural\/","title":{"rendered":"IV EDICI\u00d3N PREMIOS FUNDACI\u00d3N CAJA RURAL"},"content":{"rendered":"<p>El pasado 11 de diciembre se celebr\u00f3 la entrega de Premios de esta Fundaci\u00f3n en el Real C\u00edrculo de la Amistad de C\u00f3rdoba.<\/p>\n<p>Al acto acudieron tanto los premiados con sus allegados como diversos personajes destacados de la sociedad cordobesa.<\/p>\n<p>Los premiados en las cuatro categor\u00edas fueron:<\/p>\n<p>&#8211; Proyectos de I+D+i en el \u00e1mbito de la actividad agroalimentaria, premiados ex aequo:<\/p>\n<ul>\n<li>\u201cMecanismos de inmunomodulaci\u00f3n e inmunosupresi\u00f3n implicados en el Complejo Respiratorio Bovino\u201d.<\/li>\n<\/ul>\n<p>Estudio a cargo de D\u00f1a. Mar\u00eda de los \u00c1ngeles Risalde Moya, que recogi\u00f3 el galard\u00f3n, D. Fernando Romero Palomo y D. Juan Antonio Mart\u00edn P\u00e1rraga.<\/p>\n<ul>\n<li>\u201cQu\u00edmica del aceite de oliva: trazabilidad y desarrollo sostenible\u201d.<\/li>\n<\/ul>\n<p>Investigador principal de los participantes en el proyecto del departamento de qu\u00edmica org\u00e1nica de la UCO, D. Alberto Marinas Aramend\u00eda.<\/p>\n<p>&#8211; \u201cHermano Bonifacio\u201d a la Acci\u00f3n Social Solidaria.<\/p>\n<ul>\n<li>Hermanos Franciscanos de la Cruz Blanca de C\u00f3rdoba. Recogiendo el trofeo el hermano Celso Garc\u00eda.<\/li>\n<\/ul>\n<p>&#8211; Recuperaci\u00f3n del Patrimonio Hist\u00f3rico-Art\u00edstico Provincial.<\/p>\n<ul>\n<li>Reimplantaci\u00f3n tipol\u00f3gica del templo de San Pedro M\u00e1rtir de Verona de Lucena. Presentado por la Venerable archicofrad\u00eda de Ntro. Padre Jes\u00fas Nazareno y cuyo Hermano Mayor, Gonzalo Beato, recogi\u00f3 la estatuilla.<\/li>\n<\/ul>\n<p>&#8211; Iniciativas Empresariales promovidas por j\u00f3venes emprendedores.<\/p>\n<ul>\n<li>Laboratorios Edyma S.C.A., presentado por D\u00f1a. M\u00aa \u00c1ngeles Garc\u00eda-Rojo, que subi\u00f3 al escenario para recoger el galard\u00f3n, y D. Edgar Hazas.11<\/li>\n<\/ul>\n<p>&nbsp;<\/p>\n<div id='gallery-1' class='gallery galleryid-2673 gallery-columns-1 gallery-size-full'><figure class='gallery-item'>\n\t\t\t<div class='gallery-icon landscape'>\n\t\t\t\t<a href='https:\/\/fundacioncajaruraldelsur.com\/wp-content\/uploads\/2014\/11\/D5-PREMIOS3.jpg' rel=\"lightbox[gallery-0]\"><img loading=\"lazy\" decoding=\"async\" width=\"1305\" height=\"870\" src=\"https:\/\/fundacioncajaruraldelsur.com\/wp-content\/uploads\/2014\/11\/D5-PREMIOS3.jpg\" class=\"attachment-full size-full\" alt=\"\" srcset=\"https:\/\/fundacioncajaruraldelsur.com\/wp-content\/uploads\/2014\/11\/D5-PREMIOS3.jpg 1305w, https:\/\/fundacioncajaruraldelsur.com\/wp-content\/uploads\/2014\/11\/D5-PREMIOS3-300x200.jpg 300w, https:\/\/fundacioncajaruraldelsur.com\/wp-content\/uploads\/2014\/11\/D5-PREMIOS3-1024x683.jpg 1024w\" sizes=\"auto, (max-width: 1305px) 100vw, 1305px\" \/><\/a>\n\t\t\t<\/div><\/figure><figure class='gallery-item'>\n\t\t\t<div class='gallery-icon landscape'>\n\t\t\t\t<a href='https:\/\/fundacioncajaruraldelsur.com\/wp-content\/uploads\/2014\/11\/D2-PREMIOS4.jpg' rel=\"lightbox[gallery-0]\"><img loading=\"lazy\" decoding=\"async\" width=\"1392\" height=\"928\" src=\"https:\/\/fundacioncajaruraldelsur.com\/wp-content\/uploads\/2014\/11\/D2-PREMIOS4.jpg\" class=\"attachment-full size-full\" alt=\"\" srcset=\"https:\/\/fundacioncajaruraldelsur.com\/wp-content\/uploads\/2014\/11\/D2-PREMIOS4.jpg 1392w, https:\/\/fundacioncajaruraldelsur.com\/wp-content\/uploads\/2014\/11\/D2-PREMIOS4-300x200.jpg 300w, https:\/\/fundacioncajaruraldelsur.com\/wp-content\/uploads\/2014\/11\/D2-PREMIOS4-1024x683.jpg 1024w\" sizes=\"auto, (max-width: 1392px) 100vw, 1392px\" \/><\/a>\n\t\t\t<\/div><\/figure><figure class='gallery-item'>\n\t\t\t<div class='gallery-icon portrait'>\n\t\t\t\t<a href='https:\/\/fundacioncajaruraldelsur.com\/wp-content\/uploads\/2014\/11\/D1-cartel_50x100-web.jpg' rel=\"lightbox[gallery-0]\"><img loading=\"lazy\" decoding=\"async\" width=\"512\" height=\"1024\" src=\"https:\/\/fundacioncajaruraldelsur.com\/wp-content\/uploads\/2014\/11\/D1-cartel_50x100-web.jpg\" class=\"attachment-full size-full\" alt=\"\" srcset=\"https:\/\/fundacioncajaruraldelsur.com\/wp-content\/uploads\/2014\/11\/D1-cartel_50x100-web.jpg 512w, https:\/\/fundacioncajaruraldelsur.com\/wp-content\/uploads\/2014\/11\/D1-cartel_50x100-web-150x300.jpg 150w\" sizes=\"auto, (max-width: 512px) 100vw, 512px\" \/><\/a>\n\t\t\t<\/div><\/figure><figure class='gallery-item'>\n\t\t\t<div class='gallery-icon landscape'>\n\t\t\t\t<a href='https:\/\/fundacioncajaruraldelsur.com\/wp-content\/uploads\/2014\/11\/D3-PREMIOS1.jpg' rel=\"lightbox[gallery-0]\"><img loading=\"lazy\" decoding=\"async\" width=\"1305\" height=\"870\" src=\"https:\/\/fundacioncajaruraldelsur.com\/wp-content\/uploads\/2014\/11\/D3-PREMIOS1.jpg\" class=\"attachment-full size-full\" alt=\"\" srcset=\"https:\/\/fundacioncajaruraldelsur.com\/wp-content\/uploads\/2014\/11\/D3-PREMIOS1.jpg 1305w, https:\/\/fundacioncajaruraldelsur.com\/wp-content\/uploads\/2014\/11\/D3-PREMIOS1-300x200.jpg 300w, https:\/\/fundacioncajaruraldelsur.com\/wp-content\/uploads\/2014\/11\/D3-PREMIOS1-1024x683.jpg 1024w\" sizes=\"auto, (max-width: 1305px) 100vw, 1305px\" \/><\/a>\n\t\t\t<\/div><\/figure>\n\t\t<\/div>\n\n","protected":false},"excerpt":{"rendered":"<p>El pasado 11 de diciembre se celebr\u00f3 la entrega de Premios de esta Fundaci\u00f3n en el Real C\u00edrculo de la Amistad de C\u00f3rdoba. Al acto acudieron tanto los premiados con [&hellip;]<\/p>\n","protected":false},"author":4,"featured_media":2675,"comment_status":"closed","ping_status":"open","sticky":false,"template":"","format":"standard","meta":{"footnotes":""},"categories":[64],"tags":[],"class_list":["post-2673","post","type-post","status-publish","format-standard","has-post-thumbnail","hentry","category-premios"],"yoast_head":"<!-- This site is optimized with the Yoast SEO plugin v27.3 - https:\/\/yoast.com\/product\/yoast-seo-wordpress\/ -->\n<title>IV EDICI\u00d3N PREMIOS FUNDACI\u00d3N CAJA RURAL - Fundaci\u00f3n Caja Rural del Sur<\/title>\n<meta name=\"robots\" content=\"index, follow, max-snippet:-1, max-image-preview:large, max-video-preview:-1\" \/>\n<link rel=\"canonical\" href=\"https:\/\/fundacioncajaruraldelsur.com\/pt\/iv-edicion-premios-fundacion-caja-rural\/\" \/>\n<meta property=\"og:locale\" content=\"pt_PT\" \/>\n<meta property=\"og:type\" content=\"article\" \/>\n<meta property=\"og:title\" content=\"IV EDICI\u00d3N PREMIOS FUNDACI\u00d3N CAJA RURAL - Fundaci\u00f3n Caja Rural del Sur\" \/>\n<meta property=\"og:description\" content=\"El pasado 11 de diciembre se celebr\u00f3 la entrega de Premios de esta Fundaci\u00f3n en el Real C\u00edrculo de la Amistad de C\u00f3rdoba. Al acto acudieron tanto los premiados con [&hellip;]\" \/>\n<meta property=\"og:url\" content=\"https:\/\/fundacioncajaruraldelsur.com\/pt\/iv-edicion-premios-fundacion-caja-rural\/\" \/>\n<meta property=\"og:site_name\" content=\"Fundaci\u00f3n Caja Rural del Sur\" \/>\n<meta property=\"article:published_time\" content=\"2014-11-18T16:13:11+00:00\" \/>\n<meta property=\"article:modified_time\" content=\"2015-05-18T16:19:16+00:00\" \/>\n<meta property=\"og:image\" content=\"https:\/\/fundacioncajaruraldelsur.com\/wp-content\/uploads\/2014\/11\/D4.jpg\" \/>\n\t<meta property=\"og:image:width\" content=\"1392\" \/>\n\t<meta property=\"og:image:height\" content=\"928\" \/>\n\t<meta property=\"og:image:type\" content=\"image\/jpeg\" \/>\n<meta name=\"author\" content=\"Huelvaadmin\" \/>\n<meta name=\"twitter:card\" content=\"summary_large_image\" \/>\n<meta name=\"twitter:label1\" content=\"Written by\" \/>\n\t<meta name=\"twitter:data1\" content=\"Huelvaadmin\" \/>\n\t<meta name=\"twitter:label2\" content=\"Est. reading time\" \/>\n\t<meta name=\"twitter:data2\" content=\"1 minute\" \/>\n<script type=\"application\/ld+json\" class=\"yoast-schema-graph\">{\"@context\":\"https:\\\/\\\/schema.org\",\"@graph\":[{\"@type\":\"Article\",\"@id\":\"https:\\\/\\\/fundacioncajaruraldelsur.com\\\/iv-edicion-premios-fundacion-caja-rural\\\/#article\",\"isPartOf\":{\"@id\":\"https:\\\/\\\/fundacioncajaruraldelsur.com\\\/iv-edicion-premios-fundacion-caja-rural\\\/\"},\"author\":{\"name\":\"Huelvaadmin\",\"@id\":\"https:\\\/\\\/fundacioncajaruraldelsur.com\\\/#\\\/schema\\\/person\\\/3cc097351ab55f31ece09bae985e0dff\"},\"headline\":\"IV EDICI\u00d3N PREMIOS FUNDACI\u00d3N CAJA RURAL\",\"datePublished\":\"2014-11-18T16:13:11+00:00\",\"dateModified\":\"2015-05-18T16:19:16+00:00\",\"mainEntityOfPage\":{\"@id\":\"https:\\\/\\\/fundacioncajaruraldelsur.com\\\/iv-edicion-premios-fundacion-caja-rural\\\/\"},\"wordCount\":263,\"image\":{\"@id\":\"https:\\\/\\\/fundacioncajaruraldelsur.com\\\/iv-edicion-premios-fundacion-caja-rural\\\/#primaryimage\"},\"thumbnailUrl\":\"https:\\\/\\\/fundacioncajaruraldelsur.com\\\/wp-content\\\/uploads\\\/2014\\\/11\\\/D4.jpg\",\"articleSection\":[\"Premios\"],\"inLanguage\":\"pt-PT\"},{\"@type\":\"WebPage\",\"@id\":\"https:\\\/\\\/fundacioncajaruraldelsur.com\\\/iv-edicion-premios-fundacion-caja-rural\\\/\",\"url\":\"https:\\\/\\\/fundacioncajaruraldelsur.com\\\/iv-edicion-premios-fundacion-caja-rural\\\/\",\"name\":\"IV EDICI\u00d3N PREMIOS FUNDACI\u00d3N CAJA RURAL - Fundaci\u00f3n Caja Rural del Sur\",\"isPartOf\":{\"@id\":\"https:\\\/\\\/fundacioncajaruraldelsur.com\\\/#website\"},\"primaryImageOfPage\":{\"@id\":\"https:\\\/\\\/fundacioncajaruraldelsur.com\\\/iv-edicion-premios-fundacion-caja-rural\\\/#primaryimage\"},\"image\":{\"@id\":\"https:\\\/\\\/fundacioncajaruraldelsur.com\\\/iv-edicion-premios-fundacion-caja-rural\\\/#primaryimage\"},\"thumbnailUrl\":\"https:\\\/\\\/fundacioncajaruraldelsur.com\\\/wp-content\\\/uploads\\\/2014\\\/11\\\/D4.jpg\",\"datePublished\":\"2014-11-18T16:13:11+00:00\",\"dateModified\":\"2015-05-18T16:19:16+00:00\",\"author\":{\"@id\":\"https:\\\/\\\/fundacioncajaruraldelsur.com\\\/#\\\/schema\\\/person\\\/3cc097351ab55f31ece09bae985e0dff\"},\"breadcrumb\":{\"@id\":\"https:\\\/\\\/fundacioncajaruraldelsur.com\\\/iv-edicion-premios-fundacion-caja-rural\\\/#breadcrumb\"},\"inLanguage\":\"pt-PT\",\"potentialAction\":[{\"@type\":\"ReadAction\",\"target\":[\"https:\\\/\\\/fundacioncajaruraldelsur.com\\\/iv-edicion-premios-fundacion-caja-rural\\\/\"]}]},{\"@type\":\"ImageObject\",\"inLanguage\":\"pt-PT\",\"@id\":\"https:\\\/\\\/fundacioncajaruraldelsur.com\\\/iv-edicion-premios-fundacion-caja-rural\\\/#primaryimage\",\"url\":\"https:\\\/\\\/fundacioncajaruraldelsur.com\\\/wp-content\\\/uploads\\\/2014\\\/11\\\/D4.jpg\",\"contentUrl\":\"https:\\\/\\\/fundacioncajaruraldelsur.com\\\/wp-content\\\/uploads\\\/2014\\\/11\\\/D4.jpg\",\"width\":1392,\"height\":928},{\"@type\":\"BreadcrumbList\",\"@id\":\"https:\\\/\\\/fundacioncajaruraldelsur.com\\\/iv-edicion-premios-fundacion-caja-rural\\\/#breadcrumb\",\"itemListElement\":[{\"@type\":\"ListItem\",\"position\":1,\"name\":\"Portada\",\"item\":\"https:\\\/\\\/fundacioncajaruraldelsur.com\\\/\"},{\"@type\":\"ListItem\",\"position\":2,\"name\":\"IV EDICI\u00d3N PREMIOS FUNDACI\u00d3N CAJA RURAL\"}]},{\"@type\":\"WebSite\",\"@id\":\"https:\\\/\\\/fundacioncajaruraldelsur.com\\\/#website\",\"url\":\"https:\\\/\\\/fundacioncajaruraldelsur.com\\\/\",\"name\":\"Fundaci\u00f3n Caja Rural del Sur\",\"description\":\"\",\"potentialAction\":[{\"@type\":\"SearchAction\",\"target\":{\"@type\":\"EntryPoint\",\"urlTemplate\":\"https:\\\/\\\/fundacioncajaruraldelsur.com\\\/?s={search_term_string}\"},\"query-input\":{\"@type\":\"PropertyValueSpecification\",\"valueRequired\":true,\"valueName\":\"search_term_string\"}}],\"inLanguage\":\"pt-PT\"},{\"@type\":\"Person\",\"@id\":\"https:\\\/\\\/fundacioncajaruraldelsur.com\\\/#\\\/schema\\\/person\\\/3cc097351ab55f31ece09bae985e0dff\",\"name\":\"Huelvaadmin\",\"image\":{\"@type\":\"ImageObject\",\"inLanguage\":\"pt-PT\",\"@id\":\"https:\\\/\\\/secure.gravatar.com\\\/avatar\\\/844b95d9bb5bedef6ef3f07e4ac357114f2d6f55fe0799f36cbe3975aebd8bcc?s=96&d=blank&r=g\",\"url\":\"https:\\\/\\\/secure.gravatar.com\\\/avatar\\\/844b95d9bb5bedef6ef3f07e4ac357114f2d6f55fe0799f36cbe3975aebd8bcc?s=96&d=blank&r=g\",\"contentUrl\":\"https:\\\/\\\/secure.gravatar.com\\\/avatar\\\/844b95d9bb5bedef6ef3f07e4ac357114f2d6f55fe0799f36cbe3975aebd8bcc?s=96&d=blank&r=g\",\"caption\":\"Huelvaadmin\"}}]}<\/script>\n<!-- \/ Yoast SEO plugin. -->","yoast_head_json":{"title":"IV EDICI\u00d3N PREMIOS FUNDACI\u00d3N CAJA RURAL - Fundaci\u00f3n Caja Rural del Sur","robots":{"index":"index","follow":"follow","max-snippet":"max-snippet:-1","max-image-preview":"max-image-preview:large","max-video-preview":"max-video-preview:-1"},"canonical":"https:\/\/fundacioncajaruraldelsur.com\/pt\/iv-edicion-premios-fundacion-caja-rural\/","og_locale":"pt_PT","og_type":"article","og_title":"IV EDICI\u00d3N PREMIOS FUNDACI\u00d3N CAJA RURAL - Fundaci\u00f3n Caja Rural del Sur","og_description":"El pasado 11 de diciembre se celebr\u00f3 la entrega de Premios de esta Fundaci\u00f3n en el Real C\u00edrculo de la Amistad de C\u00f3rdoba. Al acto acudieron tanto los premiados con [&hellip;]","og_url":"https:\/\/fundacioncajaruraldelsur.com\/pt\/iv-edicion-premios-fundacion-caja-rural\/","og_site_name":"Fundaci\u00f3n Caja Rural del Sur","article_published_time":"2014-11-18T16:13:11+00:00","article_modified_time":"2015-05-18T16:19:16+00:00","og_image":[{"width":1392,"height":928,"url":"https:\/\/fundacioncajaruraldelsur.com\/wp-content\/uploads\/2014\/11\/D4.jpg","type":"image\/jpeg"}],"author":"Huelvaadmin","twitter_card":"summary_large_image","twitter_misc":{"Written by":"Huelvaadmin","Est. reading time":"1 minute"},"schema":{"@context":"https:\/\/schema.org","@graph":[{"@type":"Article","@id":"https:\/\/fundacioncajaruraldelsur.com\/iv-edicion-premios-fundacion-caja-rural\/#article","isPartOf":{"@id":"https:\/\/fundacioncajaruraldelsur.com\/iv-edicion-premios-fundacion-caja-rural\/"},"author":{"name":"Huelvaadmin","@id":"https:\/\/fundacioncajaruraldelsur.com\/#\/schema\/person\/3cc097351ab55f31ece09bae985e0dff"},"headline":"IV EDICI\u00d3N PREMIOS FUNDACI\u00d3N CAJA RURAL","datePublished":"2014-11-18T16:13:11+00:00","dateModified":"2015-05-18T16:19:16+00:00","mainEntityOfPage":{"@id":"https:\/\/fundacioncajaruraldelsur.com\/iv-edicion-premios-fundacion-caja-rural\/"},"wordCount":263,"image":{"@id":"https:\/\/fundacioncajaruraldelsur.com\/iv-edicion-premios-fundacion-caja-rural\/#primaryimage"},"thumbnailUrl":"https:\/\/fundacioncajaruraldelsur.com\/wp-content\/uploads\/2014\/11\/D4.jpg","articleSection":["Premios"],"inLanguage":"pt-PT"},{"@type":"WebPage","@id":"https:\/\/fundacioncajaruraldelsur.com\/iv-edicion-premios-fundacion-caja-rural\/","url":"https:\/\/fundacioncajaruraldelsur.com\/iv-edicion-premios-fundacion-caja-rural\/","name":"IV EDICI\u00d3N PREMIOS FUNDACI\u00d3N CAJA RURAL - Fundaci\u00f3n Caja Rural del Sur","isPartOf":{"@id":"https:\/\/fundacioncajaruraldelsur.com\/#website"},"primaryImageOfPage":{"@id":"https:\/\/fundacioncajaruraldelsur.com\/iv-edicion-premios-fundacion-caja-rural\/#primaryimage"},"image":{"@id":"https:\/\/fundacioncajaruraldelsur.com\/iv-edicion-premios-fundacion-caja-rural\/#primaryimage"},"thumbnailUrl":"https:\/\/fundacioncajaruraldelsur.com\/wp-content\/uploads\/2014\/11\/D4.jpg","datePublished":"2014-11-18T16:13:11+00:00","dateModified":"2015-05-18T16:19:16+00:00","author":{"@id":"https:\/\/fundacioncajaruraldelsur.com\/#\/schema\/person\/3cc097351ab55f31ece09bae985e0dff"},"breadcrumb":{"@id":"https:\/\/fundacioncajaruraldelsur.com\/iv-edicion-premios-fundacion-caja-rural\/#breadcrumb"},"inLanguage":"pt-PT","potentialAction":[{"@type":"ReadAction","target":["https:\/\/fundacioncajaruraldelsur.com\/iv-edicion-premios-fundacion-caja-rural\/"]}]},{"@type":"ImageObject","inLanguage":"pt-PT","@id":"https:\/\/fundacioncajaruraldelsur.com\/iv-edicion-premios-fundacion-caja-rural\/#primaryimage","url":"https:\/\/fundacioncajaruraldelsur.com\/wp-content\/uploads\/2014\/11\/D4.jpg","contentUrl":"https:\/\/fundacioncajaruraldelsur.com\/wp-content\/uploads\/2014\/11\/D4.jpg","width":1392,"height":928},{"@type":"BreadcrumbList","@id":"https:\/\/fundacioncajaruraldelsur.com\/iv-edicion-premios-fundacion-caja-rural\/#breadcrumb","itemListElement":[{"@type":"ListItem","position":1,"name":"Portada","item":"https:\/\/fundacioncajaruraldelsur.com\/"},{"@type":"ListItem","position":2,"name":"IV EDICI\u00d3N PREMIOS FUNDACI\u00d3N CAJA RURAL"}]},{"@type":"WebSite","@id":"https:\/\/fundacioncajaruraldelsur.com\/#website","url":"https:\/\/fundacioncajaruraldelsur.com\/","name":"Funda\u00e7\u00e3o Caja Rural del Sur","description":"","potentialAction":[{"@type":"SearchAction","target":{"@type":"EntryPoint","urlTemplate":"https:\/\/fundacioncajaruraldelsur.com\/?s={search_term_string}"},"query-input":{"@type":"PropertyValueSpecification","valueRequired":true,"valueName":"search_term_string"}}],"inLanguage":"pt-PT"},{"@type":"Person","@id":"https:\/\/fundacioncajaruraldelsur.com\/#\/schema\/person\/3cc097351ab55f31ece09bae985e0dff","name":"Huelvaadmin","image":{"@type":"ImageObject","inLanguage":"pt-PT","@id":"https:\/\/secure.gravatar.com\/avatar\/844b95d9bb5bedef6ef3f07e4ac357114f2d6f55fe0799f36cbe3975aebd8bcc?s=96&d=blank&r=g","url":"https:\/\/secure.gravatar.com\/avatar\/844b95d9bb5bedef6ef3f07e4ac357114f2d6f55fe0799f36cbe3975aebd8bcc?s=96&d=blank&r=g","contentUrl":"https:\/\/secure.gravatar.com\/avatar\/844b95d9bb5bedef6ef3f07e4ac357114f2d6f55fe0799f36cbe3975aebd8bcc?s=96&d=blank&r=g","caption":"Huelvaadmin"}}]}},"rttpg_featured_image_url":{"full":["https:\/\/fundacioncajaruraldelsur.com\/wp-content\/uploads\/2014\/11\/D4.jpg",1392,928,false],"landscape":["https:\/\/fundacioncajaruraldelsur.com\/wp-content\/uploads\/2014\/11\/D4.jpg",1392,928,false],"portraits":["https:\/\/fundacioncajaruraldelsur.com\/wp-content\/uploads\/2014\/11\/D4.jpg",1392,928,false],"thumbnail":["https:\/\/fundacioncajaruraldelsur.com\/wp-content\/uploads\/2014\/11\/D4-150x150.jpg",150,150,true],"medium":["https:\/\/fundacioncajaruraldelsur.com\/wp-content\/uploads\/2014\/11\/D4-300x200.jpg",300,200,true],"large":["https:\/\/fundacioncajaruraldelsur.com\/wp-content\/uploads\/2014\/11\/D4-1024x683.jpg",960,640,true],"1536x1536":["https:\/\/fundacioncajaruraldelsur.com\/wp-content\/uploads\/2014\/11\/D4.jpg",1392,928,false],"2048x2048":["https:\/\/fundacioncajaruraldelsur.com\/wp-content\/uploads\/2014\/11\/D4.jpg",1392,928,false],"trp-custom-language-flag":["https:\/\/fundacioncajaruraldelsur.com\/wp-content\/uploads\/2014\/11\/D4.jpg",18,12,false],"blog-thumbnail":["https:\/\/fundacioncajaruraldelsur.com\/wp-content\/uploads\/2014\/11\/D4-400x200.jpg",400,200,true]},"rttpg_author":{"display_name":"Huelvaadmin","author_link":"https:\/\/fundacioncajaruraldelsur.com\/pt\/author\/huelvaadmin\/"},"rttpg_comment":0,"rttpg_category":"<a href=\"https:\/\/fundacioncajaruraldelsur.com\/pt\/category\/premios\/\" rel=\"category tag\">Premios<\/a>","rttpg_excerpt":"El pasado 11 de diciembre se celebr\u00f3 la entrega de Premios de esta Fundaci\u00f3n en el Real C\u00edrculo de la Amistad de C\u00f3rdoba. Al acto acudieron tanto los premiados con [&hellip;]","_links":{"self":[{"href":"https:\/\/fundacioncajaruraldelsur.com\/pt\/wp-json\/wp\/v2\/posts\/2673","targetHints":{"allow":["GET"]}}],"collection":[{"href":"https:\/\/fundacioncajaruraldelsur.com\/pt\/wp-json\/wp\/v2\/posts"}],"about":[{"href":"https:\/\/fundacioncajaruraldelsur.com\/pt\/wp-json\/wp\/v2\/types\/post"}],"author":[{"embeddable":true,"href":"https:\/\/fundacioncajaruraldelsur.com\/pt\/wp-json\/wp\/v2\/users\/4"}],"replies":[{"embeddable":true,"href":"https:\/\/fundacioncajaruraldelsur.com\/pt\/wp-json\/wp\/v2\/comments?post=2673"}],"version-history":[{"count":5,"href":"https:\/\/fundacioncajaruraldelsur.com\/pt\/wp-json\/wp\/v2\/posts\/2673\/revisions"}],"predecessor-version":[{"id":2683,"href":"https:\/\/fundacioncajaruraldelsur.com\/pt\/wp-json\/wp\/v2\/posts\/2673\/revisions\/2683"}],"wp:featuredmedia":[{"embeddable":true,"href":"https:\/\/fundacioncajaruraldelsur.com\/pt\/wp-json\/wp\/v2\/media\/2675"}],"wp:attachment":[{"href":"https:\/\/fundacioncajaruraldelsur.com\/pt\/wp-json\/wp\/v2\/media?parent=2673"}],"wp:term":[{"taxonomy":"category","embeddable":true,"href":"https:\/\/fundacioncajaruraldelsur.com\/pt\/wp-json\/wp\/v2\/categories?post=2673"},{"taxonomy":"post_tag","embeddable":true,"href":"https:\/\/fundacioncajaruraldelsur.com\/pt\/wp-json\/wp\/v2\/tags?post=2673"}],"curies":[{"name":"wp","href":"https:\/\/api.w.org\/{rel}","templated":true}]}}