{"id":2648,"date":"2014-11-14T11:40:15","date_gmt":"2014-11-14T11:40:15","guid":{"rendered":"\/?p=2648"},"modified":"2015-05-18T11:42:13","modified_gmt":"2015-05-18T11:42:13","slug":"jornadas-formativas-feria-del-olivar-de-luque","status":"publish","type":"post","link":"https:\/\/fundacioncajaruraldelsur.com\/pt\/jornadas-formativas-feria-del-olivar-de-luque\/","title":{"rendered":"JORNADAS FORMATIVAS \u2013 FERIA DEL OLIVAR DE LUQUE"},"content":{"rendered":"<p>La Fundaci\u00f3n Caja Rural colabor\u00f3 con la Feria del Olivar de Luque 2014, que tuvo lugar los d\u00edas 14, 15 y 16 de noviembre, y tambi\u00e9n con las actividades que se realizan en torno a ella, entre las que se incluyen unas jornadas formativas que se distribuyeron a lo largo de tres jornadas.<\/p>\n<p>Las fechas de celebraci\u00f3n fueron el 17 de octubre en el Teatro Municipal Cine Carrera, el 7 de noviembre en la Casa de la Cultura y 13 de noviembre en el Teatro Municipal Cine Carrera y algunos de los temas tratados fueron las variedades de olivo y la conservaci\u00f3n del suelo en el olivar.<\/p>\n<p><img loading=\"lazy\" decoding=\"async\" class=\"alignnone size-full wp-image-2645\" src=\"\/wp-content\/uploads\/2015\/05\/A2-Cartel-jornadas-olivar-LUQUE.jpg\" alt=\"A2 Cartel jornadas olivar LUQUE\" width=\"1713\" height=\"2481\" srcset=\"https:\/\/fundacioncajaruraldelsur.com\/wp-content\/uploads\/2015\/05\/A2-Cartel-jornadas-olivar-LUQUE.jpg 1713w, https:\/\/fundacioncajaruraldelsur.com\/wp-content\/uploads\/2015\/05\/A2-Cartel-jornadas-olivar-LUQUE-207x300.jpg 207w, https:\/\/fundacioncajaruraldelsur.com\/wp-content\/uploads\/2015\/05\/A2-Cartel-jornadas-olivar-LUQUE-707x1024.jpg 707w\" sizes=\"auto, (max-width: 1713px) 100vw, 1713px\" \/><\/p>","protected":false},"excerpt":{"rendered":"<p>La Fundaci\u00f3n Caja Rural colabor\u00f3 con la Feria del Olivar de Luque 2014, que tuvo lugar los d\u00edas 14, 15 y 16 de noviembre, y tambi\u00e9n con las actividades que [&hellip;]<\/p>\n","protected":false},"author":4,"featured_media":2644,"comment_status":"closed","ping_status":"open","sticky":false,"template":"","format":"standard","meta":{"footnotes":""},"categories":[79,73],"tags":[],"class_list":["post-2648","post","type-post","status-publish","format-standard","has-post-thumbnail","hentry","category-ferias","category-jornadas"],"yoast_head":"<!-- This site is optimized with the Yoast SEO plugin v27.3 - https:\/\/yoast.com\/product\/yoast-seo-wordpress\/ -->\n<title>JORNADAS FORMATIVAS \u2013 FERIA DEL OLIVAR DE LUQUE - Fundaci\u00f3n Caja Rural del Sur<\/title>\n<meta name=\"robots\" content=\"index, follow, max-snippet:-1, max-image-preview:large, max-video-preview:-1\" \/>\n<link rel=\"canonical\" href=\"https:\/\/fundacioncajaruraldelsur.com\/pt\/jornadas-formativas-feria-del-olivar-de-luque\/\" \/>\n<meta property=\"og:locale\" content=\"pt_PT\" \/>\n<meta property=\"og:type\" content=\"article\" \/>\n<meta property=\"og:title\" content=\"JORNADAS FORMATIVAS \u2013 FERIA DEL OLIVAR DE LUQUE - Fundaci\u00f3n Caja Rural del Sur\" \/>\n<meta property=\"og:description\" content=\"La Fundaci\u00f3n Caja Rural colabor\u00f3 con la Feria del Olivar de Luque 2014, que tuvo lugar los d\u00edas 14, 15 y 16 de noviembre, y tambi\u00e9n con las actividades que [&hellip;]\" \/>\n<meta property=\"og:url\" content=\"https:\/\/fundacioncajaruraldelsur.com\/pt\/jornadas-formativas-feria-del-olivar-de-luque\/\" \/>\n<meta property=\"og:site_name\" content=\"Fundaci\u00f3n Caja Rural del Sur\" \/>\n<meta property=\"article:published_time\" content=\"2014-11-14T11:40:15+00:00\" \/>\n<meta property=\"article:modified_time\" content=\"2015-05-18T11:42:13+00:00\" \/>\n<meta property=\"og:image\" content=\"https:\/\/fundacioncajaruraldelsur.com\/wp-content\/uploads\/2015\/05\/A1-Cartel-Programacion-Feria-Olivar-2014-LUQUE.jpg\" \/>\n\t<meta property=\"og:image:width\" content=\"1722\" \/>\n\t<meta property=\"og:image:height\" content=\"2431\" \/>\n\t<meta property=\"og:image:type\" content=\"image\/jpeg\" \/>\n<meta name=\"author\" content=\"Huelvaadmin\" \/>\n<meta name=\"twitter:card\" content=\"summary_large_image\" \/>\n<meta name=\"twitter:label1\" content=\"Written by\" \/>\n\t<meta name=\"twitter:data1\" content=\"Huelvaadmin\" \/>\n\t<meta name=\"twitter:label2\" content=\"Est. reading time\" \/>\n\t<meta name=\"twitter:data2\" content=\"1 minute\" \/>\n<script type=\"application\/ld+json\" class=\"yoast-schema-graph\">{\"@context\":\"https:\\\/\\\/schema.org\",\"@graph\":[{\"@type\":\"Article\",\"@id\":\"https:\\\/\\\/fundacioncajaruraldelsur.com\\\/jornadas-formativas-feria-del-olivar-de-luque\\\/#article\",\"isPartOf\":{\"@id\":\"https:\\\/\\\/fundacioncajaruraldelsur.com\\\/jornadas-formativas-feria-del-olivar-de-luque\\\/\"},\"author\":{\"name\":\"Huelvaadmin\",\"@id\":\"https:\\\/\\\/fundacioncajaruraldelsur.com\\\/#\\\/schema\\\/person\\\/3cc097351ab55f31ece09bae985e0dff\"},\"headline\":\"JORNADAS FORMATIVAS \u2013 FERIA DEL OLIVAR DE LUQUE\",\"datePublished\":\"2014-11-14T11:40:15+00:00\",\"dateModified\":\"2015-05-18T11:42:13+00:00\",\"mainEntityOfPage\":{\"@id\":\"https:\\\/\\\/fundacioncajaruraldelsur.com\\\/jornadas-formativas-feria-del-olivar-de-luque\\\/\"},\"wordCount\":112,\"image\":{\"@id\":\"https:\\\/\\\/fundacioncajaruraldelsur.com\\\/jornadas-formativas-feria-del-olivar-de-luque\\\/#primaryimage\"},\"thumbnailUrl\":\"https:\\\/\\\/fundacioncajaruraldelsur.com\\\/wp-content\\\/uploads\\\/2015\\\/05\\\/A1-Cartel-Programacion-Feria-Olivar-2014-LUQUE.jpg\",\"articleSection\":[\"Ferias\",\"Jornadas\"],\"inLanguage\":\"pt-PT\"},{\"@type\":\"WebPage\",\"@id\":\"https:\\\/\\\/fundacioncajaruraldelsur.com\\\/jornadas-formativas-feria-del-olivar-de-luque\\\/\",\"url\":\"https:\\\/\\\/fundacioncajaruraldelsur.com\\\/jornadas-formativas-feria-del-olivar-de-luque\\\/\",\"name\":\"JORNADAS FORMATIVAS \u2013 FERIA DEL OLIVAR DE LUQUE - Fundaci\u00f3n Caja Rural del Sur\",\"isPartOf\":{\"@id\":\"https:\\\/\\\/fundacioncajaruraldelsur.com\\\/#website\"},\"primaryImageOfPage\":{\"@id\":\"https:\\\/\\\/fundacioncajaruraldelsur.com\\\/jornadas-formativas-feria-del-olivar-de-luque\\\/#primaryimage\"},\"image\":{\"@id\":\"https:\\\/\\\/fundacioncajaruraldelsur.com\\\/jornadas-formativas-feria-del-olivar-de-luque\\\/#primaryimage\"},\"thumbnailUrl\":\"https:\\\/\\\/fundacioncajaruraldelsur.com\\\/wp-content\\\/uploads\\\/2015\\\/05\\\/A1-Cartel-Programacion-Feria-Olivar-2014-LUQUE.jpg\",\"datePublished\":\"2014-11-14T11:40:15+00:00\",\"dateModified\":\"2015-05-18T11:42:13+00:00\",\"author\":{\"@id\":\"https:\\\/\\\/fundacioncajaruraldelsur.com\\\/#\\\/schema\\\/person\\\/3cc097351ab55f31ece09bae985e0dff\"},\"breadcrumb\":{\"@id\":\"https:\\\/\\\/fundacioncajaruraldelsur.com\\\/jornadas-formativas-feria-del-olivar-de-luque\\\/#breadcrumb\"},\"inLanguage\":\"pt-PT\",\"potentialAction\":[{\"@type\":\"ReadAction\",\"target\":[\"https:\\\/\\\/fundacioncajaruraldelsur.com\\\/jornadas-formativas-feria-del-olivar-de-luque\\\/\"]}]},{\"@type\":\"ImageObject\",\"inLanguage\":\"pt-PT\",\"@id\":\"https:\\\/\\\/fundacioncajaruraldelsur.com\\\/jornadas-formativas-feria-del-olivar-de-luque\\\/#primaryimage\",\"url\":\"https:\\\/\\\/fundacioncajaruraldelsur.com\\\/wp-content\\\/uploads\\\/2015\\\/05\\\/A1-Cartel-Programacion-Feria-Olivar-2014-LUQUE.jpg\",\"contentUrl\":\"https:\\\/\\\/fundacioncajaruraldelsur.com\\\/wp-content\\\/uploads\\\/2015\\\/05\\\/A1-Cartel-Programacion-Feria-Olivar-2014-LUQUE.jpg\",\"width\":1722,\"height\":2431},{\"@type\":\"BreadcrumbList\",\"@id\":\"https:\\\/\\\/fundacioncajaruraldelsur.com\\\/jornadas-formativas-feria-del-olivar-de-luque\\\/#breadcrumb\",\"itemListElement\":[{\"@type\":\"ListItem\",\"position\":1,\"name\":\"Portada\",\"item\":\"https:\\\/\\\/fundacioncajaruraldelsur.com\\\/\"},{\"@type\":\"ListItem\",\"position\":2,\"name\":\"JORNADAS FORMATIVAS \u2013 FERIA DEL OLIVAR DE LUQUE\"}]},{\"@type\":\"WebSite\",\"@id\":\"https:\\\/\\\/fundacioncajaruraldelsur.com\\\/#website\",\"url\":\"https:\\\/\\\/fundacioncajaruraldelsur.com\\\/\",\"name\":\"Fundaci\u00f3n Caja Rural del Sur\",\"description\":\"\",\"potentialAction\":[{\"@type\":\"SearchAction\",\"target\":{\"@type\":\"EntryPoint\",\"urlTemplate\":\"https:\\\/\\\/fundacioncajaruraldelsur.com\\\/?s={search_term_string}\"},\"query-input\":{\"@type\":\"PropertyValueSpecification\",\"valueRequired\":true,\"valueName\":\"search_term_string\"}}],\"inLanguage\":\"pt-PT\"},{\"@type\":\"Person\",\"@id\":\"https:\\\/\\\/fundacioncajaruraldelsur.com\\\/#\\\/schema\\\/person\\\/3cc097351ab55f31ece09bae985e0dff\",\"name\":\"Huelvaadmin\",\"image\":{\"@type\":\"ImageObject\",\"inLanguage\":\"pt-PT\",\"@id\":\"https:\\\/\\\/secure.gravatar.com\\\/avatar\\\/844b95d9bb5bedef6ef3f07e4ac357114f2d6f55fe0799f36cbe3975aebd8bcc?s=96&d=blank&r=g\",\"url\":\"https:\\\/\\\/secure.gravatar.com\\\/avatar\\\/844b95d9bb5bedef6ef3f07e4ac357114f2d6f55fe0799f36cbe3975aebd8bcc?s=96&d=blank&r=g\",\"contentUrl\":\"https:\\\/\\\/secure.gravatar.com\\\/avatar\\\/844b95d9bb5bedef6ef3f07e4ac357114f2d6f55fe0799f36cbe3975aebd8bcc?s=96&d=blank&r=g\",\"caption\":\"Huelvaadmin\"}}]}<\/script>\n<!-- \/ Yoast SEO plugin. -->","yoast_head_json":{"title":"JORNADAS FORMATIVAS \u2013 FERIA DEL OLIVAR DE LUQUE - Fundaci\u00f3n Caja Rural del Sur","robots":{"index":"index","follow":"follow","max-snippet":"max-snippet:-1","max-image-preview":"max-image-preview:large","max-video-preview":"max-video-preview:-1"},"canonical":"https:\/\/fundacioncajaruraldelsur.com\/pt\/jornadas-formativas-feria-del-olivar-de-luque\/","og_locale":"pt_PT","og_type":"article","og_title":"JORNADAS FORMATIVAS \u2013 FERIA DEL OLIVAR DE LUQUE - Fundaci\u00f3n Caja Rural del Sur","og_description":"La Fundaci\u00f3n Caja Rural colabor\u00f3 con la Feria del Olivar de Luque 2014, que tuvo lugar los d\u00edas 14, 15 y 16 de noviembre, y tambi\u00e9n con las actividades que [&hellip;]","og_url":"https:\/\/fundacioncajaruraldelsur.com\/pt\/jornadas-formativas-feria-del-olivar-de-luque\/","og_site_name":"Fundaci\u00f3n Caja Rural del Sur","article_published_time":"2014-11-14T11:40:15+00:00","article_modified_time":"2015-05-18T11:42:13+00:00","og_image":[{"width":1722,"height":2431,"url":"https:\/\/fundacioncajaruraldelsur.com\/wp-content\/uploads\/2015\/05\/A1-Cartel-Programacion-Feria-Olivar-2014-LUQUE.jpg","type":"image\/jpeg"}],"author":"Huelvaadmin","twitter_card":"summary_large_image","twitter_misc":{"Written by":"Huelvaadmin","Est. reading time":"1 minute"},"schema":{"@context":"https:\/\/schema.org","@graph":[{"@type":"Article","@id":"https:\/\/fundacioncajaruraldelsur.com\/jornadas-formativas-feria-del-olivar-de-luque\/#article","isPartOf":{"@id":"https:\/\/fundacioncajaruraldelsur.com\/jornadas-formativas-feria-del-olivar-de-luque\/"},"author":{"name":"Huelvaadmin","@id":"https:\/\/fundacioncajaruraldelsur.com\/#\/schema\/person\/3cc097351ab55f31ece09bae985e0dff"},"headline":"JORNADAS FORMATIVAS \u2013 FERIA DEL OLIVAR DE LUQUE","datePublished":"2014-11-14T11:40:15+00:00","dateModified":"2015-05-18T11:42:13+00:00","mainEntityOfPage":{"@id":"https:\/\/fundacioncajaruraldelsur.com\/jornadas-formativas-feria-del-olivar-de-luque\/"},"wordCount":112,"image":{"@id":"https:\/\/fundacioncajaruraldelsur.com\/jornadas-formativas-feria-del-olivar-de-luque\/#primaryimage"},"thumbnailUrl":"https:\/\/fundacioncajaruraldelsur.com\/wp-content\/uploads\/2015\/05\/A1-Cartel-Programacion-Feria-Olivar-2014-LUQUE.jpg","articleSection":["Ferias","Jornadas"],"inLanguage":"pt-PT"},{"@type":"WebPage","@id":"https:\/\/fundacioncajaruraldelsur.com\/jornadas-formativas-feria-del-olivar-de-luque\/","url":"https:\/\/fundacioncajaruraldelsur.com\/jornadas-formativas-feria-del-olivar-de-luque\/","name":"JORNADAS FORMATIVAS \u2013 FERIA DEL OLIVAR DE LUQUE - Fundaci\u00f3n Caja Rural del Sur","isPartOf":{"@id":"https:\/\/fundacioncajaruraldelsur.com\/#website"},"primaryImageOfPage":{"@id":"https:\/\/fundacioncajaruraldelsur.com\/jornadas-formativas-feria-del-olivar-de-luque\/#primaryimage"},"image":{"@id":"https:\/\/fundacioncajaruraldelsur.com\/jornadas-formativas-feria-del-olivar-de-luque\/#primaryimage"},"thumbnailUrl":"https:\/\/fundacioncajaruraldelsur.com\/wp-content\/uploads\/2015\/05\/A1-Cartel-Programacion-Feria-Olivar-2014-LUQUE.jpg","datePublished":"2014-11-14T11:40:15+00:00","dateModified":"2015-05-18T11:42:13+00:00","author":{"@id":"https:\/\/fundacioncajaruraldelsur.com\/#\/schema\/person\/3cc097351ab55f31ece09bae985e0dff"},"breadcrumb":{"@id":"https:\/\/fundacioncajaruraldelsur.com\/jornadas-formativas-feria-del-olivar-de-luque\/#breadcrumb"},"inLanguage":"pt-PT","potentialAction":[{"@type":"ReadAction","target":["https:\/\/fundacioncajaruraldelsur.com\/jornadas-formativas-feria-del-olivar-de-luque\/"]}]},{"@type":"ImageObject","inLanguage":"pt-PT","@id":"https:\/\/fundacioncajaruraldelsur.com\/jornadas-formativas-feria-del-olivar-de-luque\/#primaryimage","url":"https:\/\/fundacioncajaruraldelsur.com\/wp-content\/uploads\/2015\/05\/A1-Cartel-Programacion-Feria-Olivar-2014-LUQUE.jpg","contentUrl":"https:\/\/fundacioncajaruraldelsur.com\/wp-content\/uploads\/2015\/05\/A1-Cartel-Programacion-Feria-Olivar-2014-LUQUE.jpg","width":1722,"height":2431},{"@type":"BreadcrumbList","@id":"https:\/\/fundacioncajaruraldelsur.com\/jornadas-formativas-feria-del-olivar-de-luque\/#breadcrumb","itemListElement":[{"@type":"ListItem","position":1,"name":"Portada","item":"https:\/\/fundacioncajaruraldelsur.com\/"},{"@type":"ListItem","position":2,"name":"JORNADAS FORMATIVAS \u2013 FERIA DEL OLIVAR DE LUQUE"}]},{"@type":"WebSite","@id":"https:\/\/fundacioncajaruraldelsur.com\/#website","url":"https:\/\/fundacioncajaruraldelsur.com\/","name":"Funda\u00e7\u00e3o Caja Rural del Sur","description":"","potentialAction":[{"@type":"SearchAction","target":{"@type":"EntryPoint","urlTemplate":"https:\/\/fundacioncajaruraldelsur.com\/?s={search_term_string}"},"query-input":{"@type":"PropertyValueSpecification","valueRequired":true,"valueName":"search_term_string"}}],"inLanguage":"pt-PT"},{"@type":"Person","@id":"https:\/\/fundacioncajaruraldelsur.com\/#\/schema\/person\/3cc097351ab55f31ece09bae985e0dff","name":"Huelvaadmin","image":{"@type":"ImageObject","inLanguage":"pt-PT","@id":"https:\/\/secure.gravatar.com\/avatar\/844b95d9bb5bedef6ef3f07e4ac357114f2d6f55fe0799f36cbe3975aebd8bcc?s=96&d=blank&r=g","url":"https:\/\/secure.gravatar.com\/avatar\/844b95d9bb5bedef6ef3f07e4ac357114f2d6f55fe0799f36cbe3975aebd8bcc?s=96&d=blank&r=g","contentUrl":"https:\/\/secure.gravatar.com\/avatar\/844b95d9bb5bedef6ef3f07e4ac357114f2d6f55fe0799f36cbe3975aebd8bcc?s=96&d=blank&r=g","caption":"Huelvaadmin"}}]}},"rttpg_featured_image_url":{"full":["https:\/\/fundacioncajaruraldelsur.com\/wp-content\/uploads\/2015\/05\/A1-Cartel-Programacion-Feria-Olivar-2014-LUQUE.jpg",1722,2431,false],"landscape":["https:\/\/fundacioncajaruraldelsur.com\/wp-content\/uploads\/2015\/05\/A1-Cartel-Programacion-Feria-Olivar-2014-LUQUE.jpg",1722,2431,false],"portraits":["https:\/\/fundacioncajaruraldelsur.com\/wp-content\/uploads\/2015\/05\/A1-Cartel-Programacion-Feria-Olivar-2014-LUQUE.jpg",1722,2431,false],"thumbnail":["https:\/\/fundacioncajaruraldelsur.com\/wp-content\/uploads\/2015\/05\/A1-Cartel-Programacion-Feria-Olivar-2014-LUQUE-150x150.jpg",150,150,true],"medium":["https:\/\/fundacioncajaruraldelsur.com\/wp-content\/uploads\/2015\/05\/A1-Cartel-Programacion-Feria-Olivar-2014-LUQUE-213x300.jpg",213,300,true],"large":["https:\/\/fundacioncajaruraldelsur.com\/wp-content\/uploads\/2015\/05\/A1-Cartel-Programacion-Feria-Olivar-2014-LUQUE-725x1024.jpg",725,1024,true],"1536x1536":["https:\/\/fundacioncajaruraldelsur.com\/wp-content\/uploads\/2015\/05\/A1-Cartel-Programacion-Feria-Olivar-2014-LUQUE.jpg",1088,1536,false],"2048x2048":["https:\/\/fundacioncajaruraldelsur.com\/wp-content\/uploads\/2015\/05\/A1-Cartel-Programacion-Feria-Olivar-2014-LUQUE.jpg",1451,2048,false],"trp-custom-language-flag":["https:\/\/fundacioncajaruraldelsur.com\/wp-content\/uploads\/2015\/05\/A1-Cartel-Programacion-Feria-Olivar-2014-LUQUE.jpg",9,12,false],"blog-thumbnail":["https:\/\/fundacioncajaruraldelsur.com\/wp-content\/uploads\/2015\/05\/A1-Cartel-Programacion-Feria-Olivar-2014-LUQUE-400x200.jpg",400,200,true]},"rttpg_author":{"display_name":"Huelvaadmin","author_link":"https:\/\/fundacioncajaruraldelsur.com\/pt\/author\/huelvaadmin\/"},"rttpg_comment":0,"rttpg_category":"<a href=\"https:\/\/fundacioncajaruraldelsur.com\/pt\/category\/ferias\/\" rel=\"category tag\">Ferias<\/a> <a href=\"https:\/\/fundacioncajaruraldelsur.com\/pt\/category\/jornadas\/\" rel=\"category tag\">Jornadas<\/a>","rttpg_excerpt":"La Fundaci\u00f3n Caja Rural colabor\u00f3 con la Feria del Olivar de Luque 2014, que tuvo lugar los d\u00edas 14, 15 y 16 de noviembre, y tambi\u00e9n con las actividades que [&hellip;]","_links":{"self":[{"href":"https:\/\/fundacioncajaruraldelsur.com\/pt\/wp-json\/wp\/v2\/posts\/2648","targetHints":{"allow":["GET"]}}],"collection":[{"href":"https:\/\/fundacioncajaruraldelsur.com\/pt\/wp-json\/wp\/v2\/posts"}],"about":[{"href":"https:\/\/fundacioncajaruraldelsur.com\/pt\/wp-json\/wp\/v2\/types\/post"}],"author":[{"embeddable":true,"href":"https:\/\/fundacioncajaruraldelsur.com\/pt\/wp-json\/wp\/v2\/users\/4"}],"replies":[{"embeddable":true,"href":"https:\/\/fundacioncajaruraldelsur.com\/pt\/wp-json\/wp\/v2\/comments?post=2648"}],"version-history":[{"count":2,"href":"https:\/\/fundacioncajaruraldelsur.com\/pt\/wp-json\/wp\/v2\/posts\/2648\/revisions"}],"predecessor-version":[{"id":2650,"href":"https:\/\/fundacioncajaruraldelsur.com\/pt\/wp-json\/wp\/v2\/posts\/2648\/revisions\/2650"}],"wp:featuredmedia":[{"embeddable":true,"href":"https:\/\/fundacioncajaruraldelsur.com\/pt\/wp-json\/wp\/v2\/media\/2644"}],"wp:attachment":[{"href":"https:\/\/fundacioncajaruraldelsur.com\/pt\/wp-json\/wp\/v2\/media?parent=2648"}],"wp:term":[{"taxonomy":"category","embeddable":true,"href":"https:\/\/fundacioncajaruraldelsur.com\/pt\/wp-json\/wp\/v2\/categories?post=2648"},{"taxonomy":"post_tag","embeddable":true,"href":"https:\/\/fundacioncajaruraldelsur.com\/pt\/wp-json\/wp\/v2\/tags?post=2648"}],"curies":[{"name":"wp","href":"https:\/\/api.w.org\/{rel}","templated":true}]}}