{"id":2624,"date":"2015-05-14T10:04:28","date_gmt":"2015-05-14T10:04:28","guid":{"rendered":"\/?p=2624"},"modified":"2015-05-14T10:04:28","modified_gmt":"2015-05-14T10:04:28","slug":"la-camerata-vocal-concertante-ofrece-sus-melodias-eternas-en-huelva","status":"publish","type":"post","link":"https:\/\/fundacioncajaruraldelsur.com\/pt\/la-camerata-vocal-concertante-ofrece-sus-melodias-eternas-en-huelva\/","title":{"rendered":"La Camerata Vocal Concertante ofrece sus Melod\u00edas eternas en Huelva"},"content":{"rendered":"<p>A\u00a0<strong>Camerata Vocal Concertante<\/strong> ofreci\u00f3 un concierto singular, denominado <strong>\u2018Melod\u00edas eternas. Un viaje por el siglo XX\u2019<\/strong>, el pr\u00f3ximo<strong> s\u00e1bado d\u00eda 9 de mayo<\/strong>, en el sal\u00f3n de actos del Centro Cultural Caja Rural del Sur, sito en la <strong>calle Mora Claros 4-6<\/strong> (antigua calle Botica), a las <strong>20.30 horas<\/strong>.<\/p>\n<p>Con la colaboraci\u00f3n de Fundaci\u00f3n Caja Rural del Sur y el patrocinio del<strong>Consorcio Universitario Centro Asociado UNED de Huelva<\/strong>, la Camerata present\u00f3 en Huelva este concierto con el prop\u00f3sito de que sea del agrado del p\u00fablico y para difundir la m\u00fasica polif\u00f3nica coral. En esta ocasi\u00f3n, la Camerata se saldr\u00e1 de su habitual l\u00ednea cl\u00e1sica para deleitarnos con piezas tales como <strong>\u2018El D\u00eda que me quieras\u2019 de Carlos Gardel\/A. Lepera<\/strong>;<strong>\u2018When I\u00b4m Sixty Four\u2019, de The Beatles; \u2018Duerme Negrito\u2019 de Atahualpa Yupanqui<\/strong>; <strong>\u2018Te quiero\u2019 de M. Benedetti; \u2018Hallelujah\u2019, de Leonar Chohen; \u2018Mamma M\u00eda\u2019 de Abba; e incluso piezas tan populares como \u2018Arroz con leche\u2019<\/strong>.<\/p>\n<p>Con casi 20 a\u00f1os de singladura musical a sus espaldas y habiendo participado en un gran n\u00famero de eventos y numerosas a<strong>ctuaciones de \u00edndole cofrade, religioso o universitario<\/strong>, la Camerata Vocal Concertante se siente con la motivaci\u00f3n y los avales suficientes para ofrecer un recital \u201cdistinto\u201d a su habitual<strong> l\u00ednea polif\u00f3nica cl\u00e1sica<\/strong>.<\/p>\n<p>En el \u00a0concierto, que se enmarcaba dentro de los<strong> actos culturales de extensi\u00f3n universitaria de la UNED<\/strong>, se hace un recorrido por canciones y temas contempor\u00e1neos que ya se han convertido en <strong>\u2018Cl\u00e1sicos Modernos\u2019<\/strong>, evocando <strong>melod\u00edas de \u00e9pocas recientes<\/strong> y que, por su popularidad, est\u00e1n presente en la memoria de las generaciones actuales.<\/p>\n<p>Dada la tem\u00e1tica del concierto, sus <strong>melod\u00edas pegadizas o sus ritmos<\/strong>, la Camerata ha considerado oportuno incluir, en algunos temas, acompa\u00f1amiento instrumental a las voces, enfatizando, de esta manera, el sentimiento y el mensaje de las canciones. Los arreglos instrumentales de este concierto, as\u00ed como el <strong>acompa\u00f1amiento al piano\/\u00f3rgano<\/strong>, son<strong>responsabilidad del organista y compositor Juan Gonz\u00e1lez Batanero<\/strong>, profesor en el Conservatorio de M\u00fasica de Huelva y un joven activo musical onubense avalado por su formaci\u00f3n en Salzburgo y, a la saz\u00f3n, miembro tambi\u00e9n de este grupo musical.<\/p>\n<p>La Camerata Vocal Concertante, en el programa de presentaci\u00f3n de esta actuaci\u00f3n musical concierto, se \u201ccongratula de presentar en Huelva el concierto<strong> \u2018Melod\u00edas Eternas: Un Viaje por el Siglo XX\u2019<\/strong>, con el prop\u00f3sito de que sea del agrado del p\u00fablico y de que, c\u00f3mo no, abandere una de sus m\u00e1ximas fundamentales: la difusi\u00f3n de la m\u00fasica polif\u00f3nica coral\u201d.<\/p>","protected":false},"excerpt":{"rendered":"<p>La\u00a0Camerata Vocal Concertante ofreci\u00f3 un concierto singular, denominado \u2018Melod\u00edas eternas. Un viaje por el siglo XX\u2019, el pr\u00f3ximo s\u00e1bado d\u00eda 9 de mayo, en el sal\u00f3n de actos del Centro [&hellip;]<\/p>\n","protected":false},"author":4,"featured_media":2625,"comment_status":"closed","ping_status":"open","sticky":false,"template":"","format":"standard","meta":{"footnotes":""},"categories":[66,69,75],"tags":[],"class_list":["post-2624","post","type-post","status-publish","format-standard","has-post-thumbnail","hentry","category-actos","category-colaboracion","category-concierto"],"yoast_head":"<!-- This site is optimized with the Yoast SEO plugin v27.3 - https:\/\/yoast.com\/product\/yoast-seo-wordpress\/ -->\n<title>La Camerata Vocal Concertante ofrece sus Melod\u00edas eternas en Huelva - Fundaci\u00f3n Caja Rural del Sur<\/title>\n<meta name=\"robots\" content=\"index, follow, max-snippet:-1, max-image-preview:large, max-video-preview:-1\" \/>\n<link rel=\"canonical\" href=\"https:\/\/fundacioncajaruraldelsur.com\/pt\/la-camerata-vocal-concertante-ofrece-sus-melodias-eternas-en-huelva\/\" \/>\n<meta property=\"og:locale\" content=\"pt_PT\" \/>\n<meta property=\"og:type\" content=\"article\" \/>\n<meta property=\"og:title\" content=\"La Camerata Vocal Concertante ofrece sus Melod\u00edas eternas en Huelva - Fundaci\u00f3n Caja Rural del Sur\" \/>\n<meta property=\"og:description\" content=\"La\u00a0Camerata Vocal Concertante ofreci\u00f3 un concierto singular, denominado \u2018Melod\u00edas eternas. Un viaje por el siglo XX\u2019, el pr\u00f3ximo s\u00e1bado d\u00eda 9 de mayo, en el sal\u00f3n de actos del Centro [&hellip;]\" \/>\n<meta property=\"og:url\" content=\"https:\/\/fundacioncajaruraldelsur.com\/pt\/la-camerata-vocal-concertante-ofrece-sus-melodias-eternas-en-huelva\/\" \/>\n<meta property=\"og:site_name\" content=\"Fundaci\u00f3n Caja Rural del Sur\" \/>\n<meta property=\"article:published_time\" content=\"2015-05-14T10:04:28+00:00\" \/>\n<meta property=\"og:image\" content=\"https:\/\/fundacioncajaruraldelsur.com\/wp-content\/uploads\/2015\/05\/camerata_huelva.jpg\" \/>\n\t<meta property=\"og:image:width\" content=\"640\" \/>\n\t<meta property=\"og:image:height\" content=\"250\" \/>\n\t<meta property=\"og:image:type\" content=\"image\/jpeg\" \/>\n<meta name=\"author\" content=\"Huelvaadmin\" \/>\n<meta name=\"twitter:card\" content=\"summary_large_image\" \/>\n<meta name=\"twitter:label1\" content=\"Written by\" \/>\n\t<meta name=\"twitter:data1\" content=\"Huelvaadmin\" \/>\n\t<meta name=\"twitter:label2\" content=\"Est. reading time\" \/>\n\t<meta name=\"twitter:data2\" content=\"2 minutes\" \/>\n<script type=\"application\/ld+json\" class=\"yoast-schema-graph\">{\"@context\":\"https:\\\/\\\/schema.org\",\"@graph\":[{\"@type\":\"Article\",\"@id\":\"https:\\\/\\\/fundacioncajaruraldelsur.com\\\/la-camerata-vocal-concertante-ofrece-sus-melodias-eternas-en-huelva\\\/#article\",\"isPartOf\":{\"@id\":\"https:\\\/\\\/fundacioncajaruraldelsur.com\\\/la-camerata-vocal-concertante-ofrece-sus-melodias-eternas-en-huelva\\\/\"},\"author\":{\"name\":\"Huelvaadmin\",\"@id\":\"https:\\\/\\\/fundacioncajaruraldelsur.com\\\/#\\\/schema\\\/person\\\/3cc097351ab55f31ece09bae985e0dff\"},\"headline\":\"La Camerata Vocal Concertante ofrece sus Melod\u00edas eternas en Huelva\",\"datePublished\":\"2015-05-14T10:04:28+00:00\",\"mainEntityOfPage\":{\"@id\":\"https:\\\/\\\/fundacioncajaruraldelsur.com\\\/la-camerata-vocal-concertante-ofrece-sus-melodias-eternas-en-huelva\\\/\"},\"wordCount\":461,\"image\":{\"@id\":\"https:\\\/\\\/fundacioncajaruraldelsur.com\\\/la-camerata-vocal-concertante-ofrece-sus-melodias-eternas-en-huelva\\\/#primaryimage\"},\"thumbnailUrl\":\"https:\\\/\\\/fundacioncajaruraldelsur.com\\\/wp-content\\\/uploads\\\/2015\\\/05\\\/camerata_huelva.jpg\",\"articleSection\":[\"Actos\",\"Colaboraci\u00f3n\",\"Concierto\"],\"inLanguage\":\"pt-PT\"},{\"@type\":\"WebPage\",\"@id\":\"https:\\\/\\\/fundacioncajaruraldelsur.com\\\/la-camerata-vocal-concertante-ofrece-sus-melodias-eternas-en-huelva\\\/\",\"url\":\"https:\\\/\\\/fundacioncajaruraldelsur.com\\\/la-camerata-vocal-concertante-ofrece-sus-melodias-eternas-en-huelva\\\/\",\"name\":\"La Camerata Vocal Concertante ofrece sus Melod\u00edas eternas en Huelva - Fundaci\u00f3n Caja Rural del Sur\",\"isPartOf\":{\"@id\":\"https:\\\/\\\/fundacioncajaruraldelsur.com\\\/#website\"},\"primaryImageOfPage\":{\"@id\":\"https:\\\/\\\/fundacioncajaruraldelsur.com\\\/la-camerata-vocal-concertante-ofrece-sus-melodias-eternas-en-huelva\\\/#primaryimage\"},\"image\":{\"@id\":\"https:\\\/\\\/fundacioncajaruraldelsur.com\\\/la-camerata-vocal-concertante-ofrece-sus-melodias-eternas-en-huelva\\\/#primaryimage\"},\"thumbnailUrl\":\"https:\\\/\\\/fundacioncajaruraldelsur.com\\\/wp-content\\\/uploads\\\/2015\\\/05\\\/camerata_huelva.jpg\",\"datePublished\":\"2015-05-14T10:04:28+00:00\",\"author\":{\"@id\":\"https:\\\/\\\/fundacioncajaruraldelsur.com\\\/#\\\/schema\\\/person\\\/3cc097351ab55f31ece09bae985e0dff\"},\"breadcrumb\":{\"@id\":\"https:\\\/\\\/fundacioncajaruraldelsur.com\\\/la-camerata-vocal-concertante-ofrece-sus-melodias-eternas-en-huelva\\\/#breadcrumb\"},\"inLanguage\":\"pt-PT\",\"potentialAction\":[{\"@type\":\"ReadAction\",\"target\":[\"https:\\\/\\\/fundacioncajaruraldelsur.com\\\/la-camerata-vocal-concertante-ofrece-sus-melodias-eternas-en-huelva\\\/\"]}]},{\"@type\":\"ImageObject\",\"inLanguage\":\"pt-PT\",\"@id\":\"https:\\\/\\\/fundacioncajaruraldelsur.com\\\/la-camerata-vocal-concertante-ofrece-sus-melodias-eternas-en-huelva\\\/#primaryimage\",\"url\":\"https:\\\/\\\/fundacioncajaruraldelsur.com\\\/wp-content\\\/uploads\\\/2015\\\/05\\\/camerata_huelva.jpg\",\"contentUrl\":\"https:\\\/\\\/fundacioncajaruraldelsur.com\\\/wp-content\\\/uploads\\\/2015\\\/05\\\/camerata_huelva.jpg\",\"width\":640,\"height\":250},{\"@type\":\"BreadcrumbList\",\"@id\":\"https:\\\/\\\/fundacioncajaruraldelsur.com\\\/la-camerata-vocal-concertante-ofrece-sus-melodias-eternas-en-huelva\\\/#breadcrumb\",\"itemListElement\":[{\"@type\":\"ListItem\",\"position\":1,\"name\":\"Portada\",\"item\":\"https:\\\/\\\/fundacioncajaruraldelsur.com\\\/\"},{\"@type\":\"ListItem\",\"position\":2,\"name\":\"La Camerata Vocal Concertante ofrece sus Melod\u00edas eternas en Huelva\"}]},{\"@type\":\"WebSite\",\"@id\":\"https:\\\/\\\/fundacioncajaruraldelsur.com\\\/#website\",\"url\":\"https:\\\/\\\/fundacioncajaruraldelsur.com\\\/\",\"name\":\"Fundaci\u00f3n Caja Rural del Sur\",\"description\":\"\",\"potentialAction\":[{\"@type\":\"SearchAction\",\"target\":{\"@type\":\"EntryPoint\",\"urlTemplate\":\"https:\\\/\\\/fundacioncajaruraldelsur.com\\\/?s={search_term_string}\"},\"query-input\":{\"@type\":\"PropertyValueSpecification\",\"valueRequired\":true,\"valueName\":\"search_term_string\"}}],\"inLanguage\":\"pt-PT\"},{\"@type\":\"Person\",\"@id\":\"https:\\\/\\\/fundacioncajaruraldelsur.com\\\/#\\\/schema\\\/person\\\/3cc097351ab55f31ece09bae985e0dff\",\"name\":\"Huelvaadmin\",\"image\":{\"@type\":\"ImageObject\",\"inLanguage\":\"pt-PT\",\"@id\":\"https:\\\/\\\/secure.gravatar.com\\\/avatar\\\/844b95d9bb5bedef6ef3f07e4ac357114f2d6f55fe0799f36cbe3975aebd8bcc?s=96&d=blank&r=g\",\"url\":\"https:\\\/\\\/secure.gravatar.com\\\/avatar\\\/844b95d9bb5bedef6ef3f07e4ac357114f2d6f55fe0799f36cbe3975aebd8bcc?s=96&d=blank&r=g\",\"contentUrl\":\"https:\\\/\\\/secure.gravatar.com\\\/avatar\\\/844b95d9bb5bedef6ef3f07e4ac357114f2d6f55fe0799f36cbe3975aebd8bcc?s=96&d=blank&r=g\",\"caption\":\"Huelvaadmin\"}}]}<\/script>\n<!-- \/ Yoast SEO plugin. -->","yoast_head_json":{"title":"La Camerata Vocal Concertante ofrece sus Melod\u00edas eternas en Huelva - Fundaci\u00f3n Caja Rural del Sur","robots":{"index":"index","follow":"follow","max-snippet":"max-snippet:-1","max-image-preview":"max-image-preview:large","max-video-preview":"max-video-preview:-1"},"canonical":"https:\/\/fundacioncajaruraldelsur.com\/pt\/la-camerata-vocal-concertante-ofrece-sus-melodias-eternas-en-huelva\/","og_locale":"pt_PT","og_type":"article","og_title":"La Camerata Vocal Concertante ofrece sus Melod\u00edas eternas en Huelva - Fundaci\u00f3n Caja Rural del Sur","og_description":"La\u00a0Camerata Vocal Concertante ofreci\u00f3 un concierto singular, denominado \u2018Melod\u00edas eternas. Un viaje por el siglo XX\u2019, el pr\u00f3ximo s\u00e1bado d\u00eda 9 de mayo, en el sal\u00f3n de actos del Centro [&hellip;]","og_url":"https:\/\/fundacioncajaruraldelsur.com\/pt\/la-camerata-vocal-concertante-ofrece-sus-melodias-eternas-en-huelva\/","og_site_name":"Fundaci\u00f3n Caja Rural del Sur","article_published_time":"2015-05-14T10:04:28+00:00","og_image":[{"width":640,"height":250,"url":"https:\/\/fundacioncajaruraldelsur.com\/wp-content\/uploads\/2015\/05\/camerata_huelva.jpg","type":"image\/jpeg"}],"author":"Huelvaadmin","twitter_card":"summary_large_image","twitter_misc":{"Written by":"Huelvaadmin","Est. reading time":"2 minutes"},"schema":{"@context":"https:\/\/schema.org","@graph":[{"@type":"Article","@id":"https:\/\/fundacioncajaruraldelsur.com\/la-camerata-vocal-concertante-ofrece-sus-melodias-eternas-en-huelva\/#article","isPartOf":{"@id":"https:\/\/fundacioncajaruraldelsur.com\/la-camerata-vocal-concertante-ofrece-sus-melodias-eternas-en-huelva\/"},"author":{"name":"Huelvaadmin","@id":"https:\/\/fundacioncajaruraldelsur.com\/#\/schema\/person\/3cc097351ab55f31ece09bae985e0dff"},"headline":"La Camerata Vocal Concertante ofrece sus Melod\u00edas eternas en Huelva","datePublished":"2015-05-14T10:04:28+00:00","mainEntityOfPage":{"@id":"https:\/\/fundacioncajaruraldelsur.com\/la-camerata-vocal-concertante-ofrece-sus-melodias-eternas-en-huelva\/"},"wordCount":461,"image":{"@id":"https:\/\/fundacioncajaruraldelsur.com\/la-camerata-vocal-concertante-ofrece-sus-melodias-eternas-en-huelva\/#primaryimage"},"thumbnailUrl":"https:\/\/fundacioncajaruraldelsur.com\/wp-content\/uploads\/2015\/05\/camerata_huelva.jpg","articleSection":["Actos","Colaboraci\u00f3n","Concierto"],"inLanguage":"pt-PT"},{"@type":"WebPage","@id":"https:\/\/fundacioncajaruraldelsur.com\/la-camerata-vocal-concertante-ofrece-sus-melodias-eternas-en-huelva\/","url":"https:\/\/fundacioncajaruraldelsur.com\/la-camerata-vocal-concertante-ofrece-sus-melodias-eternas-en-huelva\/","name":"La Camerata Vocal Concertante ofrece sus Melod\u00edas eternas en Huelva - Fundaci\u00f3n Caja Rural del Sur","isPartOf":{"@id":"https:\/\/fundacioncajaruraldelsur.com\/#website"},"primaryImageOfPage":{"@id":"https:\/\/fundacioncajaruraldelsur.com\/la-camerata-vocal-concertante-ofrece-sus-melodias-eternas-en-huelva\/#primaryimage"},"image":{"@id":"https:\/\/fundacioncajaruraldelsur.com\/la-camerata-vocal-concertante-ofrece-sus-melodias-eternas-en-huelva\/#primaryimage"},"thumbnailUrl":"https:\/\/fundacioncajaruraldelsur.com\/wp-content\/uploads\/2015\/05\/camerata_huelva.jpg","datePublished":"2015-05-14T10:04:28+00:00","author":{"@id":"https:\/\/fundacioncajaruraldelsur.com\/#\/schema\/person\/3cc097351ab55f31ece09bae985e0dff"},"breadcrumb":{"@id":"https:\/\/fundacioncajaruraldelsur.com\/la-camerata-vocal-concertante-ofrece-sus-melodias-eternas-en-huelva\/#breadcrumb"},"inLanguage":"pt-PT","potentialAction":[{"@type":"ReadAction","target":["https:\/\/fundacioncajaruraldelsur.com\/la-camerata-vocal-concertante-ofrece-sus-melodias-eternas-en-huelva\/"]}]},{"@type":"ImageObject","inLanguage":"pt-PT","@id":"https:\/\/fundacioncajaruraldelsur.com\/la-camerata-vocal-concertante-ofrece-sus-melodias-eternas-en-huelva\/#primaryimage","url":"https:\/\/fundacioncajaruraldelsur.com\/wp-content\/uploads\/2015\/05\/camerata_huelva.jpg","contentUrl":"https:\/\/fundacioncajaruraldelsur.com\/wp-content\/uploads\/2015\/05\/camerata_huelva.jpg","width":640,"height":250},{"@type":"BreadcrumbList","@id":"https:\/\/fundacioncajaruraldelsur.com\/la-camerata-vocal-concertante-ofrece-sus-melodias-eternas-en-huelva\/#breadcrumb","itemListElement":[{"@type":"ListItem","position":1,"name":"Portada","item":"https:\/\/fundacioncajaruraldelsur.com\/"},{"@type":"ListItem","position":2,"name":"La Camerata Vocal Concertante ofrece sus Melod\u00edas eternas en Huelva"}]},{"@type":"WebSite","@id":"https:\/\/fundacioncajaruraldelsur.com\/#website","url":"https:\/\/fundacioncajaruraldelsur.com\/","name":"Funda\u00e7\u00e3o Caja Rural del Sur","description":"","potentialAction":[{"@type":"SearchAction","target":{"@type":"EntryPoint","urlTemplate":"https:\/\/fundacioncajaruraldelsur.com\/?s={search_term_string}"},"query-input":{"@type":"PropertyValueSpecification","valueRequired":true,"valueName":"search_term_string"}}],"inLanguage":"pt-PT"},{"@type":"Person","@id":"https:\/\/fundacioncajaruraldelsur.com\/#\/schema\/person\/3cc097351ab55f31ece09bae985e0dff","name":"Huelvaadmin","image":{"@type":"ImageObject","inLanguage":"pt-PT","@id":"https:\/\/secure.gravatar.com\/avatar\/844b95d9bb5bedef6ef3f07e4ac357114f2d6f55fe0799f36cbe3975aebd8bcc?s=96&d=blank&r=g","url":"https:\/\/secure.gravatar.com\/avatar\/844b95d9bb5bedef6ef3f07e4ac357114f2d6f55fe0799f36cbe3975aebd8bcc?s=96&d=blank&r=g","contentUrl":"https:\/\/secure.gravatar.com\/avatar\/844b95d9bb5bedef6ef3f07e4ac357114f2d6f55fe0799f36cbe3975aebd8bcc?s=96&d=blank&r=g","caption":"Huelvaadmin"}}]}},"rttpg_featured_image_url":{"full":["https:\/\/fundacioncajaruraldelsur.com\/wp-content\/uploads\/2015\/05\/camerata_huelva.jpg",640,250,false],"landscape":["https:\/\/fundacioncajaruraldelsur.com\/wp-content\/uploads\/2015\/05\/camerata_huelva.jpg",640,250,false],"portraits":["https:\/\/fundacioncajaruraldelsur.com\/wp-content\/uploads\/2015\/05\/camerata_huelva.jpg",640,250,false],"thumbnail":["https:\/\/fundacioncajaruraldelsur.com\/wp-content\/uploads\/2015\/05\/camerata_huelva-150x150.jpg",150,150,true],"medium":["https:\/\/fundacioncajaruraldelsur.com\/wp-content\/uploads\/2015\/05\/camerata_huelva-300x117.jpg",300,117,true],"large":["https:\/\/fundacioncajaruraldelsur.com\/wp-content\/uploads\/2015\/05\/camerata_huelva.jpg",640,250,false],"1536x1536":["https:\/\/fundacioncajaruraldelsur.com\/wp-content\/uploads\/2015\/05\/camerata_huelva.jpg",640,250,false],"2048x2048":["https:\/\/fundacioncajaruraldelsur.com\/wp-content\/uploads\/2015\/05\/camerata_huelva.jpg",640,250,false],"trp-custom-language-flag":["https:\/\/fundacioncajaruraldelsur.com\/wp-content\/uploads\/2015\/05\/camerata_huelva.jpg",18,7,false],"blog-thumbnail":["https:\/\/fundacioncajaruraldelsur.com\/wp-content\/uploads\/2015\/05\/camerata_huelva-400x200.jpg",400,200,true]},"rttpg_author":{"display_name":"Huelvaadmin","author_link":"https:\/\/fundacioncajaruraldelsur.com\/pt\/author\/huelvaadmin\/"},"rttpg_comment":0,"rttpg_category":"<a href=\"https:\/\/fundacioncajaruraldelsur.com\/pt\/category\/actos\/\" rel=\"category tag\">Actos<\/a> <a href=\"https:\/\/fundacioncajaruraldelsur.com\/pt\/category\/colaboracion\/\" rel=\"category tag\">Colaboraci\u00f3n<\/a> <a href=\"https:\/\/fundacioncajaruraldelsur.com\/pt\/category\/concierto\/\" rel=\"category tag\">Concierto<\/a>","rttpg_excerpt":"La\u00a0Camerata Vocal Concertante ofreci\u00f3 un concierto singular, denominado \u2018Melod\u00edas eternas. Un viaje por el siglo XX\u2019, el pr\u00f3ximo s\u00e1bado d\u00eda 9 de mayo, en el sal\u00f3n de actos del Centro [&hellip;]","_links":{"self":[{"href":"https:\/\/fundacioncajaruraldelsur.com\/pt\/wp-json\/wp\/v2\/posts\/2624","targetHints":{"allow":["GET"]}}],"collection":[{"href":"https:\/\/fundacioncajaruraldelsur.com\/pt\/wp-json\/wp\/v2\/posts"}],"about":[{"href":"https:\/\/fundacioncajaruraldelsur.com\/pt\/wp-json\/wp\/v2\/types\/post"}],"author":[{"embeddable":true,"href":"https:\/\/fundacioncajaruraldelsur.com\/pt\/wp-json\/wp\/v2\/users\/4"}],"replies":[{"embeddable":true,"href":"https:\/\/fundacioncajaruraldelsur.com\/pt\/wp-json\/wp\/v2\/comments?post=2624"}],"version-history":[{"count":1,"href":"https:\/\/fundacioncajaruraldelsur.com\/pt\/wp-json\/wp\/v2\/posts\/2624\/revisions"}],"predecessor-version":[{"id":2626,"href":"https:\/\/fundacioncajaruraldelsur.com\/pt\/wp-json\/wp\/v2\/posts\/2624\/revisions\/2626"}],"wp:featuredmedia":[{"embeddable":true,"href":"https:\/\/fundacioncajaruraldelsur.com\/pt\/wp-json\/wp\/v2\/media\/2625"}],"wp:attachment":[{"href":"https:\/\/fundacioncajaruraldelsur.com\/pt\/wp-json\/wp\/v2\/media?parent=2624"}],"wp:term":[{"taxonomy":"category","embeddable":true,"href":"https:\/\/fundacioncajaruraldelsur.com\/pt\/wp-json\/wp\/v2\/categories?post=2624"},{"taxonomy":"post_tag","embeddable":true,"href":"https:\/\/fundacioncajaruraldelsur.com\/pt\/wp-json\/wp\/v2\/tags?post=2624"}],"curies":[{"name":"wp","href":"https:\/\/api.w.org\/{rel}","templated":true}]}}