{"id":2607,"date":"2015-05-14T08:35:33","date_gmt":"2015-05-14T08:35:33","guid":{"rendered":"\/?p=2607"},"modified":"2015-06-26T07:41:54","modified_gmt":"2015-06-26T07:41:54","slug":"participantes-en-exquisitamente-se-felicitan-por-su-exito-porque-permite-presentar-la-diversidad-agroalimentaria-de-huelva","status":"publish","type":"post","link":"https:\/\/fundacioncajaruraldelsur.com\/pt\/participantes-en-exquisitamente-se-felicitan-por-su-exito-porque-permite-presentar-la-diversidad-agroalimentaria-de-huelva\/","title":{"rendered":"Participantes en \u2018Exquisitamente\u2019 se felicitan por su \u00e9xito  porque permite presentar la diversidad agroalimentaria de Huelva"},"content":{"rendered":"<h6>Francisco V\u00e1zquez en\u00a0\u00a0representaci\u00f3n de Caja Rural del Sur y su Fundaci\u00f3n<\/h6>\n<p>\u201cHuelva en estado puro\u201d. As\u00ed calific\u00f3 en breves palabras el director territorial de Huelva de Caja Rural del Sur, Francisco V\u00e1zquez, lo que ha supuesto tambi\u00e9n la segunda edici\u00f3n de la muestra gastron\u00f3mica \u2018Exquisitamente\u2019, que organizada por el Restaurante Terranova, con el patrocinio de Fundaci\u00f3n Caja Rural del Sur y Cooperativas Agro-Alimentarias, se viene celebrando desde el d\u00eda 22 de abril hasta el 29 de mayo y que tiene en la \u00faltima semana a las cooperativas de Ovipor, \u00a0Cooperativa Nuestra Se\u00f1ora del Socorro, Grufesa y Oleodiel, Olibeas y Olipaterna, con sus distintos productos, como protagonistas<\/p>\n<p>Carmen V\u00e1zquez, promotora de la iniciativa desde el Restaurante \u2018Terranova\u2019, ha agradecido la colaboraci\u00f3n de todas las empresas y cooperativas que han acudido este a\u00f1o a la muestra de \u2018Exquisitamente\u2019 y ha querido tener una distinci\u00f3n especial con Fundaci\u00f3n Caja Rural del Sur porque siempre ha estado al lado de este evento, entregando a la representante de la misma, Roc\u00edo Faure, un recuerdo con la imagen corporativa de esta segunda edici\u00f3n. Aprovech\u00f3 tambi\u00e9n el acto de presentaci\u00f3n de los productos de esta \u00faltima semana para recoger el reto lanzado por Francisco V\u00e1zquez e intentar que, con la ayuda de los medios de comunicaci\u00f3n, \u2018Exquisitamente\u2019 tenga tambi\u00e9n una repercusi\u00f3n fuera de la provincia de Huelva porque \u201ca lo largo de estos d\u00edas se ha podido apreciar la variedad de productos agroalimentarios y la combinaci\u00f3n que con todos ellos se puede hacer en los fogones de cada restaurante o de cada hogar\u201d.<\/p>\n<p>El presidente de la DOP Condado de Huelva, Manuel Infante, fue el encargado de presentar las excelencias del Don Frede de crianza 2011, de la Cooperativa Nuestra Se\u00f1ora del Socorro, de Rociana del Condado, y anunci\u00f3 tambi\u00e9n que ya se hab\u00eda patentado un nuevo sistema que aprovecha el orujo de la uva zalema para acentuar al tinto su color cereza. Elogi\u00f3 el trabajo que se ha hecho en los vinos tintos por la citada cooperativa y la trayectoria cada vez m\u00e1s reconocida del Don Frede, en base a tempranilo y shyra.<\/p>\n<p>&nbsp;<\/p>\n<p>El gerente de Grufesa, Cars Cumbreras, explic\u00f3 que aunque el 95% de la producci\u00f3n se dedica\u00a0 a la exportaci\u00f3n en este a\u00f1o se ha iniciado el cultivo de ar\u00e1ndanos, en peque\u00f1a cantidad pero con mucha calidad ya que \u201csiempre se ha tenido como premisa la b\u00fasqueda saludable\u201d. Precisamente Grufesa presentar\u00e1 este mismo jueves, ante los medios y principales clientes, un sistema nuevo de recogida de las fresas y las berries en el campo que supondr\u00e1 una aut\u00e9ntica innovaci\u00f3n en el sector.<\/p>\n<p>&nbsp;<\/p>\n<p>Para cocinar los productos que ha tra\u00eddo y presentado Ovipor, a trav\u00e9s de su presidente, Agust\u00edn Gonz\u00e1lez, est\u00e1n presentes en esta semana los tres aceites, en cada una de sus variedades, de Olibeas, Olipaterna y Oleodiel. En palabras del representante de Ovipor las cooperativas han realizado en esto a\u00f1os un \u201cenorme esfuerzo para estar en el mercado con alimentos saludables y, adem\u00e1s, baratos\u201d, destacando que representa entre el 8 y 9 % del Producto Interior Bruto de Andaluc\u00eda y que muestras como la que organiza el Restaurante \u2018Terranova\u2019 ponen de manifiesto \u201c lo bien que lo hacemos\u201d y por eso en el Congreso Nacional\u00a0 del pasado mes de febrero mencione la palabra \u201corgullo\u201d . Explico c\u00f3mo Ovipor se hab\u00eda\u00a0 unido con otras cooperativas del Suroeste y Arag\u00f3n para comercializar la leche de cabra, igual que se ha hecho con otros productos c\u00e1rnicos. Esta estrategia \u201cest\u00e1 permitiendo acudir con grandes cantidades y precios competitivos para ganar el mercado interior y exterior\u201d.<\/p>\n<p>&nbsp;<\/p>\n<p>Durante la presentaci\u00f3n de esta \u00faltima semana, los asistentes\u00a0 a la muestra pudieron saborear la \u2018Ensalada de cabrito\u2019, \u2018Cordero al cordero con salsa y berenjenas y tambi\u00e9n al horno con salsa de frambuesa\u2019, \u2018Samosa con cordero\u2019, \u2018Musaca\u2019 y \u2018Sorbete de fresa\u2019.\u00a0 Todos los platos que han estado en la\u00a0 muestra, y que han presentado diez cooperativas y cuatro empresas de la provincia de Huelva, desde la primera semana, se podr\u00e1n seguir degustando en el Restaurante Terranova y en la cantina urbana \u2018Artero\u2019.<\/p>\n<p>&nbsp;<\/p>\n<p>&nbsp;<\/p>","protected":false},"excerpt":{"rendered":"<p>Francisco V\u00e1zquez en\u00a0\u00a0representaci\u00f3n de Caja Rural del Sur y su Fundaci\u00f3n \u201cHuelva en estado puro\u201d. As\u00ed calific\u00f3 en breves palabras el director territorial de Huelva de Caja Rural del Sur, [&hellip;]<\/p>\n","protected":false},"author":4,"featured_media":2751,"comment_status":"closed","ping_status":"open","sticky":false,"template":"","format":"standard","meta":{"footnotes":""},"categories":[1],"tags":[],"class_list":["post-2607","post","type-post","status-publish","format-standard","has-post-thumbnail","hentry","category-sin-categoria"],"yoast_head":"<!-- This site is optimized with the Yoast SEO plugin v27.3 - https:\/\/yoast.com\/product\/yoast-seo-wordpress\/ -->\n<title>Participantes en \u2018Exquisitamente\u2019 se felicitan por su \u00e9xito porque permite presentar la diversidad agroalimentaria de Huelva - Fundaci\u00f3n Caja Rural del Sur<\/title>\n<meta name=\"robots\" content=\"index, follow, max-snippet:-1, max-image-preview:large, max-video-preview:-1\" \/>\n<link rel=\"canonical\" href=\"https:\/\/fundacioncajaruraldelsur.com\/pt\/participantes-en-exquisitamente-se-felicitan-por-su-exito-porque-permite-presentar-la-diversidad-agroalimentaria-de-huelva\/\" \/>\n<meta property=\"og:locale\" content=\"pt_PT\" \/>\n<meta property=\"og:type\" content=\"article\" \/>\n<meta property=\"og:title\" content=\"Participantes en \u2018Exquisitamente\u2019 se felicitan por su \u00e9xito porque permite presentar la diversidad agroalimentaria de Huelva - Fundaci\u00f3n Caja Rural del Sur\" \/>\n<meta property=\"og:description\" content=\"Francisco V\u00e1zquez en\u00a0\u00a0representaci\u00f3n de Caja Rural del Sur y su Fundaci\u00f3n \u201cHuelva en estado puro\u201d. As\u00ed calific\u00f3 en breves palabras el director territorial de Huelva de Caja Rural del Sur, [&hellip;]\" \/>\n<meta property=\"og:url\" content=\"https:\/\/fundacioncajaruraldelsur.com\/pt\/participantes-en-exquisitamente-se-felicitan-por-su-exito-porque-permite-presentar-la-diversidad-agroalimentaria-de-huelva\/\" \/>\n<meta property=\"og:site_name\" content=\"Fundaci\u00f3n Caja Rural del Sur\" \/>\n<meta property=\"article:published_time\" content=\"2015-05-14T08:35:33+00:00\" \/>\n<meta property=\"article:modified_time\" content=\"2015-06-26T07:41:54+00:00\" \/>\n<meta property=\"og:image\" content=\"https:\/\/fundacioncajaruraldelsur.com\/wp-content\/uploads\/2015\/05\/150513-Francisco-V\u00e1zquez-en-representaci\u00f3n-de-Caja-Rural-del-Sur-y-su-Fundaci\u00f3n-que-ha-colaborado-en-Exquisitamente-la-considera-como-.jpg\" \/>\n\t<meta property=\"og:image:width\" content=\"2362\" \/>\n\t<meta property=\"og:image:height\" content=\"1496\" \/>\n\t<meta property=\"og:image:type\" content=\"image\/jpeg\" \/>\n<meta name=\"author\" content=\"Huelvaadmin\" \/>\n<meta name=\"twitter:card\" content=\"summary_large_image\" \/>\n<meta name=\"twitter:label1\" content=\"Written by\" \/>\n\t<meta name=\"twitter:data1\" content=\"Huelvaadmin\" \/>\n\t<meta name=\"twitter:label2\" content=\"Est. reading time\" \/>\n\t<meta name=\"twitter:data2\" content=\"4 minutes\" \/>\n<script type=\"application\/ld+json\" class=\"yoast-schema-graph\">{\"@context\":\"https:\\\/\\\/schema.org\",\"@graph\":[{\"@type\":\"Article\",\"@id\":\"https:\\\/\\\/fundacioncajaruraldelsur.com\\\/participantes-en-exquisitamente-se-felicitan-por-su-exito-porque-permite-presentar-la-diversidad-agroalimentaria-de-huelva\\\/#article\",\"isPartOf\":{\"@id\":\"https:\\\/\\\/fundacioncajaruraldelsur.com\\\/participantes-en-exquisitamente-se-felicitan-por-su-exito-porque-permite-presentar-la-diversidad-agroalimentaria-de-huelva\\\/\"},\"author\":{\"name\":\"Huelvaadmin\",\"@id\":\"https:\\\/\\\/fundacioncajaruraldelsur.com\\\/#\\\/schema\\\/person\\\/3cc097351ab55f31ece09bae985e0dff\"},\"headline\":\"Participantes en \u2018Exquisitamente\u2019 se felicitan por su \u00e9xito porque permite presentar la diversidad agroalimentaria de Huelva\",\"datePublished\":\"2015-05-14T08:35:33+00:00\",\"dateModified\":\"2015-06-26T07:41:54+00:00\",\"mainEntityOfPage\":{\"@id\":\"https:\\\/\\\/fundacioncajaruraldelsur.com\\\/participantes-en-exquisitamente-se-felicitan-por-su-exito-porque-permite-presentar-la-diversidad-agroalimentaria-de-huelva\\\/\"},\"wordCount\":735,\"image\":{\"@id\":\"https:\\\/\\\/fundacioncajaruraldelsur.com\\\/participantes-en-exquisitamente-se-felicitan-por-su-exito-porque-permite-presentar-la-diversidad-agroalimentaria-de-huelva\\\/#primaryimage\"},\"thumbnailUrl\":\"https:\\\/\\\/fundacioncajaruraldelsur.com\\\/wp-content\\\/uploads\\\/2015\\\/05\\\/150513-Francisco-V\u00e1zquez-en-representaci\u00f3n-de-Caja-Rural-del-Sur-y-su-Fundaci\u00f3n-que-ha-colaborado-en-Exquisitamente-la-considera-como-.jpg\",\"articleSection\":[\"Sin categor\u00eda\"],\"inLanguage\":\"pt-PT\"},{\"@type\":\"WebPage\",\"@id\":\"https:\\\/\\\/fundacioncajaruraldelsur.com\\\/participantes-en-exquisitamente-se-felicitan-por-su-exito-porque-permite-presentar-la-diversidad-agroalimentaria-de-huelva\\\/\",\"url\":\"https:\\\/\\\/fundacioncajaruraldelsur.com\\\/participantes-en-exquisitamente-se-felicitan-por-su-exito-porque-permite-presentar-la-diversidad-agroalimentaria-de-huelva\\\/\",\"name\":\"Participantes en \u2018Exquisitamente\u2019 se felicitan por su \u00e9xito porque permite presentar la diversidad agroalimentaria de Huelva - Fundaci\u00f3n Caja Rural del Sur\",\"isPartOf\":{\"@id\":\"https:\\\/\\\/fundacioncajaruraldelsur.com\\\/#website\"},\"primaryImageOfPage\":{\"@id\":\"https:\\\/\\\/fundacioncajaruraldelsur.com\\\/participantes-en-exquisitamente-se-felicitan-por-su-exito-porque-permite-presentar-la-diversidad-agroalimentaria-de-huelva\\\/#primaryimage\"},\"image\":{\"@id\":\"https:\\\/\\\/fundacioncajaruraldelsur.com\\\/participantes-en-exquisitamente-se-felicitan-por-su-exito-porque-permite-presentar-la-diversidad-agroalimentaria-de-huelva\\\/#primaryimage\"},\"thumbnailUrl\":\"https:\\\/\\\/fundacioncajaruraldelsur.com\\\/wp-content\\\/uploads\\\/2015\\\/05\\\/150513-Francisco-V\u00e1zquez-en-representaci\u00f3n-de-Caja-Rural-del-Sur-y-su-Fundaci\u00f3n-que-ha-colaborado-en-Exquisitamente-la-considera-como-.jpg\",\"datePublished\":\"2015-05-14T08:35:33+00:00\",\"dateModified\":\"2015-06-26T07:41:54+00:00\",\"author\":{\"@id\":\"https:\\\/\\\/fundacioncajaruraldelsur.com\\\/#\\\/schema\\\/person\\\/3cc097351ab55f31ece09bae985e0dff\"},\"breadcrumb\":{\"@id\":\"https:\\\/\\\/fundacioncajaruraldelsur.com\\\/participantes-en-exquisitamente-se-felicitan-por-su-exito-porque-permite-presentar-la-diversidad-agroalimentaria-de-huelva\\\/#breadcrumb\"},\"inLanguage\":\"pt-PT\",\"potentialAction\":[{\"@type\":\"ReadAction\",\"target\":[\"https:\\\/\\\/fundacioncajaruraldelsur.com\\\/participantes-en-exquisitamente-se-felicitan-por-su-exito-porque-permite-presentar-la-diversidad-agroalimentaria-de-huelva\\\/\"]}]},{\"@type\":\"ImageObject\",\"inLanguage\":\"pt-PT\",\"@id\":\"https:\\\/\\\/fundacioncajaruraldelsur.com\\\/participantes-en-exquisitamente-se-felicitan-por-su-exito-porque-permite-presentar-la-diversidad-agroalimentaria-de-huelva\\\/#primaryimage\",\"url\":\"https:\\\/\\\/fundacioncajaruraldelsur.com\\\/wp-content\\\/uploads\\\/2015\\\/05\\\/150513-Francisco-V\u00e1zquez-en-representaci\u00f3n-de-Caja-Rural-del-Sur-y-su-Fundaci\u00f3n-que-ha-colaborado-en-Exquisitamente-la-considera-como-.jpg\",\"contentUrl\":\"https:\\\/\\\/fundacioncajaruraldelsur.com\\\/wp-content\\\/uploads\\\/2015\\\/05\\\/150513-Francisco-V\u00e1zquez-en-representaci\u00f3n-de-Caja-Rural-del-Sur-y-su-Fundaci\u00f3n-que-ha-colaborado-en-Exquisitamente-la-considera-como-.jpg\",\"width\":2362,\"height\":1496},{\"@type\":\"BreadcrumbList\",\"@id\":\"https:\\\/\\\/fundacioncajaruraldelsur.com\\\/participantes-en-exquisitamente-se-felicitan-por-su-exito-porque-permite-presentar-la-diversidad-agroalimentaria-de-huelva\\\/#breadcrumb\",\"itemListElement\":[{\"@type\":\"ListItem\",\"position\":1,\"name\":\"Portada\",\"item\":\"https:\\\/\\\/fundacioncajaruraldelsur.com\\\/\"},{\"@type\":\"ListItem\",\"position\":2,\"name\":\"Participantes en \u2018Exquisitamente\u2019 se felicitan por su \u00e9xito porque permite presentar la diversidad agroalimentaria de Huelva\"}]},{\"@type\":\"WebSite\",\"@id\":\"https:\\\/\\\/fundacioncajaruraldelsur.com\\\/#website\",\"url\":\"https:\\\/\\\/fundacioncajaruraldelsur.com\\\/\",\"name\":\"Fundaci\u00f3n Caja Rural del Sur\",\"description\":\"\",\"potentialAction\":[{\"@type\":\"SearchAction\",\"target\":{\"@type\":\"EntryPoint\",\"urlTemplate\":\"https:\\\/\\\/fundacioncajaruraldelsur.com\\\/?s={search_term_string}\"},\"query-input\":{\"@type\":\"PropertyValueSpecification\",\"valueRequired\":true,\"valueName\":\"search_term_string\"}}],\"inLanguage\":\"pt-PT\"},{\"@type\":\"Person\",\"@id\":\"https:\\\/\\\/fundacioncajaruraldelsur.com\\\/#\\\/schema\\\/person\\\/3cc097351ab55f31ece09bae985e0dff\",\"name\":\"Huelvaadmin\",\"image\":{\"@type\":\"ImageObject\",\"inLanguage\":\"pt-PT\",\"@id\":\"https:\\\/\\\/secure.gravatar.com\\\/avatar\\\/844b95d9bb5bedef6ef3f07e4ac357114f2d6f55fe0799f36cbe3975aebd8bcc?s=96&d=blank&r=g\",\"url\":\"https:\\\/\\\/secure.gravatar.com\\\/avatar\\\/844b95d9bb5bedef6ef3f07e4ac357114f2d6f55fe0799f36cbe3975aebd8bcc?s=96&d=blank&r=g\",\"contentUrl\":\"https:\\\/\\\/secure.gravatar.com\\\/avatar\\\/844b95d9bb5bedef6ef3f07e4ac357114f2d6f55fe0799f36cbe3975aebd8bcc?s=96&d=blank&r=g\",\"caption\":\"Huelvaadmin\"}}]}<\/script>\n<!-- \/ Yoast SEO plugin. -->","yoast_head_json":{"title":"Participantes en \u2018Exquisitamente\u2019 se felicitan por su \u00e9xito porque permite presentar la diversidad agroalimentaria de Huelva - Fundaci\u00f3n Caja Rural del Sur","robots":{"index":"index","follow":"follow","max-snippet":"max-snippet:-1","max-image-preview":"max-image-preview:large","max-video-preview":"max-video-preview:-1"},"canonical":"https:\/\/fundacioncajaruraldelsur.com\/pt\/participantes-en-exquisitamente-se-felicitan-por-su-exito-porque-permite-presentar-la-diversidad-agroalimentaria-de-huelva\/","og_locale":"pt_PT","og_type":"article","og_title":"Participantes en \u2018Exquisitamente\u2019 se felicitan por su \u00e9xito porque permite presentar la diversidad agroalimentaria de Huelva - Fundaci\u00f3n Caja Rural del Sur","og_description":"Francisco V\u00e1zquez en\u00a0\u00a0representaci\u00f3n de Caja Rural del Sur y su Fundaci\u00f3n \u201cHuelva en estado puro\u201d. As\u00ed calific\u00f3 en breves palabras el director territorial de Huelva de Caja Rural del Sur, [&hellip;]","og_url":"https:\/\/fundacioncajaruraldelsur.com\/pt\/participantes-en-exquisitamente-se-felicitan-por-su-exito-porque-permite-presentar-la-diversidad-agroalimentaria-de-huelva\/","og_site_name":"Fundaci\u00f3n Caja Rural del Sur","article_published_time":"2015-05-14T08:35:33+00:00","article_modified_time":"2015-06-26T07:41:54+00:00","og_image":[{"width":2362,"height":1496,"url":"https:\/\/fundacioncajaruraldelsur.com\/wp-content\/uploads\/2015\/05\/150513-Francisco-V\u00e1zquez-en-representaci\u00f3n-de-Caja-Rural-del-Sur-y-su-Fundaci\u00f3n-que-ha-colaborado-en-Exquisitamente-la-considera-como-.jpg","type":"image\/jpeg"}],"author":"Huelvaadmin","twitter_card":"summary_large_image","twitter_misc":{"Written by":"Huelvaadmin","Est. reading time":"4 minutes"},"schema":{"@context":"https:\/\/schema.org","@graph":[{"@type":"Article","@id":"https:\/\/fundacioncajaruraldelsur.com\/participantes-en-exquisitamente-se-felicitan-por-su-exito-porque-permite-presentar-la-diversidad-agroalimentaria-de-huelva\/#article","isPartOf":{"@id":"https:\/\/fundacioncajaruraldelsur.com\/participantes-en-exquisitamente-se-felicitan-por-su-exito-porque-permite-presentar-la-diversidad-agroalimentaria-de-huelva\/"},"author":{"name":"Huelvaadmin","@id":"https:\/\/fundacioncajaruraldelsur.com\/#\/schema\/person\/3cc097351ab55f31ece09bae985e0dff"},"headline":"Participantes en \u2018Exquisitamente\u2019 se felicitan por su \u00e9xito porque permite presentar la diversidad agroalimentaria de Huelva","datePublished":"2015-05-14T08:35:33+00:00","dateModified":"2015-06-26T07:41:54+00:00","mainEntityOfPage":{"@id":"https:\/\/fundacioncajaruraldelsur.com\/participantes-en-exquisitamente-se-felicitan-por-su-exito-porque-permite-presentar-la-diversidad-agroalimentaria-de-huelva\/"},"wordCount":735,"image":{"@id":"https:\/\/fundacioncajaruraldelsur.com\/participantes-en-exquisitamente-se-felicitan-por-su-exito-porque-permite-presentar-la-diversidad-agroalimentaria-de-huelva\/#primaryimage"},"thumbnailUrl":"https:\/\/fundacioncajaruraldelsur.com\/wp-content\/uploads\/2015\/05\/150513-Francisco-V\u00e1zquez-en-representaci\u00f3n-de-Caja-Rural-del-Sur-y-su-Fundaci\u00f3n-que-ha-colaborado-en-Exquisitamente-la-considera-como-.jpg","articleSection":["Sin categor\u00eda"],"inLanguage":"pt-PT"},{"@type":"WebPage","@id":"https:\/\/fundacioncajaruraldelsur.com\/participantes-en-exquisitamente-se-felicitan-por-su-exito-porque-permite-presentar-la-diversidad-agroalimentaria-de-huelva\/","url":"https:\/\/fundacioncajaruraldelsur.com\/participantes-en-exquisitamente-se-felicitan-por-su-exito-porque-permite-presentar-la-diversidad-agroalimentaria-de-huelva\/","name":"Participantes en \u2018Exquisitamente\u2019 se felicitan por su \u00e9xito porque permite presentar la diversidad agroalimentaria de Huelva - Fundaci\u00f3n Caja Rural del Sur","isPartOf":{"@id":"https:\/\/fundacioncajaruraldelsur.com\/#website"},"primaryImageOfPage":{"@id":"https:\/\/fundacioncajaruraldelsur.com\/participantes-en-exquisitamente-se-felicitan-por-su-exito-porque-permite-presentar-la-diversidad-agroalimentaria-de-huelva\/#primaryimage"},"image":{"@id":"https:\/\/fundacioncajaruraldelsur.com\/participantes-en-exquisitamente-se-felicitan-por-su-exito-porque-permite-presentar-la-diversidad-agroalimentaria-de-huelva\/#primaryimage"},"thumbnailUrl":"https:\/\/fundacioncajaruraldelsur.com\/wp-content\/uploads\/2015\/05\/150513-Francisco-V\u00e1zquez-en-representaci\u00f3n-de-Caja-Rural-del-Sur-y-su-Fundaci\u00f3n-que-ha-colaborado-en-Exquisitamente-la-considera-como-.jpg","datePublished":"2015-05-14T08:35:33+00:00","dateModified":"2015-06-26T07:41:54+00:00","author":{"@id":"https:\/\/fundacioncajaruraldelsur.com\/#\/schema\/person\/3cc097351ab55f31ece09bae985e0dff"},"breadcrumb":{"@id":"https:\/\/fundacioncajaruraldelsur.com\/participantes-en-exquisitamente-se-felicitan-por-su-exito-porque-permite-presentar-la-diversidad-agroalimentaria-de-huelva\/#breadcrumb"},"inLanguage":"pt-PT","potentialAction":[{"@type":"ReadAction","target":["https:\/\/fundacioncajaruraldelsur.com\/participantes-en-exquisitamente-se-felicitan-por-su-exito-porque-permite-presentar-la-diversidad-agroalimentaria-de-huelva\/"]}]},{"@type":"ImageObject","inLanguage":"pt-PT","@id":"https:\/\/fundacioncajaruraldelsur.com\/participantes-en-exquisitamente-se-felicitan-por-su-exito-porque-permite-presentar-la-diversidad-agroalimentaria-de-huelva\/#primaryimage","url":"https:\/\/fundacioncajaruraldelsur.com\/wp-content\/uploads\/2015\/05\/150513-Francisco-V\u00e1zquez-en-representaci\u00f3n-de-Caja-Rural-del-Sur-y-su-Fundaci\u00f3n-que-ha-colaborado-en-Exquisitamente-la-considera-como-.jpg","contentUrl":"https:\/\/fundacioncajaruraldelsur.com\/wp-content\/uploads\/2015\/05\/150513-Francisco-V\u00e1zquez-en-representaci\u00f3n-de-Caja-Rural-del-Sur-y-su-Fundaci\u00f3n-que-ha-colaborado-en-Exquisitamente-la-considera-como-.jpg","width":2362,"height":1496},{"@type":"BreadcrumbList","@id":"https:\/\/fundacioncajaruraldelsur.com\/participantes-en-exquisitamente-se-felicitan-por-su-exito-porque-permite-presentar-la-diversidad-agroalimentaria-de-huelva\/#breadcrumb","itemListElement":[{"@type":"ListItem","position":1,"name":"Portada","item":"https:\/\/fundacioncajaruraldelsur.com\/"},{"@type":"ListItem","position":2,"name":"Participantes en \u2018Exquisitamente\u2019 se felicitan por su \u00e9xito porque permite presentar la diversidad agroalimentaria de Huelva"}]},{"@type":"WebSite","@id":"https:\/\/fundacioncajaruraldelsur.com\/#website","url":"https:\/\/fundacioncajaruraldelsur.com\/","name":"Funda\u00e7\u00e3o Caja Rural del Sur","description":"","potentialAction":[{"@type":"SearchAction","target":{"@type":"EntryPoint","urlTemplate":"https:\/\/fundacioncajaruraldelsur.com\/?s={search_term_string}"},"query-input":{"@type":"PropertyValueSpecification","valueRequired":true,"valueName":"search_term_string"}}],"inLanguage":"pt-PT"},{"@type":"Person","@id":"https:\/\/fundacioncajaruraldelsur.com\/#\/schema\/person\/3cc097351ab55f31ece09bae985e0dff","name":"Huelvaadmin","image":{"@type":"ImageObject","inLanguage":"pt-PT","@id":"https:\/\/secure.gravatar.com\/avatar\/844b95d9bb5bedef6ef3f07e4ac357114f2d6f55fe0799f36cbe3975aebd8bcc?s=96&d=blank&r=g","url":"https:\/\/secure.gravatar.com\/avatar\/844b95d9bb5bedef6ef3f07e4ac357114f2d6f55fe0799f36cbe3975aebd8bcc?s=96&d=blank&r=g","contentUrl":"https:\/\/secure.gravatar.com\/avatar\/844b95d9bb5bedef6ef3f07e4ac357114f2d6f55fe0799f36cbe3975aebd8bcc?s=96&d=blank&r=g","caption":"Huelvaadmin"}}]}},"rttpg_featured_image_url":{"full":["https:\/\/fundacioncajaruraldelsur.com\/wp-content\/uploads\/2015\/05\/150513-Francisco-V\u00e1zquez-en-representaci\u00f3n-de-Caja-Rural-del-Sur-y-su-Fundaci\u00f3n-que-ha-colaborado-en-Exquisitamente-la-considera-como-.jpg",2362,1496,false],"landscape":["https:\/\/fundacioncajaruraldelsur.com\/wp-content\/uploads\/2015\/05\/150513-Francisco-V\u00e1zquez-en-representaci\u00f3n-de-Caja-Rural-del-Sur-y-su-Fundaci\u00f3n-que-ha-colaborado-en-Exquisitamente-la-considera-como-.jpg",2362,1496,false],"portraits":["https:\/\/fundacioncajaruraldelsur.com\/wp-content\/uploads\/2015\/05\/150513-Francisco-V\u00e1zquez-en-representaci\u00f3n-de-Caja-Rural-del-Sur-y-su-Fundaci\u00f3n-que-ha-colaborado-en-Exquisitamente-la-considera-como-.jpg",2362,1496,false],"thumbnail":["https:\/\/fundacioncajaruraldelsur.com\/wp-content\/uploads\/2015\/05\/150513-Francisco-V\u00e1zquez-en-representaci\u00f3n-de-Caja-Rural-del-Sur-y-su-Fundaci\u00f3n-que-ha-colaborado-en-Exquisitamente-la-considera-como--150x150.jpg",150,150,true],"medium":["https:\/\/fundacioncajaruraldelsur.com\/wp-content\/uploads\/2015\/05\/150513-Francisco-V\u00e1zquez-en-representaci\u00f3n-de-Caja-Rural-del-Sur-y-su-Fundaci\u00f3n-que-ha-colaborado-en-Exquisitamente-la-considera-como--300x190.jpg",300,190,true],"large":["https:\/\/fundacioncajaruraldelsur.com\/wp-content\/uploads\/2015\/05\/150513-Francisco-V\u00e1zquez-en-representaci\u00f3n-de-Caja-Rural-del-Sur-y-su-Fundaci\u00f3n-que-ha-colaborado-en-Exquisitamente-la-considera-como--1024x649.jpg",960,608,true],"1536x1536":["https:\/\/fundacioncajaruraldelsur.com\/wp-content\/uploads\/2015\/05\/150513-Francisco-V\u00e1zquez-en-representaci\u00f3n-de-Caja-Rural-del-Sur-y-su-Fundaci\u00f3n-que-ha-colaborado-en-Exquisitamente-la-considera-como-.jpg",1536,973,false],"2048x2048":["https:\/\/fundacioncajaruraldelsur.com\/wp-content\/uploads\/2015\/05\/150513-Francisco-V\u00e1zquez-en-representaci\u00f3n-de-Caja-Rural-del-Sur-y-su-Fundaci\u00f3n-que-ha-colaborado-en-Exquisitamente-la-considera-como-.jpg",2048,1297,false],"trp-custom-language-flag":["https:\/\/fundacioncajaruraldelsur.com\/wp-content\/uploads\/2015\/05\/150513-Francisco-V\u00e1zquez-en-representaci\u00f3n-de-Caja-Rural-del-Sur-y-su-Fundaci\u00f3n-que-ha-colaborado-en-Exquisitamente-la-considera-como-.jpg",18,12,false],"blog-thumbnail":["https:\/\/fundacioncajaruraldelsur.com\/wp-content\/uploads\/2015\/05\/150513-Francisco-V\u00e1zquez-en-representaci\u00f3n-de-Caja-Rural-del-Sur-y-su-Fundaci\u00f3n-que-ha-colaborado-en-Exquisitamente-la-considera-como--400x200.jpg",400,200,true]},"rttpg_author":{"display_name":"Huelvaadmin","author_link":"https:\/\/fundacioncajaruraldelsur.com\/pt\/author\/huelvaadmin\/"},"rttpg_comment":0,"rttpg_category":"<a href=\"https:\/\/fundacioncajaruraldelsur.com\/pt\/category\/sin-categoria\/\" rel=\"category tag\">Sin categor\u00eda<\/a>","rttpg_excerpt":"Francisco V\u00e1zquez en\u00a0\u00a0representaci\u00f3n de Caja Rural del Sur y su Fundaci\u00f3n \u201cHuelva en estado puro\u201d. As\u00ed calific\u00f3 en breves palabras el director territorial de Huelva de Caja Rural del Sur, [&hellip;]","_links":{"self":[{"href":"https:\/\/fundacioncajaruraldelsur.com\/pt\/wp-json\/wp\/v2\/posts\/2607","targetHints":{"allow":["GET"]}}],"collection":[{"href":"https:\/\/fundacioncajaruraldelsur.com\/pt\/wp-json\/wp\/v2\/posts"}],"about":[{"href":"https:\/\/fundacioncajaruraldelsur.com\/pt\/wp-json\/wp\/v2\/types\/post"}],"author":[{"embeddable":true,"href":"https:\/\/fundacioncajaruraldelsur.com\/pt\/wp-json\/wp\/v2\/users\/4"}],"replies":[{"embeddable":true,"href":"https:\/\/fundacioncajaruraldelsur.com\/pt\/wp-json\/wp\/v2\/comments?post=2607"}],"version-history":[{"count":8,"href":"https:\/\/fundacioncajaruraldelsur.com\/pt\/wp-json\/wp\/v2\/posts\/2607\/revisions"}],"predecessor-version":[{"id":2786,"href":"https:\/\/fundacioncajaruraldelsur.com\/pt\/wp-json\/wp\/v2\/posts\/2607\/revisions\/2786"}],"wp:featuredmedia":[{"embeddable":true,"href":"https:\/\/fundacioncajaruraldelsur.com\/pt\/wp-json\/wp\/v2\/media\/2751"}],"wp:attachment":[{"href":"https:\/\/fundacioncajaruraldelsur.com\/pt\/wp-json\/wp\/v2\/media?parent=2607"}],"wp:term":[{"taxonomy":"category","embeddable":true,"href":"https:\/\/fundacioncajaruraldelsur.com\/pt\/wp-json\/wp\/v2\/categories?post=2607"},{"taxonomy":"post_tag","embeddable":true,"href":"https:\/\/fundacioncajaruraldelsur.com\/pt\/wp-json\/wp\/v2\/tags?post=2607"}],"curies":[{"name":"wp","href":"https:\/\/api.w.org\/{rel}","templated":true}]}}