{"id":2545,"date":"2015-04-28T07:35:14","date_gmt":"2015-04-28T07:35:14","guid":{"rendered":"\/?p=2545"},"modified":"2015-05-11T16:24:17","modified_gmt":"2015-05-11T16:24:17","slug":"mas-de-300-profesionales-del-aceite-y-la-aceituna-analizan-el-sector-en-el-i-foro-empresarial","status":"publish","type":"post","link":"https:\/\/fundacioncajaruraldelsur.com\/pt\/mas-de-300-profesionales-del-aceite-y-la-aceituna-analizan-el-sector-en-el-i-foro-empresarial\/","title":{"rendered":"M\u00e1s de 300 profesionales del aceite y la aceituna analizan el sector en el I Foro Empresarial"},"content":{"rendered":"<h6>La consejera de Agricultura, Pesca y Desarrollo Rural en funciones, Elena V\u00edboras, ha instado este martes al sector del aceite de oliva y la aceituna de mesa a apoyar la internacionalizaci\u00f3n ligada a la comercializaci\u00f3n, la innovaci\u00f3n como base para la competitividad y la integraci\u00f3n necesaria para aumentar la calidad.<\/h6>\n<p>Los principales directivos de las empresas l\u00edderes del mundo en aceite de oliva y aceituna de mesa han participado este martes en el Primer Foro Empresarial que ha organizado el Instituto de Estudios Cajasol en Sevilla, que ha congregado en la sede de la Fundaci\u00f3n Cajasol a m\u00e1s de 300 profesionales en el primer evento de esta \u00edndole dedicado a un sector clave de la econom\u00eda andaluza y espa\u00f1ola.<\/p>\n<p>El presidente de la Fundaci\u00f3n Cajasol, Antonio Pulido, ha inaugurado el acto junto a al presidente de la Fundaci\u00f3n Caja Rural del Sur, Jos\u00e9 Luis Garc\u00eda-Palacios, y la consejera de Agricultura, Pesca y Desarrollo Rural de la Junta de Andaluc\u00eda, Elena V\u00edboras. Ha clausurado el acto Jean Luis Barjol, presidente del Consejo Ole\u00edcola Internacional. Pulido ha destacado la importancia de este sector, que da fama a Andaluc\u00eda en todo el mundo. \u00abHablar de aceite de oliva, en cualquier lugar de este planeta, significa necesariamente hablar de Andaluc\u00eda\u00bb, ha se\u00f1alado, ya que aqu\u00ed \u00abse producen cuatro de cada diez litros de aceite que se consumen en los cinco continentes\u00bb.<\/p>\n<p>Las diferentes mesas han abordado las perspectivas actuales de este sector, como la comercializaci\u00f3n y exportaci\u00f3n, el cooperativismo, el futuro de la oleicultura y las ventajas para la salud del consumo del aceite de oliva y la aceituna.<\/p>\n<p>En la Mesa de exportaci\u00f3n y comercializaci\u00f3n, moderada por el presidente de la Agencia Andaluza de Promoci\u00f3n Exterior (Extenda), Gaspar Llanes, han intervenido los responsables de las empresas que actualmente protagonizan el mercado internacional del aceite de oliva como son el presidente de Sovena, Antonio Simoes; el director general de Acesur, Gonzalo Guill\u00e9n; el presidente de Asoliva y consejero delegado de Borges, Jos\u00e9 Pont, y el director general de Migasa, Antonio Gallego. El papel de las cooperativas ha sido abordado por el presidente de Oleoestepa, Alfredo Garc\u00eda; el presidente de Jaencoop, Crist\u00f3bal Gallego, y el gerente de Inter\u00f3leo Picual, Esteban Monblan, moderados por el presidente de Asaja-Huelva, Jos\u00e9 Luis Garc\u00eda Palacios.<\/p>\n<p>La Aceituna de Mesa ha tenido tambi\u00e9n espacio en el foro, con las intervenciones del presidente de Asemesa y Director de Estrategia de Angel Camacho SL, Carlos Camacho; el director general de Aceitunas del Guadalquivir, Francisco Escalante; el director general de Agro Sevilla, Jose Ignacio Monta\u00f1o, y el director gerente de Gea-Westfalia Separator Ib\u00e9rica, Juan Vilar.<\/p>\n<p>Las virtudes medicinales y para la salud del aceite de oliva han sido destacadas por Ram\u00f3n S\u00e1nchez-Oca\u00f1a, periodista especializado en salud; el director Cient\u00edfico de la Fundaci\u00f3n CAES (Centro de Excelencia Investigadora del Aceite), Jos\u00e9 L\u00f3pez Miranda, el escritor Juan Eslava, premio Planeta y autor del libro &#8216;Rutas del Olivo en Andaluc\u00eda&#8217;, y Jos\u00e9 Mar\u00eda Castellano, cient\u00edfico titular del Instituto de la Grasa del CSIC.<\/p>","protected":false},"excerpt":{"rendered":"<p>La consejera de Agricultura, Pesca y Desarrollo Rural en funciones, Elena V\u00edboras, ha instado este martes al sector del aceite de oliva y la aceituna de mesa a apoyar la [&hellip;]<\/p>\n","protected":false},"author":4,"featured_media":2548,"comment_status":"closed","ping_status":"open","sticky":false,"template":"","format":"standard","meta":{"footnotes":""},"categories":[74],"tags":[],"class_list":["post-2545","post","type-post","status-publish","format-standard","has-post-thumbnail","hentry","category-foros"],"yoast_head":"<!-- This site is optimized with the Yoast SEO plugin v27.3 - https:\/\/yoast.com\/product\/yoast-seo-wordpress\/ -->\n<title>M\u00e1s de 300 profesionales del aceite y la aceituna analizan el sector en el I Foro Empresarial - Fundaci\u00f3n Caja Rural del Sur<\/title>\n<meta name=\"robots\" content=\"index, follow, max-snippet:-1, max-image-preview:large, max-video-preview:-1\" \/>\n<link rel=\"canonical\" href=\"https:\/\/fundacioncajaruraldelsur.com\/pt\/mas-de-300-profesionales-del-aceite-y-la-aceituna-analizan-el-sector-en-el-i-foro-empresarial\/\" \/>\n<meta property=\"og:locale\" content=\"pt_PT\" \/>\n<meta property=\"og:type\" content=\"article\" \/>\n<meta property=\"og:title\" content=\"M\u00e1s de 300 profesionales del aceite y la aceituna analizan el sector en el I Foro Empresarial - Fundaci\u00f3n Caja Rural del Sur\" \/>\n<meta property=\"og:description\" content=\"La consejera de Agricultura, Pesca y Desarrollo Rural en funciones, Elena V\u00edboras, ha instado este martes al sector del aceite de oliva y la aceituna de mesa a apoyar la [&hellip;]\" \/>\n<meta property=\"og:url\" content=\"https:\/\/fundacioncajaruraldelsur.com\/pt\/mas-de-300-profesionales-del-aceite-y-la-aceituna-analizan-el-sector-en-el-i-foro-empresarial\/\" \/>\n<meta property=\"og:site_name\" content=\"Fundaci\u00f3n Caja Rural del Sur\" \/>\n<meta property=\"article:published_time\" content=\"2015-04-28T07:35:14+00:00\" \/>\n<meta property=\"article:modified_time\" content=\"2015-05-11T16:24:17+00:00\" \/>\n<meta property=\"og:image\" content=\"https:\/\/fundacioncajaruraldelsur.com\/wp-content\/uploads\/2015\/05\/Junta-mejorar-internacionalizacion-comercializacion-innovacion_TINIMA20150428_0138_5.jpg\" \/>\n\t<meta property=\"og:image:width\" content=\"627\" \/>\n\t<meta property=\"og:image:height\" content=\"352\" \/>\n\t<meta property=\"og:image:type\" content=\"image\/jpeg\" \/>\n<meta name=\"author\" content=\"Huelvaadmin\" \/>\n<meta name=\"twitter:card\" content=\"summary_large_image\" \/>\n<meta name=\"twitter:label1\" content=\"Written by\" \/>\n\t<meta name=\"twitter:data1\" content=\"Huelvaadmin\" \/>\n\t<meta name=\"twitter:label2\" content=\"Est. reading time\" \/>\n\t<meta name=\"twitter:data2\" content=\"3 minutes\" \/>\n<script type=\"application\/ld+json\" class=\"yoast-schema-graph\">{\"@context\":\"https:\\\/\\\/schema.org\",\"@graph\":[{\"@type\":\"Article\",\"@id\":\"https:\\\/\\\/fundacioncajaruraldelsur.com\\\/mas-de-300-profesionales-del-aceite-y-la-aceituna-analizan-el-sector-en-el-i-foro-empresarial\\\/#article\",\"isPartOf\":{\"@id\":\"https:\\\/\\\/fundacioncajaruraldelsur.com\\\/mas-de-300-profesionales-del-aceite-y-la-aceituna-analizan-el-sector-en-el-i-foro-empresarial\\\/\"},\"author\":{\"name\":\"Huelvaadmin\",\"@id\":\"https:\\\/\\\/fundacioncajaruraldelsur.com\\\/#\\\/schema\\\/person\\\/3cc097351ab55f31ece09bae985e0dff\"},\"headline\":\"M\u00e1s de 300 profesionales del aceite y la aceituna analizan el sector en el I Foro Empresarial\",\"datePublished\":\"2015-04-28T07:35:14+00:00\",\"dateModified\":\"2015-05-11T16:24:17+00:00\",\"mainEntityOfPage\":{\"@id\":\"https:\\\/\\\/fundacioncajaruraldelsur.com\\\/mas-de-300-profesionales-del-aceite-y-la-aceituna-analizan-el-sector-en-el-i-foro-empresarial\\\/\"},\"wordCount\":554,\"image\":{\"@id\":\"https:\\\/\\\/fundacioncajaruraldelsur.com\\\/mas-de-300-profesionales-del-aceite-y-la-aceituna-analizan-el-sector-en-el-i-foro-empresarial\\\/#primaryimage\"},\"thumbnailUrl\":\"https:\\\/\\\/fundacioncajaruraldelsur.com\\\/wp-content\\\/uploads\\\/2015\\\/05\\\/Junta-mejorar-internacionalizacion-comercializacion-innovacion_TINIMA20150428_0138_5.jpg\",\"articleSection\":[\"Foros\"],\"inLanguage\":\"pt-PT\"},{\"@type\":\"WebPage\",\"@id\":\"https:\\\/\\\/fundacioncajaruraldelsur.com\\\/mas-de-300-profesionales-del-aceite-y-la-aceituna-analizan-el-sector-en-el-i-foro-empresarial\\\/\",\"url\":\"https:\\\/\\\/fundacioncajaruraldelsur.com\\\/mas-de-300-profesionales-del-aceite-y-la-aceituna-analizan-el-sector-en-el-i-foro-empresarial\\\/\",\"name\":\"M\u00e1s de 300 profesionales del aceite y la aceituna analizan el sector en el I Foro Empresarial - Fundaci\u00f3n Caja Rural del Sur\",\"isPartOf\":{\"@id\":\"https:\\\/\\\/fundacioncajaruraldelsur.com\\\/#website\"},\"primaryImageOfPage\":{\"@id\":\"https:\\\/\\\/fundacioncajaruraldelsur.com\\\/mas-de-300-profesionales-del-aceite-y-la-aceituna-analizan-el-sector-en-el-i-foro-empresarial\\\/#primaryimage\"},\"image\":{\"@id\":\"https:\\\/\\\/fundacioncajaruraldelsur.com\\\/mas-de-300-profesionales-del-aceite-y-la-aceituna-analizan-el-sector-en-el-i-foro-empresarial\\\/#primaryimage\"},\"thumbnailUrl\":\"https:\\\/\\\/fundacioncajaruraldelsur.com\\\/wp-content\\\/uploads\\\/2015\\\/05\\\/Junta-mejorar-internacionalizacion-comercializacion-innovacion_TINIMA20150428_0138_5.jpg\",\"datePublished\":\"2015-04-28T07:35:14+00:00\",\"dateModified\":\"2015-05-11T16:24:17+00:00\",\"author\":{\"@id\":\"https:\\\/\\\/fundacioncajaruraldelsur.com\\\/#\\\/schema\\\/person\\\/3cc097351ab55f31ece09bae985e0dff\"},\"breadcrumb\":{\"@id\":\"https:\\\/\\\/fundacioncajaruraldelsur.com\\\/mas-de-300-profesionales-del-aceite-y-la-aceituna-analizan-el-sector-en-el-i-foro-empresarial\\\/#breadcrumb\"},\"inLanguage\":\"pt-PT\",\"potentialAction\":[{\"@type\":\"ReadAction\",\"target\":[\"https:\\\/\\\/fundacioncajaruraldelsur.com\\\/mas-de-300-profesionales-del-aceite-y-la-aceituna-analizan-el-sector-en-el-i-foro-empresarial\\\/\"]}]},{\"@type\":\"ImageObject\",\"inLanguage\":\"pt-PT\",\"@id\":\"https:\\\/\\\/fundacioncajaruraldelsur.com\\\/mas-de-300-profesionales-del-aceite-y-la-aceituna-analizan-el-sector-en-el-i-foro-empresarial\\\/#primaryimage\",\"url\":\"https:\\\/\\\/fundacioncajaruraldelsur.com\\\/wp-content\\\/uploads\\\/2015\\\/05\\\/Junta-mejorar-internacionalizacion-comercializacion-innovacion_TINIMA20150428_0138_5.jpg\",\"contentUrl\":\"https:\\\/\\\/fundacioncajaruraldelsur.com\\\/wp-content\\\/uploads\\\/2015\\\/05\\\/Junta-mejorar-internacionalizacion-comercializacion-innovacion_TINIMA20150428_0138_5.jpg\",\"width\":627,\"height\":352},{\"@type\":\"BreadcrumbList\",\"@id\":\"https:\\\/\\\/fundacioncajaruraldelsur.com\\\/mas-de-300-profesionales-del-aceite-y-la-aceituna-analizan-el-sector-en-el-i-foro-empresarial\\\/#breadcrumb\",\"itemListElement\":[{\"@type\":\"ListItem\",\"position\":1,\"name\":\"Portada\",\"item\":\"https:\\\/\\\/fundacioncajaruraldelsur.com\\\/\"},{\"@type\":\"ListItem\",\"position\":2,\"name\":\"M\u00e1s de 300 profesionales del aceite y la aceituna analizan el sector en el I Foro Empresarial\"}]},{\"@type\":\"WebSite\",\"@id\":\"https:\\\/\\\/fundacioncajaruraldelsur.com\\\/#website\",\"url\":\"https:\\\/\\\/fundacioncajaruraldelsur.com\\\/\",\"name\":\"Fundaci\u00f3n Caja Rural del Sur\",\"description\":\"\",\"potentialAction\":[{\"@type\":\"SearchAction\",\"target\":{\"@type\":\"EntryPoint\",\"urlTemplate\":\"https:\\\/\\\/fundacioncajaruraldelsur.com\\\/?s={search_term_string}\"},\"query-input\":{\"@type\":\"PropertyValueSpecification\",\"valueRequired\":true,\"valueName\":\"search_term_string\"}}],\"inLanguage\":\"pt-PT\"},{\"@type\":\"Person\",\"@id\":\"https:\\\/\\\/fundacioncajaruraldelsur.com\\\/#\\\/schema\\\/person\\\/3cc097351ab55f31ece09bae985e0dff\",\"name\":\"Huelvaadmin\",\"image\":{\"@type\":\"ImageObject\",\"inLanguage\":\"pt-PT\",\"@id\":\"https:\\\/\\\/secure.gravatar.com\\\/avatar\\\/844b95d9bb5bedef6ef3f07e4ac357114f2d6f55fe0799f36cbe3975aebd8bcc?s=96&d=blank&r=g\",\"url\":\"https:\\\/\\\/secure.gravatar.com\\\/avatar\\\/844b95d9bb5bedef6ef3f07e4ac357114f2d6f55fe0799f36cbe3975aebd8bcc?s=96&d=blank&r=g\",\"contentUrl\":\"https:\\\/\\\/secure.gravatar.com\\\/avatar\\\/844b95d9bb5bedef6ef3f07e4ac357114f2d6f55fe0799f36cbe3975aebd8bcc?s=96&d=blank&r=g\",\"caption\":\"Huelvaadmin\"}}]}<\/script>\n<!-- \/ Yoast SEO plugin. -->","yoast_head_json":{"title":"M\u00e1s de 300 profesionales del aceite y la aceituna analizan el sector en el I Foro Empresarial - Fundaci\u00f3n Caja Rural del Sur","robots":{"index":"index","follow":"follow","max-snippet":"max-snippet:-1","max-image-preview":"max-image-preview:large","max-video-preview":"max-video-preview:-1"},"canonical":"https:\/\/fundacioncajaruraldelsur.com\/pt\/mas-de-300-profesionales-del-aceite-y-la-aceituna-analizan-el-sector-en-el-i-foro-empresarial\/","og_locale":"pt_PT","og_type":"article","og_title":"M\u00e1s de 300 profesionales del aceite y la aceituna analizan el sector en el I Foro Empresarial - Fundaci\u00f3n Caja Rural del Sur","og_description":"La consejera de Agricultura, Pesca y Desarrollo Rural en funciones, Elena V\u00edboras, ha instado este martes al sector del aceite de oliva y la aceituna de mesa a apoyar la [&hellip;]","og_url":"https:\/\/fundacioncajaruraldelsur.com\/pt\/mas-de-300-profesionales-del-aceite-y-la-aceituna-analizan-el-sector-en-el-i-foro-empresarial\/","og_site_name":"Fundaci\u00f3n Caja Rural del Sur","article_published_time":"2015-04-28T07:35:14+00:00","article_modified_time":"2015-05-11T16:24:17+00:00","og_image":[{"width":627,"height":352,"url":"https:\/\/fundacioncajaruraldelsur.com\/wp-content\/uploads\/2015\/05\/Junta-mejorar-internacionalizacion-comercializacion-innovacion_TINIMA20150428_0138_5.jpg","type":"image\/jpeg"}],"author":"Huelvaadmin","twitter_card":"summary_large_image","twitter_misc":{"Written by":"Huelvaadmin","Est. reading time":"3 minutes"},"schema":{"@context":"https:\/\/schema.org","@graph":[{"@type":"Article","@id":"https:\/\/fundacioncajaruraldelsur.com\/mas-de-300-profesionales-del-aceite-y-la-aceituna-analizan-el-sector-en-el-i-foro-empresarial\/#article","isPartOf":{"@id":"https:\/\/fundacioncajaruraldelsur.com\/mas-de-300-profesionales-del-aceite-y-la-aceituna-analizan-el-sector-en-el-i-foro-empresarial\/"},"author":{"name":"Huelvaadmin","@id":"https:\/\/fundacioncajaruraldelsur.com\/#\/schema\/person\/3cc097351ab55f31ece09bae985e0dff"},"headline":"M\u00e1s de 300 profesionales del aceite y la aceituna analizan el sector en el I Foro Empresarial","datePublished":"2015-04-28T07:35:14+00:00","dateModified":"2015-05-11T16:24:17+00:00","mainEntityOfPage":{"@id":"https:\/\/fundacioncajaruraldelsur.com\/mas-de-300-profesionales-del-aceite-y-la-aceituna-analizan-el-sector-en-el-i-foro-empresarial\/"},"wordCount":554,"image":{"@id":"https:\/\/fundacioncajaruraldelsur.com\/mas-de-300-profesionales-del-aceite-y-la-aceituna-analizan-el-sector-en-el-i-foro-empresarial\/#primaryimage"},"thumbnailUrl":"https:\/\/fundacioncajaruraldelsur.com\/wp-content\/uploads\/2015\/05\/Junta-mejorar-internacionalizacion-comercializacion-innovacion_TINIMA20150428_0138_5.jpg","articleSection":["Foros"],"inLanguage":"pt-PT"},{"@type":"WebPage","@id":"https:\/\/fundacioncajaruraldelsur.com\/mas-de-300-profesionales-del-aceite-y-la-aceituna-analizan-el-sector-en-el-i-foro-empresarial\/","url":"https:\/\/fundacioncajaruraldelsur.com\/mas-de-300-profesionales-del-aceite-y-la-aceituna-analizan-el-sector-en-el-i-foro-empresarial\/","name":"M\u00e1s de 300 profesionales del aceite y la aceituna analizan el sector en el I Foro Empresarial - Fundaci\u00f3n Caja Rural del Sur","isPartOf":{"@id":"https:\/\/fundacioncajaruraldelsur.com\/#website"},"primaryImageOfPage":{"@id":"https:\/\/fundacioncajaruraldelsur.com\/mas-de-300-profesionales-del-aceite-y-la-aceituna-analizan-el-sector-en-el-i-foro-empresarial\/#primaryimage"},"image":{"@id":"https:\/\/fundacioncajaruraldelsur.com\/mas-de-300-profesionales-del-aceite-y-la-aceituna-analizan-el-sector-en-el-i-foro-empresarial\/#primaryimage"},"thumbnailUrl":"https:\/\/fundacioncajaruraldelsur.com\/wp-content\/uploads\/2015\/05\/Junta-mejorar-internacionalizacion-comercializacion-innovacion_TINIMA20150428_0138_5.jpg","datePublished":"2015-04-28T07:35:14+00:00","dateModified":"2015-05-11T16:24:17+00:00","author":{"@id":"https:\/\/fundacioncajaruraldelsur.com\/#\/schema\/person\/3cc097351ab55f31ece09bae985e0dff"},"breadcrumb":{"@id":"https:\/\/fundacioncajaruraldelsur.com\/mas-de-300-profesionales-del-aceite-y-la-aceituna-analizan-el-sector-en-el-i-foro-empresarial\/#breadcrumb"},"inLanguage":"pt-PT","potentialAction":[{"@type":"ReadAction","target":["https:\/\/fundacioncajaruraldelsur.com\/mas-de-300-profesionales-del-aceite-y-la-aceituna-analizan-el-sector-en-el-i-foro-empresarial\/"]}]},{"@type":"ImageObject","inLanguage":"pt-PT","@id":"https:\/\/fundacioncajaruraldelsur.com\/mas-de-300-profesionales-del-aceite-y-la-aceituna-analizan-el-sector-en-el-i-foro-empresarial\/#primaryimage","url":"https:\/\/fundacioncajaruraldelsur.com\/wp-content\/uploads\/2015\/05\/Junta-mejorar-internacionalizacion-comercializacion-innovacion_TINIMA20150428_0138_5.jpg","contentUrl":"https:\/\/fundacioncajaruraldelsur.com\/wp-content\/uploads\/2015\/05\/Junta-mejorar-internacionalizacion-comercializacion-innovacion_TINIMA20150428_0138_5.jpg","width":627,"height":352},{"@type":"BreadcrumbList","@id":"https:\/\/fundacioncajaruraldelsur.com\/mas-de-300-profesionales-del-aceite-y-la-aceituna-analizan-el-sector-en-el-i-foro-empresarial\/#breadcrumb","itemListElement":[{"@type":"ListItem","position":1,"name":"Portada","item":"https:\/\/fundacioncajaruraldelsur.com\/"},{"@type":"ListItem","position":2,"name":"M\u00e1s de 300 profesionales del aceite y la aceituna analizan el sector en el I Foro Empresarial"}]},{"@type":"WebSite","@id":"https:\/\/fundacioncajaruraldelsur.com\/#website","url":"https:\/\/fundacioncajaruraldelsur.com\/","name":"Funda\u00e7\u00e3o Caja Rural del Sur","description":"","potentialAction":[{"@type":"SearchAction","target":{"@type":"EntryPoint","urlTemplate":"https:\/\/fundacioncajaruraldelsur.com\/?s={search_term_string}"},"query-input":{"@type":"PropertyValueSpecification","valueRequired":true,"valueName":"search_term_string"}}],"inLanguage":"pt-PT"},{"@type":"Person","@id":"https:\/\/fundacioncajaruraldelsur.com\/#\/schema\/person\/3cc097351ab55f31ece09bae985e0dff","name":"Huelvaadmin","image":{"@type":"ImageObject","inLanguage":"pt-PT","@id":"https:\/\/secure.gravatar.com\/avatar\/844b95d9bb5bedef6ef3f07e4ac357114f2d6f55fe0799f36cbe3975aebd8bcc?s=96&d=blank&r=g","url":"https:\/\/secure.gravatar.com\/avatar\/844b95d9bb5bedef6ef3f07e4ac357114f2d6f55fe0799f36cbe3975aebd8bcc?s=96&d=blank&r=g","contentUrl":"https:\/\/secure.gravatar.com\/avatar\/844b95d9bb5bedef6ef3f07e4ac357114f2d6f55fe0799f36cbe3975aebd8bcc?s=96&d=blank&r=g","caption":"Huelvaadmin"}}]}},"rttpg_featured_image_url":{"full":["https:\/\/fundacioncajaruraldelsur.com\/wp-content\/uploads\/2015\/05\/Junta-mejorar-internacionalizacion-comercializacion-innovacion_TINIMA20150428_0138_5.jpg",627,352,false],"landscape":["https:\/\/fundacioncajaruraldelsur.com\/wp-content\/uploads\/2015\/05\/Junta-mejorar-internacionalizacion-comercializacion-innovacion_TINIMA20150428_0138_5.jpg",627,352,false],"portraits":["https:\/\/fundacioncajaruraldelsur.com\/wp-content\/uploads\/2015\/05\/Junta-mejorar-internacionalizacion-comercializacion-innovacion_TINIMA20150428_0138_5.jpg",627,352,false],"thumbnail":["https:\/\/fundacioncajaruraldelsur.com\/wp-content\/uploads\/2015\/05\/Junta-mejorar-internacionalizacion-comercializacion-innovacion_TINIMA20150428_0138_5-150x150.jpg",150,150,true],"medium":["https:\/\/fundacioncajaruraldelsur.com\/wp-content\/uploads\/2015\/05\/Junta-mejorar-internacionalizacion-comercializacion-innovacion_TINIMA20150428_0138_5-300x168.jpg",300,168,true],"large":["https:\/\/fundacioncajaruraldelsur.com\/wp-content\/uploads\/2015\/05\/Junta-mejorar-internacionalizacion-comercializacion-innovacion_TINIMA20150428_0138_5.jpg",627,352,false],"1536x1536":["https:\/\/fundacioncajaruraldelsur.com\/wp-content\/uploads\/2015\/05\/Junta-mejorar-internacionalizacion-comercializacion-innovacion_TINIMA20150428_0138_5.jpg",627,352,false],"2048x2048":["https:\/\/fundacioncajaruraldelsur.com\/wp-content\/uploads\/2015\/05\/Junta-mejorar-internacionalizacion-comercializacion-innovacion_TINIMA20150428_0138_5.jpg",627,352,false],"trp-custom-language-flag":["https:\/\/fundacioncajaruraldelsur.com\/wp-content\/uploads\/2015\/05\/Junta-mejorar-internacionalizacion-comercializacion-innovacion_TINIMA20150428_0138_5.jpg",18,10,false],"blog-thumbnail":["https:\/\/fundacioncajaruraldelsur.com\/wp-content\/uploads\/2015\/05\/Junta-mejorar-internacionalizacion-comercializacion-innovacion_TINIMA20150428_0138_5-400x200.jpg",400,200,true]},"rttpg_author":{"display_name":"Huelvaadmin","author_link":"https:\/\/fundacioncajaruraldelsur.com\/pt\/author\/huelvaadmin\/"},"rttpg_comment":0,"rttpg_category":"<a href=\"https:\/\/fundacioncajaruraldelsur.com\/pt\/category\/foros\/\" rel=\"category tag\">Foros<\/a>","rttpg_excerpt":"La consejera de Agricultura, Pesca y Desarrollo Rural en funciones, Elena V\u00edboras, ha instado este martes al sector del aceite de oliva y la aceituna de mesa a apoyar la [&hellip;]","_links":{"self":[{"href":"https:\/\/fundacioncajaruraldelsur.com\/pt\/wp-json\/wp\/v2\/posts\/2545","targetHints":{"allow":["GET"]}}],"collection":[{"href":"https:\/\/fundacioncajaruraldelsur.com\/pt\/wp-json\/wp\/v2\/posts"}],"about":[{"href":"https:\/\/fundacioncajaruraldelsur.com\/pt\/wp-json\/wp\/v2\/types\/post"}],"author":[{"embeddable":true,"href":"https:\/\/fundacioncajaruraldelsur.com\/pt\/wp-json\/wp\/v2\/users\/4"}],"replies":[{"embeddable":true,"href":"https:\/\/fundacioncajaruraldelsur.com\/pt\/wp-json\/wp\/v2\/comments?post=2545"}],"version-history":[{"count":4,"href":"https:\/\/fundacioncajaruraldelsur.com\/pt\/wp-json\/wp\/v2\/posts\/2545\/revisions"}],"predecessor-version":[{"id":2550,"href":"https:\/\/fundacioncajaruraldelsur.com\/pt\/wp-json\/wp\/v2\/posts\/2545\/revisions\/2550"}],"wp:featuredmedia":[{"embeddable":true,"href":"https:\/\/fundacioncajaruraldelsur.com\/pt\/wp-json\/wp\/v2\/media\/2548"}],"wp:attachment":[{"href":"https:\/\/fundacioncajaruraldelsur.com\/pt\/wp-json\/wp\/v2\/media?parent=2545"}],"wp:term":[{"taxonomy":"category","embeddable":true,"href":"https:\/\/fundacioncajaruraldelsur.com\/pt\/wp-json\/wp\/v2\/categories?post=2545"},{"taxonomy":"post_tag","embeddable":true,"href":"https:\/\/fundacioncajaruraldelsur.com\/pt\/wp-json\/wp\/v2\/tags?post=2545"}],"curies":[{"name":"wp","href":"https:\/\/api.w.org\/{rel}","templated":true}]}}