{"id":2401,"date":"2014-07-17T09:58:57","date_gmt":"2014-07-17T09:58:57","guid":{"rendered":"\/?p=2401"},"modified":"2015-06-26T07:36:54","modified_gmt":"2015-06-26T07:36:54","slug":"entregados-los-premios-mildiu-pedro-cabezuelo-con-el-patrocinio-de-fundacion-caja-rural-del-sur-cordoba","status":"publish","type":"post","link":"https:\/\/fundacioncajaruraldelsur.com\/pt\/entregados-los-premios-mildiu-pedro-cabezuelo-con-el-patrocinio-de-fundacion-caja-rural-del-sur-cordoba\/","title":{"rendered":"ENTREGADOS LOS PREMIOS MILDIU \u2018PEDRO CABEZUELO\u2019 CON EL PATROCINIO DE FUNDACION CAJA RURAL DEL SUR-CORDOBA"},"content":{"rendered":"<h6>Muchos viticultores asistieron a la entrega de los premios Mildiu &#8216;Pedro Cabezuelo&#8217;, que organiza Caja Rural del Sur-C\u00f3rdoba con su Fundaci\u00f3n.<\/h6>\n<p><strong>El acto tuvo lugar en la Cooperativa San Juan Acacio de Montemayor<\/strong><\/p>\n<p>El viticultor Juan Manuel Luque Recio, de Montemayor, \u00a0ha sido el primero de los premiados en el concurso \u2018Pedro Cabezuelo\u2019, que promueve Caja Rural del Sur-C\u00f3rdoba, a trav\u00e9s de su Fundaci\u00f3n, con el objetivo de fomentar la localizaci\u00f3n precoz de las primeras manchas de mildiu en los vi\u00f1edos del marco Montilla-Moriles. El segundo, tercero y cuarto premio fueron para \u00c1ngel Ayala Mar\u00edn, tambi\u00e9n de Montemayor, Juan Luque Torres, de La Rambla y Jos\u00e9 Antonio P\u00e9rez Garrido, de Aguilar de la Frontera.<\/p>\n<p>Estos premios Mildiu, como com\u00fanmente son llamados, se denominan \u2018Pedro Cabezuelo\u2019 porque fue el promotor de la idea hace ahora 28 a\u00f1os, siendo en esos a\u00f1os Jefe de Sanidad Vegetal de la Provincia de C\u00f3rdoba y desde entonces Caja Rural ha ido de la mano. Con la actuaci\u00f3n vigilante de los viticultores detectando la mancha de la enfermedad se puede comunicar a tiempo a la Delegaci\u00f3n Provincial de Agricultura y \u00e9sta da el aviso de la existencia del hongo al resto de vi\u00f1edos para que sea a partir de ese momento cuando se hagan los tratamientos, que a veces hasta se han logrado evitar.<\/p>\n<p>El acto de entrega de premios, que tuvo lugar en el museo del Vino Memorial de Pedro Xim\u00e9nez, enclavado en la cooperativa San Acacio de Montemayor, cont\u00f3 con la participaci\u00f3n del delegado territorial de Agricultura, Francisco Jos\u00e9 Zurera Arag\u00f3n; Juana Torres Jim\u00e9nez, teniente alcalde del Ayuntamiento de Montemayor; Ricardo L\u00f3pez-Crespo Delgado, miembro del Consejo Rector de Caja Rural del Sur; Juan Rafael Portero, vicepresidente del Consejo Regulador Montilla Moriles; y Pedro Moreno Carmona, presidente de la Cooperativa San Acacio de Montemayor.<\/p>\n<p>En su intervenci\u00f3n, despu\u00e9s de la entrega de los premios, el delegado de Agricultura, Pesca y Medio Ambiente de C\u00f3rdoba alab\u00f3 esta iniciativa impulsada hace tres d\u00e9cadas por el entonces jefe del servicio de Sanidad Vegetal, Pedro Cabezuelo y apoyada desde la Fundaci\u00f3n Caja Rural. \u00abLa comunicaci\u00f3n de la detecci\u00f3n precoz de la enfermedad \u2013se\u00f1al\u00f3- es fundamental para que no se extienda y para evitar que pueda provocar da\u00f1os importantes en nuestros vi\u00f1edos\u00bb, por ello agradeci\u00f3 la \u00abvigilancia constante\u00bb por parte de los propios viticultores.<\/p>\n<p>Por su parte, Ricardo L\u00f3pez-Crespo, en nombre de Caja Rural del Sur-C\u00f3rdoba y como miembro de su Consejo Rector, record\u00f3 el apoyo desde hace ya muchos a\u00f1os a estos premios, asegurando que \u201cse va a seguir manteniendo en pr\u00f3ximas ediciones ya que las dos cajas rurales fusionadas tienen un compromiso con la agricultura y con el mundo cooperativo y quieren estar cerca de la actividad agro-alimentaria de la provincia y m\u00e1s ahora en la que se cuenta con una entidad fuerte, s\u00f3lida, con ganas de crecer en servicios y atenci\u00f3n a las necesidades de sus clientes\u201d. Felicit\u00f3 a los premiados por la extraordinaria labor realizada que viene acreditada por la misma permanencia de estos premios desde hace casi treinta a\u00f1os y el prestigio que tienen en el sector viticultor de la provincia de C\u00f3rdoba.<\/p>\n<p>Por su parte, Juan Rafael Portero, vicepresidente del Consejo Regulador Montilla Moriles, se mostr\u00f3 convencido de que el concurso promovido por la\u00a0 Fundaci\u00f3n \u00a0Caja Rural \u00abha ayudado a controlar los problemas fitosanitarios en nuestras vides, lo que ha contribuido, igualmente, a mantener y mejorar la extraordinaria calidad de nuestros vinos\u00bb.<\/p>","protected":false},"excerpt":{"rendered":"<p>Muchos viticultores asistieron a la entrega de los premios Mildiu &#8216;Pedro Cabezuelo&#8217;, que organiza Caja Rural del Sur-C\u00f3rdoba con su Fundaci\u00f3n. El acto tuvo lugar en la Cooperativa San Juan [&hellip;]<\/p>\n","protected":false},"author":4,"featured_media":2783,"comment_status":"closed","ping_status":"open","sticky":false,"template":"","format":"standard","meta":{"footnotes":""},"categories":[66,64],"tags":[],"class_list":["post-2401","post","type-post","status-publish","format-standard","has-post-thumbnail","hentry","category-actos","category-premios"],"yoast_head":"<!-- This site is optimized with the Yoast SEO plugin v27.3 - https:\/\/yoast.com\/product\/yoast-seo-wordpress\/ -->\n<title>ENTREGADOS LOS PREMIOS MILDIU \u2018PEDRO CABEZUELO\u2019 CON EL PATROCINIO DE FUNDACION CAJA RURAL DEL SUR-CORDOBA - Fundaci\u00f3n Caja Rural del Sur<\/title>\n<meta name=\"robots\" content=\"index, follow, max-snippet:-1, max-image-preview:large, max-video-preview:-1\" \/>\n<link rel=\"canonical\" href=\"https:\/\/fundacioncajaruraldelsur.com\/pt\/entregados-los-premios-mildiu-pedro-cabezuelo-con-el-patrocinio-de-fundacion-caja-rural-del-sur-cordoba\/\" \/>\n<meta property=\"og:locale\" content=\"pt_PT\" \/>\n<meta property=\"og:type\" content=\"article\" \/>\n<meta property=\"og:title\" content=\"ENTREGADOS LOS PREMIOS MILDIU \u2018PEDRO CABEZUELO\u2019 CON EL PATROCINIO DE FUNDACION CAJA RURAL DEL SUR-CORDOBA - Fundaci\u00f3n Caja Rural del Sur\" \/>\n<meta property=\"og:description\" content=\"Muchos viticultores asistieron a la entrega de los premios Mildiu &#8216;Pedro Cabezuelo&#8217;, que organiza Caja Rural del Sur-C\u00f3rdoba con su Fundaci\u00f3n. El acto tuvo lugar en la Cooperativa San Juan [&hellip;]\" \/>\n<meta property=\"og:url\" content=\"https:\/\/fundacioncajaruraldelsur.com\/pt\/entregados-los-premios-mildiu-pedro-cabezuelo-con-el-patrocinio-de-fundacion-caja-rural-del-sur-cordoba\/\" \/>\n<meta property=\"og:site_name\" content=\"Fundaci\u00f3n Caja Rural del Sur\" \/>\n<meta property=\"article:published_time\" content=\"2014-07-17T09:58:57+00:00\" \/>\n<meta property=\"article:modified_time\" content=\"2015-06-26T07:36:54+00:00\" \/>\n<meta property=\"og:image\" content=\"https:\/\/fundacioncajaruraldelsur.com\/wp-content\/uploads\/2014\/07\/140717.Muchos-viticultores-asistieron-a-la-entrega-de-los-premios-Mildiu-Pedro-Cabezuelo-que-organiza-Caja-Rural-del-Sur-C\u00f3rdoba-con-su-Fundaci\u00f3n.jpg\" \/>\n\t<meta property=\"og:image:width\" content=\"960\" \/>\n\t<meta property=\"og:image:height\" content=\"720\" \/>\n\t<meta property=\"og:image:type\" content=\"image\/jpeg\" \/>\n<meta name=\"author\" content=\"Huelvaadmin\" \/>\n<meta name=\"twitter:card\" content=\"summary_large_image\" \/>\n<meta name=\"twitter:label1\" content=\"Written by\" \/>\n\t<meta name=\"twitter:data1\" content=\"Huelvaadmin\" \/>\n\t<meta name=\"twitter:label2\" content=\"Est. reading time\" \/>\n\t<meta name=\"twitter:data2\" content=\"3 minutes\" \/>\n<script type=\"application\/ld+json\" class=\"yoast-schema-graph\">{\"@context\":\"https:\\\/\\\/schema.org\",\"@graph\":[{\"@type\":\"Article\",\"@id\":\"https:\\\/\\\/fundacioncajaruraldelsur.com\\\/entregados-los-premios-mildiu-pedro-cabezuelo-con-el-patrocinio-de-fundacion-caja-rural-del-sur-cordoba\\\/#article\",\"isPartOf\":{\"@id\":\"https:\\\/\\\/fundacioncajaruraldelsur.com\\\/entregados-los-premios-mildiu-pedro-cabezuelo-con-el-patrocinio-de-fundacion-caja-rural-del-sur-cordoba\\\/\"},\"author\":{\"name\":\"Huelvaadmin\",\"@id\":\"https:\\\/\\\/fundacioncajaruraldelsur.com\\\/#\\\/schema\\\/person\\\/3cc097351ab55f31ece09bae985e0dff\"},\"headline\":\"ENTREGADOS LOS PREMIOS MILDIU \u2018PEDRO CABEZUELO\u2019 CON EL PATROCINIO DE FUNDACION CAJA RURAL DEL SUR-CORDOBA\",\"datePublished\":\"2014-07-17T09:58:57+00:00\",\"dateModified\":\"2015-06-26T07:36:54+00:00\",\"mainEntityOfPage\":{\"@id\":\"https:\\\/\\\/fundacioncajaruraldelsur.com\\\/entregados-los-premios-mildiu-pedro-cabezuelo-con-el-patrocinio-de-fundacion-caja-rural-del-sur-cordoba\\\/\"},\"wordCount\":625,\"image\":{\"@id\":\"https:\\\/\\\/fundacioncajaruraldelsur.com\\\/entregados-los-premios-mildiu-pedro-cabezuelo-con-el-patrocinio-de-fundacion-caja-rural-del-sur-cordoba\\\/#primaryimage\"},\"thumbnailUrl\":\"https:\\\/\\\/fundacioncajaruraldelsur.com\\\/wp-content\\\/uploads\\\/2014\\\/07\\\/140717.Muchos-viticultores-asistieron-a-la-entrega-de-los-premios-Mildiu-Pedro-Cabezuelo-que-organiza-Caja-Rural-del-Sur-C\u00f3rdoba-con-su-Fundaci\u00f3n.jpg\",\"articleSection\":[\"Actos\",\"Premios\"],\"inLanguage\":\"pt-PT\"},{\"@type\":\"WebPage\",\"@id\":\"https:\\\/\\\/fundacioncajaruraldelsur.com\\\/entregados-los-premios-mildiu-pedro-cabezuelo-con-el-patrocinio-de-fundacion-caja-rural-del-sur-cordoba\\\/\",\"url\":\"https:\\\/\\\/fundacioncajaruraldelsur.com\\\/entregados-los-premios-mildiu-pedro-cabezuelo-con-el-patrocinio-de-fundacion-caja-rural-del-sur-cordoba\\\/\",\"name\":\"ENTREGADOS LOS PREMIOS MILDIU \u2018PEDRO CABEZUELO\u2019 CON EL PATROCINIO DE FUNDACION CAJA RURAL DEL SUR-CORDOBA - Fundaci\u00f3n Caja Rural del Sur\",\"isPartOf\":{\"@id\":\"https:\\\/\\\/fundacioncajaruraldelsur.com\\\/#website\"},\"primaryImageOfPage\":{\"@id\":\"https:\\\/\\\/fundacioncajaruraldelsur.com\\\/entregados-los-premios-mildiu-pedro-cabezuelo-con-el-patrocinio-de-fundacion-caja-rural-del-sur-cordoba\\\/#primaryimage\"},\"image\":{\"@id\":\"https:\\\/\\\/fundacioncajaruraldelsur.com\\\/entregados-los-premios-mildiu-pedro-cabezuelo-con-el-patrocinio-de-fundacion-caja-rural-del-sur-cordoba\\\/#primaryimage\"},\"thumbnailUrl\":\"https:\\\/\\\/fundacioncajaruraldelsur.com\\\/wp-content\\\/uploads\\\/2014\\\/07\\\/140717.Muchos-viticultores-asistieron-a-la-entrega-de-los-premios-Mildiu-Pedro-Cabezuelo-que-organiza-Caja-Rural-del-Sur-C\u00f3rdoba-con-su-Fundaci\u00f3n.jpg\",\"datePublished\":\"2014-07-17T09:58:57+00:00\",\"dateModified\":\"2015-06-26T07:36:54+00:00\",\"author\":{\"@id\":\"https:\\\/\\\/fundacioncajaruraldelsur.com\\\/#\\\/schema\\\/person\\\/3cc097351ab55f31ece09bae985e0dff\"},\"breadcrumb\":{\"@id\":\"https:\\\/\\\/fundacioncajaruraldelsur.com\\\/entregados-los-premios-mildiu-pedro-cabezuelo-con-el-patrocinio-de-fundacion-caja-rural-del-sur-cordoba\\\/#breadcrumb\"},\"inLanguage\":\"pt-PT\",\"potentialAction\":[{\"@type\":\"ReadAction\",\"target\":[\"https:\\\/\\\/fundacioncajaruraldelsur.com\\\/entregados-los-premios-mildiu-pedro-cabezuelo-con-el-patrocinio-de-fundacion-caja-rural-del-sur-cordoba\\\/\"]}]},{\"@type\":\"ImageObject\",\"inLanguage\":\"pt-PT\",\"@id\":\"https:\\\/\\\/fundacioncajaruraldelsur.com\\\/entregados-los-premios-mildiu-pedro-cabezuelo-con-el-patrocinio-de-fundacion-caja-rural-del-sur-cordoba\\\/#primaryimage\",\"url\":\"https:\\\/\\\/fundacioncajaruraldelsur.com\\\/wp-content\\\/uploads\\\/2014\\\/07\\\/140717.Muchos-viticultores-asistieron-a-la-entrega-de-los-premios-Mildiu-Pedro-Cabezuelo-que-organiza-Caja-Rural-del-Sur-C\u00f3rdoba-con-su-Fundaci\u00f3n.jpg\",\"contentUrl\":\"https:\\\/\\\/fundacioncajaruraldelsur.com\\\/wp-content\\\/uploads\\\/2014\\\/07\\\/140717.Muchos-viticultores-asistieron-a-la-entrega-de-los-premios-Mildiu-Pedro-Cabezuelo-que-organiza-Caja-Rural-del-Sur-C\u00f3rdoba-con-su-Fundaci\u00f3n.jpg\",\"width\":960,\"height\":720},{\"@type\":\"BreadcrumbList\",\"@id\":\"https:\\\/\\\/fundacioncajaruraldelsur.com\\\/entregados-los-premios-mildiu-pedro-cabezuelo-con-el-patrocinio-de-fundacion-caja-rural-del-sur-cordoba\\\/#breadcrumb\",\"itemListElement\":[{\"@type\":\"ListItem\",\"position\":1,\"name\":\"Portada\",\"item\":\"https:\\\/\\\/fundacioncajaruraldelsur.com\\\/\"},{\"@type\":\"ListItem\",\"position\":2,\"name\":\"ENTREGADOS LOS PREMIOS MILDIU \u2018PEDRO CABEZUELO\u2019 CON EL PATROCINIO DE FUNDACION CAJA RURAL DEL SUR-CORDOBA\"}]},{\"@type\":\"WebSite\",\"@id\":\"https:\\\/\\\/fundacioncajaruraldelsur.com\\\/#website\",\"url\":\"https:\\\/\\\/fundacioncajaruraldelsur.com\\\/\",\"name\":\"Fundaci\u00f3n Caja Rural del Sur\",\"description\":\"\",\"potentialAction\":[{\"@type\":\"SearchAction\",\"target\":{\"@type\":\"EntryPoint\",\"urlTemplate\":\"https:\\\/\\\/fundacioncajaruraldelsur.com\\\/?s={search_term_string}\"},\"query-input\":{\"@type\":\"PropertyValueSpecification\",\"valueRequired\":true,\"valueName\":\"search_term_string\"}}],\"inLanguage\":\"pt-PT\"},{\"@type\":\"Person\",\"@id\":\"https:\\\/\\\/fundacioncajaruraldelsur.com\\\/#\\\/schema\\\/person\\\/3cc097351ab55f31ece09bae985e0dff\",\"name\":\"Huelvaadmin\",\"image\":{\"@type\":\"ImageObject\",\"inLanguage\":\"pt-PT\",\"@id\":\"https:\\\/\\\/secure.gravatar.com\\\/avatar\\\/844b95d9bb5bedef6ef3f07e4ac357114f2d6f55fe0799f36cbe3975aebd8bcc?s=96&d=blank&r=g\",\"url\":\"https:\\\/\\\/secure.gravatar.com\\\/avatar\\\/844b95d9bb5bedef6ef3f07e4ac357114f2d6f55fe0799f36cbe3975aebd8bcc?s=96&d=blank&r=g\",\"contentUrl\":\"https:\\\/\\\/secure.gravatar.com\\\/avatar\\\/844b95d9bb5bedef6ef3f07e4ac357114f2d6f55fe0799f36cbe3975aebd8bcc?s=96&d=blank&r=g\",\"caption\":\"Huelvaadmin\"}}]}<\/script>\n<!-- \/ Yoast SEO plugin. -->","yoast_head_json":{"title":"ENTREGADOS LOS PREMIOS MILDIU \u2018PEDRO CABEZUELO\u2019 CON EL PATROCINIO DE FUNDACION CAJA RURAL DEL SUR-CORDOBA - Fundaci\u00f3n Caja Rural del Sur","robots":{"index":"index","follow":"follow","max-snippet":"max-snippet:-1","max-image-preview":"max-image-preview:large","max-video-preview":"max-video-preview:-1"},"canonical":"https:\/\/fundacioncajaruraldelsur.com\/pt\/entregados-los-premios-mildiu-pedro-cabezuelo-con-el-patrocinio-de-fundacion-caja-rural-del-sur-cordoba\/","og_locale":"pt_PT","og_type":"article","og_title":"ENTREGADOS LOS PREMIOS MILDIU \u2018PEDRO CABEZUELO\u2019 CON EL PATROCINIO DE FUNDACION CAJA RURAL DEL SUR-CORDOBA - Fundaci\u00f3n Caja Rural del Sur","og_description":"Muchos viticultores asistieron a la entrega de los premios Mildiu &#8216;Pedro Cabezuelo&#8217;, que organiza Caja Rural del Sur-C\u00f3rdoba con su Fundaci\u00f3n. El acto tuvo lugar en la Cooperativa San Juan [&hellip;]","og_url":"https:\/\/fundacioncajaruraldelsur.com\/pt\/entregados-los-premios-mildiu-pedro-cabezuelo-con-el-patrocinio-de-fundacion-caja-rural-del-sur-cordoba\/","og_site_name":"Fundaci\u00f3n Caja Rural del Sur","article_published_time":"2014-07-17T09:58:57+00:00","article_modified_time":"2015-06-26T07:36:54+00:00","og_image":[{"width":960,"height":720,"url":"https:\/\/fundacioncajaruraldelsur.com\/wp-content\/uploads\/2014\/07\/140717.Muchos-viticultores-asistieron-a-la-entrega-de-los-premios-Mildiu-Pedro-Cabezuelo-que-organiza-Caja-Rural-del-Sur-C\u00f3rdoba-con-su-Fundaci\u00f3n.jpg","type":"image\/jpeg"}],"author":"Huelvaadmin","twitter_card":"summary_large_image","twitter_misc":{"Written by":"Huelvaadmin","Est. reading time":"3 minutes"},"schema":{"@context":"https:\/\/schema.org","@graph":[{"@type":"Article","@id":"https:\/\/fundacioncajaruraldelsur.com\/entregados-los-premios-mildiu-pedro-cabezuelo-con-el-patrocinio-de-fundacion-caja-rural-del-sur-cordoba\/#article","isPartOf":{"@id":"https:\/\/fundacioncajaruraldelsur.com\/entregados-los-premios-mildiu-pedro-cabezuelo-con-el-patrocinio-de-fundacion-caja-rural-del-sur-cordoba\/"},"author":{"name":"Huelvaadmin","@id":"https:\/\/fundacioncajaruraldelsur.com\/#\/schema\/person\/3cc097351ab55f31ece09bae985e0dff"},"headline":"ENTREGADOS LOS PREMIOS MILDIU \u2018PEDRO CABEZUELO\u2019 CON EL PATROCINIO DE FUNDACION CAJA RURAL DEL SUR-CORDOBA","datePublished":"2014-07-17T09:58:57+00:00","dateModified":"2015-06-26T07:36:54+00:00","mainEntityOfPage":{"@id":"https:\/\/fundacioncajaruraldelsur.com\/entregados-los-premios-mildiu-pedro-cabezuelo-con-el-patrocinio-de-fundacion-caja-rural-del-sur-cordoba\/"},"wordCount":625,"image":{"@id":"https:\/\/fundacioncajaruraldelsur.com\/entregados-los-premios-mildiu-pedro-cabezuelo-con-el-patrocinio-de-fundacion-caja-rural-del-sur-cordoba\/#primaryimage"},"thumbnailUrl":"https:\/\/fundacioncajaruraldelsur.com\/wp-content\/uploads\/2014\/07\/140717.Muchos-viticultores-asistieron-a-la-entrega-de-los-premios-Mildiu-Pedro-Cabezuelo-que-organiza-Caja-Rural-del-Sur-C\u00f3rdoba-con-su-Fundaci\u00f3n.jpg","articleSection":["Actos","Premios"],"inLanguage":"pt-PT"},{"@type":"WebPage","@id":"https:\/\/fundacioncajaruraldelsur.com\/entregados-los-premios-mildiu-pedro-cabezuelo-con-el-patrocinio-de-fundacion-caja-rural-del-sur-cordoba\/","url":"https:\/\/fundacioncajaruraldelsur.com\/entregados-los-premios-mildiu-pedro-cabezuelo-con-el-patrocinio-de-fundacion-caja-rural-del-sur-cordoba\/","name":"ENTREGADOS LOS PREMIOS MILDIU \u2018PEDRO CABEZUELO\u2019 CON EL PATROCINIO DE FUNDACION CAJA RURAL DEL SUR-CORDOBA - Fundaci\u00f3n Caja Rural del Sur","isPartOf":{"@id":"https:\/\/fundacioncajaruraldelsur.com\/#website"},"primaryImageOfPage":{"@id":"https:\/\/fundacioncajaruraldelsur.com\/entregados-los-premios-mildiu-pedro-cabezuelo-con-el-patrocinio-de-fundacion-caja-rural-del-sur-cordoba\/#primaryimage"},"image":{"@id":"https:\/\/fundacioncajaruraldelsur.com\/entregados-los-premios-mildiu-pedro-cabezuelo-con-el-patrocinio-de-fundacion-caja-rural-del-sur-cordoba\/#primaryimage"},"thumbnailUrl":"https:\/\/fundacioncajaruraldelsur.com\/wp-content\/uploads\/2014\/07\/140717.Muchos-viticultores-asistieron-a-la-entrega-de-los-premios-Mildiu-Pedro-Cabezuelo-que-organiza-Caja-Rural-del-Sur-C\u00f3rdoba-con-su-Fundaci\u00f3n.jpg","datePublished":"2014-07-17T09:58:57+00:00","dateModified":"2015-06-26T07:36:54+00:00","author":{"@id":"https:\/\/fundacioncajaruraldelsur.com\/#\/schema\/person\/3cc097351ab55f31ece09bae985e0dff"},"breadcrumb":{"@id":"https:\/\/fundacioncajaruraldelsur.com\/entregados-los-premios-mildiu-pedro-cabezuelo-con-el-patrocinio-de-fundacion-caja-rural-del-sur-cordoba\/#breadcrumb"},"inLanguage":"pt-PT","potentialAction":[{"@type":"ReadAction","target":["https:\/\/fundacioncajaruraldelsur.com\/entregados-los-premios-mildiu-pedro-cabezuelo-con-el-patrocinio-de-fundacion-caja-rural-del-sur-cordoba\/"]}]},{"@type":"ImageObject","inLanguage":"pt-PT","@id":"https:\/\/fundacioncajaruraldelsur.com\/entregados-los-premios-mildiu-pedro-cabezuelo-con-el-patrocinio-de-fundacion-caja-rural-del-sur-cordoba\/#primaryimage","url":"https:\/\/fundacioncajaruraldelsur.com\/wp-content\/uploads\/2014\/07\/140717.Muchos-viticultores-asistieron-a-la-entrega-de-los-premios-Mildiu-Pedro-Cabezuelo-que-organiza-Caja-Rural-del-Sur-C\u00f3rdoba-con-su-Fundaci\u00f3n.jpg","contentUrl":"https:\/\/fundacioncajaruraldelsur.com\/wp-content\/uploads\/2014\/07\/140717.Muchos-viticultores-asistieron-a-la-entrega-de-los-premios-Mildiu-Pedro-Cabezuelo-que-organiza-Caja-Rural-del-Sur-C\u00f3rdoba-con-su-Fundaci\u00f3n.jpg","width":960,"height":720},{"@type":"BreadcrumbList","@id":"https:\/\/fundacioncajaruraldelsur.com\/entregados-los-premios-mildiu-pedro-cabezuelo-con-el-patrocinio-de-fundacion-caja-rural-del-sur-cordoba\/#breadcrumb","itemListElement":[{"@type":"ListItem","position":1,"name":"Portada","item":"https:\/\/fundacioncajaruraldelsur.com\/"},{"@type":"ListItem","position":2,"name":"ENTREGADOS LOS PREMIOS MILDIU \u2018PEDRO CABEZUELO\u2019 CON EL PATROCINIO DE FUNDACION CAJA RURAL DEL SUR-CORDOBA"}]},{"@type":"WebSite","@id":"https:\/\/fundacioncajaruraldelsur.com\/#website","url":"https:\/\/fundacioncajaruraldelsur.com\/","name":"Funda\u00e7\u00e3o Caja Rural del Sur","description":"","potentialAction":[{"@type":"SearchAction","target":{"@type":"EntryPoint","urlTemplate":"https:\/\/fundacioncajaruraldelsur.com\/?s={search_term_string}"},"query-input":{"@type":"PropertyValueSpecification","valueRequired":true,"valueName":"search_term_string"}}],"inLanguage":"pt-PT"},{"@type":"Person","@id":"https:\/\/fundacioncajaruraldelsur.com\/#\/schema\/person\/3cc097351ab55f31ece09bae985e0dff","name":"Huelvaadmin","image":{"@type":"ImageObject","inLanguage":"pt-PT","@id":"https:\/\/secure.gravatar.com\/avatar\/844b95d9bb5bedef6ef3f07e4ac357114f2d6f55fe0799f36cbe3975aebd8bcc?s=96&d=blank&r=g","url":"https:\/\/secure.gravatar.com\/avatar\/844b95d9bb5bedef6ef3f07e4ac357114f2d6f55fe0799f36cbe3975aebd8bcc?s=96&d=blank&r=g","contentUrl":"https:\/\/secure.gravatar.com\/avatar\/844b95d9bb5bedef6ef3f07e4ac357114f2d6f55fe0799f36cbe3975aebd8bcc?s=96&d=blank&r=g","caption":"Huelvaadmin"}}]}},"rttpg_featured_image_url":{"full":["https:\/\/fundacioncajaruraldelsur.com\/wp-content\/uploads\/2014\/07\/140717.Muchos-viticultores-asistieron-a-la-entrega-de-los-premios-Mildiu-Pedro-Cabezuelo-que-organiza-Caja-Rural-del-Sur-C\u00f3rdoba-con-su-Fundaci\u00f3n.jpg",960,720,false],"landscape":["https:\/\/fundacioncajaruraldelsur.com\/wp-content\/uploads\/2014\/07\/140717.Muchos-viticultores-asistieron-a-la-entrega-de-los-premios-Mildiu-Pedro-Cabezuelo-que-organiza-Caja-Rural-del-Sur-C\u00f3rdoba-con-su-Fundaci\u00f3n.jpg",960,720,false],"portraits":["https:\/\/fundacioncajaruraldelsur.com\/wp-content\/uploads\/2014\/07\/140717.Muchos-viticultores-asistieron-a-la-entrega-de-los-premios-Mildiu-Pedro-Cabezuelo-que-organiza-Caja-Rural-del-Sur-C\u00f3rdoba-con-su-Fundaci\u00f3n.jpg",960,720,false],"thumbnail":["https:\/\/fundacioncajaruraldelsur.com\/wp-content\/uploads\/2014\/07\/140717.Muchos-viticultores-asistieron-a-la-entrega-de-los-premios-Mildiu-Pedro-Cabezuelo-que-organiza-Caja-Rural-del-Sur-C\u00f3rdoba-con-su-Fundaci\u00f3n-150x150.jpg",150,150,true],"medium":["https:\/\/fundacioncajaruraldelsur.com\/wp-content\/uploads\/2014\/07\/140717.Muchos-viticultores-asistieron-a-la-entrega-de-los-premios-Mildiu-Pedro-Cabezuelo-que-organiza-Caja-Rural-del-Sur-C\u00f3rdoba-con-su-Fundaci\u00f3n-300x225.jpg",300,225,true],"large":["https:\/\/fundacioncajaruraldelsur.com\/wp-content\/uploads\/2014\/07\/140717.Muchos-viticultores-asistieron-a-la-entrega-de-los-premios-Mildiu-Pedro-Cabezuelo-que-organiza-Caja-Rural-del-Sur-C\u00f3rdoba-con-su-Fundaci\u00f3n.jpg",960,720,false],"1536x1536":["https:\/\/fundacioncajaruraldelsur.com\/wp-content\/uploads\/2014\/07\/140717.Muchos-viticultores-asistieron-a-la-entrega-de-los-premios-Mildiu-Pedro-Cabezuelo-que-organiza-Caja-Rural-del-Sur-C\u00f3rdoba-con-su-Fundaci\u00f3n.jpg",960,720,false],"2048x2048":["https:\/\/fundacioncajaruraldelsur.com\/wp-content\/uploads\/2014\/07\/140717.Muchos-viticultores-asistieron-a-la-entrega-de-los-premios-Mildiu-Pedro-Cabezuelo-que-organiza-Caja-Rural-del-Sur-C\u00f3rdoba-con-su-Fundaci\u00f3n.jpg",960,720,false],"trp-custom-language-flag":["https:\/\/fundacioncajaruraldelsur.com\/wp-content\/uploads\/2014\/07\/140717.Muchos-viticultores-asistieron-a-la-entrega-de-los-premios-Mildiu-Pedro-Cabezuelo-que-organiza-Caja-Rural-del-Sur-C\u00f3rdoba-con-su-Fundaci\u00f3n.jpg",16,12,false],"blog-thumbnail":["https:\/\/fundacioncajaruraldelsur.com\/wp-content\/uploads\/2014\/07\/140717.Muchos-viticultores-asistieron-a-la-entrega-de-los-premios-Mildiu-Pedro-Cabezuelo-que-organiza-Caja-Rural-del-Sur-C\u00f3rdoba-con-su-Fundaci\u00f3n-400x200.jpg",400,200,true]},"rttpg_author":{"display_name":"Huelvaadmin","author_link":"https:\/\/fundacioncajaruraldelsur.com\/pt\/author\/huelvaadmin\/"},"rttpg_comment":0,"rttpg_category":"<a href=\"https:\/\/fundacioncajaruraldelsur.com\/pt\/category\/actos\/\" rel=\"category tag\">Actos<\/a> <a href=\"https:\/\/fundacioncajaruraldelsur.com\/pt\/category\/premios\/\" rel=\"category tag\">Premios<\/a>","rttpg_excerpt":"Muchos viticultores asistieron a la entrega de los premios Mildiu &#8216;Pedro Cabezuelo&#8217;, que organiza Caja Rural del Sur-C\u00f3rdoba con su Fundaci\u00f3n. El acto tuvo lugar en la Cooperativa San Juan [&hellip;]","_links":{"self":[{"href":"https:\/\/fundacioncajaruraldelsur.com\/pt\/wp-json\/wp\/v2\/posts\/2401","targetHints":{"allow":["GET"]}}],"collection":[{"href":"https:\/\/fundacioncajaruraldelsur.com\/pt\/wp-json\/wp\/v2\/posts"}],"about":[{"href":"https:\/\/fundacioncajaruraldelsur.com\/pt\/wp-json\/wp\/v2\/types\/post"}],"author":[{"embeddable":true,"href":"https:\/\/fundacioncajaruraldelsur.com\/pt\/wp-json\/wp\/v2\/users\/4"}],"replies":[{"embeddable":true,"href":"https:\/\/fundacioncajaruraldelsur.com\/pt\/wp-json\/wp\/v2\/comments?post=2401"}],"version-history":[{"count":1,"href":"https:\/\/fundacioncajaruraldelsur.com\/pt\/wp-json\/wp\/v2\/posts\/2401\/revisions"}],"predecessor-version":[{"id":2403,"href":"https:\/\/fundacioncajaruraldelsur.com\/pt\/wp-json\/wp\/v2\/posts\/2401\/revisions\/2403"}],"wp:featuredmedia":[{"embeddable":true,"href":"https:\/\/fundacioncajaruraldelsur.com\/pt\/wp-json\/wp\/v2\/media\/2783"}],"wp:attachment":[{"href":"https:\/\/fundacioncajaruraldelsur.com\/pt\/wp-json\/wp\/v2\/media?parent=2401"}],"wp:term":[{"taxonomy":"category","embeddable":true,"href":"https:\/\/fundacioncajaruraldelsur.com\/pt\/wp-json\/wp\/v2\/categories?post=2401"},{"taxonomy":"post_tag","embeddable":true,"href":"https:\/\/fundacioncajaruraldelsur.com\/pt\/wp-json\/wp\/v2\/tags?post=2401"}],"curies":[{"name":"wp","href":"https:\/\/api.w.org\/{rel}","templated":true}]}}