{"id":2377,"date":"2014-04-20T09:17:31","date_gmt":"2014-04-20T09:17:31","guid":{"rendered":"\/?p=2377"},"modified":"2015-06-26T07:38:32","modified_gmt":"2015-06-26T07:38:32","slug":"caja-rural-del-sur-y-abc-de-sevilla-entregan-el-premio-simon-de-rojas-clemente-a-enrique-masia","status":"publish","type":"post","link":"https:\/\/fundacioncajaruraldelsur.com\/pt\/caja-rural-del-sur-y-abc-de-sevilla-entregan-el-premio-simon-de-rojas-clemente-a-enrique-masia\/","title":{"rendered":"CAJA RURAL DEL SUR Y ABC DE SEVILLA ENTREGAN EL PREMIO \u2018SIM\u00d3N DE ROJAS CLEMENTE\u2019 A ENRIQUE MASI\u00c1"},"content":{"rendered":"<h6>30Enrique Masi\u00e1 Ciscar recibe el premio concedido por ABC de Sevilla y Fundaci\u00f3n Caja Rural del Sur, en presencia de la consejera de Agricultura<\/h6>\n<p><strong>Al acto asisti\u00f3 la consejera de Agricultura, Pesca y Desarrollo Rural y una amplia representaci\u00f3n del sector agr\u00edcola andaluz<\/strong><\/p>\n<p>Fundaci\u00f3n Caja Rural del Sur y ABC de Sevilla, con la asistencia de la consejera de Agricultura, Pesca y Desarrollo Rural, Elena V\u00edboras Jim\u00e9nez, entregaron este martes al\u00a0 empresario y socio fundador de Freshuelva, Enrique Masi\u00e1, el Premio &#8216;Sim\u00f3n de Rojas Clemente&#8217;, en su ya VI edici\u00f3n, por su labor y esfuerzo en el sector agrario de la provincia de Huelva.<\/p>\n<p>Al acto, celebrado en la Casa de ABC de Sevilla, asistieron, adem\u00e1s del presidente de Caja Rural del Sur y su Fundaci\u00f3n, Jos\u00e9 Luis Garc\u00eda Palacios, y director de ABC de Sevilla, Alvaro Ybarra, miembros del Consejo Rector de la Caja y su director general, Rafael L\u00f3pez-Tarruella, as\u00ed como Guillermo T\u00e9llez, director de su Fundaci\u00f3n y \u00a0una amplia representaci\u00f3n del mundo agrario andaluz y los presidentes de Consejo Superior de C\u00e1maras de Comercio de Andaluc\u00eda y de Sevilla. Tambi\u00e9n acudieron los directivos\u00a0 de ABC de Sevilla y componentes \u00a0de la Redacci\u00f3n del peri\u00f3dico. El alcalde de Lepe, Juan Manuel Gonz\u00e1lez, en compa\u00f1\u00eda de varios concejales del Grupo de Gobierno, tambi\u00e9n aisitieron a la entrega del premio.<\/p>\n<p>Tras recibir este importante galard\u00f3n, Enrique Masi\u00e1 Ciscar, quiso recordar sus inicios en la agricultura en Huelva y su trayectoria y comienzos en la investigaci\u00f3n del sector fresero y otros frutos, al tiempo que ha animado a los agricultores a valorar el producto andaluz. \u00abMuchas veces compramos cosas de fuera que valen menos que las nuestras\u00bb, se\u00f1al\u00f3 el empresario de origen valenciano, vinculado a la agricultura onubense desde los a\u00f1os setenta. A\u00f1os que quiso repasar en su intervenci\u00f3n enumerando los proyectos que durante esta larga etapa ha ido desarrollando como empresario y en el que se ha \u201cvisto acompa\u00f1ado por el esp\u00edritu emprendedor de su esposa y ahora con la continuidad en la empresa de toda la familia\u201d. Hijo Adoptivo de Lepe entre otros reconocimientos, Enrique Masi\u00e1 se precia de tener controlado todo el proceso vegetativo de la fresa, sin dependencia de los proveedores norteamericanos. Tambi\u00e9n valor\u00f3 el acuerdo alcanzado como proveedor de productos con Mercadona, que le ha llevado a tener que instalar tambi\u00e9n en Canarias una extensi\u00f3n de su actividad empresarial.<\/p>\n<p>El director de ABC de Sevilla, \u00c1lvaro Ybarra, despu\u00e9s de recordar la relaci\u00f3n de los anteriores premiados con el \u2018Sim\u00f3n de Rojas Clemente\u2019, algo que como \u00e9l mismo se encarg\u00f3 de recordar, hace en cada una de las ediciones celebradas, resalt\u00f3 como empresario emprendedor e innovador \u00a0\u00abel trabajo incansable\u00bb de Enrique Masi\u00e1, y pidi\u00f3 a la consejera de Agricultura, Pesca y Desarrollo Rural, Elena V\u00edboras, que fue luego la que con su intervenci\u00f3n \u00a0la encargada de clausurar el acto, \u00abunidad\u00bb con el Ministerio del ramo y, sobre todo, \u00absensibilidad\u00bb con los agricultores.<\/p>\n<p>Por su lado, el presidente de la Fundaci\u00f3n Caja Rural del Sur, Jos\u00e9 Luis Garc\u00eda Palacios, anim\u00f3 a la sociedad en general \u00a0a valorar el sector agr\u00edcola como en tiempos pasados, cuando \u00abse presum\u00eda de ser agricultor\u00bb. Y quiso recordar a los presentes los m\u00e9ritos que los anteriores premiados con el \u2018Sim\u00f3n de Rojas Clemente\u2019 ten\u00edan porque es una manera de reflejar la importancia de este galard\u00f3n que se concede anualmente, desde hace seis a\u00f1os, fruto de la colaboraci\u00f3n entre ABC de Sevilla y la Fundaci\u00f3n Caja Rural del Sur. El jurado, comentaba distendidamente el presidente Jos\u00e9 Luis Garc\u00eda Palacios, ha\u00a0 \u201cquerido mirar hac\u00eda Huelva y el importante desarrollo que ha tenido el sector agr\u00edcola, la nueva agricultura, y de la cual Enrique Masi\u00e1 Ciscar es un claro exponente de estos \u00faltimos treinta a\u00f1os\u201d, destacando \u00a0\u00abel esfuerzo y tes\u00f3n\u00bb del premiado, y su facultad de \u00abmirar hacia adelante, unirse con otros y hacer patria\u00bb, un ejemplo \u00aben el que todos nos tenemos que mirar\u00bb, apostill\u00f3.<\/p>\n<p>Para cerrar el acto, la consejera de Agricultura, Pesca y Desarrollo Rural, Elena V\u00edboras, reclam\u00f3 la uni\u00f3n de esfuerzos y la inversi\u00f3n en innovaci\u00f3n, punto al que dar\u00e1 prioridad, dijo, el Instituto de Investigaci\u00f3n y Formaci\u00f3n Agraria y Pesquera (Ifapa). De igual manera, destac\u00f3 la \u00abvalent\u00eda\u00bb que representa Masi\u00e1 Ciscar y que \u00abes tan necesaria para avanzar\u00bb, dijo. Elena V\u00edboras tambi\u00e9n se\u00f1al\u00f3 la importancia de \u00abromper con la idea\u00bb de que \u00ablas grandes cosas las realizan otros y en otras tierras\u00bb, y destac\u00f3 \u00a0la expansi\u00f3n de la agricultura onubense gracias a la disponibilidad de agua para regad\u00edo y el dinamismo del sector.<\/p>\n<p>Enrique Masi\u00e1 naci\u00f3 en 1944 en Valencia. Est\u00e1 casado y tiene cuatro hijos. Es socio fundador de Freshuelva, promotor en los 90 de la empresa Fresas Nuevos Materiales y el presidente de Masi\u00e1 Ciscar SA, que cuenta con una plantilla de 1.600 personas en campa\u00f1a de recolecci\u00f3n y 440 de manera estable.<\/p>","protected":false},"excerpt":{"rendered":"<p>30Enrique Masi\u00e1 Ciscar recibe el premio concedido por ABC de Sevilla y Fundaci\u00f3n Caja Rural del Sur, en presencia de la consejera de Agricultura Al acto asisti\u00f3 la consejera de [&hellip;]<\/p>\n","protected":false},"author":4,"featured_media":2784,"comment_status":"closed","ping_status":"open","sticky":false,"template":"","format":"standard","meta":{"footnotes":""},"categories":[66,64,68],"tags":[],"class_list":["post-2377","post","type-post","status-publish","format-standard","has-post-thumbnail","hentry","category-actos","category-premios","category-sector-agrario"],"yoast_head":"<!-- This site is optimized with the Yoast SEO plugin v27.3 - https:\/\/yoast.com\/product\/yoast-seo-wordpress\/ -->\n<title>CAJA RURAL DEL SUR Y ABC DE SEVILLA ENTREGAN EL PREMIO \u2018SIM\u00d3N DE ROJAS CLEMENTE\u2019 A ENRIQUE MASI\u00c1 - Fundaci\u00f3n Caja Rural del Sur<\/title>\n<meta name=\"robots\" content=\"index, follow, max-snippet:-1, max-image-preview:large, max-video-preview:-1\" \/>\n<link rel=\"canonical\" href=\"https:\/\/fundacioncajaruraldelsur.com\/pt\/caja-rural-del-sur-y-abc-de-sevilla-entregan-el-premio-simon-de-rojas-clemente-a-enrique-masia\/\" \/>\n<meta property=\"og:locale\" content=\"pt_PT\" \/>\n<meta property=\"og:type\" content=\"article\" \/>\n<meta property=\"og:title\" content=\"CAJA RURAL DEL SUR Y ABC DE SEVILLA ENTREGAN EL PREMIO \u2018SIM\u00d3N DE ROJAS CLEMENTE\u2019 A ENRIQUE MASI\u00c1 - Fundaci\u00f3n Caja Rural del Sur\" \/>\n<meta property=\"og:description\" content=\"30Enrique Masi\u00e1 Ciscar recibe el premio concedido por ABC de Sevilla y Fundaci\u00f3n Caja Rural del Sur, en presencia de la consejera de Agricultura Al acto asisti\u00f3 la consejera de [&hellip;]\" \/>\n<meta property=\"og:url\" content=\"https:\/\/fundacioncajaruraldelsur.com\/pt\/caja-rural-del-sur-y-abc-de-sevilla-entregan-el-premio-simon-de-rojas-clemente-a-enrique-masia\/\" \/>\n<meta property=\"og:site_name\" content=\"Fundaci\u00f3n Caja Rural del Sur\" \/>\n<meta property=\"article:published_time\" content=\"2014-04-20T09:17:31+00:00\" \/>\n<meta property=\"article:modified_time\" content=\"2015-06-26T07:38:32+00:00\" \/>\n<meta property=\"og:image\" content=\"https:\/\/fundacioncajaruraldelsur.com\/wp-content\/uploads\/2014\/04\/Enrique-Masi\u00e1-Ciscar-recibe-el-premio-concedido-por-ABC-de-Sevilla-y-Fundaci\u00f3n-Caja-Rural-del-Sur-en-presencia-de-la-consejera-de-Agricultura-Foto.jpg\" \/>\n\t<meta property=\"og:image:width\" content=\"4896\" \/>\n\t<meta property=\"og:image:height\" content=\"3264\" \/>\n\t<meta property=\"og:image:type\" content=\"image\/jpeg\" \/>\n<meta name=\"author\" content=\"Huelvaadmin\" \/>\n<meta name=\"twitter:card\" content=\"summary_large_image\" \/>\n<meta name=\"twitter:label1\" content=\"Written by\" \/>\n\t<meta name=\"twitter:data1\" content=\"Huelvaadmin\" \/>\n\t<meta name=\"twitter:label2\" content=\"Est. reading time\" \/>\n\t<meta name=\"twitter:data2\" content=\"4 minutes\" \/>\n<script type=\"application\/ld+json\" class=\"yoast-schema-graph\">{\"@context\":\"https:\\\/\\\/schema.org\",\"@graph\":[{\"@type\":\"Article\",\"@id\":\"https:\\\/\\\/fundacioncajaruraldelsur.com\\\/caja-rural-del-sur-y-abc-de-sevilla-entregan-el-premio-simon-de-rojas-clemente-a-enrique-masia\\\/#article\",\"isPartOf\":{\"@id\":\"https:\\\/\\\/fundacioncajaruraldelsur.com\\\/caja-rural-del-sur-y-abc-de-sevilla-entregan-el-premio-simon-de-rojas-clemente-a-enrique-masia\\\/\"},\"author\":{\"name\":\"Huelvaadmin\",\"@id\":\"https:\\\/\\\/fundacioncajaruraldelsur.com\\\/#\\\/schema\\\/person\\\/3cc097351ab55f31ece09bae985e0dff\"},\"headline\":\"CAJA RURAL DEL SUR Y ABC DE SEVILLA ENTREGAN EL PREMIO \u2018SIM\u00d3N DE ROJAS CLEMENTE\u2019 A ENRIQUE MASI\u00c1\",\"datePublished\":\"2014-04-20T09:17:31+00:00\",\"dateModified\":\"2015-06-26T07:38:32+00:00\",\"mainEntityOfPage\":{\"@id\":\"https:\\\/\\\/fundacioncajaruraldelsur.com\\\/caja-rural-del-sur-y-abc-de-sevilla-entregan-el-premio-simon-de-rojas-clemente-a-enrique-masia\\\/\"},\"wordCount\":888,\"image\":{\"@id\":\"https:\\\/\\\/fundacioncajaruraldelsur.com\\\/caja-rural-del-sur-y-abc-de-sevilla-entregan-el-premio-simon-de-rojas-clemente-a-enrique-masia\\\/#primaryimage\"},\"thumbnailUrl\":\"https:\\\/\\\/fundacioncajaruraldelsur.com\\\/wp-content\\\/uploads\\\/2014\\\/04\\\/Enrique-Masi\u00e1-Ciscar-recibe-el-premio-concedido-por-ABC-de-Sevilla-y-Fundaci\u00f3n-Caja-Rural-del-Sur-en-presencia-de-la-consejera-de-Agricultura-Foto.jpg\",\"articleSection\":[\"Actos\",\"Premios\",\"Sector agrario\"],\"inLanguage\":\"pt-PT\"},{\"@type\":\"WebPage\",\"@id\":\"https:\\\/\\\/fundacioncajaruraldelsur.com\\\/caja-rural-del-sur-y-abc-de-sevilla-entregan-el-premio-simon-de-rojas-clemente-a-enrique-masia\\\/\",\"url\":\"https:\\\/\\\/fundacioncajaruraldelsur.com\\\/caja-rural-del-sur-y-abc-de-sevilla-entregan-el-premio-simon-de-rojas-clemente-a-enrique-masia\\\/\",\"name\":\"CAJA RURAL DEL SUR Y ABC DE SEVILLA ENTREGAN EL PREMIO \u2018SIM\u00d3N DE ROJAS CLEMENTE\u2019 A ENRIQUE MASI\u00c1 - Fundaci\u00f3n Caja Rural del Sur\",\"isPartOf\":{\"@id\":\"https:\\\/\\\/fundacioncajaruraldelsur.com\\\/#website\"},\"primaryImageOfPage\":{\"@id\":\"https:\\\/\\\/fundacioncajaruraldelsur.com\\\/caja-rural-del-sur-y-abc-de-sevilla-entregan-el-premio-simon-de-rojas-clemente-a-enrique-masia\\\/#primaryimage\"},\"image\":{\"@id\":\"https:\\\/\\\/fundacioncajaruraldelsur.com\\\/caja-rural-del-sur-y-abc-de-sevilla-entregan-el-premio-simon-de-rojas-clemente-a-enrique-masia\\\/#primaryimage\"},\"thumbnailUrl\":\"https:\\\/\\\/fundacioncajaruraldelsur.com\\\/wp-content\\\/uploads\\\/2014\\\/04\\\/Enrique-Masi\u00e1-Ciscar-recibe-el-premio-concedido-por-ABC-de-Sevilla-y-Fundaci\u00f3n-Caja-Rural-del-Sur-en-presencia-de-la-consejera-de-Agricultura-Foto.jpg\",\"datePublished\":\"2014-04-20T09:17:31+00:00\",\"dateModified\":\"2015-06-26T07:38:32+00:00\",\"author\":{\"@id\":\"https:\\\/\\\/fundacioncajaruraldelsur.com\\\/#\\\/schema\\\/person\\\/3cc097351ab55f31ece09bae985e0dff\"},\"breadcrumb\":{\"@id\":\"https:\\\/\\\/fundacioncajaruraldelsur.com\\\/caja-rural-del-sur-y-abc-de-sevilla-entregan-el-premio-simon-de-rojas-clemente-a-enrique-masia\\\/#breadcrumb\"},\"inLanguage\":\"pt-PT\",\"potentialAction\":[{\"@type\":\"ReadAction\",\"target\":[\"https:\\\/\\\/fundacioncajaruraldelsur.com\\\/caja-rural-del-sur-y-abc-de-sevilla-entregan-el-premio-simon-de-rojas-clemente-a-enrique-masia\\\/\"]}]},{\"@type\":\"ImageObject\",\"inLanguage\":\"pt-PT\",\"@id\":\"https:\\\/\\\/fundacioncajaruraldelsur.com\\\/caja-rural-del-sur-y-abc-de-sevilla-entregan-el-premio-simon-de-rojas-clemente-a-enrique-masia\\\/#primaryimage\",\"url\":\"https:\\\/\\\/fundacioncajaruraldelsur.com\\\/wp-content\\\/uploads\\\/2014\\\/04\\\/Enrique-Masi\u00e1-Ciscar-recibe-el-premio-concedido-por-ABC-de-Sevilla-y-Fundaci\u00f3n-Caja-Rural-del-Sur-en-presencia-de-la-consejera-de-Agricultura-Foto.jpg\",\"contentUrl\":\"https:\\\/\\\/fundacioncajaruraldelsur.com\\\/wp-content\\\/uploads\\\/2014\\\/04\\\/Enrique-Masi\u00e1-Ciscar-recibe-el-premio-concedido-por-ABC-de-Sevilla-y-Fundaci\u00f3n-Caja-Rural-del-Sur-en-presencia-de-la-consejera-de-Agricultura-Foto.jpg\",\"width\":4896,\"height\":3264},{\"@type\":\"BreadcrumbList\",\"@id\":\"https:\\\/\\\/fundacioncajaruraldelsur.com\\\/caja-rural-del-sur-y-abc-de-sevilla-entregan-el-premio-simon-de-rojas-clemente-a-enrique-masia\\\/#breadcrumb\",\"itemListElement\":[{\"@type\":\"ListItem\",\"position\":1,\"name\":\"Portada\",\"item\":\"https:\\\/\\\/fundacioncajaruraldelsur.com\\\/\"},{\"@type\":\"ListItem\",\"position\":2,\"name\":\"CAJA RURAL DEL SUR Y ABC DE SEVILLA ENTREGAN EL PREMIO \u2018SIM\u00d3N DE ROJAS CLEMENTE\u2019 A ENRIQUE MASI\u00c1\"}]},{\"@type\":\"WebSite\",\"@id\":\"https:\\\/\\\/fundacioncajaruraldelsur.com\\\/#website\",\"url\":\"https:\\\/\\\/fundacioncajaruraldelsur.com\\\/\",\"name\":\"Fundaci\u00f3n Caja Rural del Sur\",\"description\":\"\",\"potentialAction\":[{\"@type\":\"SearchAction\",\"target\":{\"@type\":\"EntryPoint\",\"urlTemplate\":\"https:\\\/\\\/fundacioncajaruraldelsur.com\\\/?s={search_term_string}\"},\"query-input\":{\"@type\":\"PropertyValueSpecification\",\"valueRequired\":true,\"valueName\":\"search_term_string\"}}],\"inLanguage\":\"pt-PT\"},{\"@type\":\"Person\",\"@id\":\"https:\\\/\\\/fundacioncajaruraldelsur.com\\\/#\\\/schema\\\/person\\\/3cc097351ab55f31ece09bae985e0dff\",\"name\":\"Huelvaadmin\",\"image\":{\"@type\":\"ImageObject\",\"inLanguage\":\"pt-PT\",\"@id\":\"https:\\\/\\\/secure.gravatar.com\\\/avatar\\\/844b95d9bb5bedef6ef3f07e4ac357114f2d6f55fe0799f36cbe3975aebd8bcc?s=96&d=blank&r=g\",\"url\":\"https:\\\/\\\/secure.gravatar.com\\\/avatar\\\/844b95d9bb5bedef6ef3f07e4ac357114f2d6f55fe0799f36cbe3975aebd8bcc?s=96&d=blank&r=g\",\"contentUrl\":\"https:\\\/\\\/secure.gravatar.com\\\/avatar\\\/844b95d9bb5bedef6ef3f07e4ac357114f2d6f55fe0799f36cbe3975aebd8bcc?s=96&d=blank&r=g\",\"caption\":\"Huelvaadmin\"}}]}<\/script>\n<!-- \/ Yoast SEO plugin. -->","yoast_head_json":{"title":"CAJA RURAL DEL SUR Y ABC DE SEVILLA ENTREGAN EL PREMIO \u2018SIM\u00d3N DE ROJAS CLEMENTE\u2019 A ENRIQUE MASI\u00c1 - Fundaci\u00f3n Caja Rural del Sur","robots":{"index":"index","follow":"follow","max-snippet":"max-snippet:-1","max-image-preview":"max-image-preview:large","max-video-preview":"max-video-preview:-1"},"canonical":"https:\/\/fundacioncajaruraldelsur.com\/pt\/caja-rural-del-sur-y-abc-de-sevilla-entregan-el-premio-simon-de-rojas-clemente-a-enrique-masia\/","og_locale":"pt_PT","og_type":"article","og_title":"CAJA RURAL DEL SUR Y ABC DE SEVILLA ENTREGAN EL PREMIO \u2018SIM\u00d3N DE ROJAS CLEMENTE\u2019 A ENRIQUE MASI\u00c1 - Fundaci\u00f3n Caja Rural del Sur","og_description":"30Enrique Masi\u00e1 Ciscar recibe el premio concedido por ABC de Sevilla y Fundaci\u00f3n Caja Rural del Sur, en presencia de la consejera de Agricultura Al acto asisti\u00f3 la consejera de [&hellip;]","og_url":"https:\/\/fundacioncajaruraldelsur.com\/pt\/caja-rural-del-sur-y-abc-de-sevilla-entregan-el-premio-simon-de-rojas-clemente-a-enrique-masia\/","og_site_name":"Fundaci\u00f3n Caja Rural del Sur","article_published_time":"2014-04-20T09:17:31+00:00","article_modified_time":"2015-06-26T07:38:32+00:00","og_image":[{"width":4896,"height":3264,"url":"https:\/\/fundacioncajaruraldelsur.com\/wp-content\/uploads\/2014\/04\/Enrique-Masi\u00e1-Ciscar-recibe-el-premio-concedido-por-ABC-de-Sevilla-y-Fundaci\u00f3n-Caja-Rural-del-Sur-en-presencia-de-la-consejera-de-Agricultura-Foto.jpg","type":"image\/jpeg"}],"author":"Huelvaadmin","twitter_card":"summary_large_image","twitter_misc":{"Written by":"Huelvaadmin","Est. reading time":"4 minutes"},"schema":{"@context":"https:\/\/schema.org","@graph":[{"@type":"Article","@id":"https:\/\/fundacioncajaruraldelsur.com\/caja-rural-del-sur-y-abc-de-sevilla-entregan-el-premio-simon-de-rojas-clemente-a-enrique-masia\/#article","isPartOf":{"@id":"https:\/\/fundacioncajaruraldelsur.com\/caja-rural-del-sur-y-abc-de-sevilla-entregan-el-premio-simon-de-rojas-clemente-a-enrique-masia\/"},"author":{"name":"Huelvaadmin","@id":"https:\/\/fundacioncajaruraldelsur.com\/#\/schema\/person\/3cc097351ab55f31ece09bae985e0dff"},"headline":"CAJA RURAL DEL SUR Y ABC DE SEVILLA ENTREGAN EL PREMIO \u2018SIM\u00d3N DE ROJAS CLEMENTE\u2019 A ENRIQUE MASI\u00c1","datePublished":"2014-04-20T09:17:31+00:00","dateModified":"2015-06-26T07:38:32+00:00","mainEntityOfPage":{"@id":"https:\/\/fundacioncajaruraldelsur.com\/caja-rural-del-sur-y-abc-de-sevilla-entregan-el-premio-simon-de-rojas-clemente-a-enrique-masia\/"},"wordCount":888,"image":{"@id":"https:\/\/fundacioncajaruraldelsur.com\/caja-rural-del-sur-y-abc-de-sevilla-entregan-el-premio-simon-de-rojas-clemente-a-enrique-masia\/#primaryimage"},"thumbnailUrl":"https:\/\/fundacioncajaruraldelsur.com\/wp-content\/uploads\/2014\/04\/Enrique-Masi\u00e1-Ciscar-recibe-el-premio-concedido-por-ABC-de-Sevilla-y-Fundaci\u00f3n-Caja-Rural-del-Sur-en-presencia-de-la-consejera-de-Agricultura-Foto.jpg","articleSection":["Actos","Premios","Sector agrario"],"inLanguage":"pt-PT"},{"@type":"WebPage","@id":"https:\/\/fundacioncajaruraldelsur.com\/caja-rural-del-sur-y-abc-de-sevilla-entregan-el-premio-simon-de-rojas-clemente-a-enrique-masia\/","url":"https:\/\/fundacioncajaruraldelsur.com\/caja-rural-del-sur-y-abc-de-sevilla-entregan-el-premio-simon-de-rojas-clemente-a-enrique-masia\/","name":"CAJA RURAL DEL SUR Y ABC DE SEVILLA ENTREGAN EL PREMIO \u2018SIM\u00d3N DE ROJAS CLEMENTE\u2019 A ENRIQUE MASI\u00c1 - Fundaci\u00f3n Caja Rural del Sur","isPartOf":{"@id":"https:\/\/fundacioncajaruraldelsur.com\/#website"},"primaryImageOfPage":{"@id":"https:\/\/fundacioncajaruraldelsur.com\/caja-rural-del-sur-y-abc-de-sevilla-entregan-el-premio-simon-de-rojas-clemente-a-enrique-masia\/#primaryimage"},"image":{"@id":"https:\/\/fundacioncajaruraldelsur.com\/caja-rural-del-sur-y-abc-de-sevilla-entregan-el-premio-simon-de-rojas-clemente-a-enrique-masia\/#primaryimage"},"thumbnailUrl":"https:\/\/fundacioncajaruraldelsur.com\/wp-content\/uploads\/2014\/04\/Enrique-Masi\u00e1-Ciscar-recibe-el-premio-concedido-por-ABC-de-Sevilla-y-Fundaci\u00f3n-Caja-Rural-del-Sur-en-presencia-de-la-consejera-de-Agricultura-Foto.jpg","datePublished":"2014-04-20T09:17:31+00:00","dateModified":"2015-06-26T07:38:32+00:00","author":{"@id":"https:\/\/fundacioncajaruraldelsur.com\/#\/schema\/person\/3cc097351ab55f31ece09bae985e0dff"},"breadcrumb":{"@id":"https:\/\/fundacioncajaruraldelsur.com\/caja-rural-del-sur-y-abc-de-sevilla-entregan-el-premio-simon-de-rojas-clemente-a-enrique-masia\/#breadcrumb"},"inLanguage":"pt-PT","potentialAction":[{"@type":"ReadAction","target":["https:\/\/fundacioncajaruraldelsur.com\/caja-rural-del-sur-y-abc-de-sevilla-entregan-el-premio-simon-de-rojas-clemente-a-enrique-masia\/"]}]},{"@type":"ImageObject","inLanguage":"pt-PT","@id":"https:\/\/fundacioncajaruraldelsur.com\/caja-rural-del-sur-y-abc-de-sevilla-entregan-el-premio-simon-de-rojas-clemente-a-enrique-masia\/#primaryimage","url":"https:\/\/fundacioncajaruraldelsur.com\/wp-content\/uploads\/2014\/04\/Enrique-Masi\u00e1-Ciscar-recibe-el-premio-concedido-por-ABC-de-Sevilla-y-Fundaci\u00f3n-Caja-Rural-del-Sur-en-presencia-de-la-consejera-de-Agricultura-Foto.jpg","contentUrl":"https:\/\/fundacioncajaruraldelsur.com\/wp-content\/uploads\/2014\/04\/Enrique-Masi\u00e1-Ciscar-recibe-el-premio-concedido-por-ABC-de-Sevilla-y-Fundaci\u00f3n-Caja-Rural-del-Sur-en-presencia-de-la-consejera-de-Agricultura-Foto.jpg","width":4896,"height":3264},{"@type":"BreadcrumbList","@id":"https:\/\/fundacioncajaruraldelsur.com\/caja-rural-del-sur-y-abc-de-sevilla-entregan-el-premio-simon-de-rojas-clemente-a-enrique-masia\/#breadcrumb","itemListElement":[{"@type":"ListItem","position":1,"name":"Portada","item":"https:\/\/fundacioncajaruraldelsur.com\/"},{"@type":"ListItem","position":2,"name":"CAJA RURAL DEL SUR Y ABC DE SEVILLA ENTREGAN EL PREMIO \u2018SIM\u00d3N DE ROJAS CLEMENTE\u2019 A ENRIQUE MASI\u00c1"}]},{"@type":"WebSite","@id":"https:\/\/fundacioncajaruraldelsur.com\/#website","url":"https:\/\/fundacioncajaruraldelsur.com\/","name":"Funda\u00e7\u00e3o Caja Rural del Sur","description":"","potentialAction":[{"@type":"SearchAction","target":{"@type":"EntryPoint","urlTemplate":"https:\/\/fundacioncajaruraldelsur.com\/?s={search_term_string}"},"query-input":{"@type":"PropertyValueSpecification","valueRequired":true,"valueName":"search_term_string"}}],"inLanguage":"pt-PT"},{"@type":"Person","@id":"https:\/\/fundacioncajaruraldelsur.com\/#\/schema\/person\/3cc097351ab55f31ece09bae985e0dff","name":"Huelvaadmin","image":{"@type":"ImageObject","inLanguage":"pt-PT","@id":"https:\/\/secure.gravatar.com\/avatar\/844b95d9bb5bedef6ef3f07e4ac357114f2d6f55fe0799f36cbe3975aebd8bcc?s=96&d=blank&r=g","url":"https:\/\/secure.gravatar.com\/avatar\/844b95d9bb5bedef6ef3f07e4ac357114f2d6f55fe0799f36cbe3975aebd8bcc?s=96&d=blank&r=g","contentUrl":"https:\/\/secure.gravatar.com\/avatar\/844b95d9bb5bedef6ef3f07e4ac357114f2d6f55fe0799f36cbe3975aebd8bcc?s=96&d=blank&r=g","caption":"Huelvaadmin"}}]}},"rttpg_featured_image_url":{"full":["https:\/\/fundacioncajaruraldelsur.com\/wp-content\/uploads\/2014\/04\/Enrique-Masi\u00e1-Ciscar-recibe-el-premio-concedido-por-ABC-de-Sevilla-y-Fundaci\u00f3n-Caja-Rural-del-Sur-en-presencia-de-la-consejera-de-Agricultura-Foto.jpg",4896,3264,false],"landscape":["https:\/\/fundacioncajaruraldelsur.com\/wp-content\/uploads\/2014\/04\/Enrique-Masi\u00e1-Ciscar-recibe-el-premio-concedido-por-ABC-de-Sevilla-y-Fundaci\u00f3n-Caja-Rural-del-Sur-en-presencia-de-la-consejera-de-Agricultura-Foto.jpg",4896,3264,false],"portraits":["https:\/\/fundacioncajaruraldelsur.com\/wp-content\/uploads\/2014\/04\/Enrique-Masi\u00e1-Ciscar-recibe-el-premio-concedido-por-ABC-de-Sevilla-y-Fundaci\u00f3n-Caja-Rural-del-Sur-en-presencia-de-la-consejera-de-Agricultura-Foto.jpg",4896,3264,false],"thumbnail":["https:\/\/fundacioncajaruraldelsur.com\/wp-content\/uploads\/2014\/04\/Enrique-Masi\u00e1-Ciscar-recibe-el-premio-concedido-por-ABC-de-Sevilla-y-Fundaci\u00f3n-Caja-Rural-del-Sur-en-presencia-de-la-consejera-de-Agricultura-Foto-150x150.jpg",150,150,true],"medium":["https:\/\/fundacioncajaruraldelsur.com\/wp-content\/uploads\/2014\/04\/Enrique-Masi\u00e1-Ciscar-recibe-el-premio-concedido-por-ABC-de-Sevilla-y-Fundaci\u00f3n-Caja-Rural-del-Sur-en-presencia-de-la-consejera-de-Agricultura-Foto-300x200.jpg",300,200,true],"large":["https:\/\/fundacioncajaruraldelsur.com\/wp-content\/uploads\/2014\/04\/Enrique-Masi\u00e1-Ciscar-recibe-el-premio-concedido-por-ABC-de-Sevilla-y-Fundaci\u00f3n-Caja-Rural-del-Sur-en-presencia-de-la-consejera-de-Agricultura-Foto-1024x683.jpg",960,640,true],"1536x1536":["https:\/\/fundacioncajaruraldelsur.com\/wp-content\/uploads\/2014\/04\/Enrique-Masi\u00e1-Ciscar-recibe-el-premio-concedido-por-ABC-de-Sevilla-y-Fundaci\u00f3n-Caja-Rural-del-Sur-en-presencia-de-la-consejera-de-Agricultura-Foto.jpg",1536,1024,false],"2048x2048":["https:\/\/fundacioncajaruraldelsur.com\/wp-content\/uploads\/2014\/04\/Enrique-Masi\u00e1-Ciscar-recibe-el-premio-concedido-por-ABC-de-Sevilla-y-Fundaci\u00f3n-Caja-Rural-del-Sur-en-presencia-de-la-consejera-de-Agricultura-Foto.jpg",2048,1365,false],"trp-custom-language-flag":["https:\/\/fundacioncajaruraldelsur.com\/wp-content\/uploads\/2014\/04\/Enrique-Masi\u00e1-Ciscar-recibe-el-premio-concedido-por-ABC-de-Sevilla-y-Fundaci\u00f3n-Caja-Rural-del-Sur-en-presencia-de-la-consejera-de-Agricultura-Foto.jpg",18,12,false],"blog-thumbnail":["https:\/\/fundacioncajaruraldelsur.com\/wp-content\/uploads\/2014\/04\/Enrique-Masi\u00e1-Ciscar-recibe-el-premio-concedido-por-ABC-de-Sevilla-y-Fundaci\u00f3n-Caja-Rural-del-Sur-en-presencia-de-la-consejera-de-Agricultura-Foto-400x200.jpg",400,200,true]},"rttpg_author":{"display_name":"Huelvaadmin","author_link":"https:\/\/fundacioncajaruraldelsur.com\/pt\/author\/huelvaadmin\/"},"rttpg_comment":0,"rttpg_category":"<a href=\"https:\/\/fundacioncajaruraldelsur.com\/pt\/category\/actos\/\" rel=\"category tag\">Actos<\/a> <a href=\"https:\/\/fundacioncajaruraldelsur.com\/pt\/category\/premios\/\" rel=\"category tag\">Premios<\/a> <a href=\"https:\/\/fundacioncajaruraldelsur.com\/pt\/category\/sector-agrario\/\" rel=\"category tag\">Sector agrario<\/a>","rttpg_excerpt":"30Enrique Masi\u00e1 Ciscar recibe el premio concedido por ABC de Sevilla y Fundaci\u00f3n Caja Rural del Sur, en presencia de la consejera de Agricultura Al acto asisti\u00f3 la consejera de [&hellip;]","_links":{"self":[{"href":"https:\/\/fundacioncajaruraldelsur.com\/pt\/wp-json\/wp\/v2\/posts\/2377","targetHints":{"allow":["GET"]}}],"collection":[{"href":"https:\/\/fundacioncajaruraldelsur.com\/pt\/wp-json\/wp\/v2\/posts"}],"about":[{"href":"https:\/\/fundacioncajaruraldelsur.com\/pt\/wp-json\/wp\/v2\/types\/post"}],"author":[{"embeddable":true,"href":"https:\/\/fundacioncajaruraldelsur.com\/pt\/wp-json\/wp\/v2\/users\/4"}],"replies":[{"embeddable":true,"href":"https:\/\/fundacioncajaruraldelsur.com\/pt\/wp-json\/wp\/v2\/comments?post=2377"}],"version-history":[{"count":2,"href":"https:\/\/fundacioncajaruraldelsur.com\/pt\/wp-json\/wp\/v2\/posts\/2377\/revisions"}],"predecessor-version":[{"id":2397,"href":"https:\/\/fundacioncajaruraldelsur.com\/pt\/wp-json\/wp\/v2\/posts\/2377\/revisions\/2397"}],"wp:featuredmedia":[{"embeddable":true,"href":"https:\/\/fundacioncajaruraldelsur.com\/pt\/wp-json\/wp\/v2\/media\/2784"}],"wp:attachment":[{"href":"https:\/\/fundacioncajaruraldelsur.com\/pt\/wp-json\/wp\/v2\/media?parent=2377"}],"wp:term":[{"taxonomy":"category","embeddable":true,"href":"https:\/\/fundacioncajaruraldelsur.com\/pt\/wp-json\/wp\/v2\/categories?post=2377"},{"taxonomy":"post_tag","embeddable":true,"href":"https:\/\/fundacioncajaruraldelsur.com\/pt\/wp-json\/wp\/v2\/tags?post=2377"}],"curies":[{"name":"wp","href":"https:\/\/api.w.org\/{rel}","templated":true}]}}