{"id":2300,"date":"2015-03-03T17:26:25","date_gmt":"2015-03-03T17:26:25","guid":{"rendered":"\/?p=2300"},"modified":"2015-03-13T17:28:00","modified_gmt":"2015-03-13T17:28:00","slug":"jose-luis-garcia-palacios-premio-arco-iris-a-la-mejor-labor-de-fomento-del-cooperativismo","status":"publish","type":"post","link":"https:\/\/fundacioncajaruraldelsur.com\/pt\/jose-luis-garcia-palacios-premio-arco-iris-a-la-mejor-labor-de-fomento-del-cooperativismo\/","title":{"rendered":"JOS\u00c9 LUIS GARC\u00cdA PALACIOS, PREMIO ARCO IRIS A LA MEJOR LABOR DE FOMENTO DEL COOPERATIVISMO"},"content":{"rendered":"<p>El presidente de Caja Rural del Sur y su Fundaci\u00f3n y del Banco Cooperativo Espa\u00f1ol, Jos\u00e9 Luis Garc\u00eda Palacios, ha sido premiado con el premio Arco Iris a la mejor labor de Fomento del Cooperativismo a lo largo de su larga trayectoria profesional. En esta XXVI edici\u00f3n, tambi\u00e9n han sido galardonados: Aula del Mar; Aquasport; \u00danica Group; El Garviar, Adoraci\u00f3n Mozas Moral y Alternativas Econ\u00f3micas SCCL<\/p>\n<p>Para el presidente del Banco Cooperativo Espa\u00f1ol y de la Caja Rural del Sur, Jos\u00e9 Luis Garc\u00eda Palacios, este premio ha sido una gran alegr\u00eda. \u00abEs el primero que me otorga la Junta de Andaluc\u00eda, y me ha causado una gran\u00a0satisfacci\u00f3n y orgullo\u00bb, declar\u00f3 a preguntas de los informadores, manifestando que el cooperativismo no se ha caracterizado nunca \u00abpor\u00a0prodigar en halagos a las personas que han luchado por \u00e9l,\u00a0por eso cuando colectivamente lo recibo es una satisfacci\u00f3n enorme la que siento\u00bb. \u00abEstoy emocionado\u00bb, apunt\u00f3.<\/p>\n<p>Garc\u00eda Palacios asegura que recibe este premio con la sensaci\u00f3n de que \u00abes un poco el colof\u00f3n de todo\u00a0una vida dedicada al cooperativismo\u00bb. El hoy galardonado, comenz\u00f3 a trabajar en pro del cooperativismo creando la uni\u00f3n de cooperativas del campo (Uteco), despu\u00e9s la Federaci\u00f3n, m\u00e1s tarde siendo\u00a0uno de los fundadores de la nueva Faeca Andaluc\u00eda, y desde sus comienzos y hasta hoy en\u00a0la Caja Rural y el Banco Cooperativo Espa\u00f1ol.<\/p>\n<p>\u00abSiempre, siempre defendiendo el cooperativismo como \u00fanica f\u00f3rmula de ayuda al peque\u00f1o agricultor\u00bb, ha dicho Jos\u00e9 Luis Garc\u00eda Palacios, que considera que hoy hay que seguir foment\u00e1ndolo, \u00abporque creo en el sistema y pienso que es la \u00fanica ayuda a la comercializaci\u00f3n para los peque\u00f1os y medianos agricultores\u00bb. Garc\u00eda Palacios recuerda que las cooperativas se fundaron el Alemania y m\u00e1s tarde en Espa\u00f1a, y est\u00e1 convencido de que a\u00fan se puede hacer mucho m\u00e1s por el cooperativismo, \u00aby por eso luchamos desde la Caja Rural del Sur\u00bb. Termin\u00f3 sus declaraciones antes los medios se\u00f1alando que \u201ctambi\u00e9n para Huelva es un orgullo que uno de sus hijos haya sido premiado\u201d.<\/p>\n<p>El objetivo principal de los premios Arco Iris del Cooperativismo es reconocer y premiar, en el \u00e1mbito de la Comunidad Aut\u00f3noma Andaluza, a las cooperativas, a las instituciones y a los hombres y mujeres que m\u00e1s se han distinguido en la defensa y pr\u00e1ctica de los principios universales del cooperativismo y en la ejecuci\u00f3n de proyectos empresariales de excelencia. Los premios se han dado en reconocimiento a personas e instituciones que se hayan significado en los \u00faltimos a\u00f1os por su participaci\u00f3n o apoyo en proyectos cooperativos de cualquier \u00edndole, as\u00ed como por su defensa constante y destacada del cooperativismo andaluz, contribuyendo al fomento y desarrollo del mismo.<\/p>\n<p>Est\u00e1 previsto que los premios se entreguen \u00a0en un acto el d\u00eda 3 de marzo y que contar\u00e1 con la asistencia de representantes del m\u00e1s alto nivel de la Administraci\u00f3n andaluza, as\u00ed como de las distintas federaciones, empresas y confederaciones de la econom\u00eda social.<\/p>","protected":false},"excerpt":{"rendered":"<p>El presidente de Caja Rural del Sur y su Fundaci\u00f3n y del Banco Cooperativo Espa\u00f1ol, Jos\u00e9 Luis Garc\u00eda Palacios, ha sido premiado con el premio Arco Iris a la mejor [&hellip;]<\/p>\n","protected":false},"author":4,"featured_media":2302,"comment_status":"closed","ping_status":"open","sticky":false,"template":"","format":"standard","meta":{"footnotes":""},"categories":[64],"tags":[],"class_list":["post-2300","post","type-post","status-publish","format-standard","has-post-thumbnail","hentry","category-premios"],"yoast_head":"<!-- This site is optimized with the Yoast SEO plugin v27.3 - https:\/\/yoast.com\/product\/yoast-seo-wordpress\/ -->\n<title>JOS\u00c9 LUIS GARC\u00cdA PALACIOS, PREMIO ARCO IRIS A LA MEJOR LABOR DE FOMENTO DEL COOPERATIVISMO - Fundaci\u00f3n Caja Rural del Sur<\/title>\n<meta name=\"robots\" content=\"index, follow, max-snippet:-1, max-image-preview:large, max-video-preview:-1\" \/>\n<link rel=\"canonical\" href=\"https:\/\/fundacioncajaruraldelsur.com\/pt\/jose-luis-garcia-palacios-premio-arco-iris-a-la-mejor-labor-de-fomento-del-cooperativismo\/\" \/>\n<meta property=\"og:locale\" content=\"pt_PT\" \/>\n<meta property=\"og:type\" content=\"article\" \/>\n<meta property=\"og:title\" content=\"JOS\u00c9 LUIS GARC\u00cdA PALACIOS, PREMIO ARCO IRIS A LA MEJOR LABOR DE FOMENTO DEL COOPERATIVISMO - Fundaci\u00f3n Caja Rural del Sur\" \/>\n<meta property=\"og:description\" content=\"El presidente de Caja Rural del Sur y su Fundaci\u00f3n y del Banco Cooperativo Espa\u00f1ol, Jos\u00e9 Luis Garc\u00eda Palacios, ha sido premiado con el premio Arco Iris a la mejor [&hellip;]\" \/>\n<meta property=\"og:url\" content=\"https:\/\/fundacioncajaruraldelsur.com\/pt\/jose-luis-garcia-palacios-premio-arco-iris-a-la-mejor-labor-de-fomento-del-cooperativismo\/\" \/>\n<meta property=\"og:site_name\" content=\"Fundaci\u00f3n Caja Rural del Sur\" \/>\n<meta property=\"article:published_time\" content=\"2015-03-03T17:26:25+00:00\" \/>\n<meta property=\"article:modified_time\" content=\"2015-03-13T17:28:00+00:00\" \/>\n<meta property=\"og:image\" content=\"https:\/\/fundacioncajaruraldelsur.com\/wp-content\/uploads\/2015\/03\/n2.jpg\" \/>\n\t<meta property=\"og:image:width\" content=\"651\" \/>\n\t<meta property=\"og:image:height\" content=\"405\" \/>\n\t<meta property=\"og:image:type\" content=\"image\/jpeg\" \/>\n<meta name=\"author\" content=\"Huelvaadmin\" \/>\n<meta name=\"twitter:card\" content=\"summary_large_image\" \/>\n<meta name=\"twitter:label1\" content=\"Written by\" \/>\n\t<meta name=\"twitter:data1\" content=\"Huelvaadmin\" \/>\n\t<meta name=\"twitter:label2\" content=\"Est. reading time\" \/>\n\t<meta name=\"twitter:data2\" content=\"3 minutes\" \/>\n<script type=\"application\/ld+json\" class=\"yoast-schema-graph\">{\"@context\":\"https:\\\/\\\/schema.org\",\"@graph\":[{\"@type\":\"Article\",\"@id\":\"https:\\\/\\\/fundacioncajaruraldelsur.com\\\/jose-luis-garcia-palacios-premio-arco-iris-a-la-mejor-labor-de-fomento-del-cooperativismo\\\/#article\",\"isPartOf\":{\"@id\":\"https:\\\/\\\/fundacioncajaruraldelsur.com\\\/jose-luis-garcia-palacios-premio-arco-iris-a-la-mejor-labor-de-fomento-del-cooperativismo\\\/\"},\"author\":{\"name\":\"Huelvaadmin\",\"@id\":\"https:\\\/\\\/fundacioncajaruraldelsur.com\\\/#\\\/schema\\\/person\\\/3cc097351ab55f31ece09bae985e0dff\"},\"headline\":\"JOS\u00c9 LUIS GARC\u00cdA PALACIOS, PREMIO ARCO IRIS A LA MEJOR LABOR DE FOMENTO DEL COOPERATIVISMO\",\"datePublished\":\"2015-03-03T17:26:25+00:00\",\"dateModified\":\"2015-03-13T17:28:00+00:00\",\"mainEntityOfPage\":{\"@id\":\"https:\\\/\\\/fundacioncajaruraldelsur.com\\\/jose-luis-garcia-palacios-premio-arco-iris-a-la-mejor-labor-de-fomento-del-cooperativismo\\\/\"},\"wordCount\":546,\"image\":{\"@id\":\"https:\\\/\\\/fundacioncajaruraldelsur.com\\\/jose-luis-garcia-palacios-premio-arco-iris-a-la-mejor-labor-de-fomento-del-cooperativismo\\\/#primaryimage\"},\"thumbnailUrl\":\"https:\\\/\\\/fundacioncajaruraldelsur.com\\\/wp-content\\\/uploads\\\/2015\\\/03\\\/n2.jpg\",\"articleSection\":[\"Premios\"],\"inLanguage\":\"pt-PT\"},{\"@type\":\"WebPage\",\"@id\":\"https:\\\/\\\/fundacioncajaruraldelsur.com\\\/jose-luis-garcia-palacios-premio-arco-iris-a-la-mejor-labor-de-fomento-del-cooperativismo\\\/\",\"url\":\"https:\\\/\\\/fundacioncajaruraldelsur.com\\\/jose-luis-garcia-palacios-premio-arco-iris-a-la-mejor-labor-de-fomento-del-cooperativismo\\\/\",\"name\":\"JOS\u00c9 LUIS GARC\u00cdA PALACIOS, PREMIO ARCO IRIS A LA MEJOR LABOR DE FOMENTO DEL COOPERATIVISMO - Fundaci\u00f3n Caja Rural del Sur\",\"isPartOf\":{\"@id\":\"https:\\\/\\\/fundacioncajaruraldelsur.com\\\/#website\"},\"primaryImageOfPage\":{\"@id\":\"https:\\\/\\\/fundacioncajaruraldelsur.com\\\/jose-luis-garcia-palacios-premio-arco-iris-a-la-mejor-labor-de-fomento-del-cooperativismo\\\/#primaryimage\"},\"image\":{\"@id\":\"https:\\\/\\\/fundacioncajaruraldelsur.com\\\/jose-luis-garcia-palacios-premio-arco-iris-a-la-mejor-labor-de-fomento-del-cooperativismo\\\/#primaryimage\"},\"thumbnailUrl\":\"https:\\\/\\\/fundacioncajaruraldelsur.com\\\/wp-content\\\/uploads\\\/2015\\\/03\\\/n2.jpg\",\"datePublished\":\"2015-03-03T17:26:25+00:00\",\"dateModified\":\"2015-03-13T17:28:00+00:00\",\"author\":{\"@id\":\"https:\\\/\\\/fundacioncajaruraldelsur.com\\\/#\\\/schema\\\/person\\\/3cc097351ab55f31ece09bae985e0dff\"},\"breadcrumb\":{\"@id\":\"https:\\\/\\\/fundacioncajaruraldelsur.com\\\/jose-luis-garcia-palacios-premio-arco-iris-a-la-mejor-labor-de-fomento-del-cooperativismo\\\/#breadcrumb\"},\"inLanguage\":\"pt-PT\",\"potentialAction\":[{\"@type\":\"ReadAction\",\"target\":[\"https:\\\/\\\/fundacioncajaruraldelsur.com\\\/jose-luis-garcia-palacios-premio-arco-iris-a-la-mejor-labor-de-fomento-del-cooperativismo\\\/\"]}]},{\"@type\":\"ImageObject\",\"inLanguage\":\"pt-PT\",\"@id\":\"https:\\\/\\\/fundacioncajaruraldelsur.com\\\/jose-luis-garcia-palacios-premio-arco-iris-a-la-mejor-labor-de-fomento-del-cooperativismo\\\/#primaryimage\",\"url\":\"https:\\\/\\\/fundacioncajaruraldelsur.com\\\/wp-content\\\/uploads\\\/2015\\\/03\\\/n2.jpg\",\"contentUrl\":\"https:\\\/\\\/fundacioncajaruraldelsur.com\\\/wp-content\\\/uploads\\\/2015\\\/03\\\/n2.jpg\",\"width\":651,\"height\":405},{\"@type\":\"BreadcrumbList\",\"@id\":\"https:\\\/\\\/fundacioncajaruraldelsur.com\\\/jose-luis-garcia-palacios-premio-arco-iris-a-la-mejor-labor-de-fomento-del-cooperativismo\\\/#breadcrumb\",\"itemListElement\":[{\"@type\":\"ListItem\",\"position\":1,\"name\":\"Portada\",\"item\":\"https:\\\/\\\/fundacioncajaruraldelsur.com\\\/\"},{\"@type\":\"ListItem\",\"position\":2,\"name\":\"JOS\u00c9 LUIS GARC\u00cdA PALACIOS, PREMIO ARCO IRIS A LA MEJOR LABOR DE FOMENTO DEL COOPERATIVISMO\"}]},{\"@type\":\"WebSite\",\"@id\":\"https:\\\/\\\/fundacioncajaruraldelsur.com\\\/#website\",\"url\":\"https:\\\/\\\/fundacioncajaruraldelsur.com\\\/\",\"name\":\"Fundaci\u00f3n Caja Rural del Sur\",\"description\":\"\",\"potentialAction\":[{\"@type\":\"SearchAction\",\"target\":{\"@type\":\"EntryPoint\",\"urlTemplate\":\"https:\\\/\\\/fundacioncajaruraldelsur.com\\\/?s={search_term_string}\"},\"query-input\":{\"@type\":\"PropertyValueSpecification\",\"valueRequired\":true,\"valueName\":\"search_term_string\"}}],\"inLanguage\":\"pt-PT\"},{\"@type\":\"Person\",\"@id\":\"https:\\\/\\\/fundacioncajaruraldelsur.com\\\/#\\\/schema\\\/person\\\/3cc097351ab55f31ece09bae985e0dff\",\"name\":\"Huelvaadmin\",\"image\":{\"@type\":\"ImageObject\",\"inLanguage\":\"pt-PT\",\"@id\":\"https:\\\/\\\/secure.gravatar.com\\\/avatar\\\/844b95d9bb5bedef6ef3f07e4ac357114f2d6f55fe0799f36cbe3975aebd8bcc?s=96&d=blank&r=g\",\"url\":\"https:\\\/\\\/secure.gravatar.com\\\/avatar\\\/844b95d9bb5bedef6ef3f07e4ac357114f2d6f55fe0799f36cbe3975aebd8bcc?s=96&d=blank&r=g\",\"contentUrl\":\"https:\\\/\\\/secure.gravatar.com\\\/avatar\\\/844b95d9bb5bedef6ef3f07e4ac357114f2d6f55fe0799f36cbe3975aebd8bcc?s=96&d=blank&r=g\",\"caption\":\"Huelvaadmin\"}}]}<\/script>\n<!-- \/ Yoast SEO plugin. -->","yoast_head_json":{"title":"JOS\u00c9 LUIS GARC\u00cdA PALACIOS, PREMIO ARCO IRIS A LA MEJOR LABOR DE FOMENTO DEL COOPERATIVISMO - Fundaci\u00f3n Caja Rural del Sur","robots":{"index":"index","follow":"follow","max-snippet":"max-snippet:-1","max-image-preview":"max-image-preview:large","max-video-preview":"max-video-preview:-1"},"canonical":"https:\/\/fundacioncajaruraldelsur.com\/pt\/jose-luis-garcia-palacios-premio-arco-iris-a-la-mejor-labor-de-fomento-del-cooperativismo\/","og_locale":"pt_PT","og_type":"article","og_title":"JOS\u00c9 LUIS GARC\u00cdA PALACIOS, PREMIO ARCO IRIS A LA MEJOR LABOR DE FOMENTO DEL COOPERATIVISMO - Fundaci\u00f3n Caja Rural del Sur","og_description":"El presidente de Caja Rural del Sur y su Fundaci\u00f3n y del Banco Cooperativo Espa\u00f1ol, Jos\u00e9 Luis Garc\u00eda Palacios, ha sido premiado con el premio Arco Iris a la mejor [&hellip;]","og_url":"https:\/\/fundacioncajaruraldelsur.com\/pt\/jose-luis-garcia-palacios-premio-arco-iris-a-la-mejor-labor-de-fomento-del-cooperativismo\/","og_site_name":"Fundaci\u00f3n Caja Rural del Sur","article_published_time":"2015-03-03T17:26:25+00:00","article_modified_time":"2015-03-13T17:28:00+00:00","og_image":[{"width":651,"height":405,"url":"https:\/\/fundacioncajaruraldelsur.com\/wp-content\/uploads\/2015\/03\/n2.jpg","type":"image\/jpeg"}],"author":"Huelvaadmin","twitter_card":"summary_large_image","twitter_misc":{"Written by":"Huelvaadmin","Est. reading time":"3 minutes"},"schema":{"@context":"https:\/\/schema.org","@graph":[{"@type":"Article","@id":"https:\/\/fundacioncajaruraldelsur.com\/jose-luis-garcia-palacios-premio-arco-iris-a-la-mejor-labor-de-fomento-del-cooperativismo\/#article","isPartOf":{"@id":"https:\/\/fundacioncajaruraldelsur.com\/jose-luis-garcia-palacios-premio-arco-iris-a-la-mejor-labor-de-fomento-del-cooperativismo\/"},"author":{"name":"Huelvaadmin","@id":"https:\/\/fundacioncajaruraldelsur.com\/#\/schema\/person\/3cc097351ab55f31ece09bae985e0dff"},"headline":"JOS\u00c9 LUIS GARC\u00cdA PALACIOS, PREMIO ARCO IRIS A LA MEJOR LABOR DE FOMENTO DEL COOPERATIVISMO","datePublished":"2015-03-03T17:26:25+00:00","dateModified":"2015-03-13T17:28:00+00:00","mainEntityOfPage":{"@id":"https:\/\/fundacioncajaruraldelsur.com\/jose-luis-garcia-palacios-premio-arco-iris-a-la-mejor-labor-de-fomento-del-cooperativismo\/"},"wordCount":546,"image":{"@id":"https:\/\/fundacioncajaruraldelsur.com\/jose-luis-garcia-palacios-premio-arco-iris-a-la-mejor-labor-de-fomento-del-cooperativismo\/#primaryimage"},"thumbnailUrl":"https:\/\/fundacioncajaruraldelsur.com\/wp-content\/uploads\/2015\/03\/n2.jpg","articleSection":["Premios"],"inLanguage":"pt-PT"},{"@type":"WebPage","@id":"https:\/\/fundacioncajaruraldelsur.com\/jose-luis-garcia-palacios-premio-arco-iris-a-la-mejor-labor-de-fomento-del-cooperativismo\/","url":"https:\/\/fundacioncajaruraldelsur.com\/jose-luis-garcia-palacios-premio-arco-iris-a-la-mejor-labor-de-fomento-del-cooperativismo\/","name":"JOS\u00c9 LUIS GARC\u00cdA PALACIOS, PREMIO ARCO IRIS A LA MEJOR LABOR DE FOMENTO DEL COOPERATIVISMO - Fundaci\u00f3n Caja Rural del Sur","isPartOf":{"@id":"https:\/\/fundacioncajaruraldelsur.com\/#website"},"primaryImageOfPage":{"@id":"https:\/\/fundacioncajaruraldelsur.com\/jose-luis-garcia-palacios-premio-arco-iris-a-la-mejor-labor-de-fomento-del-cooperativismo\/#primaryimage"},"image":{"@id":"https:\/\/fundacioncajaruraldelsur.com\/jose-luis-garcia-palacios-premio-arco-iris-a-la-mejor-labor-de-fomento-del-cooperativismo\/#primaryimage"},"thumbnailUrl":"https:\/\/fundacioncajaruraldelsur.com\/wp-content\/uploads\/2015\/03\/n2.jpg","datePublished":"2015-03-03T17:26:25+00:00","dateModified":"2015-03-13T17:28:00+00:00","author":{"@id":"https:\/\/fundacioncajaruraldelsur.com\/#\/schema\/person\/3cc097351ab55f31ece09bae985e0dff"},"breadcrumb":{"@id":"https:\/\/fundacioncajaruraldelsur.com\/jose-luis-garcia-palacios-premio-arco-iris-a-la-mejor-labor-de-fomento-del-cooperativismo\/#breadcrumb"},"inLanguage":"pt-PT","potentialAction":[{"@type":"ReadAction","target":["https:\/\/fundacioncajaruraldelsur.com\/jose-luis-garcia-palacios-premio-arco-iris-a-la-mejor-labor-de-fomento-del-cooperativismo\/"]}]},{"@type":"ImageObject","inLanguage":"pt-PT","@id":"https:\/\/fundacioncajaruraldelsur.com\/jose-luis-garcia-palacios-premio-arco-iris-a-la-mejor-labor-de-fomento-del-cooperativismo\/#primaryimage","url":"https:\/\/fundacioncajaruraldelsur.com\/wp-content\/uploads\/2015\/03\/n2.jpg","contentUrl":"https:\/\/fundacioncajaruraldelsur.com\/wp-content\/uploads\/2015\/03\/n2.jpg","width":651,"height":405},{"@type":"BreadcrumbList","@id":"https:\/\/fundacioncajaruraldelsur.com\/jose-luis-garcia-palacios-premio-arco-iris-a-la-mejor-labor-de-fomento-del-cooperativismo\/#breadcrumb","itemListElement":[{"@type":"ListItem","position":1,"name":"Portada","item":"https:\/\/fundacioncajaruraldelsur.com\/"},{"@type":"ListItem","position":2,"name":"JOS\u00c9 LUIS GARC\u00cdA PALACIOS, PREMIO ARCO IRIS A LA MEJOR LABOR DE FOMENTO DEL COOPERATIVISMO"}]},{"@type":"WebSite","@id":"https:\/\/fundacioncajaruraldelsur.com\/#website","url":"https:\/\/fundacioncajaruraldelsur.com\/","name":"Funda\u00e7\u00e3o Caja Rural del Sur","description":"","potentialAction":[{"@type":"SearchAction","target":{"@type":"EntryPoint","urlTemplate":"https:\/\/fundacioncajaruraldelsur.com\/?s={search_term_string}"},"query-input":{"@type":"PropertyValueSpecification","valueRequired":true,"valueName":"search_term_string"}}],"inLanguage":"pt-PT"},{"@type":"Person","@id":"https:\/\/fundacioncajaruraldelsur.com\/#\/schema\/person\/3cc097351ab55f31ece09bae985e0dff","name":"Huelvaadmin","image":{"@type":"ImageObject","inLanguage":"pt-PT","@id":"https:\/\/secure.gravatar.com\/avatar\/844b95d9bb5bedef6ef3f07e4ac357114f2d6f55fe0799f36cbe3975aebd8bcc?s=96&d=blank&r=g","url":"https:\/\/secure.gravatar.com\/avatar\/844b95d9bb5bedef6ef3f07e4ac357114f2d6f55fe0799f36cbe3975aebd8bcc?s=96&d=blank&r=g","contentUrl":"https:\/\/secure.gravatar.com\/avatar\/844b95d9bb5bedef6ef3f07e4ac357114f2d6f55fe0799f36cbe3975aebd8bcc?s=96&d=blank&r=g","caption":"Huelvaadmin"}}]}},"rttpg_featured_image_url":{"full":["https:\/\/fundacioncajaruraldelsur.com\/wp-content\/uploads\/2015\/03\/n2.jpg",651,405,false],"landscape":["https:\/\/fundacioncajaruraldelsur.com\/wp-content\/uploads\/2015\/03\/n2.jpg",651,405,false],"portraits":["https:\/\/fundacioncajaruraldelsur.com\/wp-content\/uploads\/2015\/03\/n2.jpg",651,405,false],"thumbnail":["https:\/\/fundacioncajaruraldelsur.com\/wp-content\/uploads\/2015\/03\/n2-150x150.jpg",150,150,true],"medium":["https:\/\/fundacioncajaruraldelsur.com\/wp-content\/uploads\/2015\/03\/n2-300x187.jpg",300,187,true],"large":["https:\/\/fundacioncajaruraldelsur.com\/wp-content\/uploads\/2015\/03\/n2.jpg",651,405,false],"1536x1536":["https:\/\/fundacioncajaruraldelsur.com\/wp-content\/uploads\/2015\/03\/n2.jpg",651,405,false],"2048x2048":["https:\/\/fundacioncajaruraldelsur.com\/wp-content\/uploads\/2015\/03\/n2.jpg",651,405,false],"trp-custom-language-flag":["https:\/\/fundacioncajaruraldelsur.com\/wp-content\/uploads\/2015\/03\/n2.jpg",18,12,false],"blog-thumbnail":["https:\/\/fundacioncajaruraldelsur.com\/wp-content\/uploads\/2015\/03\/n2-400x200.jpg",400,200,true]},"rttpg_author":{"display_name":"Huelvaadmin","author_link":"https:\/\/fundacioncajaruraldelsur.com\/pt\/author\/huelvaadmin\/"},"rttpg_comment":0,"rttpg_category":"<a href=\"https:\/\/fundacioncajaruraldelsur.com\/pt\/category\/premios\/\" rel=\"category tag\">Premios<\/a>","rttpg_excerpt":"El presidente de Caja Rural del Sur y su Fundaci\u00f3n y del Banco Cooperativo Espa\u00f1ol, Jos\u00e9 Luis Garc\u00eda Palacios, ha sido premiado con el premio Arco Iris a la mejor [&hellip;]","_links":{"self":[{"href":"https:\/\/fundacioncajaruraldelsur.com\/pt\/wp-json\/wp\/v2\/posts\/2300","targetHints":{"allow":["GET"]}}],"collection":[{"href":"https:\/\/fundacioncajaruraldelsur.com\/pt\/wp-json\/wp\/v2\/posts"}],"about":[{"href":"https:\/\/fundacioncajaruraldelsur.com\/pt\/wp-json\/wp\/v2\/types\/post"}],"author":[{"embeddable":true,"href":"https:\/\/fundacioncajaruraldelsur.com\/pt\/wp-json\/wp\/v2\/users\/4"}],"replies":[{"embeddable":true,"href":"https:\/\/fundacioncajaruraldelsur.com\/pt\/wp-json\/wp\/v2\/comments?post=2300"}],"version-history":[{"count":2,"href":"https:\/\/fundacioncajaruraldelsur.com\/pt\/wp-json\/wp\/v2\/posts\/2300\/revisions"}],"predecessor-version":[{"id":2303,"href":"https:\/\/fundacioncajaruraldelsur.com\/pt\/wp-json\/wp\/v2\/posts\/2300\/revisions\/2303"}],"wp:featuredmedia":[{"embeddable":true,"href":"https:\/\/fundacioncajaruraldelsur.com\/pt\/wp-json\/wp\/v2\/media\/2302"}],"wp:attachment":[{"href":"https:\/\/fundacioncajaruraldelsur.com\/pt\/wp-json\/wp\/v2\/media?parent=2300"}],"wp:term":[{"taxonomy":"category","embeddable":true,"href":"https:\/\/fundacioncajaruraldelsur.com\/pt\/wp-json\/wp\/v2\/categories?post=2300"},{"taxonomy":"post_tag","embeddable":true,"href":"https:\/\/fundacioncajaruraldelsur.com\/pt\/wp-json\/wp\/v2\/tags?post=2300"}],"curies":[{"name":"wp","href":"https:\/\/api.w.org\/{rel}","templated":true}]}}