{"id":12763,"date":"2026-04-29T19:24:46","date_gmt":"2026-04-29T17:24:46","guid":{"rendered":"https:\/\/fundacioncajaruraldelsur.com\/?p=12763"},"modified":"2026-04-29T19:24:46","modified_gmt":"2026-04-29T17:24:46","slug":"exposicion-trazos-florales-de-gema-climent-en-la-fundacion-caja-rural-del-sur-de-cordoba","status":"publish","type":"post","link":"https:\/\/fundacioncajaruraldelsur.com\/pt\/exposicion-trazos-florales-de-gema-climent-en-la-fundacion-caja-rural-del-sur-de-cordoba\/","title":{"rendered":"Exposici\u00f3n \u201cTrazos florales\u201d de Gema Climent en la Fundaci\u00f3n Caja Rural del Sur de C\u00f3rdoba"},"content":{"rendered":"<p>Desde el pasado mi\u00e9rcoles, d\u00eda 23 de abril, y hasta el pr\u00f3ximo 15 de mayo permanecer\u00e1 abierta en el Centro Cultural en C\u00f3rdoba de la Fundaci\u00f3n Caja Rural del Sur la exposici\u00f3n \u201cTrazos florales\u201d de la artista Gema Climent, en horario de lunes a viernes de 10 a 14 horas y de 18 a 21 horas.<\/p>\n<p>La creadora Gema Climent nace en Aben\u00f3jar, provincia de Ciudad Real, el 6 de febrero de 1963, se licenci\u00f3 en la Facultad de Bellas Artes de Valencia con la especialidad de Pintura y dos a\u00f1os despu\u00e9s concluye su trayectoria docente con una nueva especialidad en Grabado, un Master de Artes Gr\u00e1ficas y el t\u00edtulo de Doctor en Bellas Artes. En 1992 comenz\u00f3 a impartir docencia en la Facultad de Sevilla. Actualmente es Catedr\u00e1tica de Grabado en la Facultad de Bellas Artes de la Universidad de Sevilla.<\/p>\n<p>Entre los m\u00e1s importantes figuran en 1990 el 3\u00ba Premio de Pintura r\u00e1pida de Paisaje al aire libre en Rubielos de Mora Teruel; en1997. 3\u00ba Premio de Pintura en Secci\u00f3n Nacional de XLVIII Sal\u00f3n de Arte de Puertollano; en el 2000 el Premio Nacional del 2\u00ba Certamen de Pintura R\u00e1pida de Castellar Ja\u00e9n; 2003. Primer Premio Cultural Antares, de la Ciudad de Sevilla Concurso de Obra y en el 2013 el Primer Premio de Pintura Nacional del LXIV Sal\u00f3n de Arte \u00abCiudad de Puertollano\u00bb.<\/p>\n<p>Entre las exposiciones individuales m\u00e1s relevantes destacan en -2003. Exposici\u00f3n individual de Pintura y grabado en la Galer\u00eda Infantas de Madrid. -2006. Exposici\u00f3n de Pintura en la Galer\u00eda de Arte \u00c1lvaro de Sevilla, Titulada:\u201d Entornos del Guadiana\u201d. -2008. Museo de Arte Contempor\u00e1neo de Castilla La Mancha Fundaci\u00f3n F. Picornell. -2010. Exposici\u00f3n Individual de pintura y grabado, Sala de Exposiciones del Palacio Pimentel Valladolid. -2013. Exposici\u00f3n Individual de grabado, Museo de Puertollano. 2016. Exposici\u00f3n Individual de Obra Gr\u00e1fica en la Sala de Exposiciones del Museo L\u00f3pez de Villase\u00f1or C.R. 2017.Exposici\u00f3n de Obra Gr\u00e1fica en el Ateneo de Mairena del Aljarafe Sevilla titulada: \u201cPatios de C\u00f3rdoba\u201d. -2017. Exposici\u00f3n Individual de Obra Gr\u00e1fica en el Museo Osuna, Sevilla, titulada: \u201cExpresiones sobre el fotolito y la imagen digital\u201d. \u2013 2019. Exposici\u00f3n de Obra Gr\u00e1fica en la Sala de Exposiciones del Museo Centro Cultural San Clemente Toledo. -2020. Exposici\u00f3n individual de Arte Museo de Osuna, titulada: \u201cXilograf\u00eda procesos experimentales con pulpa\u201d -2021. Exposici\u00f3n Individual de obra gr\u00e1fica, Centro Hist\u00f3rico Santa Mar\u00eda de Melque en San Mart\u00edn de Montalb\u00e1n Toledo. -2021- Exposici\u00f3n Individual de Obra gr\u00e1fica, titulada \u201cProcesos experimentales con pulpa en diferente matrices\u201d Museo Elissa Cendrero.<\/p>","protected":false},"excerpt":{"rendered":"<p>Desde el pasado mi\u00e9rcoles, d\u00eda 23 de abril, y hasta el pr\u00f3ximo 15 de mayo permanecer\u00e1 abierta en el Centro Cultural en C\u00f3rdoba de la Fundaci\u00f3n Caja Rural del Sur [&hellip;]<\/p>\n","protected":false},"author":6,"featured_media":12764,"comment_status":"closed","ping_status":"closed","sticky":false,"template":"","format":"standard","meta":{"footnotes":""},"categories":[82],"tags":[],"class_list":["post-12763","post","type-post","status-publish","format-standard","has-post-thumbnail","hentry","category-exposiciones"],"yoast_head":"<!-- This site is optimized with the Yoast SEO plugin v27.3 - https:\/\/yoast.com\/product\/yoast-seo-wordpress\/ -->\n<title>Exposici\u00f3n \u201cTrazos florales\u201d de Gema Climent en la Fundaci\u00f3n Caja Rural del Sur de C\u00f3rdoba - Fundaci\u00f3n Caja Rural del Sur<\/title>\n<meta name=\"robots\" content=\"index, follow, max-snippet:-1, max-image-preview:large, max-video-preview:-1\" \/>\n<link rel=\"canonical\" href=\"https:\/\/fundacioncajaruraldelsur.com\/pt\/exposicion-trazos-florales-de-gema-climent-en-la-fundacion-caja-rural-del-sur-de-cordoba\/\" \/>\n<meta property=\"og:locale\" content=\"pt_PT\" \/>\n<meta property=\"og:type\" content=\"article\" \/>\n<meta property=\"og:title\" content=\"Exposici\u00f3n \u201cTrazos florales\u201d de Gema Climent en la Fundaci\u00f3n Caja Rural del Sur de C\u00f3rdoba - Fundaci\u00f3n Caja Rural del Sur\" \/>\n<meta property=\"og:description\" content=\"Desde el pasado mi\u00e9rcoles, d\u00eda 23 de abril, y hasta el pr\u00f3ximo 15 de mayo permanecer\u00e1 abierta en el Centro Cultural en C\u00f3rdoba de la Fundaci\u00f3n Caja Rural del Sur [&hellip;]\" \/>\n<meta property=\"og:url\" content=\"https:\/\/fundacioncajaruraldelsur.com\/pt\/exposicion-trazos-florales-de-gema-climent-en-la-fundacion-caja-rural-del-sur-de-cordoba\/\" \/>\n<meta property=\"og:site_name\" content=\"Fundaci\u00f3n Caja Rural del Sur\" \/>\n<meta property=\"article:published_time\" content=\"2026-04-29T17:24:46+00:00\" \/>\n<meta property=\"og:image\" content=\"https:\/\/fundacioncajaruraldelsur.com\/wp-content\/uploads\/2026\/04\/cordoba.jpg\" \/>\n\t<meta property=\"og:image:width\" content=\"727\" \/>\n\t<meta property=\"og:image:height\" content=\"531\" \/>\n\t<meta property=\"og:image:type\" content=\"image\/jpeg\" \/>\n<meta name=\"author\" content=\"Comunicaci\u00f3n\" \/>\n<meta name=\"twitter:card\" content=\"summary_large_image\" \/>\n<meta name=\"twitter:label1\" content=\"Written by\" \/>\n\t<meta name=\"twitter:data1\" content=\"Comunicaci\u00f3n\" \/>\n\t<meta name=\"twitter:label2\" content=\"Est. reading time\" \/>\n\t<meta name=\"twitter:data2\" content=\"3 minutes\" \/>\n<script type=\"application\/ld+json\" class=\"yoast-schema-graph\">{\"@context\":\"https:\\\/\\\/schema.org\",\"@graph\":[{\"@type\":\"Article\",\"@id\":\"https:\\\/\\\/fundacioncajaruraldelsur.com\\\/exposicion-trazos-florales-de-gema-climent-en-la-fundacion-caja-rural-del-sur-de-cordoba\\\/#article\",\"isPartOf\":{\"@id\":\"https:\\\/\\\/fundacioncajaruraldelsur.com\\\/exposicion-trazos-florales-de-gema-climent-en-la-fundacion-caja-rural-del-sur-de-cordoba\\\/\"},\"author\":{\"name\":\"Comunicaci\u00f3n\",\"@id\":\"https:\\\/\\\/fundacioncajaruraldelsur.com\\\/#\\\/schema\\\/person\\\/f430da9fb783d505ff061ad8b3d44577\"},\"headline\":\"Exposici\u00f3n \u201cTrazos florales\u201d de Gema Climent en la Fundaci\u00f3n Caja Rural del Sur de C\u00f3rdoba\",\"datePublished\":\"2026-04-29T17:24:46+00:00\",\"mainEntityOfPage\":{\"@id\":\"https:\\\/\\\/fundacioncajaruraldelsur.com\\\/exposicion-trazos-florales-de-gema-climent-en-la-fundacion-caja-rural-del-sur-de-cordoba\\\/\"},\"wordCount\":467,\"image\":{\"@id\":\"https:\\\/\\\/fundacioncajaruraldelsur.com\\\/exposicion-trazos-florales-de-gema-climent-en-la-fundacion-caja-rural-del-sur-de-cordoba\\\/#primaryimage\"},\"thumbnailUrl\":\"https:\\\/\\\/fundacioncajaruraldelsur.com\\\/wp-content\\\/uploads\\\/2026\\\/04\\\/cordoba.jpg\",\"articleSection\":[\"Exposiciones\"],\"inLanguage\":\"pt-PT\"},{\"@type\":\"WebPage\",\"@id\":\"https:\\\/\\\/fundacioncajaruraldelsur.com\\\/exposicion-trazos-florales-de-gema-climent-en-la-fundacion-caja-rural-del-sur-de-cordoba\\\/\",\"url\":\"https:\\\/\\\/fundacioncajaruraldelsur.com\\\/exposicion-trazos-florales-de-gema-climent-en-la-fundacion-caja-rural-del-sur-de-cordoba\\\/\",\"name\":\"Exposici\u00f3n \u201cTrazos florales\u201d de Gema Climent en la Fundaci\u00f3n Caja Rural del Sur de C\u00f3rdoba - Fundaci\u00f3n Caja Rural del Sur\",\"isPartOf\":{\"@id\":\"https:\\\/\\\/fundacioncajaruraldelsur.com\\\/#website\"},\"primaryImageOfPage\":{\"@id\":\"https:\\\/\\\/fundacioncajaruraldelsur.com\\\/exposicion-trazos-florales-de-gema-climent-en-la-fundacion-caja-rural-del-sur-de-cordoba\\\/#primaryimage\"},\"image\":{\"@id\":\"https:\\\/\\\/fundacioncajaruraldelsur.com\\\/exposicion-trazos-florales-de-gema-climent-en-la-fundacion-caja-rural-del-sur-de-cordoba\\\/#primaryimage\"},\"thumbnailUrl\":\"https:\\\/\\\/fundacioncajaruraldelsur.com\\\/wp-content\\\/uploads\\\/2026\\\/04\\\/cordoba.jpg\",\"datePublished\":\"2026-04-29T17:24:46+00:00\",\"author\":{\"@id\":\"https:\\\/\\\/fundacioncajaruraldelsur.com\\\/#\\\/schema\\\/person\\\/f430da9fb783d505ff061ad8b3d44577\"},\"breadcrumb\":{\"@id\":\"https:\\\/\\\/fundacioncajaruraldelsur.com\\\/exposicion-trazos-florales-de-gema-climent-en-la-fundacion-caja-rural-del-sur-de-cordoba\\\/#breadcrumb\"},\"inLanguage\":\"pt-PT\",\"potentialAction\":[{\"@type\":\"ReadAction\",\"target\":[\"https:\\\/\\\/fundacioncajaruraldelsur.com\\\/exposicion-trazos-florales-de-gema-climent-en-la-fundacion-caja-rural-del-sur-de-cordoba\\\/\"]}]},{\"@type\":\"ImageObject\",\"inLanguage\":\"pt-PT\",\"@id\":\"https:\\\/\\\/fundacioncajaruraldelsur.com\\\/exposicion-trazos-florales-de-gema-climent-en-la-fundacion-caja-rural-del-sur-de-cordoba\\\/#primaryimage\",\"url\":\"https:\\\/\\\/fundacioncajaruraldelsur.com\\\/wp-content\\\/uploads\\\/2026\\\/04\\\/cordoba.jpg\",\"contentUrl\":\"https:\\\/\\\/fundacioncajaruraldelsur.com\\\/wp-content\\\/uploads\\\/2026\\\/04\\\/cordoba.jpg\",\"width\":727,\"height\":531},{\"@type\":\"BreadcrumbList\",\"@id\":\"https:\\\/\\\/fundacioncajaruraldelsur.com\\\/exposicion-trazos-florales-de-gema-climent-en-la-fundacion-caja-rural-del-sur-de-cordoba\\\/#breadcrumb\",\"itemListElement\":[{\"@type\":\"ListItem\",\"position\":1,\"name\":\"Portada\",\"item\":\"https:\\\/\\\/fundacioncajaruraldelsur.com\\\/\"},{\"@type\":\"ListItem\",\"position\":2,\"name\":\"Exposici\u00f3n \u201cTrazos florales\u201d de Gema Climent en la Fundaci\u00f3n Caja Rural del Sur de C\u00f3rdoba\"}]},{\"@type\":\"WebSite\",\"@id\":\"https:\\\/\\\/fundacioncajaruraldelsur.com\\\/#website\",\"url\":\"https:\\\/\\\/fundacioncajaruraldelsur.com\\\/\",\"name\":\"Fundaci\u00f3n Caja Rural del Sur\",\"description\":\"\",\"potentialAction\":[{\"@type\":\"SearchAction\",\"target\":{\"@type\":\"EntryPoint\",\"urlTemplate\":\"https:\\\/\\\/fundacioncajaruraldelsur.com\\\/?s={search_term_string}\"},\"query-input\":{\"@type\":\"PropertyValueSpecification\",\"valueRequired\":true,\"valueName\":\"search_term_string\"}}],\"inLanguage\":\"pt-PT\"},{\"@type\":\"Person\",\"@id\":\"https:\\\/\\\/fundacioncajaruraldelsur.com\\\/#\\\/schema\\\/person\\\/f430da9fb783d505ff061ad8b3d44577\",\"name\":\"Comunicaci\u00f3n\",\"image\":{\"@type\":\"ImageObject\",\"inLanguage\":\"pt-PT\",\"@id\":\"https:\\\/\\\/secure.gravatar.com\\\/avatar\\\/0dca239875993680bac4603ad2de7942da018f52cc3a244578e0b3b09314a8d8?s=96&d=blank&r=g\",\"url\":\"https:\\\/\\\/secure.gravatar.com\\\/avatar\\\/0dca239875993680bac4603ad2de7942da018f52cc3a244578e0b3b09314a8d8?s=96&d=blank&r=g\",\"contentUrl\":\"https:\\\/\\\/secure.gravatar.com\\\/avatar\\\/0dca239875993680bac4603ad2de7942da018f52cc3a244578e0b3b09314a8d8?s=96&d=blank&r=g\",\"caption\":\"Comunicaci\u00f3n\"}}]}<\/script>\n<!-- \/ Yoast SEO plugin. -->","yoast_head_json":{"title":"Exposici\u00f3n \u201cTrazos florales\u201d de Gema Climent en la Fundaci\u00f3n Caja Rural del Sur de C\u00f3rdoba - Fundaci\u00f3n Caja Rural del Sur","robots":{"index":"index","follow":"follow","max-snippet":"max-snippet:-1","max-image-preview":"max-image-preview:large","max-video-preview":"max-video-preview:-1"},"canonical":"https:\/\/fundacioncajaruraldelsur.com\/pt\/exposicion-trazos-florales-de-gema-climent-en-la-fundacion-caja-rural-del-sur-de-cordoba\/","og_locale":"pt_PT","og_type":"article","og_title":"Exposici\u00f3n \u201cTrazos florales\u201d de Gema Climent en la Fundaci\u00f3n Caja Rural del Sur de C\u00f3rdoba - Fundaci\u00f3n Caja Rural del Sur","og_description":"Desde el pasado mi\u00e9rcoles, d\u00eda 23 de abril, y hasta el pr\u00f3ximo 15 de mayo permanecer\u00e1 abierta en el Centro Cultural en C\u00f3rdoba de la Fundaci\u00f3n Caja Rural del Sur [&hellip;]","og_url":"https:\/\/fundacioncajaruraldelsur.com\/pt\/exposicion-trazos-florales-de-gema-climent-en-la-fundacion-caja-rural-del-sur-de-cordoba\/","og_site_name":"Fundaci\u00f3n Caja Rural del Sur","article_published_time":"2026-04-29T17:24:46+00:00","og_image":[{"width":727,"height":531,"url":"https:\/\/fundacioncajaruraldelsur.com\/wp-content\/uploads\/2026\/04\/cordoba.jpg","type":"image\/jpeg"}],"author":"Comunicaci\u00f3n","twitter_card":"summary_large_image","twitter_misc":{"Written by":"Comunicaci\u00f3n","Est. reading time":"3 minutes"},"schema":{"@context":"https:\/\/schema.org","@graph":[{"@type":"Article","@id":"https:\/\/fundacioncajaruraldelsur.com\/exposicion-trazos-florales-de-gema-climent-en-la-fundacion-caja-rural-del-sur-de-cordoba\/#article","isPartOf":{"@id":"https:\/\/fundacioncajaruraldelsur.com\/exposicion-trazos-florales-de-gema-climent-en-la-fundacion-caja-rural-del-sur-de-cordoba\/"},"author":{"name":"Comunicaci\u00f3n","@id":"https:\/\/fundacioncajaruraldelsur.com\/#\/schema\/person\/f430da9fb783d505ff061ad8b3d44577"},"headline":"Exposici\u00f3n \u201cTrazos florales\u201d de Gema Climent en la Fundaci\u00f3n Caja Rural del Sur de C\u00f3rdoba","datePublished":"2026-04-29T17:24:46+00:00","mainEntityOfPage":{"@id":"https:\/\/fundacioncajaruraldelsur.com\/exposicion-trazos-florales-de-gema-climent-en-la-fundacion-caja-rural-del-sur-de-cordoba\/"},"wordCount":467,"image":{"@id":"https:\/\/fundacioncajaruraldelsur.com\/exposicion-trazos-florales-de-gema-climent-en-la-fundacion-caja-rural-del-sur-de-cordoba\/#primaryimage"},"thumbnailUrl":"https:\/\/fundacioncajaruraldelsur.com\/wp-content\/uploads\/2026\/04\/cordoba.jpg","articleSection":["Exposiciones"],"inLanguage":"pt-PT"},{"@type":"WebPage","@id":"https:\/\/fundacioncajaruraldelsur.com\/exposicion-trazos-florales-de-gema-climent-en-la-fundacion-caja-rural-del-sur-de-cordoba\/","url":"https:\/\/fundacioncajaruraldelsur.com\/exposicion-trazos-florales-de-gema-climent-en-la-fundacion-caja-rural-del-sur-de-cordoba\/","name":"Exposici\u00f3n \u201cTrazos florales\u201d de Gema Climent en la Fundaci\u00f3n Caja Rural del Sur de C\u00f3rdoba - Fundaci\u00f3n Caja Rural del Sur","isPartOf":{"@id":"https:\/\/fundacioncajaruraldelsur.com\/#website"},"primaryImageOfPage":{"@id":"https:\/\/fundacioncajaruraldelsur.com\/exposicion-trazos-florales-de-gema-climent-en-la-fundacion-caja-rural-del-sur-de-cordoba\/#primaryimage"},"image":{"@id":"https:\/\/fundacioncajaruraldelsur.com\/exposicion-trazos-florales-de-gema-climent-en-la-fundacion-caja-rural-del-sur-de-cordoba\/#primaryimage"},"thumbnailUrl":"https:\/\/fundacioncajaruraldelsur.com\/wp-content\/uploads\/2026\/04\/cordoba.jpg","datePublished":"2026-04-29T17:24:46+00:00","author":{"@id":"https:\/\/fundacioncajaruraldelsur.com\/#\/schema\/person\/f430da9fb783d505ff061ad8b3d44577"},"breadcrumb":{"@id":"https:\/\/fundacioncajaruraldelsur.com\/exposicion-trazos-florales-de-gema-climent-en-la-fundacion-caja-rural-del-sur-de-cordoba\/#breadcrumb"},"inLanguage":"pt-PT","potentialAction":[{"@type":"ReadAction","target":["https:\/\/fundacioncajaruraldelsur.com\/exposicion-trazos-florales-de-gema-climent-en-la-fundacion-caja-rural-del-sur-de-cordoba\/"]}]},{"@type":"ImageObject","inLanguage":"pt-PT","@id":"https:\/\/fundacioncajaruraldelsur.com\/exposicion-trazos-florales-de-gema-climent-en-la-fundacion-caja-rural-del-sur-de-cordoba\/#primaryimage","url":"https:\/\/fundacioncajaruraldelsur.com\/wp-content\/uploads\/2026\/04\/cordoba.jpg","contentUrl":"https:\/\/fundacioncajaruraldelsur.com\/wp-content\/uploads\/2026\/04\/cordoba.jpg","width":727,"height":531},{"@type":"BreadcrumbList","@id":"https:\/\/fundacioncajaruraldelsur.com\/exposicion-trazos-florales-de-gema-climent-en-la-fundacion-caja-rural-del-sur-de-cordoba\/#breadcrumb","itemListElement":[{"@type":"ListItem","position":1,"name":"Portada","item":"https:\/\/fundacioncajaruraldelsur.com\/"},{"@type":"ListItem","position":2,"name":"Exposici\u00f3n \u201cTrazos florales\u201d de Gema Climent en la Fundaci\u00f3n Caja Rural del Sur de C\u00f3rdoba"}]},{"@type":"WebSite","@id":"https:\/\/fundacioncajaruraldelsur.com\/#website","url":"https:\/\/fundacioncajaruraldelsur.com\/","name":"Funda\u00e7\u00e3o Caja Rural del Sur","description":"","potentialAction":[{"@type":"SearchAction","target":{"@type":"EntryPoint","urlTemplate":"https:\/\/fundacioncajaruraldelsur.com\/?s={search_term_string}"},"query-input":{"@type":"PropertyValueSpecification","valueRequired":true,"valueName":"search_term_string"}}],"inLanguage":"pt-PT"},{"@type":"Person","@id":"https:\/\/fundacioncajaruraldelsur.com\/#\/schema\/person\/f430da9fb783d505ff061ad8b3d44577","name":"Comunicaci\u00f3n","image":{"@type":"ImageObject","inLanguage":"pt-PT","@id":"https:\/\/secure.gravatar.com\/avatar\/0dca239875993680bac4603ad2de7942da018f52cc3a244578e0b3b09314a8d8?s=96&d=blank&r=g","url":"https:\/\/secure.gravatar.com\/avatar\/0dca239875993680bac4603ad2de7942da018f52cc3a244578e0b3b09314a8d8?s=96&d=blank&r=g","contentUrl":"https:\/\/secure.gravatar.com\/avatar\/0dca239875993680bac4603ad2de7942da018f52cc3a244578e0b3b09314a8d8?s=96&d=blank&r=g","caption":"Comunicaci\u00f3n"}}]}},"rttpg_featured_image_url":{"full":["https:\/\/fundacioncajaruraldelsur.com\/wp-content\/uploads\/2026\/04\/cordoba.jpg",727,531,false],"landscape":["https:\/\/fundacioncajaruraldelsur.com\/wp-content\/uploads\/2026\/04\/cordoba.jpg",727,531,false],"portraits":["https:\/\/fundacioncajaruraldelsur.com\/wp-content\/uploads\/2026\/04\/cordoba.jpg",727,531,false],"thumbnail":["https:\/\/fundacioncajaruraldelsur.com\/wp-content\/uploads\/2026\/04\/cordoba-150x150.jpg",150,150,true],"medium":["https:\/\/fundacioncajaruraldelsur.com\/wp-content\/uploads\/2026\/04\/cordoba-300x219.jpg",300,219,true],"large":["https:\/\/fundacioncajaruraldelsur.com\/wp-content\/uploads\/2026\/04\/cordoba.jpg",727,531,false],"1536x1536":["https:\/\/fundacioncajaruraldelsur.com\/wp-content\/uploads\/2026\/04\/cordoba.jpg",727,531,false],"2048x2048":["https:\/\/fundacioncajaruraldelsur.com\/wp-content\/uploads\/2026\/04\/cordoba.jpg",727,531,false],"trp-custom-language-flag":["https:\/\/fundacioncajaruraldelsur.com\/wp-content\/uploads\/2026\/04\/cordoba-16x12.jpg",16,12,true],"blog-thumbnail":["https:\/\/fundacioncajaruraldelsur.com\/wp-content\/uploads\/2026\/04\/cordoba-400x200.jpg",400,200,true]},"rttpg_author":{"display_name":"Comunicaci\u00f3n","author_link":"https:\/\/fundacioncajaruraldelsur.com\/pt\/author\/sevillaadmin\/"},"rttpg_comment":0,"rttpg_category":"<a href=\"https:\/\/fundacioncajaruraldelsur.com\/pt\/category\/exposiciones\/\" rel=\"category tag\">Exposiciones<\/a>","rttpg_excerpt":"Desde el pasado mi\u00e9rcoles, d\u00eda 23 de abril, y hasta el pr\u00f3ximo 15 de mayo permanecer\u00e1 abierta en el Centro Cultural en C\u00f3rdoba de la Fundaci\u00f3n Caja Rural del Sur [&hellip;]","_links":{"self":[{"href":"https:\/\/fundacioncajaruraldelsur.com\/pt\/wp-json\/wp\/v2\/posts\/12763","targetHints":{"allow":["GET"]}}],"collection":[{"href":"https:\/\/fundacioncajaruraldelsur.com\/pt\/wp-json\/wp\/v2\/posts"}],"about":[{"href":"https:\/\/fundacioncajaruraldelsur.com\/pt\/wp-json\/wp\/v2\/types\/post"}],"author":[{"embeddable":true,"href":"https:\/\/fundacioncajaruraldelsur.com\/pt\/wp-json\/wp\/v2\/users\/6"}],"replies":[{"embeddable":true,"href":"https:\/\/fundacioncajaruraldelsur.com\/pt\/wp-json\/wp\/v2\/comments?post=12763"}],"version-history":[{"count":1,"href":"https:\/\/fundacioncajaruraldelsur.com\/pt\/wp-json\/wp\/v2\/posts\/12763\/revisions"}],"predecessor-version":[{"id":12765,"href":"https:\/\/fundacioncajaruraldelsur.com\/pt\/wp-json\/wp\/v2\/posts\/12763\/revisions\/12765"}],"wp:featuredmedia":[{"embeddable":true,"href":"https:\/\/fundacioncajaruraldelsur.com\/pt\/wp-json\/wp\/v2\/media\/12764"}],"wp:attachment":[{"href":"https:\/\/fundacioncajaruraldelsur.com\/pt\/wp-json\/wp\/v2\/media?parent=12763"}],"wp:term":[{"taxonomy":"category","embeddable":true,"href":"https:\/\/fundacioncajaruraldelsur.com\/pt\/wp-json\/wp\/v2\/categories?post=12763"},{"taxonomy":"post_tag","embeddable":true,"href":"https:\/\/fundacioncajaruraldelsur.com\/pt\/wp-json\/wp\/v2\/tags?post=12763"}],"curies":[{"name":"wp","href":"https:\/\/api.w.org\/{rel}","templated":true}]}}