{"id":12760,"date":"2026-04-29T19:23:48","date_gmt":"2026-04-29T17:23:48","guid":{"rendered":"https:\/\/fundacioncajaruraldelsur.com\/?p=12760"},"modified":"2026-04-29T19:23:48","modified_gmt":"2026-04-29T17:23:48","slug":"la-fundacion-caja-rural-del-sur-apoya-a-la-asociacion-contra-el-cancer-en-huelva-en-su-proyecto-de-investigacion","status":"publish","type":"post","link":"https:\/\/fundacioncajaruraldelsur.com\/pt\/la-fundacion-caja-rural-del-sur-apoya-a-la-asociacion-contra-el-cancer-en-huelva-en-su-proyecto-de-investigacion\/","title":{"rendered":"La Fundaci\u00f3n Caja Rural del Sur apoya a la Asociaci\u00f3n contra el C\u00e1ncer en Huelva en su proyecto de investigaci\u00f3n"},"content":{"rendered":"<p class=\"paragraph-atom B-510-400-550-N B-525-400-700-N--md paragraph_blur_0\"><strong>A Funda\u00e7\u00e3o Caja Rural del Sur<\/strong>\u00a0y la delegaci\u00f3n onubense de la\u00a0<strong>Asociaci\u00f3n Espa\u00f1ola Contra el C\u00e1ncer<\/strong>\u00a0(AECC) seguir\u00e1n colaborando un a\u00f1o m\u00e1s en las actividades que este organismo lleva a cabo en la provincia de Huelva donde cuenta con un fuerte arraigo y gran n\u00famero de seguidores y colaboradores.<\/p>\n<p class=\"paragraph-atom B-510-400-550-N B-525-400-700-N--md paragraph_blur_0\">El director de la\u00a0<strong>Fundaci\u00f3n Caja Rural del Sur,\u00a0Emilio Ponce, y la presidenta de la AECC,\u00a0Gloria Puy<\/strong>, han ratificado el convenio de colaboraci\u00f3n.<\/p>\n<p class=\"paragraph-atom B-510-400-550-N B-525-400-700-N--md\">La Fundaci\u00f3n Caja Rural del Sur se ha comprometido a contribuir econ\u00f3micamente con el\u00a0<strong>proyecto de investigaci\u00f3n<\/strong>\u00a0que la asociaci\u00f3n financia, denominado\u00a0<em>FGFR1 and interferon crosstalk as therapeutic target to improve chemosensitiv\/ty in g\/ioblastoma<\/em>\u00a0del doctor\u00a0<strong>Jorge Mart\u00edn Montalvo Ruiz<\/strong>, el cual se lleva a cabo en Centro Andaluz de Biolog\u00eda Molecular y Medicina regenerativa (Cabimer), y que pasar\u00e1 a denominarse\u00a0<em>Proyecto de Investigaci\u00f3n de la AECC Jos\u00e9 Luis Garc\u00eda Palacios<\/em>\u00a0como homenaje a quien fuera presidente tanto de Caja Rural del Sur y su Fundaci\u00f3n como de la Asociaci\u00f3n Espa\u00f1ola Contra el C\u00e1ncer (AECC).<\/p>","protected":false},"excerpt":{"rendered":"<p>La Fundaci\u00f3n Caja Rural del Sur\u00a0y la delegaci\u00f3n onubense de la\u00a0Asociaci\u00f3n Espa\u00f1ola Contra el C\u00e1ncer\u00a0(AECC) seguir\u00e1n colaborando un a\u00f1o m\u00e1s en las actividades que este organismo lleva a cabo en [&hellip;]<\/p>\n","protected":false},"author":6,"featured_media":12761,"comment_status":"closed","ping_status":"closed","sticky":false,"template":"","format":"standard","meta":{"footnotes":""},"categories":[67],"tags":[],"class_list":["post-12760","post","type-post","status-publish","format-standard","has-post-thumbnail","hentry","category-convenios"],"yoast_head":"<!-- This site is optimized with the Yoast SEO plugin v27.3 - https:\/\/yoast.com\/product\/yoast-seo-wordpress\/ -->\n<title>La Fundaci\u00f3n Caja Rural del Sur apoya a la Asociaci\u00f3n contra el C\u00e1ncer en Huelva en su proyecto de investigaci\u00f3n - Fundaci\u00f3n Caja Rural del Sur<\/title>\n<meta name=\"robots\" content=\"index, follow, max-snippet:-1, max-image-preview:large, max-video-preview:-1\" \/>\n<link rel=\"canonical\" href=\"https:\/\/fundacioncajaruraldelsur.com\/pt\/la-fundacion-caja-rural-del-sur-apoya-a-la-asociacion-contra-el-cancer-en-huelva-en-su-proyecto-de-investigacion\/\" \/>\n<meta property=\"og:locale\" content=\"pt_PT\" \/>\n<meta property=\"og:type\" content=\"article\" \/>\n<meta property=\"og:title\" content=\"La Fundaci\u00f3n Caja Rural del Sur apoya a la Asociaci\u00f3n contra el C\u00e1ncer en Huelva en su proyecto de investigaci\u00f3n - Fundaci\u00f3n Caja Rural del Sur\" \/>\n<meta property=\"og:description\" content=\"La Fundaci\u00f3n Caja Rural del Sur\u00a0y la delegaci\u00f3n onubense de la\u00a0Asociaci\u00f3n Espa\u00f1ola Contra el C\u00e1ncer\u00a0(AECC) seguir\u00e1n colaborando un a\u00f1o m\u00e1s en las actividades que este organismo lleva a cabo en [&hellip;]\" \/>\n<meta property=\"og:url\" content=\"https:\/\/fundacioncajaruraldelsur.com\/pt\/la-fundacion-caja-rural-del-sur-apoya-a-la-asociacion-contra-el-cancer-en-huelva-en-su-proyecto-de-investigacion\/\" \/>\n<meta property=\"og:site_name\" content=\"Fundaci\u00f3n Caja Rural del Sur\" \/>\n<meta property=\"article:published_time\" content=\"2026-04-29T17:23:48+00:00\" \/>\n<meta property=\"og:image\" content=\"https:\/\/fundacioncajaruraldelsur.com\/wp-content\/uploads\/2026\/04\/cancer-2.jpg\" \/>\n\t<meta property=\"og:image:width\" content=\"669\" \/>\n\t<meta property=\"og:image:height\" content=\"448\" \/>\n\t<meta property=\"og:image:type\" content=\"image\/jpeg\" \/>\n<meta name=\"author\" content=\"Comunicaci\u00f3n\" \/>\n<meta name=\"twitter:card\" content=\"summary_large_image\" \/>\n<meta name=\"twitter:label1\" content=\"Written by\" \/>\n\t<meta name=\"twitter:data1\" content=\"Comunicaci\u00f3n\" \/>\n\t<meta name=\"twitter:label2\" content=\"Est. reading time\" \/>\n\t<meta name=\"twitter:data2\" content=\"1 minute\" \/>\n<script type=\"application\/ld+json\" class=\"yoast-schema-graph\">{\"@context\":\"https:\\\/\\\/schema.org\",\"@graph\":[{\"@type\":\"Article\",\"@id\":\"https:\\\/\\\/fundacioncajaruraldelsur.com\\\/la-fundacion-caja-rural-del-sur-apoya-a-la-asociacion-contra-el-cancer-en-huelva-en-su-proyecto-de-investigacion\\\/#article\",\"isPartOf\":{\"@id\":\"https:\\\/\\\/fundacioncajaruraldelsur.com\\\/la-fundacion-caja-rural-del-sur-apoya-a-la-asociacion-contra-el-cancer-en-huelva-en-su-proyecto-de-investigacion\\\/\"},\"author\":{\"name\":\"Comunicaci\u00f3n\",\"@id\":\"https:\\\/\\\/fundacioncajaruraldelsur.com\\\/#\\\/schema\\\/person\\\/f430da9fb783d505ff061ad8b3d44577\"},\"headline\":\"La Fundaci\u00f3n Caja Rural del Sur apoya a la Asociaci\u00f3n contra el C\u00e1ncer en Huelva en su proyecto de investigaci\u00f3n\",\"datePublished\":\"2026-04-29T17:23:48+00:00\",\"mainEntityOfPage\":{\"@id\":\"https:\\\/\\\/fundacioncajaruraldelsur.com\\\/la-fundacion-caja-rural-del-sur-apoya-a-la-asociacion-contra-el-cancer-en-huelva-en-su-proyecto-de-investigacion\\\/\"},\"wordCount\":219,\"image\":{\"@id\":\"https:\\\/\\\/fundacioncajaruraldelsur.com\\\/la-fundacion-caja-rural-del-sur-apoya-a-la-asociacion-contra-el-cancer-en-huelva-en-su-proyecto-de-investigacion\\\/#primaryimage\"},\"thumbnailUrl\":\"https:\\\/\\\/fundacioncajaruraldelsur.com\\\/wp-content\\\/uploads\\\/2026\\\/04\\\/cancer-2.jpg\",\"articleSection\":[\"Convenios\"],\"inLanguage\":\"pt-PT\"},{\"@type\":\"WebPage\",\"@id\":\"https:\\\/\\\/fundacioncajaruraldelsur.com\\\/la-fundacion-caja-rural-del-sur-apoya-a-la-asociacion-contra-el-cancer-en-huelva-en-su-proyecto-de-investigacion\\\/\",\"url\":\"https:\\\/\\\/fundacioncajaruraldelsur.com\\\/la-fundacion-caja-rural-del-sur-apoya-a-la-asociacion-contra-el-cancer-en-huelva-en-su-proyecto-de-investigacion\\\/\",\"name\":\"La Fundaci\u00f3n Caja Rural del Sur apoya a la Asociaci\u00f3n contra el C\u00e1ncer en Huelva en su proyecto de investigaci\u00f3n - Fundaci\u00f3n Caja Rural del Sur\",\"isPartOf\":{\"@id\":\"https:\\\/\\\/fundacioncajaruraldelsur.com\\\/#website\"},\"primaryImageOfPage\":{\"@id\":\"https:\\\/\\\/fundacioncajaruraldelsur.com\\\/la-fundacion-caja-rural-del-sur-apoya-a-la-asociacion-contra-el-cancer-en-huelva-en-su-proyecto-de-investigacion\\\/#primaryimage\"},\"image\":{\"@id\":\"https:\\\/\\\/fundacioncajaruraldelsur.com\\\/la-fundacion-caja-rural-del-sur-apoya-a-la-asociacion-contra-el-cancer-en-huelva-en-su-proyecto-de-investigacion\\\/#primaryimage\"},\"thumbnailUrl\":\"https:\\\/\\\/fundacioncajaruraldelsur.com\\\/wp-content\\\/uploads\\\/2026\\\/04\\\/cancer-2.jpg\",\"datePublished\":\"2026-04-29T17:23:48+00:00\",\"author\":{\"@id\":\"https:\\\/\\\/fundacioncajaruraldelsur.com\\\/#\\\/schema\\\/person\\\/f430da9fb783d505ff061ad8b3d44577\"},\"breadcrumb\":{\"@id\":\"https:\\\/\\\/fundacioncajaruraldelsur.com\\\/la-fundacion-caja-rural-del-sur-apoya-a-la-asociacion-contra-el-cancer-en-huelva-en-su-proyecto-de-investigacion\\\/#breadcrumb\"},\"inLanguage\":\"pt-PT\",\"potentialAction\":[{\"@type\":\"ReadAction\",\"target\":[\"https:\\\/\\\/fundacioncajaruraldelsur.com\\\/la-fundacion-caja-rural-del-sur-apoya-a-la-asociacion-contra-el-cancer-en-huelva-en-su-proyecto-de-investigacion\\\/\"]}]},{\"@type\":\"ImageObject\",\"inLanguage\":\"pt-PT\",\"@id\":\"https:\\\/\\\/fundacioncajaruraldelsur.com\\\/la-fundacion-caja-rural-del-sur-apoya-a-la-asociacion-contra-el-cancer-en-huelva-en-su-proyecto-de-investigacion\\\/#primaryimage\",\"url\":\"https:\\\/\\\/fundacioncajaruraldelsur.com\\\/wp-content\\\/uploads\\\/2026\\\/04\\\/cancer-2.jpg\",\"contentUrl\":\"https:\\\/\\\/fundacioncajaruraldelsur.com\\\/wp-content\\\/uploads\\\/2026\\\/04\\\/cancer-2.jpg\",\"width\":669,\"height\":448},{\"@type\":\"BreadcrumbList\",\"@id\":\"https:\\\/\\\/fundacioncajaruraldelsur.com\\\/la-fundacion-caja-rural-del-sur-apoya-a-la-asociacion-contra-el-cancer-en-huelva-en-su-proyecto-de-investigacion\\\/#breadcrumb\",\"itemListElement\":[{\"@type\":\"ListItem\",\"position\":1,\"name\":\"Portada\",\"item\":\"https:\\\/\\\/fundacioncajaruraldelsur.com\\\/\"},{\"@type\":\"ListItem\",\"position\":2,\"name\":\"La Fundaci\u00f3n Caja Rural del Sur apoya a la Asociaci\u00f3n contra el C\u00e1ncer en Huelva en su proyecto de investigaci\u00f3n\"}]},{\"@type\":\"WebSite\",\"@id\":\"https:\\\/\\\/fundacioncajaruraldelsur.com\\\/#website\",\"url\":\"https:\\\/\\\/fundacioncajaruraldelsur.com\\\/\",\"name\":\"Fundaci\u00f3n Caja Rural del Sur\",\"description\":\"\",\"potentialAction\":[{\"@type\":\"SearchAction\",\"target\":{\"@type\":\"EntryPoint\",\"urlTemplate\":\"https:\\\/\\\/fundacioncajaruraldelsur.com\\\/?s={search_term_string}\"},\"query-input\":{\"@type\":\"PropertyValueSpecification\",\"valueRequired\":true,\"valueName\":\"search_term_string\"}}],\"inLanguage\":\"pt-PT\"},{\"@type\":\"Person\",\"@id\":\"https:\\\/\\\/fundacioncajaruraldelsur.com\\\/#\\\/schema\\\/person\\\/f430da9fb783d505ff061ad8b3d44577\",\"name\":\"Comunicaci\u00f3n\",\"image\":{\"@type\":\"ImageObject\",\"inLanguage\":\"pt-PT\",\"@id\":\"https:\\\/\\\/secure.gravatar.com\\\/avatar\\\/0dca239875993680bac4603ad2de7942da018f52cc3a244578e0b3b09314a8d8?s=96&d=blank&r=g\",\"url\":\"https:\\\/\\\/secure.gravatar.com\\\/avatar\\\/0dca239875993680bac4603ad2de7942da018f52cc3a244578e0b3b09314a8d8?s=96&d=blank&r=g\",\"contentUrl\":\"https:\\\/\\\/secure.gravatar.com\\\/avatar\\\/0dca239875993680bac4603ad2de7942da018f52cc3a244578e0b3b09314a8d8?s=96&d=blank&r=g\",\"caption\":\"Comunicaci\u00f3n\"}}]}<\/script>\n<!-- \/ Yoast SEO plugin. -->","yoast_head_json":{"title":"La Fundaci\u00f3n Caja Rural del Sur apoya a la Asociaci\u00f3n contra el C\u00e1ncer en Huelva en su proyecto de investigaci\u00f3n - Fundaci\u00f3n Caja Rural del Sur","robots":{"index":"index","follow":"follow","max-snippet":"max-snippet:-1","max-image-preview":"max-image-preview:large","max-video-preview":"max-video-preview:-1"},"canonical":"https:\/\/fundacioncajaruraldelsur.com\/pt\/la-fundacion-caja-rural-del-sur-apoya-a-la-asociacion-contra-el-cancer-en-huelva-en-su-proyecto-de-investigacion\/","og_locale":"pt_PT","og_type":"article","og_title":"La Fundaci\u00f3n Caja Rural del Sur apoya a la Asociaci\u00f3n contra el C\u00e1ncer en Huelva en su proyecto de investigaci\u00f3n - Fundaci\u00f3n Caja Rural del Sur","og_description":"La Fundaci\u00f3n Caja Rural del Sur\u00a0y la delegaci\u00f3n onubense de la\u00a0Asociaci\u00f3n Espa\u00f1ola Contra el C\u00e1ncer\u00a0(AECC) seguir\u00e1n colaborando un a\u00f1o m\u00e1s en las actividades que este organismo lleva a cabo en [&hellip;]","og_url":"https:\/\/fundacioncajaruraldelsur.com\/pt\/la-fundacion-caja-rural-del-sur-apoya-a-la-asociacion-contra-el-cancer-en-huelva-en-su-proyecto-de-investigacion\/","og_site_name":"Fundaci\u00f3n Caja Rural del Sur","article_published_time":"2026-04-29T17:23:48+00:00","og_image":[{"width":669,"height":448,"url":"https:\/\/fundacioncajaruraldelsur.com\/wp-content\/uploads\/2026\/04\/cancer-2.jpg","type":"image\/jpeg"}],"author":"Comunicaci\u00f3n","twitter_card":"summary_large_image","twitter_misc":{"Written by":"Comunicaci\u00f3n","Est. reading time":"1 minute"},"schema":{"@context":"https:\/\/schema.org","@graph":[{"@type":"Article","@id":"https:\/\/fundacioncajaruraldelsur.com\/la-fundacion-caja-rural-del-sur-apoya-a-la-asociacion-contra-el-cancer-en-huelva-en-su-proyecto-de-investigacion\/#article","isPartOf":{"@id":"https:\/\/fundacioncajaruraldelsur.com\/la-fundacion-caja-rural-del-sur-apoya-a-la-asociacion-contra-el-cancer-en-huelva-en-su-proyecto-de-investigacion\/"},"author":{"name":"Comunicaci\u00f3n","@id":"https:\/\/fundacioncajaruraldelsur.com\/#\/schema\/person\/f430da9fb783d505ff061ad8b3d44577"},"headline":"La Fundaci\u00f3n Caja Rural del Sur apoya a la Asociaci\u00f3n contra el C\u00e1ncer en Huelva en su proyecto de investigaci\u00f3n","datePublished":"2026-04-29T17:23:48+00:00","mainEntityOfPage":{"@id":"https:\/\/fundacioncajaruraldelsur.com\/la-fundacion-caja-rural-del-sur-apoya-a-la-asociacion-contra-el-cancer-en-huelva-en-su-proyecto-de-investigacion\/"},"wordCount":219,"image":{"@id":"https:\/\/fundacioncajaruraldelsur.com\/la-fundacion-caja-rural-del-sur-apoya-a-la-asociacion-contra-el-cancer-en-huelva-en-su-proyecto-de-investigacion\/#primaryimage"},"thumbnailUrl":"https:\/\/fundacioncajaruraldelsur.com\/wp-content\/uploads\/2026\/04\/cancer-2.jpg","articleSection":["Convenios"],"inLanguage":"pt-PT"},{"@type":"WebPage","@id":"https:\/\/fundacioncajaruraldelsur.com\/la-fundacion-caja-rural-del-sur-apoya-a-la-asociacion-contra-el-cancer-en-huelva-en-su-proyecto-de-investigacion\/","url":"https:\/\/fundacioncajaruraldelsur.com\/la-fundacion-caja-rural-del-sur-apoya-a-la-asociacion-contra-el-cancer-en-huelva-en-su-proyecto-de-investigacion\/","name":"La Fundaci\u00f3n Caja Rural del Sur apoya a la Asociaci\u00f3n contra el C\u00e1ncer en Huelva en su proyecto de investigaci\u00f3n - Fundaci\u00f3n Caja Rural del Sur","isPartOf":{"@id":"https:\/\/fundacioncajaruraldelsur.com\/#website"},"primaryImageOfPage":{"@id":"https:\/\/fundacioncajaruraldelsur.com\/la-fundacion-caja-rural-del-sur-apoya-a-la-asociacion-contra-el-cancer-en-huelva-en-su-proyecto-de-investigacion\/#primaryimage"},"image":{"@id":"https:\/\/fundacioncajaruraldelsur.com\/la-fundacion-caja-rural-del-sur-apoya-a-la-asociacion-contra-el-cancer-en-huelva-en-su-proyecto-de-investigacion\/#primaryimage"},"thumbnailUrl":"https:\/\/fundacioncajaruraldelsur.com\/wp-content\/uploads\/2026\/04\/cancer-2.jpg","datePublished":"2026-04-29T17:23:48+00:00","author":{"@id":"https:\/\/fundacioncajaruraldelsur.com\/#\/schema\/person\/f430da9fb783d505ff061ad8b3d44577"},"breadcrumb":{"@id":"https:\/\/fundacioncajaruraldelsur.com\/la-fundacion-caja-rural-del-sur-apoya-a-la-asociacion-contra-el-cancer-en-huelva-en-su-proyecto-de-investigacion\/#breadcrumb"},"inLanguage":"pt-PT","potentialAction":[{"@type":"ReadAction","target":["https:\/\/fundacioncajaruraldelsur.com\/la-fundacion-caja-rural-del-sur-apoya-a-la-asociacion-contra-el-cancer-en-huelva-en-su-proyecto-de-investigacion\/"]}]},{"@type":"ImageObject","inLanguage":"pt-PT","@id":"https:\/\/fundacioncajaruraldelsur.com\/la-fundacion-caja-rural-del-sur-apoya-a-la-asociacion-contra-el-cancer-en-huelva-en-su-proyecto-de-investigacion\/#primaryimage","url":"https:\/\/fundacioncajaruraldelsur.com\/wp-content\/uploads\/2026\/04\/cancer-2.jpg","contentUrl":"https:\/\/fundacioncajaruraldelsur.com\/wp-content\/uploads\/2026\/04\/cancer-2.jpg","width":669,"height":448},{"@type":"BreadcrumbList","@id":"https:\/\/fundacioncajaruraldelsur.com\/la-fundacion-caja-rural-del-sur-apoya-a-la-asociacion-contra-el-cancer-en-huelva-en-su-proyecto-de-investigacion\/#breadcrumb","itemListElement":[{"@type":"ListItem","position":1,"name":"Portada","item":"https:\/\/fundacioncajaruraldelsur.com\/"},{"@type":"ListItem","position":2,"name":"La Fundaci\u00f3n Caja Rural del Sur apoya a la Asociaci\u00f3n contra el C\u00e1ncer en Huelva en su proyecto de investigaci\u00f3n"}]},{"@type":"WebSite","@id":"https:\/\/fundacioncajaruraldelsur.com\/#website","url":"https:\/\/fundacioncajaruraldelsur.com\/","name":"Funda\u00e7\u00e3o Caja Rural del Sur","description":"","potentialAction":[{"@type":"SearchAction","target":{"@type":"EntryPoint","urlTemplate":"https:\/\/fundacioncajaruraldelsur.com\/?s={search_term_string}"},"query-input":{"@type":"PropertyValueSpecification","valueRequired":true,"valueName":"search_term_string"}}],"inLanguage":"pt-PT"},{"@type":"Person","@id":"https:\/\/fundacioncajaruraldelsur.com\/#\/schema\/person\/f430da9fb783d505ff061ad8b3d44577","name":"Comunicaci\u00f3n","image":{"@type":"ImageObject","inLanguage":"pt-PT","@id":"https:\/\/secure.gravatar.com\/avatar\/0dca239875993680bac4603ad2de7942da018f52cc3a244578e0b3b09314a8d8?s=96&d=blank&r=g","url":"https:\/\/secure.gravatar.com\/avatar\/0dca239875993680bac4603ad2de7942da018f52cc3a244578e0b3b09314a8d8?s=96&d=blank&r=g","contentUrl":"https:\/\/secure.gravatar.com\/avatar\/0dca239875993680bac4603ad2de7942da018f52cc3a244578e0b3b09314a8d8?s=96&d=blank&r=g","caption":"Comunicaci\u00f3n"}}]}},"rttpg_featured_image_url":{"full":["https:\/\/fundacioncajaruraldelsur.com\/wp-content\/uploads\/2026\/04\/cancer-2.jpg",669,448,false],"landscape":["https:\/\/fundacioncajaruraldelsur.com\/wp-content\/uploads\/2026\/04\/cancer-2.jpg",669,448,false],"portraits":["https:\/\/fundacioncajaruraldelsur.com\/wp-content\/uploads\/2026\/04\/cancer-2.jpg",669,448,false],"thumbnail":["https:\/\/fundacioncajaruraldelsur.com\/wp-content\/uploads\/2026\/04\/cancer-2-150x150.jpg",150,150,true],"medium":["https:\/\/fundacioncajaruraldelsur.com\/wp-content\/uploads\/2026\/04\/cancer-2-300x201.jpg",300,201,true],"large":["https:\/\/fundacioncajaruraldelsur.com\/wp-content\/uploads\/2026\/04\/cancer-2.jpg",669,448,false],"1536x1536":["https:\/\/fundacioncajaruraldelsur.com\/wp-content\/uploads\/2026\/04\/cancer-2.jpg",669,448,false],"2048x2048":["https:\/\/fundacioncajaruraldelsur.com\/wp-content\/uploads\/2026\/04\/cancer-2.jpg",669,448,false],"trp-custom-language-flag":["https:\/\/fundacioncajaruraldelsur.com\/wp-content\/uploads\/2026\/04\/cancer-2-18x12.jpg",18,12,true],"blog-thumbnail":["https:\/\/fundacioncajaruraldelsur.com\/wp-content\/uploads\/2026\/04\/cancer-2-400x200.jpg",400,200,true]},"rttpg_author":{"display_name":"Comunicaci\u00f3n","author_link":"https:\/\/fundacioncajaruraldelsur.com\/pt\/author\/sevillaadmin\/"},"rttpg_comment":0,"rttpg_category":"<a href=\"https:\/\/fundacioncajaruraldelsur.com\/pt\/category\/convenios\/\" rel=\"category tag\">Convenios<\/a>","rttpg_excerpt":"La Fundaci\u00f3n Caja Rural del Sur\u00a0y la delegaci\u00f3n onubense de la\u00a0Asociaci\u00f3n Espa\u00f1ola Contra el C\u00e1ncer\u00a0(AECC) seguir\u00e1n colaborando un a\u00f1o m\u00e1s en las actividades que este organismo lleva a cabo en [&hellip;]","_links":{"self":[{"href":"https:\/\/fundacioncajaruraldelsur.com\/pt\/wp-json\/wp\/v2\/posts\/12760","targetHints":{"allow":["GET"]}}],"collection":[{"href":"https:\/\/fundacioncajaruraldelsur.com\/pt\/wp-json\/wp\/v2\/posts"}],"about":[{"href":"https:\/\/fundacioncajaruraldelsur.com\/pt\/wp-json\/wp\/v2\/types\/post"}],"author":[{"embeddable":true,"href":"https:\/\/fundacioncajaruraldelsur.com\/pt\/wp-json\/wp\/v2\/users\/6"}],"replies":[{"embeddable":true,"href":"https:\/\/fundacioncajaruraldelsur.com\/pt\/wp-json\/wp\/v2\/comments?post=12760"}],"version-history":[{"count":1,"href":"https:\/\/fundacioncajaruraldelsur.com\/pt\/wp-json\/wp\/v2\/posts\/12760\/revisions"}],"predecessor-version":[{"id":12762,"href":"https:\/\/fundacioncajaruraldelsur.com\/pt\/wp-json\/wp\/v2\/posts\/12760\/revisions\/12762"}],"wp:featuredmedia":[{"embeddable":true,"href":"https:\/\/fundacioncajaruraldelsur.com\/pt\/wp-json\/wp\/v2\/media\/12761"}],"wp:attachment":[{"href":"https:\/\/fundacioncajaruraldelsur.com\/pt\/wp-json\/wp\/v2\/media?parent=12760"}],"wp:term":[{"taxonomy":"category","embeddable":true,"href":"https:\/\/fundacioncajaruraldelsur.com\/pt\/wp-json\/wp\/v2\/categories?post=12760"},{"taxonomy":"post_tag","embeddable":true,"href":"https:\/\/fundacioncajaruraldelsur.com\/pt\/wp-json\/wp\/v2\/tags?post=12760"}],"curies":[{"name":"wp","href":"https:\/\/api.w.org\/{rel}","templated":true}]}}