{"id":12757,"date":"2026-04-29T19:22:47","date_gmt":"2026-04-29T17:22:47","guid":{"rendered":"https:\/\/fundacioncajaruraldelsur.com\/?p=12757"},"modified":"2026-04-29T19:22:47","modified_gmt":"2026-04-29T17:22:47","slug":"ricardo-lopez-crespo-vicepresidente-de-caja-rural-del-sur-en-la-presentacion-del-anuario-economico-de-cordoba","status":"publish","type":"post","link":"https:\/\/fundacioncajaruraldelsur.com\/pt\/ricardo-lopez-crespo-vicepresidente-de-caja-rural-del-sur-en-la-presentacion-del-anuario-economico-de-cordoba\/","title":{"rendered":"Ricardo L\u00f3pez Crespo, vicepresidente de Caja Rural del Sur, en la presentaci\u00f3n del Anuario Econ\u00f3mico de C\u00f3rdoba"},"content":{"rendered":"<p data-start=\"0\" data-end=\"426\">Ricardo L\u00f3pez Crespo, vicepresidente de Caja Rural del Sur, intervino este jueves 23 de abril en la presentaci\u00f3n del\u00a0<a href=\"https:\/\/www.diariocordoba.com\/cordoba-ciudad\/2026\/04\/23\/cunext-inaugurara-fabrica-cobre-verde-129442598.html\">anuario econ\u00f3mico de Diario C\u00f3rdoba<\/a>, apoyado por la entidad, donde puso en valor el<strong>\u00a0dinamismo empresarial de C\u00f3rdoba y su capacidad para atraer inversiones industriales estrat\u00e9gicas.<\/strong>\u00a0Durante su intervenci\u00f3n, destac\u00f3 especialmente proyectos como el de Cunext, que prev\u00e9 inaugurar en 2026 una innovadora f\u00e1brica de \u201ccobre verde\u201d en la capital cordobesa.<\/p>\n<p data-start=\"428\" data-end=\"840\">El directivo subray\u00f3 que iniciativas de este tipo consolidan a C\u00f3rdoba como un polo industrial emergente en Andaluc\u00eda, al tiempo que contribuyen a la transici\u00f3n hacia modelos productivos m\u00e1s sostenibles. En este sentido, incidi\u00f3 en la importancia de reforzar la colaboraci\u00f3n entre entidades financieras, administraciones y empresas para impulsar proyectos vinculados a la econom\u00eda circular y la descarbonizaci\u00f3n.<\/p>\n<p data-start=\"1673\" data-end=\"1935\">El acto de presentaci\u00f3n del anuario reuni\u00f3 a representantes institucionales, empresarios y agentes sociales, en un contexto marcado por los desaf\u00edos energ\u00e9ticos y la transformaci\u00f3n industrial, pero tambi\u00e9n por nuevas oportunidades vinculadas a la econom\u00eda verde.<\/p>\n<p data-start=\"842\" data-end=\"1276\">En la presentaci\u00f3n se destac\u00f3 la puesta en marcha de la futura planta de Cunext, considerada de inter\u00e9s estrat\u00e9gico, se centrar\u00e1 en la producci\u00f3n de cobre reciclado mediante procesos de electr\u00f3lisis, con una capacidad estimada de hasta 100.000 toneladas anuales de c\u00e1todos de alta pureza. Este proyecto industrial, que supone una inversi\u00f3n superior a los 100 millones de euros, tambi\u00e9n generar\u00e1 empleo directo y reforzar\u00e1 el tejido productivo local.<\/p>\n<p data-start=\"1278\" data-end=\"1671\">L\u00f3pez Crespo se\u00f1al\u00f3 que la llegada de este tipo de inversiones refleja la confianza del sector empresarial en C\u00f3rdoba y su entorno, y remarc\u00f3 el papel clave del sistema financiero en el acompa\u00f1amiento de estos procesos de crecimiento. Asimismo, defendi\u00f3 la necesidad de seguir apostando por la innovaci\u00f3n, la sostenibilidad y la competitividad como ejes fundamentales del desarrollo econ\u00f3mico.<\/p>","protected":false},"excerpt":{"rendered":"<p>Ricardo L\u00f3pez Crespo, vicepresidente de Caja Rural del Sur, intervino este jueves 23 de abril en la presentaci\u00f3n del\u00a0anuario econ\u00f3mico de Diario C\u00f3rdoba, apoyado por la entidad, donde puso en [&hellip;]<\/p>\n","protected":false},"author":6,"featured_media":12758,"comment_status":"closed","ping_status":"closed","sticky":false,"template":"","format":"standard","meta":{"footnotes":""},"categories":[84],"tags":[],"class_list":["post-12757","post","type-post","status-publish","format-standard","has-post-thumbnail","hentry","category-presentaciones"],"yoast_head":"<!-- This site is optimized with the Yoast SEO plugin v27.3 - https:\/\/yoast.com\/product\/yoast-seo-wordpress\/ -->\n<title>Ricardo L\u00f3pez Crespo, vicepresidente de Caja Rural del Sur, en la presentaci\u00f3n del Anuario Econ\u00f3mico de C\u00f3rdoba - Fundaci\u00f3n Caja Rural del Sur<\/title>\n<meta name=\"robots\" content=\"index, follow, max-snippet:-1, max-image-preview:large, max-video-preview:-1\" \/>\n<link rel=\"canonical\" href=\"https:\/\/fundacioncajaruraldelsur.com\/pt\/ricardo-lopez-crespo-vicepresidente-de-caja-rural-del-sur-en-la-presentacion-del-anuario-economico-de-cordoba\/\" \/>\n<meta property=\"og:locale\" content=\"pt_PT\" \/>\n<meta property=\"og:type\" content=\"article\" \/>\n<meta property=\"og:title\" content=\"Ricardo L\u00f3pez Crespo, vicepresidente de Caja Rural del Sur, en la presentaci\u00f3n del Anuario Econ\u00f3mico de C\u00f3rdoba - Fundaci\u00f3n Caja Rural del Sur\" \/>\n<meta property=\"og:description\" content=\"Ricardo L\u00f3pez Crespo, vicepresidente de Caja Rural del Sur, intervino este jueves 23 de abril en la presentaci\u00f3n del\u00a0anuario econ\u00f3mico de Diario C\u00f3rdoba, apoyado por la entidad, donde puso en [&hellip;]\" \/>\n<meta property=\"og:url\" content=\"https:\/\/fundacioncajaruraldelsur.com\/pt\/ricardo-lopez-crespo-vicepresidente-de-caja-rural-del-sur-en-la-presentacion-del-anuario-economico-de-cordoba\/\" \/>\n<meta property=\"og:site_name\" content=\"Fundaci\u00f3n Caja Rural del Sur\" \/>\n<meta property=\"article:published_time\" content=\"2026-04-29T17:22:47+00:00\" \/>\n<meta property=\"og:image\" content=\"https:\/\/fundacioncajaruraldelsur.com\/wp-content\/uploads\/2026\/04\/Captura-de-pantalla-2026-04-24-104209.png\" \/>\n\t<meta property=\"og:image:width\" content=\"635\" \/>\n\t<meta property=\"og:image:height\" content=\"420\" \/>\n\t<meta property=\"og:image:type\" content=\"image\/png\" \/>\n<meta name=\"author\" content=\"Comunicaci\u00f3n\" \/>\n<meta name=\"twitter:card\" content=\"summary_large_image\" \/>\n<meta name=\"twitter:label1\" content=\"Written by\" \/>\n\t<meta name=\"twitter:data1\" content=\"Comunicaci\u00f3n\" \/>\n\t<meta name=\"twitter:label2\" content=\"Est. reading time\" \/>\n\t<meta name=\"twitter:data2\" content=\"2 minutes\" \/>\n<script type=\"application\/ld+json\" class=\"yoast-schema-graph\">{\"@context\":\"https:\\\/\\\/schema.org\",\"@graph\":[{\"@type\":\"Article\",\"@id\":\"https:\\\/\\\/fundacioncajaruraldelsur.com\\\/ricardo-lopez-crespo-vicepresidente-de-caja-rural-del-sur-en-la-presentacion-del-anuario-economico-de-cordoba\\\/#article\",\"isPartOf\":{\"@id\":\"https:\\\/\\\/fundacioncajaruraldelsur.com\\\/ricardo-lopez-crespo-vicepresidente-de-caja-rural-del-sur-en-la-presentacion-del-anuario-economico-de-cordoba\\\/\"},\"author\":{\"name\":\"Comunicaci\u00f3n\",\"@id\":\"https:\\\/\\\/fundacioncajaruraldelsur.com\\\/#\\\/schema\\\/person\\\/f430da9fb783d505ff061ad8b3d44577\"},\"headline\":\"Ricardo L\u00f3pez Crespo, vicepresidente de Caja Rural del Sur, en la presentaci\u00f3n del Anuario Econ\u00f3mico de C\u00f3rdoba\",\"datePublished\":\"2026-04-29T17:22:47+00:00\",\"mainEntityOfPage\":{\"@id\":\"https:\\\/\\\/fundacioncajaruraldelsur.com\\\/ricardo-lopez-crespo-vicepresidente-de-caja-rural-del-sur-en-la-presentacion-del-anuario-economico-de-cordoba\\\/\"},\"wordCount\":344,\"image\":{\"@id\":\"https:\\\/\\\/fundacioncajaruraldelsur.com\\\/ricardo-lopez-crespo-vicepresidente-de-caja-rural-del-sur-en-la-presentacion-del-anuario-economico-de-cordoba\\\/#primaryimage\"},\"thumbnailUrl\":\"https:\\\/\\\/fundacioncajaruraldelsur.com\\\/wp-content\\\/uploads\\\/2026\\\/04\\\/Captura-de-pantalla-2026-04-24-104209.png\",\"articleSection\":[\"Presentaciones\"],\"inLanguage\":\"pt-PT\"},{\"@type\":\"WebPage\",\"@id\":\"https:\\\/\\\/fundacioncajaruraldelsur.com\\\/ricardo-lopez-crespo-vicepresidente-de-caja-rural-del-sur-en-la-presentacion-del-anuario-economico-de-cordoba\\\/\",\"url\":\"https:\\\/\\\/fundacioncajaruraldelsur.com\\\/ricardo-lopez-crespo-vicepresidente-de-caja-rural-del-sur-en-la-presentacion-del-anuario-economico-de-cordoba\\\/\",\"name\":\"Ricardo L\u00f3pez Crespo, vicepresidente de Caja Rural del Sur, en la presentaci\u00f3n del Anuario Econ\u00f3mico de C\u00f3rdoba - Fundaci\u00f3n Caja Rural del Sur\",\"isPartOf\":{\"@id\":\"https:\\\/\\\/fundacioncajaruraldelsur.com\\\/#website\"},\"primaryImageOfPage\":{\"@id\":\"https:\\\/\\\/fundacioncajaruraldelsur.com\\\/ricardo-lopez-crespo-vicepresidente-de-caja-rural-del-sur-en-la-presentacion-del-anuario-economico-de-cordoba\\\/#primaryimage\"},\"image\":{\"@id\":\"https:\\\/\\\/fundacioncajaruraldelsur.com\\\/ricardo-lopez-crespo-vicepresidente-de-caja-rural-del-sur-en-la-presentacion-del-anuario-economico-de-cordoba\\\/#primaryimage\"},\"thumbnailUrl\":\"https:\\\/\\\/fundacioncajaruraldelsur.com\\\/wp-content\\\/uploads\\\/2026\\\/04\\\/Captura-de-pantalla-2026-04-24-104209.png\",\"datePublished\":\"2026-04-29T17:22:47+00:00\",\"author\":{\"@id\":\"https:\\\/\\\/fundacioncajaruraldelsur.com\\\/#\\\/schema\\\/person\\\/f430da9fb783d505ff061ad8b3d44577\"},\"breadcrumb\":{\"@id\":\"https:\\\/\\\/fundacioncajaruraldelsur.com\\\/ricardo-lopez-crespo-vicepresidente-de-caja-rural-del-sur-en-la-presentacion-del-anuario-economico-de-cordoba\\\/#breadcrumb\"},\"inLanguage\":\"pt-PT\",\"potentialAction\":[{\"@type\":\"ReadAction\",\"target\":[\"https:\\\/\\\/fundacioncajaruraldelsur.com\\\/ricardo-lopez-crespo-vicepresidente-de-caja-rural-del-sur-en-la-presentacion-del-anuario-economico-de-cordoba\\\/\"]}]},{\"@type\":\"ImageObject\",\"inLanguage\":\"pt-PT\",\"@id\":\"https:\\\/\\\/fundacioncajaruraldelsur.com\\\/ricardo-lopez-crespo-vicepresidente-de-caja-rural-del-sur-en-la-presentacion-del-anuario-economico-de-cordoba\\\/#primaryimage\",\"url\":\"https:\\\/\\\/fundacioncajaruraldelsur.com\\\/wp-content\\\/uploads\\\/2026\\\/04\\\/Captura-de-pantalla-2026-04-24-104209.png\",\"contentUrl\":\"https:\\\/\\\/fundacioncajaruraldelsur.com\\\/wp-content\\\/uploads\\\/2026\\\/04\\\/Captura-de-pantalla-2026-04-24-104209.png\",\"width\":635,\"height\":420},{\"@type\":\"BreadcrumbList\",\"@id\":\"https:\\\/\\\/fundacioncajaruraldelsur.com\\\/ricardo-lopez-crespo-vicepresidente-de-caja-rural-del-sur-en-la-presentacion-del-anuario-economico-de-cordoba\\\/#breadcrumb\",\"itemListElement\":[{\"@type\":\"ListItem\",\"position\":1,\"name\":\"Portada\",\"item\":\"https:\\\/\\\/fundacioncajaruraldelsur.com\\\/\"},{\"@type\":\"ListItem\",\"position\":2,\"name\":\"Ricardo L\u00f3pez Crespo, vicepresidente de Caja Rural del Sur, en la presentaci\u00f3n del Anuario Econ\u00f3mico de C\u00f3rdoba\"}]},{\"@type\":\"WebSite\",\"@id\":\"https:\\\/\\\/fundacioncajaruraldelsur.com\\\/#website\",\"url\":\"https:\\\/\\\/fundacioncajaruraldelsur.com\\\/\",\"name\":\"Fundaci\u00f3n Caja Rural del Sur\",\"description\":\"\",\"potentialAction\":[{\"@type\":\"SearchAction\",\"target\":{\"@type\":\"EntryPoint\",\"urlTemplate\":\"https:\\\/\\\/fundacioncajaruraldelsur.com\\\/?s={search_term_string}\"},\"query-input\":{\"@type\":\"PropertyValueSpecification\",\"valueRequired\":true,\"valueName\":\"search_term_string\"}}],\"inLanguage\":\"pt-PT\"},{\"@type\":\"Person\",\"@id\":\"https:\\\/\\\/fundacioncajaruraldelsur.com\\\/#\\\/schema\\\/person\\\/f430da9fb783d505ff061ad8b3d44577\",\"name\":\"Comunicaci\u00f3n\",\"image\":{\"@type\":\"ImageObject\",\"inLanguage\":\"pt-PT\",\"@id\":\"https:\\\/\\\/secure.gravatar.com\\\/avatar\\\/0dca239875993680bac4603ad2de7942da018f52cc3a244578e0b3b09314a8d8?s=96&d=blank&r=g\",\"url\":\"https:\\\/\\\/secure.gravatar.com\\\/avatar\\\/0dca239875993680bac4603ad2de7942da018f52cc3a244578e0b3b09314a8d8?s=96&d=blank&r=g\",\"contentUrl\":\"https:\\\/\\\/secure.gravatar.com\\\/avatar\\\/0dca239875993680bac4603ad2de7942da018f52cc3a244578e0b3b09314a8d8?s=96&d=blank&r=g\",\"caption\":\"Comunicaci\u00f3n\"}}]}<\/script>\n<!-- \/ Yoast SEO plugin. -->","yoast_head_json":{"title":"Ricardo L\u00f3pez Crespo, vicepresidente de Caja Rural del Sur, en la presentaci\u00f3n del Anuario Econ\u00f3mico de C\u00f3rdoba - Fundaci\u00f3n Caja Rural del Sur","robots":{"index":"index","follow":"follow","max-snippet":"max-snippet:-1","max-image-preview":"max-image-preview:large","max-video-preview":"max-video-preview:-1"},"canonical":"https:\/\/fundacioncajaruraldelsur.com\/pt\/ricardo-lopez-crespo-vicepresidente-de-caja-rural-del-sur-en-la-presentacion-del-anuario-economico-de-cordoba\/","og_locale":"pt_PT","og_type":"article","og_title":"Ricardo L\u00f3pez Crespo, vicepresidente de Caja Rural del Sur, en la presentaci\u00f3n del Anuario Econ\u00f3mico de C\u00f3rdoba - Fundaci\u00f3n Caja Rural del Sur","og_description":"Ricardo L\u00f3pez Crespo, vicepresidente de Caja Rural del Sur, intervino este jueves 23 de abril en la presentaci\u00f3n del\u00a0anuario econ\u00f3mico de Diario C\u00f3rdoba, apoyado por la entidad, donde puso en [&hellip;]","og_url":"https:\/\/fundacioncajaruraldelsur.com\/pt\/ricardo-lopez-crespo-vicepresidente-de-caja-rural-del-sur-en-la-presentacion-del-anuario-economico-de-cordoba\/","og_site_name":"Fundaci\u00f3n Caja Rural del Sur","article_published_time":"2026-04-29T17:22:47+00:00","og_image":[{"width":635,"height":420,"url":"https:\/\/fundacioncajaruraldelsur.com\/wp-content\/uploads\/2026\/04\/Captura-de-pantalla-2026-04-24-104209.png","type":"image\/png"}],"author":"Comunicaci\u00f3n","twitter_card":"summary_large_image","twitter_misc":{"Written by":"Comunicaci\u00f3n","Est. reading time":"2 minutes"},"schema":{"@context":"https:\/\/schema.org","@graph":[{"@type":"Article","@id":"https:\/\/fundacioncajaruraldelsur.com\/ricardo-lopez-crespo-vicepresidente-de-caja-rural-del-sur-en-la-presentacion-del-anuario-economico-de-cordoba\/#article","isPartOf":{"@id":"https:\/\/fundacioncajaruraldelsur.com\/ricardo-lopez-crespo-vicepresidente-de-caja-rural-del-sur-en-la-presentacion-del-anuario-economico-de-cordoba\/"},"author":{"name":"Comunicaci\u00f3n","@id":"https:\/\/fundacioncajaruraldelsur.com\/#\/schema\/person\/f430da9fb783d505ff061ad8b3d44577"},"headline":"Ricardo L\u00f3pez Crespo, vicepresidente de Caja Rural del Sur, en la presentaci\u00f3n del Anuario Econ\u00f3mico de C\u00f3rdoba","datePublished":"2026-04-29T17:22:47+00:00","mainEntityOfPage":{"@id":"https:\/\/fundacioncajaruraldelsur.com\/ricardo-lopez-crespo-vicepresidente-de-caja-rural-del-sur-en-la-presentacion-del-anuario-economico-de-cordoba\/"},"wordCount":344,"image":{"@id":"https:\/\/fundacioncajaruraldelsur.com\/ricardo-lopez-crespo-vicepresidente-de-caja-rural-del-sur-en-la-presentacion-del-anuario-economico-de-cordoba\/#primaryimage"},"thumbnailUrl":"https:\/\/fundacioncajaruraldelsur.com\/wp-content\/uploads\/2026\/04\/Captura-de-pantalla-2026-04-24-104209.png","articleSection":["Presentaciones"],"inLanguage":"pt-PT"},{"@type":"WebPage","@id":"https:\/\/fundacioncajaruraldelsur.com\/ricardo-lopez-crespo-vicepresidente-de-caja-rural-del-sur-en-la-presentacion-del-anuario-economico-de-cordoba\/","url":"https:\/\/fundacioncajaruraldelsur.com\/ricardo-lopez-crespo-vicepresidente-de-caja-rural-del-sur-en-la-presentacion-del-anuario-economico-de-cordoba\/","name":"Ricardo L\u00f3pez Crespo, vicepresidente de Caja Rural del Sur, en la presentaci\u00f3n del Anuario Econ\u00f3mico de C\u00f3rdoba - Fundaci\u00f3n Caja Rural del Sur","isPartOf":{"@id":"https:\/\/fundacioncajaruraldelsur.com\/#website"},"primaryImageOfPage":{"@id":"https:\/\/fundacioncajaruraldelsur.com\/ricardo-lopez-crespo-vicepresidente-de-caja-rural-del-sur-en-la-presentacion-del-anuario-economico-de-cordoba\/#primaryimage"},"image":{"@id":"https:\/\/fundacioncajaruraldelsur.com\/ricardo-lopez-crespo-vicepresidente-de-caja-rural-del-sur-en-la-presentacion-del-anuario-economico-de-cordoba\/#primaryimage"},"thumbnailUrl":"https:\/\/fundacioncajaruraldelsur.com\/wp-content\/uploads\/2026\/04\/Captura-de-pantalla-2026-04-24-104209.png","datePublished":"2026-04-29T17:22:47+00:00","author":{"@id":"https:\/\/fundacioncajaruraldelsur.com\/#\/schema\/person\/f430da9fb783d505ff061ad8b3d44577"},"breadcrumb":{"@id":"https:\/\/fundacioncajaruraldelsur.com\/ricardo-lopez-crespo-vicepresidente-de-caja-rural-del-sur-en-la-presentacion-del-anuario-economico-de-cordoba\/#breadcrumb"},"inLanguage":"pt-PT","potentialAction":[{"@type":"ReadAction","target":["https:\/\/fundacioncajaruraldelsur.com\/ricardo-lopez-crespo-vicepresidente-de-caja-rural-del-sur-en-la-presentacion-del-anuario-economico-de-cordoba\/"]}]},{"@type":"ImageObject","inLanguage":"pt-PT","@id":"https:\/\/fundacioncajaruraldelsur.com\/ricardo-lopez-crespo-vicepresidente-de-caja-rural-del-sur-en-la-presentacion-del-anuario-economico-de-cordoba\/#primaryimage","url":"https:\/\/fundacioncajaruraldelsur.com\/wp-content\/uploads\/2026\/04\/Captura-de-pantalla-2026-04-24-104209.png","contentUrl":"https:\/\/fundacioncajaruraldelsur.com\/wp-content\/uploads\/2026\/04\/Captura-de-pantalla-2026-04-24-104209.png","width":635,"height":420},{"@type":"BreadcrumbList","@id":"https:\/\/fundacioncajaruraldelsur.com\/ricardo-lopez-crespo-vicepresidente-de-caja-rural-del-sur-en-la-presentacion-del-anuario-economico-de-cordoba\/#breadcrumb","itemListElement":[{"@type":"ListItem","position":1,"name":"Portada","item":"https:\/\/fundacioncajaruraldelsur.com\/"},{"@type":"ListItem","position":2,"name":"Ricardo L\u00f3pez Crespo, vicepresidente de Caja Rural del Sur, en la presentaci\u00f3n del Anuario Econ\u00f3mico de C\u00f3rdoba"}]},{"@type":"WebSite","@id":"https:\/\/fundacioncajaruraldelsur.com\/#website","url":"https:\/\/fundacioncajaruraldelsur.com\/","name":"Funda\u00e7\u00e3o Caja Rural del Sur","description":"","potentialAction":[{"@type":"SearchAction","target":{"@type":"EntryPoint","urlTemplate":"https:\/\/fundacioncajaruraldelsur.com\/?s={search_term_string}"},"query-input":{"@type":"PropertyValueSpecification","valueRequired":true,"valueName":"search_term_string"}}],"inLanguage":"pt-PT"},{"@type":"Person","@id":"https:\/\/fundacioncajaruraldelsur.com\/#\/schema\/person\/f430da9fb783d505ff061ad8b3d44577","name":"Comunicaci\u00f3n","image":{"@type":"ImageObject","inLanguage":"pt-PT","@id":"https:\/\/secure.gravatar.com\/avatar\/0dca239875993680bac4603ad2de7942da018f52cc3a244578e0b3b09314a8d8?s=96&d=blank&r=g","url":"https:\/\/secure.gravatar.com\/avatar\/0dca239875993680bac4603ad2de7942da018f52cc3a244578e0b3b09314a8d8?s=96&d=blank&r=g","contentUrl":"https:\/\/secure.gravatar.com\/avatar\/0dca239875993680bac4603ad2de7942da018f52cc3a244578e0b3b09314a8d8?s=96&d=blank&r=g","caption":"Comunicaci\u00f3n"}}]}},"rttpg_featured_image_url":{"full":["https:\/\/fundacioncajaruraldelsur.com\/wp-content\/uploads\/2026\/04\/Captura-de-pantalla-2026-04-24-104209.png",635,420,false],"landscape":["https:\/\/fundacioncajaruraldelsur.com\/wp-content\/uploads\/2026\/04\/Captura-de-pantalla-2026-04-24-104209.png",635,420,false],"portraits":["https:\/\/fundacioncajaruraldelsur.com\/wp-content\/uploads\/2026\/04\/Captura-de-pantalla-2026-04-24-104209.png",635,420,false],"thumbnail":["https:\/\/fundacioncajaruraldelsur.com\/wp-content\/uploads\/2026\/04\/Captura-de-pantalla-2026-04-24-104209-150x150.png",150,150,true],"medium":["https:\/\/fundacioncajaruraldelsur.com\/wp-content\/uploads\/2026\/04\/Captura-de-pantalla-2026-04-24-104209-300x198.png",300,198,true],"large":["https:\/\/fundacioncajaruraldelsur.com\/wp-content\/uploads\/2026\/04\/Captura-de-pantalla-2026-04-24-104209.png",635,420,false],"1536x1536":["https:\/\/fundacioncajaruraldelsur.com\/wp-content\/uploads\/2026\/04\/Captura-de-pantalla-2026-04-24-104209.png",635,420,false],"2048x2048":["https:\/\/fundacioncajaruraldelsur.com\/wp-content\/uploads\/2026\/04\/Captura-de-pantalla-2026-04-24-104209.png",635,420,false],"trp-custom-language-flag":["https:\/\/fundacioncajaruraldelsur.com\/wp-content\/uploads\/2026\/04\/Captura-de-pantalla-2026-04-24-104209-18x12.png",18,12,true],"blog-thumbnail":["https:\/\/fundacioncajaruraldelsur.com\/wp-content\/uploads\/2026\/04\/Captura-de-pantalla-2026-04-24-104209-400x200.png",400,200,true]},"rttpg_author":{"display_name":"Comunicaci\u00f3n","author_link":"https:\/\/fundacioncajaruraldelsur.com\/pt\/author\/sevillaadmin\/"},"rttpg_comment":0,"rttpg_category":"<a href=\"https:\/\/fundacioncajaruraldelsur.com\/pt\/category\/presentaciones\/\" rel=\"category tag\">Presentaciones<\/a>","rttpg_excerpt":"Ricardo L\u00f3pez Crespo, vicepresidente de Caja Rural del Sur, intervino este jueves 23 de abril en la presentaci\u00f3n del\u00a0anuario econ\u00f3mico de Diario C\u00f3rdoba, apoyado por la entidad, donde puso en [&hellip;]","_links":{"self":[{"href":"https:\/\/fundacioncajaruraldelsur.com\/pt\/wp-json\/wp\/v2\/posts\/12757","targetHints":{"allow":["GET"]}}],"collection":[{"href":"https:\/\/fundacioncajaruraldelsur.com\/pt\/wp-json\/wp\/v2\/posts"}],"about":[{"href":"https:\/\/fundacioncajaruraldelsur.com\/pt\/wp-json\/wp\/v2\/types\/post"}],"author":[{"embeddable":true,"href":"https:\/\/fundacioncajaruraldelsur.com\/pt\/wp-json\/wp\/v2\/users\/6"}],"replies":[{"embeddable":true,"href":"https:\/\/fundacioncajaruraldelsur.com\/pt\/wp-json\/wp\/v2\/comments?post=12757"}],"version-history":[{"count":1,"href":"https:\/\/fundacioncajaruraldelsur.com\/pt\/wp-json\/wp\/v2\/posts\/12757\/revisions"}],"predecessor-version":[{"id":12759,"href":"https:\/\/fundacioncajaruraldelsur.com\/pt\/wp-json\/wp\/v2\/posts\/12757\/revisions\/12759"}],"wp:featuredmedia":[{"embeddable":true,"href":"https:\/\/fundacioncajaruraldelsur.com\/pt\/wp-json\/wp\/v2\/media\/12758"}],"wp:attachment":[{"href":"https:\/\/fundacioncajaruraldelsur.com\/pt\/wp-json\/wp\/v2\/media?parent=12757"}],"wp:term":[{"taxonomy":"category","embeddable":true,"href":"https:\/\/fundacioncajaruraldelsur.com\/pt\/wp-json\/wp\/v2\/categories?post=12757"},{"taxonomy":"post_tag","embeddable":true,"href":"https:\/\/fundacioncajaruraldelsur.com\/pt\/wp-json\/wp\/v2\/tags?post=12757"}],"curies":[{"name":"wp","href":"https:\/\/api.w.org\/{rel}","templated":true}]}}