{"id":12695,"date":"2026-04-09T20:00:52","date_gmt":"2026-04-09T18:00:52","guid":{"rendered":"https:\/\/fundacioncajaruraldelsur.com\/?p=12695"},"modified":"2026-04-09T20:02:34","modified_gmt":"2026-04-09T18:02:34","slug":"la-exposicion-fotografica-las-caras-de-huelva-2-reune-a-51-protagonistas-de-la-sociedad-de-huelva","status":"publish","type":"post","link":"https:\/\/fundacioncajaruraldelsur.com\/pt\/la-exposicion-fotografica-las-caras-de-huelva-2-reune-a-51-protagonistas-de-la-sociedad-de-huelva\/","title":{"rendered":"La exposici\u00f3n fotogr\u00e1fica &#8216;Las Caras de Huelva 2&#8217; re\u00fane a 51 protagonistas de la sociedad de Huelva"},"content":{"rendered":"<p data-path-to-node=\"6\">La exposici\u00f3n <a href=\"https:\/\/www.huelvainformacion.es\/huelva\/exposicion-caras-huelva-fotografias_3_2006436957.html#slide-1\"><b data-path-to-node=\"6\" data-index-in-node=\"147\">\u00abLas Caras de Huelva II\u00bb<\/b> ha abierto sus puertas en el Centro Cultural Jos\u00e9 Luis Garc\u00eda Palacios de Huelva<\/a>, ofreciendo un recorrido visual por los rostros de <b data-path-to-node=\"6\" data-index-in-node=\"294\">51 hombres y mujeres<\/b> que personifican la esencia de la Huelva contempor\u00e1nea.<\/p>\n<h3 data-path-to-node=\"7\"><b data-path-to-node=\"7\" data-index-in-node=\"0\">Un proyecto con nombre propio<\/b><\/h3>\n<p data-path-to-node=\"8\">Bajo la direcci\u00f3n y selecci\u00f3n de <b data-path-to-node=\"8\" data-index-in-node=\"33\">Diego Lopa<\/b>, reconocido por su labor de divulgaci\u00f3n de la historia y las costumbres locales, y con la lente del fot\u00f3grafo <b data-path-to-node=\"8\" data-index-in-node=\"154\">Paco Gil<\/b>, la muestra es la continuaci\u00f3n de un exitoso proyecto que busca humanizar la identidad de la ciudad. <span class=\"citation-13\">Los retratados no son solo figuras p\u00fablicas; son, en palabras de sus creadores, <\/span><i data-path-to-node=\"8\" data-index-in-node=\"344\"><span class=\"citation-13\">\u00abel alma de la vieja Onuba\u00bb<\/span><\/i><span class=\"citation-13 citation-end-13\"> proyectada hacia el futuro.<\/span><\/p>\n<p class=\"paragraph-atom B-510-400-550-N B-525-400-700-N--md\">La muestra re\u00fane a 51 protagonistas que, desde \u00e1mbitos muy distintos, conforman un\u00a0<strong>mosaico vivo<\/strong>\u00a0de la sociedad onubense. Periodistas, docentes, escritores, artistas, empresarios o creadores que, con su trabajo cotidiano, contribuyen a escribir la historia de una ciudad que no deja de evolucionar.<\/p>\n<h3 data-path-to-node=\"9\"><b data-path-to-node=\"9\" data-index-in-node=\"0\">Diversidad y talento local<\/b><\/h3>\n<p data-path-to-node=\"10\">Entre los rostros que componen esta galer\u00eda de identidad se encuentran:<\/p>\n<ul data-path-to-node=\"11\">\n<li>\n<p data-path-to-node=\"11,0,0\"><b data-path-to-node=\"11,0,0\" data-index-in-node=\"0\">Artistas y creadores:<\/b> Representantes del mundo de la m\u00fasica, la pintura y las letras.<\/p>\n<\/li>\n<li>\n<p id=\"p-rc_40d06c8905a6e7c8-21\" data-path-to-node=\"11,1,0\"><b data-path-to-node=\"11,1,0\" data-index-in-node=\"0\"><span class=\"citation-12\">Referentes sociales:<\/span><\/b><span class=\"citation-12 citation-end-12\"> Personas vinculadas a la inquietud por ver avanzar la ciudad.<\/span><\/p>\n<\/li>\n<li>\n<p data-path-to-node=\"11,2,0\"><b data-path-to-node=\"11,2,0\" data-index-in-node=\"0\">Figuras del deporte y la comunicaci\u00f3n:<\/b> Profesionales que han llevado el nombre de Huelva m\u00e1s all\u00e1 de sus fronteras.<\/p>\n<\/li>\n<\/ul>\n<h3 data-path-to-node=\"12\"><b data-path-to-node=\"12\" data-index-in-node=\"0\">Horarios y visitas<\/b><\/h3>\n<p id=\"p-rc_40d06c8905a6e7c8-22\" data-path-to-node=\"13\"><span class=\"citation-11\">La muestra, de <\/span><b data-path-to-node=\"13\" data-index-in-node=\"15\"><span class=\"citation-11\">entrada libre<\/span><\/b><span class=\"citation-11\">, podr\u00e1 visitarse hasta el pr\u00f3ximo <\/span><b data-path-to-node=\"13\" data-index-in-node=\"63\"><span class=\"citation-11\">24 de abril de 2026<\/span><\/b><span class=\"citation-11 citation-end-11\">.<\/span> <span class=\"citation-10 citation-end-10\">El horario de apertura abarca tanto ma\u00f1anas como tardes en la sede de la Fundaci\u00f3n Caja Rural del Sur (C\/ Alcalde Mora Claros), invitando a los onubenses a detenerse y observar las historias que hay detr\u00e1s de cada mirada. <\/span><i data-path-to-node=\"14,0\" data-index-in-node=\"0\"><span class=\"citation-9\">\u00abA trav\u00e9s de sus rostros se recorre la huella de la capital, de quienes representan el sentimiento de ser onubense\u00bb<\/span><\/i><span class=\"citation-9 citation-end-9\">, destaca la rese\u00f1a de la inauguraci\u00f3n. <\/span><\/p>\n<p data-path-to-node=\"13\">Esta exposici\u00f3n se suma a la intensa agenda cultural de la ciudad en este mes de abril, consolidando al Centro Cultural Jos\u00e9 Luis Garc\u00eda Palacios como un referente para la puesta en valor del patrimonio humano de Huelva.<\/p>\n<p data-path-to-node=\"13\"><a href=\"https:\/\/fundacioncajaruraldelsur.com\/wp-content\/uploads\/2026\/04\/caras-2.png\" rel=\"lightbox-0\"><img loading=\"lazy\" decoding=\"async\" class=\"wp-image-12696 size-full aligncenter\" src=\"https:\/\/fundacioncajaruraldelsur.com\/wp-content\/uploads\/2026\/04\/caras-2.png\" alt=\"\" width=\"820\" height=\"528\" srcset=\"https:\/\/fundacioncajaruraldelsur.com\/wp-content\/uploads\/2026\/04\/caras-2.png 820w, https:\/\/fundacioncajaruraldelsur.com\/wp-content\/uploads\/2026\/04\/caras-2-300x193.png 300w, https:\/\/fundacioncajaruraldelsur.com\/wp-content\/uploads\/2026\/04\/caras-2-768x495.png 768w, https:\/\/fundacioncajaruraldelsur.com\/wp-content\/uploads\/2026\/04\/caras-2-18x12.png 18w\" sizes=\"auto, (max-width: 820px) 100vw, 820px\" \/><\/a><\/p>\n<p data-path-to-node=\"13\"><a href=\"https:\/\/fundacioncajaruraldelsur.com\/wp-content\/uploads\/2026\/04\/caras-3.png\" rel=\"lightbox-1\"><img loading=\"lazy\" decoding=\"async\" class=\"wp-image-12697 size-full aligncenter\" src=\"https:\/\/fundacioncajaruraldelsur.com\/wp-content\/uploads\/2026\/04\/caras-3.png\" alt=\"\" width=\"783\" height=\"539\" srcset=\"https:\/\/fundacioncajaruraldelsur.com\/wp-content\/uploads\/2026\/04\/caras-3.png 783w, https:\/\/fundacioncajaruraldelsur.com\/wp-content\/uploads\/2026\/04\/caras-3-300x207.png 300w, https:\/\/fundacioncajaruraldelsur.com\/wp-content\/uploads\/2026\/04\/caras-3-768x529.png 768w, https:\/\/fundacioncajaruraldelsur.com\/wp-content\/uploads\/2026\/04\/caras-3-18x12.png 18w\" sizes=\"auto, (max-width: 783px) 100vw, 783px\" \/><\/a><\/p>","protected":false},"excerpt":{"rendered":"<p>La exposici\u00f3n \u00abLas Caras de Huelva II\u00bb ha abierto sus puertas en el Centro Cultural Jos\u00e9 Luis Garc\u00eda Palacios de Huelva, ofreciendo un recorrido visual por los rostros de 51 [&hellip;]<\/p>\n","protected":false},"author":6,"featured_media":12698,"comment_status":"closed","ping_status":"closed","sticky":false,"template":"","format":"standard","meta":{"footnotes":""},"categories":[82],"tags":[],"class_list":["post-12695","post","type-post","status-publish","format-standard","has-post-thumbnail","hentry","category-exposiciones"],"yoast_head":"<!-- This site is optimized with the Yoast SEO plugin v27.3 - https:\/\/yoast.com\/product\/yoast-seo-wordpress\/ -->\n<title>La exposici\u00f3n fotogr\u00e1fica &#039;Las Caras de Huelva 2&#039; re\u00fane a 51 protagonistas de la sociedad de Huelva - Fundaci\u00f3n Caja Rural del Sur<\/title>\n<meta name=\"robots\" content=\"index, follow, max-snippet:-1, max-image-preview:large, max-video-preview:-1\" \/>\n<link rel=\"canonical\" href=\"https:\/\/fundacioncajaruraldelsur.com\/pt\/la-exposicion-fotografica-las-caras-de-huelva-2-reune-a-51-protagonistas-de-la-sociedad-de-huelva\/\" \/>\n<meta property=\"og:locale\" content=\"pt_PT\" \/>\n<meta property=\"og:type\" content=\"article\" \/>\n<meta property=\"og:title\" content=\"La exposici\u00f3n fotogr\u00e1fica &#039;Las Caras de Huelva 2&#039; re\u00fane a 51 protagonistas de la sociedad de Huelva - Fundaci\u00f3n Caja Rural del Sur\" \/>\n<meta property=\"og:description\" content=\"La exposici\u00f3n \u00abLas Caras de Huelva II\u00bb ha abierto sus puertas en el Centro Cultural Jos\u00e9 Luis Garc\u00eda Palacios de Huelva, ofreciendo un recorrido visual por los rostros de 51 [&hellip;]\" \/>\n<meta property=\"og:url\" content=\"https:\/\/fundacioncajaruraldelsur.com\/pt\/la-exposicion-fotografica-las-caras-de-huelva-2-reune-a-51-protagonistas-de-la-sociedad-de-huelva\/\" \/>\n<meta property=\"og:site_name\" content=\"Fundaci\u00f3n Caja Rural del Sur\" \/>\n<meta property=\"article:published_time\" content=\"2026-04-09T18:00:52+00:00\" \/>\n<meta property=\"article:modified_time\" content=\"2026-04-09T18:02:34+00:00\" \/>\n<meta property=\"og:image\" content=\"https:\/\/fundacioncajaruraldelsur.com\/wp-content\/uploads\/2026\/04\/caras-huelva.jpg\" \/>\n\t<meta property=\"og:image:width\" content=\"722\" \/>\n\t<meta property=\"og:image:height\" content=\"403\" \/>\n\t<meta property=\"og:image:type\" content=\"image\/jpeg\" \/>\n<meta name=\"author\" content=\"Comunicaci\u00f3n\" \/>\n<meta name=\"twitter:card\" content=\"summary_large_image\" \/>\n<meta name=\"twitter:label1\" content=\"Written by\" \/>\n\t<meta name=\"twitter:data1\" content=\"Comunicaci\u00f3n\" \/>\n\t<meta name=\"twitter:label2\" content=\"Est. reading time\" \/>\n\t<meta name=\"twitter:data2\" content=\"3 minutes\" \/>\n<script type=\"application\/ld+json\" class=\"yoast-schema-graph\">{\"@context\":\"https:\\\/\\\/schema.org\",\"@graph\":[{\"@type\":\"Article\",\"@id\":\"https:\\\/\\\/fundacioncajaruraldelsur.com\\\/la-exposicion-fotografica-las-caras-de-huelva-2-reune-a-51-protagonistas-de-la-sociedad-de-huelva\\\/#article\",\"isPartOf\":{\"@id\":\"https:\\\/\\\/fundacioncajaruraldelsur.com\\\/la-exposicion-fotografica-las-caras-de-huelva-2-reune-a-51-protagonistas-de-la-sociedad-de-huelva\\\/\"},\"author\":{\"name\":\"Comunicaci\u00f3n\",\"@id\":\"https:\\\/\\\/fundacioncajaruraldelsur.com\\\/#\\\/schema\\\/person\\\/f430da9fb783d505ff061ad8b3d44577\"},\"headline\":\"La exposici\u00f3n fotogr\u00e1fica &#8216;Las Caras de Huelva 2&#8217; re\u00fane a 51 protagonistas de la sociedad de Huelva\",\"datePublished\":\"2026-04-09T18:00:52+00:00\",\"dateModified\":\"2026-04-09T18:02:34+00:00\",\"mainEntityOfPage\":{\"@id\":\"https:\\\/\\\/fundacioncajaruraldelsur.com\\\/la-exposicion-fotografica-las-caras-de-huelva-2-reune-a-51-protagonistas-de-la-sociedad-de-huelva\\\/\"},\"wordCount\":377,\"image\":{\"@id\":\"https:\\\/\\\/fundacioncajaruraldelsur.com\\\/la-exposicion-fotografica-las-caras-de-huelva-2-reune-a-51-protagonistas-de-la-sociedad-de-huelva\\\/#primaryimage\"},\"thumbnailUrl\":\"https:\\\/\\\/fundacioncajaruraldelsur.com\\\/wp-content\\\/uploads\\\/2026\\\/04\\\/caras-huelva.jpg\",\"articleSection\":[\"Exposiciones\"],\"inLanguage\":\"pt-PT\"},{\"@type\":\"WebPage\",\"@id\":\"https:\\\/\\\/fundacioncajaruraldelsur.com\\\/la-exposicion-fotografica-las-caras-de-huelva-2-reune-a-51-protagonistas-de-la-sociedad-de-huelva\\\/\",\"url\":\"https:\\\/\\\/fundacioncajaruraldelsur.com\\\/la-exposicion-fotografica-las-caras-de-huelva-2-reune-a-51-protagonistas-de-la-sociedad-de-huelva\\\/\",\"name\":\"La exposici\u00f3n fotogr\u00e1fica 'Las Caras de Huelva 2' re\u00fane a 51 protagonistas de la sociedad de Huelva - Fundaci\u00f3n Caja Rural del Sur\",\"isPartOf\":{\"@id\":\"https:\\\/\\\/fundacioncajaruraldelsur.com\\\/#website\"},\"primaryImageOfPage\":{\"@id\":\"https:\\\/\\\/fundacioncajaruraldelsur.com\\\/la-exposicion-fotografica-las-caras-de-huelva-2-reune-a-51-protagonistas-de-la-sociedad-de-huelva\\\/#primaryimage\"},\"image\":{\"@id\":\"https:\\\/\\\/fundacioncajaruraldelsur.com\\\/la-exposicion-fotografica-las-caras-de-huelva-2-reune-a-51-protagonistas-de-la-sociedad-de-huelva\\\/#primaryimage\"},\"thumbnailUrl\":\"https:\\\/\\\/fundacioncajaruraldelsur.com\\\/wp-content\\\/uploads\\\/2026\\\/04\\\/caras-huelva.jpg\",\"datePublished\":\"2026-04-09T18:00:52+00:00\",\"dateModified\":\"2026-04-09T18:02:34+00:00\",\"author\":{\"@id\":\"https:\\\/\\\/fundacioncajaruraldelsur.com\\\/#\\\/schema\\\/person\\\/f430da9fb783d505ff061ad8b3d44577\"},\"breadcrumb\":{\"@id\":\"https:\\\/\\\/fundacioncajaruraldelsur.com\\\/la-exposicion-fotografica-las-caras-de-huelva-2-reune-a-51-protagonistas-de-la-sociedad-de-huelva\\\/#breadcrumb\"},\"inLanguage\":\"pt-PT\",\"potentialAction\":[{\"@type\":\"ReadAction\",\"target\":[\"https:\\\/\\\/fundacioncajaruraldelsur.com\\\/la-exposicion-fotografica-las-caras-de-huelva-2-reune-a-51-protagonistas-de-la-sociedad-de-huelva\\\/\"]}]},{\"@type\":\"ImageObject\",\"inLanguage\":\"pt-PT\",\"@id\":\"https:\\\/\\\/fundacioncajaruraldelsur.com\\\/la-exposicion-fotografica-las-caras-de-huelva-2-reune-a-51-protagonistas-de-la-sociedad-de-huelva\\\/#primaryimage\",\"url\":\"https:\\\/\\\/fundacioncajaruraldelsur.com\\\/wp-content\\\/uploads\\\/2026\\\/04\\\/caras-huelva.jpg\",\"contentUrl\":\"https:\\\/\\\/fundacioncajaruraldelsur.com\\\/wp-content\\\/uploads\\\/2026\\\/04\\\/caras-huelva.jpg\",\"width\":722,\"height\":403},{\"@type\":\"BreadcrumbList\",\"@id\":\"https:\\\/\\\/fundacioncajaruraldelsur.com\\\/la-exposicion-fotografica-las-caras-de-huelva-2-reune-a-51-protagonistas-de-la-sociedad-de-huelva\\\/#breadcrumb\",\"itemListElement\":[{\"@type\":\"ListItem\",\"position\":1,\"name\":\"Portada\",\"item\":\"https:\\\/\\\/fundacioncajaruraldelsur.com\\\/\"},{\"@type\":\"ListItem\",\"position\":2,\"name\":\"La exposici\u00f3n fotogr\u00e1fica &#8216;Las Caras de Huelva 2&#8217; re\u00fane a 51 protagonistas de la sociedad de Huelva\"}]},{\"@type\":\"WebSite\",\"@id\":\"https:\\\/\\\/fundacioncajaruraldelsur.com\\\/#website\",\"url\":\"https:\\\/\\\/fundacioncajaruraldelsur.com\\\/\",\"name\":\"Fundaci\u00f3n Caja Rural del Sur\",\"description\":\"\",\"potentialAction\":[{\"@type\":\"SearchAction\",\"target\":{\"@type\":\"EntryPoint\",\"urlTemplate\":\"https:\\\/\\\/fundacioncajaruraldelsur.com\\\/?s={search_term_string}\"},\"query-input\":{\"@type\":\"PropertyValueSpecification\",\"valueRequired\":true,\"valueName\":\"search_term_string\"}}],\"inLanguage\":\"pt-PT\"},{\"@type\":\"Person\",\"@id\":\"https:\\\/\\\/fundacioncajaruraldelsur.com\\\/#\\\/schema\\\/person\\\/f430da9fb783d505ff061ad8b3d44577\",\"name\":\"Comunicaci\u00f3n\",\"image\":{\"@type\":\"ImageObject\",\"inLanguage\":\"pt-PT\",\"@id\":\"https:\\\/\\\/secure.gravatar.com\\\/avatar\\\/0dca239875993680bac4603ad2de7942da018f52cc3a244578e0b3b09314a8d8?s=96&d=blank&r=g\",\"url\":\"https:\\\/\\\/secure.gravatar.com\\\/avatar\\\/0dca239875993680bac4603ad2de7942da018f52cc3a244578e0b3b09314a8d8?s=96&d=blank&r=g\",\"contentUrl\":\"https:\\\/\\\/secure.gravatar.com\\\/avatar\\\/0dca239875993680bac4603ad2de7942da018f52cc3a244578e0b3b09314a8d8?s=96&d=blank&r=g\",\"caption\":\"Comunicaci\u00f3n\"}}]}<\/script>\n<!-- \/ Yoast SEO plugin. -->","yoast_head_json":{"title":"La exposici\u00f3n fotogr\u00e1fica 'Las Caras de Huelva 2' re\u00fane a 51 protagonistas de la sociedad de Huelva - Fundaci\u00f3n Caja Rural del Sur","robots":{"index":"index","follow":"follow","max-snippet":"max-snippet:-1","max-image-preview":"max-image-preview:large","max-video-preview":"max-video-preview:-1"},"canonical":"https:\/\/fundacioncajaruraldelsur.com\/pt\/la-exposicion-fotografica-las-caras-de-huelva-2-reune-a-51-protagonistas-de-la-sociedad-de-huelva\/","og_locale":"pt_PT","og_type":"article","og_title":"La exposici\u00f3n fotogr\u00e1fica 'Las Caras de Huelva 2' re\u00fane a 51 protagonistas de la sociedad de Huelva - Fundaci\u00f3n Caja Rural del Sur","og_description":"La exposici\u00f3n \u00abLas Caras de Huelva II\u00bb ha abierto sus puertas en el Centro Cultural Jos\u00e9 Luis Garc\u00eda Palacios de Huelva, ofreciendo un recorrido visual por los rostros de 51 [&hellip;]","og_url":"https:\/\/fundacioncajaruraldelsur.com\/pt\/la-exposicion-fotografica-las-caras-de-huelva-2-reune-a-51-protagonistas-de-la-sociedad-de-huelva\/","og_site_name":"Fundaci\u00f3n Caja Rural del Sur","article_published_time":"2026-04-09T18:00:52+00:00","article_modified_time":"2026-04-09T18:02:34+00:00","og_image":[{"width":722,"height":403,"url":"https:\/\/fundacioncajaruraldelsur.com\/wp-content\/uploads\/2026\/04\/caras-huelva.jpg","type":"image\/jpeg"}],"author":"Comunicaci\u00f3n","twitter_card":"summary_large_image","twitter_misc":{"Written by":"Comunicaci\u00f3n","Est. reading time":"3 minutes"},"schema":{"@context":"https:\/\/schema.org","@graph":[{"@type":"Article","@id":"https:\/\/fundacioncajaruraldelsur.com\/la-exposicion-fotografica-las-caras-de-huelva-2-reune-a-51-protagonistas-de-la-sociedad-de-huelva\/#article","isPartOf":{"@id":"https:\/\/fundacioncajaruraldelsur.com\/la-exposicion-fotografica-las-caras-de-huelva-2-reune-a-51-protagonistas-de-la-sociedad-de-huelva\/"},"author":{"name":"Comunicaci\u00f3n","@id":"https:\/\/fundacioncajaruraldelsur.com\/#\/schema\/person\/f430da9fb783d505ff061ad8b3d44577"},"headline":"La exposici\u00f3n fotogr\u00e1fica &#8216;Las Caras de Huelva 2&#8217; re\u00fane a 51 protagonistas de la sociedad de Huelva","datePublished":"2026-04-09T18:00:52+00:00","dateModified":"2026-04-09T18:02:34+00:00","mainEntityOfPage":{"@id":"https:\/\/fundacioncajaruraldelsur.com\/la-exposicion-fotografica-las-caras-de-huelva-2-reune-a-51-protagonistas-de-la-sociedad-de-huelva\/"},"wordCount":377,"image":{"@id":"https:\/\/fundacioncajaruraldelsur.com\/la-exposicion-fotografica-las-caras-de-huelva-2-reune-a-51-protagonistas-de-la-sociedad-de-huelva\/#primaryimage"},"thumbnailUrl":"https:\/\/fundacioncajaruraldelsur.com\/wp-content\/uploads\/2026\/04\/caras-huelva.jpg","articleSection":["Exposiciones"],"inLanguage":"pt-PT"},{"@type":"WebPage","@id":"https:\/\/fundacioncajaruraldelsur.com\/la-exposicion-fotografica-las-caras-de-huelva-2-reune-a-51-protagonistas-de-la-sociedad-de-huelva\/","url":"https:\/\/fundacioncajaruraldelsur.com\/la-exposicion-fotografica-las-caras-de-huelva-2-reune-a-51-protagonistas-de-la-sociedad-de-huelva\/","name":"La exposici\u00f3n fotogr\u00e1fica 'Las Caras de Huelva 2' re\u00fane a 51 protagonistas de la sociedad de Huelva - Fundaci\u00f3n Caja Rural del Sur","isPartOf":{"@id":"https:\/\/fundacioncajaruraldelsur.com\/#website"},"primaryImageOfPage":{"@id":"https:\/\/fundacioncajaruraldelsur.com\/la-exposicion-fotografica-las-caras-de-huelva-2-reune-a-51-protagonistas-de-la-sociedad-de-huelva\/#primaryimage"},"image":{"@id":"https:\/\/fundacioncajaruraldelsur.com\/la-exposicion-fotografica-las-caras-de-huelva-2-reune-a-51-protagonistas-de-la-sociedad-de-huelva\/#primaryimage"},"thumbnailUrl":"https:\/\/fundacioncajaruraldelsur.com\/wp-content\/uploads\/2026\/04\/caras-huelva.jpg","datePublished":"2026-04-09T18:00:52+00:00","dateModified":"2026-04-09T18:02:34+00:00","author":{"@id":"https:\/\/fundacioncajaruraldelsur.com\/#\/schema\/person\/f430da9fb783d505ff061ad8b3d44577"},"breadcrumb":{"@id":"https:\/\/fundacioncajaruraldelsur.com\/la-exposicion-fotografica-las-caras-de-huelva-2-reune-a-51-protagonistas-de-la-sociedad-de-huelva\/#breadcrumb"},"inLanguage":"pt-PT","potentialAction":[{"@type":"ReadAction","target":["https:\/\/fundacioncajaruraldelsur.com\/la-exposicion-fotografica-las-caras-de-huelva-2-reune-a-51-protagonistas-de-la-sociedad-de-huelva\/"]}]},{"@type":"ImageObject","inLanguage":"pt-PT","@id":"https:\/\/fundacioncajaruraldelsur.com\/la-exposicion-fotografica-las-caras-de-huelva-2-reune-a-51-protagonistas-de-la-sociedad-de-huelva\/#primaryimage","url":"https:\/\/fundacioncajaruraldelsur.com\/wp-content\/uploads\/2026\/04\/caras-huelva.jpg","contentUrl":"https:\/\/fundacioncajaruraldelsur.com\/wp-content\/uploads\/2026\/04\/caras-huelva.jpg","width":722,"height":403},{"@type":"BreadcrumbList","@id":"https:\/\/fundacioncajaruraldelsur.com\/la-exposicion-fotografica-las-caras-de-huelva-2-reune-a-51-protagonistas-de-la-sociedad-de-huelva\/#breadcrumb","itemListElement":[{"@type":"ListItem","position":1,"name":"Portada","item":"https:\/\/fundacioncajaruraldelsur.com\/"},{"@type":"ListItem","position":2,"name":"La exposici\u00f3n fotogr\u00e1fica &#8216;Las Caras de Huelva 2&#8217; re\u00fane a 51 protagonistas de la sociedad de Huelva"}]},{"@type":"WebSite","@id":"https:\/\/fundacioncajaruraldelsur.com\/#website","url":"https:\/\/fundacioncajaruraldelsur.com\/","name":"Funda\u00e7\u00e3o Caja Rural del Sur","description":"","potentialAction":[{"@type":"SearchAction","target":{"@type":"EntryPoint","urlTemplate":"https:\/\/fundacioncajaruraldelsur.com\/?s={search_term_string}"},"query-input":{"@type":"PropertyValueSpecification","valueRequired":true,"valueName":"search_term_string"}}],"inLanguage":"pt-PT"},{"@type":"Person","@id":"https:\/\/fundacioncajaruraldelsur.com\/#\/schema\/person\/f430da9fb783d505ff061ad8b3d44577","name":"Comunicaci\u00f3n","image":{"@type":"ImageObject","inLanguage":"pt-PT","@id":"https:\/\/secure.gravatar.com\/avatar\/0dca239875993680bac4603ad2de7942da018f52cc3a244578e0b3b09314a8d8?s=96&d=blank&r=g","url":"https:\/\/secure.gravatar.com\/avatar\/0dca239875993680bac4603ad2de7942da018f52cc3a244578e0b3b09314a8d8?s=96&d=blank&r=g","contentUrl":"https:\/\/secure.gravatar.com\/avatar\/0dca239875993680bac4603ad2de7942da018f52cc3a244578e0b3b09314a8d8?s=96&d=blank&r=g","caption":"Comunicaci\u00f3n"}}]}},"rttpg_featured_image_url":{"full":["https:\/\/fundacioncajaruraldelsur.com\/wp-content\/uploads\/2026\/04\/caras-huelva.jpg",722,403,false],"landscape":["https:\/\/fundacioncajaruraldelsur.com\/wp-content\/uploads\/2026\/04\/caras-huelva.jpg",722,403,false],"portraits":["https:\/\/fundacioncajaruraldelsur.com\/wp-content\/uploads\/2026\/04\/caras-huelva.jpg",722,403,false],"thumbnail":["https:\/\/fundacioncajaruraldelsur.com\/wp-content\/uploads\/2026\/04\/caras-huelva-150x150.jpg",150,150,true],"medium":["https:\/\/fundacioncajaruraldelsur.com\/wp-content\/uploads\/2026\/04\/caras-huelva-300x167.jpg",300,167,true],"large":["https:\/\/fundacioncajaruraldelsur.com\/wp-content\/uploads\/2026\/04\/caras-huelva.jpg",722,403,false],"1536x1536":["https:\/\/fundacioncajaruraldelsur.com\/wp-content\/uploads\/2026\/04\/caras-huelva.jpg",722,403,false],"2048x2048":["https:\/\/fundacioncajaruraldelsur.com\/wp-content\/uploads\/2026\/04\/caras-huelva.jpg",722,403,false],"trp-custom-language-flag":["https:\/\/fundacioncajaruraldelsur.com\/wp-content\/uploads\/2026\/04\/caras-huelva-18x10.jpg",18,10,true],"blog-thumbnail":["https:\/\/fundacioncajaruraldelsur.com\/wp-content\/uploads\/2026\/04\/caras-huelva-400x200.jpg",400,200,true]},"rttpg_author":{"display_name":"Comunicaci\u00f3n","author_link":"https:\/\/fundacioncajaruraldelsur.com\/pt\/author\/sevillaadmin\/"},"rttpg_comment":0,"rttpg_category":"<a href=\"https:\/\/fundacioncajaruraldelsur.com\/pt\/category\/exposiciones\/\" rel=\"category tag\">Exposiciones<\/a>","rttpg_excerpt":"La exposici\u00f3n \u00abLas Caras de Huelva II\u00bb ha abierto sus puertas en el Centro Cultural Jos\u00e9 Luis Garc\u00eda Palacios de Huelva, ofreciendo un recorrido visual por los rostros de 51 [&hellip;]","_links":{"self":[{"href":"https:\/\/fundacioncajaruraldelsur.com\/pt\/wp-json\/wp\/v2\/posts\/12695","targetHints":{"allow":["GET"]}}],"collection":[{"href":"https:\/\/fundacioncajaruraldelsur.com\/pt\/wp-json\/wp\/v2\/posts"}],"about":[{"href":"https:\/\/fundacioncajaruraldelsur.com\/pt\/wp-json\/wp\/v2\/types\/post"}],"author":[{"embeddable":true,"href":"https:\/\/fundacioncajaruraldelsur.com\/pt\/wp-json\/wp\/v2\/users\/6"}],"replies":[{"embeddable":true,"href":"https:\/\/fundacioncajaruraldelsur.com\/pt\/wp-json\/wp\/v2\/comments?post=12695"}],"version-history":[{"count":3,"href":"https:\/\/fundacioncajaruraldelsur.com\/pt\/wp-json\/wp\/v2\/posts\/12695\/revisions"}],"predecessor-version":[{"id":12701,"href":"https:\/\/fundacioncajaruraldelsur.com\/pt\/wp-json\/wp\/v2\/posts\/12695\/revisions\/12701"}],"wp:featuredmedia":[{"embeddable":true,"href":"https:\/\/fundacioncajaruraldelsur.com\/pt\/wp-json\/wp\/v2\/media\/12698"}],"wp:attachment":[{"href":"https:\/\/fundacioncajaruraldelsur.com\/pt\/wp-json\/wp\/v2\/media?parent=12695"}],"wp:term":[{"taxonomy":"category","embeddable":true,"href":"https:\/\/fundacioncajaruraldelsur.com\/pt\/wp-json\/wp\/v2\/categories?post=12695"},{"taxonomy":"post_tag","embeddable":true,"href":"https:\/\/fundacioncajaruraldelsur.com\/pt\/wp-json\/wp\/v2\/tags?post=12695"}],"curies":[{"name":"wp","href":"https:\/\/api.w.org\/{rel}","templated":true}]}}