{"id":12630,"date":"2026-03-24T20:48:03","date_gmt":"2026-03-24T19:48:03","guid":{"rendered":"https:\/\/fundacioncajaruraldelsur.com\/?p=12630"},"modified":"2026-03-24T20:48:50","modified_gmt":"2026-03-24T19:48:50","slug":"presentacion-en-hueva-del-libro-voces-de-la-luz-de-fotografia-y-poesia-respaldado-por-caja-rural-del-sur","status":"publish","type":"post","link":"https:\/\/fundacioncajaruraldelsur.com\/pt\/presentacion-en-hueva-del-libro-voces-de-la-luz-de-fotografia-y-poesia-respaldado-por-caja-rural-del-sur\/","title":{"rendered":"Presentaci\u00f3n en Hueva del libro \u201cVoces de la luz\u201d de fotograf\u00eda y poes\u00eda respaldado por Caja Rural del Sur"},"content":{"rendered":"<p class=\"paragraph-atom B-510-400-550-N B-525-400-700-N--md\">La Asociaci\u00f3n Cultural<strong>\u00a0Poetas por la Paz<\/strong>\u00a0ha presentado el libro\u00a0<em><strong>Voces de la Luz<\/strong><\/em>, una obra colectiva que fusiona fotograf\u00eda y poes\u00eda en una propuesta art\u00edstica que invita a la reflexi\u00f3n, la emoci\u00f3n y la contemplaci\u00f3n, con el apoyo de la Fundaci\u00f3n Caja Rural del Sur.<\/p>\n<p class=\"paragraph-atom B-510-400-550-N B-525-400-700-N--md\">El acto ha tenido lugar en el Centro Cultural Jos\u00e9 Luis Garc\u00eda Palacios de la Fundaci\u00f3n Caja Rural del Sur en Huelva, entidad que adem\u00e1s ha financiado la edici\u00f3n del libro, realizada con esmero por la editorial Niebla. La publicaci\u00f3n recoge 87 fotograf\u00edas en alta calidad del Club Onubense de Fotograf\u00eda La Luz (Accof Huelva) y otros tantos poemas de la Asociaci\u00f3n Cultural Poetas por la Paz, conformando una antolog\u00eda en la que ambos lenguajes dialogan en torno a un mismo eje: la luz. El dise\u00f1o gr\u00e1fico del libro ha corrido a cargo de Marcos Toti.<\/p>\n<p class=\"paragraph-atom B-510-400-550-N B-525-400-700-N--md\">La presentaci\u00f3n ha contado con la participaci\u00f3n del presidente de Poetas por la Paz, Ram\u00f3n Llanes; la vicepresidenta, Esther Fortes; el presidente de ACCOF Huelva, Manuel Palacios; y la responsable de Gesti\u00f3n Cultural de la Fundaci\u00f3n Caja Rural del Sur, Mar\u00eda Luisa Garc\u00eda-Palacios.<\/p>\n<p class=\"paragraph-atom B-510-400-550-N B-525-400-700-N--md\">Durante su intervenci\u00f3n, Ram\u00f3n Llanes subray\u00f3 el\u00a0<strong>car\u00e1cter simb\u00f3lico y art\u00edstico de la obra<\/strong>, se\u00f1alando que \u201ctodos hemos inventado eternos desaf\u00edos para perseguir a la luz, y este libro, en su \u00e9tica y en su est\u00e9tica, es el resultado de ese encuentro con la luz perseguida\u201d. Asimismo, destac\u00f3 la complicidad entre poetas y fot\u00f3grafos, de la que \u201chan nacido estas voces de la luz, como intentando protagonizar una exigente verdad en el panorama de la belleza\u201d. Llanes avanz\u00f3 adem\u00e1s la continuidad del proyecto, recordando que tras \u201cVoces del Agua\u201d y esta nueva entrega, la asociaci\u00f3n ya trabaja en futuras publicaciones como \u201cVoces de la Tierra\u201d.<\/p>\n<p class=\"paragraph-atom B-510-400-550-N B-525-400-700-N--md\">Por su parte, la vicepresidenta Esther Fortes explic\u00f3 que la obra \u201cincluye 87 fotograf\u00edas y 87 sonetos, en los que cada imagen propone una emoci\u00f3n o una atm\u00f3sfera y cada poema responde, dialoga y da voz a esa imagen\u201d. En este sentido, destac\u00f3 que no se trata de una mera suma de disciplinas, sino de \u201cun espacio com\u00fan donde dos lenguajes art\u00edsticos se enriquecen mutuamente\u201d, al tiempo que puso en valor el trabajo colectivo de fot\u00f3grafos y poetas.<\/p>\n<p class=\"paragraph-atom B-510-400-550-N B-525-400-700-N--md\">Desde el \u00e1mbito fotogr\u00e1fico, Manuel Palacios puso el acento en el simbolismo de la luz como elemento com\u00fan que conecta ambas disciplinas, destac\u00e1ndola como gu\u00eda, esperanza y punto de encuentro creativo entre diferentes miradas.<\/p>\n<p class=\"paragraph-atom B-510-400-550-N B-525-400-700-N--md\">Tras las intervenciones, el acto continu\u00f3 con la lectura de una selecci\u00f3n de poemas incluidos en el libro, acompa\u00f1ados de explicaciones por parte de los fot\u00f3grafos sobre las im\u00e1genes que ilustran cada composici\u00f3n, generando un enlace directo entre autores y p\u00fablico.<\/p>\n<p>Como cierre, todos los participantes \u2014poetas y fot\u00f3grafos\u2014 recibieron un ejemplar de la obra, en un ambiente marcado por el reconocimiento al trabajo colectivo y la celebraci\u00f3n del arte como herramienta de encuentro.<\/p>","protected":false},"excerpt":{"rendered":"<p>La Asociaci\u00f3n Cultural\u00a0Poetas por la Paz\u00a0ha presentado el libro\u00a0Voces de la Luz, una obra colectiva que fusiona fotograf\u00eda y poes\u00eda en una propuesta art\u00edstica que invita a la reflexi\u00f3n, la [&hellip;]<\/p>\n","protected":false},"author":6,"featured_media":12632,"comment_status":"closed","ping_status":"closed","sticky":false,"template":"","format":"standard","meta":{"footnotes":""},"categories":[1],"tags":[],"class_list":["post-12630","post","type-post","status-publish","format-standard","has-post-thumbnail","hentry","category-sin-categoria"],"yoast_head":"<!-- This site is optimized with the Yoast SEO plugin v27.3 - https:\/\/yoast.com\/product\/yoast-seo-wordpress\/ -->\n<title>Presentaci\u00f3n en Hueva del libro \u201cVoces de la luz\u201d de fotograf\u00eda y poes\u00eda respaldado por Caja Rural del Sur - Fundaci\u00f3n Caja Rural del Sur<\/title>\n<meta name=\"robots\" content=\"index, follow, max-snippet:-1, max-image-preview:large, max-video-preview:-1\" \/>\n<link rel=\"canonical\" href=\"https:\/\/fundacioncajaruraldelsur.com\/pt\/presentacion-en-hueva-del-libro-voces-de-la-luz-de-fotografia-y-poesia-respaldado-por-caja-rural-del-sur\/\" \/>\n<meta property=\"og:locale\" content=\"pt_PT\" \/>\n<meta property=\"og:type\" content=\"article\" \/>\n<meta property=\"og:title\" content=\"Presentaci\u00f3n en Hueva del libro \u201cVoces de la luz\u201d de fotograf\u00eda y poes\u00eda respaldado por Caja Rural del Sur - Fundaci\u00f3n Caja Rural del Sur\" \/>\n<meta property=\"og:description\" content=\"La Asociaci\u00f3n Cultural\u00a0Poetas por la Paz\u00a0ha presentado el libro\u00a0Voces de la Luz, una obra colectiva que fusiona fotograf\u00eda y poes\u00eda en una propuesta art\u00edstica que invita a la reflexi\u00f3n, la [&hellip;]\" \/>\n<meta property=\"og:url\" content=\"https:\/\/fundacioncajaruraldelsur.com\/pt\/presentacion-en-hueva-del-libro-voces-de-la-luz-de-fotografia-y-poesia-respaldado-por-caja-rural-del-sur\/\" \/>\n<meta property=\"og:site_name\" content=\"Fundaci\u00f3n Caja Rural del Sur\" \/>\n<meta property=\"article:published_time\" content=\"2026-03-24T19:48:03+00:00\" \/>\n<meta property=\"article:modified_time\" content=\"2026-03-24T19:48:50+00:00\" \/>\n<meta property=\"og:image\" content=\"https:\/\/fundacioncajaruraldelsur.com\/wp-content\/uploads\/2026\/03\/2026032410214249785.webp\" \/>\n\t<meta property=\"og:image:width\" content=\"960\" \/>\n\t<meta property=\"og:image:height\" content=\"720\" \/>\n\t<meta property=\"og:image:type\" content=\"image\/webp\" \/>\n<meta name=\"author\" content=\"Comunicaci\u00f3n\" \/>\n<meta name=\"twitter:card\" content=\"summary_large_image\" \/>\n<meta name=\"twitter:label1\" content=\"Written by\" \/>\n\t<meta name=\"twitter:data1\" content=\"Comunicaci\u00f3n\" \/>\n\t<meta name=\"twitter:label2\" content=\"Est. reading time\" \/>\n\t<meta name=\"twitter:data2\" content=\"3 minutes\" \/>\n<script type=\"application\/ld+json\" class=\"yoast-schema-graph\">{\"@context\":\"https:\\\/\\\/schema.org\",\"@graph\":[{\"@type\":\"Article\",\"@id\":\"https:\\\/\\\/fundacioncajaruraldelsur.com\\\/presentacion-en-hueva-del-libro-voces-de-la-luz-de-fotografia-y-poesia-respaldado-por-caja-rural-del-sur\\\/#article\",\"isPartOf\":{\"@id\":\"https:\\\/\\\/fundacioncajaruraldelsur.com\\\/presentacion-en-hueva-del-libro-voces-de-la-luz-de-fotografia-y-poesia-respaldado-por-caja-rural-del-sur\\\/\"},\"author\":{\"name\":\"Comunicaci\u00f3n\",\"@id\":\"https:\\\/\\\/fundacioncajaruraldelsur.com\\\/#\\\/schema\\\/person\\\/f430da9fb783d505ff061ad8b3d44577\"},\"headline\":\"Presentaci\u00f3n en Hueva del libro \u201cVoces de la luz\u201d de fotograf\u00eda y poes\u00eda respaldado por Caja Rural del Sur\",\"datePublished\":\"2026-03-24T19:48:03+00:00\",\"dateModified\":\"2026-03-24T19:48:50+00:00\",\"mainEntityOfPage\":{\"@id\":\"https:\\\/\\\/fundacioncajaruraldelsur.com\\\/presentacion-en-hueva-del-libro-voces-de-la-luz-de-fotografia-y-poesia-respaldado-por-caja-rural-del-sur\\\/\"},\"wordCount\":551,\"image\":{\"@id\":\"https:\\\/\\\/fundacioncajaruraldelsur.com\\\/presentacion-en-hueva-del-libro-voces-de-la-luz-de-fotografia-y-poesia-respaldado-por-caja-rural-del-sur\\\/#primaryimage\"},\"thumbnailUrl\":\"https:\\\/\\\/fundacioncajaruraldelsur.com\\\/wp-content\\\/uploads\\\/2026\\\/03\\\/2026032410214249785.webp\",\"articleSection\":[\"Sin categor\u00eda\"],\"inLanguage\":\"pt-PT\"},{\"@type\":\"WebPage\",\"@id\":\"https:\\\/\\\/fundacioncajaruraldelsur.com\\\/presentacion-en-hueva-del-libro-voces-de-la-luz-de-fotografia-y-poesia-respaldado-por-caja-rural-del-sur\\\/\",\"url\":\"https:\\\/\\\/fundacioncajaruraldelsur.com\\\/presentacion-en-hueva-del-libro-voces-de-la-luz-de-fotografia-y-poesia-respaldado-por-caja-rural-del-sur\\\/\",\"name\":\"Presentaci\u00f3n en Hueva del libro \u201cVoces de la luz\u201d de fotograf\u00eda y poes\u00eda respaldado por Caja Rural del Sur - Fundaci\u00f3n Caja Rural del Sur\",\"isPartOf\":{\"@id\":\"https:\\\/\\\/fundacioncajaruraldelsur.com\\\/#website\"},\"primaryImageOfPage\":{\"@id\":\"https:\\\/\\\/fundacioncajaruraldelsur.com\\\/presentacion-en-hueva-del-libro-voces-de-la-luz-de-fotografia-y-poesia-respaldado-por-caja-rural-del-sur\\\/#primaryimage\"},\"image\":{\"@id\":\"https:\\\/\\\/fundacioncajaruraldelsur.com\\\/presentacion-en-hueva-del-libro-voces-de-la-luz-de-fotografia-y-poesia-respaldado-por-caja-rural-del-sur\\\/#primaryimage\"},\"thumbnailUrl\":\"https:\\\/\\\/fundacioncajaruraldelsur.com\\\/wp-content\\\/uploads\\\/2026\\\/03\\\/2026032410214249785.webp\",\"datePublished\":\"2026-03-24T19:48:03+00:00\",\"dateModified\":\"2026-03-24T19:48:50+00:00\",\"author\":{\"@id\":\"https:\\\/\\\/fundacioncajaruraldelsur.com\\\/#\\\/schema\\\/person\\\/f430da9fb783d505ff061ad8b3d44577\"},\"breadcrumb\":{\"@id\":\"https:\\\/\\\/fundacioncajaruraldelsur.com\\\/presentacion-en-hueva-del-libro-voces-de-la-luz-de-fotografia-y-poesia-respaldado-por-caja-rural-del-sur\\\/#breadcrumb\"},\"inLanguage\":\"pt-PT\",\"potentialAction\":[{\"@type\":\"ReadAction\",\"target\":[\"https:\\\/\\\/fundacioncajaruraldelsur.com\\\/presentacion-en-hueva-del-libro-voces-de-la-luz-de-fotografia-y-poesia-respaldado-por-caja-rural-del-sur\\\/\"]}]},{\"@type\":\"ImageObject\",\"inLanguage\":\"pt-PT\",\"@id\":\"https:\\\/\\\/fundacioncajaruraldelsur.com\\\/presentacion-en-hueva-del-libro-voces-de-la-luz-de-fotografia-y-poesia-respaldado-por-caja-rural-del-sur\\\/#primaryimage\",\"url\":\"https:\\\/\\\/fundacioncajaruraldelsur.com\\\/wp-content\\\/uploads\\\/2026\\\/03\\\/2026032410214249785.webp\",\"contentUrl\":\"https:\\\/\\\/fundacioncajaruraldelsur.com\\\/wp-content\\\/uploads\\\/2026\\\/03\\\/2026032410214249785.webp\",\"width\":960,\"height\":720},{\"@type\":\"BreadcrumbList\",\"@id\":\"https:\\\/\\\/fundacioncajaruraldelsur.com\\\/presentacion-en-hueva-del-libro-voces-de-la-luz-de-fotografia-y-poesia-respaldado-por-caja-rural-del-sur\\\/#breadcrumb\",\"itemListElement\":[{\"@type\":\"ListItem\",\"position\":1,\"name\":\"Portada\",\"item\":\"https:\\\/\\\/fundacioncajaruraldelsur.com\\\/\"},{\"@type\":\"ListItem\",\"position\":2,\"name\":\"Presentaci\u00f3n en Hueva del libro \u201cVoces de la luz\u201d de fotograf\u00eda y poes\u00eda respaldado por Caja Rural del Sur\"}]},{\"@type\":\"WebSite\",\"@id\":\"https:\\\/\\\/fundacioncajaruraldelsur.com\\\/#website\",\"url\":\"https:\\\/\\\/fundacioncajaruraldelsur.com\\\/\",\"name\":\"Fundaci\u00f3n Caja Rural del Sur\",\"description\":\"\",\"potentialAction\":[{\"@type\":\"SearchAction\",\"target\":{\"@type\":\"EntryPoint\",\"urlTemplate\":\"https:\\\/\\\/fundacioncajaruraldelsur.com\\\/?s={search_term_string}\"},\"query-input\":{\"@type\":\"PropertyValueSpecification\",\"valueRequired\":true,\"valueName\":\"search_term_string\"}}],\"inLanguage\":\"pt-PT\"},{\"@type\":\"Person\",\"@id\":\"https:\\\/\\\/fundacioncajaruraldelsur.com\\\/#\\\/schema\\\/person\\\/f430da9fb783d505ff061ad8b3d44577\",\"name\":\"Comunicaci\u00f3n\",\"image\":{\"@type\":\"ImageObject\",\"inLanguage\":\"pt-PT\",\"@id\":\"https:\\\/\\\/secure.gravatar.com\\\/avatar\\\/0dca239875993680bac4603ad2de7942da018f52cc3a244578e0b3b09314a8d8?s=96&d=blank&r=g\",\"url\":\"https:\\\/\\\/secure.gravatar.com\\\/avatar\\\/0dca239875993680bac4603ad2de7942da018f52cc3a244578e0b3b09314a8d8?s=96&d=blank&r=g\",\"contentUrl\":\"https:\\\/\\\/secure.gravatar.com\\\/avatar\\\/0dca239875993680bac4603ad2de7942da018f52cc3a244578e0b3b09314a8d8?s=96&d=blank&r=g\",\"caption\":\"Comunicaci\u00f3n\"}}]}<\/script>\n<!-- \/ Yoast SEO plugin. -->","yoast_head_json":{"title":"Presentaci\u00f3n en Hueva del libro \u201cVoces de la luz\u201d de fotograf\u00eda y poes\u00eda respaldado por Caja Rural del Sur - Fundaci\u00f3n Caja Rural del Sur","robots":{"index":"index","follow":"follow","max-snippet":"max-snippet:-1","max-image-preview":"max-image-preview:large","max-video-preview":"max-video-preview:-1"},"canonical":"https:\/\/fundacioncajaruraldelsur.com\/pt\/presentacion-en-hueva-del-libro-voces-de-la-luz-de-fotografia-y-poesia-respaldado-por-caja-rural-del-sur\/","og_locale":"pt_PT","og_type":"article","og_title":"Presentaci\u00f3n en Hueva del libro \u201cVoces de la luz\u201d de fotograf\u00eda y poes\u00eda respaldado por Caja Rural del Sur - Fundaci\u00f3n Caja Rural del Sur","og_description":"La Asociaci\u00f3n Cultural\u00a0Poetas por la Paz\u00a0ha presentado el libro\u00a0Voces de la Luz, una obra colectiva que fusiona fotograf\u00eda y poes\u00eda en una propuesta art\u00edstica que invita a la reflexi\u00f3n, la [&hellip;]","og_url":"https:\/\/fundacioncajaruraldelsur.com\/pt\/presentacion-en-hueva-del-libro-voces-de-la-luz-de-fotografia-y-poesia-respaldado-por-caja-rural-del-sur\/","og_site_name":"Fundaci\u00f3n Caja Rural del Sur","article_published_time":"2026-03-24T19:48:03+00:00","article_modified_time":"2026-03-24T19:48:50+00:00","og_image":[{"width":960,"height":720,"url":"https:\/\/fundacioncajaruraldelsur.com\/wp-content\/uploads\/2026\/03\/2026032410214249785.webp","type":"image\/webp"}],"author":"Comunicaci\u00f3n","twitter_card":"summary_large_image","twitter_misc":{"Written by":"Comunicaci\u00f3n","Est. reading time":"3 minutes"},"schema":{"@context":"https:\/\/schema.org","@graph":[{"@type":"Article","@id":"https:\/\/fundacioncajaruraldelsur.com\/presentacion-en-hueva-del-libro-voces-de-la-luz-de-fotografia-y-poesia-respaldado-por-caja-rural-del-sur\/#article","isPartOf":{"@id":"https:\/\/fundacioncajaruraldelsur.com\/presentacion-en-hueva-del-libro-voces-de-la-luz-de-fotografia-y-poesia-respaldado-por-caja-rural-del-sur\/"},"author":{"name":"Comunicaci\u00f3n","@id":"https:\/\/fundacioncajaruraldelsur.com\/#\/schema\/person\/f430da9fb783d505ff061ad8b3d44577"},"headline":"Presentaci\u00f3n en Hueva del libro \u201cVoces de la luz\u201d de fotograf\u00eda y poes\u00eda respaldado por Caja Rural del Sur","datePublished":"2026-03-24T19:48:03+00:00","dateModified":"2026-03-24T19:48:50+00:00","mainEntityOfPage":{"@id":"https:\/\/fundacioncajaruraldelsur.com\/presentacion-en-hueva-del-libro-voces-de-la-luz-de-fotografia-y-poesia-respaldado-por-caja-rural-del-sur\/"},"wordCount":551,"image":{"@id":"https:\/\/fundacioncajaruraldelsur.com\/presentacion-en-hueva-del-libro-voces-de-la-luz-de-fotografia-y-poesia-respaldado-por-caja-rural-del-sur\/#primaryimage"},"thumbnailUrl":"https:\/\/fundacioncajaruraldelsur.com\/wp-content\/uploads\/2026\/03\/2026032410214249785.webp","articleSection":["Sin categor\u00eda"],"inLanguage":"pt-PT"},{"@type":"WebPage","@id":"https:\/\/fundacioncajaruraldelsur.com\/presentacion-en-hueva-del-libro-voces-de-la-luz-de-fotografia-y-poesia-respaldado-por-caja-rural-del-sur\/","url":"https:\/\/fundacioncajaruraldelsur.com\/presentacion-en-hueva-del-libro-voces-de-la-luz-de-fotografia-y-poesia-respaldado-por-caja-rural-del-sur\/","name":"Presentaci\u00f3n en Hueva del libro \u201cVoces de la luz\u201d de fotograf\u00eda y poes\u00eda respaldado por Caja Rural del Sur - Fundaci\u00f3n Caja Rural del Sur","isPartOf":{"@id":"https:\/\/fundacioncajaruraldelsur.com\/#website"},"primaryImageOfPage":{"@id":"https:\/\/fundacioncajaruraldelsur.com\/presentacion-en-hueva-del-libro-voces-de-la-luz-de-fotografia-y-poesia-respaldado-por-caja-rural-del-sur\/#primaryimage"},"image":{"@id":"https:\/\/fundacioncajaruraldelsur.com\/presentacion-en-hueva-del-libro-voces-de-la-luz-de-fotografia-y-poesia-respaldado-por-caja-rural-del-sur\/#primaryimage"},"thumbnailUrl":"https:\/\/fundacioncajaruraldelsur.com\/wp-content\/uploads\/2026\/03\/2026032410214249785.webp","datePublished":"2026-03-24T19:48:03+00:00","dateModified":"2026-03-24T19:48:50+00:00","author":{"@id":"https:\/\/fundacioncajaruraldelsur.com\/#\/schema\/person\/f430da9fb783d505ff061ad8b3d44577"},"breadcrumb":{"@id":"https:\/\/fundacioncajaruraldelsur.com\/presentacion-en-hueva-del-libro-voces-de-la-luz-de-fotografia-y-poesia-respaldado-por-caja-rural-del-sur\/#breadcrumb"},"inLanguage":"pt-PT","potentialAction":[{"@type":"ReadAction","target":["https:\/\/fundacioncajaruraldelsur.com\/presentacion-en-hueva-del-libro-voces-de-la-luz-de-fotografia-y-poesia-respaldado-por-caja-rural-del-sur\/"]}]},{"@type":"ImageObject","inLanguage":"pt-PT","@id":"https:\/\/fundacioncajaruraldelsur.com\/presentacion-en-hueva-del-libro-voces-de-la-luz-de-fotografia-y-poesia-respaldado-por-caja-rural-del-sur\/#primaryimage","url":"https:\/\/fundacioncajaruraldelsur.com\/wp-content\/uploads\/2026\/03\/2026032410214249785.webp","contentUrl":"https:\/\/fundacioncajaruraldelsur.com\/wp-content\/uploads\/2026\/03\/2026032410214249785.webp","width":960,"height":720},{"@type":"BreadcrumbList","@id":"https:\/\/fundacioncajaruraldelsur.com\/presentacion-en-hueva-del-libro-voces-de-la-luz-de-fotografia-y-poesia-respaldado-por-caja-rural-del-sur\/#breadcrumb","itemListElement":[{"@type":"ListItem","position":1,"name":"Portada","item":"https:\/\/fundacioncajaruraldelsur.com\/"},{"@type":"ListItem","position":2,"name":"Presentaci\u00f3n en Hueva del libro \u201cVoces de la luz\u201d de fotograf\u00eda y poes\u00eda respaldado por Caja Rural del Sur"}]},{"@type":"WebSite","@id":"https:\/\/fundacioncajaruraldelsur.com\/#website","url":"https:\/\/fundacioncajaruraldelsur.com\/","name":"Funda\u00e7\u00e3o Caja Rural del Sur","description":"","potentialAction":[{"@type":"SearchAction","target":{"@type":"EntryPoint","urlTemplate":"https:\/\/fundacioncajaruraldelsur.com\/?s={search_term_string}"},"query-input":{"@type":"PropertyValueSpecification","valueRequired":true,"valueName":"search_term_string"}}],"inLanguage":"pt-PT"},{"@type":"Person","@id":"https:\/\/fundacioncajaruraldelsur.com\/#\/schema\/person\/f430da9fb783d505ff061ad8b3d44577","name":"Comunicaci\u00f3n","image":{"@type":"ImageObject","inLanguage":"pt-PT","@id":"https:\/\/secure.gravatar.com\/avatar\/0dca239875993680bac4603ad2de7942da018f52cc3a244578e0b3b09314a8d8?s=96&d=blank&r=g","url":"https:\/\/secure.gravatar.com\/avatar\/0dca239875993680bac4603ad2de7942da018f52cc3a244578e0b3b09314a8d8?s=96&d=blank&r=g","contentUrl":"https:\/\/secure.gravatar.com\/avatar\/0dca239875993680bac4603ad2de7942da018f52cc3a244578e0b3b09314a8d8?s=96&d=blank&r=g","caption":"Comunicaci\u00f3n"}}]}},"rttpg_featured_image_url":{"full":["https:\/\/fundacioncajaruraldelsur.com\/wp-content\/uploads\/2026\/03\/2026032410214249785.webp",960,720,false],"landscape":["https:\/\/fundacioncajaruraldelsur.com\/wp-content\/uploads\/2026\/03\/2026032410214249785.webp",960,720,false],"portraits":["https:\/\/fundacioncajaruraldelsur.com\/wp-content\/uploads\/2026\/03\/2026032410214249785.webp",960,720,false],"thumbnail":["https:\/\/fundacioncajaruraldelsur.com\/wp-content\/uploads\/2026\/03\/2026032410214249785-150x150.webp",150,150,true],"medium":["https:\/\/fundacioncajaruraldelsur.com\/wp-content\/uploads\/2026\/03\/2026032410214249785-300x225.webp",300,225,true],"large":["https:\/\/fundacioncajaruraldelsur.com\/wp-content\/uploads\/2026\/03\/2026032410214249785.webp",960,720,false],"1536x1536":["https:\/\/fundacioncajaruraldelsur.com\/wp-content\/uploads\/2026\/03\/2026032410214249785.webp",960,720,false],"2048x2048":["https:\/\/fundacioncajaruraldelsur.com\/wp-content\/uploads\/2026\/03\/2026032410214249785.webp",960,720,false],"trp-custom-language-flag":["https:\/\/fundacioncajaruraldelsur.com\/wp-content\/uploads\/2026\/03\/2026032410214249785-16x12.webp",16,12,true],"blog-thumbnail":["https:\/\/fundacioncajaruraldelsur.com\/wp-content\/uploads\/2026\/03\/2026032410214249785-400x200.webp",400,200,true]},"rttpg_author":{"display_name":"Comunicaci\u00f3n","author_link":"https:\/\/fundacioncajaruraldelsur.com\/pt\/author\/sevillaadmin\/"},"rttpg_comment":0,"rttpg_category":"<a href=\"https:\/\/fundacioncajaruraldelsur.com\/pt\/category\/sin-categoria\/\" rel=\"category tag\">Sin categor\u00eda<\/a>","rttpg_excerpt":"La Asociaci\u00f3n Cultural\u00a0Poetas por la Paz\u00a0ha presentado el libro\u00a0Voces de la Luz, una obra colectiva que fusiona fotograf\u00eda y poes\u00eda en una propuesta art\u00edstica que invita a la reflexi\u00f3n, la [&hellip;]","_links":{"self":[{"href":"https:\/\/fundacioncajaruraldelsur.com\/pt\/wp-json\/wp\/v2\/posts\/12630","targetHints":{"allow":["GET"]}}],"collection":[{"href":"https:\/\/fundacioncajaruraldelsur.com\/pt\/wp-json\/wp\/v2\/posts"}],"about":[{"href":"https:\/\/fundacioncajaruraldelsur.com\/pt\/wp-json\/wp\/v2\/types\/post"}],"author":[{"embeddable":true,"href":"https:\/\/fundacioncajaruraldelsur.com\/pt\/wp-json\/wp\/v2\/users\/6"}],"replies":[{"embeddable":true,"href":"https:\/\/fundacioncajaruraldelsur.com\/pt\/wp-json\/wp\/v2\/comments?post=12630"}],"version-history":[{"count":1,"href":"https:\/\/fundacioncajaruraldelsur.com\/pt\/wp-json\/wp\/v2\/posts\/12630\/revisions"}],"predecessor-version":[{"id":12631,"href":"https:\/\/fundacioncajaruraldelsur.com\/pt\/wp-json\/wp\/v2\/posts\/12630\/revisions\/12631"}],"wp:featuredmedia":[{"embeddable":true,"href":"https:\/\/fundacioncajaruraldelsur.com\/pt\/wp-json\/wp\/v2\/media\/12632"}],"wp:attachment":[{"href":"https:\/\/fundacioncajaruraldelsur.com\/pt\/wp-json\/wp\/v2\/media?parent=12630"}],"wp:term":[{"taxonomy":"category","embeddable":true,"href":"https:\/\/fundacioncajaruraldelsur.com\/pt\/wp-json\/wp\/v2\/categories?post=12630"},{"taxonomy":"post_tag","embeddable":true,"href":"https:\/\/fundacioncajaruraldelsur.com\/pt\/wp-json\/wp\/v2\/tags?post=12630"}],"curies":[{"name":"wp","href":"https:\/\/api.w.org\/{rel}","templated":true}]}}