{"id":12617,"date":"2026-03-24T09:22:39","date_gmt":"2026-03-24T08:22:39","guid":{"rendered":"https:\/\/fundacioncajaruraldelsur.com\/?p=12617"},"modified":"2026-03-24T12:10:01","modified_gmt":"2026-03-24T11:10:01","slug":"la-fundacion-caja-rural-del-sur-premia-a-los-mejores-expedientes-de-la-universidad-de-cordoba","status":"publish","type":"post","link":"https:\/\/fundacioncajaruraldelsur.com\/pt\/la-fundacion-caja-rural-del-sur-premia-a-los-mejores-expedientes-de-la-universidad-de-cordoba\/","title":{"rendered":"La Fundaci\u00f3n Caja Rural del Sur premia a los mejores expedientes de la Universidad de C\u00f3rdoba"},"content":{"rendered":"<p class=\"v-d-p\">A\u00a0<strong>Funda\u00e7\u00e3o Caja Rural\u00a0<\/strong>del\u00a0<strong>Sur\u00a0<\/strong>ha entregado este lunes sus\u00a0<strong>premios\u00a0<\/strong>al\u00a0<strong>mejor expediente\u00a0<\/strong>de grado de cada centro de la Universidad de C\u00f3rdoba (<strong>UCO<\/strong>), que este a\u00f1o alcanzan su octava edici\u00f3n. El acto ha tenido lugar en la Sala Mud\u00e9jar del Rectorado\u00a0<span class=\"paywall pw-open\">y ha estado <strong>presidido por el rector de esta instituci\u00f3n acad\u00e9mica, Manuel Torralbo; el vicepresidente de Caja Rural del Sur, Ricardo L\u00f3pez-Crespo, y el director de la\u00a0Fundaci\u00f3n\u00a0de esta entidad financiera, Emilio Ponce.<\/strong><\/span><\/p>\n<div class=\"paywall\">\n<p class=\"v-d-p\"><strong>Mar\u00eda Blanca\u00a0<\/strong>del\u00a0<strong>Valle Fern\u00e1ndez<\/strong>, de la Facultad de Derecho y Ciencias Econ\u00f3micas y Empresariales ha obtenido la mejor puntuaci\u00f3n de todos los candidatos presentados al Premio Ricardo L\u00f3pez Crespo al Mejor Expediente de Grado que convoca anualmente la\u00a0Fundaci\u00f3n Caja Rural del Sur. \u00c9ste es el\u00a0<strong>m\u00e1ximo reconocimiento\u00a0<\/strong>de estos galardones.<\/p>\n<p class=\"v-d-p\">As\u00ed lo ha decidido el\u00a0<strong>jurado\u00a0<\/strong>constituido para valorar tambi\u00e9n los Mejores Expedientes de cada Grado que se han presentado a optar a estos galardones, que este a\u00f1o ha contado con una elevada participaci\u00f3n.<\/p>\n<div class=\"paywall\">\n<p class=\"v-d-p\">El citado jurado, formado por Jes\u00fas Manuel Dorado Mart\u00edn, Ignacio Garc\u00eda Aguilar, Mar\u00eda del Carmen Jim\u00e9nez Salcedo, Mar\u00eda del Pilar Dorado P\u00e9rez, Alfonso Mart\u00ednez Galisteo, Rafael Rubio Ruiz y Mar\u00eda Dolores Moreno Guerrero, ha analizado la documentaci\u00f3n de las\u00a0<strong>95 candidaturas\u00a0<\/strong>aceptadas finalmente de las 103 candidaturas en total recibidas. Las ocho excluidas correspondieron a que no cumpl\u00edan los requisitos de las bases de la convocatoria. Y ha decidido por unanimidad los mejores expedientes de cada grado.<\/p>\n<div class=\"v-c-cmp\">\n<div class=\"v-cmp-u\">\n<div class=\"v-d-p\"><strong>Ganadores<\/strong><\/div>\n<ul class=\"v-u v-u--t2\" data-mrf-recirculation=\"\u00daltimas noticias\">\n<li class=\"v-u__l\">\n<div class=\"v-d-p\"><strong>Facultad de Ciencias de la Educaci\u00f3n<\/strong>\u00a0: Isabel Campos L\u00f3pez; finalista: Carmen Garc\u00eda-Junco Ord\u00f3\u00f1ez<\/div>\n<\/li>\n<li class=\"v-u__l\">\n<div class=\"v-d-p\"><strong>Facultad de Ciencias del Trabajo<\/strong>\u00a0: Victoria Pastor Fern\u00e1ndez; finalista: Lavinia Elena Gheorghe<\/div>\n<\/li>\n<li class=\"v-u__l\">\n<div class=\"v-d-p\"><strong>Facultad de Filosof\u00eda y Letras<\/strong>\u00a0: Mar\u00eda L\u00f3pez Est\u00e9vez; finalista: Natalia Baena Franco<\/div>\n<\/li>\n<li class=\"v-u__l\">\n<div class=\"v-d-p\"><strong>Escuela T\u00e9cnica Superior de Ingenier\u00eda Agron\u00f3mica y de Montes<\/strong>\u00a0: Alejandra L\u00f3pez P\u00e9rez; finalista: Manuel Roca Jurado<\/div>\n<\/li>\n<li class=\"v-u__l\">\n<div class=\"v-d-p\"><strong>Escuela Polit\u00e9cnica de Belmez<\/strong>\u00a0: Carlos Sierra Gos\u00e1lbez; finalista: Laura Yassyra Aguilar Rivanedeyra<\/div>\n<\/li>\n<li class=\"v-u__l\">\n<div class=\"v-d-p\"><strong>Escuela Polit\u00e9cnica Superior<\/strong>\u00a0: Ana L\u00f3pez Alcaide; finalista: Rafael Parejo Torres<\/div>\n<\/li>\n<li class=\"v-u__l\">\n<div class=\"v-d-p\"><strong>Facultad de Medicina y Enfermer\u00eda<\/strong>\u00a0: Mar\u00eda del Carmen Toledano de Miguel; finalista: desierto<\/div>\n<\/li>\n<li class=\"v-u__l\">\n<div class=\"v-d-p\"><strong>Facultad de Veterinaria<\/strong>\u00a0: Jos\u00e9 Barrera Giraldo; finalista: Gea S\u00e1nchez Cantero<\/div>\n<\/li>\n<li class=\"v-u__l\">\n<div class=\"v-d-p\"><strong>Facultad de Ciencias<\/strong>\u00a0: Marina Berbel D\u00edaz; finalista: Pedro Herrero Maldonado<\/div>\n<\/li>\n<li class=\"v-u__l\">\n<div class=\"v-d-p\"><strong>Facultad de Derecho y Ciencias Econ\u00f3micas y Empresariales<\/strong>\u00a0: Mar\u00eda Blanca del Valle Fern\u00e1ndez obtiene la mejor puntuaci\u00f3n de todos los candidatos presentados por lo que no obtendr\u00e1 el galard\u00f3n correspondiente a su centro sino el XV Premio Ricardo L\u00f3pez Crespo al Mejor Expediente de Grado de la Universidad de C\u00f3rdoba. Finalista: Laura Ortega P\u00e9rez.<\/div>\n<\/li>\n<\/ul>\n<\/div>\n<\/div>\n<p class=\"v-d-p\">Por centro se distribu\u00edan estos\u00a0<strong>aspirantes\u00a0<\/strong>de la siguiente forma: 63 de la Facultad de Ciencias, 4 de Ciencias de la Educaci\u00f3n y Psicolog\u00eda, 5 de Ciencias del Trabajo, 6 de Derecho y Ciencias Econ\u00f3micas y Empresariales, 4 de la Escuela Polit\u00e9cnica Superior de C\u00f3rdoba, 3 de la Escuela Polit\u00e9cnica Superior de Belmez, 2 de la Etsiam, 10 de Filosof\u00eda y Letras, 2 de Medicina y Enfermer\u00eda, 3 correspondiente a Veterinaria y una sin indicar centro.<\/p>\n<p><a href=\"https:\/\/fundacioncajaruraldelsur.com\/wp-content\/uploads\/2026\/03\/a270a1ef-1dd4-4131-be78-5acf45e751c2.jpg\" rel=\"lightbox-0\"><img loading=\"lazy\" decoding=\"async\" class=\"alignnone wp-image-12620 size-full\" src=\"https:\/\/fundacioncajaruraldelsur.com\/wp-content\/uploads\/2026\/03\/a270a1ef-1dd4-4131-be78-5acf45e751c2.jpg\" alt=\"\" width=\"1920\" height=\"1280\" srcset=\"https:\/\/fundacioncajaruraldelsur.com\/wp-content\/uploads\/2026\/03\/a270a1ef-1dd4-4131-be78-5acf45e751c2.jpg 1920w, https:\/\/fundacioncajaruraldelsur.com\/wp-content\/uploads\/2026\/03\/a270a1ef-1dd4-4131-be78-5acf45e751c2-300x200.jpg 300w, https:\/\/fundacioncajaruraldelsur.com\/wp-content\/uploads\/2026\/03\/a270a1ef-1dd4-4131-be78-5acf45e751c2-1024x683.jpg 1024w, https:\/\/fundacioncajaruraldelsur.com\/wp-content\/uploads\/2026\/03\/a270a1ef-1dd4-4131-be78-5acf45e751c2-768x512.jpg 768w, https:\/\/fundacioncajaruraldelsur.com\/wp-content\/uploads\/2026\/03\/a270a1ef-1dd4-4131-be78-5acf45e751c2-1536x1024.jpg 1536w, https:\/\/fundacioncajaruraldelsur.com\/wp-content\/uploads\/2026\/03\/a270a1ef-1dd4-4131-be78-5acf45e751c2-18x12.jpg 18w\" sizes=\"auto, (max-width: 1920px) 100vw, 1920px\" \/><\/a> <a href=\"https:\/\/fundacioncajaruraldelsur.com\/wp-content\/uploads\/2026\/03\/b8bf01df-06bb-40af-8b9a-41e94e8a7c5a.jpg\" rel=\"lightbox-1\"><img loading=\"lazy\" decoding=\"async\" class=\"alignnone wp-image-12621 size-full\" src=\"https:\/\/fundacioncajaruraldelsur.com\/wp-content\/uploads\/2026\/03\/b8bf01df-06bb-40af-8b9a-41e94e8a7c5a.jpg\" alt=\"\" width=\"1920\" height=\"1280\" srcset=\"https:\/\/fundacioncajaruraldelsur.com\/wp-content\/uploads\/2026\/03\/b8bf01df-06bb-40af-8b9a-41e94e8a7c5a.jpg 1920w, https:\/\/fundacioncajaruraldelsur.com\/wp-content\/uploads\/2026\/03\/b8bf01df-06bb-40af-8b9a-41e94e8a7c5a-300x200.jpg 300w, https:\/\/fundacioncajaruraldelsur.com\/wp-content\/uploads\/2026\/03\/b8bf01df-06bb-40af-8b9a-41e94e8a7c5a-1024x683.jpg 1024w, https:\/\/fundacioncajaruraldelsur.com\/wp-content\/uploads\/2026\/03\/b8bf01df-06bb-40af-8b9a-41e94e8a7c5a-768x512.jpg 768w, https:\/\/fundacioncajaruraldelsur.com\/wp-content\/uploads\/2026\/03\/b8bf01df-06bb-40af-8b9a-41e94e8a7c5a-1536x1024.jpg 1536w, https:\/\/fundacioncajaruraldelsur.com\/wp-content\/uploads\/2026\/03\/b8bf01df-06bb-40af-8b9a-41e94e8a7c5a-18x12.jpg 18w\" sizes=\"auto, (max-width: 1920px) 100vw, 1920px\" \/><\/a> <a href=\"https:\/\/fundacioncajaruraldelsur.com\/wp-content\/uploads\/2026\/03\/ed83cc39-9266-4a13-ab69-6f78957ebec8.jpg\" rel=\"lightbox-2\"><img loading=\"lazy\" decoding=\"async\" class=\"alignnone wp-image-12622 size-full\" src=\"https:\/\/fundacioncajaruraldelsur.com\/wp-content\/uploads\/2026\/03\/ed83cc39-9266-4a13-ab69-6f78957ebec8.jpg\" alt=\"\" width=\"1920\" height=\"1280\" srcset=\"https:\/\/fundacioncajaruraldelsur.com\/wp-content\/uploads\/2026\/03\/ed83cc39-9266-4a13-ab69-6f78957ebec8.jpg 1920w, https:\/\/fundacioncajaruraldelsur.com\/wp-content\/uploads\/2026\/03\/ed83cc39-9266-4a13-ab69-6f78957ebec8-300x200.jpg 300w, https:\/\/fundacioncajaruraldelsur.com\/wp-content\/uploads\/2026\/03\/ed83cc39-9266-4a13-ab69-6f78957ebec8-1024x683.jpg 1024w, https:\/\/fundacioncajaruraldelsur.com\/wp-content\/uploads\/2026\/03\/ed83cc39-9266-4a13-ab69-6f78957ebec8-768x512.jpg 768w, https:\/\/fundacioncajaruraldelsur.com\/wp-content\/uploads\/2026\/03\/ed83cc39-9266-4a13-ab69-6f78957ebec8-1536x1024.jpg 1536w, https:\/\/fundacioncajaruraldelsur.com\/wp-content\/uploads\/2026\/03\/ed83cc39-9266-4a13-ab69-6f78957ebec8-18x12.jpg 18w\" sizes=\"auto, (max-width: 1920px) 100vw, 1920px\" \/><\/a><\/p>\n<\/div>\n<div class=\"v-d-n\">\n<div class=\"v-d-n__c\">\n<div class=\"v-d-n__w v-d-n__w--1\">\n<div class=\"v-tpc\" data-voc-component=\"topics\" data-mrf-recirculation=\"Topics\">\n<div class=\"v-tpc__n\">\n<p>&nbsp;<\/p>\n<\/div>\n<\/div>\n<\/div>\n<\/div>\n<\/div>\n<\/div>","protected":false},"excerpt":{"rendered":"<p>La\u00a0Fundaci\u00f3n Caja Rural\u00a0del\u00a0Sur\u00a0ha entregado este lunes sus\u00a0premios\u00a0al\u00a0mejor expediente\u00a0de grado de cada centro de la Universidad de C\u00f3rdoba (UCO), que este a\u00f1o alcanzan su octava edici\u00f3n. El acto ha tenido lugar [&hellip;]<\/p>\n","protected":false},"author":6,"featured_media":12618,"comment_status":"closed","ping_status":"closed","sticky":false,"template":"","format":"standard","meta":{"footnotes":""},"categories":[64],"tags":[],"class_list":["post-12617","post","type-post","status-publish","format-standard","has-post-thumbnail","hentry","category-premios"],"yoast_head":"<!-- This site is optimized with the Yoast SEO plugin v27.3 - https:\/\/yoast.com\/product\/yoast-seo-wordpress\/ -->\n<title>La Fundaci\u00f3n Caja Rural del Sur premia a los mejores expedientes de la Universidad de C\u00f3rdoba - Fundaci\u00f3n Caja Rural del Sur<\/title>\n<meta name=\"robots\" content=\"index, follow, max-snippet:-1, max-image-preview:large, max-video-preview:-1\" \/>\n<link rel=\"canonical\" href=\"https:\/\/fundacioncajaruraldelsur.com\/pt\/la-fundacion-caja-rural-del-sur-premia-a-los-mejores-expedientes-de-la-universidad-de-cordoba\/\" \/>\n<meta property=\"og:locale\" content=\"pt_PT\" \/>\n<meta property=\"og:type\" content=\"article\" \/>\n<meta property=\"og:title\" content=\"La Fundaci\u00f3n Caja Rural del Sur premia a los mejores expedientes de la Universidad de C\u00f3rdoba - Fundaci\u00f3n Caja Rural del Sur\" \/>\n<meta property=\"og:description\" content=\"La\u00a0Fundaci\u00f3n Caja Rural\u00a0del\u00a0Sur\u00a0ha entregado este lunes sus\u00a0premios\u00a0al\u00a0mejor expediente\u00a0de grado de cada centro de la Universidad de C\u00f3rdoba (UCO), que este a\u00f1o alcanzan su octava edici\u00f3n. El acto ha tenido lugar [&hellip;]\" \/>\n<meta property=\"og:url\" content=\"https:\/\/fundacioncajaruraldelsur.com\/pt\/la-fundacion-caja-rural-del-sur-premia-a-los-mejores-expedientes-de-la-universidad-de-cordoba\/\" \/>\n<meta property=\"og:site_name\" content=\"Fundaci\u00f3n Caja Rural del Sur\" \/>\n<meta property=\"article:published_time\" content=\"2026-03-24T08:22:39+00:00\" \/>\n<meta property=\"article:modified_time\" content=\"2026-03-24T11:10:01+00:00\" \/>\n<meta property=\"og:image\" content=\"https:\/\/fundacioncajaruraldelsur.com\/wp-content\/uploads\/2026\/03\/UCO.jpg\" \/>\n\t<meta property=\"og:image:width\" content=\"758\" \/>\n\t<meta property=\"og:image:height\" content=\"531\" \/>\n\t<meta property=\"og:image:type\" content=\"image\/jpeg\" \/>\n<meta name=\"author\" content=\"Comunicaci\u00f3n\" \/>\n<meta name=\"twitter:card\" content=\"summary_large_image\" \/>\n<meta name=\"twitter:label1\" content=\"Written by\" \/>\n\t<meta name=\"twitter:data1\" content=\"Comunicaci\u00f3n\" \/>\n\t<meta name=\"twitter:label2\" content=\"Est. reading time\" \/>\n\t<meta name=\"twitter:data2\" content=\"4 minutes\" \/>\n<script type=\"application\/ld+json\" class=\"yoast-schema-graph\">{\"@context\":\"https:\\\/\\\/schema.org\",\"@graph\":[{\"@type\":\"Article\",\"@id\":\"https:\\\/\\\/fundacioncajaruraldelsur.com\\\/la-fundacion-caja-rural-del-sur-premia-a-los-mejores-expedientes-de-la-universidad-de-cordoba\\\/#article\",\"isPartOf\":{\"@id\":\"https:\\\/\\\/fundacioncajaruraldelsur.com\\\/la-fundacion-caja-rural-del-sur-premia-a-los-mejores-expedientes-de-la-universidad-de-cordoba\\\/\"},\"author\":{\"name\":\"Comunicaci\u00f3n\",\"@id\":\"https:\\\/\\\/fundacioncajaruraldelsur.com\\\/#\\\/schema\\\/person\\\/f430da9fb783d505ff061ad8b3d44577\"},\"headline\":\"La Fundaci\u00f3n Caja Rural del Sur premia a los mejores expedientes de la Universidad de C\u00f3rdoba\",\"datePublished\":\"2026-03-24T08:22:39+00:00\",\"dateModified\":\"2026-03-24T11:10:01+00:00\",\"mainEntityOfPage\":{\"@id\":\"https:\\\/\\\/fundacioncajaruraldelsur.com\\\/la-fundacion-caja-rural-del-sur-premia-a-los-mejores-expedientes-de-la-universidad-de-cordoba\\\/\"},\"wordCount\":556,\"image\":{\"@id\":\"https:\\\/\\\/fundacioncajaruraldelsur.com\\\/la-fundacion-caja-rural-del-sur-premia-a-los-mejores-expedientes-de-la-universidad-de-cordoba\\\/#primaryimage\"},\"thumbnailUrl\":\"https:\\\/\\\/fundacioncajaruraldelsur.com\\\/wp-content\\\/uploads\\\/2026\\\/03\\\/UCO.jpg\",\"articleSection\":[\"Premios\"],\"inLanguage\":\"pt-PT\"},{\"@type\":\"WebPage\",\"@id\":\"https:\\\/\\\/fundacioncajaruraldelsur.com\\\/la-fundacion-caja-rural-del-sur-premia-a-los-mejores-expedientes-de-la-universidad-de-cordoba\\\/\",\"url\":\"https:\\\/\\\/fundacioncajaruraldelsur.com\\\/la-fundacion-caja-rural-del-sur-premia-a-los-mejores-expedientes-de-la-universidad-de-cordoba\\\/\",\"name\":\"La Fundaci\u00f3n Caja Rural del Sur premia a los mejores expedientes de la Universidad de C\u00f3rdoba - Fundaci\u00f3n Caja Rural del Sur\",\"isPartOf\":{\"@id\":\"https:\\\/\\\/fundacioncajaruraldelsur.com\\\/#website\"},\"primaryImageOfPage\":{\"@id\":\"https:\\\/\\\/fundacioncajaruraldelsur.com\\\/la-fundacion-caja-rural-del-sur-premia-a-los-mejores-expedientes-de-la-universidad-de-cordoba\\\/#primaryimage\"},\"image\":{\"@id\":\"https:\\\/\\\/fundacioncajaruraldelsur.com\\\/la-fundacion-caja-rural-del-sur-premia-a-los-mejores-expedientes-de-la-universidad-de-cordoba\\\/#primaryimage\"},\"thumbnailUrl\":\"https:\\\/\\\/fundacioncajaruraldelsur.com\\\/wp-content\\\/uploads\\\/2026\\\/03\\\/UCO.jpg\",\"datePublished\":\"2026-03-24T08:22:39+00:00\",\"dateModified\":\"2026-03-24T11:10:01+00:00\",\"author\":{\"@id\":\"https:\\\/\\\/fundacioncajaruraldelsur.com\\\/#\\\/schema\\\/person\\\/f430da9fb783d505ff061ad8b3d44577\"},\"breadcrumb\":{\"@id\":\"https:\\\/\\\/fundacioncajaruraldelsur.com\\\/la-fundacion-caja-rural-del-sur-premia-a-los-mejores-expedientes-de-la-universidad-de-cordoba\\\/#breadcrumb\"},\"inLanguage\":\"pt-PT\",\"potentialAction\":[{\"@type\":\"ReadAction\",\"target\":[\"https:\\\/\\\/fundacioncajaruraldelsur.com\\\/la-fundacion-caja-rural-del-sur-premia-a-los-mejores-expedientes-de-la-universidad-de-cordoba\\\/\"]}]},{\"@type\":\"ImageObject\",\"inLanguage\":\"pt-PT\",\"@id\":\"https:\\\/\\\/fundacioncajaruraldelsur.com\\\/la-fundacion-caja-rural-del-sur-premia-a-los-mejores-expedientes-de-la-universidad-de-cordoba\\\/#primaryimage\",\"url\":\"https:\\\/\\\/fundacioncajaruraldelsur.com\\\/wp-content\\\/uploads\\\/2026\\\/03\\\/UCO.jpg\",\"contentUrl\":\"https:\\\/\\\/fundacioncajaruraldelsur.com\\\/wp-content\\\/uploads\\\/2026\\\/03\\\/UCO.jpg\",\"width\":758,\"height\":531},{\"@type\":\"BreadcrumbList\",\"@id\":\"https:\\\/\\\/fundacioncajaruraldelsur.com\\\/la-fundacion-caja-rural-del-sur-premia-a-los-mejores-expedientes-de-la-universidad-de-cordoba\\\/#breadcrumb\",\"itemListElement\":[{\"@type\":\"ListItem\",\"position\":1,\"name\":\"Portada\",\"item\":\"https:\\\/\\\/fundacioncajaruraldelsur.com\\\/\"},{\"@type\":\"ListItem\",\"position\":2,\"name\":\"La Fundaci\u00f3n Caja Rural del Sur premia a los mejores expedientes de la Universidad de C\u00f3rdoba\"}]},{\"@type\":\"WebSite\",\"@id\":\"https:\\\/\\\/fundacioncajaruraldelsur.com\\\/#website\",\"url\":\"https:\\\/\\\/fundacioncajaruraldelsur.com\\\/\",\"name\":\"Fundaci\u00f3n Caja Rural del Sur\",\"description\":\"\",\"potentialAction\":[{\"@type\":\"SearchAction\",\"target\":{\"@type\":\"EntryPoint\",\"urlTemplate\":\"https:\\\/\\\/fundacioncajaruraldelsur.com\\\/?s={search_term_string}\"},\"query-input\":{\"@type\":\"PropertyValueSpecification\",\"valueRequired\":true,\"valueName\":\"search_term_string\"}}],\"inLanguage\":\"pt-PT\"},{\"@type\":\"Person\",\"@id\":\"https:\\\/\\\/fundacioncajaruraldelsur.com\\\/#\\\/schema\\\/person\\\/f430da9fb783d505ff061ad8b3d44577\",\"name\":\"Comunicaci\u00f3n\",\"image\":{\"@type\":\"ImageObject\",\"inLanguage\":\"pt-PT\",\"@id\":\"https:\\\/\\\/secure.gravatar.com\\\/avatar\\\/0dca239875993680bac4603ad2de7942da018f52cc3a244578e0b3b09314a8d8?s=96&d=blank&r=g\",\"url\":\"https:\\\/\\\/secure.gravatar.com\\\/avatar\\\/0dca239875993680bac4603ad2de7942da018f52cc3a244578e0b3b09314a8d8?s=96&d=blank&r=g\",\"contentUrl\":\"https:\\\/\\\/secure.gravatar.com\\\/avatar\\\/0dca239875993680bac4603ad2de7942da018f52cc3a244578e0b3b09314a8d8?s=96&d=blank&r=g\",\"caption\":\"Comunicaci\u00f3n\"}}]}<\/script>\n<!-- \/ Yoast SEO plugin. -->","yoast_head_json":{"title":"La Fundaci\u00f3n Caja Rural del Sur premia a los mejores expedientes de la Universidad de C\u00f3rdoba - Fundaci\u00f3n Caja Rural del Sur","robots":{"index":"index","follow":"follow","max-snippet":"max-snippet:-1","max-image-preview":"max-image-preview:large","max-video-preview":"max-video-preview:-1"},"canonical":"https:\/\/fundacioncajaruraldelsur.com\/pt\/la-fundacion-caja-rural-del-sur-premia-a-los-mejores-expedientes-de-la-universidad-de-cordoba\/","og_locale":"pt_PT","og_type":"article","og_title":"La Fundaci\u00f3n Caja Rural del Sur premia a los mejores expedientes de la Universidad de C\u00f3rdoba - Fundaci\u00f3n Caja Rural del Sur","og_description":"La\u00a0Fundaci\u00f3n Caja Rural\u00a0del\u00a0Sur\u00a0ha entregado este lunes sus\u00a0premios\u00a0al\u00a0mejor expediente\u00a0de grado de cada centro de la Universidad de C\u00f3rdoba (UCO), que este a\u00f1o alcanzan su octava edici\u00f3n. El acto ha tenido lugar [&hellip;]","og_url":"https:\/\/fundacioncajaruraldelsur.com\/pt\/la-fundacion-caja-rural-del-sur-premia-a-los-mejores-expedientes-de-la-universidad-de-cordoba\/","og_site_name":"Fundaci\u00f3n Caja Rural del Sur","article_published_time":"2026-03-24T08:22:39+00:00","article_modified_time":"2026-03-24T11:10:01+00:00","og_image":[{"width":758,"height":531,"url":"https:\/\/fundacioncajaruraldelsur.com\/wp-content\/uploads\/2026\/03\/UCO.jpg","type":"image\/jpeg"}],"author":"Comunicaci\u00f3n","twitter_card":"summary_large_image","twitter_misc":{"Written by":"Comunicaci\u00f3n","Est. reading time":"4 minutes"},"schema":{"@context":"https:\/\/schema.org","@graph":[{"@type":"Article","@id":"https:\/\/fundacioncajaruraldelsur.com\/la-fundacion-caja-rural-del-sur-premia-a-los-mejores-expedientes-de-la-universidad-de-cordoba\/#article","isPartOf":{"@id":"https:\/\/fundacioncajaruraldelsur.com\/la-fundacion-caja-rural-del-sur-premia-a-los-mejores-expedientes-de-la-universidad-de-cordoba\/"},"author":{"name":"Comunicaci\u00f3n","@id":"https:\/\/fundacioncajaruraldelsur.com\/#\/schema\/person\/f430da9fb783d505ff061ad8b3d44577"},"headline":"La Fundaci\u00f3n Caja Rural del Sur premia a los mejores expedientes de la Universidad de C\u00f3rdoba","datePublished":"2026-03-24T08:22:39+00:00","dateModified":"2026-03-24T11:10:01+00:00","mainEntityOfPage":{"@id":"https:\/\/fundacioncajaruraldelsur.com\/la-fundacion-caja-rural-del-sur-premia-a-los-mejores-expedientes-de-la-universidad-de-cordoba\/"},"wordCount":556,"image":{"@id":"https:\/\/fundacioncajaruraldelsur.com\/la-fundacion-caja-rural-del-sur-premia-a-los-mejores-expedientes-de-la-universidad-de-cordoba\/#primaryimage"},"thumbnailUrl":"https:\/\/fundacioncajaruraldelsur.com\/wp-content\/uploads\/2026\/03\/UCO.jpg","articleSection":["Premios"],"inLanguage":"pt-PT"},{"@type":"WebPage","@id":"https:\/\/fundacioncajaruraldelsur.com\/la-fundacion-caja-rural-del-sur-premia-a-los-mejores-expedientes-de-la-universidad-de-cordoba\/","url":"https:\/\/fundacioncajaruraldelsur.com\/la-fundacion-caja-rural-del-sur-premia-a-los-mejores-expedientes-de-la-universidad-de-cordoba\/","name":"La Fundaci\u00f3n Caja Rural del Sur premia a los mejores expedientes de la Universidad de C\u00f3rdoba - Fundaci\u00f3n Caja Rural del Sur","isPartOf":{"@id":"https:\/\/fundacioncajaruraldelsur.com\/#website"},"primaryImageOfPage":{"@id":"https:\/\/fundacioncajaruraldelsur.com\/la-fundacion-caja-rural-del-sur-premia-a-los-mejores-expedientes-de-la-universidad-de-cordoba\/#primaryimage"},"image":{"@id":"https:\/\/fundacioncajaruraldelsur.com\/la-fundacion-caja-rural-del-sur-premia-a-los-mejores-expedientes-de-la-universidad-de-cordoba\/#primaryimage"},"thumbnailUrl":"https:\/\/fundacioncajaruraldelsur.com\/wp-content\/uploads\/2026\/03\/UCO.jpg","datePublished":"2026-03-24T08:22:39+00:00","dateModified":"2026-03-24T11:10:01+00:00","author":{"@id":"https:\/\/fundacioncajaruraldelsur.com\/#\/schema\/person\/f430da9fb783d505ff061ad8b3d44577"},"breadcrumb":{"@id":"https:\/\/fundacioncajaruraldelsur.com\/la-fundacion-caja-rural-del-sur-premia-a-los-mejores-expedientes-de-la-universidad-de-cordoba\/#breadcrumb"},"inLanguage":"pt-PT","potentialAction":[{"@type":"ReadAction","target":["https:\/\/fundacioncajaruraldelsur.com\/la-fundacion-caja-rural-del-sur-premia-a-los-mejores-expedientes-de-la-universidad-de-cordoba\/"]}]},{"@type":"ImageObject","inLanguage":"pt-PT","@id":"https:\/\/fundacioncajaruraldelsur.com\/la-fundacion-caja-rural-del-sur-premia-a-los-mejores-expedientes-de-la-universidad-de-cordoba\/#primaryimage","url":"https:\/\/fundacioncajaruraldelsur.com\/wp-content\/uploads\/2026\/03\/UCO.jpg","contentUrl":"https:\/\/fundacioncajaruraldelsur.com\/wp-content\/uploads\/2026\/03\/UCO.jpg","width":758,"height":531},{"@type":"BreadcrumbList","@id":"https:\/\/fundacioncajaruraldelsur.com\/la-fundacion-caja-rural-del-sur-premia-a-los-mejores-expedientes-de-la-universidad-de-cordoba\/#breadcrumb","itemListElement":[{"@type":"ListItem","position":1,"name":"Portada","item":"https:\/\/fundacioncajaruraldelsur.com\/"},{"@type":"ListItem","position":2,"name":"La Fundaci\u00f3n Caja Rural del Sur premia a los mejores expedientes de la Universidad de C\u00f3rdoba"}]},{"@type":"WebSite","@id":"https:\/\/fundacioncajaruraldelsur.com\/#website","url":"https:\/\/fundacioncajaruraldelsur.com\/","name":"Funda\u00e7\u00e3o Caja Rural del Sur","description":"","potentialAction":[{"@type":"SearchAction","target":{"@type":"EntryPoint","urlTemplate":"https:\/\/fundacioncajaruraldelsur.com\/?s={search_term_string}"},"query-input":{"@type":"PropertyValueSpecification","valueRequired":true,"valueName":"search_term_string"}}],"inLanguage":"pt-PT"},{"@type":"Person","@id":"https:\/\/fundacioncajaruraldelsur.com\/#\/schema\/person\/f430da9fb783d505ff061ad8b3d44577","name":"Comunicaci\u00f3n","image":{"@type":"ImageObject","inLanguage":"pt-PT","@id":"https:\/\/secure.gravatar.com\/avatar\/0dca239875993680bac4603ad2de7942da018f52cc3a244578e0b3b09314a8d8?s=96&d=blank&r=g","url":"https:\/\/secure.gravatar.com\/avatar\/0dca239875993680bac4603ad2de7942da018f52cc3a244578e0b3b09314a8d8?s=96&d=blank&r=g","contentUrl":"https:\/\/secure.gravatar.com\/avatar\/0dca239875993680bac4603ad2de7942da018f52cc3a244578e0b3b09314a8d8?s=96&d=blank&r=g","caption":"Comunicaci\u00f3n"}}]}},"rttpg_featured_image_url":{"full":["https:\/\/fundacioncajaruraldelsur.com\/wp-content\/uploads\/2026\/03\/UCO.jpg",758,531,false],"landscape":["https:\/\/fundacioncajaruraldelsur.com\/wp-content\/uploads\/2026\/03\/UCO.jpg",758,531,false],"portraits":["https:\/\/fundacioncajaruraldelsur.com\/wp-content\/uploads\/2026\/03\/UCO.jpg",758,531,false],"thumbnail":["https:\/\/fundacioncajaruraldelsur.com\/wp-content\/uploads\/2026\/03\/UCO-150x150.jpg",150,150,true],"medium":["https:\/\/fundacioncajaruraldelsur.com\/wp-content\/uploads\/2026\/03\/UCO-300x210.jpg",300,210,true],"large":["https:\/\/fundacioncajaruraldelsur.com\/wp-content\/uploads\/2026\/03\/UCO.jpg",758,531,false],"1536x1536":["https:\/\/fundacioncajaruraldelsur.com\/wp-content\/uploads\/2026\/03\/UCO.jpg",758,531,false],"2048x2048":["https:\/\/fundacioncajaruraldelsur.com\/wp-content\/uploads\/2026\/03\/UCO.jpg",758,531,false],"trp-custom-language-flag":["https:\/\/fundacioncajaruraldelsur.com\/wp-content\/uploads\/2026\/03\/UCO-18x12.jpg",18,12,true],"blog-thumbnail":["https:\/\/fundacioncajaruraldelsur.com\/wp-content\/uploads\/2026\/03\/UCO-400x200.jpg",400,200,true]},"rttpg_author":{"display_name":"Comunicaci\u00f3n","author_link":"https:\/\/fundacioncajaruraldelsur.com\/pt\/author\/sevillaadmin\/"},"rttpg_comment":0,"rttpg_category":"<a href=\"https:\/\/fundacioncajaruraldelsur.com\/pt\/category\/premios\/\" rel=\"category tag\">Premios<\/a>","rttpg_excerpt":"La\u00a0Fundaci\u00f3n Caja Rural\u00a0del\u00a0Sur\u00a0ha entregado este lunes sus\u00a0premios\u00a0al\u00a0mejor expediente\u00a0de grado de cada centro de la Universidad de C\u00f3rdoba (UCO), que este a\u00f1o alcanzan su octava edici\u00f3n. El acto ha tenido lugar [&hellip;]","_links":{"self":[{"href":"https:\/\/fundacioncajaruraldelsur.com\/pt\/wp-json\/wp\/v2\/posts\/12617","targetHints":{"allow":["GET"]}}],"collection":[{"href":"https:\/\/fundacioncajaruraldelsur.com\/pt\/wp-json\/wp\/v2\/posts"}],"about":[{"href":"https:\/\/fundacioncajaruraldelsur.com\/pt\/wp-json\/wp\/v2\/types\/post"}],"author":[{"embeddable":true,"href":"https:\/\/fundacioncajaruraldelsur.com\/pt\/wp-json\/wp\/v2\/users\/6"}],"replies":[{"embeddable":true,"href":"https:\/\/fundacioncajaruraldelsur.com\/pt\/wp-json\/wp\/v2\/comments?post=12617"}],"version-history":[{"count":2,"href":"https:\/\/fundacioncajaruraldelsur.com\/pt\/wp-json\/wp\/v2\/posts\/12617\/revisions"}],"predecessor-version":[{"id":12623,"href":"https:\/\/fundacioncajaruraldelsur.com\/pt\/wp-json\/wp\/v2\/posts\/12617\/revisions\/12623"}],"wp:featuredmedia":[{"embeddable":true,"href":"https:\/\/fundacioncajaruraldelsur.com\/pt\/wp-json\/wp\/v2\/media\/12618"}],"wp:attachment":[{"href":"https:\/\/fundacioncajaruraldelsur.com\/pt\/wp-json\/wp\/v2\/media?parent=12617"}],"wp:term":[{"taxonomy":"category","embeddable":true,"href":"https:\/\/fundacioncajaruraldelsur.com\/pt\/wp-json\/wp\/v2\/categories?post=12617"},{"taxonomy":"post_tag","embeddable":true,"href":"https:\/\/fundacioncajaruraldelsur.com\/pt\/wp-json\/wp\/v2\/tags?post=12617"}],"curies":[{"name":"wp","href":"https:\/\/api.w.org\/{rel}","templated":true}]}}