{"id":12614,"date":"2026-03-24T09:16:33","date_gmt":"2026-03-24T08:16:33","guid":{"rendered":"https:\/\/fundacioncajaruraldelsur.com\/?p=12614"},"modified":"2026-03-24T09:19:09","modified_gmt":"2026-03-24T08:19:09","slug":"el-iii-premio-paco-robles-de-abc-se-celebra-en-la-fundacion-caja-rural-de-sevilla","status":"publish","type":"post","link":"https:\/\/fundacioncajaruraldelsur.com\/pt\/el-iii-premio-paco-robles-de-abc-se-celebra-en-la-fundacion-caja-rural-de-sevilla\/","title":{"rendered":"El III premio Paco Robles de ABC se celebra en la Fundaci\u00f3n Caja Rural de Sevilla"},"content":{"rendered":"<p class=\"v-d-p\">La presentaci\u00f3n de la revista<strong>\u00a0&#8216;Pasi\u00f3n en Sevilla&#8217;<\/strong> se ha celebrado este lunes, 23 de marzo, en la Fundaci\u00f3n Caja Rural del Sur. Durante el acto se hizo entrega del <strong>tercer premio &#8216;Paco Robles&#8217; a Pepe Moreno, ex Hermano Mayor de la Hermandad de los Gitanos.<\/strong><\/p>\n<p class=\"v-d-p\">Un premio que lleva dos ediciones donde han sido premiados Manuel Villanueva en la \u00faltima, capataz hist\u00f3rico de la Semana Santa sevillana y primera edici\u00f3n edici\u00f3n recay\u00f3 en Antonio R\u00edos y Manolo Garc\u00eda, hermanos mayores del Gran Poder y la Macarena.<\/p>\n<div class=\"flex flex-col text-sm pb-25\">\n<section class=\"text-token-text-primary w-full focus:outline-none [--shadow-height:45px] has-data-writing-block:pointer-events-none has-data-writing-block:-mt-(--shadow-height) has-data-writing-block:pt-(--shadow-height) [&amp;:has([data-writing-block])&gt;*]:pointer-events-auto scroll-mt-[calc(var(--header-height)+min(200px,max(70px,20svh)))]\" dir=\"auto\" data-turn-id=\"request-WEB:f4c57567-5270-477e-a1e2-b7c527bab012-0\" data-testid=\"conversation-turn-2\" data-scroll-anchor=\"true\" data-turn=\"assistant\">\n<div class=\"text-base my-auto mx-auto pb-10 [--thread-content-margin:var(--thread-content-margin-xs,calc(var(--spacing)*4))] @w-sm\/main:[--thread-content-margin:var(--thread-content-margin-sm,calc(var(--spacing)*6))] @w-lg\/main:[--thread-content-margin:var(--thread-content-margin-lg,calc(var(--spacing)*16))] px-(--thread-content-margin)\">\n<div class=\"[--thread-content-max-width:40rem] @w-lg\/main:[--thread-content-max-width:48rem] mx-auto max-w-(--thread-content-max-width) flex-1 group\/turn-messages focus-visible:outline-hidden relative flex w-full min-w-0 flex-col agent-turn\">\n<div class=\"flex max-w-full flex-col gap-4 grow\">\n<div class=\"min-h-8 text-message relative flex w-full flex-col items-end gap-2 text-start break-words whitespace-normal outline-none keyboard-focused:focus-ring [.text-message+&amp;]:mt-1\" dir=\"auto\" tabindex=\"0\" data-message-author-role=\"assistant\" data-message-id=\"f326bce4-3251-4c77-a421-745651b3b172\" data-message-model-slug=\"gpt-5-3\" data-turn-start-message=\"true\">\n<div class=\"flex w-full flex-col gap-1 empty:hidden\">\n<div class=\"markdown prose dark:prose-invert w-full wrap-break-word light markdown-new-styling\">\n<p data-start=\"0\" data-end=\"467\">El cofrade <span class=\"hover:entity-accent entity-underline inline cursor-pointer align-baseline\"><span class=\"whitespace-normal\">Pepe Moreno<\/span><\/span> fue distinguido en un acto que tuvo lugar durante la presentaci\u00f3n del n\u00famero especial de la revista <em data-start=\"274\" data-end=\"293\">Pasi\u00f3n en Sevilla<\/em>, una publicaci\u00f3n que re\u00fane a 40 protagonistas del \u00e1mbito cofrade, desde figuras institucionales hasta participantes an\u00f3nimos que contribuyen a la diversidad de la tradici\u00f3n.<\/p>\n<p data-start=\"469\" data-end=\"1019\">La ceremonia, celebrada gracias a la Fundaci\u00f3n Caja Rural del Sur, cont\u00f3 con la participaci\u00f3n de diversas autoridades y representantes institucionales. El director de la revista, <span class=\"hover:entity-accent entity-underline inline cursor-pointer align-baseline\"><span class=\"whitespace-normal\">Javier Mac\u00edas<\/span><\/span>, condujo el evento, destacando el car\u00e1cter plural de la Semana Santa sevillana y el enfoque abierto de la publicaci\u00f3n. Durante su intervenci\u00f3n, evoc\u00f3 el reciente preg\u00f3n de <span class=\"hover:entity-accent entity-underline inline cursor-pointer align-baseline\"><span class=\"whitespace-normal\">Jos\u00e9 Antonio Rodr\u00edguez<\/span><\/span> y present\u00f3 los contenidos del n\u00famero, que combinan entrevistas breves con colaboraciones literarias y secciones habituales.<\/p>\n<p data-start=\"1021\" data-end=\"1360\">La portada de la revista est\u00e1 protagonizada por el Soberano Poder de la hermandad de San Gonzalo, bajo el t\u00edtulo \u201cEgo Sum\u201d, reflejando el esp\u00edritu participativo y poli\u00e9drico de la Semana Santa. Adem\u00e1s, se incluyeron aportaciones de diversos autores y colaboradores que analizan cada jornada de la celebraci\u00f3n desde diferentes perspectivas.<\/p>\n<p data-start=\"1362\" data-end=\"1706\">El momento m\u00e1s emotivo lleg\u00f3 con la entrega del galard\u00f3n. <span class=\"hover:entity-accent entity-underline inline cursor-pointer align-baseline\"><span class=\"whitespace-normal\">Paco Robles<\/span><\/span>, creador del premio, elogi\u00f3 la trayectoria de Moreno, resaltando su compromiso con la hermandad de los Gitanos y su profunda devoci\u00f3n. En su discurso, evoc\u00f3 art\u00edculos y vivencias compartidas, subrayando valores como la fe, la humildad y la entrega.<\/p>\n<p data-start=\"1708\" data-end=\"2009\">Por su parte, Pepe Moreno ofreci\u00f3 una intervenci\u00f3n cercana y cargada de humor, en la que agradeci\u00f3 el reconocimiento y record\u00f3 a personas clave en su vida. Reivindic\u00f3 el papel del hermano mayor como servidor de la hermandad y no como figura de poder, dejando una de las frases m\u00e1s destacadas del acto.<\/p>\n<p data-start=\"2011\" data-end=\"2300\" data-is-last-node=\"\" data-is-only-node=\"\">El cierre corri\u00f3 a cargo de <span class=\"hover:entity-accent entity-underline inline cursor-pointer align-baseline\"><span class=\"whitespace-normal\">Alberto Garc\u00eda Reyes<\/span><\/span>, quien destac\u00f3 la autenticidad y sencillez del homenajeado, describi\u00e9ndolo como un pilar fundamental de la Semana Santa. El evento consolid\u00f3 as\u00ed el reconocimiento a una figura muy querida dentro del mundo cofrade sevillano.<\/p>\n<\/div>\n<\/div>\n<\/div>\n<\/div>\n<div class=\"z-0 flex min-h-[46px] justify-start\"><a href=\"https:\/\/www.abc.es\/sevilla\/pasionensevilla\/noticias-semana-santa-sevilla\/pepe-moreno-recibe-premio-paco-robles-abc-20260324121202-nts.html\">https:\/\/www.abc.es\/sevilla\/pasionensevilla\/noticias-semana-santa-sevilla\/pepe-moreno-recibe-premio-paco-robles-abc-20260324121202-nts.html\u00a0<\/a><\/div>\n<\/div>\n<\/div>\n<\/section>\n<\/div>\n","protected":false},"excerpt":{"rendered":"<p>La presentaci\u00f3n de la revista\u00a0&#8216;Pasi\u00f3n en Sevilla&#8217; se ha celebrado este lunes, 23 de marzo, en la Fundaci\u00f3n Caja Rural del Sur. Durante el acto se hizo entrega del tercer [&hellip;]<\/p>\n","protected":false},"author":6,"featured_media":12615,"comment_status":"closed","ping_status":"closed","sticky":false,"template":"","format":"standard","meta":{"footnotes":""},"categories":[64],"tags":[],"class_list":["post-12614","post","type-post","status-publish","format-standard","has-post-thumbnail","hentry","category-premios"],"yoast_head":"<!-- This site is optimized with the Yoast SEO plugin v27.3 - https:\/\/yoast.com\/product\/yoast-seo-wordpress\/ -->\n<title>El III premio Paco Robles de ABC se celebra en la Fundaci\u00f3n Caja Rural de Sevilla - Fundaci\u00f3n Caja Rural del Sur<\/title>\n<meta name=\"robots\" content=\"index, follow, max-snippet:-1, max-image-preview:large, max-video-preview:-1\" \/>\n<link rel=\"canonical\" href=\"https:\/\/fundacioncajaruraldelsur.com\/pt\/el-iii-premio-paco-robles-de-abc-se-celebra-en-la-fundacion-caja-rural-de-sevilla\/\" \/>\n<meta property=\"og:locale\" content=\"pt_PT\" \/>\n<meta property=\"og:type\" content=\"article\" \/>\n<meta property=\"og:title\" content=\"El III premio Paco Robles de ABC se celebra en la Fundaci\u00f3n Caja Rural de Sevilla - Fundaci\u00f3n Caja Rural del Sur\" \/>\n<meta property=\"og:description\" content=\"La presentaci\u00f3n de la revista\u00a0&#8216;Pasi\u00f3n en Sevilla&#8217; se ha celebrado este lunes, 23 de marzo, en la Fundaci\u00f3n Caja Rural del Sur. Durante el acto se hizo entrega del tercer [&hellip;]\" \/>\n<meta property=\"og:url\" content=\"https:\/\/fundacioncajaruraldelsur.com\/pt\/el-iii-premio-paco-robles-de-abc-se-celebra-en-la-fundacion-caja-rural-de-sevilla\/\" \/>\n<meta property=\"og:site_name\" content=\"Fundaci\u00f3n Caja Rural del Sur\" \/>\n<meta property=\"article:published_time\" content=\"2026-03-24T08:16:33+00:00\" \/>\n<meta property=\"article:modified_time\" content=\"2026-03-24T08:19:09+00:00\" \/>\n<meta property=\"og:image\" content=\"https:\/\/fundacioncajaruraldelsur.com\/wp-content\/uploads\/2026\/03\/paco-robles.jpg\" \/>\n\t<meta property=\"og:image:width\" content=\"1106\" \/>\n\t<meta property=\"og:image:height\" content=\"774\" \/>\n\t<meta property=\"og:image:type\" content=\"image\/jpeg\" \/>\n<meta name=\"author\" content=\"Comunicaci\u00f3n\" \/>\n<meta name=\"twitter:card\" content=\"summary_large_image\" \/>\n<meta name=\"twitter:label1\" content=\"Written by\" \/>\n\t<meta name=\"twitter:data1\" content=\"Comunicaci\u00f3n\" \/>\n\t<meta name=\"twitter:label2\" content=\"Est. reading time\" \/>\n\t<meta name=\"twitter:data2\" content=\"3 minutes\" \/>\n<script type=\"application\/ld+json\" class=\"yoast-schema-graph\">{\"@context\":\"https:\\\/\\\/schema.org\",\"@graph\":[{\"@type\":\"Article\",\"@id\":\"https:\\\/\\\/fundacioncajaruraldelsur.com\\\/el-iii-premio-paco-robles-de-abc-se-celebra-en-la-fundacion-caja-rural-de-sevilla\\\/#article\",\"isPartOf\":{\"@id\":\"https:\\\/\\\/fundacioncajaruraldelsur.com\\\/el-iii-premio-paco-robles-de-abc-se-celebra-en-la-fundacion-caja-rural-de-sevilla\\\/\"},\"author\":{\"name\":\"Comunicaci\u00f3n\",\"@id\":\"https:\\\/\\\/fundacioncajaruraldelsur.com\\\/#\\\/schema\\\/person\\\/f430da9fb783d505ff061ad8b3d44577\"},\"headline\":\"El III premio Paco Robles de ABC se celebra en la Fundaci\u00f3n Caja Rural de Sevilla\",\"datePublished\":\"2026-03-24T08:16:33+00:00\",\"dateModified\":\"2026-03-24T08:19:09+00:00\",\"mainEntityOfPage\":{\"@id\":\"https:\\\/\\\/fundacioncajaruraldelsur.com\\\/el-iii-premio-paco-robles-de-abc-se-celebra-en-la-fundacion-caja-rural-de-sevilla\\\/\"},\"wordCount\":468,\"image\":{\"@id\":\"https:\\\/\\\/fundacioncajaruraldelsur.com\\\/el-iii-premio-paco-robles-de-abc-se-celebra-en-la-fundacion-caja-rural-de-sevilla\\\/#primaryimage\"},\"thumbnailUrl\":\"https:\\\/\\\/fundacioncajaruraldelsur.com\\\/wp-content\\\/uploads\\\/2026\\\/03\\\/paco-robles.jpg\",\"articleSection\":[\"Premios\"],\"inLanguage\":\"pt-PT\"},{\"@type\":\"WebPage\",\"@id\":\"https:\\\/\\\/fundacioncajaruraldelsur.com\\\/el-iii-premio-paco-robles-de-abc-se-celebra-en-la-fundacion-caja-rural-de-sevilla\\\/\",\"url\":\"https:\\\/\\\/fundacioncajaruraldelsur.com\\\/el-iii-premio-paco-robles-de-abc-se-celebra-en-la-fundacion-caja-rural-de-sevilla\\\/\",\"name\":\"El III premio Paco Robles de ABC se celebra en la Fundaci\u00f3n Caja Rural de Sevilla - Fundaci\u00f3n Caja Rural del Sur\",\"isPartOf\":{\"@id\":\"https:\\\/\\\/fundacioncajaruraldelsur.com\\\/#website\"},\"primaryImageOfPage\":{\"@id\":\"https:\\\/\\\/fundacioncajaruraldelsur.com\\\/el-iii-premio-paco-robles-de-abc-se-celebra-en-la-fundacion-caja-rural-de-sevilla\\\/#primaryimage\"},\"image\":{\"@id\":\"https:\\\/\\\/fundacioncajaruraldelsur.com\\\/el-iii-premio-paco-robles-de-abc-se-celebra-en-la-fundacion-caja-rural-de-sevilla\\\/#primaryimage\"},\"thumbnailUrl\":\"https:\\\/\\\/fundacioncajaruraldelsur.com\\\/wp-content\\\/uploads\\\/2026\\\/03\\\/paco-robles.jpg\",\"datePublished\":\"2026-03-24T08:16:33+00:00\",\"dateModified\":\"2026-03-24T08:19:09+00:00\",\"author\":{\"@id\":\"https:\\\/\\\/fundacioncajaruraldelsur.com\\\/#\\\/schema\\\/person\\\/f430da9fb783d505ff061ad8b3d44577\"},\"breadcrumb\":{\"@id\":\"https:\\\/\\\/fundacioncajaruraldelsur.com\\\/el-iii-premio-paco-robles-de-abc-se-celebra-en-la-fundacion-caja-rural-de-sevilla\\\/#breadcrumb\"},\"inLanguage\":\"pt-PT\",\"potentialAction\":[{\"@type\":\"ReadAction\",\"target\":[\"https:\\\/\\\/fundacioncajaruraldelsur.com\\\/el-iii-premio-paco-robles-de-abc-se-celebra-en-la-fundacion-caja-rural-de-sevilla\\\/\"]}]},{\"@type\":\"ImageObject\",\"inLanguage\":\"pt-PT\",\"@id\":\"https:\\\/\\\/fundacioncajaruraldelsur.com\\\/el-iii-premio-paco-robles-de-abc-se-celebra-en-la-fundacion-caja-rural-de-sevilla\\\/#primaryimage\",\"url\":\"https:\\\/\\\/fundacioncajaruraldelsur.com\\\/wp-content\\\/uploads\\\/2026\\\/03\\\/paco-robles.jpg\",\"contentUrl\":\"https:\\\/\\\/fundacioncajaruraldelsur.com\\\/wp-content\\\/uploads\\\/2026\\\/03\\\/paco-robles.jpg\",\"width\":1106,\"height\":774},{\"@type\":\"BreadcrumbList\",\"@id\":\"https:\\\/\\\/fundacioncajaruraldelsur.com\\\/el-iii-premio-paco-robles-de-abc-se-celebra-en-la-fundacion-caja-rural-de-sevilla\\\/#breadcrumb\",\"itemListElement\":[{\"@type\":\"ListItem\",\"position\":1,\"name\":\"Portada\",\"item\":\"https:\\\/\\\/fundacioncajaruraldelsur.com\\\/\"},{\"@type\":\"ListItem\",\"position\":2,\"name\":\"El III premio Paco Robles de ABC se celebra en la Fundaci\u00f3n Caja Rural de Sevilla\"}]},{\"@type\":\"WebSite\",\"@id\":\"https:\\\/\\\/fundacioncajaruraldelsur.com\\\/#website\",\"url\":\"https:\\\/\\\/fundacioncajaruraldelsur.com\\\/\",\"name\":\"Fundaci\u00f3n Caja Rural del Sur\",\"description\":\"\",\"potentialAction\":[{\"@type\":\"SearchAction\",\"target\":{\"@type\":\"EntryPoint\",\"urlTemplate\":\"https:\\\/\\\/fundacioncajaruraldelsur.com\\\/?s={search_term_string}\"},\"query-input\":{\"@type\":\"PropertyValueSpecification\",\"valueRequired\":true,\"valueName\":\"search_term_string\"}}],\"inLanguage\":\"pt-PT\"},{\"@type\":\"Person\",\"@id\":\"https:\\\/\\\/fundacioncajaruraldelsur.com\\\/#\\\/schema\\\/person\\\/f430da9fb783d505ff061ad8b3d44577\",\"name\":\"Comunicaci\u00f3n\",\"image\":{\"@type\":\"ImageObject\",\"inLanguage\":\"pt-PT\",\"@id\":\"https:\\\/\\\/secure.gravatar.com\\\/avatar\\\/0dca239875993680bac4603ad2de7942da018f52cc3a244578e0b3b09314a8d8?s=96&d=blank&r=g\",\"url\":\"https:\\\/\\\/secure.gravatar.com\\\/avatar\\\/0dca239875993680bac4603ad2de7942da018f52cc3a244578e0b3b09314a8d8?s=96&d=blank&r=g\",\"contentUrl\":\"https:\\\/\\\/secure.gravatar.com\\\/avatar\\\/0dca239875993680bac4603ad2de7942da018f52cc3a244578e0b3b09314a8d8?s=96&d=blank&r=g\",\"caption\":\"Comunicaci\u00f3n\"}}]}<\/script>\n<!-- \/ Yoast SEO plugin. -->","yoast_head_json":{"title":"El III premio Paco Robles de ABC se celebra en la Fundaci\u00f3n Caja Rural de Sevilla - Fundaci\u00f3n Caja Rural del Sur","robots":{"index":"index","follow":"follow","max-snippet":"max-snippet:-1","max-image-preview":"max-image-preview:large","max-video-preview":"max-video-preview:-1"},"canonical":"https:\/\/fundacioncajaruraldelsur.com\/pt\/el-iii-premio-paco-robles-de-abc-se-celebra-en-la-fundacion-caja-rural-de-sevilla\/","og_locale":"pt_PT","og_type":"article","og_title":"El III premio Paco Robles de ABC se celebra en la Fundaci\u00f3n Caja Rural de Sevilla - Fundaci\u00f3n Caja Rural del Sur","og_description":"La presentaci\u00f3n de la revista\u00a0&#8216;Pasi\u00f3n en Sevilla&#8217; se ha celebrado este lunes, 23 de marzo, en la Fundaci\u00f3n Caja Rural del Sur. Durante el acto se hizo entrega del tercer [&hellip;]","og_url":"https:\/\/fundacioncajaruraldelsur.com\/pt\/el-iii-premio-paco-robles-de-abc-se-celebra-en-la-fundacion-caja-rural-de-sevilla\/","og_site_name":"Fundaci\u00f3n Caja Rural del Sur","article_published_time":"2026-03-24T08:16:33+00:00","article_modified_time":"2026-03-24T08:19:09+00:00","og_image":[{"width":1106,"height":774,"url":"https:\/\/fundacioncajaruraldelsur.com\/wp-content\/uploads\/2026\/03\/paco-robles.jpg","type":"image\/jpeg"}],"author":"Comunicaci\u00f3n","twitter_card":"summary_large_image","twitter_misc":{"Written by":"Comunicaci\u00f3n","Est. reading time":"3 minutes"},"schema":{"@context":"https:\/\/schema.org","@graph":[{"@type":"Article","@id":"https:\/\/fundacioncajaruraldelsur.com\/el-iii-premio-paco-robles-de-abc-se-celebra-en-la-fundacion-caja-rural-de-sevilla\/#article","isPartOf":{"@id":"https:\/\/fundacioncajaruraldelsur.com\/el-iii-premio-paco-robles-de-abc-se-celebra-en-la-fundacion-caja-rural-de-sevilla\/"},"author":{"name":"Comunicaci\u00f3n","@id":"https:\/\/fundacioncajaruraldelsur.com\/#\/schema\/person\/f430da9fb783d505ff061ad8b3d44577"},"headline":"El III premio Paco Robles de ABC se celebra en la Fundaci\u00f3n Caja Rural de Sevilla","datePublished":"2026-03-24T08:16:33+00:00","dateModified":"2026-03-24T08:19:09+00:00","mainEntityOfPage":{"@id":"https:\/\/fundacioncajaruraldelsur.com\/el-iii-premio-paco-robles-de-abc-se-celebra-en-la-fundacion-caja-rural-de-sevilla\/"},"wordCount":468,"image":{"@id":"https:\/\/fundacioncajaruraldelsur.com\/el-iii-premio-paco-robles-de-abc-se-celebra-en-la-fundacion-caja-rural-de-sevilla\/#primaryimage"},"thumbnailUrl":"https:\/\/fundacioncajaruraldelsur.com\/wp-content\/uploads\/2026\/03\/paco-robles.jpg","articleSection":["Premios"],"inLanguage":"pt-PT"},{"@type":"WebPage","@id":"https:\/\/fundacioncajaruraldelsur.com\/el-iii-premio-paco-robles-de-abc-se-celebra-en-la-fundacion-caja-rural-de-sevilla\/","url":"https:\/\/fundacioncajaruraldelsur.com\/el-iii-premio-paco-robles-de-abc-se-celebra-en-la-fundacion-caja-rural-de-sevilla\/","name":"El III premio Paco Robles de ABC se celebra en la Fundaci\u00f3n Caja Rural de Sevilla - Fundaci\u00f3n Caja Rural del Sur","isPartOf":{"@id":"https:\/\/fundacioncajaruraldelsur.com\/#website"},"primaryImageOfPage":{"@id":"https:\/\/fundacioncajaruraldelsur.com\/el-iii-premio-paco-robles-de-abc-se-celebra-en-la-fundacion-caja-rural-de-sevilla\/#primaryimage"},"image":{"@id":"https:\/\/fundacioncajaruraldelsur.com\/el-iii-premio-paco-robles-de-abc-se-celebra-en-la-fundacion-caja-rural-de-sevilla\/#primaryimage"},"thumbnailUrl":"https:\/\/fundacioncajaruraldelsur.com\/wp-content\/uploads\/2026\/03\/paco-robles.jpg","datePublished":"2026-03-24T08:16:33+00:00","dateModified":"2026-03-24T08:19:09+00:00","author":{"@id":"https:\/\/fundacioncajaruraldelsur.com\/#\/schema\/person\/f430da9fb783d505ff061ad8b3d44577"},"breadcrumb":{"@id":"https:\/\/fundacioncajaruraldelsur.com\/el-iii-premio-paco-robles-de-abc-se-celebra-en-la-fundacion-caja-rural-de-sevilla\/#breadcrumb"},"inLanguage":"pt-PT","potentialAction":[{"@type":"ReadAction","target":["https:\/\/fundacioncajaruraldelsur.com\/el-iii-premio-paco-robles-de-abc-se-celebra-en-la-fundacion-caja-rural-de-sevilla\/"]}]},{"@type":"ImageObject","inLanguage":"pt-PT","@id":"https:\/\/fundacioncajaruraldelsur.com\/el-iii-premio-paco-robles-de-abc-se-celebra-en-la-fundacion-caja-rural-de-sevilla\/#primaryimage","url":"https:\/\/fundacioncajaruraldelsur.com\/wp-content\/uploads\/2026\/03\/paco-robles.jpg","contentUrl":"https:\/\/fundacioncajaruraldelsur.com\/wp-content\/uploads\/2026\/03\/paco-robles.jpg","width":1106,"height":774},{"@type":"BreadcrumbList","@id":"https:\/\/fundacioncajaruraldelsur.com\/el-iii-premio-paco-robles-de-abc-se-celebra-en-la-fundacion-caja-rural-de-sevilla\/#breadcrumb","itemListElement":[{"@type":"ListItem","position":1,"name":"Portada","item":"https:\/\/fundacioncajaruraldelsur.com\/"},{"@type":"ListItem","position":2,"name":"El III premio Paco Robles de ABC se celebra en la Fundaci\u00f3n Caja Rural de Sevilla"}]},{"@type":"WebSite","@id":"https:\/\/fundacioncajaruraldelsur.com\/#website","url":"https:\/\/fundacioncajaruraldelsur.com\/","name":"Funda\u00e7\u00e3o Caja Rural del Sur","description":"","potentialAction":[{"@type":"SearchAction","target":{"@type":"EntryPoint","urlTemplate":"https:\/\/fundacioncajaruraldelsur.com\/?s={search_term_string}"},"query-input":{"@type":"PropertyValueSpecification","valueRequired":true,"valueName":"search_term_string"}}],"inLanguage":"pt-PT"},{"@type":"Person","@id":"https:\/\/fundacioncajaruraldelsur.com\/#\/schema\/person\/f430da9fb783d505ff061ad8b3d44577","name":"Comunicaci\u00f3n","image":{"@type":"ImageObject","inLanguage":"pt-PT","@id":"https:\/\/secure.gravatar.com\/avatar\/0dca239875993680bac4603ad2de7942da018f52cc3a244578e0b3b09314a8d8?s=96&d=blank&r=g","url":"https:\/\/secure.gravatar.com\/avatar\/0dca239875993680bac4603ad2de7942da018f52cc3a244578e0b3b09314a8d8?s=96&d=blank&r=g","contentUrl":"https:\/\/secure.gravatar.com\/avatar\/0dca239875993680bac4603ad2de7942da018f52cc3a244578e0b3b09314a8d8?s=96&d=blank&r=g","caption":"Comunicaci\u00f3n"}}]}},"rttpg_featured_image_url":{"full":["https:\/\/fundacioncajaruraldelsur.com\/wp-content\/uploads\/2026\/03\/paco-robles.jpg",1106,774,false],"landscape":["https:\/\/fundacioncajaruraldelsur.com\/wp-content\/uploads\/2026\/03\/paco-robles.jpg",1106,774,false],"portraits":["https:\/\/fundacioncajaruraldelsur.com\/wp-content\/uploads\/2026\/03\/paco-robles.jpg",1106,774,false],"thumbnail":["https:\/\/fundacioncajaruraldelsur.com\/wp-content\/uploads\/2026\/03\/paco-robles-150x150.jpg",150,150,true],"medium":["https:\/\/fundacioncajaruraldelsur.com\/wp-content\/uploads\/2026\/03\/paco-robles-300x210.jpg",300,210,true],"large":["https:\/\/fundacioncajaruraldelsur.com\/wp-content\/uploads\/2026\/03\/paco-robles-1024x717.jpg",960,672,true],"1536x1536":["https:\/\/fundacioncajaruraldelsur.com\/wp-content\/uploads\/2026\/03\/paco-robles.jpg",1106,774,false],"2048x2048":["https:\/\/fundacioncajaruraldelsur.com\/wp-content\/uploads\/2026\/03\/paco-robles.jpg",1106,774,false],"trp-custom-language-flag":["https:\/\/fundacioncajaruraldelsur.com\/wp-content\/uploads\/2026\/03\/paco-robles-18x12.jpg",18,12,true],"blog-thumbnail":["https:\/\/fundacioncajaruraldelsur.com\/wp-content\/uploads\/2026\/03\/paco-robles-400x200.jpg",400,200,true]},"rttpg_author":{"display_name":"Comunicaci\u00f3n","author_link":"https:\/\/fundacioncajaruraldelsur.com\/pt\/author\/sevillaadmin\/"},"rttpg_comment":0,"rttpg_category":"<a href=\"https:\/\/fundacioncajaruraldelsur.com\/pt\/category\/premios\/\" rel=\"category tag\">Premios<\/a>","rttpg_excerpt":"La presentaci\u00f3n de la revista\u00a0&#8216;Pasi\u00f3n en Sevilla&#8217; se ha celebrado este lunes, 23 de marzo, en la Fundaci\u00f3n Caja Rural del Sur. Durante el acto se hizo entrega del tercer [&hellip;]","_links":{"self":[{"href":"https:\/\/fundacioncajaruraldelsur.com\/pt\/wp-json\/wp\/v2\/posts\/12614","targetHints":{"allow":["GET"]}}],"collection":[{"href":"https:\/\/fundacioncajaruraldelsur.com\/pt\/wp-json\/wp\/v2\/posts"}],"about":[{"href":"https:\/\/fundacioncajaruraldelsur.com\/pt\/wp-json\/wp\/v2\/types\/post"}],"author":[{"embeddable":true,"href":"https:\/\/fundacioncajaruraldelsur.com\/pt\/wp-json\/wp\/v2\/users\/6"}],"replies":[{"embeddable":true,"href":"https:\/\/fundacioncajaruraldelsur.com\/pt\/wp-json\/wp\/v2\/comments?post=12614"}],"version-history":[{"count":1,"href":"https:\/\/fundacioncajaruraldelsur.com\/pt\/wp-json\/wp\/v2\/posts\/12614\/revisions"}],"predecessor-version":[{"id":12616,"href":"https:\/\/fundacioncajaruraldelsur.com\/pt\/wp-json\/wp\/v2\/posts\/12614\/revisions\/12616"}],"wp:featuredmedia":[{"embeddable":true,"href":"https:\/\/fundacioncajaruraldelsur.com\/pt\/wp-json\/wp\/v2\/media\/12615"}],"wp:attachment":[{"href":"https:\/\/fundacioncajaruraldelsur.com\/pt\/wp-json\/wp\/v2\/media?parent=12614"}],"wp:term":[{"taxonomy":"category","embeddable":true,"href":"https:\/\/fundacioncajaruraldelsur.com\/pt\/wp-json\/wp\/v2\/categories?post=12614"},{"taxonomy":"post_tag","embeddable":true,"href":"https:\/\/fundacioncajaruraldelsur.com\/pt\/wp-json\/wp\/v2\/tags?post=12614"}],"curies":[{"name":"wp","href":"https:\/\/api.w.org\/{rel}","templated":true}]}}