{"id":12597,"date":"2026-03-20T12:54:59","date_gmt":"2026-03-20T11:54:59","guid":{"rendered":"https:\/\/fundacioncajaruraldelsur.com\/?p=12597"},"modified":"2026-03-20T13:13:04","modified_gmt":"2026-03-20T12:13:04","slug":"inaugurada-la-exposicion-por-casualidad-el-azar-como-arquitecto-invisible-de-felix-vazquez-en-la-fundacion-caja-rural-del-sur-de-sevilla","status":"publish","type":"post","link":"https:\/\/fundacioncajaruraldelsur.com\/pt\/inaugurada-la-exposicion-por-casualidad-el-azar-como-arquitecto-invisible-de-felix-vazquez-en-la-fundacion-caja-rural-del-sur-de-sevilla\/","title":{"rendered":"Inaugurada la exposici\u00f3n \u201cPor Casualidad: El azar como arquitecto invisible\u201d de F\u00e9lix V\u00e1zquez en la Fundaci\u00f3n Caja Rural del Sur de Sevilla"},"content":{"rendered":"<p>El Centro Cultural Jos\u00e9 Luis Garc\u00eda Palacios, de la Fundaci\u00f3n Caja Rural del Sur en Sevilla, ha inaugurado este jueves 19 de marzo la exposici\u00f3n \u201cPor Casualidad: El azar como arquitecto invisible\u201d, una propuesta art\u00edstica que explora los patrones invisibles y las paradojas visuales presentes en ciudades de todo el mundo.<\/p>\n<p>La muestra, obra del artista F\u00e9lix V\u00e1zquez, invita al espectador a adentrarse en un viaje visual por metr\u00f3polis tan diversas como Par\u00eds, S\u00eddney, Vancouver, Santiago de Chile o la cercana Jerez de la Frontera.<\/p>\n<p>El acto inaugural ha contado con la presencia del pintor Chema Rodr\u00edguez, asesor de la Fundaci\u00f3n Caja Rural del Sur quien present\u00f3 al autor de la exposici\u00f3n que se podr\u00e1 visitar en la sede de Sevilla de la entidad hasta el 17 de abril.<\/p>\n<p>Por Casualidad; El Azar como Arquitecto invisible , la obra m\u00e1s reciente del artista F\u00e9lix V\u00e1zquez, propone explorar el azar como fuerza que ordena la urbe. La colecci\u00f3n recorre ciudades tan diversas como Santiago de Chile, Monterrey, Quer\u00e9taro, S\u00eddney, Paris, NewYork, Vancouver o Jerez, no para describirlas, sino para revelar los patrones invisibles que emergen cuando la mirada se entrega a lo imprevisto.<\/p>\n<p>Cada imagen funciona como un punto de fricci\u00f3n entre lo planificado y lo fortuito. En estos territorios, la simetr\u00eda aparece sin haber sido buscada, las paradojas se manifiestan como gestos espont\u00e1neos y lo cotidiano se reconfigura en un lenguaje visual que desaf\u00eda la linealidad del relato urbano superponiendo capas.<\/p>\n<p>Las fotograf\u00edas no documentan: despliegan. No narran: insin\u00faan. No explican: abren posibilidades.<\/p>\n<p>El azar, entendido aqu\u00ed como un agente est\u00e9tico, opera como un sistema que reorganiza lo real. Las calles, los cuerpos, las sombras y los objetos se convierten en vectores de sentido que solo existen en el instante en que la c\u00e1mara los reconoce. Lo extraordinario no irrumpe; simplemente se revela cuando la atenci\u00f3n se afina.<\/p>\n<p>Esta exposici\u00f3n invita al espectador a suspender la expectativa y a habitar la imagen como quien atraviesa un umbral. Cada fotograf\u00eda es un acontecimiento: un espacio donde lo inesperado adquiere forma y donde la ciudad \u2014cualquier ciudad\u2014 se convierte en un laboratorio de coincidencias significativas.<\/p>\n<p><strong>F\u00e9lix V\u00e1zquez \u00b7 Biograf\u00eda<\/strong><\/p>\n<p>F\u00e9lix V\u00e1zquez se define, ante todo, como un creador. Su trabajo transita con naturalidad entre el documental, el videoarte, la fotograf\u00eda y el sonido, disciplinas que utiliza para explorar nuevas formas de mirar y escuchar el flamenco y la danza contempor\u00e1nea.<\/p>\n<p>Su particular visi\u00f3n est\u00e9tica lo ha llevado a exponer en ciudades\u00a0 como Nueva York, Ciudad de M\u00e9xico, Panam\u00e1, Par\u00eds o Berl\u00edn, adem\u00e1s de en numerosos espacios del territorio espa\u00f1ol. Entre sus colecciones fotogr\u00e1ficas destacan A m\u00ed la luz y El flamenco est\u00e1 en el aire, ambas presentadas en la Bienal de Arte Flamenco de 2010, as\u00ed como Objetos perdidos, una propuesta que reconfigura la urbe a trav\u00e9s de la paradoja visual.<\/p>\n<p>Como videoartista, desarrolla dos l\u00edneas principales: Colecci\u00f3n de retratos y El Mecanismo del K.O., proyectos en los que investiga el di\u00e1logo entre danza, cuerpo y flamenco.<\/p>\n<p>En el \u00e1mbito sonoro, F\u00e9lix V\u00e1zquez es un referente para diversas compa\u00f1\u00edas internacionales de flamenco, con una amplia trayectoria en grabaciones musicales y de conciertos. Entre sus trabajos m\u00e1s destacados se encuentran el DVD Real, de Miguel Poveda, y Sinergia, de Argentina, ambos nominados a los Latin Grammy Award.<\/p>\n<p>Asimismo, ha sido nominado a los Premios Forqu\u00e9 y a los Premios ASECAN a Mejor Sonido por el documental 13. Miguel Poveda.<\/p>\n<p>En la actualidad, gira con algunas de las compa\u00f1\u00edas de flamenco m\u00e1s relevantes del panorama internacional, entre ellas las de Israel Galv\u00e1n, Eduardo Guerrero, \u00darsula L\u00f3pez y Antonio Rey. Desde 2024 ejerce como director t\u00e9cnico de la Bienal de Flamenco de Sevilla, adem\u00e1s de colaborar en la direcci\u00f3n t\u00e9cnica de numerosos festivales de flamenco dentro y fuera de Espa\u00f1a.<\/p>\n<p>Tras colaborar con m\u00faltiples productoras y proyectos audiovisuales, hoy dirige BuenaSombraFilms, un espacio desde el que contin\u00faa alimentando su incesante necesidad de crear y experimentar.<\/p>\n<p><a href=\"https:\/\/fundacioncajaruraldelsur.com\/wp-content\/uploads\/2026\/03\/WhatsApp-Image-2026-03-20-at-12.55.32.jpeg\" rel=\"lightbox-0\"><img loading=\"lazy\" decoding=\"async\" class=\"alignnone wp-image-12605 size-full\" src=\"https:\/\/fundacioncajaruraldelsur.com\/wp-content\/uploads\/2026\/03\/WhatsApp-Image-2026-03-20-at-12.55.32.jpeg\" alt=\"\" width=\"1600\" height=\"1067\" srcset=\"https:\/\/fundacioncajaruraldelsur.com\/wp-content\/uploads\/2026\/03\/WhatsApp-Image-2026-03-20-at-12.55.32.jpeg 1600w, https:\/\/fundacioncajaruraldelsur.com\/wp-content\/uploads\/2026\/03\/WhatsApp-Image-2026-03-20-at-12.55.32-300x200.jpeg 300w, https:\/\/fundacioncajaruraldelsur.com\/wp-content\/uploads\/2026\/03\/WhatsApp-Image-2026-03-20-at-12.55.32-1024x683.jpeg 1024w, https:\/\/fundacioncajaruraldelsur.com\/wp-content\/uploads\/2026\/03\/WhatsApp-Image-2026-03-20-at-12.55.32-768x512.jpeg 768w, https:\/\/fundacioncajaruraldelsur.com\/wp-content\/uploads\/2026\/03\/WhatsApp-Image-2026-03-20-at-12.55.32-1536x1024.jpeg 1536w, https:\/\/fundacioncajaruraldelsur.com\/wp-content\/uploads\/2026\/03\/WhatsApp-Image-2026-03-20-at-12.55.32-18x12.jpeg 18w\" sizes=\"auto, (max-width: 1600px) 100vw, 1600px\" \/><\/a> <a href=\"https:\/\/fundacioncajaruraldelsur.com\/wp-content\/uploads\/2026\/03\/WhatsApp-Image-2026-03-20-at-12.55.32-1.jpeg\" rel=\"lightbox-1\"><img loading=\"lazy\" decoding=\"async\" class=\"alignnone wp-image-12606 size-full\" src=\"https:\/\/fundacioncajaruraldelsur.com\/wp-content\/uploads\/2026\/03\/WhatsApp-Image-2026-03-20-at-12.55.32-1.jpeg\" alt=\"\" width=\"1600\" height=\"1067\" srcset=\"https:\/\/fundacioncajaruraldelsur.com\/wp-content\/uploads\/2026\/03\/WhatsApp-Image-2026-03-20-at-12.55.32-1.jpeg 1600w, https:\/\/fundacioncajaruraldelsur.com\/wp-content\/uploads\/2026\/03\/WhatsApp-Image-2026-03-20-at-12.55.32-1-300x200.jpeg 300w, https:\/\/fundacioncajaruraldelsur.com\/wp-content\/uploads\/2026\/03\/WhatsApp-Image-2026-03-20-at-12.55.32-1-1024x683.jpeg 1024w, https:\/\/fundacioncajaruraldelsur.com\/wp-content\/uploads\/2026\/03\/WhatsApp-Image-2026-03-20-at-12.55.32-1-768x512.jpeg 768w, https:\/\/fundacioncajaruraldelsur.com\/wp-content\/uploads\/2026\/03\/WhatsApp-Image-2026-03-20-at-12.55.32-1-1536x1024.jpeg 1536w, https:\/\/fundacioncajaruraldelsur.com\/wp-content\/uploads\/2026\/03\/WhatsApp-Image-2026-03-20-at-12.55.32-1-18x12.jpeg 18w\" sizes=\"auto, (max-width: 1600px) 100vw, 1600px\" \/><\/a><\/p>\n<p><a href=\"https:\/\/fundacioncajaruraldelsur.com\/wp-content\/uploads\/2026\/03\/WhatsApp-Image-2026-03-20-at-12.52.00-2.jpeg\" rel=\"lightbox-2\"><img loading=\"lazy\" decoding=\"async\" class=\"alignnone wp-image-12600 size-full\" src=\"https:\/\/fundacioncajaruraldelsur.com\/wp-content\/uploads\/2026\/03\/WhatsApp-Image-2026-03-20-at-12.52.00-2.jpeg\" alt=\"\" width=\"1600\" height=\"1067\" srcset=\"https:\/\/fundacioncajaruraldelsur.com\/wp-content\/uploads\/2026\/03\/WhatsApp-Image-2026-03-20-at-12.52.00-2.jpeg 1600w, https:\/\/fundacioncajaruraldelsur.com\/wp-content\/uploads\/2026\/03\/WhatsApp-Image-2026-03-20-at-12.52.00-2-300x200.jpeg 300w, https:\/\/fundacioncajaruraldelsur.com\/wp-content\/uploads\/2026\/03\/WhatsApp-Image-2026-03-20-at-12.52.00-2-1024x683.jpeg 1024w, https:\/\/fundacioncajaruraldelsur.com\/wp-content\/uploads\/2026\/03\/WhatsApp-Image-2026-03-20-at-12.52.00-2-768x512.jpeg 768w, https:\/\/fundacioncajaruraldelsur.com\/wp-content\/uploads\/2026\/03\/WhatsApp-Image-2026-03-20-at-12.52.00-2-1536x1024.jpeg 1536w, https:\/\/fundacioncajaruraldelsur.com\/wp-content\/uploads\/2026\/03\/WhatsApp-Image-2026-03-20-at-12.52.00-2-18x12.jpeg 18w\" sizes=\"auto, (max-width: 1600px) 100vw, 1600px\" \/><\/a> <a href=\"https:\/\/fundacioncajaruraldelsur.com\/wp-content\/uploads\/2026\/03\/WhatsApp-Image-2026-03-20-at-12.52.00-1.jpeg\" rel=\"lightbox-3\"><img loading=\"lazy\" decoding=\"async\" class=\"alignnone wp-image-12601 size-full\" src=\"https:\/\/fundacioncajaruraldelsur.com\/wp-content\/uploads\/2026\/03\/WhatsApp-Image-2026-03-20-at-12.52.00-1.jpeg\" alt=\"\" width=\"1600\" height=\"1067\" srcset=\"https:\/\/fundacioncajaruraldelsur.com\/wp-content\/uploads\/2026\/03\/WhatsApp-Image-2026-03-20-at-12.52.00-1.jpeg 1600w, https:\/\/fundacioncajaruraldelsur.com\/wp-content\/uploads\/2026\/03\/WhatsApp-Image-2026-03-20-at-12.52.00-1-300x200.jpeg 300w, https:\/\/fundacioncajaruraldelsur.com\/wp-content\/uploads\/2026\/03\/WhatsApp-Image-2026-03-20-at-12.52.00-1-1024x683.jpeg 1024w, https:\/\/fundacioncajaruraldelsur.com\/wp-content\/uploads\/2026\/03\/WhatsApp-Image-2026-03-20-at-12.52.00-1-768x512.jpeg 768w, https:\/\/fundacioncajaruraldelsur.com\/wp-content\/uploads\/2026\/03\/WhatsApp-Image-2026-03-20-at-12.52.00-1-1536x1024.jpeg 1536w, https:\/\/fundacioncajaruraldelsur.com\/wp-content\/uploads\/2026\/03\/WhatsApp-Image-2026-03-20-at-12.52.00-1-18x12.jpeg 18w\" sizes=\"auto, (max-width: 1600px) 100vw, 1600px\" \/><\/a> <a href=\"https:\/\/fundacioncajaruraldelsur.com\/wp-content\/uploads\/2026\/03\/WhatsApp-Image-2026-03-20-at-12.52.00.jpeg\" rel=\"lightbox-4\"><img loading=\"lazy\" decoding=\"async\" class=\"alignnone wp-image-12602 size-full\" src=\"https:\/\/fundacioncajaruraldelsur.com\/wp-content\/uploads\/2026\/03\/WhatsApp-Image-2026-03-20-at-12.52.00.jpeg\" alt=\"\" width=\"1600\" height=\"1067\" srcset=\"https:\/\/fundacioncajaruraldelsur.com\/wp-content\/uploads\/2026\/03\/WhatsApp-Image-2026-03-20-at-12.52.00.jpeg 1600w, https:\/\/fundacioncajaruraldelsur.com\/wp-content\/uploads\/2026\/03\/WhatsApp-Image-2026-03-20-at-12.52.00-300x200.jpeg 300w, https:\/\/fundacioncajaruraldelsur.com\/wp-content\/uploads\/2026\/03\/WhatsApp-Image-2026-03-20-at-12.52.00-1024x683.jpeg 1024w, https:\/\/fundacioncajaruraldelsur.com\/wp-content\/uploads\/2026\/03\/WhatsApp-Image-2026-03-20-at-12.52.00-768x512.jpeg 768w, https:\/\/fundacioncajaruraldelsur.com\/wp-content\/uploads\/2026\/03\/WhatsApp-Image-2026-03-20-at-12.52.00-1536x1024.jpeg 1536w, https:\/\/fundacioncajaruraldelsur.com\/wp-content\/uploads\/2026\/03\/WhatsApp-Image-2026-03-20-at-12.52.00-18x12.jpeg 18w\" sizes=\"auto, (max-width: 1600px) 100vw, 1600px\" \/><\/a><\/p>","protected":false},"excerpt":{"rendered":"<p>El Centro Cultural Jos\u00e9 Luis Garc\u00eda Palacios, de la Fundaci\u00f3n Caja Rural del Sur en Sevilla, ha inaugurado este jueves 19 de marzo la exposici\u00f3n \u201cPor Casualidad: El azar como [&hellip;]<\/p>\n","protected":false},"author":6,"featured_media":12598,"comment_status":"closed","ping_status":"closed","sticky":false,"template":"","format":"standard","meta":{"footnotes":""},"categories":[82],"tags":[],"class_list":["post-12597","post","type-post","status-publish","format-standard","has-post-thumbnail","hentry","category-exposiciones"],"yoast_head":"<!-- This site is optimized with the Yoast SEO plugin v27.3 - https:\/\/yoast.com\/product\/yoast-seo-wordpress\/ -->\n<title>Inaugurada la exposici\u00f3n \u201cPor Casualidad: El azar como arquitecto invisible\u201d de F\u00e9lix V\u00e1zquez en la Fundaci\u00f3n Caja Rural del Sur de Sevilla - Fundaci\u00f3n Caja Rural del Sur<\/title>\n<meta name=\"robots\" content=\"index, follow, max-snippet:-1, max-image-preview:large, max-video-preview:-1\" \/>\n<link rel=\"canonical\" href=\"https:\/\/fundacioncajaruraldelsur.com\/pt\/inaugurada-la-exposicion-por-casualidad-el-azar-como-arquitecto-invisible-de-felix-vazquez-en-la-fundacion-caja-rural-del-sur-de-sevilla\/\" \/>\n<meta property=\"og:locale\" content=\"pt_PT\" \/>\n<meta property=\"og:type\" content=\"article\" \/>\n<meta property=\"og:title\" content=\"Inaugurada la exposici\u00f3n \u201cPor Casualidad: El azar como arquitecto invisible\u201d de F\u00e9lix V\u00e1zquez en la Fundaci\u00f3n Caja Rural del Sur de Sevilla - Fundaci\u00f3n Caja Rural del Sur\" \/>\n<meta property=\"og:description\" content=\"El Centro Cultural Jos\u00e9 Luis Garc\u00eda Palacios, de la Fundaci\u00f3n Caja Rural del Sur en Sevilla, ha inaugurado este jueves 19 de marzo la exposici\u00f3n \u201cPor Casualidad: El azar como [&hellip;]\" \/>\n<meta property=\"og:url\" content=\"https:\/\/fundacioncajaruraldelsur.com\/pt\/inaugurada-la-exposicion-por-casualidad-el-azar-como-arquitecto-invisible-de-felix-vazquez-en-la-fundacion-caja-rural-del-sur-de-sevilla\/\" \/>\n<meta property=\"og:site_name\" content=\"Fundaci\u00f3n Caja Rural del Sur\" \/>\n<meta property=\"article:published_time\" content=\"2026-03-20T11:54:59+00:00\" \/>\n<meta property=\"article:modified_time\" content=\"2026-03-20T12:13:04+00:00\" \/>\n<meta property=\"og:image\" content=\"https:\/\/fundacioncajaruraldelsur.com\/wp-content\/uploads\/2026\/03\/WhatsApp-Image-2026-03-20-at-12.51.59.jpeg\" \/>\n\t<meta property=\"og:image:width\" content=\"1600\" \/>\n\t<meta property=\"og:image:height\" content=\"1067\" \/>\n\t<meta property=\"og:image:type\" content=\"image\/jpeg\" \/>\n<meta name=\"author\" content=\"Comunicaci\u00f3n\" \/>\n<meta name=\"twitter:card\" content=\"summary_large_image\" \/>\n<meta name=\"twitter:label1\" content=\"Written by\" \/>\n\t<meta name=\"twitter:data1\" content=\"Comunicaci\u00f3n\" \/>\n\t<meta name=\"twitter:label2\" content=\"Est. reading time\" \/>\n\t<meta name=\"twitter:data2\" content=\"5 minutes\" \/>\n<script type=\"application\/ld+json\" class=\"yoast-schema-graph\">{\"@context\":\"https:\\\/\\\/schema.org\",\"@graph\":[{\"@type\":\"Article\",\"@id\":\"https:\\\/\\\/fundacioncajaruraldelsur.com\\\/inaugurada-la-exposicion-por-casualidad-el-azar-como-arquitecto-invisible-de-felix-vazquez-en-la-fundacion-caja-rural-del-sur-de-sevilla\\\/#article\",\"isPartOf\":{\"@id\":\"https:\\\/\\\/fundacioncajaruraldelsur.com\\\/inaugurada-la-exposicion-por-casualidad-el-azar-como-arquitecto-invisible-de-felix-vazquez-en-la-fundacion-caja-rural-del-sur-de-sevilla\\\/\"},\"author\":{\"name\":\"Comunicaci\u00f3n\",\"@id\":\"https:\\\/\\\/fundacioncajaruraldelsur.com\\\/#\\\/schema\\\/person\\\/f430da9fb783d505ff061ad8b3d44577\"},\"headline\":\"Inaugurada la exposici\u00f3n \u201cPor Casualidad: El azar como arquitecto invisible\u201d de F\u00e9lix V\u00e1zquez en la Fundaci\u00f3n Caja Rural del Sur de Sevilla\",\"datePublished\":\"2026-03-20T11:54:59+00:00\",\"dateModified\":\"2026-03-20T12:13:04+00:00\",\"mainEntityOfPage\":{\"@id\":\"https:\\\/\\\/fundacioncajaruraldelsur.com\\\/inaugurada-la-exposicion-por-casualidad-el-azar-como-arquitecto-invisible-de-felix-vazquez-en-la-fundacion-caja-rural-del-sur-de-sevilla\\\/\"},\"wordCount\":733,\"image\":{\"@id\":\"https:\\\/\\\/fundacioncajaruraldelsur.com\\\/inaugurada-la-exposicion-por-casualidad-el-azar-como-arquitecto-invisible-de-felix-vazquez-en-la-fundacion-caja-rural-del-sur-de-sevilla\\\/#primaryimage\"},\"thumbnailUrl\":\"https:\\\/\\\/fundacioncajaruraldelsur.com\\\/wp-content\\\/uploads\\\/2026\\\/03\\\/WhatsApp-Image-2026-03-20-at-12.51.59.jpeg\",\"articleSection\":[\"Exposiciones\"],\"inLanguage\":\"pt-PT\"},{\"@type\":\"WebPage\",\"@id\":\"https:\\\/\\\/fundacioncajaruraldelsur.com\\\/inaugurada-la-exposicion-por-casualidad-el-azar-como-arquitecto-invisible-de-felix-vazquez-en-la-fundacion-caja-rural-del-sur-de-sevilla\\\/\",\"url\":\"https:\\\/\\\/fundacioncajaruraldelsur.com\\\/inaugurada-la-exposicion-por-casualidad-el-azar-como-arquitecto-invisible-de-felix-vazquez-en-la-fundacion-caja-rural-del-sur-de-sevilla\\\/\",\"name\":\"Inaugurada la exposici\u00f3n \u201cPor Casualidad: El azar como arquitecto invisible\u201d de F\u00e9lix V\u00e1zquez en la Fundaci\u00f3n Caja Rural del Sur de Sevilla - Fundaci\u00f3n Caja Rural del Sur\",\"isPartOf\":{\"@id\":\"https:\\\/\\\/fundacioncajaruraldelsur.com\\\/#website\"},\"primaryImageOfPage\":{\"@id\":\"https:\\\/\\\/fundacioncajaruraldelsur.com\\\/inaugurada-la-exposicion-por-casualidad-el-azar-como-arquitecto-invisible-de-felix-vazquez-en-la-fundacion-caja-rural-del-sur-de-sevilla\\\/#primaryimage\"},\"image\":{\"@id\":\"https:\\\/\\\/fundacioncajaruraldelsur.com\\\/inaugurada-la-exposicion-por-casualidad-el-azar-como-arquitecto-invisible-de-felix-vazquez-en-la-fundacion-caja-rural-del-sur-de-sevilla\\\/#primaryimage\"},\"thumbnailUrl\":\"https:\\\/\\\/fundacioncajaruraldelsur.com\\\/wp-content\\\/uploads\\\/2026\\\/03\\\/WhatsApp-Image-2026-03-20-at-12.51.59.jpeg\",\"datePublished\":\"2026-03-20T11:54:59+00:00\",\"dateModified\":\"2026-03-20T12:13:04+00:00\",\"author\":{\"@id\":\"https:\\\/\\\/fundacioncajaruraldelsur.com\\\/#\\\/schema\\\/person\\\/f430da9fb783d505ff061ad8b3d44577\"},\"breadcrumb\":{\"@id\":\"https:\\\/\\\/fundacioncajaruraldelsur.com\\\/inaugurada-la-exposicion-por-casualidad-el-azar-como-arquitecto-invisible-de-felix-vazquez-en-la-fundacion-caja-rural-del-sur-de-sevilla\\\/#breadcrumb\"},\"inLanguage\":\"pt-PT\",\"potentialAction\":[{\"@type\":\"ReadAction\",\"target\":[\"https:\\\/\\\/fundacioncajaruraldelsur.com\\\/inaugurada-la-exposicion-por-casualidad-el-azar-como-arquitecto-invisible-de-felix-vazquez-en-la-fundacion-caja-rural-del-sur-de-sevilla\\\/\"]}]},{\"@type\":\"ImageObject\",\"inLanguage\":\"pt-PT\",\"@id\":\"https:\\\/\\\/fundacioncajaruraldelsur.com\\\/inaugurada-la-exposicion-por-casualidad-el-azar-como-arquitecto-invisible-de-felix-vazquez-en-la-fundacion-caja-rural-del-sur-de-sevilla\\\/#primaryimage\",\"url\":\"https:\\\/\\\/fundacioncajaruraldelsur.com\\\/wp-content\\\/uploads\\\/2026\\\/03\\\/WhatsApp-Image-2026-03-20-at-12.51.59.jpeg\",\"contentUrl\":\"https:\\\/\\\/fundacioncajaruraldelsur.com\\\/wp-content\\\/uploads\\\/2026\\\/03\\\/WhatsApp-Image-2026-03-20-at-12.51.59.jpeg\",\"width\":1600,\"height\":1067},{\"@type\":\"BreadcrumbList\",\"@id\":\"https:\\\/\\\/fundacioncajaruraldelsur.com\\\/inaugurada-la-exposicion-por-casualidad-el-azar-como-arquitecto-invisible-de-felix-vazquez-en-la-fundacion-caja-rural-del-sur-de-sevilla\\\/#breadcrumb\",\"itemListElement\":[{\"@type\":\"ListItem\",\"position\":1,\"name\":\"Portada\",\"item\":\"https:\\\/\\\/fundacioncajaruraldelsur.com\\\/\"},{\"@type\":\"ListItem\",\"position\":2,\"name\":\"Inaugurada la exposici\u00f3n \u201cPor Casualidad: El azar como arquitecto invisible\u201d de F\u00e9lix V\u00e1zquez en la Fundaci\u00f3n Caja Rural del Sur de Sevilla\"}]},{\"@type\":\"WebSite\",\"@id\":\"https:\\\/\\\/fundacioncajaruraldelsur.com\\\/#website\",\"url\":\"https:\\\/\\\/fundacioncajaruraldelsur.com\\\/\",\"name\":\"Fundaci\u00f3n Caja Rural del Sur\",\"description\":\"\",\"potentialAction\":[{\"@type\":\"SearchAction\",\"target\":{\"@type\":\"EntryPoint\",\"urlTemplate\":\"https:\\\/\\\/fundacioncajaruraldelsur.com\\\/?s={search_term_string}\"},\"query-input\":{\"@type\":\"PropertyValueSpecification\",\"valueRequired\":true,\"valueName\":\"search_term_string\"}}],\"inLanguage\":\"pt-PT\"},{\"@type\":\"Person\",\"@id\":\"https:\\\/\\\/fundacioncajaruraldelsur.com\\\/#\\\/schema\\\/person\\\/f430da9fb783d505ff061ad8b3d44577\",\"name\":\"Comunicaci\u00f3n\",\"image\":{\"@type\":\"ImageObject\",\"inLanguage\":\"pt-PT\",\"@id\":\"https:\\\/\\\/secure.gravatar.com\\\/avatar\\\/0dca239875993680bac4603ad2de7942da018f52cc3a244578e0b3b09314a8d8?s=96&d=blank&r=g\",\"url\":\"https:\\\/\\\/secure.gravatar.com\\\/avatar\\\/0dca239875993680bac4603ad2de7942da018f52cc3a244578e0b3b09314a8d8?s=96&d=blank&r=g\",\"contentUrl\":\"https:\\\/\\\/secure.gravatar.com\\\/avatar\\\/0dca239875993680bac4603ad2de7942da018f52cc3a244578e0b3b09314a8d8?s=96&d=blank&r=g\",\"caption\":\"Comunicaci\u00f3n\"}}]}<\/script>\n<!-- \/ Yoast SEO plugin. -->","yoast_head_json":{"title":"Inaugurada la exposici\u00f3n \u201cPor Casualidad: El azar como arquitecto invisible\u201d de F\u00e9lix V\u00e1zquez en la Fundaci\u00f3n Caja Rural del Sur de Sevilla - Fundaci\u00f3n Caja Rural del Sur","robots":{"index":"index","follow":"follow","max-snippet":"max-snippet:-1","max-image-preview":"max-image-preview:large","max-video-preview":"max-video-preview:-1"},"canonical":"https:\/\/fundacioncajaruraldelsur.com\/pt\/inaugurada-la-exposicion-por-casualidad-el-azar-como-arquitecto-invisible-de-felix-vazquez-en-la-fundacion-caja-rural-del-sur-de-sevilla\/","og_locale":"pt_PT","og_type":"article","og_title":"Inaugurada la exposici\u00f3n \u201cPor Casualidad: El azar como arquitecto invisible\u201d de F\u00e9lix V\u00e1zquez en la Fundaci\u00f3n Caja Rural del Sur de Sevilla - Fundaci\u00f3n Caja Rural del Sur","og_description":"El Centro Cultural Jos\u00e9 Luis Garc\u00eda Palacios, de la Fundaci\u00f3n Caja Rural del Sur en Sevilla, ha inaugurado este jueves 19 de marzo la exposici\u00f3n \u201cPor Casualidad: El azar como [&hellip;]","og_url":"https:\/\/fundacioncajaruraldelsur.com\/pt\/inaugurada-la-exposicion-por-casualidad-el-azar-como-arquitecto-invisible-de-felix-vazquez-en-la-fundacion-caja-rural-del-sur-de-sevilla\/","og_site_name":"Fundaci\u00f3n Caja Rural del Sur","article_published_time":"2026-03-20T11:54:59+00:00","article_modified_time":"2026-03-20T12:13:04+00:00","og_image":[{"width":1600,"height":1067,"url":"https:\/\/fundacioncajaruraldelsur.com\/wp-content\/uploads\/2026\/03\/WhatsApp-Image-2026-03-20-at-12.51.59.jpeg","type":"image\/jpeg"}],"author":"Comunicaci\u00f3n","twitter_card":"summary_large_image","twitter_misc":{"Written by":"Comunicaci\u00f3n","Est. reading time":"5 minutes"},"schema":{"@context":"https:\/\/schema.org","@graph":[{"@type":"Article","@id":"https:\/\/fundacioncajaruraldelsur.com\/inaugurada-la-exposicion-por-casualidad-el-azar-como-arquitecto-invisible-de-felix-vazquez-en-la-fundacion-caja-rural-del-sur-de-sevilla\/#article","isPartOf":{"@id":"https:\/\/fundacioncajaruraldelsur.com\/inaugurada-la-exposicion-por-casualidad-el-azar-como-arquitecto-invisible-de-felix-vazquez-en-la-fundacion-caja-rural-del-sur-de-sevilla\/"},"author":{"name":"Comunicaci\u00f3n","@id":"https:\/\/fundacioncajaruraldelsur.com\/#\/schema\/person\/f430da9fb783d505ff061ad8b3d44577"},"headline":"Inaugurada la exposici\u00f3n \u201cPor Casualidad: El azar como arquitecto invisible\u201d de F\u00e9lix V\u00e1zquez en la Fundaci\u00f3n Caja Rural del Sur de Sevilla","datePublished":"2026-03-20T11:54:59+00:00","dateModified":"2026-03-20T12:13:04+00:00","mainEntityOfPage":{"@id":"https:\/\/fundacioncajaruraldelsur.com\/inaugurada-la-exposicion-por-casualidad-el-azar-como-arquitecto-invisible-de-felix-vazquez-en-la-fundacion-caja-rural-del-sur-de-sevilla\/"},"wordCount":733,"image":{"@id":"https:\/\/fundacioncajaruraldelsur.com\/inaugurada-la-exposicion-por-casualidad-el-azar-como-arquitecto-invisible-de-felix-vazquez-en-la-fundacion-caja-rural-del-sur-de-sevilla\/#primaryimage"},"thumbnailUrl":"https:\/\/fundacioncajaruraldelsur.com\/wp-content\/uploads\/2026\/03\/WhatsApp-Image-2026-03-20-at-12.51.59.jpeg","articleSection":["Exposiciones"],"inLanguage":"pt-PT"},{"@type":"WebPage","@id":"https:\/\/fundacioncajaruraldelsur.com\/inaugurada-la-exposicion-por-casualidad-el-azar-como-arquitecto-invisible-de-felix-vazquez-en-la-fundacion-caja-rural-del-sur-de-sevilla\/","url":"https:\/\/fundacioncajaruraldelsur.com\/inaugurada-la-exposicion-por-casualidad-el-azar-como-arquitecto-invisible-de-felix-vazquez-en-la-fundacion-caja-rural-del-sur-de-sevilla\/","name":"Inaugurada la exposici\u00f3n \u201cPor Casualidad: El azar como arquitecto invisible\u201d de F\u00e9lix V\u00e1zquez en la Fundaci\u00f3n Caja Rural del Sur de Sevilla - Fundaci\u00f3n Caja Rural del Sur","isPartOf":{"@id":"https:\/\/fundacioncajaruraldelsur.com\/#website"},"primaryImageOfPage":{"@id":"https:\/\/fundacioncajaruraldelsur.com\/inaugurada-la-exposicion-por-casualidad-el-azar-como-arquitecto-invisible-de-felix-vazquez-en-la-fundacion-caja-rural-del-sur-de-sevilla\/#primaryimage"},"image":{"@id":"https:\/\/fundacioncajaruraldelsur.com\/inaugurada-la-exposicion-por-casualidad-el-azar-como-arquitecto-invisible-de-felix-vazquez-en-la-fundacion-caja-rural-del-sur-de-sevilla\/#primaryimage"},"thumbnailUrl":"https:\/\/fundacioncajaruraldelsur.com\/wp-content\/uploads\/2026\/03\/WhatsApp-Image-2026-03-20-at-12.51.59.jpeg","datePublished":"2026-03-20T11:54:59+00:00","dateModified":"2026-03-20T12:13:04+00:00","author":{"@id":"https:\/\/fundacioncajaruraldelsur.com\/#\/schema\/person\/f430da9fb783d505ff061ad8b3d44577"},"breadcrumb":{"@id":"https:\/\/fundacioncajaruraldelsur.com\/inaugurada-la-exposicion-por-casualidad-el-azar-como-arquitecto-invisible-de-felix-vazquez-en-la-fundacion-caja-rural-del-sur-de-sevilla\/#breadcrumb"},"inLanguage":"pt-PT","potentialAction":[{"@type":"ReadAction","target":["https:\/\/fundacioncajaruraldelsur.com\/inaugurada-la-exposicion-por-casualidad-el-azar-como-arquitecto-invisible-de-felix-vazquez-en-la-fundacion-caja-rural-del-sur-de-sevilla\/"]}]},{"@type":"ImageObject","inLanguage":"pt-PT","@id":"https:\/\/fundacioncajaruraldelsur.com\/inaugurada-la-exposicion-por-casualidad-el-azar-como-arquitecto-invisible-de-felix-vazquez-en-la-fundacion-caja-rural-del-sur-de-sevilla\/#primaryimage","url":"https:\/\/fundacioncajaruraldelsur.com\/wp-content\/uploads\/2026\/03\/WhatsApp-Image-2026-03-20-at-12.51.59.jpeg","contentUrl":"https:\/\/fundacioncajaruraldelsur.com\/wp-content\/uploads\/2026\/03\/WhatsApp-Image-2026-03-20-at-12.51.59.jpeg","width":1600,"height":1067},{"@type":"BreadcrumbList","@id":"https:\/\/fundacioncajaruraldelsur.com\/inaugurada-la-exposicion-por-casualidad-el-azar-como-arquitecto-invisible-de-felix-vazquez-en-la-fundacion-caja-rural-del-sur-de-sevilla\/#breadcrumb","itemListElement":[{"@type":"ListItem","position":1,"name":"Portada","item":"https:\/\/fundacioncajaruraldelsur.com\/"},{"@type":"ListItem","position":2,"name":"Inaugurada la exposici\u00f3n \u201cPor Casualidad: El azar como arquitecto invisible\u201d de F\u00e9lix V\u00e1zquez en la Fundaci\u00f3n Caja Rural del Sur de Sevilla"}]},{"@type":"WebSite","@id":"https:\/\/fundacioncajaruraldelsur.com\/#website","url":"https:\/\/fundacioncajaruraldelsur.com\/","name":"Funda\u00e7\u00e3o Caja Rural del Sur","description":"","potentialAction":[{"@type":"SearchAction","target":{"@type":"EntryPoint","urlTemplate":"https:\/\/fundacioncajaruraldelsur.com\/?s={search_term_string}"},"query-input":{"@type":"PropertyValueSpecification","valueRequired":true,"valueName":"search_term_string"}}],"inLanguage":"pt-PT"},{"@type":"Person","@id":"https:\/\/fundacioncajaruraldelsur.com\/#\/schema\/person\/f430da9fb783d505ff061ad8b3d44577","name":"Comunicaci\u00f3n","image":{"@type":"ImageObject","inLanguage":"pt-PT","@id":"https:\/\/secure.gravatar.com\/avatar\/0dca239875993680bac4603ad2de7942da018f52cc3a244578e0b3b09314a8d8?s=96&d=blank&r=g","url":"https:\/\/secure.gravatar.com\/avatar\/0dca239875993680bac4603ad2de7942da018f52cc3a244578e0b3b09314a8d8?s=96&d=blank&r=g","contentUrl":"https:\/\/secure.gravatar.com\/avatar\/0dca239875993680bac4603ad2de7942da018f52cc3a244578e0b3b09314a8d8?s=96&d=blank&r=g","caption":"Comunicaci\u00f3n"}}]}},"rttpg_featured_image_url":{"full":["https:\/\/fundacioncajaruraldelsur.com\/wp-content\/uploads\/2026\/03\/WhatsApp-Image-2026-03-20-at-12.51.59.jpeg",1600,1067,false],"landscape":["https:\/\/fundacioncajaruraldelsur.com\/wp-content\/uploads\/2026\/03\/WhatsApp-Image-2026-03-20-at-12.51.59.jpeg",1600,1067,false],"portraits":["https:\/\/fundacioncajaruraldelsur.com\/wp-content\/uploads\/2026\/03\/WhatsApp-Image-2026-03-20-at-12.51.59.jpeg",1600,1067,false],"thumbnail":["https:\/\/fundacioncajaruraldelsur.com\/wp-content\/uploads\/2026\/03\/WhatsApp-Image-2026-03-20-at-12.51.59-150x150.jpeg",150,150,true],"medium":["https:\/\/fundacioncajaruraldelsur.com\/wp-content\/uploads\/2026\/03\/WhatsApp-Image-2026-03-20-at-12.51.59-300x200.jpeg",300,200,true],"large":["https:\/\/fundacioncajaruraldelsur.com\/wp-content\/uploads\/2026\/03\/WhatsApp-Image-2026-03-20-at-12.51.59-1024x683.jpeg",960,640,true],"1536x1536":["https:\/\/fundacioncajaruraldelsur.com\/wp-content\/uploads\/2026\/03\/WhatsApp-Image-2026-03-20-at-12.51.59-1536x1024.jpeg",1536,1024,true],"2048x2048":["https:\/\/fundacioncajaruraldelsur.com\/wp-content\/uploads\/2026\/03\/WhatsApp-Image-2026-03-20-at-12.51.59.jpeg",1600,1067,false],"trp-custom-language-flag":["https:\/\/fundacioncajaruraldelsur.com\/wp-content\/uploads\/2026\/03\/WhatsApp-Image-2026-03-20-at-12.51.59-18x12.jpeg",18,12,true],"blog-thumbnail":["https:\/\/fundacioncajaruraldelsur.com\/wp-content\/uploads\/2026\/03\/WhatsApp-Image-2026-03-20-at-12.51.59-400x200.jpeg",400,200,true]},"rttpg_author":{"display_name":"Comunicaci\u00f3n","author_link":"https:\/\/fundacioncajaruraldelsur.com\/pt\/author\/sevillaadmin\/"},"rttpg_comment":0,"rttpg_category":"<a href=\"https:\/\/fundacioncajaruraldelsur.com\/pt\/category\/exposiciones\/\" rel=\"category tag\">Exposiciones<\/a>","rttpg_excerpt":"El Centro Cultural Jos\u00e9 Luis Garc\u00eda Palacios, de la Fundaci\u00f3n Caja Rural del Sur en Sevilla, ha inaugurado este jueves 19 de marzo la exposici\u00f3n \u201cPor Casualidad: El azar como [&hellip;]","_links":{"self":[{"href":"https:\/\/fundacioncajaruraldelsur.com\/pt\/wp-json\/wp\/v2\/posts\/12597","targetHints":{"allow":["GET"]}}],"collection":[{"href":"https:\/\/fundacioncajaruraldelsur.com\/pt\/wp-json\/wp\/v2\/posts"}],"about":[{"href":"https:\/\/fundacioncajaruraldelsur.com\/pt\/wp-json\/wp\/v2\/types\/post"}],"author":[{"embeddable":true,"href":"https:\/\/fundacioncajaruraldelsur.com\/pt\/wp-json\/wp\/v2\/users\/6"}],"replies":[{"embeddable":true,"href":"https:\/\/fundacioncajaruraldelsur.com\/pt\/wp-json\/wp\/v2\/comments?post=12597"}],"version-history":[{"count":7,"href":"https:\/\/fundacioncajaruraldelsur.com\/pt\/wp-json\/wp\/v2\/posts\/12597\/revisions"}],"predecessor-version":[{"id":12611,"href":"https:\/\/fundacioncajaruraldelsur.com\/pt\/wp-json\/wp\/v2\/posts\/12597\/revisions\/12611"}],"wp:featuredmedia":[{"embeddable":true,"href":"https:\/\/fundacioncajaruraldelsur.com\/pt\/wp-json\/wp\/v2\/media\/12598"}],"wp:attachment":[{"href":"https:\/\/fundacioncajaruraldelsur.com\/pt\/wp-json\/wp\/v2\/media?parent=12597"}],"wp:term":[{"taxonomy":"category","embeddable":true,"href":"https:\/\/fundacioncajaruraldelsur.com\/pt\/wp-json\/wp\/v2\/categories?post=12597"},{"taxonomy":"post_tag","embeddable":true,"href":"https:\/\/fundacioncajaruraldelsur.com\/pt\/wp-json\/wp\/v2\/tags?post=12597"}],"curies":[{"name":"wp","href":"https:\/\/api.w.org\/{rel}","templated":true}]}}