{"id":12588,"date":"2026-03-19T14:31:49","date_gmt":"2026-03-19T13:31:49","guid":{"rendered":"https:\/\/fundacioncajaruraldelsur.com\/?p=12588"},"modified":"2026-03-19T14:31:49","modified_gmt":"2026-03-19T13:31:49","slug":"presentado-en-la-fundacion-caja-rural-del-sur-un-monografico-de-la-revista-turia","status":"publish","type":"post","link":"https:\/\/fundacioncajaruraldelsur.com\/pt\/presentado-en-la-fundacion-caja-rural-del-sur-un-monografico-de-la-revista-turia\/","title":{"rendered":"Presentado en la Fundaci\u00f3n Caja Rural del Sur un monogr\u00e1fico de la revista &#8216;Turia&#8217;"},"content":{"rendered":"<p class=\"v-d-p\">El centro cultural Garc\u00eda Palacios-Caja Rural del Sur ha acogido esta tarde la presentaci\u00f3n de un n\u00famero doble especial de la revista &#8216;<strong>Turia&#8217;<\/strong>\u00a0que incluye un monogr\u00e1fico dedicado a<strong>\u00a0Antonio N\u00fa\u00f1ez de Herrera<\/strong>\u00a0(Campanario, Badajoz, 1900-Monte Gordo, Portugal, 1935), uno\u00a0<span class=\"paywall pw-open\">de los prosistas imprescindibles del grupo Mediod\u00eda. Autor de la obra imprescindible\u00a0<strong>&#8216;Sevilla: Teor\u00eda y realidad de la Semana Santa&#8217;<\/strong>\u00a0(1934), este periodista y escritor estuvo cuatro d\u00e9cadas olvidado hasta que comenz\u00f3 a reivindicarse a partir de 1981. En este especial de Turia se incluyen, entre otros, textos de Jos\u00e9 Mar\u00eda Rond\u00f3n, Eva D\u00edaz P\u00e9rez, Carlos M\u00e1rmol y Juan Bonilla, una entrevista al artista Pedro G. Romero y una completa biocronolog\u00eda a cargo de sus coordinadores. En el acto de este mi\u00e9rcoles, adem\u00e1s de Rond\u00f3n, han participado en una charla<strong>\u00a0C\u00e9sar Rina<\/strong>\u00a0y\u00a0<strong>Fernando del Val, con la presencia de Carmen Corral de la Fundaci\u00f3n Caja Rural del Sur.<\/strong><\/span><\/p>\n<div class=\"paywall\">\n<p class=\"v-d-p\">Dice Jos\u00e9 Mar\u00eda Rond\u00f3n que el libro &#8216;Sevilla: Teor\u00eda y realidad de la Semana Santa&#8217; sufri\u00f3 cuatro d\u00e9cadas de olvido hasta que fue recuperado en 1981 por\u00a0<strong>Jos\u00e9 Luis Ortiz de Lanzagorta<\/strong>. De esta obra, este periodista destaca especialmente su \u00abgran modernidad\u00bb. \u00abTuvo una forma muy adelantada de entender la Semana Santa de Sevilla en un libro de su tiempo que mezcla el periodismo y la literatura\u00bb. Sobre este libro, el cr\u00edtico de arte\u00a0<strong>Quico Rivas<\/strong>\u00a0tambi\u00e9n destac\u00f3 en el a\u00f1o 1981 en la revista &#8216;Separata&#8217; que N\u00fa\u00f1ez de Herrera era un ejemplo de supervivencia vanguardista (&#8230;). Como todo buen vanguardista su mayor obsesi\u00f3n es la originalidad. Se acerca al tema intentando eludir los lugares comunes, los t\u00f3picos f\u00e1ciles, las met\u00e1foras y descripciones m\u00e1s manidas\u00bb, asegur\u00f3.<\/p>\n<p class=\"v-d-p\">Destaca Rond\u00f3n la<strong>\u00a0\u00abintensa vida cultural\u00bb<\/strong>\u00a0que N\u00fa\u00f1ez de Herrera tuvo en Sevilla desde su llegada a la ciudad en 1916. En ese sentido, colabor\u00f3 con la revista &#8216;Mediod\u00eda&#8217;, fund\u00f3 la biblioteca municipal, fue secretario general del Centro de Estudios Andaluces, fue bibliotecario de la Asociaci\u00f3n de la Prensa, era redactor de El Noticiero Sevillano etc. \u00abEra un hombre de una gran vida cultural y social, por eso es muy llamativo que su libro pasara desapercibido en Sevilla\u00bb, indica este periodista.<\/p>\n<p class=\"v-d-p\">En la revista &#8216;Turia&#8217; aparecen interesantes art\u00edculos dedicados a este prosista de Mediod\u00eda que confirma que es uno de los autores imprescindibles de la Edad de Plata. As\u00ed, C\u00e9sar Rina y Jos\u00e9 Mar\u00eda Rond\u00f3n escriben sobre el tema &#8216;Antonio N\u00fa\u00f1ez de Herrera, en el remolino de las vanguardias. El rescate de un prosista transgresor de la Edad de Plata&#8217;. Por su parte,\u00a0<strong>Eva D\u00edaz P\u00e9rez<\/strong>\u00a0centra su art\u00edculo en &#8216;Ecos y periferias de la Edad de Plata. Sevilla, la ciudad de los prodigios, donde se contextualiza a la perfecci\u00f3n esa capital hispalense que conoci\u00f3 el escritor y periodista extreme\u00f1o. Por su parte,<strong>\u00a0Juan Bonilla<\/strong> reflexiona sobre &#8216;Una s\u00edntesis de Sevilla&#8217;.<\/p>\n<p class=\"v-d-p\">El editor de El Paseo, <strong>David Gonz\u00e1lez Romero<\/strong>, ha escrito el art\u00edculo &#8216;Suertes y desgracias de un libro \u00fanico&#8217;, donde habla sobre los avatares que atraves\u00f3 &#8216;Sevilla: Teor\u00eda y realidad de la Semana Santa&#8217;. En ese texto analiza las distintas ediciones de esta obra: la de 1934, que tuvo dos portadas. Luego apareci\u00f3 otra en 1981 de Ortiz de Lanzagorta. En 2015, Almuzara prepar\u00f3 otra edici\u00f3n importante que hizo G\u00f3nz\u00e1lez Romero. Por \u00faltimo, en 2018 apareci\u00f3 el libro &#8216;Estampas. Literatura y periodismo de vanguardia&#8217;, que ya recog\u00eda la &#8216;obra completa&#8217; de este autor. Esa edici\u00f3n la prepararon Gonz\u00e1lez Romero, Rina y Rond\u00f3n. Dice este periodista que N\u00fa\u00f1ez de Herrera era \u00abun prosista avanzado de vanguardia porque escrib\u00eda a pie de calle. Crea un g\u00e9nero literario y period\u00edstico propio porque usa la palabra &#8216;estampa&#8217; de forma recurrente en sus art\u00edculos para textos que mezclaban la fina observaci\u00f3n de la realidad, la cr\u00edtica social, el humor y las im\u00e1genes arriesgadas y vanguardistas\u00bb. Adem\u00e1s, public\u00f3 en noviembre de 1927 una antolog\u00eda de poetas del 27 -Lorca, Alberti, Bacarise, Romero Murube, Collante de Ter\u00e1n-. \u00abEra la primera vez que alguien llamba la atenci\u00f3n sobre el hecho de que hab\u00eda una poes\u00eda del 27, y lo hace un mes antes de los actos de Sevilla, a los que \u00e9l tambi\u00e9n acudi\u00f3\u00bb, indica Rond\u00f3n.<\/p>\n<p class=\"v-d-p\">En la revista se incluyen cuatro textos in\u00e9ditos de N\u00fa\u00f1ez de Herrera. Por una parte, aparece uno de los primeros art\u00edculos que publica en El Noticiero Sevillano en agosto del 29. Tambi\u00e9n aparece un poema sobre los reyes magos que gan\u00f3 un premio municipal en Sevilla, una colaboraci\u00f3n en la revista &#8216;S\u00edntesis&#8217;, que diri\u00eda Mart\u00edn Noel, el arquitecto responsable del pabell\u00f3n de Argentina de la Exposici\u00f3n del 29, y un texto politico donde se denunciaba las dificultades que tiene el pueblo para acceder a la harina y al trigo.<\/p>\n<p><a href=\"https:\/\/fundacioncajaruraldelsur.com\/wp-content\/uploads\/2026\/03\/1000030483-scaled.jpg\" rel=\"lightbox-0\"><img loading=\"lazy\" decoding=\"async\" class=\"alignnone wp-image-12589 size-full\" src=\"https:\/\/fundacioncajaruraldelsur.com\/wp-content\/uploads\/2026\/03\/1000030483-scaled.jpg\" alt=\"\" width=\"2560\" height=\"1707\" srcset=\"https:\/\/fundacioncajaruraldelsur.com\/wp-content\/uploads\/2026\/03\/1000030483-scaled.jpg 2560w, https:\/\/fundacioncajaruraldelsur.com\/wp-content\/uploads\/2026\/03\/1000030483-300x200.jpg 300w, https:\/\/fundacioncajaruraldelsur.com\/wp-content\/uploads\/2026\/03\/1000030483-1024x683.jpg 1024w, https:\/\/fundacioncajaruraldelsur.com\/wp-content\/uploads\/2026\/03\/1000030483-768x512.jpg 768w, https:\/\/fundacioncajaruraldelsur.com\/wp-content\/uploads\/2026\/03\/1000030483-1536x1024.jpg 1536w, https:\/\/fundacioncajaruraldelsur.com\/wp-content\/uploads\/2026\/03\/1000030483-2048x1365.jpg 2048w, https:\/\/fundacioncajaruraldelsur.com\/wp-content\/uploads\/2026\/03\/1000030483-18x12.jpg 18w\" sizes=\"auto, (max-width: 2560px) 100vw, 2560px\" \/><\/a> <a href=\"https:\/\/fundacioncajaruraldelsur.com\/wp-content\/uploads\/2026\/03\/1000030568.jpg\" rel=\"lightbox-1\"><img loading=\"lazy\" decoding=\"async\" class=\"alignnone wp-image-12590 size-full\" src=\"https:\/\/fundacioncajaruraldelsur.com\/wp-content\/uploads\/2026\/03\/1000030568.jpg\" alt=\"\" width=\"2048\" height=\"1536\" srcset=\"https:\/\/fundacioncajaruraldelsur.com\/wp-content\/uploads\/2026\/03\/1000030568.jpg 2048w, https:\/\/fundacioncajaruraldelsur.com\/wp-content\/uploads\/2026\/03\/1000030568-300x225.jpg 300w, https:\/\/fundacioncajaruraldelsur.com\/wp-content\/uploads\/2026\/03\/1000030568-1024x768.jpg 1024w, https:\/\/fundacioncajaruraldelsur.com\/wp-content\/uploads\/2026\/03\/1000030568-768x576.jpg 768w, https:\/\/fundacioncajaruraldelsur.com\/wp-content\/uploads\/2026\/03\/1000030568-1536x1152.jpg 1536w, https:\/\/fundacioncajaruraldelsur.com\/wp-content\/uploads\/2026\/03\/1000030568-16x12.jpg 16w\" sizes=\"auto, (max-width: 2048px) 100vw, 2048px\" \/><\/a><\/p>\n<\/div>","protected":false},"excerpt":{"rendered":"<p>El centro cultural Garc\u00eda Palacios-Caja Rural del Sur ha acogido esta tarde la presentaci\u00f3n de un n\u00famero doble especial de la revista &#8216;Turia&#8217;\u00a0que incluye un monogr\u00e1fico dedicado a\u00a0Antonio N\u00fa\u00f1ez de [&hellip;]<\/p>\n","protected":false},"author":6,"featured_media":12591,"comment_status":"closed","ping_status":"closed","sticky":false,"template":"","format":"standard","meta":{"footnotes":""},"categories":[84],"tags":[],"class_list":["post-12588","post","type-post","status-publish","format-standard","has-post-thumbnail","hentry","category-presentaciones"],"yoast_head":"<!-- This site is optimized with the Yoast SEO plugin v27.3 - https:\/\/yoast.com\/product\/yoast-seo-wordpress\/ -->\n<title>Presentado en la Fundaci\u00f3n Caja Rural del Sur un monogr\u00e1fico de la revista &#039;Turia&#039; - Fundaci\u00f3n Caja Rural del Sur<\/title>\n<meta name=\"robots\" content=\"index, follow, max-snippet:-1, max-image-preview:large, max-video-preview:-1\" \/>\n<link rel=\"canonical\" href=\"https:\/\/fundacioncajaruraldelsur.com\/pt\/presentado-en-la-fundacion-caja-rural-del-sur-un-monografico-de-la-revista-turia\/\" \/>\n<meta property=\"og:locale\" content=\"pt_PT\" \/>\n<meta property=\"og:type\" content=\"article\" \/>\n<meta property=\"og:title\" content=\"Presentado en la Fundaci\u00f3n Caja Rural del Sur un monogr\u00e1fico de la revista &#039;Turia&#039; - Fundaci\u00f3n Caja Rural del Sur\" \/>\n<meta property=\"og:description\" content=\"El centro cultural Garc\u00eda Palacios-Caja Rural del Sur ha acogido esta tarde la presentaci\u00f3n de un n\u00famero doble especial de la revista &#8216;Turia&#8217;\u00a0que incluye un monogr\u00e1fico dedicado a\u00a0Antonio N\u00fa\u00f1ez de [&hellip;]\" \/>\n<meta property=\"og:url\" content=\"https:\/\/fundacioncajaruraldelsur.com\/pt\/presentado-en-la-fundacion-caja-rural-del-sur-un-monografico-de-la-revista-turia\/\" \/>\n<meta property=\"og:site_name\" content=\"Fundaci\u00f3n Caja Rural del Sur\" \/>\n<meta property=\"article:published_time\" content=\"2026-03-19T13:31:49+00:00\" \/>\n<meta property=\"og:image\" content=\"https:\/\/fundacioncajaruraldelsur.com\/wp-content\/uploads\/2026\/03\/1000030410-scaled.jpg\" \/>\n\t<meta property=\"og:image:width\" content=\"2560\" \/>\n\t<meta property=\"og:image:height\" content=\"1707\" \/>\n\t<meta property=\"og:image:type\" content=\"image\/jpeg\" \/>\n<meta name=\"author\" content=\"Comunicaci\u00f3n\" \/>\n<meta name=\"twitter:card\" content=\"summary_large_image\" \/>\n<meta name=\"twitter:label1\" content=\"Written by\" \/>\n\t<meta name=\"twitter:data1\" content=\"Comunicaci\u00f3n\" \/>\n\t<meta name=\"twitter:label2\" content=\"Est. reading time\" \/>\n\t<meta name=\"twitter:data2\" content=\"5 minutes\" \/>\n<script type=\"application\/ld+json\" class=\"yoast-schema-graph\">{\"@context\":\"https:\\\/\\\/schema.org\",\"@graph\":[{\"@type\":\"Article\",\"@id\":\"https:\\\/\\\/fundacioncajaruraldelsur.com\\\/presentado-en-la-fundacion-caja-rural-del-sur-un-monografico-de-la-revista-turia\\\/#article\",\"isPartOf\":{\"@id\":\"https:\\\/\\\/fundacioncajaruraldelsur.com\\\/presentado-en-la-fundacion-caja-rural-del-sur-un-monografico-de-la-revista-turia\\\/\"},\"author\":{\"name\":\"Comunicaci\u00f3n\",\"@id\":\"https:\\\/\\\/fundacioncajaruraldelsur.com\\\/#\\\/schema\\\/person\\\/f430da9fb783d505ff061ad8b3d44577\"},\"headline\":\"Presentado en la Fundaci\u00f3n Caja Rural del Sur un monogr\u00e1fico de la revista &#8216;Turia&#8217;\",\"datePublished\":\"2026-03-19T13:31:49+00:00\",\"mainEntityOfPage\":{\"@id\":\"https:\\\/\\\/fundacioncajaruraldelsur.com\\\/presentado-en-la-fundacion-caja-rural-del-sur-un-monografico-de-la-revista-turia\\\/\"},\"wordCount\":857,\"image\":{\"@id\":\"https:\\\/\\\/fundacioncajaruraldelsur.com\\\/presentado-en-la-fundacion-caja-rural-del-sur-un-monografico-de-la-revista-turia\\\/#primaryimage\"},\"thumbnailUrl\":\"https:\\\/\\\/fundacioncajaruraldelsur.com\\\/wp-content\\\/uploads\\\/2026\\\/03\\\/1000030410-scaled.jpg\",\"articleSection\":[\"Presentaciones\"],\"inLanguage\":\"pt-PT\"},{\"@type\":\"WebPage\",\"@id\":\"https:\\\/\\\/fundacioncajaruraldelsur.com\\\/presentado-en-la-fundacion-caja-rural-del-sur-un-monografico-de-la-revista-turia\\\/\",\"url\":\"https:\\\/\\\/fundacioncajaruraldelsur.com\\\/presentado-en-la-fundacion-caja-rural-del-sur-un-monografico-de-la-revista-turia\\\/\",\"name\":\"Presentado en la Fundaci\u00f3n Caja Rural del Sur un monogr\u00e1fico de la revista 'Turia' - Fundaci\u00f3n Caja Rural del Sur\",\"isPartOf\":{\"@id\":\"https:\\\/\\\/fundacioncajaruraldelsur.com\\\/#website\"},\"primaryImageOfPage\":{\"@id\":\"https:\\\/\\\/fundacioncajaruraldelsur.com\\\/presentado-en-la-fundacion-caja-rural-del-sur-un-monografico-de-la-revista-turia\\\/#primaryimage\"},\"image\":{\"@id\":\"https:\\\/\\\/fundacioncajaruraldelsur.com\\\/presentado-en-la-fundacion-caja-rural-del-sur-un-monografico-de-la-revista-turia\\\/#primaryimage\"},\"thumbnailUrl\":\"https:\\\/\\\/fundacioncajaruraldelsur.com\\\/wp-content\\\/uploads\\\/2026\\\/03\\\/1000030410-scaled.jpg\",\"datePublished\":\"2026-03-19T13:31:49+00:00\",\"author\":{\"@id\":\"https:\\\/\\\/fundacioncajaruraldelsur.com\\\/#\\\/schema\\\/person\\\/f430da9fb783d505ff061ad8b3d44577\"},\"breadcrumb\":{\"@id\":\"https:\\\/\\\/fundacioncajaruraldelsur.com\\\/presentado-en-la-fundacion-caja-rural-del-sur-un-monografico-de-la-revista-turia\\\/#breadcrumb\"},\"inLanguage\":\"pt-PT\",\"potentialAction\":[{\"@type\":\"ReadAction\",\"target\":[\"https:\\\/\\\/fundacioncajaruraldelsur.com\\\/presentado-en-la-fundacion-caja-rural-del-sur-un-monografico-de-la-revista-turia\\\/\"]}]},{\"@type\":\"ImageObject\",\"inLanguage\":\"pt-PT\",\"@id\":\"https:\\\/\\\/fundacioncajaruraldelsur.com\\\/presentado-en-la-fundacion-caja-rural-del-sur-un-monografico-de-la-revista-turia\\\/#primaryimage\",\"url\":\"https:\\\/\\\/fundacioncajaruraldelsur.com\\\/wp-content\\\/uploads\\\/2026\\\/03\\\/1000030410-scaled.jpg\",\"contentUrl\":\"https:\\\/\\\/fundacioncajaruraldelsur.com\\\/wp-content\\\/uploads\\\/2026\\\/03\\\/1000030410-scaled.jpg\",\"width\":2560,\"height\":1707},{\"@type\":\"BreadcrumbList\",\"@id\":\"https:\\\/\\\/fundacioncajaruraldelsur.com\\\/presentado-en-la-fundacion-caja-rural-del-sur-un-monografico-de-la-revista-turia\\\/#breadcrumb\",\"itemListElement\":[{\"@type\":\"ListItem\",\"position\":1,\"name\":\"Portada\",\"item\":\"https:\\\/\\\/fundacioncajaruraldelsur.com\\\/\"},{\"@type\":\"ListItem\",\"position\":2,\"name\":\"Presentado en la Fundaci\u00f3n Caja Rural del Sur un monogr\u00e1fico de la revista &#8216;Turia&#8217;\"}]},{\"@type\":\"WebSite\",\"@id\":\"https:\\\/\\\/fundacioncajaruraldelsur.com\\\/#website\",\"url\":\"https:\\\/\\\/fundacioncajaruraldelsur.com\\\/\",\"name\":\"Fundaci\u00f3n Caja Rural del Sur\",\"description\":\"\",\"potentialAction\":[{\"@type\":\"SearchAction\",\"target\":{\"@type\":\"EntryPoint\",\"urlTemplate\":\"https:\\\/\\\/fundacioncajaruraldelsur.com\\\/?s={search_term_string}\"},\"query-input\":{\"@type\":\"PropertyValueSpecification\",\"valueRequired\":true,\"valueName\":\"search_term_string\"}}],\"inLanguage\":\"pt-PT\"},{\"@type\":\"Person\",\"@id\":\"https:\\\/\\\/fundacioncajaruraldelsur.com\\\/#\\\/schema\\\/person\\\/f430da9fb783d505ff061ad8b3d44577\",\"name\":\"Comunicaci\u00f3n\",\"image\":{\"@type\":\"ImageObject\",\"inLanguage\":\"pt-PT\",\"@id\":\"https:\\\/\\\/secure.gravatar.com\\\/avatar\\\/0dca239875993680bac4603ad2de7942da018f52cc3a244578e0b3b09314a8d8?s=96&d=blank&r=g\",\"url\":\"https:\\\/\\\/secure.gravatar.com\\\/avatar\\\/0dca239875993680bac4603ad2de7942da018f52cc3a244578e0b3b09314a8d8?s=96&d=blank&r=g\",\"contentUrl\":\"https:\\\/\\\/secure.gravatar.com\\\/avatar\\\/0dca239875993680bac4603ad2de7942da018f52cc3a244578e0b3b09314a8d8?s=96&d=blank&r=g\",\"caption\":\"Comunicaci\u00f3n\"}}]}<\/script>\n<!-- \/ Yoast SEO plugin. -->","yoast_head_json":{"title":"Presentado en la Fundaci\u00f3n Caja Rural del Sur un monogr\u00e1fico de la revista 'Turia' - Fundaci\u00f3n Caja Rural del Sur","robots":{"index":"index","follow":"follow","max-snippet":"max-snippet:-1","max-image-preview":"max-image-preview:large","max-video-preview":"max-video-preview:-1"},"canonical":"https:\/\/fundacioncajaruraldelsur.com\/pt\/presentado-en-la-fundacion-caja-rural-del-sur-un-monografico-de-la-revista-turia\/","og_locale":"pt_PT","og_type":"article","og_title":"Presentado en la Fundaci\u00f3n Caja Rural del Sur un monogr\u00e1fico de la revista 'Turia' - Fundaci\u00f3n Caja Rural del Sur","og_description":"El centro cultural Garc\u00eda Palacios-Caja Rural del Sur ha acogido esta tarde la presentaci\u00f3n de un n\u00famero doble especial de la revista &#8216;Turia&#8217;\u00a0que incluye un monogr\u00e1fico dedicado a\u00a0Antonio N\u00fa\u00f1ez de [&hellip;]","og_url":"https:\/\/fundacioncajaruraldelsur.com\/pt\/presentado-en-la-fundacion-caja-rural-del-sur-un-monografico-de-la-revista-turia\/","og_site_name":"Fundaci\u00f3n Caja Rural del Sur","article_published_time":"2026-03-19T13:31:49+00:00","og_image":[{"width":2560,"height":1707,"url":"https:\/\/fundacioncajaruraldelsur.com\/wp-content\/uploads\/2026\/03\/1000030410-scaled.jpg","type":"image\/jpeg"}],"author":"Comunicaci\u00f3n","twitter_card":"summary_large_image","twitter_misc":{"Written by":"Comunicaci\u00f3n","Est. reading time":"5 minutes"},"schema":{"@context":"https:\/\/schema.org","@graph":[{"@type":"Article","@id":"https:\/\/fundacioncajaruraldelsur.com\/presentado-en-la-fundacion-caja-rural-del-sur-un-monografico-de-la-revista-turia\/#article","isPartOf":{"@id":"https:\/\/fundacioncajaruraldelsur.com\/presentado-en-la-fundacion-caja-rural-del-sur-un-monografico-de-la-revista-turia\/"},"author":{"name":"Comunicaci\u00f3n","@id":"https:\/\/fundacioncajaruraldelsur.com\/#\/schema\/person\/f430da9fb783d505ff061ad8b3d44577"},"headline":"Presentado en la Fundaci\u00f3n Caja Rural del Sur un monogr\u00e1fico de la revista &#8216;Turia&#8217;","datePublished":"2026-03-19T13:31:49+00:00","mainEntityOfPage":{"@id":"https:\/\/fundacioncajaruraldelsur.com\/presentado-en-la-fundacion-caja-rural-del-sur-un-monografico-de-la-revista-turia\/"},"wordCount":857,"image":{"@id":"https:\/\/fundacioncajaruraldelsur.com\/presentado-en-la-fundacion-caja-rural-del-sur-un-monografico-de-la-revista-turia\/#primaryimage"},"thumbnailUrl":"https:\/\/fundacioncajaruraldelsur.com\/wp-content\/uploads\/2026\/03\/1000030410-scaled.jpg","articleSection":["Presentaciones"],"inLanguage":"pt-PT"},{"@type":"WebPage","@id":"https:\/\/fundacioncajaruraldelsur.com\/presentado-en-la-fundacion-caja-rural-del-sur-un-monografico-de-la-revista-turia\/","url":"https:\/\/fundacioncajaruraldelsur.com\/presentado-en-la-fundacion-caja-rural-del-sur-un-monografico-de-la-revista-turia\/","name":"Presentado en la Fundaci\u00f3n Caja Rural del Sur un monogr\u00e1fico de la revista 'Turia' - Fundaci\u00f3n Caja Rural del Sur","isPartOf":{"@id":"https:\/\/fundacioncajaruraldelsur.com\/#website"},"primaryImageOfPage":{"@id":"https:\/\/fundacioncajaruraldelsur.com\/presentado-en-la-fundacion-caja-rural-del-sur-un-monografico-de-la-revista-turia\/#primaryimage"},"image":{"@id":"https:\/\/fundacioncajaruraldelsur.com\/presentado-en-la-fundacion-caja-rural-del-sur-un-monografico-de-la-revista-turia\/#primaryimage"},"thumbnailUrl":"https:\/\/fundacioncajaruraldelsur.com\/wp-content\/uploads\/2026\/03\/1000030410-scaled.jpg","datePublished":"2026-03-19T13:31:49+00:00","author":{"@id":"https:\/\/fundacioncajaruraldelsur.com\/#\/schema\/person\/f430da9fb783d505ff061ad8b3d44577"},"breadcrumb":{"@id":"https:\/\/fundacioncajaruraldelsur.com\/presentado-en-la-fundacion-caja-rural-del-sur-un-monografico-de-la-revista-turia\/#breadcrumb"},"inLanguage":"pt-PT","potentialAction":[{"@type":"ReadAction","target":["https:\/\/fundacioncajaruraldelsur.com\/presentado-en-la-fundacion-caja-rural-del-sur-un-monografico-de-la-revista-turia\/"]}]},{"@type":"ImageObject","inLanguage":"pt-PT","@id":"https:\/\/fundacioncajaruraldelsur.com\/presentado-en-la-fundacion-caja-rural-del-sur-un-monografico-de-la-revista-turia\/#primaryimage","url":"https:\/\/fundacioncajaruraldelsur.com\/wp-content\/uploads\/2026\/03\/1000030410-scaled.jpg","contentUrl":"https:\/\/fundacioncajaruraldelsur.com\/wp-content\/uploads\/2026\/03\/1000030410-scaled.jpg","width":2560,"height":1707},{"@type":"BreadcrumbList","@id":"https:\/\/fundacioncajaruraldelsur.com\/presentado-en-la-fundacion-caja-rural-del-sur-un-monografico-de-la-revista-turia\/#breadcrumb","itemListElement":[{"@type":"ListItem","position":1,"name":"Portada","item":"https:\/\/fundacioncajaruraldelsur.com\/"},{"@type":"ListItem","position":2,"name":"Presentado en la Fundaci\u00f3n Caja Rural del Sur un monogr\u00e1fico de la revista &#8216;Turia&#8217;"}]},{"@type":"WebSite","@id":"https:\/\/fundacioncajaruraldelsur.com\/#website","url":"https:\/\/fundacioncajaruraldelsur.com\/","name":"Funda\u00e7\u00e3o Caja Rural del Sur","description":"","potentialAction":[{"@type":"SearchAction","target":{"@type":"EntryPoint","urlTemplate":"https:\/\/fundacioncajaruraldelsur.com\/?s={search_term_string}"},"query-input":{"@type":"PropertyValueSpecification","valueRequired":true,"valueName":"search_term_string"}}],"inLanguage":"pt-PT"},{"@type":"Person","@id":"https:\/\/fundacioncajaruraldelsur.com\/#\/schema\/person\/f430da9fb783d505ff061ad8b3d44577","name":"Comunicaci\u00f3n","image":{"@type":"ImageObject","inLanguage":"pt-PT","@id":"https:\/\/secure.gravatar.com\/avatar\/0dca239875993680bac4603ad2de7942da018f52cc3a244578e0b3b09314a8d8?s=96&d=blank&r=g","url":"https:\/\/secure.gravatar.com\/avatar\/0dca239875993680bac4603ad2de7942da018f52cc3a244578e0b3b09314a8d8?s=96&d=blank&r=g","contentUrl":"https:\/\/secure.gravatar.com\/avatar\/0dca239875993680bac4603ad2de7942da018f52cc3a244578e0b3b09314a8d8?s=96&d=blank&r=g","caption":"Comunicaci\u00f3n"}}]}},"rttpg_featured_image_url":{"full":["https:\/\/fundacioncajaruraldelsur.com\/wp-content\/uploads\/2026\/03\/1000030410-scaled.jpg",2560,1707,false],"landscape":["https:\/\/fundacioncajaruraldelsur.com\/wp-content\/uploads\/2026\/03\/1000030410-scaled.jpg",2560,1707,false],"portraits":["https:\/\/fundacioncajaruraldelsur.com\/wp-content\/uploads\/2026\/03\/1000030410-scaled.jpg",2560,1707,false],"thumbnail":["https:\/\/fundacioncajaruraldelsur.com\/wp-content\/uploads\/2026\/03\/1000030410-150x150.jpg",150,150,true],"medium":["https:\/\/fundacioncajaruraldelsur.com\/wp-content\/uploads\/2026\/03\/1000030410-300x200.jpg",300,200,true],"large":["https:\/\/fundacioncajaruraldelsur.com\/wp-content\/uploads\/2026\/03\/1000030410-1024x683.jpg",960,640,true],"1536x1536":["https:\/\/fundacioncajaruraldelsur.com\/wp-content\/uploads\/2026\/03\/1000030410-1536x1024.jpg",1536,1024,true],"2048x2048":["https:\/\/fundacioncajaruraldelsur.com\/wp-content\/uploads\/2026\/03\/1000030410-2048x1365.jpg",2048,1365,true],"trp-custom-language-flag":["https:\/\/fundacioncajaruraldelsur.com\/wp-content\/uploads\/2026\/03\/1000030410-18x12.jpg",18,12,true],"blog-thumbnail":["https:\/\/fundacioncajaruraldelsur.com\/wp-content\/uploads\/2026\/03\/1000030410-400x200.jpg",400,200,true]},"rttpg_author":{"display_name":"Comunicaci\u00f3n","author_link":"https:\/\/fundacioncajaruraldelsur.com\/pt\/author\/sevillaadmin\/"},"rttpg_comment":0,"rttpg_category":"<a href=\"https:\/\/fundacioncajaruraldelsur.com\/pt\/category\/presentaciones\/\" rel=\"category tag\">Presentaciones<\/a>","rttpg_excerpt":"El centro cultural Garc\u00eda Palacios-Caja Rural del Sur ha acogido esta tarde la presentaci\u00f3n de un n\u00famero doble especial de la revista &#8216;Turia&#8217;\u00a0que incluye un monogr\u00e1fico dedicado a\u00a0Antonio N\u00fa\u00f1ez de [&hellip;]","_links":{"self":[{"href":"https:\/\/fundacioncajaruraldelsur.com\/pt\/wp-json\/wp\/v2\/posts\/12588","targetHints":{"allow":["GET"]}}],"collection":[{"href":"https:\/\/fundacioncajaruraldelsur.com\/pt\/wp-json\/wp\/v2\/posts"}],"about":[{"href":"https:\/\/fundacioncajaruraldelsur.com\/pt\/wp-json\/wp\/v2\/types\/post"}],"author":[{"embeddable":true,"href":"https:\/\/fundacioncajaruraldelsur.com\/pt\/wp-json\/wp\/v2\/users\/6"}],"replies":[{"embeddable":true,"href":"https:\/\/fundacioncajaruraldelsur.com\/pt\/wp-json\/wp\/v2\/comments?post=12588"}],"version-history":[{"count":1,"href":"https:\/\/fundacioncajaruraldelsur.com\/pt\/wp-json\/wp\/v2\/posts\/12588\/revisions"}],"predecessor-version":[{"id":12592,"href":"https:\/\/fundacioncajaruraldelsur.com\/pt\/wp-json\/wp\/v2\/posts\/12588\/revisions\/12592"}],"wp:featuredmedia":[{"embeddable":true,"href":"https:\/\/fundacioncajaruraldelsur.com\/pt\/wp-json\/wp\/v2\/media\/12591"}],"wp:attachment":[{"href":"https:\/\/fundacioncajaruraldelsur.com\/pt\/wp-json\/wp\/v2\/media?parent=12588"}],"wp:term":[{"taxonomy":"category","embeddable":true,"href":"https:\/\/fundacioncajaruraldelsur.com\/pt\/wp-json\/wp\/v2\/categories?post=12588"},{"taxonomy":"post_tag","embeddable":true,"href":"https:\/\/fundacioncajaruraldelsur.com\/pt\/wp-json\/wp\/v2\/tags?post=12588"}],"curies":[{"name":"wp","href":"https:\/\/api.w.org\/{rel}","templated":true}]}}