{"id":12515,"date":"2026-03-05T08:51:10","date_gmt":"2026-03-05T07:51:10","guid":{"rendered":"https:\/\/fundacioncajaruraldelsur.com\/?p=12515"},"modified":"2026-03-05T08:51:57","modified_gmt":"2026-03-05T07:51:57","slug":"i-foro-de-empresas-socialmente-comprometidas-las-empresas-apuestan-por-la-educacion-y-la-colaboracion-en-la-accion-social","status":"publish","type":"post","link":"https:\/\/fundacioncajaruraldelsur.com\/pt\/i-foro-de-empresas-socialmente-comprometidas-las-empresas-apuestan-por-la-educacion-y-la-colaboracion-en-la-accion-social\/","title":{"rendered":"I Foro de Empresas Socialmente Comprometidas: las empresas apuestan por la educaci\u00f3n y la colaboraci\u00f3n en la acci\u00f3n social"},"content":{"rendered":"<p style=\"font-weight: 400;\"><strong>El I Foro de Empresas Socialmente Comprometidas, organizado por Manos Unidas y la Fundaci\u00f3n Caja rural del Sur, celebrado el mi\u00e9rcoles, 4 de marzo,<\/strong>\u00a0ha puesto sobre la mesa un mensaje claro: la responsabilidad social ya no es un elemento accesorio, sino parte esencial de la identidad empresarial y una herramienta decisiva para generar oportunidades, cohesi\u00f3n y desarrollo sostenible.<\/p>\n<p style=\"font-weight: 400;\">Durante la jornada, celebrada en el <strong>espacio esc\u00e9nico de las Cocheras del Puerto de Huelva<\/strong>, representantes de compa\u00f1\u00edas de distintos sectores compartieron experiencias y proyectos que demuestran c\u00f3mo la acci\u00f3n social, cuando se integra en la estrategia corporativa, se traduce en resultados tangibles para la sociedad.<\/p>\n<p style=\"font-weight: 400;\"><strong>El modelo cooperativo ha tenido un papel destacado en el foro. Jos\u00e9 Luis Garc\u00eda-Palacios, presidente de Caja Rural del Sur y su Fundaci\u00f3n<\/strong>, ha defendido la singularidad pues \u201cmantenemos nuestras se\u00f1as de identidad, muy vinculadas al territorio\u201d, remarcando \u201cla implicaci\u00f3n transversal de la cooperativa en educaci\u00f3n, medio ambiente y colaboraci\u00f3n con fundaciones\u201d.<\/p>\n<p style=\"font-weight: 400;\"><strong>La presidenta de Manos Unidas Espa\u00f1a, Cecilia Pilar Gracia<\/strong>, se ha mostrado convencida de que \u201clas desigualdades que nos separan se pueden reducir si trabajamos juntos\u201d. Pilar ha instado a las empresas \u201ca adquirir compromisos para dar a las minor\u00edas el valor que merecen\u201d, ya que \u201clas empresas son el motor de la transformaci\u00f3n\u201d. La presidenta de Manos Unidas ha defendido que \u201ccuando las empresas y la sociedad trabajan juntos, el compromiso se fortalece y se convierte en acci\u00f3n\u201d.<\/p>\n<p style=\"font-weight: 400;\"><strong>El delegado territorial de Inclusi\u00f3n Social, Juventud, Familia e Igualdad de la Junta de Andaluc\u00eda en Huelva, Jos\u00e9 Manuel Borrero,<\/strong> ha explicado que \u201cla inclusi\u00f3n social es un compromiso con la sociedad en su conjunto\u201d. En est\u00e9 sentido, ha apuntado que \u201cla primera vulnerabilidad es la p\u00e9rdida de un trabajo, por lo que las empresas, al generar empleo, son un impulso para evitar la exclusi\u00f3n social\u201d. Sin embargo, ha a\u00f1adido que \u201ctambi\u00e9n deben incorporar en sus modelos la inclusi\u00f3n social y el respeto al medio ambiente, que se retroalimentan\u201d.<\/p>\n<p style=\"font-weight: 400;\"><strong>Por su parte, la teniente de alcaldesa del Ayuntamiento de Huelva, Adela de Mora,<\/strong> se ha referido a \u201clas numerosas estrategias dise\u00f1adas desde el consistorio onubense para construir una Huelva igualitaria, donde toda la sociedad se vea unida y representada\u201d De Mora ha abogado \u201cpor trabajar juntos administraciones, sociedad y empresas, que tienen un papel destacado en este sentido\u201d, algo que, desde su punto de vista \u201campl\u00eda la importancia de este foro que cuenta con un respaldo tan amplio de empresas detr\u00e1s\u201d.<\/p>\n<p style=\"font-weight: 400;\"><strong>Durante la mesa de trabajo que ha centrado la jornada<\/strong>, se ha reiterado que la rentabilidad econ\u00f3mica es imprescindible para la sostenibilidad de cualquier proyecto empresarial, pero que la responsabilidad social forma parte de la estrategia y debe estar alineada con la identidad de cada organizaci\u00f3n. Todos los ponentes coincidieron en se\u00f1alar que las empresas deben tener claro qui\u00e9nes son y c\u00f3mo actuar en cada \u00e1mbito.<\/p>\n<p style=\"font-weight: 400;\"><strong>Narciso Rojas, director de relaciones institucionales de la Fundaci\u00f3n Moeve<\/strong>, subray\u00f3 la importancia de trabajar desde la educaci\u00f3n para fomentar valores de compromiso y responsabilidad desde edades tempranas, convencido de que la transformaci\u00f3n social comienza en las aulas y se consolida en el entorno empresarial.<\/p>\n<p style=\"font-weight: 400;\">En la misma l\u00ednea, <strong>\u00c1ngeles S\u00e1nchez, directora de la Fundaci\u00f3n Atlantic Copper<\/strong>, destac\u00f3 el papel de la industria como agente dinamizador del territorio, impulsando iniciativas que conectan desarrollo econ\u00f3mico y compromiso social.<\/p>\n<p style=\"font-weight: 400;\"><strong>Una de las intervenciones m\u00e1s emotivas fue la de Pilar Kraan<\/strong>, <strong>directora de la Fundaci\u00f3n Grupo Azvi,<\/strong> quien expuso su trabajo con ni\u00f1os en distintos pa\u00edses de Sudam\u00e9rica y en Espa\u00f1a. Su testimonio record\u00f3 que, m\u00e1s all\u00e1 de cifras o indicadores, el verdadero alcance de estos proyectos se mide en historias personales que cambian vidas.<\/p>\n<p style=\"font-weight: 400;\">Por su parte, <strong>Luis Gonz\u00e1lez, director de S\u00e1nchez Romero Carvajal,<\/strong> puso el acento en el arraigo territorial. \u201cNuestra actividad se asienta mayoritariamente en zonas de la Espa\u00f1a vaciada. Fomentamos la estabilidad laboral y tenemos un objetivo claro: crear riqueza all\u00ed donde estamos\u201d, se\u00f1al\u00f3, defendiendo un modelo empresarial comprometido con el desarrollo local.<\/p>\n<p style=\"font-weight: 400;\">Desde el \u00e1mbito de los servicios p\u00fablicos, <strong>Natividad Moya, de Aguas de Huelva,<\/strong> explic\u00f3 los diversos proyectos de mejora medioambiental que impulsa la entidad, as\u00ed como la puesta en marcha de una c\u00e1tedra de innovaci\u00f3n social. Esta iniciativa busca generar sinergias con empresas como Moeve o Atlantic Copper para promover actuaciones conjuntas que contribuyan a mejorar el territorio.<\/p>\n<p style=\"font-weight: 400;\">Tras una pausa, <strong>el protagonismo fue para el chef \u00c1ngel Le\u00f3n, quien, con cinco estrellas Michelin y tres soles Repsol,<\/strong> expuso el proyecto que abarca Aponiente, su establecimiento ubicado en las marismas de C\u00e1diz \u201ccuyo verdadero alma es la tripulaci\u00f3n que lo hace posible\u201d. Una verdadera experiencia sensorial con el mar como protagonista.<\/p>\n<p style=\"font-weight: 400;\">El foro concluy\u00f3 con la entrega de un premio a la Fundaci\u00f3n Moeve que el responsable de relaciones institucionales para Andaluc\u00eda y Canarias de Moeve y su fundaci\u00f3n, Jes\u00fas Velasco, recogi\u00f3 de manos del presidente de Caja Rural del Sur.<\/p>\n<p style=\"font-weight: 400;\"><strong>Finaliza una primera edici\u00f3n del Foro de Empresas Socialmente Comprometidas, emplazando a la que tendr\u00e1 lugar el a\u00f1o que viene.<\/strong> Participantes y entidades implicadas han coincidido en destacar una apuesta compartida por la colaboraci\u00f3n como v\u00eda de futuro. Y es que la creaci\u00f3n de alianzas entre compa\u00f1\u00edas, administraciones y entidades sociales se perfila como el camino id\u00f3neo para construir proyectos comunes con impacto real. Porque, por encima de todo, los resultados de esta acci\u00f3n se traducen en historias humanas de superaci\u00f3n y progreso que mejoran directamente la vida de las personas.<\/p>\n<p><a href=\"https:\/\/fundacioncajaruraldelsur.com\/wp-content\/uploads\/2026\/03\/Captura-de-pantalla-2026-03-05-084520.jpg\" rel=\"lightbox-0\"><img loading=\"lazy\" decoding=\"async\" class=\"wp-image-12517 size-full aligncenter\" src=\"https:\/\/fundacioncajaruraldelsur.com\/wp-content\/uploads\/2026\/03\/Captura-de-pantalla-2026-03-05-084520.jpg\" alt=\"\" width=\"685\" height=\"441\" srcset=\"https:\/\/fundacioncajaruraldelsur.com\/wp-content\/uploads\/2026\/03\/Captura-de-pantalla-2026-03-05-084520.jpg 685w, https:\/\/fundacioncajaruraldelsur.com\/wp-content\/uploads\/2026\/03\/Captura-de-pantalla-2026-03-05-084520-300x193.jpg 300w, https:\/\/fundacioncajaruraldelsur.com\/wp-content\/uploads\/2026\/03\/Captura-de-pantalla-2026-03-05-084520-18x12.jpg 18w\" sizes=\"auto, (max-width: 685px) 100vw, 685px\" \/><\/a><\/p>","protected":false},"excerpt":{"rendered":"<p>El I Foro de Empresas Socialmente Comprometidas, organizado por Manos Unidas y la Fundaci\u00f3n Caja rural del Sur, celebrado el mi\u00e9rcoles, 4 de marzo,\u00a0ha puesto sobre la mesa un mensaje [&hellip;]<\/p>\n","protected":false},"author":6,"featured_media":12516,"comment_status":"closed","ping_status":"closed","sticky":false,"template":"","format":"standard","meta":{"footnotes":""},"categories":[66,84],"tags":[],"class_list":["post-12515","post","type-post","status-publish","format-standard","has-post-thumbnail","hentry","category-actos","category-presentaciones"],"yoast_head":"<!-- This site is optimized with the Yoast SEO plugin v27.3 - https:\/\/yoast.com\/product\/yoast-seo-wordpress\/ -->\n<title>I Foro de Empresas Socialmente Comprometidas: las empresas apuestan por la educaci\u00f3n y la colaboraci\u00f3n en la acci\u00f3n social - Fundaci\u00f3n Caja Rural del Sur<\/title>\n<meta name=\"robots\" content=\"index, follow, max-snippet:-1, max-image-preview:large, max-video-preview:-1\" \/>\n<link rel=\"canonical\" href=\"https:\/\/fundacioncajaruraldelsur.com\/pt\/i-foro-de-empresas-socialmente-comprometidas-las-empresas-apuestan-por-la-educacion-y-la-colaboracion-en-la-accion-social\/\" \/>\n<meta property=\"og:locale\" content=\"pt_PT\" \/>\n<meta property=\"og:type\" content=\"article\" \/>\n<meta property=\"og:title\" content=\"I Foro de Empresas Socialmente Comprometidas: las empresas apuestan por la educaci\u00f3n y la colaboraci\u00f3n en la acci\u00f3n social - Fundaci\u00f3n Caja Rural del Sur\" \/>\n<meta property=\"og:description\" content=\"El I Foro de Empresas Socialmente Comprometidas, organizado por Manos Unidas y la Fundaci\u00f3n Caja rural del Sur, celebrado el mi\u00e9rcoles, 4 de marzo,\u00a0ha puesto sobre la mesa un mensaje [&hellip;]\" \/>\n<meta property=\"og:url\" content=\"https:\/\/fundacioncajaruraldelsur.com\/pt\/i-foro-de-empresas-socialmente-comprometidas-las-empresas-apuestan-por-la-educacion-y-la-colaboracion-en-la-accion-social\/\" \/>\n<meta property=\"og:site_name\" content=\"Fundaci\u00f3n Caja Rural del Sur\" \/>\n<meta property=\"article:published_time\" content=\"2026-03-05T07:51:10+00:00\" \/>\n<meta property=\"article:modified_time\" content=\"2026-03-05T07:51:57+00:00\" \/>\n<meta property=\"og:image\" content=\"https:\/\/fundacioncajaruraldelsur.com\/wp-content\/uploads\/2026\/03\/Captura-de-pantalla-2026-03-05-084432.jpg\" \/>\n\t<meta property=\"og:image:width\" content=\"948\" \/>\n\t<meta property=\"og:image:height\" content=\"498\" \/>\n\t<meta property=\"og:image:type\" content=\"image\/jpeg\" \/>\n<meta name=\"author\" content=\"Comunicaci\u00f3n\" \/>\n<meta name=\"twitter:card\" content=\"summary_large_image\" \/>\n<meta name=\"twitter:label1\" content=\"Written by\" \/>\n\t<meta name=\"twitter:data1\" content=\"Comunicaci\u00f3n\" \/>\n\t<meta name=\"twitter:label2\" content=\"Est. reading time\" \/>\n\t<meta name=\"twitter:data2\" content=\"5 minutes\" \/>\n<script type=\"application\/ld+json\" class=\"yoast-schema-graph\">{\"@context\":\"https:\\\/\\\/schema.org\",\"@graph\":[{\"@type\":\"Article\",\"@id\":\"https:\\\/\\\/fundacioncajaruraldelsur.com\\\/i-foro-de-empresas-socialmente-comprometidas-las-empresas-apuestan-por-la-educacion-y-la-colaboracion-en-la-accion-social\\\/#article\",\"isPartOf\":{\"@id\":\"https:\\\/\\\/fundacioncajaruraldelsur.com\\\/i-foro-de-empresas-socialmente-comprometidas-las-empresas-apuestan-por-la-educacion-y-la-colaboracion-en-la-accion-social\\\/\"},\"author\":{\"name\":\"Comunicaci\u00f3n\",\"@id\":\"https:\\\/\\\/fundacioncajaruraldelsur.com\\\/#\\\/schema\\\/person\\\/f430da9fb783d505ff061ad8b3d44577\"},\"headline\":\"I Foro de Empresas Socialmente Comprometidas: las empresas apuestan por la educaci\u00f3n y la colaboraci\u00f3n en la acci\u00f3n social\",\"datePublished\":\"2026-03-05T07:51:10+00:00\",\"dateModified\":\"2026-03-05T07:51:57+00:00\",\"mainEntityOfPage\":{\"@id\":\"https:\\\/\\\/fundacioncajaruraldelsur.com\\\/i-foro-de-empresas-socialmente-comprometidas-las-empresas-apuestan-por-la-educacion-y-la-colaboracion-en-la-accion-social\\\/\"},\"wordCount\":990,\"image\":{\"@id\":\"https:\\\/\\\/fundacioncajaruraldelsur.com\\\/i-foro-de-empresas-socialmente-comprometidas-las-empresas-apuestan-por-la-educacion-y-la-colaboracion-en-la-accion-social\\\/#primaryimage\"},\"thumbnailUrl\":\"https:\\\/\\\/fundacioncajaruraldelsur.com\\\/wp-content\\\/uploads\\\/2026\\\/03\\\/Captura-de-pantalla-2026-03-05-084432.jpg\",\"articleSection\":[\"Actos\",\"Presentaciones\"],\"inLanguage\":\"pt-PT\"},{\"@type\":\"WebPage\",\"@id\":\"https:\\\/\\\/fundacioncajaruraldelsur.com\\\/i-foro-de-empresas-socialmente-comprometidas-las-empresas-apuestan-por-la-educacion-y-la-colaboracion-en-la-accion-social\\\/\",\"url\":\"https:\\\/\\\/fundacioncajaruraldelsur.com\\\/i-foro-de-empresas-socialmente-comprometidas-las-empresas-apuestan-por-la-educacion-y-la-colaboracion-en-la-accion-social\\\/\",\"name\":\"I Foro de Empresas Socialmente Comprometidas: las empresas apuestan por la educaci\u00f3n y la colaboraci\u00f3n en la acci\u00f3n social - Fundaci\u00f3n Caja Rural del Sur\",\"isPartOf\":{\"@id\":\"https:\\\/\\\/fundacioncajaruraldelsur.com\\\/#website\"},\"primaryImageOfPage\":{\"@id\":\"https:\\\/\\\/fundacioncajaruraldelsur.com\\\/i-foro-de-empresas-socialmente-comprometidas-las-empresas-apuestan-por-la-educacion-y-la-colaboracion-en-la-accion-social\\\/#primaryimage\"},\"image\":{\"@id\":\"https:\\\/\\\/fundacioncajaruraldelsur.com\\\/i-foro-de-empresas-socialmente-comprometidas-las-empresas-apuestan-por-la-educacion-y-la-colaboracion-en-la-accion-social\\\/#primaryimage\"},\"thumbnailUrl\":\"https:\\\/\\\/fundacioncajaruraldelsur.com\\\/wp-content\\\/uploads\\\/2026\\\/03\\\/Captura-de-pantalla-2026-03-05-084432.jpg\",\"datePublished\":\"2026-03-05T07:51:10+00:00\",\"dateModified\":\"2026-03-05T07:51:57+00:00\",\"author\":{\"@id\":\"https:\\\/\\\/fundacioncajaruraldelsur.com\\\/#\\\/schema\\\/person\\\/f430da9fb783d505ff061ad8b3d44577\"},\"breadcrumb\":{\"@id\":\"https:\\\/\\\/fundacioncajaruraldelsur.com\\\/i-foro-de-empresas-socialmente-comprometidas-las-empresas-apuestan-por-la-educacion-y-la-colaboracion-en-la-accion-social\\\/#breadcrumb\"},\"inLanguage\":\"pt-PT\",\"potentialAction\":[{\"@type\":\"ReadAction\",\"target\":[\"https:\\\/\\\/fundacioncajaruraldelsur.com\\\/i-foro-de-empresas-socialmente-comprometidas-las-empresas-apuestan-por-la-educacion-y-la-colaboracion-en-la-accion-social\\\/\"]}]},{\"@type\":\"ImageObject\",\"inLanguage\":\"pt-PT\",\"@id\":\"https:\\\/\\\/fundacioncajaruraldelsur.com\\\/i-foro-de-empresas-socialmente-comprometidas-las-empresas-apuestan-por-la-educacion-y-la-colaboracion-en-la-accion-social\\\/#primaryimage\",\"url\":\"https:\\\/\\\/fundacioncajaruraldelsur.com\\\/wp-content\\\/uploads\\\/2026\\\/03\\\/Captura-de-pantalla-2026-03-05-084432.jpg\",\"contentUrl\":\"https:\\\/\\\/fundacioncajaruraldelsur.com\\\/wp-content\\\/uploads\\\/2026\\\/03\\\/Captura-de-pantalla-2026-03-05-084432.jpg\",\"width\":948,\"height\":498},{\"@type\":\"BreadcrumbList\",\"@id\":\"https:\\\/\\\/fundacioncajaruraldelsur.com\\\/i-foro-de-empresas-socialmente-comprometidas-las-empresas-apuestan-por-la-educacion-y-la-colaboracion-en-la-accion-social\\\/#breadcrumb\",\"itemListElement\":[{\"@type\":\"ListItem\",\"position\":1,\"name\":\"Portada\",\"item\":\"https:\\\/\\\/fundacioncajaruraldelsur.com\\\/\"},{\"@type\":\"ListItem\",\"position\":2,\"name\":\"I Foro de Empresas Socialmente Comprometidas: las empresas apuestan por la educaci\u00f3n y la colaboraci\u00f3n en la acci\u00f3n social\"}]},{\"@type\":\"WebSite\",\"@id\":\"https:\\\/\\\/fundacioncajaruraldelsur.com\\\/#website\",\"url\":\"https:\\\/\\\/fundacioncajaruraldelsur.com\\\/\",\"name\":\"Fundaci\u00f3n Caja Rural del Sur\",\"description\":\"\",\"potentialAction\":[{\"@type\":\"SearchAction\",\"target\":{\"@type\":\"EntryPoint\",\"urlTemplate\":\"https:\\\/\\\/fundacioncajaruraldelsur.com\\\/?s={search_term_string}\"},\"query-input\":{\"@type\":\"PropertyValueSpecification\",\"valueRequired\":true,\"valueName\":\"search_term_string\"}}],\"inLanguage\":\"pt-PT\"},{\"@type\":\"Person\",\"@id\":\"https:\\\/\\\/fundacioncajaruraldelsur.com\\\/#\\\/schema\\\/person\\\/f430da9fb783d505ff061ad8b3d44577\",\"name\":\"Comunicaci\u00f3n\",\"image\":{\"@type\":\"ImageObject\",\"inLanguage\":\"pt-PT\",\"@id\":\"https:\\\/\\\/secure.gravatar.com\\\/avatar\\\/0dca239875993680bac4603ad2de7942da018f52cc3a244578e0b3b09314a8d8?s=96&d=blank&r=g\",\"url\":\"https:\\\/\\\/secure.gravatar.com\\\/avatar\\\/0dca239875993680bac4603ad2de7942da018f52cc3a244578e0b3b09314a8d8?s=96&d=blank&r=g\",\"contentUrl\":\"https:\\\/\\\/secure.gravatar.com\\\/avatar\\\/0dca239875993680bac4603ad2de7942da018f52cc3a244578e0b3b09314a8d8?s=96&d=blank&r=g\",\"caption\":\"Comunicaci\u00f3n\"}}]}<\/script>\n<!-- \/ Yoast SEO plugin. -->","yoast_head_json":{"title":"I Foro de Empresas Socialmente Comprometidas: las empresas apuestan por la educaci\u00f3n y la colaboraci\u00f3n en la acci\u00f3n social - Fundaci\u00f3n Caja Rural del Sur","robots":{"index":"index","follow":"follow","max-snippet":"max-snippet:-1","max-image-preview":"max-image-preview:large","max-video-preview":"max-video-preview:-1"},"canonical":"https:\/\/fundacioncajaruraldelsur.com\/pt\/i-foro-de-empresas-socialmente-comprometidas-las-empresas-apuestan-por-la-educacion-y-la-colaboracion-en-la-accion-social\/","og_locale":"pt_PT","og_type":"article","og_title":"I Foro de Empresas Socialmente Comprometidas: las empresas apuestan por la educaci\u00f3n y la colaboraci\u00f3n en la acci\u00f3n social - Fundaci\u00f3n Caja Rural del Sur","og_description":"El I Foro de Empresas Socialmente Comprometidas, organizado por Manos Unidas y la Fundaci\u00f3n Caja rural del Sur, celebrado el mi\u00e9rcoles, 4 de marzo,\u00a0ha puesto sobre la mesa un mensaje [&hellip;]","og_url":"https:\/\/fundacioncajaruraldelsur.com\/pt\/i-foro-de-empresas-socialmente-comprometidas-las-empresas-apuestan-por-la-educacion-y-la-colaboracion-en-la-accion-social\/","og_site_name":"Fundaci\u00f3n Caja Rural del Sur","article_published_time":"2026-03-05T07:51:10+00:00","article_modified_time":"2026-03-05T07:51:57+00:00","og_image":[{"width":948,"height":498,"url":"https:\/\/fundacioncajaruraldelsur.com\/wp-content\/uploads\/2026\/03\/Captura-de-pantalla-2026-03-05-084432.jpg","type":"image\/jpeg"}],"author":"Comunicaci\u00f3n","twitter_card":"summary_large_image","twitter_misc":{"Written by":"Comunicaci\u00f3n","Est. reading time":"5 minutes"},"schema":{"@context":"https:\/\/schema.org","@graph":[{"@type":"Article","@id":"https:\/\/fundacioncajaruraldelsur.com\/i-foro-de-empresas-socialmente-comprometidas-las-empresas-apuestan-por-la-educacion-y-la-colaboracion-en-la-accion-social\/#article","isPartOf":{"@id":"https:\/\/fundacioncajaruraldelsur.com\/i-foro-de-empresas-socialmente-comprometidas-las-empresas-apuestan-por-la-educacion-y-la-colaboracion-en-la-accion-social\/"},"author":{"name":"Comunicaci\u00f3n","@id":"https:\/\/fundacioncajaruraldelsur.com\/#\/schema\/person\/f430da9fb783d505ff061ad8b3d44577"},"headline":"I Foro de Empresas Socialmente Comprometidas: las empresas apuestan por la educaci\u00f3n y la colaboraci\u00f3n en la acci\u00f3n social","datePublished":"2026-03-05T07:51:10+00:00","dateModified":"2026-03-05T07:51:57+00:00","mainEntityOfPage":{"@id":"https:\/\/fundacioncajaruraldelsur.com\/i-foro-de-empresas-socialmente-comprometidas-las-empresas-apuestan-por-la-educacion-y-la-colaboracion-en-la-accion-social\/"},"wordCount":990,"image":{"@id":"https:\/\/fundacioncajaruraldelsur.com\/i-foro-de-empresas-socialmente-comprometidas-las-empresas-apuestan-por-la-educacion-y-la-colaboracion-en-la-accion-social\/#primaryimage"},"thumbnailUrl":"https:\/\/fundacioncajaruraldelsur.com\/wp-content\/uploads\/2026\/03\/Captura-de-pantalla-2026-03-05-084432.jpg","articleSection":["Actos","Presentaciones"],"inLanguage":"pt-PT"},{"@type":"WebPage","@id":"https:\/\/fundacioncajaruraldelsur.com\/i-foro-de-empresas-socialmente-comprometidas-las-empresas-apuestan-por-la-educacion-y-la-colaboracion-en-la-accion-social\/","url":"https:\/\/fundacioncajaruraldelsur.com\/i-foro-de-empresas-socialmente-comprometidas-las-empresas-apuestan-por-la-educacion-y-la-colaboracion-en-la-accion-social\/","name":"I Foro de Empresas Socialmente Comprometidas: las empresas apuestan por la educaci\u00f3n y la colaboraci\u00f3n en la acci\u00f3n social - Fundaci\u00f3n Caja Rural del Sur","isPartOf":{"@id":"https:\/\/fundacioncajaruraldelsur.com\/#website"},"primaryImageOfPage":{"@id":"https:\/\/fundacioncajaruraldelsur.com\/i-foro-de-empresas-socialmente-comprometidas-las-empresas-apuestan-por-la-educacion-y-la-colaboracion-en-la-accion-social\/#primaryimage"},"image":{"@id":"https:\/\/fundacioncajaruraldelsur.com\/i-foro-de-empresas-socialmente-comprometidas-las-empresas-apuestan-por-la-educacion-y-la-colaboracion-en-la-accion-social\/#primaryimage"},"thumbnailUrl":"https:\/\/fundacioncajaruraldelsur.com\/wp-content\/uploads\/2026\/03\/Captura-de-pantalla-2026-03-05-084432.jpg","datePublished":"2026-03-05T07:51:10+00:00","dateModified":"2026-03-05T07:51:57+00:00","author":{"@id":"https:\/\/fundacioncajaruraldelsur.com\/#\/schema\/person\/f430da9fb783d505ff061ad8b3d44577"},"breadcrumb":{"@id":"https:\/\/fundacioncajaruraldelsur.com\/i-foro-de-empresas-socialmente-comprometidas-las-empresas-apuestan-por-la-educacion-y-la-colaboracion-en-la-accion-social\/#breadcrumb"},"inLanguage":"pt-PT","potentialAction":[{"@type":"ReadAction","target":["https:\/\/fundacioncajaruraldelsur.com\/i-foro-de-empresas-socialmente-comprometidas-las-empresas-apuestan-por-la-educacion-y-la-colaboracion-en-la-accion-social\/"]}]},{"@type":"ImageObject","inLanguage":"pt-PT","@id":"https:\/\/fundacioncajaruraldelsur.com\/i-foro-de-empresas-socialmente-comprometidas-las-empresas-apuestan-por-la-educacion-y-la-colaboracion-en-la-accion-social\/#primaryimage","url":"https:\/\/fundacioncajaruraldelsur.com\/wp-content\/uploads\/2026\/03\/Captura-de-pantalla-2026-03-05-084432.jpg","contentUrl":"https:\/\/fundacioncajaruraldelsur.com\/wp-content\/uploads\/2026\/03\/Captura-de-pantalla-2026-03-05-084432.jpg","width":948,"height":498},{"@type":"BreadcrumbList","@id":"https:\/\/fundacioncajaruraldelsur.com\/i-foro-de-empresas-socialmente-comprometidas-las-empresas-apuestan-por-la-educacion-y-la-colaboracion-en-la-accion-social\/#breadcrumb","itemListElement":[{"@type":"ListItem","position":1,"name":"Portada","item":"https:\/\/fundacioncajaruraldelsur.com\/"},{"@type":"ListItem","position":2,"name":"I Foro de Empresas Socialmente Comprometidas: las empresas apuestan por la educaci\u00f3n y la colaboraci\u00f3n en la acci\u00f3n social"}]},{"@type":"WebSite","@id":"https:\/\/fundacioncajaruraldelsur.com\/#website","url":"https:\/\/fundacioncajaruraldelsur.com\/","name":"Funda\u00e7\u00e3o Caja Rural del Sur","description":"","potentialAction":[{"@type":"SearchAction","target":{"@type":"EntryPoint","urlTemplate":"https:\/\/fundacioncajaruraldelsur.com\/?s={search_term_string}"},"query-input":{"@type":"PropertyValueSpecification","valueRequired":true,"valueName":"search_term_string"}}],"inLanguage":"pt-PT"},{"@type":"Person","@id":"https:\/\/fundacioncajaruraldelsur.com\/#\/schema\/person\/f430da9fb783d505ff061ad8b3d44577","name":"Comunicaci\u00f3n","image":{"@type":"ImageObject","inLanguage":"pt-PT","@id":"https:\/\/secure.gravatar.com\/avatar\/0dca239875993680bac4603ad2de7942da018f52cc3a244578e0b3b09314a8d8?s=96&d=blank&r=g","url":"https:\/\/secure.gravatar.com\/avatar\/0dca239875993680bac4603ad2de7942da018f52cc3a244578e0b3b09314a8d8?s=96&d=blank&r=g","contentUrl":"https:\/\/secure.gravatar.com\/avatar\/0dca239875993680bac4603ad2de7942da018f52cc3a244578e0b3b09314a8d8?s=96&d=blank&r=g","caption":"Comunicaci\u00f3n"}}]}},"rttpg_featured_image_url":{"full":["https:\/\/fundacioncajaruraldelsur.com\/wp-content\/uploads\/2026\/03\/Captura-de-pantalla-2026-03-05-084432.jpg",948,498,false],"landscape":["https:\/\/fundacioncajaruraldelsur.com\/wp-content\/uploads\/2026\/03\/Captura-de-pantalla-2026-03-05-084432.jpg",948,498,false],"portraits":["https:\/\/fundacioncajaruraldelsur.com\/wp-content\/uploads\/2026\/03\/Captura-de-pantalla-2026-03-05-084432.jpg",948,498,false],"thumbnail":["https:\/\/fundacioncajaruraldelsur.com\/wp-content\/uploads\/2026\/03\/Captura-de-pantalla-2026-03-05-084432-150x150.jpg",150,150,true],"medium":["https:\/\/fundacioncajaruraldelsur.com\/wp-content\/uploads\/2026\/03\/Captura-de-pantalla-2026-03-05-084432-300x158.jpg",300,158,true],"large":["https:\/\/fundacioncajaruraldelsur.com\/wp-content\/uploads\/2026\/03\/Captura-de-pantalla-2026-03-05-084432.jpg",948,498,false],"1536x1536":["https:\/\/fundacioncajaruraldelsur.com\/wp-content\/uploads\/2026\/03\/Captura-de-pantalla-2026-03-05-084432.jpg",948,498,false],"2048x2048":["https:\/\/fundacioncajaruraldelsur.com\/wp-content\/uploads\/2026\/03\/Captura-de-pantalla-2026-03-05-084432.jpg",948,498,false],"trp-custom-language-flag":["https:\/\/fundacioncajaruraldelsur.com\/wp-content\/uploads\/2026\/03\/Captura-de-pantalla-2026-03-05-084432-18x9.jpg",18,9,true],"blog-thumbnail":["https:\/\/fundacioncajaruraldelsur.com\/wp-content\/uploads\/2026\/03\/Captura-de-pantalla-2026-03-05-084432-400x200.jpg",400,200,true]},"rttpg_author":{"display_name":"Comunicaci\u00f3n","author_link":"https:\/\/fundacioncajaruraldelsur.com\/pt\/author\/sevillaadmin\/"},"rttpg_comment":0,"rttpg_category":"<a href=\"https:\/\/fundacioncajaruraldelsur.com\/pt\/category\/actos\/\" rel=\"category tag\">Actos<\/a> <a href=\"https:\/\/fundacioncajaruraldelsur.com\/pt\/category\/presentaciones\/\" rel=\"category tag\">Presentaciones<\/a>","rttpg_excerpt":"El I Foro de Empresas Socialmente Comprometidas, organizado por Manos Unidas y la Fundaci\u00f3n Caja rural del Sur, celebrado el mi\u00e9rcoles, 4 de marzo,\u00a0ha puesto sobre la mesa un mensaje [&hellip;]","_links":{"self":[{"href":"https:\/\/fundacioncajaruraldelsur.com\/pt\/wp-json\/wp\/v2\/posts\/12515","targetHints":{"allow":["GET"]}}],"collection":[{"href":"https:\/\/fundacioncajaruraldelsur.com\/pt\/wp-json\/wp\/v2\/posts"}],"about":[{"href":"https:\/\/fundacioncajaruraldelsur.com\/pt\/wp-json\/wp\/v2\/types\/post"}],"author":[{"embeddable":true,"href":"https:\/\/fundacioncajaruraldelsur.com\/pt\/wp-json\/wp\/v2\/users\/6"}],"replies":[{"embeddable":true,"href":"https:\/\/fundacioncajaruraldelsur.com\/pt\/wp-json\/wp\/v2\/comments?post=12515"}],"version-history":[{"count":1,"href":"https:\/\/fundacioncajaruraldelsur.com\/pt\/wp-json\/wp\/v2\/posts\/12515\/revisions"}],"predecessor-version":[{"id":12518,"href":"https:\/\/fundacioncajaruraldelsur.com\/pt\/wp-json\/wp\/v2\/posts\/12515\/revisions\/12518"}],"wp:featuredmedia":[{"embeddable":true,"href":"https:\/\/fundacioncajaruraldelsur.com\/pt\/wp-json\/wp\/v2\/media\/12516"}],"wp:attachment":[{"href":"https:\/\/fundacioncajaruraldelsur.com\/pt\/wp-json\/wp\/v2\/media?parent=12515"}],"wp:term":[{"taxonomy":"category","embeddable":true,"href":"https:\/\/fundacioncajaruraldelsur.com\/pt\/wp-json\/wp\/v2\/categories?post=12515"},{"taxonomy":"post_tag","embeddable":true,"href":"https:\/\/fundacioncajaruraldelsur.com\/pt\/wp-json\/wp\/v2\/tags?post=12515"}],"curies":[{"name":"wp","href":"https:\/\/api.w.org\/{rel}","templated":true}]}}