{"id":12510,"date":"2026-03-03T20:09:37","date_gmt":"2026-03-03T19:09:37","guid":{"rendered":"https:\/\/fundacioncajaruraldelsur.com\/?p=12510"},"modified":"2026-03-03T20:10:46","modified_gmt":"2026-03-03T19:10:46","slug":"un-libro-recoge-25-anos-de-los-premios-taurinos-patrocinado-por-fundacion-caja-rural-del-sur","status":"publish","type":"post","link":"https:\/\/fundacioncajaruraldelsur.com\/pt\/un-libro-recoge-25-anos-de-los-premios-taurinos-patrocinado-por-fundacion-caja-rural-del-sur\/","title":{"rendered":"Un libro recoge 25 a\u00f1os de los Premios Taurinos patrocinado por la Fundaci\u00f3n Caja Rural del Sur"},"content":{"rendered":"<p>El delegado del Gobierno de la Junta de Andaluc\u00eda, Jos\u00e9 Manuel Correa, ha presentado este martes, 3 de marzo, en el <strong>Museo de Huelva<\/strong>\u00a0el\u00a0<strong>libro \u2018Memoria Taurina de Huelva\u2019,<\/strong>\u00a0patrocinado por la<strong>\u00a0Funda\u00e7\u00e3o Caja Rural del Sur<\/strong>, que conmemora los\u00a0<strong>25 a\u00f1os de los Premios Taurinos Provinciales<\/strong>, otorgados por la Delegaci\u00f3n del Gobierno andaluz, como \u00abfiel reflejo del profundo v\u00ednculo hist\u00f3rico, cultural, social, econ\u00f3mico e identitario de la provincia con la tauromaquia\u201d.<\/p>\n<p>El representante de la Junta y la responsable de Gesti\u00f3n Cultural de la Fundaci\u00f3n Caja Rural del Sur, Mar\u00eda Luisa Garc\u00eda-Palacios, acompa\u00f1ados del coordinador de la publicaci\u00f3n, Jos\u00e9 \u00c1ngel Ruciero, la han dado a conocer en un acto al que han asistido un n\u00famero importante de colaboradores de la misma.<\/p>\n<p>Correa ha destacado que \u00e9sta ha sido concebida para honrar, reconocer y poner en valor la historia reciente de la tauromaquia en la provincia a trav\u00e9s de la recopilaci\u00f3n de m\u00e1s de 40 art\u00edculos y fotograf\u00edas, adem\u00e1s de estad\u00edsticas y rese\u00f1as de las plazas de toros de la provincia de Huelva.<\/p>\n<p>\u2018Memoria Taurina de Huelva\u2019 recoge interesantes escritos a trav\u00e9s de una representaci\u00f3n de los actores implicados en el desarrollo de la Fiesta Nacional, desde toreros, banderilleros, picadores, y mozos de espada, as\u00ed como ganaderos, presidentes de plaza, delegados de autoridad, m\u00fasicos y funcionarios encargados de la aplicaci\u00f3n de la normativa legal. Tambi\u00e9n incluye la firma de periodistas y cr\u00edticos taurinos.<\/p>\n<p>El libro recopila las estad\u00edsticas de las 25 ediciones de los Premios Taurinos Provinciales desde su creaci\u00f3n en el a\u00f1o 2000 para reconocer oficialmente a nivel provincial aquellas faenas celebradas en las plazas de Huelva que hubiesen destacado por su ejecuci\u00f3n, as\u00ed como la importante labor de ganaderos y el relevante papel de personas y entidades en la labor de promoci\u00f3n, difusi\u00f3n y defensa de la tauromaquia.<\/p>\n<p>La publicaci\u00f3n conmemorativa se completa con un archivo fotogr\u00e1fico de las galas de entrega de los galardones taurinos, as\u00ed como con referencias de algunas plazas de toros de la provincia.<\/p>\n<p>\u201cEste libro es testimonio de la cosecha de 25 a\u00f1os de compromiso con la defensa y promoci\u00f3n de la tauromaquia en Huelva, a la que la Junta de Andaluc\u00eda, a trav\u00e9s de la Delegaci\u00f3n del Gobierno, quiso reconocer instituyendo unos premios que, a d\u00eda de hoy, se han consagrado como referente de la escena taurina onubense\u201d ha destacado el delegado, quien, previamente a la presentaci\u00f3n del libro, ha acompa\u00f1ado al pintor ayamontino \u00c1lex Rodr\u00edguez, que ha entregado al diestro triguere\u00f1o David de Miranda un lienzo con su imagen, incluido en la muestra \u2018Miradas, trazos y estilo\u2019, enmarcada en las actividades de conmemorativas de este 25 aniversario.<\/p>\n<p>\u201cUn cuarto de siglo -ha agregado- de reconocimiento a toreros, novilleros, ganaderos, toros, picaores, aficionados, pe\u00f1as, bandas de m\u00fasica y cr\u00edticos taurinos, en el que, adapt\u00e1ndonos a la realidad de cada momento y velando por el cumplimiento de la legalidad, la Administraci\u00f3n se ha hecho cada vez m\u00e1s exigente en la ejecuci\u00f3n de la normativa para dar respuesta a los nuevos retos y seguridad en los festejos\u201d.<\/p>\n<figure id=\"attachment_405089\" class=\"wp-caption alignnone\" aria-describedby=\"caption-attachment-405089\"><figcaption id=\"caption-attachment-405089\" class=\"wp-caption-text\">Por su parte, la responsable de Gesti\u00f3n Cultural de la Fundaci\u00f3n Caja Rural del Sur ha manifestado que \u201caplaudimos la celebraci\u00f3n conjunta de estos 25 a\u00f1os de Premios Taurinos de la Delegaci\u00f3n del Gobierno en Huelva, coincidente con las Bodas de Plata de nuestra entidad matriz, Caja Rural Rural del Sur, la cual ha permitido el cumplimiento de nuestros compromisos con la sociedad, as\u00ed como con el desarrollo econ\u00f3mico y profesional de tantos andaluces\u201d.<\/figcaption><\/figure>\n<p>Por su parte, el presidente del Jurado Taurino Provincial y coordinador de la obra, Jos\u00e9 \u00c1ngel Ruciero, ha se\u00f1alado que Memoria Taurina de Huelva \u201cnace con la vocaci\u00f3n de preservar, reconocer y dar voz a la historia reciente de la tauromaquia en nuestra provincia\u201d. \u201cCada art\u00edculo es una mirada distinta, una experiencia personal, una forma de entender y vivir la tauromaquia. Juntas, todas ellas conforman una memoria rica y plural, que refleja la complejidad y la grandeza de esta tradici\u00f3n cultural\u201d. \u201cNo es solo un recopilatorio de premios o de art\u00edculos; es un homenaje a la tauromaquia onubense, a su gente y a su historia. Un libro pensado para el presente, pero tambi\u00e9n para el futuro, para que quienes vengan detr\u00e1s puedan conocer y comprender lo que ha significado y significa la fiesta en esta tierra\u201d, ha concluido.<\/p>\n<p>La presentaci\u00f3n de Memoria Taurina de Huelva se incluye dentro del programa de actividades dise\u00f1ado por la Delegaci\u00f3n del Gobierno de la Junta de Andaluc\u00eda para conmemorar las bodas de plata de los Premios Taurinos Provinciales, cuyo colof\u00f3n ser\u00e1 la gala de entrega de los mismos el jueves, 5 de marzo, en el Gran Teatro de Huelva.<\/p>\n<p>La gala, presidida por la consejera de Inclusi\u00f3n Social, Juventud, Familias e Igualdad, Loles L\u00f3pez, contar\u00e1, adem\u00e1s de con los premiados en sus diferentes categor\u00edas, con la asistencia de S.A.R. la Infanta Do\u00f1a Elena de Borb\u00f3n, que recibir\u00e1 el Premio a la Promoci\u00f3n, Difusi\u00f3n y Defensa de la Tauromaquia del Jurado Taurino Provincial.<\/p>\n<p><a href=\"https:\/\/fundacioncajaruraldelsur.com\/wp-content\/uploads\/2026\/03\/Captura-de-pantalla-2026-03-03-200721.png\" rel=\"lightbox-0\"><img loading=\"lazy\" decoding=\"async\" class=\"wp-image-12511 size-full aligncenter\" src=\"https:\/\/fundacioncajaruraldelsur.com\/wp-content\/uploads\/2026\/03\/Captura-de-pantalla-2026-03-03-200721.png\" alt=\"\" width=\"852\" height=\"571\" srcset=\"https:\/\/fundacioncajaruraldelsur.com\/wp-content\/uploads\/2026\/03\/Captura-de-pantalla-2026-03-03-200721.png 852w, https:\/\/fundacioncajaruraldelsur.com\/wp-content\/uploads\/2026\/03\/Captura-de-pantalla-2026-03-03-200721-300x201.png 300w, https:\/\/fundacioncajaruraldelsur.com\/wp-content\/uploads\/2026\/03\/Captura-de-pantalla-2026-03-03-200721-768x515.png 768w, https:\/\/fundacioncajaruraldelsur.com\/wp-content\/uploads\/2026\/03\/Captura-de-pantalla-2026-03-03-200721-18x12.png 18w\" sizes=\"auto, (max-width: 852px) 100vw, 852px\" \/><\/a><\/p>","protected":false},"excerpt":{"rendered":"<p>El delegado del Gobierno de la Junta de Andaluc\u00eda, Jos\u00e9 Manuel Correa, ha presentado este martes, 3 de marzo, en el Museo de Huelva\u00a0el\u00a0libro \u2018Memoria Taurina de Huelva\u2019,\u00a0patrocinado por la\u00a0Fundaci\u00f3n [&hellip;]<\/p>\n","protected":false},"author":6,"featured_media":12512,"comment_status":"closed","ping_status":"closed","sticky":false,"template":"","format":"standard","meta":{"footnotes":""},"categories":[64],"tags":[],"class_list":["post-12510","post","type-post","status-publish","format-standard","has-post-thumbnail","hentry","category-premios"],"yoast_head":"<!-- This site is optimized with the Yoast SEO plugin v27.3 - https:\/\/yoast.com\/product\/yoast-seo-wordpress\/ -->\n<title>Un libro recoge 25 a\u00f1os de los Premios Taurinos patrocinado por la Fundaci\u00f3n Caja Rural del Sur - Fundaci\u00f3n Caja Rural del Sur<\/title>\n<meta name=\"robots\" content=\"index, follow, max-snippet:-1, max-image-preview:large, max-video-preview:-1\" \/>\n<link rel=\"canonical\" href=\"https:\/\/fundacioncajaruraldelsur.com\/pt\/un-libro-recoge-25-anos-de-los-premios-taurinos-patrocinado-por-fundacion-caja-rural-del-sur\/\" \/>\n<meta property=\"og:locale\" content=\"pt_PT\" \/>\n<meta property=\"og:type\" content=\"article\" \/>\n<meta property=\"og:title\" content=\"Un libro recoge 25 a\u00f1os de los Premios Taurinos patrocinado por la Fundaci\u00f3n Caja Rural del Sur - Fundaci\u00f3n Caja Rural del Sur\" \/>\n<meta property=\"og:description\" content=\"El delegado del Gobierno de la Junta de Andaluc\u00eda, Jos\u00e9 Manuel Correa, ha presentado este martes, 3 de marzo, en el Museo de Huelva\u00a0el\u00a0libro \u2018Memoria Taurina de Huelva\u2019,\u00a0patrocinado por la\u00a0Fundaci\u00f3n [&hellip;]\" \/>\n<meta property=\"og:url\" content=\"https:\/\/fundacioncajaruraldelsur.com\/pt\/un-libro-recoge-25-anos-de-los-premios-taurinos-patrocinado-por-fundacion-caja-rural-del-sur\/\" \/>\n<meta property=\"og:site_name\" content=\"Fundaci\u00f3n Caja Rural del Sur\" \/>\n<meta property=\"article:published_time\" content=\"2026-03-03T19:09:37+00:00\" \/>\n<meta property=\"article:modified_time\" content=\"2026-03-03T19:10:46+00:00\" \/>\n<meta property=\"og:image\" content=\"https:\/\/fundacioncajaruraldelsur.com\/wp-content\/uploads\/2026\/03\/libro-07-678x381-1.jpeg\" \/>\n\t<meta property=\"og:image:width\" content=\"678\" \/>\n\t<meta property=\"og:image:height\" content=\"381\" \/>\n\t<meta property=\"og:image:type\" content=\"image\/jpeg\" \/>\n<meta name=\"author\" content=\"Comunicaci\u00f3n\" \/>\n<meta name=\"twitter:card\" content=\"summary_large_image\" \/>\n<meta name=\"twitter:label1\" content=\"Written by\" \/>\n\t<meta name=\"twitter:data1\" content=\"Comunicaci\u00f3n\" \/>\n\t<meta name=\"twitter:label2\" content=\"Est. reading time\" \/>\n\t<meta name=\"twitter:data2\" content=\"5 minutes\" \/>\n<script type=\"application\/ld+json\" class=\"yoast-schema-graph\">{\"@context\":\"https:\\\/\\\/schema.org\",\"@graph\":[{\"@type\":\"Article\",\"@id\":\"https:\\\/\\\/fundacioncajaruraldelsur.com\\\/un-libro-recoge-25-anos-de-los-premios-taurinos-patrocinado-por-fundacion-caja-rural-del-sur\\\/#article\",\"isPartOf\":{\"@id\":\"https:\\\/\\\/fundacioncajaruraldelsur.com\\\/un-libro-recoge-25-anos-de-los-premios-taurinos-patrocinado-por-fundacion-caja-rural-del-sur\\\/\"},\"author\":{\"name\":\"Comunicaci\u00f3n\",\"@id\":\"https:\\\/\\\/fundacioncajaruraldelsur.com\\\/#\\\/schema\\\/person\\\/f430da9fb783d505ff061ad8b3d44577\"},\"headline\":\"Un libro recoge 25 a\u00f1os de los Premios Taurinos patrocinado por la Fundaci\u00f3n Caja Rural del Sur\",\"datePublished\":\"2026-03-03T19:09:37+00:00\",\"dateModified\":\"2026-03-03T19:10:46+00:00\",\"mainEntityOfPage\":{\"@id\":\"https:\\\/\\\/fundacioncajaruraldelsur.com\\\/un-libro-recoge-25-anos-de-los-premios-taurinos-patrocinado-por-fundacion-caja-rural-del-sur\\\/\"},\"wordCount\":916,\"image\":{\"@id\":\"https:\\\/\\\/fundacioncajaruraldelsur.com\\\/un-libro-recoge-25-anos-de-los-premios-taurinos-patrocinado-por-fundacion-caja-rural-del-sur\\\/#primaryimage\"},\"thumbnailUrl\":\"https:\\\/\\\/fundacioncajaruraldelsur.com\\\/wp-content\\\/uploads\\\/2026\\\/03\\\/libro-07-678x381-1.jpeg\",\"articleSection\":[\"Premios\"],\"inLanguage\":\"pt-PT\"},{\"@type\":\"WebPage\",\"@id\":\"https:\\\/\\\/fundacioncajaruraldelsur.com\\\/un-libro-recoge-25-anos-de-los-premios-taurinos-patrocinado-por-fundacion-caja-rural-del-sur\\\/\",\"url\":\"https:\\\/\\\/fundacioncajaruraldelsur.com\\\/un-libro-recoge-25-anos-de-los-premios-taurinos-patrocinado-por-fundacion-caja-rural-del-sur\\\/\",\"name\":\"Un libro recoge 25 a\u00f1os de los Premios Taurinos patrocinado por la Fundaci\u00f3n Caja Rural del Sur - Fundaci\u00f3n Caja Rural del Sur\",\"isPartOf\":{\"@id\":\"https:\\\/\\\/fundacioncajaruraldelsur.com\\\/#website\"},\"primaryImageOfPage\":{\"@id\":\"https:\\\/\\\/fundacioncajaruraldelsur.com\\\/un-libro-recoge-25-anos-de-los-premios-taurinos-patrocinado-por-fundacion-caja-rural-del-sur\\\/#primaryimage\"},\"image\":{\"@id\":\"https:\\\/\\\/fundacioncajaruraldelsur.com\\\/un-libro-recoge-25-anos-de-los-premios-taurinos-patrocinado-por-fundacion-caja-rural-del-sur\\\/#primaryimage\"},\"thumbnailUrl\":\"https:\\\/\\\/fundacioncajaruraldelsur.com\\\/wp-content\\\/uploads\\\/2026\\\/03\\\/libro-07-678x381-1.jpeg\",\"datePublished\":\"2026-03-03T19:09:37+00:00\",\"dateModified\":\"2026-03-03T19:10:46+00:00\",\"author\":{\"@id\":\"https:\\\/\\\/fundacioncajaruraldelsur.com\\\/#\\\/schema\\\/person\\\/f430da9fb783d505ff061ad8b3d44577\"},\"breadcrumb\":{\"@id\":\"https:\\\/\\\/fundacioncajaruraldelsur.com\\\/un-libro-recoge-25-anos-de-los-premios-taurinos-patrocinado-por-fundacion-caja-rural-del-sur\\\/#breadcrumb\"},\"inLanguage\":\"pt-PT\",\"potentialAction\":[{\"@type\":\"ReadAction\",\"target\":[\"https:\\\/\\\/fundacioncajaruraldelsur.com\\\/un-libro-recoge-25-anos-de-los-premios-taurinos-patrocinado-por-fundacion-caja-rural-del-sur\\\/\"]}]},{\"@type\":\"ImageObject\",\"inLanguage\":\"pt-PT\",\"@id\":\"https:\\\/\\\/fundacioncajaruraldelsur.com\\\/un-libro-recoge-25-anos-de-los-premios-taurinos-patrocinado-por-fundacion-caja-rural-del-sur\\\/#primaryimage\",\"url\":\"https:\\\/\\\/fundacioncajaruraldelsur.com\\\/wp-content\\\/uploads\\\/2026\\\/03\\\/libro-07-678x381-1.jpeg\",\"contentUrl\":\"https:\\\/\\\/fundacioncajaruraldelsur.com\\\/wp-content\\\/uploads\\\/2026\\\/03\\\/libro-07-678x381-1.jpeg\",\"width\":678,\"height\":381},{\"@type\":\"BreadcrumbList\",\"@id\":\"https:\\\/\\\/fundacioncajaruraldelsur.com\\\/un-libro-recoge-25-anos-de-los-premios-taurinos-patrocinado-por-fundacion-caja-rural-del-sur\\\/#breadcrumb\",\"itemListElement\":[{\"@type\":\"ListItem\",\"position\":1,\"name\":\"Portada\",\"item\":\"https:\\\/\\\/fundacioncajaruraldelsur.com\\\/\"},{\"@type\":\"ListItem\",\"position\":2,\"name\":\"Un libro recoge 25 a\u00f1os de los Premios Taurinos patrocinado por la Fundaci\u00f3n Caja Rural del Sur\"}]},{\"@type\":\"WebSite\",\"@id\":\"https:\\\/\\\/fundacioncajaruraldelsur.com\\\/#website\",\"url\":\"https:\\\/\\\/fundacioncajaruraldelsur.com\\\/\",\"name\":\"Fundaci\u00f3n Caja Rural del Sur\",\"description\":\"\",\"potentialAction\":[{\"@type\":\"SearchAction\",\"target\":{\"@type\":\"EntryPoint\",\"urlTemplate\":\"https:\\\/\\\/fundacioncajaruraldelsur.com\\\/?s={search_term_string}\"},\"query-input\":{\"@type\":\"PropertyValueSpecification\",\"valueRequired\":true,\"valueName\":\"search_term_string\"}}],\"inLanguage\":\"pt-PT\"},{\"@type\":\"Person\",\"@id\":\"https:\\\/\\\/fundacioncajaruraldelsur.com\\\/#\\\/schema\\\/person\\\/f430da9fb783d505ff061ad8b3d44577\",\"name\":\"Comunicaci\u00f3n\",\"image\":{\"@type\":\"ImageObject\",\"inLanguage\":\"pt-PT\",\"@id\":\"https:\\\/\\\/secure.gravatar.com\\\/avatar\\\/0dca239875993680bac4603ad2de7942da018f52cc3a244578e0b3b09314a8d8?s=96&d=blank&r=g\",\"url\":\"https:\\\/\\\/secure.gravatar.com\\\/avatar\\\/0dca239875993680bac4603ad2de7942da018f52cc3a244578e0b3b09314a8d8?s=96&d=blank&r=g\",\"contentUrl\":\"https:\\\/\\\/secure.gravatar.com\\\/avatar\\\/0dca239875993680bac4603ad2de7942da018f52cc3a244578e0b3b09314a8d8?s=96&d=blank&r=g\",\"caption\":\"Comunicaci\u00f3n\"}}]}<\/script>\n<!-- \/ Yoast SEO plugin. -->","yoast_head_json":{"title":"Un libro recoge 25 a\u00f1os de los Premios Taurinos patrocinado por la Fundaci\u00f3n Caja Rural del Sur - Fundaci\u00f3n Caja Rural del Sur","robots":{"index":"index","follow":"follow","max-snippet":"max-snippet:-1","max-image-preview":"max-image-preview:large","max-video-preview":"max-video-preview:-1"},"canonical":"https:\/\/fundacioncajaruraldelsur.com\/pt\/un-libro-recoge-25-anos-de-los-premios-taurinos-patrocinado-por-fundacion-caja-rural-del-sur\/","og_locale":"pt_PT","og_type":"article","og_title":"Un libro recoge 25 a\u00f1os de los Premios Taurinos patrocinado por la Fundaci\u00f3n Caja Rural del Sur - Fundaci\u00f3n Caja Rural del Sur","og_description":"El delegado del Gobierno de la Junta de Andaluc\u00eda, Jos\u00e9 Manuel Correa, ha presentado este martes, 3 de marzo, en el Museo de Huelva\u00a0el\u00a0libro \u2018Memoria Taurina de Huelva\u2019,\u00a0patrocinado por la\u00a0Fundaci\u00f3n [&hellip;]","og_url":"https:\/\/fundacioncajaruraldelsur.com\/pt\/un-libro-recoge-25-anos-de-los-premios-taurinos-patrocinado-por-fundacion-caja-rural-del-sur\/","og_site_name":"Fundaci\u00f3n Caja Rural del Sur","article_published_time":"2026-03-03T19:09:37+00:00","article_modified_time":"2026-03-03T19:10:46+00:00","og_image":[{"width":678,"height":381,"url":"https:\/\/fundacioncajaruraldelsur.com\/wp-content\/uploads\/2026\/03\/libro-07-678x381-1.jpeg","type":"image\/jpeg"}],"author":"Comunicaci\u00f3n","twitter_card":"summary_large_image","twitter_misc":{"Written by":"Comunicaci\u00f3n","Est. reading time":"5 minutes"},"schema":{"@context":"https:\/\/schema.org","@graph":[{"@type":"Article","@id":"https:\/\/fundacioncajaruraldelsur.com\/un-libro-recoge-25-anos-de-los-premios-taurinos-patrocinado-por-fundacion-caja-rural-del-sur\/#article","isPartOf":{"@id":"https:\/\/fundacioncajaruraldelsur.com\/un-libro-recoge-25-anos-de-los-premios-taurinos-patrocinado-por-fundacion-caja-rural-del-sur\/"},"author":{"name":"Comunicaci\u00f3n","@id":"https:\/\/fundacioncajaruraldelsur.com\/#\/schema\/person\/f430da9fb783d505ff061ad8b3d44577"},"headline":"Un libro recoge 25 a\u00f1os de los Premios Taurinos patrocinado por la Fundaci\u00f3n Caja Rural del Sur","datePublished":"2026-03-03T19:09:37+00:00","dateModified":"2026-03-03T19:10:46+00:00","mainEntityOfPage":{"@id":"https:\/\/fundacioncajaruraldelsur.com\/un-libro-recoge-25-anos-de-los-premios-taurinos-patrocinado-por-fundacion-caja-rural-del-sur\/"},"wordCount":916,"image":{"@id":"https:\/\/fundacioncajaruraldelsur.com\/un-libro-recoge-25-anos-de-los-premios-taurinos-patrocinado-por-fundacion-caja-rural-del-sur\/#primaryimage"},"thumbnailUrl":"https:\/\/fundacioncajaruraldelsur.com\/wp-content\/uploads\/2026\/03\/libro-07-678x381-1.jpeg","articleSection":["Premios"],"inLanguage":"pt-PT"},{"@type":"WebPage","@id":"https:\/\/fundacioncajaruraldelsur.com\/un-libro-recoge-25-anos-de-los-premios-taurinos-patrocinado-por-fundacion-caja-rural-del-sur\/","url":"https:\/\/fundacioncajaruraldelsur.com\/un-libro-recoge-25-anos-de-los-premios-taurinos-patrocinado-por-fundacion-caja-rural-del-sur\/","name":"Un libro recoge 25 a\u00f1os de los Premios Taurinos patrocinado por la Fundaci\u00f3n Caja Rural del Sur - Fundaci\u00f3n Caja Rural del Sur","isPartOf":{"@id":"https:\/\/fundacioncajaruraldelsur.com\/#website"},"primaryImageOfPage":{"@id":"https:\/\/fundacioncajaruraldelsur.com\/un-libro-recoge-25-anos-de-los-premios-taurinos-patrocinado-por-fundacion-caja-rural-del-sur\/#primaryimage"},"image":{"@id":"https:\/\/fundacioncajaruraldelsur.com\/un-libro-recoge-25-anos-de-los-premios-taurinos-patrocinado-por-fundacion-caja-rural-del-sur\/#primaryimage"},"thumbnailUrl":"https:\/\/fundacioncajaruraldelsur.com\/wp-content\/uploads\/2026\/03\/libro-07-678x381-1.jpeg","datePublished":"2026-03-03T19:09:37+00:00","dateModified":"2026-03-03T19:10:46+00:00","author":{"@id":"https:\/\/fundacioncajaruraldelsur.com\/#\/schema\/person\/f430da9fb783d505ff061ad8b3d44577"},"breadcrumb":{"@id":"https:\/\/fundacioncajaruraldelsur.com\/un-libro-recoge-25-anos-de-los-premios-taurinos-patrocinado-por-fundacion-caja-rural-del-sur\/#breadcrumb"},"inLanguage":"pt-PT","potentialAction":[{"@type":"ReadAction","target":["https:\/\/fundacioncajaruraldelsur.com\/un-libro-recoge-25-anos-de-los-premios-taurinos-patrocinado-por-fundacion-caja-rural-del-sur\/"]}]},{"@type":"ImageObject","inLanguage":"pt-PT","@id":"https:\/\/fundacioncajaruraldelsur.com\/un-libro-recoge-25-anos-de-los-premios-taurinos-patrocinado-por-fundacion-caja-rural-del-sur\/#primaryimage","url":"https:\/\/fundacioncajaruraldelsur.com\/wp-content\/uploads\/2026\/03\/libro-07-678x381-1.jpeg","contentUrl":"https:\/\/fundacioncajaruraldelsur.com\/wp-content\/uploads\/2026\/03\/libro-07-678x381-1.jpeg","width":678,"height":381},{"@type":"BreadcrumbList","@id":"https:\/\/fundacioncajaruraldelsur.com\/un-libro-recoge-25-anos-de-los-premios-taurinos-patrocinado-por-fundacion-caja-rural-del-sur\/#breadcrumb","itemListElement":[{"@type":"ListItem","position":1,"name":"Portada","item":"https:\/\/fundacioncajaruraldelsur.com\/"},{"@type":"ListItem","position":2,"name":"Un libro recoge 25 a\u00f1os de los Premios Taurinos patrocinado por la Fundaci\u00f3n Caja Rural del Sur"}]},{"@type":"WebSite","@id":"https:\/\/fundacioncajaruraldelsur.com\/#website","url":"https:\/\/fundacioncajaruraldelsur.com\/","name":"Funda\u00e7\u00e3o Caja Rural del Sur","description":"","potentialAction":[{"@type":"SearchAction","target":{"@type":"EntryPoint","urlTemplate":"https:\/\/fundacioncajaruraldelsur.com\/?s={search_term_string}"},"query-input":{"@type":"PropertyValueSpecification","valueRequired":true,"valueName":"search_term_string"}}],"inLanguage":"pt-PT"},{"@type":"Person","@id":"https:\/\/fundacioncajaruraldelsur.com\/#\/schema\/person\/f430da9fb783d505ff061ad8b3d44577","name":"Comunicaci\u00f3n","image":{"@type":"ImageObject","inLanguage":"pt-PT","@id":"https:\/\/secure.gravatar.com\/avatar\/0dca239875993680bac4603ad2de7942da018f52cc3a244578e0b3b09314a8d8?s=96&d=blank&r=g","url":"https:\/\/secure.gravatar.com\/avatar\/0dca239875993680bac4603ad2de7942da018f52cc3a244578e0b3b09314a8d8?s=96&d=blank&r=g","contentUrl":"https:\/\/secure.gravatar.com\/avatar\/0dca239875993680bac4603ad2de7942da018f52cc3a244578e0b3b09314a8d8?s=96&d=blank&r=g","caption":"Comunicaci\u00f3n"}}]}},"rttpg_featured_image_url":{"full":["https:\/\/fundacioncajaruraldelsur.com\/wp-content\/uploads\/2026\/03\/libro-07-678x381-1.jpeg",678,381,false],"landscape":["https:\/\/fundacioncajaruraldelsur.com\/wp-content\/uploads\/2026\/03\/libro-07-678x381-1.jpeg",678,381,false],"portraits":["https:\/\/fundacioncajaruraldelsur.com\/wp-content\/uploads\/2026\/03\/libro-07-678x381-1.jpeg",678,381,false],"thumbnail":["https:\/\/fundacioncajaruraldelsur.com\/wp-content\/uploads\/2026\/03\/libro-07-678x381-1-150x150.jpeg",150,150,true],"medium":["https:\/\/fundacioncajaruraldelsur.com\/wp-content\/uploads\/2026\/03\/libro-07-678x381-1-300x169.jpeg",300,169,true],"large":["https:\/\/fundacioncajaruraldelsur.com\/wp-content\/uploads\/2026\/03\/libro-07-678x381-1.jpeg",678,381,false],"1536x1536":["https:\/\/fundacioncajaruraldelsur.com\/wp-content\/uploads\/2026\/03\/libro-07-678x381-1.jpeg",678,381,false],"2048x2048":["https:\/\/fundacioncajaruraldelsur.com\/wp-content\/uploads\/2026\/03\/libro-07-678x381-1.jpeg",678,381,false],"trp-custom-language-flag":["https:\/\/fundacioncajaruraldelsur.com\/wp-content\/uploads\/2026\/03\/libro-07-678x381-1-18x10.jpeg",18,10,true],"blog-thumbnail":["https:\/\/fundacioncajaruraldelsur.com\/wp-content\/uploads\/2026\/03\/libro-07-678x381-1-400x200.jpeg",400,200,true]},"rttpg_author":{"display_name":"Comunicaci\u00f3n","author_link":"https:\/\/fundacioncajaruraldelsur.com\/pt\/author\/sevillaadmin\/"},"rttpg_comment":0,"rttpg_category":"<a href=\"https:\/\/fundacioncajaruraldelsur.com\/pt\/category\/premios\/\" rel=\"category tag\">Premios<\/a>","rttpg_excerpt":"El delegado del Gobierno de la Junta de Andaluc\u00eda, Jos\u00e9 Manuel Correa, ha presentado este martes, 3 de marzo, en el Museo de Huelva\u00a0el\u00a0libro \u2018Memoria Taurina de Huelva\u2019,\u00a0patrocinado por la\u00a0Fundaci\u00f3n [&hellip;]","_links":{"self":[{"href":"https:\/\/fundacioncajaruraldelsur.com\/pt\/wp-json\/wp\/v2\/posts\/12510","targetHints":{"allow":["GET"]}}],"collection":[{"href":"https:\/\/fundacioncajaruraldelsur.com\/pt\/wp-json\/wp\/v2\/posts"}],"about":[{"href":"https:\/\/fundacioncajaruraldelsur.com\/pt\/wp-json\/wp\/v2\/types\/post"}],"author":[{"embeddable":true,"href":"https:\/\/fundacioncajaruraldelsur.com\/pt\/wp-json\/wp\/v2\/users\/6"}],"replies":[{"embeddable":true,"href":"https:\/\/fundacioncajaruraldelsur.com\/pt\/wp-json\/wp\/v2\/comments?post=12510"}],"version-history":[{"count":2,"href":"https:\/\/fundacioncajaruraldelsur.com\/pt\/wp-json\/wp\/v2\/posts\/12510\/revisions"}],"predecessor-version":[{"id":12514,"href":"https:\/\/fundacioncajaruraldelsur.com\/pt\/wp-json\/wp\/v2\/posts\/12510\/revisions\/12514"}],"wp:featuredmedia":[{"embeddable":true,"href":"https:\/\/fundacioncajaruraldelsur.com\/pt\/wp-json\/wp\/v2\/media\/12512"}],"wp:attachment":[{"href":"https:\/\/fundacioncajaruraldelsur.com\/pt\/wp-json\/wp\/v2\/media?parent=12510"}],"wp:term":[{"taxonomy":"category","embeddable":true,"href":"https:\/\/fundacioncajaruraldelsur.com\/pt\/wp-json\/wp\/v2\/categories?post=12510"},{"taxonomy":"post_tag","embeddable":true,"href":"https:\/\/fundacioncajaruraldelsur.com\/pt\/wp-json\/wp\/v2\/tags?post=12510"}],"curies":[{"name":"wp","href":"https:\/\/api.w.org\/{rel}","templated":true}]}}