{"id":12479,"date":"2026-02-26T12:41:20","date_gmt":"2026-02-26T11:41:20","guid":{"rendered":"https:\/\/fundacioncajaruraldelsur.com\/?p=12479"},"modified":"2026-02-26T12:41:20","modified_gmt":"2026-02-26T11:41:20","slug":"la-fundacion-caja-rural-del-sur-acoge-en-cordoba-la-muestra-figuraciones-del-hiperrealismo-andaluz","status":"publish","type":"post","link":"https:\/\/fundacioncajaruraldelsur.com\/pt\/la-fundacion-caja-rural-del-sur-acoge-en-cordoba-la-muestra-figuraciones-del-hiperrealismo-andaluz\/","title":{"rendered":"La Fundaci\u00f3n Caja Rural del Sur acoge en C\u00f3rdoba la muestra \u2018Figuraciones\u2019 del hiperrealismo andaluz"},"content":{"rendered":"<p>En la sala de exposiciones del Centro Cultural \u2018Jos\u00e9 Luis Garc\u00eda Palacios\u2019 en C\u00f3rdoba de Fundaci\u00f3n Caja Rural del Sur se puede visitar hasta el pr\u00f3ximo 12 de marzo, con horario de ma\u00f1ana, desde las 11:00 a las 13:30 horas, y por la tarde, de 18:00 a 21:00 horas, la muestra \u2018Figuraciones\u2019 del Oto\u00f1o Cultural Iberoamericano. En ella se muestran obras de Monak Rodr\u00edguez y Pedro Quesada, dos de los m\u00e1ximos representantes del hiperrealismo andaluz, cuyas creaciones se articulan en torno al retrato y el paisaje.<\/p>\n<p>La exposici\u00f3n fue presentada por el propio director del Oto\u00f1o Cultural Iberoamericano, Jaime de Vicente, quien destac\u00f3 que las obras de estos dos creadores establecen un di\u00e1logo entre el retrato y el entorno natural, ofreciendo al espectador una aproximaci\u00f3n a la figuraci\u00f3n contempor\u00e1nea de gran calidad. La combinaci\u00f3n de ambas miradas consigue una exposici\u00f3n coherente y complementaria, donde figura y paisaje se enriquecen mutuamente.<\/p>\n<p data-mrf-recirculation=\"Art\u00edculo - enlaces p\u00e1rrafos\">Monak Rodr\u00edguez destaca por su dominio t\u00e9cnico del retrato del rostro humano. Su pintura, precisa y detallista, explora los efectos de la luz y profundiza en la expresi\u00f3n, captando emociones que trascienden la imagen fotogr\u00e1fica. Y, por su parte, Pedro Quesada aporta una visi\u00f3n po\u00e9tica y emocional del paisaje, centrada especialmente en la costa onubense. Sus obras, marcadas por la serenidad, invitan a una contemplaci\u00f3n pausada a trav\u00e9s de la luz y el color.<\/p>\n<p data-mrf-recirculation=\"Art\u00edculo - enlaces p\u00e1rrafos\">La muestra \u2018Figuraciones\u2019 fue inaugrada en el Centro Cultural en Huelva de la Fundacion Caja Rural del Sur el pasado mes de septiembre, recorriendo luego el Museo V\u00e1zquez D\u00edaz de Nerva y la sala de exposiciones Charo Ol\u00edas de Isla Cristina y elCentro Olontense de Arte Contempor\u00e1neo (CODAC) de Gibrale\u00f3n.<\/p>","protected":false},"excerpt":{"rendered":"<p>En la sala de exposiciones del Centro Cultural \u2018Jos\u00e9 Luis Garc\u00eda Palacios\u2019 en C\u00f3rdoba de Fundaci\u00f3n Caja Rural del Sur se puede visitar hasta el pr\u00f3ximo 12 de marzo, con [&hellip;]<\/p>\n","protected":false},"author":6,"featured_media":12480,"comment_status":"closed","ping_status":"closed","sticky":false,"template":"","format":"standard","meta":{"footnotes":""},"categories":[82],"tags":[],"class_list":["post-12479","post","type-post","status-publish","format-standard","has-post-thumbnail","hentry","category-exposiciones"],"yoast_head":"<!-- This site is optimized with the Yoast SEO plugin v27.3 - https:\/\/yoast.com\/product\/yoast-seo-wordpress\/ -->\n<title>La Fundaci\u00f3n Caja Rural del Sur acoge en C\u00f3rdoba la muestra \u2018Figuraciones\u2019 del hiperrealismo andaluz - Fundaci\u00f3n Caja Rural del Sur<\/title>\n<meta name=\"robots\" content=\"index, follow, max-snippet:-1, max-image-preview:large, max-video-preview:-1\" \/>\n<link rel=\"canonical\" href=\"https:\/\/fundacioncajaruraldelsur.com\/pt\/la-fundacion-caja-rural-del-sur-acoge-en-cordoba-la-muestra-figuraciones-del-hiperrealismo-andaluz\/\" \/>\n<meta property=\"og:locale\" content=\"pt_PT\" \/>\n<meta property=\"og:type\" content=\"article\" \/>\n<meta property=\"og:title\" content=\"La Fundaci\u00f3n Caja Rural del Sur acoge en C\u00f3rdoba la muestra \u2018Figuraciones\u2019 del hiperrealismo andaluz - Fundaci\u00f3n Caja Rural del Sur\" \/>\n<meta property=\"og:description\" content=\"En la sala de exposiciones del Centro Cultural \u2018Jos\u00e9 Luis Garc\u00eda Palacios\u2019 en C\u00f3rdoba de Fundaci\u00f3n Caja Rural del Sur se puede visitar hasta el pr\u00f3ximo 12 de marzo, con [&hellip;]\" \/>\n<meta property=\"og:url\" content=\"https:\/\/fundacioncajaruraldelsur.com\/pt\/la-fundacion-caja-rural-del-sur-acoge-en-cordoba-la-muestra-figuraciones-del-hiperrealismo-andaluz\/\" \/>\n<meta property=\"og:site_name\" content=\"Fundaci\u00f3n Caja Rural del Sur\" \/>\n<meta property=\"article:published_time\" content=\"2026-02-26T11:41:20+00:00\" \/>\n<meta property=\"og:image\" content=\"https:\/\/fundacioncajaruraldelsur.com\/wp-content\/uploads\/2026\/02\/Captura-de-pantalla-2026-02-26-124029.jpg\" \/>\n\t<meta property=\"og:image:width\" content=\"644\" \/>\n\t<meta property=\"og:image:height\" content=\"351\" \/>\n\t<meta property=\"og:image:type\" content=\"image\/jpeg\" \/>\n<meta name=\"author\" content=\"Comunicaci\u00f3n\" \/>\n<meta name=\"twitter:card\" content=\"summary_large_image\" \/>\n<meta name=\"twitter:label1\" content=\"Written by\" \/>\n\t<meta name=\"twitter:data1\" content=\"Comunicaci\u00f3n\" \/>\n\t<meta name=\"twitter:label2\" content=\"Est. reading time\" \/>\n\t<meta name=\"twitter:data2\" content=\"2 minutes\" \/>\n<script type=\"application\/ld+json\" class=\"yoast-schema-graph\">{\"@context\":\"https:\\\/\\\/schema.org\",\"@graph\":[{\"@type\":\"Article\",\"@id\":\"https:\\\/\\\/fundacioncajaruraldelsur.com\\\/la-fundacion-caja-rural-del-sur-acoge-en-cordoba-la-muestra-figuraciones-del-hiperrealismo-andaluz\\\/#article\",\"isPartOf\":{\"@id\":\"https:\\\/\\\/fundacioncajaruraldelsur.com\\\/la-fundacion-caja-rural-del-sur-acoge-en-cordoba-la-muestra-figuraciones-del-hiperrealismo-andaluz\\\/\"},\"author\":{\"name\":\"Comunicaci\u00f3n\",\"@id\":\"https:\\\/\\\/fundacioncajaruraldelsur.com\\\/#\\\/schema\\\/person\\\/f430da9fb783d505ff061ad8b3d44577\"},\"headline\":\"La Fundaci\u00f3n Caja Rural del Sur acoge en C\u00f3rdoba la muestra \u2018Figuraciones\u2019 del hiperrealismo andaluz\",\"datePublished\":\"2026-02-26T11:41:20+00:00\",\"mainEntityOfPage\":{\"@id\":\"https:\\\/\\\/fundacioncajaruraldelsur.com\\\/la-fundacion-caja-rural-del-sur-acoge-en-cordoba-la-muestra-figuraciones-del-hiperrealismo-andaluz\\\/\"},\"wordCount\":315,\"image\":{\"@id\":\"https:\\\/\\\/fundacioncajaruraldelsur.com\\\/la-fundacion-caja-rural-del-sur-acoge-en-cordoba-la-muestra-figuraciones-del-hiperrealismo-andaluz\\\/#primaryimage\"},\"thumbnailUrl\":\"https:\\\/\\\/fundacioncajaruraldelsur.com\\\/wp-content\\\/uploads\\\/2026\\\/02\\\/Captura-de-pantalla-2026-02-26-124029.jpg\",\"articleSection\":[\"Exposiciones\"],\"inLanguage\":\"pt-PT\"},{\"@type\":\"WebPage\",\"@id\":\"https:\\\/\\\/fundacioncajaruraldelsur.com\\\/la-fundacion-caja-rural-del-sur-acoge-en-cordoba-la-muestra-figuraciones-del-hiperrealismo-andaluz\\\/\",\"url\":\"https:\\\/\\\/fundacioncajaruraldelsur.com\\\/la-fundacion-caja-rural-del-sur-acoge-en-cordoba-la-muestra-figuraciones-del-hiperrealismo-andaluz\\\/\",\"name\":\"La Fundaci\u00f3n Caja Rural del Sur acoge en C\u00f3rdoba la muestra \u2018Figuraciones\u2019 del hiperrealismo andaluz - Fundaci\u00f3n Caja Rural del Sur\",\"isPartOf\":{\"@id\":\"https:\\\/\\\/fundacioncajaruraldelsur.com\\\/#website\"},\"primaryImageOfPage\":{\"@id\":\"https:\\\/\\\/fundacioncajaruraldelsur.com\\\/la-fundacion-caja-rural-del-sur-acoge-en-cordoba-la-muestra-figuraciones-del-hiperrealismo-andaluz\\\/#primaryimage\"},\"image\":{\"@id\":\"https:\\\/\\\/fundacioncajaruraldelsur.com\\\/la-fundacion-caja-rural-del-sur-acoge-en-cordoba-la-muestra-figuraciones-del-hiperrealismo-andaluz\\\/#primaryimage\"},\"thumbnailUrl\":\"https:\\\/\\\/fundacioncajaruraldelsur.com\\\/wp-content\\\/uploads\\\/2026\\\/02\\\/Captura-de-pantalla-2026-02-26-124029.jpg\",\"datePublished\":\"2026-02-26T11:41:20+00:00\",\"author\":{\"@id\":\"https:\\\/\\\/fundacioncajaruraldelsur.com\\\/#\\\/schema\\\/person\\\/f430da9fb783d505ff061ad8b3d44577\"},\"breadcrumb\":{\"@id\":\"https:\\\/\\\/fundacioncajaruraldelsur.com\\\/la-fundacion-caja-rural-del-sur-acoge-en-cordoba-la-muestra-figuraciones-del-hiperrealismo-andaluz\\\/#breadcrumb\"},\"inLanguage\":\"pt-PT\",\"potentialAction\":[{\"@type\":\"ReadAction\",\"target\":[\"https:\\\/\\\/fundacioncajaruraldelsur.com\\\/la-fundacion-caja-rural-del-sur-acoge-en-cordoba-la-muestra-figuraciones-del-hiperrealismo-andaluz\\\/\"]}]},{\"@type\":\"ImageObject\",\"inLanguage\":\"pt-PT\",\"@id\":\"https:\\\/\\\/fundacioncajaruraldelsur.com\\\/la-fundacion-caja-rural-del-sur-acoge-en-cordoba-la-muestra-figuraciones-del-hiperrealismo-andaluz\\\/#primaryimage\",\"url\":\"https:\\\/\\\/fundacioncajaruraldelsur.com\\\/wp-content\\\/uploads\\\/2026\\\/02\\\/Captura-de-pantalla-2026-02-26-124029.jpg\",\"contentUrl\":\"https:\\\/\\\/fundacioncajaruraldelsur.com\\\/wp-content\\\/uploads\\\/2026\\\/02\\\/Captura-de-pantalla-2026-02-26-124029.jpg\",\"width\":644,\"height\":351},{\"@type\":\"BreadcrumbList\",\"@id\":\"https:\\\/\\\/fundacioncajaruraldelsur.com\\\/la-fundacion-caja-rural-del-sur-acoge-en-cordoba-la-muestra-figuraciones-del-hiperrealismo-andaluz\\\/#breadcrumb\",\"itemListElement\":[{\"@type\":\"ListItem\",\"position\":1,\"name\":\"Portada\",\"item\":\"https:\\\/\\\/fundacioncajaruraldelsur.com\\\/\"},{\"@type\":\"ListItem\",\"position\":2,\"name\":\"La Fundaci\u00f3n Caja Rural del Sur acoge en C\u00f3rdoba la muestra \u2018Figuraciones\u2019 del hiperrealismo andaluz\"}]},{\"@type\":\"WebSite\",\"@id\":\"https:\\\/\\\/fundacioncajaruraldelsur.com\\\/#website\",\"url\":\"https:\\\/\\\/fundacioncajaruraldelsur.com\\\/\",\"name\":\"Fundaci\u00f3n Caja Rural del Sur\",\"description\":\"\",\"potentialAction\":[{\"@type\":\"SearchAction\",\"target\":{\"@type\":\"EntryPoint\",\"urlTemplate\":\"https:\\\/\\\/fundacioncajaruraldelsur.com\\\/?s={search_term_string}\"},\"query-input\":{\"@type\":\"PropertyValueSpecification\",\"valueRequired\":true,\"valueName\":\"search_term_string\"}}],\"inLanguage\":\"pt-PT\"},{\"@type\":\"Person\",\"@id\":\"https:\\\/\\\/fundacioncajaruraldelsur.com\\\/#\\\/schema\\\/person\\\/f430da9fb783d505ff061ad8b3d44577\",\"name\":\"Comunicaci\u00f3n\",\"image\":{\"@type\":\"ImageObject\",\"inLanguage\":\"pt-PT\",\"@id\":\"https:\\\/\\\/secure.gravatar.com\\\/avatar\\\/0dca239875993680bac4603ad2de7942da018f52cc3a244578e0b3b09314a8d8?s=96&d=blank&r=g\",\"url\":\"https:\\\/\\\/secure.gravatar.com\\\/avatar\\\/0dca239875993680bac4603ad2de7942da018f52cc3a244578e0b3b09314a8d8?s=96&d=blank&r=g\",\"contentUrl\":\"https:\\\/\\\/secure.gravatar.com\\\/avatar\\\/0dca239875993680bac4603ad2de7942da018f52cc3a244578e0b3b09314a8d8?s=96&d=blank&r=g\",\"caption\":\"Comunicaci\u00f3n\"}}]}<\/script>\n<!-- \/ Yoast SEO plugin. -->","yoast_head_json":{"title":"La Fundaci\u00f3n Caja Rural del Sur acoge en C\u00f3rdoba la muestra \u2018Figuraciones\u2019 del hiperrealismo andaluz - Fundaci\u00f3n Caja Rural del Sur","robots":{"index":"index","follow":"follow","max-snippet":"max-snippet:-1","max-image-preview":"max-image-preview:large","max-video-preview":"max-video-preview:-1"},"canonical":"https:\/\/fundacioncajaruraldelsur.com\/pt\/la-fundacion-caja-rural-del-sur-acoge-en-cordoba-la-muestra-figuraciones-del-hiperrealismo-andaluz\/","og_locale":"pt_PT","og_type":"article","og_title":"La Fundaci\u00f3n Caja Rural del Sur acoge en C\u00f3rdoba la muestra \u2018Figuraciones\u2019 del hiperrealismo andaluz - Fundaci\u00f3n Caja Rural del Sur","og_description":"En la sala de exposiciones del Centro Cultural \u2018Jos\u00e9 Luis Garc\u00eda Palacios\u2019 en C\u00f3rdoba de Fundaci\u00f3n Caja Rural del Sur se puede visitar hasta el pr\u00f3ximo 12 de marzo, con [&hellip;]","og_url":"https:\/\/fundacioncajaruraldelsur.com\/pt\/la-fundacion-caja-rural-del-sur-acoge-en-cordoba-la-muestra-figuraciones-del-hiperrealismo-andaluz\/","og_site_name":"Fundaci\u00f3n Caja Rural del Sur","article_published_time":"2026-02-26T11:41:20+00:00","og_image":[{"width":644,"height":351,"url":"https:\/\/fundacioncajaruraldelsur.com\/wp-content\/uploads\/2026\/02\/Captura-de-pantalla-2026-02-26-124029.jpg","type":"image\/jpeg"}],"author":"Comunicaci\u00f3n","twitter_card":"summary_large_image","twitter_misc":{"Written by":"Comunicaci\u00f3n","Est. reading time":"2 minutes"},"schema":{"@context":"https:\/\/schema.org","@graph":[{"@type":"Article","@id":"https:\/\/fundacioncajaruraldelsur.com\/la-fundacion-caja-rural-del-sur-acoge-en-cordoba-la-muestra-figuraciones-del-hiperrealismo-andaluz\/#article","isPartOf":{"@id":"https:\/\/fundacioncajaruraldelsur.com\/la-fundacion-caja-rural-del-sur-acoge-en-cordoba-la-muestra-figuraciones-del-hiperrealismo-andaluz\/"},"author":{"name":"Comunicaci\u00f3n","@id":"https:\/\/fundacioncajaruraldelsur.com\/#\/schema\/person\/f430da9fb783d505ff061ad8b3d44577"},"headline":"La Fundaci\u00f3n Caja Rural del Sur acoge en C\u00f3rdoba la muestra \u2018Figuraciones\u2019 del hiperrealismo andaluz","datePublished":"2026-02-26T11:41:20+00:00","mainEntityOfPage":{"@id":"https:\/\/fundacioncajaruraldelsur.com\/la-fundacion-caja-rural-del-sur-acoge-en-cordoba-la-muestra-figuraciones-del-hiperrealismo-andaluz\/"},"wordCount":315,"image":{"@id":"https:\/\/fundacioncajaruraldelsur.com\/la-fundacion-caja-rural-del-sur-acoge-en-cordoba-la-muestra-figuraciones-del-hiperrealismo-andaluz\/#primaryimage"},"thumbnailUrl":"https:\/\/fundacioncajaruraldelsur.com\/wp-content\/uploads\/2026\/02\/Captura-de-pantalla-2026-02-26-124029.jpg","articleSection":["Exposiciones"],"inLanguage":"pt-PT"},{"@type":"WebPage","@id":"https:\/\/fundacioncajaruraldelsur.com\/la-fundacion-caja-rural-del-sur-acoge-en-cordoba-la-muestra-figuraciones-del-hiperrealismo-andaluz\/","url":"https:\/\/fundacioncajaruraldelsur.com\/la-fundacion-caja-rural-del-sur-acoge-en-cordoba-la-muestra-figuraciones-del-hiperrealismo-andaluz\/","name":"La Fundaci\u00f3n Caja Rural del Sur acoge en C\u00f3rdoba la muestra \u2018Figuraciones\u2019 del hiperrealismo andaluz - Fundaci\u00f3n Caja Rural del Sur","isPartOf":{"@id":"https:\/\/fundacioncajaruraldelsur.com\/#website"},"primaryImageOfPage":{"@id":"https:\/\/fundacioncajaruraldelsur.com\/la-fundacion-caja-rural-del-sur-acoge-en-cordoba-la-muestra-figuraciones-del-hiperrealismo-andaluz\/#primaryimage"},"image":{"@id":"https:\/\/fundacioncajaruraldelsur.com\/la-fundacion-caja-rural-del-sur-acoge-en-cordoba-la-muestra-figuraciones-del-hiperrealismo-andaluz\/#primaryimage"},"thumbnailUrl":"https:\/\/fundacioncajaruraldelsur.com\/wp-content\/uploads\/2026\/02\/Captura-de-pantalla-2026-02-26-124029.jpg","datePublished":"2026-02-26T11:41:20+00:00","author":{"@id":"https:\/\/fundacioncajaruraldelsur.com\/#\/schema\/person\/f430da9fb783d505ff061ad8b3d44577"},"breadcrumb":{"@id":"https:\/\/fundacioncajaruraldelsur.com\/la-fundacion-caja-rural-del-sur-acoge-en-cordoba-la-muestra-figuraciones-del-hiperrealismo-andaluz\/#breadcrumb"},"inLanguage":"pt-PT","potentialAction":[{"@type":"ReadAction","target":["https:\/\/fundacioncajaruraldelsur.com\/la-fundacion-caja-rural-del-sur-acoge-en-cordoba-la-muestra-figuraciones-del-hiperrealismo-andaluz\/"]}]},{"@type":"ImageObject","inLanguage":"pt-PT","@id":"https:\/\/fundacioncajaruraldelsur.com\/la-fundacion-caja-rural-del-sur-acoge-en-cordoba-la-muestra-figuraciones-del-hiperrealismo-andaluz\/#primaryimage","url":"https:\/\/fundacioncajaruraldelsur.com\/wp-content\/uploads\/2026\/02\/Captura-de-pantalla-2026-02-26-124029.jpg","contentUrl":"https:\/\/fundacioncajaruraldelsur.com\/wp-content\/uploads\/2026\/02\/Captura-de-pantalla-2026-02-26-124029.jpg","width":644,"height":351},{"@type":"BreadcrumbList","@id":"https:\/\/fundacioncajaruraldelsur.com\/la-fundacion-caja-rural-del-sur-acoge-en-cordoba-la-muestra-figuraciones-del-hiperrealismo-andaluz\/#breadcrumb","itemListElement":[{"@type":"ListItem","position":1,"name":"Portada","item":"https:\/\/fundacioncajaruraldelsur.com\/"},{"@type":"ListItem","position":2,"name":"La Fundaci\u00f3n Caja Rural del Sur acoge en C\u00f3rdoba la muestra \u2018Figuraciones\u2019 del hiperrealismo andaluz"}]},{"@type":"WebSite","@id":"https:\/\/fundacioncajaruraldelsur.com\/#website","url":"https:\/\/fundacioncajaruraldelsur.com\/","name":"Funda\u00e7\u00e3o Caja Rural del Sur","description":"","potentialAction":[{"@type":"SearchAction","target":{"@type":"EntryPoint","urlTemplate":"https:\/\/fundacioncajaruraldelsur.com\/?s={search_term_string}"},"query-input":{"@type":"PropertyValueSpecification","valueRequired":true,"valueName":"search_term_string"}}],"inLanguage":"pt-PT"},{"@type":"Person","@id":"https:\/\/fundacioncajaruraldelsur.com\/#\/schema\/person\/f430da9fb783d505ff061ad8b3d44577","name":"Comunicaci\u00f3n","image":{"@type":"ImageObject","inLanguage":"pt-PT","@id":"https:\/\/secure.gravatar.com\/avatar\/0dca239875993680bac4603ad2de7942da018f52cc3a244578e0b3b09314a8d8?s=96&d=blank&r=g","url":"https:\/\/secure.gravatar.com\/avatar\/0dca239875993680bac4603ad2de7942da018f52cc3a244578e0b3b09314a8d8?s=96&d=blank&r=g","contentUrl":"https:\/\/secure.gravatar.com\/avatar\/0dca239875993680bac4603ad2de7942da018f52cc3a244578e0b3b09314a8d8?s=96&d=blank&r=g","caption":"Comunicaci\u00f3n"}}]}},"rttpg_featured_image_url":{"full":["https:\/\/fundacioncajaruraldelsur.com\/wp-content\/uploads\/2026\/02\/Captura-de-pantalla-2026-02-26-124029.jpg",644,351,false],"landscape":["https:\/\/fundacioncajaruraldelsur.com\/wp-content\/uploads\/2026\/02\/Captura-de-pantalla-2026-02-26-124029.jpg",644,351,false],"portraits":["https:\/\/fundacioncajaruraldelsur.com\/wp-content\/uploads\/2026\/02\/Captura-de-pantalla-2026-02-26-124029.jpg",644,351,false],"thumbnail":["https:\/\/fundacioncajaruraldelsur.com\/wp-content\/uploads\/2026\/02\/Captura-de-pantalla-2026-02-26-124029-150x150.jpg",150,150,true],"medium":["https:\/\/fundacioncajaruraldelsur.com\/wp-content\/uploads\/2026\/02\/Captura-de-pantalla-2026-02-26-124029-300x164.jpg",300,164,true],"large":["https:\/\/fundacioncajaruraldelsur.com\/wp-content\/uploads\/2026\/02\/Captura-de-pantalla-2026-02-26-124029.jpg",644,351,false],"1536x1536":["https:\/\/fundacioncajaruraldelsur.com\/wp-content\/uploads\/2026\/02\/Captura-de-pantalla-2026-02-26-124029.jpg",644,351,false],"2048x2048":["https:\/\/fundacioncajaruraldelsur.com\/wp-content\/uploads\/2026\/02\/Captura-de-pantalla-2026-02-26-124029.jpg",644,351,false],"trp-custom-language-flag":["https:\/\/fundacioncajaruraldelsur.com\/wp-content\/uploads\/2026\/02\/Captura-de-pantalla-2026-02-26-124029-18x10.jpg",18,10,true],"blog-thumbnail":["https:\/\/fundacioncajaruraldelsur.com\/wp-content\/uploads\/2026\/02\/Captura-de-pantalla-2026-02-26-124029-400x200.jpg",400,200,true]},"rttpg_author":{"display_name":"Comunicaci\u00f3n","author_link":"https:\/\/fundacioncajaruraldelsur.com\/pt\/author\/sevillaadmin\/"},"rttpg_comment":0,"rttpg_category":"<a href=\"https:\/\/fundacioncajaruraldelsur.com\/pt\/category\/exposiciones\/\" rel=\"category tag\">Exposiciones<\/a>","rttpg_excerpt":"En la sala de exposiciones del Centro Cultural \u2018Jos\u00e9 Luis Garc\u00eda Palacios\u2019 en C\u00f3rdoba de Fundaci\u00f3n Caja Rural del Sur se puede visitar hasta el pr\u00f3ximo 12 de marzo, con [&hellip;]","_links":{"self":[{"href":"https:\/\/fundacioncajaruraldelsur.com\/pt\/wp-json\/wp\/v2\/posts\/12479","targetHints":{"allow":["GET"]}}],"collection":[{"href":"https:\/\/fundacioncajaruraldelsur.com\/pt\/wp-json\/wp\/v2\/posts"}],"about":[{"href":"https:\/\/fundacioncajaruraldelsur.com\/pt\/wp-json\/wp\/v2\/types\/post"}],"author":[{"embeddable":true,"href":"https:\/\/fundacioncajaruraldelsur.com\/pt\/wp-json\/wp\/v2\/users\/6"}],"replies":[{"embeddable":true,"href":"https:\/\/fundacioncajaruraldelsur.com\/pt\/wp-json\/wp\/v2\/comments?post=12479"}],"version-history":[{"count":1,"href":"https:\/\/fundacioncajaruraldelsur.com\/pt\/wp-json\/wp\/v2\/posts\/12479\/revisions"}],"predecessor-version":[{"id":12481,"href":"https:\/\/fundacioncajaruraldelsur.com\/pt\/wp-json\/wp\/v2\/posts\/12479\/revisions\/12481"}],"wp:featuredmedia":[{"embeddable":true,"href":"https:\/\/fundacioncajaruraldelsur.com\/pt\/wp-json\/wp\/v2\/media\/12480"}],"wp:attachment":[{"href":"https:\/\/fundacioncajaruraldelsur.com\/pt\/wp-json\/wp\/v2\/media?parent=12479"}],"wp:term":[{"taxonomy":"category","embeddable":true,"href":"https:\/\/fundacioncajaruraldelsur.com\/pt\/wp-json\/wp\/v2\/categories?post=12479"},{"taxonomy":"post_tag","embeddable":true,"href":"https:\/\/fundacioncajaruraldelsur.com\/pt\/wp-json\/wp\/v2\/tags?post=12479"}],"curies":[{"name":"wp","href":"https:\/\/api.w.org\/{rel}","templated":true}]}}