{"id":12433,"date":"2026-02-18T21:23:14","date_gmt":"2026-02-18T20:23:14","guid":{"rendered":"https:\/\/fundacioncajaruraldelsur.com\/?p=12433"},"modified":"2026-02-18T21:23:14","modified_gmt":"2026-02-18T20:23:14","slug":"distincion-de-la-academia-iberoamericana-de-la-rabida-a-la-fundacion-caja-rural-del-sur","status":"publish","type":"post","link":"https:\/\/fundacioncajaruraldelsur.com\/pt\/distincion-de-la-academia-iberoamericana-de-la-rabida-a-la-fundacion-caja-rural-del-sur\/","title":{"rendered":"Distinci\u00f3n de la Academia Iberoamericana de La R\u00e1bida a la Fundaci\u00f3n Caja Rural del Sur"},"content":{"rendered":"<p>La Academia Iberoamericana de La R\u00e1bida, en acto celebrado en el Centro Cultural \u2018Jos\u00e9 Luis Garc\u00eda Palacios\u2019 de Huelva, ha concedido a la Fundaci\u00f3n Caja Rural del Sur como \u2018Persona miembro Protectora\u2019 de la misma en el transcurso de una sesi\u00f3n solemne en la que la semblanza corri\u00f3 a cargo de la acad\u00e9mica Yolanda Pelayo D\u00edaz. El presidente de Caja Rural el Sur y su Fundaci\u00f3n fue el encargado de recoger esta distinci\u00f3n.<\/p>\n<p>Con la asistencia de los miembros de la Academia Iberoamericana de La R\u00e1bida, junto a representantes de otras Academias de Huelva y de Andaluc\u00eda, Ayuntamiento de Huelva, Diputaci\u00f3n Provincial, Universidad de Huelva y patronos y directivos de la Fundaci\u00f3n Caja Rural del Sur se celebr\u00f3 este acto solemne en el que qued\u00f3 de manifiesto tanto la importancia del entronque social y cultural con el que cuenta la Fundaci\u00f3n como el acierto de su primer presidente, Jos\u00e9 Luis Garc\u00eda Palacios, de constituir la misma con sede en Huelva a los dos a\u00f1os de que echara a andar Caja Rural del Sur como resultado de la fusi\u00f3n primero de las Cajas Rurales de Sevilla y Huelva, a la que se uni\u00f3 a\u00f1os m\u00e1s tarde la de C\u00f3rdoba.<\/p>\n<p>De la historia de la Fundaci\u00f3n en sus distintas etapas y de la mano de sus dos presidentes, Jos\u00e9 Luis Garc\u00eda Palacios padre e hijo, vers\u00f3 la semblanza encargada por la Academia a Yolanda Pelayo. Quien tambi\u00e9n record\u00f3 el trabajo desarrollado por sus tres directores generales hasta ahora, empezado por Jaime de Vicente, Guillermo T\u00e9llez y Emilio Ponce.<\/p>\n<p>Agradec\u00eda la distinci\u00f3n el presidente de Caja Rural del Sur y su Fundaci\u00f3n destacando la importancia que tiene el trabajo que se hace en la entidad cooperativa de cr\u00e9dito, ya que son sus buenos resultados econ\u00f3micos los que posibilitan la propia fortaleza de la Fundaci\u00f3n y que pueda desarrollar su amplia gama de actividades de responsabilidad social corporativa en las distintas provincias donde tiene implantaci\u00f3n Caja Rural del Sur. \u201cEs una forma de devolver a la sociedad lo que la propia sociedad nos da en la actividad financiera ya que como cooperativa no se reparten los beneficios entre los socios, sino que se trasladan los mismos a dar solidez y solvencia a la Caja, por un lado, y en respaldar el trabajo que desarrolla la Fundaci\u00f3n, por otro, que van desde lo cultural y formativo a apoyar el tejido social, cooperativo y solidario de muchas entidades, adem\u00e1s del Fondo de Formaci\u00f3n y Social de la propia entidad\u201d.<\/p>\n<p>El presidente de la Academia Iberoamericana de La R\u00e1bida, Sixto Romero, cerr\u00f3 el acto poniendo en valor la palabra gratitud ya que la gratitud en silencio no sirve para\u00a0\u00a0 nada\u201d\u00a0\u00a0 y el \u201cagradecimiento debe ser activo y comunicarse -explicaba- hemos querido dejar constancia plena de este reconocimiento a la Fundaci\u00f3n Caja Rural del Sur al hacerla \u201cPersona Miembro Protectora de la Academia\u201d cuando nos acercamos a celebrar el trig\u00e9simo aniversario de nuestra creaci\u00f3n\u201d.<\/p>\n<p>Con la actuaci\u00f3n de la cantaora moguere\u00f1a, Mar\u00eda \u00c1ngeles Cruzado, y sus cantes de ida y vuelta, se cerr\u00f3 la sesi\u00f3n solemne de la Academia Iberoamericana de La R\u00e1bida.<\/p>","protected":false},"excerpt":{"rendered":"<p>La Academia Iberoamericana de La R\u00e1bida, en acto celebrado en el Centro Cultural \u2018Jos\u00e9 Luis Garc\u00eda Palacios\u2019 de Huelva, ha concedido a la Fundaci\u00f3n Caja Rural del Sur como \u2018Persona [&hellip;]<\/p>\n","protected":false},"author":6,"featured_media":12434,"comment_status":"closed","ping_status":"closed","sticky":false,"template":"","format":"standard","meta":{"footnotes":""},"categories":[64],"tags":[],"class_list":["post-12433","post","type-post","status-publish","format-standard","has-post-thumbnail","hentry","category-premios"],"yoast_head":"<!-- This site is optimized with the Yoast SEO plugin v27.3 - https:\/\/yoast.com\/product\/yoast-seo-wordpress\/ -->\n<title>Distinci\u00f3n de la Academia Iberoamericana de La R\u00e1bida a la Fundaci\u00f3n Caja Rural del Sur - Fundaci\u00f3n Caja Rural del Sur<\/title>\n<meta name=\"robots\" content=\"index, follow, max-snippet:-1, max-image-preview:large, max-video-preview:-1\" \/>\n<link rel=\"canonical\" href=\"https:\/\/fundacioncajaruraldelsur.com\/pt\/distincion-de-la-academia-iberoamericana-de-la-rabida-a-la-fundacion-caja-rural-del-sur\/\" \/>\n<meta property=\"og:locale\" content=\"pt_PT\" \/>\n<meta property=\"og:type\" content=\"article\" \/>\n<meta property=\"og:title\" content=\"Distinci\u00f3n de la Academia Iberoamericana de La R\u00e1bida a la Fundaci\u00f3n Caja Rural del Sur - Fundaci\u00f3n Caja Rural del Sur\" \/>\n<meta property=\"og:description\" content=\"La Academia Iberoamericana de La R\u00e1bida, en acto celebrado en el Centro Cultural \u2018Jos\u00e9 Luis Garc\u00eda Palacios\u2019 de Huelva, ha concedido a la Fundaci\u00f3n Caja Rural del Sur como \u2018Persona [&hellip;]\" \/>\n<meta property=\"og:url\" content=\"https:\/\/fundacioncajaruraldelsur.com\/pt\/distincion-de-la-academia-iberoamericana-de-la-rabida-a-la-fundacion-caja-rural-del-sur\/\" \/>\n<meta property=\"og:site_name\" content=\"Fundaci\u00f3n Caja Rural del Sur\" \/>\n<meta property=\"article:published_time\" content=\"2026-02-18T20:23:14+00:00\" \/>\n<meta property=\"og:image\" content=\"https:\/\/fundacioncajaruraldelsur.com\/wp-content\/uploads\/2026\/02\/260218.-Entrega-de-la-Academia-Iberoamericana-de-la-distincion-a-la-Fundacion-Caja-Rural-del-Sur.jpg\" \/>\n\t<meta property=\"og:image:width\" content=\"2048\" \/>\n\t<meta property=\"og:image:height\" content=\"1536\" \/>\n\t<meta property=\"og:image:type\" content=\"image\/jpeg\" \/>\n<meta name=\"author\" content=\"Comunicaci\u00f3n\" \/>\n<meta name=\"twitter:card\" content=\"summary_large_image\" \/>\n<meta name=\"twitter:label1\" content=\"Written by\" \/>\n\t<meta name=\"twitter:data1\" content=\"Comunicaci\u00f3n\" \/>\n\t<meta name=\"twitter:label2\" content=\"Est. reading time\" \/>\n\t<meta name=\"twitter:data2\" content=\"3 minutes\" \/>\n<script type=\"application\/ld+json\" class=\"yoast-schema-graph\">{\"@context\":\"https:\\\/\\\/schema.org\",\"@graph\":[{\"@type\":\"Article\",\"@id\":\"https:\\\/\\\/fundacioncajaruraldelsur.com\\\/distincion-de-la-academia-iberoamericana-de-la-rabida-a-la-fundacion-caja-rural-del-sur\\\/#article\",\"isPartOf\":{\"@id\":\"https:\\\/\\\/fundacioncajaruraldelsur.com\\\/distincion-de-la-academia-iberoamericana-de-la-rabida-a-la-fundacion-caja-rural-del-sur\\\/\"},\"author\":{\"name\":\"Comunicaci\u00f3n\",\"@id\":\"https:\\\/\\\/fundacioncajaruraldelsur.com\\\/#\\\/schema\\\/person\\\/f430da9fb783d505ff061ad8b3d44577\"},\"headline\":\"Distinci\u00f3n de la Academia Iberoamericana de La R\u00e1bida a la Fundaci\u00f3n Caja Rural del Sur\",\"datePublished\":\"2026-02-18T20:23:14+00:00\",\"mainEntityOfPage\":{\"@id\":\"https:\\\/\\\/fundacioncajaruraldelsur.com\\\/distincion-de-la-academia-iberoamericana-de-la-rabida-a-la-fundacion-caja-rural-del-sur\\\/\"},\"wordCount\":575,\"image\":{\"@id\":\"https:\\\/\\\/fundacioncajaruraldelsur.com\\\/distincion-de-la-academia-iberoamericana-de-la-rabida-a-la-fundacion-caja-rural-del-sur\\\/#primaryimage\"},\"thumbnailUrl\":\"https:\\\/\\\/fundacioncajaruraldelsur.com\\\/wp-content\\\/uploads\\\/2026\\\/02\\\/260218.-Entrega-de-la-Academia-Iberoamericana-de-la-distincion-a-la-Fundacion-Caja-Rural-del-Sur.jpg\",\"articleSection\":[\"Premios\"],\"inLanguage\":\"pt-PT\"},{\"@type\":\"WebPage\",\"@id\":\"https:\\\/\\\/fundacioncajaruraldelsur.com\\\/distincion-de-la-academia-iberoamericana-de-la-rabida-a-la-fundacion-caja-rural-del-sur\\\/\",\"url\":\"https:\\\/\\\/fundacioncajaruraldelsur.com\\\/distincion-de-la-academia-iberoamericana-de-la-rabida-a-la-fundacion-caja-rural-del-sur\\\/\",\"name\":\"Distinci\u00f3n de la Academia Iberoamericana de La R\u00e1bida a la Fundaci\u00f3n Caja Rural del Sur - Fundaci\u00f3n Caja Rural del Sur\",\"isPartOf\":{\"@id\":\"https:\\\/\\\/fundacioncajaruraldelsur.com\\\/#website\"},\"primaryImageOfPage\":{\"@id\":\"https:\\\/\\\/fundacioncajaruraldelsur.com\\\/distincion-de-la-academia-iberoamericana-de-la-rabida-a-la-fundacion-caja-rural-del-sur\\\/#primaryimage\"},\"image\":{\"@id\":\"https:\\\/\\\/fundacioncajaruraldelsur.com\\\/distincion-de-la-academia-iberoamericana-de-la-rabida-a-la-fundacion-caja-rural-del-sur\\\/#primaryimage\"},\"thumbnailUrl\":\"https:\\\/\\\/fundacioncajaruraldelsur.com\\\/wp-content\\\/uploads\\\/2026\\\/02\\\/260218.-Entrega-de-la-Academia-Iberoamericana-de-la-distincion-a-la-Fundacion-Caja-Rural-del-Sur.jpg\",\"datePublished\":\"2026-02-18T20:23:14+00:00\",\"author\":{\"@id\":\"https:\\\/\\\/fundacioncajaruraldelsur.com\\\/#\\\/schema\\\/person\\\/f430da9fb783d505ff061ad8b3d44577\"},\"breadcrumb\":{\"@id\":\"https:\\\/\\\/fundacioncajaruraldelsur.com\\\/distincion-de-la-academia-iberoamericana-de-la-rabida-a-la-fundacion-caja-rural-del-sur\\\/#breadcrumb\"},\"inLanguage\":\"pt-PT\",\"potentialAction\":[{\"@type\":\"ReadAction\",\"target\":[\"https:\\\/\\\/fundacioncajaruraldelsur.com\\\/distincion-de-la-academia-iberoamericana-de-la-rabida-a-la-fundacion-caja-rural-del-sur\\\/\"]}]},{\"@type\":\"ImageObject\",\"inLanguage\":\"pt-PT\",\"@id\":\"https:\\\/\\\/fundacioncajaruraldelsur.com\\\/distincion-de-la-academia-iberoamericana-de-la-rabida-a-la-fundacion-caja-rural-del-sur\\\/#primaryimage\",\"url\":\"https:\\\/\\\/fundacioncajaruraldelsur.com\\\/wp-content\\\/uploads\\\/2026\\\/02\\\/260218.-Entrega-de-la-Academia-Iberoamericana-de-la-distincion-a-la-Fundacion-Caja-Rural-del-Sur.jpg\",\"contentUrl\":\"https:\\\/\\\/fundacioncajaruraldelsur.com\\\/wp-content\\\/uploads\\\/2026\\\/02\\\/260218.-Entrega-de-la-Academia-Iberoamericana-de-la-distincion-a-la-Fundacion-Caja-Rural-del-Sur.jpg\",\"width\":2048,\"height\":1536},{\"@type\":\"BreadcrumbList\",\"@id\":\"https:\\\/\\\/fundacioncajaruraldelsur.com\\\/distincion-de-la-academia-iberoamericana-de-la-rabida-a-la-fundacion-caja-rural-del-sur\\\/#breadcrumb\",\"itemListElement\":[{\"@type\":\"ListItem\",\"position\":1,\"name\":\"Portada\",\"item\":\"https:\\\/\\\/fundacioncajaruraldelsur.com\\\/\"},{\"@type\":\"ListItem\",\"position\":2,\"name\":\"Distinci\u00f3n de la Academia Iberoamericana de La R\u00e1bida a la Fundaci\u00f3n Caja Rural del Sur\"}]},{\"@type\":\"WebSite\",\"@id\":\"https:\\\/\\\/fundacioncajaruraldelsur.com\\\/#website\",\"url\":\"https:\\\/\\\/fundacioncajaruraldelsur.com\\\/\",\"name\":\"Fundaci\u00f3n Caja Rural del Sur\",\"description\":\"\",\"potentialAction\":[{\"@type\":\"SearchAction\",\"target\":{\"@type\":\"EntryPoint\",\"urlTemplate\":\"https:\\\/\\\/fundacioncajaruraldelsur.com\\\/?s={search_term_string}\"},\"query-input\":{\"@type\":\"PropertyValueSpecification\",\"valueRequired\":true,\"valueName\":\"search_term_string\"}}],\"inLanguage\":\"pt-PT\"},{\"@type\":\"Person\",\"@id\":\"https:\\\/\\\/fundacioncajaruraldelsur.com\\\/#\\\/schema\\\/person\\\/f430da9fb783d505ff061ad8b3d44577\",\"name\":\"Comunicaci\u00f3n\",\"image\":{\"@type\":\"ImageObject\",\"inLanguage\":\"pt-PT\",\"@id\":\"https:\\\/\\\/secure.gravatar.com\\\/avatar\\\/0dca239875993680bac4603ad2de7942da018f52cc3a244578e0b3b09314a8d8?s=96&d=blank&r=g\",\"url\":\"https:\\\/\\\/secure.gravatar.com\\\/avatar\\\/0dca239875993680bac4603ad2de7942da018f52cc3a244578e0b3b09314a8d8?s=96&d=blank&r=g\",\"contentUrl\":\"https:\\\/\\\/secure.gravatar.com\\\/avatar\\\/0dca239875993680bac4603ad2de7942da018f52cc3a244578e0b3b09314a8d8?s=96&d=blank&r=g\",\"caption\":\"Comunicaci\u00f3n\"}}]}<\/script>\n<!-- \/ Yoast SEO plugin. -->","yoast_head_json":{"title":"Distinci\u00f3n de la Academia Iberoamericana de La R\u00e1bida a la Fundaci\u00f3n Caja Rural del Sur - Fundaci\u00f3n Caja Rural del Sur","robots":{"index":"index","follow":"follow","max-snippet":"max-snippet:-1","max-image-preview":"max-image-preview:large","max-video-preview":"max-video-preview:-1"},"canonical":"https:\/\/fundacioncajaruraldelsur.com\/pt\/distincion-de-la-academia-iberoamericana-de-la-rabida-a-la-fundacion-caja-rural-del-sur\/","og_locale":"pt_PT","og_type":"article","og_title":"Distinci\u00f3n de la Academia Iberoamericana de La R\u00e1bida a la Fundaci\u00f3n Caja Rural del Sur - Fundaci\u00f3n Caja Rural del Sur","og_description":"La Academia Iberoamericana de La R\u00e1bida, en acto celebrado en el Centro Cultural \u2018Jos\u00e9 Luis Garc\u00eda Palacios\u2019 de Huelva, ha concedido a la Fundaci\u00f3n Caja Rural del Sur como \u2018Persona [&hellip;]","og_url":"https:\/\/fundacioncajaruraldelsur.com\/pt\/distincion-de-la-academia-iberoamericana-de-la-rabida-a-la-fundacion-caja-rural-del-sur\/","og_site_name":"Fundaci\u00f3n Caja Rural del Sur","article_published_time":"2026-02-18T20:23:14+00:00","og_image":[{"width":2048,"height":1536,"url":"https:\/\/fundacioncajaruraldelsur.com\/wp-content\/uploads\/2026\/02\/260218.-Entrega-de-la-Academia-Iberoamericana-de-la-distincion-a-la-Fundacion-Caja-Rural-del-Sur.jpg","type":"image\/jpeg"}],"author":"Comunicaci\u00f3n","twitter_card":"summary_large_image","twitter_misc":{"Written by":"Comunicaci\u00f3n","Est. reading time":"3 minutes"},"schema":{"@context":"https:\/\/schema.org","@graph":[{"@type":"Article","@id":"https:\/\/fundacioncajaruraldelsur.com\/distincion-de-la-academia-iberoamericana-de-la-rabida-a-la-fundacion-caja-rural-del-sur\/#article","isPartOf":{"@id":"https:\/\/fundacioncajaruraldelsur.com\/distincion-de-la-academia-iberoamericana-de-la-rabida-a-la-fundacion-caja-rural-del-sur\/"},"author":{"name":"Comunicaci\u00f3n","@id":"https:\/\/fundacioncajaruraldelsur.com\/#\/schema\/person\/f430da9fb783d505ff061ad8b3d44577"},"headline":"Distinci\u00f3n de la Academia Iberoamericana de La R\u00e1bida a la Fundaci\u00f3n Caja Rural del Sur","datePublished":"2026-02-18T20:23:14+00:00","mainEntityOfPage":{"@id":"https:\/\/fundacioncajaruraldelsur.com\/distincion-de-la-academia-iberoamericana-de-la-rabida-a-la-fundacion-caja-rural-del-sur\/"},"wordCount":575,"image":{"@id":"https:\/\/fundacioncajaruraldelsur.com\/distincion-de-la-academia-iberoamericana-de-la-rabida-a-la-fundacion-caja-rural-del-sur\/#primaryimage"},"thumbnailUrl":"https:\/\/fundacioncajaruraldelsur.com\/wp-content\/uploads\/2026\/02\/260218.-Entrega-de-la-Academia-Iberoamericana-de-la-distincion-a-la-Fundacion-Caja-Rural-del-Sur.jpg","articleSection":["Premios"],"inLanguage":"pt-PT"},{"@type":"WebPage","@id":"https:\/\/fundacioncajaruraldelsur.com\/distincion-de-la-academia-iberoamericana-de-la-rabida-a-la-fundacion-caja-rural-del-sur\/","url":"https:\/\/fundacioncajaruraldelsur.com\/distincion-de-la-academia-iberoamericana-de-la-rabida-a-la-fundacion-caja-rural-del-sur\/","name":"Distinci\u00f3n de la Academia Iberoamericana de La R\u00e1bida a la Fundaci\u00f3n Caja Rural del Sur - Fundaci\u00f3n Caja Rural del Sur","isPartOf":{"@id":"https:\/\/fundacioncajaruraldelsur.com\/#website"},"primaryImageOfPage":{"@id":"https:\/\/fundacioncajaruraldelsur.com\/distincion-de-la-academia-iberoamericana-de-la-rabida-a-la-fundacion-caja-rural-del-sur\/#primaryimage"},"image":{"@id":"https:\/\/fundacioncajaruraldelsur.com\/distincion-de-la-academia-iberoamericana-de-la-rabida-a-la-fundacion-caja-rural-del-sur\/#primaryimage"},"thumbnailUrl":"https:\/\/fundacioncajaruraldelsur.com\/wp-content\/uploads\/2026\/02\/260218.-Entrega-de-la-Academia-Iberoamericana-de-la-distincion-a-la-Fundacion-Caja-Rural-del-Sur.jpg","datePublished":"2026-02-18T20:23:14+00:00","author":{"@id":"https:\/\/fundacioncajaruraldelsur.com\/#\/schema\/person\/f430da9fb783d505ff061ad8b3d44577"},"breadcrumb":{"@id":"https:\/\/fundacioncajaruraldelsur.com\/distincion-de-la-academia-iberoamericana-de-la-rabida-a-la-fundacion-caja-rural-del-sur\/#breadcrumb"},"inLanguage":"pt-PT","potentialAction":[{"@type":"ReadAction","target":["https:\/\/fundacioncajaruraldelsur.com\/distincion-de-la-academia-iberoamericana-de-la-rabida-a-la-fundacion-caja-rural-del-sur\/"]}]},{"@type":"ImageObject","inLanguage":"pt-PT","@id":"https:\/\/fundacioncajaruraldelsur.com\/distincion-de-la-academia-iberoamericana-de-la-rabida-a-la-fundacion-caja-rural-del-sur\/#primaryimage","url":"https:\/\/fundacioncajaruraldelsur.com\/wp-content\/uploads\/2026\/02\/260218.-Entrega-de-la-Academia-Iberoamericana-de-la-distincion-a-la-Fundacion-Caja-Rural-del-Sur.jpg","contentUrl":"https:\/\/fundacioncajaruraldelsur.com\/wp-content\/uploads\/2026\/02\/260218.-Entrega-de-la-Academia-Iberoamericana-de-la-distincion-a-la-Fundacion-Caja-Rural-del-Sur.jpg","width":2048,"height":1536},{"@type":"BreadcrumbList","@id":"https:\/\/fundacioncajaruraldelsur.com\/distincion-de-la-academia-iberoamericana-de-la-rabida-a-la-fundacion-caja-rural-del-sur\/#breadcrumb","itemListElement":[{"@type":"ListItem","position":1,"name":"Portada","item":"https:\/\/fundacioncajaruraldelsur.com\/"},{"@type":"ListItem","position":2,"name":"Distinci\u00f3n de la Academia Iberoamericana de La R\u00e1bida a la Fundaci\u00f3n Caja Rural del Sur"}]},{"@type":"WebSite","@id":"https:\/\/fundacioncajaruraldelsur.com\/#website","url":"https:\/\/fundacioncajaruraldelsur.com\/","name":"Funda\u00e7\u00e3o Caja Rural del Sur","description":"","potentialAction":[{"@type":"SearchAction","target":{"@type":"EntryPoint","urlTemplate":"https:\/\/fundacioncajaruraldelsur.com\/?s={search_term_string}"},"query-input":{"@type":"PropertyValueSpecification","valueRequired":true,"valueName":"search_term_string"}}],"inLanguage":"pt-PT"},{"@type":"Person","@id":"https:\/\/fundacioncajaruraldelsur.com\/#\/schema\/person\/f430da9fb783d505ff061ad8b3d44577","name":"Comunicaci\u00f3n","image":{"@type":"ImageObject","inLanguage":"pt-PT","@id":"https:\/\/secure.gravatar.com\/avatar\/0dca239875993680bac4603ad2de7942da018f52cc3a244578e0b3b09314a8d8?s=96&d=blank&r=g","url":"https:\/\/secure.gravatar.com\/avatar\/0dca239875993680bac4603ad2de7942da018f52cc3a244578e0b3b09314a8d8?s=96&d=blank&r=g","contentUrl":"https:\/\/secure.gravatar.com\/avatar\/0dca239875993680bac4603ad2de7942da018f52cc3a244578e0b3b09314a8d8?s=96&d=blank&r=g","caption":"Comunicaci\u00f3n"}}]}},"rttpg_featured_image_url":{"full":["https:\/\/fundacioncajaruraldelsur.com\/wp-content\/uploads\/2026\/02\/260218.-Entrega-de-la-Academia-Iberoamericana-de-la-distincion-a-la-Fundacion-Caja-Rural-del-Sur.jpg",2048,1536,false],"landscape":["https:\/\/fundacioncajaruraldelsur.com\/wp-content\/uploads\/2026\/02\/260218.-Entrega-de-la-Academia-Iberoamericana-de-la-distincion-a-la-Fundacion-Caja-Rural-del-Sur.jpg",2048,1536,false],"portraits":["https:\/\/fundacioncajaruraldelsur.com\/wp-content\/uploads\/2026\/02\/260218.-Entrega-de-la-Academia-Iberoamericana-de-la-distincion-a-la-Fundacion-Caja-Rural-del-Sur.jpg",2048,1536,false],"thumbnail":["https:\/\/fundacioncajaruraldelsur.com\/wp-content\/uploads\/2026\/02\/260218.-Entrega-de-la-Academia-Iberoamericana-de-la-distincion-a-la-Fundacion-Caja-Rural-del-Sur-150x150.jpg",150,150,true],"medium":["https:\/\/fundacioncajaruraldelsur.com\/wp-content\/uploads\/2026\/02\/260218.-Entrega-de-la-Academia-Iberoamericana-de-la-distincion-a-la-Fundacion-Caja-Rural-del-Sur-300x225.jpg",300,225,true],"large":["https:\/\/fundacioncajaruraldelsur.com\/wp-content\/uploads\/2026\/02\/260218.-Entrega-de-la-Academia-Iberoamericana-de-la-distincion-a-la-Fundacion-Caja-Rural-del-Sur-1024x768.jpg",960,720,true],"1536x1536":["https:\/\/fundacioncajaruraldelsur.com\/wp-content\/uploads\/2026\/02\/260218.-Entrega-de-la-Academia-Iberoamericana-de-la-distincion-a-la-Fundacion-Caja-Rural-del-Sur-1536x1152.jpg",1536,1152,true],"2048x2048":["https:\/\/fundacioncajaruraldelsur.com\/wp-content\/uploads\/2026\/02\/260218.-Entrega-de-la-Academia-Iberoamericana-de-la-distincion-a-la-Fundacion-Caja-Rural-del-Sur.jpg",2048,1536,false],"trp-custom-language-flag":["https:\/\/fundacioncajaruraldelsur.com\/wp-content\/uploads\/2026\/02\/260218.-Entrega-de-la-Academia-Iberoamericana-de-la-distincion-a-la-Fundacion-Caja-Rural-del-Sur-16x12.jpg",16,12,true],"blog-thumbnail":["https:\/\/fundacioncajaruraldelsur.com\/wp-content\/uploads\/2026\/02\/260218.-Entrega-de-la-Academia-Iberoamericana-de-la-distincion-a-la-Fundacion-Caja-Rural-del-Sur-400x200.jpg",400,200,true]},"rttpg_author":{"display_name":"Comunicaci\u00f3n","author_link":"https:\/\/fundacioncajaruraldelsur.com\/pt\/author\/sevillaadmin\/"},"rttpg_comment":0,"rttpg_category":"<a href=\"https:\/\/fundacioncajaruraldelsur.com\/pt\/category\/premios\/\" rel=\"category tag\">Premios<\/a>","rttpg_excerpt":"La Academia Iberoamericana de La R\u00e1bida, en acto celebrado en el Centro Cultural \u2018Jos\u00e9 Luis Garc\u00eda Palacios\u2019 de Huelva, ha concedido a la Fundaci\u00f3n Caja Rural del Sur como \u2018Persona [&hellip;]","_links":{"self":[{"href":"https:\/\/fundacioncajaruraldelsur.com\/pt\/wp-json\/wp\/v2\/posts\/12433","targetHints":{"allow":["GET"]}}],"collection":[{"href":"https:\/\/fundacioncajaruraldelsur.com\/pt\/wp-json\/wp\/v2\/posts"}],"about":[{"href":"https:\/\/fundacioncajaruraldelsur.com\/pt\/wp-json\/wp\/v2\/types\/post"}],"author":[{"embeddable":true,"href":"https:\/\/fundacioncajaruraldelsur.com\/pt\/wp-json\/wp\/v2\/users\/6"}],"replies":[{"embeddable":true,"href":"https:\/\/fundacioncajaruraldelsur.com\/pt\/wp-json\/wp\/v2\/comments?post=12433"}],"version-history":[{"count":1,"href":"https:\/\/fundacioncajaruraldelsur.com\/pt\/wp-json\/wp\/v2\/posts\/12433\/revisions"}],"predecessor-version":[{"id":12435,"href":"https:\/\/fundacioncajaruraldelsur.com\/pt\/wp-json\/wp\/v2\/posts\/12433\/revisions\/12435"}],"wp:featuredmedia":[{"embeddable":true,"href":"https:\/\/fundacioncajaruraldelsur.com\/pt\/wp-json\/wp\/v2\/media\/12434"}],"wp:attachment":[{"href":"https:\/\/fundacioncajaruraldelsur.com\/pt\/wp-json\/wp\/v2\/media?parent=12433"}],"wp:term":[{"taxonomy":"category","embeddable":true,"href":"https:\/\/fundacioncajaruraldelsur.com\/pt\/wp-json\/wp\/v2\/categories?post=12433"},{"taxonomy":"post_tag","embeddable":true,"href":"https:\/\/fundacioncajaruraldelsur.com\/pt\/wp-json\/wp\/v2\/tags?post=12433"}],"curies":[{"name":"wp","href":"https:\/\/api.w.org\/{rel}","templated":true}]}}