{"id":12335,"date":"2026-02-05T07:20:30","date_gmt":"2026-02-05T06:20:30","guid":{"rendered":"https:\/\/fundacioncajaruraldelsur.com\/?p=12335"},"modified":"2026-02-05T08:43:07","modified_gmt":"2026-02-05T07:43:07","slug":"el-presidente-de-caja-rural-del-sur-jose-luis-garcia-palacios-ingresa-en-la-academia-de-ciencias-sociales-y-del-medio-ambiente-de-andalucia","status":"publish","type":"post","link":"https:\/\/fundacioncajaruraldelsur.com\/pt\/el-presidente-de-caja-rural-del-sur-jose-luis-garcia-palacios-ingresa-en-la-academia-de-ciencias-sociales-y-del-medio-ambiente-de-andalucia\/","title":{"rendered":"El presidente de Caja Rural del Sur, Jos\u00e9 Luis Garc\u00eda-Palacios, ingresa en la Academia de Ciencias Sociales y del Medio Ambiente de Andaluc\u00eda"},"content":{"rendered":"<p data-start=\"215\" data-end=\"556\">El presidente de Caja Rural del Sur, <strong data-start=\"252\" data-end=\"289\">Jos\u00e9 Luis Garc\u00eda-Palacios \u00c1lvarez<\/strong>, ha ingresado como acad\u00e9mico numerario en la <strong>Academia de Ciencias Sociales y del Medio Ambiente de Andaluc\u00eda, que preside Antonio Pascual,<\/strong> con un discurso de marcado calado econ\u00f3mico, social y personal, en el que reivindic\u00f3 el papel de la empresa como pilar esencial del progreso y la cohesi\u00f3n social.<\/p>\n<p data-start=\"558\" data-end=\"996\">El acto solemne tuvo lugar, este mi\u00e9rcoles, 4 de febrero, en la <strong>Real Academia de Bellas Artes de Santa Isabel de Hungr\u00eda<\/strong> de Sevilla y cont\u00f3 con una destacada representaci\u00f3n del \u00e1mbito empresarial e institucional, que quiso acompa\u00f1ar al presidente de Caja Rural del Sur pese a las adversas condiciones meteorol\u00f3gicas. La ceremonia estuvo cargada de emoci\u00f3n, ya que Jos\u00e9 Luis Garc\u00eda-Palacios dedic\u00f3 su ingreso a la memoria de su padre, y quien tambi\u00e9n fuera presidente de la entidad, quien tambi\u00e9n form\u00f3 parte de esta instituci\u00f3n acad\u00e9mica.<\/p>\n<p class=\"voc-p\"><strong>Entre los asistentes al solemne acto <\/strong>se encontraban el director general de Caja Rural del Sur, Guillermo T\u00e9llez, el subdirector, Jos\u00e9 Mar\u00eda Vera, director de la Fundaci\u00f3n, Emilio Ponce, director financiero de la Fundaci\u00f3n, Manuel Ruiz Rojas, y miembros del Consejo de la entidad, adem\u00e1s de representantes de la sociedad civil y militar de Sevilla como el Teniente de Hermano Mayor de la Real Maestranza de Caballer\u00eda de Sevilla, Marcelo Maestre; el jefe de la Fuerza Terrestre, el teniente general Carlos Melero y Claudio; el Comandante Naval de Sevilla, Daniel Aller; el delegado de Defensa, Ignacio Romero, as\u00ed como el presidente de la C\u00e1mara de Comercio de Sevilla, Francisco Herrero, y el rector magn\u00edfico de la Universidad de Huelva, Jos\u00e9 Rodr\u00edguez Quintero, entre otros.<\/p>\n<p class=\"voc-p\"><strong>Abri\u00f3 la ceremonia el reci\u00e9n nombrado presidente del Instituto de Academias de Andaluc\u00eda,\u00a0Jos\u00e9 Escalante<\/strong>, en su primera presencia en una cita de la Academia de Ciencias Sociales y del Medio Ambiente de Andaluc\u00eda, quien estac\u00f3 su \u00abprioridad de acompa\u00f1ar a todas las instituciones andaluzas para luchar porque el mundo acad\u00e9mico tenga el posicionamiento necesario\u00bb. Tras sus palabras, el acad\u00e9mico de n\u00famero y secretario canciller Santiago Herrero procedi\u00f3 a leer el pliego de valoraciones por el que se acord\u00f3 el ingreso de Garc\u00eda-Palacios en la ilustre academia.<\/p>\n<p data-start=\"998\" data-end=\"1550\"><strong>Discurso de ingreso<\/strong><\/p>\n<p data-start=\"998\" data-end=\"1550\"><strong>Durante su intervenci\u00f3n, el presidente de Caja Rural del Sur, Jos\u00e9 Luis Garc\u00eda-Palacios,<\/strong>\u00a0<strong>defendi\u00f3 con firmeza que la empresa es un motor indispensable de generaci\u00f3n de riqueza y empleo<\/strong>, y lament\u00f3 que a lo largo del tiempo haya sido objeto de prejuicios y visiones simplificadas. Frente a ello, <strong>apel\u00f3 al pensamiento cr\u00edtico y a la libertad individual<\/strong> como herramientas fundamentales para combatir la <strong>desinformaci\u00f3n y la propaganda ideol\u00f3gica<\/strong> que, a su juicio, empobrecen el debate p\u00fablico, especialmente en una sociedad marcada por la inmediatez y el impacto de las redes sociales.<\/p>\n<p data-start=\"1946\" data-end=\"2463\"><strong>En este sentido, a la empresa la defini\u00f3 como la \u00abclave de b\u00f3veda\u00bb<\/strong> que garantiza prosperidad, progreso y libertad. En su defensa, critic\u00f3 la narrativa ideol\u00f3gica contra el empresariado. \u00abRecuerden la mofa del empresario con esas caricaturas desfigurantes con chistera, cigarro puro, generalmente apoltronado con un f\u00edsico orondo, mirada lasciva e insaciable de hambre de poder y dinero\u00bb, lament\u00f3 sobre una \u00abpropaganda burda, pero al tiempo tremendamente eficiente para sus intereses, contando con el aliento y respaldo en muchas ocasiones de los propios gobiernos\u00bb. La verdad os har\u00e1 libre, dijo como ant\u00eddoto. \u00abSe confirma casi cient\u00edficamente que esos males se curan leyendo historia, viajando y sobre todo siendo libre de pensar\u00bb, ha continuado en una cr\u00edtica en la que est\u00e1n implicados los medios de \u00abdesinformaci\u00f3n\u00bb. Citando a Mark Twain, ha recordado: \u00abNo leerlos (los medios) te deja sin contexto, pero leerlos puede llevarte a una visi\u00f3n sesgada o incompleta\u00bb.<\/p>\n<p data-start=\"1946\" data-end=\"2463\">Garc\u00eda-Palacios invit\u00f3 a reflexionar sobre la presencia constante de la iniciativa privada y empresarial en la vida cotidiana y afirm\u00f3 que la libertad de empresa constituye uno de los indicadores m\u00e1s claros del nivel de desarrollo de una sociedad. En este contexto, subray\u00f3 la legitimidad y utilidad de las organizaciones empresariales como cauces de representaci\u00f3n y servicio al conjunto de la ciudadan\u00eda.<\/p>\n<p data-start=\"2465\" data-end=\"2777\">Asimismo, Jos\u00e9 Luis Garc\u00eda-Palacios analiz\u00f3 los<strong> desaf\u00edos vinculados a la pol\u00edtica agraria, la energ\u00eda y la soberan\u00eda alimentaria,<\/strong> y defendi\u00f3 la necesidad de mantener un equilibrio entre sostenibilidad, capacidad productiva y seguridad jur\u00eddica como garant\u00eda para el futuro del mundo rural y el abastecimiento de alimentos.<\/p>\n<p data-start=\"2465\" data-end=\"2777\"><strong>Adem\u00e1s, resalt\u00f3 el modelo de empresas cooperativo<\/strong>, ejemplificado en la banca que representa Caja Rural del Sur, y recordando la figura de su padre, Jos\u00e9 Luis Garc\u00eda Palacios, cuyo papel fue determinante en la formaci\u00f3n en 1990 del Banco Cooperativo Espa\u00f1ol con participaci\u00f3n del banco cooperativo alem\u00e1n D.G. Bank. \u00abTenemos que promover la actitud emprendedora mediante el ejercicio de representaci\u00f3n que ostentamos las asociaciones y organizaciones empresariales, con toda la legitimidad que nos otorga nuestra propia Constituci\u00f3n. Y tambi\u00e9n con todo el privilegio que supone ser la voz del protagonismo civil, de quienes afanan en crear e instituir bienestar por medio del trabajo digno\u00bb, indic\u00f3 en su discurso de ingreso.<\/p>\n<p data-start=\"2779\" data-end=\"3177\">En el final de su reflexi\u00f3n, dedic\u00f3 una atenci\u00f3n especial al problema de la \u201cseca\u201d o decaimiento de la encina, que calific\u00f3 como uno de los mayores retos medioambientales de la pen\u00ednsula ib\u00e9rica. Alert\u00f3 sobre la p\u00e9rdida progresiva de miles de hect\u00e1reas de encinar y reclam\u00f3 una respuesta basada en el conocimiento cient\u00edfico, la cooperaci\u00f3n y una mayor responsabilidad institucional y social.<\/p>\n<p data-start=\"2779\" data-end=\"3177\"><a href=\"https:\/\/blogcrsur.es\/2026\/02\/05\/el-presidente-de-caja-rural-del-sur-jose-luis-garcia-palacios-ingresa-en-la-academia-de-ciencias-sociales-y-del-medio-ambiente-de-andalucia\/\"><strong>El presidente de la entidad conclu\u00eda su conferencia con una cita de Marco Aurelio<\/strong>:<\/a> \u00abSon t\u00fa, tu rutina, tu decisi\u00f3n y tu capacidad para levantarte, tus ganas de aprender y tu determinaci\u00f3n para superarte, las que te hacen avanzar, no es suerte\u00bb.<\/p>\n<p data-start=\"3179\" data-end=\"3665\">La contestaci\u00f3n al discurso corri\u00f3 a cargo de <strong data-start=\"3225\" data-end=\"3261\">Javier Gonz\u00e1lez de Lara y Sarria<\/strong>, presidente de la Confederaci\u00f3n de Empresarios de Andaluc\u00eda, quien destac\u00f3 el compromiso y la presencia econ\u00f3mica y social del nuevo miembro de la Academia para su ingreso, citando sus m\u00e9ritos y cargos.<\/p>\n<p data-start=\"3179\" data-end=\"3665\">Jos\u00e9 Luis Garc\u00eda-Palacios \u00c1lvarez es ingeniero t\u00e9cnico agr\u00edcola, m\u00e1ster en Direcci\u00f3n de Empresas Agrarias, y diplomado en Alta Direcci\u00f3n de Empresas de la Cadena Agroalimentaria. Presidente de la Caja Rural del Sur y patrono de su Fundaci\u00f3n. Presidente de la Federaci\u00f3n Onubense de Empresarios, presidente de la Fundaci\u00f3n para el Fomento Empresarial y miembro del comit\u00e9 ejecutivo de la Confederaci\u00f3n de Empresarios de Andaluc\u00eda, Presidente de ASAJA Huelva y Vicepresidente de ASAJA Andaluc\u00eda, Acad\u00e9mico en la Academia de Ciencias, Artes y Letras de Huelva y Presidente del Consejo Social de la Universidad de Huelva.<\/p>\n<p data-start=\"3179\" data-end=\"3665\"><strong>Defini\u00f3 Gonz\u00e1lez de Lara la intervenci\u00f3n de Garc\u00eda-Palacios como un firme alegato en defensa de la libertad y la dignidad de la vocaci\u00f3n empresarial<\/strong>. Subray\u00f3 que el objetivo no es tanto cambiar el modelo productivo como hacerlo m\u00e1s eficiente y sostuvo que legislar a favor de la iniciativa empresarial equivale a legislar a favor del progreso colectivo.<\/p>\n<p data-start=\"3667\" data-end=\"3993\">Gonz\u00e1lez de Lara coincidi\u00f3, adem\u00e1s, en la necesidad de reducir trabas a la actividad econ\u00f3mica para permitir que la empresa transforme su entorno y genere empleo y bienestar, y resalt\u00f3 la importancia de reforzar valores como la responsabilidad, la educaci\u00f3n y el compromiso social, especialmente entre las nuevas generaciones.<\/p>\n<p data-start=\"3667\" data-end=\"3993\"><a href=\"https:\/\/fundacioncajaruraldelsur.com\/wp-content\/uploads\/2026\/02\/WhatsApp-Image-2026-02-05-at-07.12.36-12.jpeg\" rel=\"lightbox-0\"><img loading=\"lazy\" decoding=\"async\" class=\"alignnone wp-image-12342 size-full\" src=\"https:\/\/fundacioncajaruraldelsur.com\/wp-content\/uploads\/2026\/02\/WhatsApp-Image-2026-02-05-at-07.12.36-12.jpeg\" alt=\"\" width=\"1600\" height=\"900\" srcset=\"https:\/\/fundacioncajaruraldelsur.com\/wp-content\/uploads\/2026\/02\/WhatsApp-Image-2026-02-05-at-07.12.36-12.jpeg 1600w, https:\/\/fundacioncajaruraldelsur.com\/wp-content\/uploads\/2026\/02\/WhatsApp-Image-2026-02-05-at-07.12.36-12-300x169.jpeg 300w, https:\/\/fundacioncajaruraldelsur.com\/wp-content\/uploads\/2026\/02\/WhatsApp-Image-2026-02-05-at-07.12.36-12-1024x576.jpeg 1024w, https:\/\/fundacioncajaruraldelsur.com\/wp-content\/uploads\/2026\/02\/WhatsApp-Image-2026-02-05-at-07.12.36-12-768x432.jpeg 768w, https:\/\/fundacioncajaruraldelsur.com\/wp-content\/uploads\/2026\/02\/WhatsApp-Image-2026-02-05-at-07.12.36-12-1536x864.jpeg 1536w, https:\/\/fundacioncajaruraldelsur.com\/wp-content\/uploads\/2026\/02\/WhatsApp-Image-2026-02-05-at-07.12.36-12-18x10.jpeg 18w\" sizes=\"auto, (max-width: 1600px) 100vw, 1600px\" \/><\/a> <a href=\"https:\/\/fundacioncajaruraldelsur.com\/wp-content\/uploads\/2026\/02\/WhatsApp-Image-2026-02-05-at-07.12.36-2.jpeg\" rel=\"lightbox-1\"><img loading=\"lazy\" decoding=\"async\" class=\"alignnone wp-image-12343 size-full\" src=\"https:\/\/fundacioncajaruraldelsur.com\/wp-content\/uploads\/2026\/02\/WhatsApp-Image-2026-02-05-at-07.12.36-2.jpeg\" alt=\"\" width=\"1600\" height=\"900\" srcset=\"https:\/\/fundacioncajaruraldelsur.com\/wp-content\/uploads\/2026\/02\/WhatsApp-Image-2026-02-05-at-07.12.36-2.jpeg 1600w, https:\/\/fundacioncajaruraldelsur.com\/wp-content\/uploads\/2026\/02\/WhatsApp-Image-2026-02-05-at-07.12.36-2-300x169.jpeg 300w, https:\/\/fundacioncajaruraldelsur.com\/wp-content\/uploads\/2026\/02\/WhatsApp-Image-2026-02-05-at-07.12.36-2-1024x576.jpeg 1024w, https:\/\/fundacioncajaruraldelsur.com\/wp-content\/uploads\/2026\/02\/WhatsApp-Image-2026-02-05-at-07.12.36-2-768x432.jpeg 768w, https:\/\/fundacioncajaruraldelsur.com\/wp-content\/uploads\/2026\/02\/WhatsApp-Image-2026-02-05-at-07.12.36-2-1536x864.jpeg 1536w, https:\/\/fundacioncajaruraldelsur.com\/wp-content\/uploads\/2026\/02\/WhatsApp-Image-2026-02-05-at-07.12.36-2-18x10.jpeg 18w\" sizes=\"auto, (max-width: 1600px) 100vw, 1600px\" \/><\/a><\/p>\n<p data-start=\"3667\" data-end=\"3993\">","protected":false},"excerpt":{"rendered":"<p>El presidente de Caja Rural del Sur, Jos\u00e9 Luis Garc\u00eda-Palacios \u00c1lvarez, ha ingresado como acad\u00e9mico numerario en la Academia de Ciencias Sociales y del Medio Ambiente de Andaluc\u00eda, que preside [&hellip;]<\/p>\n","protected":false},"author":6,"featured_media":12336,"comment_status":"closed","ping_status":"closed","sticky":false,"template":"","format":"standard","meta":{"footnotes":""},"categories":[84],"tags":[],"class_list":["post-12335","post","type-post","status-publish","format-standard","has-post-thumbnail","hentry","category-presentaciones"],"yoast_head":"<!-- This site is optimized with the Yoast SEO plugin v27.3 - https:\/\/yoast.com\/product\/yoast-seo-wordpress\/ -->\n<title>El presidente de Caja Rural del Sur, Jos\u00e9 Luis Garc\u00eda-Palacios, ingresa en la Academia de Ciencias Sociales y del Medio Ambiente de Andaluc\u00eda - Fundaci\u00f3n Caja Rural del Sur<\/title>\n<meta name=\"robots\" content=\"index, follow, max-snippet:-1, max-image-preview:large, max-video-preview:-1\" \/>\n<link rel=\"canonical\" href=\"https:\/\/fundacioncajaruraldelsur.com\/pt\/el-presidente-de-caja-rural-del-sur-jose-luis-garcia-palacios-ingresa-en-la-academia-de-ciencias-sociales-y-del-medio-ambiente-de-andalucia\/\" \/>\n<meta property=\"og:locale\" content=\"pt_PT\" \/>\n<meta property=\"og:type\" content=\"article\" \/>\n<meta property=\"og:title\" content=\"El presidente de Caja Rural del Sur, Jos\u00e9 Luis Garc\u00eda-Palacios, ingresa en la Academia de Ciencias Sociales y del Medio Ambiente de Andaluc\u00eda - Fundaci\u00f3n Caja Rural del Sur\" \/>\n<meta property=\"og:description\" content=\"El presidente de Caja Rural del Sur, Jos\u00e9 Luis Garc\u00eda-Palacios \u00c1lvarez, ha ingresado como acad\u00e9mico numerario en la Academia de Ciencias Sociales y del Medio Ambiente de Andaluc\u00eda, que preside [&hellip;]\" \/>\n<meta property=\"og:url\" content=\"https:\/\/fundacioncajaruraldelsur.com\/pt\/el-presidente-de-caja-rural-del-sur-jose-luis-garcia-palacios-ingresa-en-la-academia-de-ciencias-sociales-y-del-medio-ambiente-de-andalucia\/\" \/>\n<meta property=\"og:site_name\" content=\"Fundaci\u00f3n Caja Rural del Sur\" \/>\n<meta property=\"article:published_time\" content=\"2026-02-05T06:20:30+00:00\" \/>\n<meta property=\"article:modified_time\" content=\"2026-02-05T07:43:07+00:00\" \/>\n<meta property=\"og:image\" content=\"https:\/\/fundacioncajaruraldelsur.com\/wp-content\/uploads\/2026\/02\/WhatsApp-Image-2026-02-05-at-07.12.36-3.jpeg\" \/>\n\t<meta property=\"og:image:width\" content=\"1600\" \/>\n\t<meta property=\"og:image:height\" content=\"900\" \/>\n\t<meta property=\"og:image:type\" content=\"image\/jpeg\" \/>\n<meta name=\"author\" content=\"Comunicaci\u00f3n\" \/>\n<meta name=\"twitter:card\" content=\"summary_large_image\" \/>\n<meta name=\"twitter:label1\" content=\"Written by\" \/>\n\t<meta name=\"twitter:data1\" content=\"Comunicaci\u00f3n\" \/>\n\t<meta name=\"twitter:label2\" content=\"Est. reading time\" \/>\n\t<meta name=\"twitter:data2\" content=\"6 minutes\" \/>\n<script type=\"application\/ld+json\" class=\"yoast-schema-graph\">{\"@context\":\"https:\\\/\\\/schema.org\",\"@graph\":[{\"@type\":\"Article\",\"@id\":\"https:\\\/\\\/fundacioncajaruraldelsur.com\\\/el-presidente-de-caja-rural-del-sur-jose-luis-garcia-palacios-ingresa-en-la-academia-de-ciencias-sociales-y-del-medio-ambiente-de-andalucia\\\/#article\",\"isPartOf\":{\"@id\":\"https:\\\/\\\/fundacioncajaruraldelsur.com\\\/el-presidente-de-caja-rural-del-sur-jose-luis-garcia-palacios-ingresa-en-la-academia-de-ciencias-sociales-y-del-medio-ambiente-de-andalucia\\\/\"},\"author\":{\"name\":\"Comunicaci\u00f3n\",\"@id\":\"https:\\\/\\\/fundacioncajaruraldelsur.com\\\/#\\\/schema\\\/person\\\/f430da9fb783d505ff061ad8b3d44577\"},\"headline\":\"El presidente de Caja Rural del Sur, Jos\u00e9 Luis Garc\u00eda-Palacios, ingresa en la Academia de Ciencias Sociales y del Medio Ambiente de Andaluc\u00eda\",\"datePublished\":\"2026-02-05T06:20:30+00:00\",\"dateModified\":\"2026-02-05T07:43:07+00:00\",\"mainEntityOfPage\":{\"@id\":\"https:\\\/\\\/fundacioncajaruraldelsur.com\\\/el-presidente-de-caja-rural-del-sur-jose-luis-garcia-palacios-ingresa-en-la-academia-de-ciencias-sociales-y-del-medio-ambiente-de-andalucia\\\/\"},\"wordCount\":1301,\"image\":{\"@id\":\"https:\\\/\\\/fundacioncajaruraldelsur.com\\\/el-presidente-de-caja-rural-del-sur-jose-luis-garcia-palacios-ingresa-en-la-academia-de-ciencias-sociales-y-del-medio-ambiente-de-andalucia\\\/#primaryimage\"},\"thumbnailUrl\":\"https:\\\/\\\/fundacioncajaruraldelsur.com\\\/wp-content\\\/uploads\\\/2026\\\/02\\\/WhatsApp-Image-2026-02-05-at-07.12.36-3.jpeg\",\"articleSection\":[\"Presentaciones\"],\"inLanguage\":\"pt-PT\"},{\"@type\":\"WebPage\",\"@id\":\"https:\\\/\\\/fundacioncajaruraldelsur.com\\\/el-presidente-de-caja-rural-del-sur-jose-luis-garcia-palacios-ingresa-en-la-academia-de-ciencias-sociales-y-del-medio-ambiente-de-andalucia\\\/\",\"url\":\"https:\\\/\\\/fundacioncajaruraldelsur.com\\\/el-presidente-de-caja-rural-del-sur-jose-luis-garcia-palacios-ingresa-en-la-academia-de-ciencias-sociales-y-del-medio-ambiente-de-andalucia\\\/\",\"name\":\"El presidente de Caja Rural del Sur, Jos\u00e9 Luis Garc\u00eda-Palacios, ingresa en la Academia de Ciencias Sociales y del Medio Ambiente de Andaluc\u00eda - Fundaci\u00f3n Caja Rural del Sur\",\"isPartOf\":{\"@id\":\"https:\\\/\\\/fundacioncajaruraldelsur.com\\\/#website\"},\"primaryImageOfPage\":{\"@id\":\"https:\\\/\\\/fundacioncajaruraldelsur.com\\\/el-presidente-de-caja-rural-del-sur-jose-luis-garcia-palacios-ingresa-en-la-academia-de-ciencias-sociales-y-del-medio-ambiente-de-andalucia\\\/#primaryimage\"},\"image\":{\"@id\":\"https:\\\/\\\/fundacioncajaruraldelsur.com\\\/el-presidente-de-caja-rural-del-sur-jose-luis-garcia-palacios-ingresa-en-la-academia-de-ciencias-sociales-y-del-medio-ambiente-de-andalucia\\\/#primaryimage\"},\"thumbnailUrl\":\"https:\\\/\\\/fundacioncajaruraldelsur.com\\\/wp-content\\\/uploads\\\/2026\\\/02\\\/WhatsApp-Image-2026-02-05-at-07.12.36-3.jpeg\",\"datePublished\":\"2026-02-05T06:20:30+00:00\",\"dateModified\":\"2026-02-05T07:43:07+00:00\",\"author\":{\"@id\":\"https:\\\/\\\/fundacioncajaruraldelsur.com\\\/#\\\/schema\\\/person\\\/f430da9fb783d505ff061ad8b3d44577\"},\"breadcrumb\":{\"@id\":\"https:\\\/\\\/fundacioncajaruraldelsur.com\\\/el-presidente-de-caja-rural-del-sur-jose-luis-garcia-palacios-ingresa-en-la-academia-de-ciencias-sociales-y-del-medio-ambiente-de-andalucia\\\/#breadcrumb\"},\"inLanguage\":\"pt-PT\",\"potentialAction\":[{\"@type\":\"ReadAction\",\"target\":[\"https:\\\/\\\/fundacioncajaruraldelsur.com\\\/el-presidente-de-caja-rural-del-sur-jose-luis-garcia-palacios-ingresa-en-la-academia-de-ciencias-sociales-y-del-medio-ambiente-de-andalucia\\\/\"]}]},{\"@type\":\"ImageObject\",\"inLanguage\":\"pt-PT\",\"@id\":\"https:\\\/\\\/fundacioncajaruraldelsur.com\\\/el-presidente-de-caja-rural-del-sur-jose-luis-garcia-palacios-ingresa-en-la-academia-de-ciencias-sociales-y-del-medio-ambiente-de-andalucia\\\/#primaryimage\",\"url\":\"https:\\\/\\\/fundacioncajaruraldelsur.com\\\/wp-content\\\/uploads\\\/2026\\\/02\\\/WhatsApp-Image-2026-02-05-at-07.12.36-3.jpeg\",\"contentUrl\":\"https:\\\/\\\/fundacioncajaruraldelsur.com\\\/wp-content\\\/uploads\\\/2026\\\/02\\\/WhatsApp-Image-2026-02-05-at-07.12.36-3.jpeg\",\"width\":1600,\"height\":900},{\"@type\":\"BreadcrumbList\",\"@id\":\"https:\\\/\\\/fundacioncajaruraldelsur.com\\\/el-presidente-de-caja-rural-del-sur-jose-luis-garcia-palacios-ingresa-en-la-academia-de-ciencias-sociales-y-del-medio-ambiente-de-andalucia\\\/#breadcrumb\",\"itemListElement\":[{\"@type\":\"ListItem\",\"position\":1,\"name\":\"Portada\",\"item\":\"https:\\\/\\\/fundacioncajaruraldelsur.com\\\/\"},{\"@type\":\"ListItem\",\"position\":2,\"name\":\"El presidente de Caja Rural del Sur, Jos\u00e9 Luis Garc\u00eda-Palacios, ingresa en la Academia de Ciencias Sociales y del Medio Ambiente de Andaluc\u00eda\"}]},{\"@type\":\"WebSite\",\"@id\":\"https:\\\/\\\/fundacioncajaruraldelsur.com\\\/#website\",\"url\":\"https:\\\/\\\/fundacioncajaruraldelsur.com\\\/\",\"name\":\"Fundaci\u00f3n Caja Rural del Sur\",\"description\":\"\",\"potentialAction\":[{\"@type\":\"SearchAction\",\"target\":{\"@type\":\"EntryPoint\",\"urlTemplate\":\"https:\\\/\\\/fundacioncajaruraldelsur.com\\\/?s={search_term_string}\"},\"query-input\":{\"@type\":\"PropertyValueSpecification\",\"valueRequired\":true,\"valueName\":\"search_term_string\"}}],\"inLanguage\":\"pt-PT\"},{\"@type\":\"Person\",\"@id\":\"https:\\\/\\\/fundacioncajaruraldelsur.com\\\/#\\\/schema\\\/person\\\/f430da9fb783d505ff061ad8b3d44577\",\"name\":\"Comunicaci\u00f3n\",\"image\":{\"@type\":\"ImageObject\",\"inLanguage\":\"pt-PT\",\"@id\":\"https:\\\/\\\/secure.gravatar.com\\\/avatar\\\/0dca239875993680bac4603ad2de7942da018f52cc3a244578e0b3b09314a8d8?s=96&d=blank&r=g\",\"url\":\"https:\\\/\\\/secure.gravatar.com\\\/avatar\\\/0dca239875993680bac4603ad2de7942da018f52cc3a244578e0b3b09314a8d8?s=96&d=blank&r=g\",\"contentUrl\":\"https:\\\/\\\/secure.gravatar.com\\\/avatar\\\/0dca239875993680bac4603ad2de7942da018f52cc3a244578e0b3b09314a8d8?s=96&d=blank&r=g\",\"caption\":\"Comunicaci\u00f3n\"}}]}<\/script>\n<!-- \/ Yoast SEO plugin. -->","yoast_head_json":{"title":"El presidente de Caja Rural del Sur, Jos\u00e9 Luis Garc\u00eda-Palacios, ingresa en la Academia de Ciencias Sociales y del Medio Ambiente de Andaluc\u00eda - Fundaci\u00f3n Caja Rural del Sur","robots":{"index":"index","follow":"follow","max-snippet":"max-snippet:-1","max-image-preview":"max-image-preview:large","max-video-preview":"max-video-preview:-1"},"canonical":"https:\/\/fundacioncajaruraldelsur.com\/pt\/el-presidente-de-caja-rural-del-sur-jose-luis-garcia-palacios-ingresa-en-la-academia-de-ciencias-sociales-y-del-medio-ambiente-de-andalucia\/","og_locale":"pt_PT","og_type":"article","og_title":"El presidente de Caja Rural del Sur, Jos\u00e9 Luis Garc\u00eda-Palacios, ingresa en la Academia de Ciencias Sociales y del Medio Ambiente de Andaluc\u00eda - Fundaci\u00f3n Caja Rural del Sur","og_description":"El presidente de Caja Rural del Sur, Jos\u00e9 Luis Garc\u00eda-Palacios \u00c1lvarez, ha ingresado como acad\u00e9mico numerario en la Academia de Ciencias Sociales y del Medio Ambiente de Andaluc\u00eda, que preside [&hellip;]","og_url":"https:\/\/fundacioncajaruraldelsur.com\/pt\/el-presidente-de-caja-rural-del-sur-jose-luis-garcia-palacios-ingresa-en-la-academia-de-ciencias-sociales-y-del-medio-ambiente-de-andalucia\/","og_site_name":"Fundaci\u00f3n Caja Rural del Sur","article_published_time":"2026-02-05T06:20:30+00:00","article_modified_time":"2026-02-05T07:43:07+00:00","og_image":[{"width":1600,"height":900,"url":"https:\/\/fundacioncajaruraldelsur.com\/wp-content\/uploads\/2026\/02\/WhatsApp-Image-2026-02-05-at-07.12.36-3.jpeg","type":"image\/jpeg"}],"author":"Comunicaci\u00f3n","twitter_card":"summary_large_image","twitter_misc":{"Written by":"Comunicaci\u00f3n","Est. reading time":"6 minutes"},"schema":{"@context":"https:\/\/schema.org","@graph":[{"@type":"Article","@id":"https:\/\/fundacioncajaruraldelsur.com\/el-presidente-de-caja-rural-del-sur-jose-luis-garcia-palacios-ingresa-en-la-academia-de-ciencias-sociales-y-del-medio-ambiente-de-andalucia\/#article","isPartOf":{"@id":"https:\/\/fundacioncajaruraldelsur.com\/el-presidente-de-caja-rural-del-sur-jose-luis-garcia-palacios-ingresa-en-la-academia-de-ciencias-sociales-y-del-medio-ambiente-de-andalucia\/"},"author":{"name":"Comunicaci\u00f3n","@id":"https:\/\/fundacioncajaruraldelsur.com\/#\/schema\/person\/f430da9fb783d505ff061ad8b3d44577"},"headline":"El presidente de Caja Rural del Sur, Jos\u00e9 Luis Garc\u00eda-Palacios, ingresa en la Academia de Ciencias Sociales y del Medio Ambiente de Andaluc\u00eda","datePublished":"2026-02-05T06:20:30+00:00","dateModified":"2026-02-05T07:43:07+00:00","mainEntityOfPage":{"@id":"https:\/\/fundacioncajaruraldelsur.com\/el-presidente-de-caja-rural-del-sur-jose-luis-garcia-palacios-ingresa-en-la-academia-de-ciencias-sociales-y-del-medio-ambiente-de-andalucia\/"},"wordCount":1301,"image":{"@id":"https:\/\/fundacioncajaruraldelsur.com\/el-presidente-de-caja-rural-del-sur-jose-luis-garcia-palacios-ingresa-en-la-academia-de-ciencias-sociales-y-del-medio-ambiente-de-andalucia\/#primaryimage"},"thumbnailUrl":"https:\/\/fundacioncajaruraldelsur.com\/wp-content\/uploads\/2026\/02\/WhatsApp-Image-2026-02-05-at-07.12.36-3.jpeg","articleSection":["Presentaciones"],"inLanguage":"pt-PT"},{"@type":"WebPage","@id":"https:\/\/fundacioncajaruraldelsur.com\/el-presidente-de-caja-rural-del-sur-jose-luis-garcia-palacios-ingresa-en-la-academia-de-ciencias-sociales-y-del-medio-ambiente-de-andalucia\/","url":"https:\/\/fundacioncajaruraldelsur.com\/el-presidente-de-caja-rural-del-sur-jose-luis-garcia-palacios-ingresa-en-la-academia-de-ciencias-sociales-y-del-medio-ambiente-de-andalucia\/","name":"El presidente de Caja Rural del Sur, Jos\u00e9 Luis Garc\u00eda-Palacios, ingresa en la Academia de Ciencias Sociales y del Medio Ambiente de Andaluc\u00eda - Fundaci\u00f3n Caja Rural del Sur","isPartOf":{"@id":"https:\/\/fundacioncajaruraldelsur.com\/#website"},"primaryImageOfPage":{"@id":"https:\/\/fundacioncajaruraldelsur.com\/el-presidente-de-caja-rural-del-sur-jose-luis-garcia-palacios-ingresa-en-la-academia-de-ciencias-sociales-y-del-medio-ambiente-de-andalucia\/#primaryimage"},"image":{"@id":"https:\/\/fundacioncajaruraldelsur.com\/el-presidente-de-caja-rural-del-sur-jose-luis-garcia-palacios-ingresa-en-la-academia-de-ciencias-sociales-y-del-medio-ambiente-de-andalucia\/#primaryimage"},"thumbnailUrl":"https:\/\/fundacioncajaruraldelsur.com\/wp-content\/uploads\/2026\/02\/WhatsApp-Image-2026-02-05-at-07.12.36-3.jpeg","datePublished":"2026-02-05T06:20:30+00:00","dateModified":"2026-02-05T07:43:07+00:00","author":{"@id":"https:\/\/fundacioncajaruraldelsur.com\/#\/schema\/person\/f430da9fb783d505ff061ad8b3d44577"},"breadcrumb":{"@id":"https:\/\/fundacioncajaruraldelsur.com\/el-presidente-de-caja-rural-del-sur-jose-luis-garcia-palacios-ingresa-en-la-academia-de-ciencias-sociales-y-del-medio-ambiente-de-andalucia\/#breadcrumb"},"inLanguage":"pt-PT","potentialAction":[{"@type":"ReadAction","target":["https:\/\/fundacioncajaruraldelsur.com\/el-presidente-de-caja-rural-del-sur-jose-luis-garcia-palacios-ingresa-en-la-academia-de-ciencias-sociales-y-del-medio-ambiente-de-andalucia\/"]}]},{"@type":"ImageObject","inLanguage":"pt-PT","@id":"https:\/\/fundacioncajaruraldelsur.com\/el-presidente-de-caja-rural-del-sur-jose-luis-garcia-palacios-ingresa-en-la-academia-de-ciencias-sociales-y-del-medio-ambiente-de-andalucia\/#primaryimage","url":"https:\/\/fundacioncajaruraldelsur.com\/wp-content\/uploads\/2026\/02\/WhatsApp-Image-2026-02-05-at-07.12.36-3.jpeg","contentUrl":"https:\/\/fundacioncajaruraldelsur.com\/wp-content\/uploads\/2026\/02\/WhatsApp-Image-2026-02-05-at-07.12.36-3.jpeg","width":1600,"height":900},{"@type":"BreadcrumbList","@id":"https:\/\/fundacioncajaruraldelsur.com\/el-presidente-de-caja-rural-del-sur-jose-luis-garcia-palacios-ingresa-en-la-academia-de-ciencias-sociales-y-del-medio-ambiente-de-andalucia\/#breadcrumb","itemListElement":[{"@type":"ListItem","position":1,"name":"Portada","item":"https:\/\/fundacioncajaruraldelsur.com\/"},{"@type":"ListItem","position":2,"name":"El presidente de Caja Rural del Sur, Jos\u00e9 Luis Garc\u00eda-Palacios, ingresa en la Academia de Ciencias Sociales y del Medio Ambiente de Andaluc\u00eda"}]},{"@type":"WebSite","@id":"https:\/\/fundacioncajaruraldelsur.com\/#website","url":"https:\/\/fundacioncajaruraldelsur.com\/","name":"Funda\u00e7\u00e3o Caja Rural del Sur","description":"","potentialAction":[{"@type":"SearchAction","target":{"@type":"EntryPoint","urlTemplate":"https:\/\/fundacioncajaruraldelsur.com\/?s={search_term_string}"},"query-input":{"@type":"PropertyValueSpecification","valueRequired":true,"valueName":"search_term_string"}}],"inLanguage":"pt-PT"},{"@type":"Person","@id":"https:\/\/fundacioncajaruraldelsur.com\/#\/schema\/person\/f430da9fb783d505ff061ad8b3d44577","name":"Comunicaci\u00f3n","image":{"@type":"ImageObject","inLanguage":"pt-PT","@id":"https:\/\/secure.gravatar.com\/avatar\/0dca239875993680bac4603ad2de7942da018f52cc3a244578e0b3b09314a8d8?s=96&d=blank&r=g","url":"https:\/\/secure.gravatar.com\/avatar\/0dca239875993680bac4603ad2de7942da018f52cc3a244578e0b3b09314a8d8?s=96&d=blank&r=g","contentUrl":"https:\/\/secure.gravatar.com\/avatar\/0dca239875993680bac4603ad2de7942da018f52cc3a244578e0b3b09314a8d8?s=96&d=blank&r=g","caption":"Comunicaci\u00f3n"}}]}},"rttpg_featured_image_url":{"full":["https:\/\/fundacioncajaruraldelsur.com\/wp-content\/uploads\/2026\/02\/WhatsApp-Image-2026-02-05-at-07.12.36-3.jpeg",1600,900,false],"landscape":["https:\/\/fundacioncajaruraldelsur.com\/wp-content\/uploads\/2026\/02\/WhatsApp-Image-2026-02-05-at-07.12.36-3.jpeg",1600,900,false],"portraits":["https:\/\/fundacioncajaruraldelsur.com\/wp-content\/uploads\/2026\/02\/WhatsApp-Image-2026-02-05-at-07.12.36-3.jpeg",1600,900,false],"thumbnail":["https:\/\/fundacioncajaruraldelsur.com\/wp-content\/uploads\/2026\/02\/WhatsApp-Image-2026-02-05-at-07.12.36-3-150x150.jpeg",150,150,true],"medium":["https:\/\/fundacioncajaruraldelsur.com\/wp-content\/uploads\/2026\/02\/WhatsApp-Image-2026-02-05-at-07.12.36-3-300x169.jpeg",300,169,true],"large":["https:\/\/fundacioncajaruraldelsur.com\/wp-content\/uploads\/2026\/02\/WhatsApp-Image-2026-02-05-at-07.12.36-3-1024x576.jpeg",960,540,true],"1536x1536":["https:\/\/fundacioncajaruraldelsur.com\/wp-content\/uploads\/2026\/02\/WhatsApp-Image-2026-02-05-at-07.12.36-3-1536x864.jpeg",1536,864,true],"2048x2048":["https:\/\/fundacioncajaruraldelsur.com\/wp-content\/uploads\/2026\/02\/WhatsApp-Image-2026-02-05-at-07.12.36-3.jpeg",1600,900,false],"trp-custom-language-flag":["https:\/\/fundacioncajaruraldelsur.com\/wp-content\/uploads\/2026\/02\/WhatsApp-Image-2026-02-05-at-07.12.36-3-18x10.jpeg",18,10,true],"blog-thumbnail":["https:\/\/fundacioncajaruraldelsur.com\/wp-content\/uploads\/2026\/02\/WhatsApp-Image-2026-02-05-at-07.12.36-3-400x200.jpeg",400,200,true]},"rttpg_author":{"display_name":"Comunicaci\u00f3n","author_link":"https:\/\/fundacioncajaruraldelsur.com\/pt\/author\/sevillaadmin\/"},"rttpg_comment":0,"rttpg_category":"<a href=\"https:\/\/fundacioncajaruraldelsur.com\/pt\/category\/presentaciones\/\" rel=\"category tag\">Presentaciones<\/a>","rttpg_excerpt":"El presidente de Caja Rural del Sur, Jos\u00e9 Luis Garc\u00eda-Palacios \u00c1lvarez, ha ingresado como acad\u00e9mico numerario en la Academia de Ciencias Sociales y del Medio Ambiente de Andaluc\u00eda, que preside [&hellip;]","_links":{"self":[{"href":"https:\/\/fundacioncajaruraldelsur.com\/pt\/wp-json\/wp\/v2\/posts\/12335","targetHints":{"allow":["GET"]}}],"collection":[{"href":"https:\/\/fundacioncajaruraldelsur.com\/pt\/wp-json\/wp\/v2\/posts"}],"about":[{"href":"https:\/\/fundacioncajaruraldelsur.com\/pt\/wp-json\/wp\/v2\/types\/post"}],"author":[{"embeddable":true,"href":"https:\/\/fundacioncajaruraldelsur.com\/pt\/wp-json\/wp\/v2\/users\/6"}],"replies":[{"embeddable":true,"href":"https:\/\/fundacioncajaruraldelsur.com\/pt\/wp-json\/wp\/v2\/comments?post=12335"}],"version-history":[{"count":6,"href":"https:\/\/fundacioncajaruraldelsur.com\/pt\/wp-json\/wp\/v2\/posts\/12335\/revisions"}],"predecessor-version":[{"id":12344,"href":"https:\/\/fundacioncajaruraldelsur.com\/pt\/wp-json\/wp\/v2\/posts\/12335\/revisions\/12344"}],"wp:featuredmedia":[{"embeddable":true,"href":"https:\/\/fundacioncajaruraldelsur.com\/pt\/wp-json\/wp\/v2\/media\/12336"}],"wp:attachment":[{"href":"https:\/\/fundacioncajaruraldelsur.com\/pt\/wp-json\/wp\/v2\/media?parent=12335"}],"wp:term":[{"taxonomy":"category","embeddable":true,"href":"https:\/\/fundacioncajaruraldelsur.com\/pt\/wp-json\/wp\/v2\/categories?post=12335"},{"taxonomy":"post_tag","embeddable":true,"href":"https:\/\/fundacioncajaruraldelsur.com\/pt\/wp-json\/wp\/v2\/tags?post=12335"}],"curies":[{"name":"wp","href":"https:\/\/api.w.org\/{rel}","templated":true}]}}