{"id":12318,"date":"2026-02-03T17:54:26","date_gmt":"2026-02-03T16:54:26","guid":{"rendered":"https:\/\/fundacioncajaruraldelsur.com\/?p=12318"},"modified":"2026-02-03T17:54:26","modified_gmt":"2026-02-03T16:54:26","slug":"la-fundacion-caja-rural-del-sur-se-convierte-en-el-patrocinador-unico-del-foro-economia-y-sociedad-que-organiza-asfaco-en-cordoba","status":"publish","type":"post","link":"https:\/\/fundacioncajaruraldelsur.com\/pt\/la-fundacion-caja-rural-del-sur-se-convierte-en-el-patrocinador-unico-del-foro-economia-y-sociedad-que-organiza-asfaco-en-cordoba\/","title":{"rendered":"La Fundaci\u00f3n Caja Rural del Sur se convierte en el patrocinador \u00fanico del Foro Econom\u00eda y Sociedad que organiza Asfaco en C\u00f3rdoba"},"content":{"rendered":"<p>El presidente de la Caja Rural del Sur, Jos\u00e9 Luis Garc\u00eda-Palacios \u00c1lvarez, ha formalizado un acuerdo de colaboraci\u00f3n con Miguel \u00c1ngel Tamarit Almagro, presidente de Asfaco, para colaborar en las pr\u00f3ximas cuatro conferencias dentro del marco del Foro Econom\u00eda y Sociedad, que la asociaci\u00f3n empresarial llevar\u00e1 a cabo a lo largo de 2026.<\/p>\n<p>Este acuerdo busca fortalecer la cooperaci\u00f3n entre ambas entidades, promoviendo la innovaci\u00f3n y el intercambio de ideas en el \u00e1mbito econ\u00f3mico y social. Las conferencias abordar\u00e1n temas de gran relevancia, como la sostenibilidad empresarial, la diversificaci\u00f3n de mercados, el talento, la formaci\u00f3n, la digitalizaci\u00f3n y el desarrollo regional, con objeto de fomentar C\u00f3rdoba y su provincia como ciudad de innovaci\u00f3n, cultura y di\u00e1logo. Adem\u00e1s, se espera que este Ciclo de Conferencias sirva como plataforma libre para el networking entre profesionales y empresarios, generando sinergias y oportunidades de negocio.<\/p>\n<p>El Foro Econom\u00eda y Sociedad con cerca de 20 a\u00f1os de historia y su objetivo es desarrollar una \u00fanica plataforma de debate y opini\u00f3n, que permita ser voz de aspectos de\u00a0\u00a0\u00a0\u00a0\u00a0\u00a0\u00a0\u00a0\u00a0\u00a0\u00a0\u00a0\u00a0\u00a0\u00a0\u00a0\u00a0\u00a0\u00a0\u00a0\u00a0\u00a0\u00a0\u00a0\u00a0\u00a0 actualidad e importantes para el desarrollo econ\u00f3mico y social de C\u00f3rdoba y Andaluc\u00eda.<\/p>\n<p>La Asociaci\u00f3n Multisectorial (ASFACO) es una organizaci\u00f3n profesional empresarial, de \u00e1mbito provincial, constituida en 1977 para la coordinaci\u00f3n, representaci\u00f3n, gesti\u00f3n y defensa de los intereses generales empresariales. En la actualidad, aglutina 70 empresas, siendo algunas de ellas de las m\u00e1s potentes de C\u00f3rdoba. Los objetivos son coordinar, representar y defender los intereses generales de los asociados, fomentar las relaciones entre profesionales y compromiso social.<\/p>","protected":false},"excerpt":{"rendered":"<p>El presidente de la Caja Rural del Sur, Jos\u00e9 Luis Garc\u00eda-Palacios \u00c1lvarez, ha formalizado un acuerdo de colaboraci\u00f3n con Miguel \u00c1ngel Tamarit Almagro, presidente de Asfaco, para colaborar en las [&hellip;]<\/p>\n","protected":false},"author":6,"featured_media":12319,"comment_status":"closed","ping_status":"closed","sticky":false,"template":"","format":"standard","meta":{"footnotes":""},"categories":[67],"tags":[],"class_list":["post-12318","post","type-post","status-publish","format-standard","has-post-thumbnail","hentry","category-convenios"],"yoast_head":"<!-- This site is optimized with the Yoast SEO plugin v27.3 - https:\/\/yoast.com\/product\/yoast-seo-wordpress\/ -->\n<title>La Fundaci\u00f3n Caja Rural del Sur se convierte en el patrocinador \u00fanico del Foro Econom\u00eda y Sociedad que organiza Asfaco en C\u00f3rdoba - Fundaci\u00f3n Caja Rural del Sur<\/title>\n<meta name=\"robots\" content=\"index, follow, max-snippet:-1, max-image-preview:large, max-video-preview:-1\" \/>\n<link rel=\"canonical\" href=\"https:\/\/fundacioncajaruraldelsur.com\/pt\/la-fundacion-caja-rural-del-sur-se-convierte-en-el-patrocinador-unico-del-foro-economia-y-sociedad-que-organiza-asfaco-en-cordoba\/\" \/>\n<meta property=\"og:locale\" content=\"pt_PT\" \/>\n<meta property=\"og:type\" content=\"article\" \/>\n<meta property=\"og:title\" content=\"La Fundaci\u00f3n Caja Rural del Sur se convierte en el patrocinador \u00fanico del Foro Econom\u00eda y Sociedad que organiza Asfaco en C\u00f3rdoba - Fundaci\u00f3n Caja Rural del Sur\" \/>\n<meta property=\"og:description\" content=\"El presidente de la Caja Rural del Sur, Jos\u00e9 Luis Garc\u00eda-Palacios \u00c1lvarez, ha formalizado un acuerdo de colaboraci\u00f3n con Miguel \u00c1ngel Tamarit Almagro, presidente de Asfaco, para colaborar en las [&hellip;]\" \/>\n<meta property=\"og:url\" content=\"https:\/\/fundacioncajaruraldelsur.com\/pt\/la-fundacion-caja-rural-del-sur-se-convierte-en-el-patrocinador-unico-del-foro-economia-y-sociedad-que-organiza-asfaco-en-cordoba\/\" \/>\n<meta property=\"og:site_name\" content=\"Fundaci\u00f3n Caja Rural del Sur\" \/>\n<meta property=\"article:published_time\" content=\"2026-02-03T16:54:26+00:00\" \/>\n<meta property=\"og:image\" content=\"https:\/\/fundacioncajaruraldelsur.com\/wp-content\/uploads\/2026\/02\/260203.-Los-presidentes-de-Fundacion-Caja-Rural-del-Sur-y-Asfaco-firmaron-el-convenio-1-scaled.jpg\" \/>\n\t<meta property=\"og:image:width\" content=\"2560\" \/>\n\t<meta property=\"og:image:height\" content=\"1920\" \/>\n\t<meta property=\"og:image:type\" content=\"image\/jpeg\" \/>\n<meta name=\"author\" content=\"Comunicaci\u00f3n\" \/>\n<meta name=\"twitter:card\" content=\"summary_large_image\" \/>\n<meta name=\"twitter:label1\" content=\"Written by\" \/>\n\t<meta name=\"twitter:data1\" content=\"Comunicaci\u00f3n\" \/>\n\t<meta name=\"twitter:label2\" content=\"Est. reading time\" \/>\n\t<meta name=\"twitter:data2\" content=\"2 minutes\" \/>\n<script type=\"application\/ld+json\" class=\"yoast-schema-graph\">{\"@context\":\"https:\\\/\\\/schema.org\",\"@graph\":[{\"@type\":\"Article\",\"@id\":\"https:\\\/\\\/fundacioncajaruraldelsur.com\\\/la-fundacion-caja-rural-del-sur-se-convierte-en-el-patrocinador-unico-del-foro-economia-y-sociedad-que-organiza-asfaco-en-cordoba\\\/#article\",\"isPartOf\":{\"@id\":\"https:\\\/\\\/fundacioncajaruraldelsur.com\\\/la-fundacion-caja-rural-del-sur-se-convierte-en-el-patrocinador-unico-del-foro-economia-y-sociedad-que-organiza-asfaco-en-cordoba\\\/\"},\"author\":{\"name\":\"Comunicaci\u00f3n\",\"@id\":\"https:\\\/\\\/fundacioncajaruraldelsur.com\\\/#\\\/schema\\\/person\\\/f430da9fb783d505ff061ad8b3d44577\"},\"headline\":\"La Fundaci\u00f3n Caja Rural del Sur se convierte en el patrocinador \u00fanico del Foro Econom\u00eda y Sociedad que organiza Asfaco en C\u00f3rdoba\",\"datePublished\":\"2026-02-03T16:54:26+00:00\",\"mainEntityOfPage\":{\"@id\":\"https:\\\/\\\/fundacioncajaruraldelsur.com\\\/la-fundacion-caja-rural-del-sur-se-convierte-en-el-patrocinador-unico-del-foro-economia-y-sociedad-que-organiza-asfaco-en-cordoba\\\/\"},\"wordCount\":299,\"image\":{\"@id\":\"https:\\\/\\\/fundacioncajaruraldelsur.com\\\/la-fundacion-caja-rural-del-sur-se-convierte-en-el-patrocinador-unico-del-foro-economia-y-sociedad-que-organiza-asfaco-en-cordoba\\\/#primaryimage\"},\"thumbnailUrl\":\"https:\\\/\\\/fundacioncajaruraldelsur.com\\\/wp-content\\\/uploads\\\/2026\\\/02\\\/260203.-Los-presidentes-de-Fundacion-Caja-Rural-del-Sur-y-Asfaco-firmaron-el-convenio-1-scaled.jpg\",\"articleSection\":[\"Convenios\"],\"inLanguage\":\"pt-PT\"},{\"@type\":\"WebPage\",\"@id\":\"https:\\\/\\\/fundacioncajaruraldelsur.com\\\/la-fundacion-caja-rural-del-sur-se-convierte-en-el-patrocinador-unico-del-foro-economia-y-sociedad-que-organiza-asfaco-en-cordoba\\\/\",\"url\":\"https:\\\/\\\/fundacioncajaruraldelsur.com\\\/la-fundacion-caja-rural-del-sur-se-convierte-en-el-patrocinador-unico-del-foro-economia-y-sociedad-que-organiza-asfaco-en-cordoba\\\/\",\"name\":\"La Fundaci\u00f3n Caja Rural del Sur se convierte en el patrocinador \u00fanico del Foro Econom\u00eda y Sociedad que organiza Asfaco en C\u00f3rdoba - Fundaci\u00f3n Caja Rural del Sur\",\"isPartOf\":{\"@id\":\"https:\\\/\\\/fundacioncajaruraldelsur.com\\\/#website\"},\"primaryImageOfPage\":{\"@id\":\"https:\\\/\\\/fundacioncajaruraldelsur.com\\\/la-fundacion-caja-rural-del-sur-se-convierte-en-el-patrocinador-unico-del-foro-economia-y-sociedad-que-organiza-asfaco-en-cordoba\\\/#primaryimage\"},\"image\":{\"@id\":\"https:\\\/\\\/fundacioncajaruraldelsur.com\\\/la-fundacion-caja-rural-del-sur-se-convierte-en-el-patrocinador-unico-del-foro-economia-y-sociedad-que-organiza-asfaco-en-cordoba\\\/#primaryimage\"},\"thumbnailUrl\":\"https:\\\/\\\/fundacioncajaruraldelsur.com\\\/wp-content\\\/uploads\\\/2026\\\/02\\\/260203.-Los-presidentes-de-Fundacion-Caja-Rural-del-Sur-y-Asfaco-firmaron-el-convenio-1-scaled.jpg\",\"datePublished\":\"2026-02-03T16:54:26+00:00\",\"author\":{\"@id\":\"https:\\\/\\\/fundacioncajaruraldelsur.com\\\/#\\\/schema\\\/person\\\/f430da9fb783d505ff061ad8b3d44577\"},\"breadcrumb\":{\"@id\":\"https:\\\/\\\/fundacioncajaruraldelsur.com\\\/la-fundacion-caja-rural-del-sur-se-convierte-en-el-patrocinador-unico-del-foro-economia-y-sociedad-que-organiza-asfaco-en-cordoba\\\/#breadcrumb\"},\"inLanguage\":\"pt-PT\",\"potentialAction\":[{\"@type\":\"ReadAction\",\"target\":[\"https:\\\/\\\/fundacioncajaruraldelsur.com\\\/la-fundacion-caja-rural-del-sur-se-convierte-en-el-patrocinador-unico-del-foro-economia-y-sociedad-que-organiza-asfaco-en-cordoba\\\/\"]}]},{\"@type\":\"ImageObject\",\"inLanguage\":\"pt-PT\",\"@id\":\"https:\\\/\\\/fundacioncajaruraldelsur.com\\\/la-fundacion-caja-rural-del-sur-se-convierte-en-el-patrocinador-unico-del-foro-economia-y-sociedad-que-organiza-asfaco-en-cordoba\\\/#primaryimage\",\"url\":\"https:\\\/\\\/fundacioncajaruraldelsur.com\\\/wp-content\\\/uploads\\\/2026\\\/02\\\/260203.-Los-presidentes-de-Fundacion-Caja-Rural-del-Sur-y-Asfaco-firmaron-el-convenio-1-scaled.jpg\",\"contentUrl\":\"https:\\\/\\\/fundacioncajaruraldelsur.com\\\/wp-content\\\/uploads\\\/2026\\\/02\\\/260203.-Los-presidentes-de-Fundacion-Caja-Rural-del-Sur-y-Asfaco-firmaron-el-convenio-1-scaled.jpg\",\"width\":2560,\"height\":1920},{\"@type\":\"BreadcrumbList\",\"@id\":\"https:\\\/\\\/fundacioncajaruraldelsur.com\\\/la-fundacion-caja-rural-del-sur-se-convierte-en-el-patrocinador-unico-del-foro-economia-y-sociedad-que-organiza-asfaco-en-cordoba\\\/#breadcrumb\",\"itemListElement\":[{\"@type\":\"ListItem\",\"position\":1,\"name\":\"Portada\",\"item\":\"https:\\\/\\\/fundacioncajaruraldelsur.com\\\/\"},{\"@type\":\"ListItem\",\"position\":2,\"name\":\"La Fundaci\u00f3n Caja Rural del Sur se convierte en el patrocinador \u00fanico del Foro Econom\u00eda y Sociedad que organiza Asfaco en C\u00f3rdoba\"}]},{\"@type\":\"WebSite\",\"@id\":\"https:\\\/\\\/fundacioncajaruraldelsur.com\\\/#website\",\"url\":\"https:\\\/\\\/fundacioncajaruraldelsur.com\\\/\",\"name\":\"Fundaci\u00f3n Caja Rural del Sur\",\"description\":\"\",\"potentialAction\":[{\"@type\":\"SearchAction\",\"target\":{\"@type\":\"EntryPoint\",\"urlTemplate\":\"https:\\\/\\\/fundacioncajaruraldelsur.com\\\/?s={search_term_string}\"},\"query-input\":{\"@type\":\"PropertyValueSpecification\",\"valueRequired\":true,\"valueName\":\"search_term_string\"}}],\"inLanguage\":\"pt-PT\"},{\"@type\":\"Person\",\"@id\":\"https:\\\/\\\/fundacioncajaruraldelsur.com\\\/#\\\/schema\\\/person\\\/f430da9fb783d505ff061ad8b3d44577\",\"name\":\"Comunicaci\u00f3n\",\"image\":{\"@type\":\"ImageObject\",\"inLanguage\":\"pt-PT\",\"@id\":\"https:\\\/\\\/secure.gravatar.com\\\/avatar\\\/0dca239875993680bac4603ad2de7942da018f52cc3a244578e0b3b09314a8d8?s=96&d=blank&r=g\",\"url\":\"https:\\\/\\\/secure.gravatar.com\\\/avatar\\\/0dca239875993680bac4603ad2de7942da018f52cc3a244578e0b3b09314a8d8?s=96&d=blank&r=g\",\"contentUrl\":\"https:\\\/\\\/secure.gravatar.com\\\/avatar\\\/0dca239875993680bac4603ad2de7942da018f52cc3a244578e0b3b09314a8d8?s=96&d=blank&r=g\",\"caption\":\"Comunicaci\u00f3n\"}}]}<\/script>\n<!-- \/ Yoast SEO plugin. -->","yoast_head_json":{"title":"La Fundaci\u00f3n Caja Rural del Sur se convierte en el patrocinador \u00fanico del Foro Econom\u00eda y Sociedad que organiza Asfaco en C\u00f3rdoba - Fundaci\u00f3n Caja Rural del Sur","robots":{"index":"index","follow":"follow","max-snippet":"max-snippet:-1","max-image-preview":"max-image-preview:large","max-video-preview":"max-video-preview:-1"},"canonical":"https:\/\/fundacioncajaruraldelsur.com\/pt\/la-fundacion-caja-rural-del-sur-se-convierte-en-el-patrocinador-unico-del-foro-economia-y-sociedad-que-organiza-asfaco-en-cordoba\/","og_locale":"pt_PT","og_type":"article","og_title":"La Fundaci\u00f3n Caja Rural del Sur se convierte en el patrocinador \u00fanico del Foro Econom\u00eda y Sociedad que organiza Asfaco en C\u00f3rdoba - Fundaci\u00f3n Caja Rural del Sur","og_description":"El presidente de la Caja Rural del Sur, Jos\u00e9 Luis Garc\u00eda-Palacios \u00c1lvarez, ha formalizado un acuerdo de colaboraci\u00f3n con Miguel \u00c1ngel Tamarit Almagro, presidente de Asfaco, para colaborar en las [&hellip;]","og_url":"https:\/\/fundacioncajaruraldelsur.com\/pt\/la-fundacion-caja-rural-del-sur-se-convierte-en-el-patrocinador-unico-del-foro-economia-y-sociedad-que-organiza-asfaco-en-cordoba\/","og_site_name":"Fundaci\u00f3n Caja Rural del Sur","article_published_time":"2026-02-03T16:54:26+00:00","og_image":[{"width":2560,"height":1920,"url":"https:\/\/fundacioncajaruraldelsur.com\/wp-content\/uploads\/2026\/02\/260203.-Los-presidentes-de-Fundacion-Caja-Rural-del-Sur-y-Asfaco-firmaron-el-convenio-1-scaled.jpg","type":"image\/jpeg"}],"author":"Comunicaci\u00f3n","twitter_card":"summary_large_image","twitter_misc":{"Written by":"Comunicaci\u00f3n","Est. reading time":"2 minutes"},"schema":{"@context":"https:\/\/schema.org","@graph":[{"@type":"Article","@id":"https:\/\/fundacioncajaruraldelsur.com\/la-fundacion-caja-rural-del-sur-se-convierte-en-el-patrocinador-unico-del-foro-economia-y-sociedad-que-organiza-asfaco-en-cordoba\/#article","isPartOf":{"@id":"https:\/\/fundacioncajaruraldelsur.com\/la-fundacion-caja-rural-del-sur-se-convierte-en-el-patrocinador-unico-del-foro-economia-y-sociedad-que-organiza-asfaco-en-cordoba\/"},"author":{"name":"Comunicaci\u00f3n","@id":"https:\/\/fundacioncajaruraldelsur.com\/#\/schema\/person\/f430da9fb783d505ff061ad8b3d44577"},"headline":"La Fundaci\u00f3n Caja Rural del Sur se convierte en el patrocinador \u00fanico del Foro Econom\u00eda y Sociedad que organiza Asfaco en C\u00f3rdoba","datePublished":"2026-02-03T16:54:26+00:00","mainEntityOfPage":{"@id":"https:\/\/fundacioncajaruraldelsur.com\/la-fundacion-caja-rural-del-sur-se-convierte-en-el-patrocinador-unico-del-foro-economia-y-sociedad-que-organiza-asfaco-en-cordoba\/"},"wordCount":299,"image":{"@id":"https:\/\/fundacioncajaruraldelsur.com\/la-fundacion-caja-rural-del-sur-se-convierte-en-el-patrocinador-unico-del-foro-economia-y-sociedad-que-organiza-asfaco-en-cordoba\/#primaryimage"},"thumbnailUrl":"https:\/\/fundacioncajaruraldelsur.com\/wp-content\/uploads\/2026\/02\/260203.-Los-presidentes-de-Fundacion-Caja-Rural-del-Sur-y-Asfaco-firmaron-el-convenio-1-scaled.jpg","articleSection":["Convenios"],"inLanguage":"pt-PT"},{"@type":"WebPage","@id":"https:\/\/fundacioncajaruraldelsur.com\/la-fundacion-caja-rural-del-sur-se-convierte-en-el-patrocinador-unico-del-foro-economia-y-sociedad-que-organiza-asfaco-en-cordoba\/","url":"https:\/\/fundacioncajaruraldelsur.com\/la-fundacion-caja-rural-del-sur-se-convierte-en-el-patrocinador-unico-del-foro-economia-y-sociedad-que-organiza-asfaco-en-cordoba\/","name":"La Fundaci\u00f3n Caja Rural del Sur se convierte en el patrocinador \u00fanico del Foro Econom\u00eda y Sociedad que organiza Asfaco en C\u00f3rdoba - Fundaci\u00f3n Caja Rural del Sur","isPartOf":{"@id":"https:\/\/fundacioncajaruraldelsur.com\/#website"},"primaryImageOfPage":{"@id":"https:\/\/fundacioncajaruraldelsur.com\/la-fundacion-caja-rural-del-sur-se-convierte-en-el-patrocinador-unico-del-foro-economia-y-sociedad-que-organiza-asfaco-en-cordoba\/#primaryimage"},"image":{"@id":"https:\/\/fundacioncajaruraldelsur.com\/la-fundacion-caja-rural-del-sur-se-convierte-en-el-patrocinador-unico-del-foro-economia-y-sociedad-que-organiza-asfaco-en-cordoba\/#primaryimage"},"thumbnailUrl":"https:\/\/fundacioncajaruraldelsur.com\/wp-content\/uploads\/2026\/02\/260203.-Los-presidentes-de-Fundacion-Caja-Rural-del-Sur-y-Asfaco-firmaron-el-convenio-1-scaled.jpg","datePublished":"2026-02-03T16:54:26+00:00","author":{"@id":"https:\/\/fundacioncajaruraldelsur.com\/#\/schema\/person\/f430da9fb783d505ff061ad8b3d44577"},"breadcrumb":{"@id":"https:\/\/fundacioncajaruraldelsur.com\/la-fundacion-caja-rural-del-sur-se-convierte-en-el-patrocinador-unico-del-foro-economia-y-sociedad-que-organiza-asfaco-en-cordoba\/#breadcrumb"},"inLanguage":"pt-PT","potentialAction":[{"@type":"ReadAction","target":["https:\/\/fundacioncajaruraldelsur.com\/la-fundacion-caja-rural-del-sur-se-convierte-en-el-patrocinador-unico-del-foro-economia-y-sociedad-que-organiza-asfaco-en-cordoba\/"]}]},{"@type":"ImageObject","inLanguage":"pt-PT","@id":"https:\/\/fundacioncajaruraldelsur.com\/la-fundacion-caja-rural-del-sur-se-convierte-en-el-patrocinador-unico-del-foro-economia-y-sociedad-que-organiza-asfaco-en-cordoba\/#primaryimage","url":"https:\/\/fundacioncajaruraldelsur.com\/wp-content\/uploads\/2026\/02\/260203.-Los-presidentes-de-Fundacion-Caja-Rural-del-Sur-y-Asfaco-firmaron-el-convenio-1-scaled.jpg","contentUrl":"https:\/\/fundacioncajaruraldelsur.com\/wp-content\/uploads\/2026\/02\/260203.-Los-presidentes-de-Fundacion-Caja-Rural-del-Sur-y-Asfaco-firmaron-el-convenio-1-scaled.jpg","width":2560,"height":1920},{"@type":"BreadcrumbList","@id":"https:\/\/fundacioncajaruraldelsur.com\/la-fundacion-caja-rural-del-sur-se-convierte-en-el-patrocinador-unico-del-foro-economia-y-sociedad-que-organiza-asfaco-en-cordoba\/#breadcrumb","itemListElement":[{"@type":"ListItem","position":1,"name":"Portada","item":"https:\/\/fundacioncajaruraldelsur.com\/"},{"@type":"ListItem","position":2,"name":"La Fundaci\u00f3n Caja Rural del Sur se convierte en el patrocinador \u00fanico del Foro Econom\u00eda y Sociedad que organiza Asfaco en C\u00f3rdoba"}]},{"@type":"WebSite","@id":"https:\/\/fundacioncajaruraldelsur.com\/#website","url":"https:\/\/fundacioncajaruraldelsur.com\/","name":"Funda\u00e7\u00e3o Caja Rural del Sur","description":"","potentialAction":[{"@type":"SearchAction","target":{"@type":"EntryPoint","urlTemplate":"https:\/\/fundacioncajaruraldelsur.com\/?s={search_term_string}"},"query-input":{"@type":"PropertyValueSpecification","valueRequired":true,"valueName":"search_term_string"}}],"inLanguage":"pt-PT"},{"@type":"Person","@id":"https:\/\/fundacioncajaruraldelsur.com\/#\/schema\/person\/f430da9fb783d505ff061ad8b3d44577","name":"Comunicaci\u00f3n","image":{"@type":"ImageObject","inLanguage":"pt-PT","@id":"https:\/\/secure.gravatar.com\/avatar\/0dca239875993680bac4603ad2de7942da018f52cc3a244578e0b3b09314a8d8?s=96&d=blank&r=g","url":"https:\/\/secure.gravatar.com\/avatar\/0dca239875993680bac4603ad2de7942da018f52cc3a244578e0b3b09314a8d8?s=96&d=blank&r=g","contentUrl":"https:\/\/secure.gravatar.com\/avatar\/0dca239875993680bac4603ad2de7942da018f52cc3a244578e0b3b09314a8d8?s=96&d=blank&r=g","caption":"Comunicaci\u00f3n"}}]}},"rttpg_featured_image_url":{"full":["https:\/\/fundacioncajaruraldelsur.com\/wp-content\/uploads\/2026\/02\/260203.-Los-presidentes-de-Fundacion-Caja-Rural-del-Sur-y-Asfaco-firmaron-el-convenio-1-scaled.jpg",2560,1920,false],"landscape":["https:\/\/fundacioncajaruraldelsur.com\/wp-content\/uploads\/2026\/02\/260203.-Los-presidentes-de-Fundacion-Caja-Rural-del-Sur-y-Asfaco-firmaron-el-convenio-1-scaled.jpg",2560,1920,false],"portraits":["https:\/\/fundacioncajaruraldelsur.com\/wp-content\/uploads\/2026\/02\/260203.-Los-presidentes-de-Fundacion-Caja-Rural-del-Sur-y-Asfaco-firmaron-el-convenio-1-scaled.jpg",2560,1920,false],"thumbnail":["https:\/\/fundacioncajaruraldelsur.com\/wp-content\/uploads\/2026\/02\/260203.-Los-presidentes-de-Fundacion-Caja-Rural-del-Sur-y-Asfaco-firmaron-el-convenio-1-150x150.jpg",150,150,true],"medium":["https:\/\/fundacioncajaruraldelsur.com\/wp-content\/uploads\/2026\/02\/260203.-Los-presidentes-de-Fundacion-Caja-Rural-del-Sur-y-Asfaco-firmaron-el-convenio-1-300x225.jpg",300,225,true],"large":["https:\/\/fundacioncajaruraldelsur.com\/wp-content\/uploads\/2026\/02\/260203.-Los-presidentes-de-Fundacion-Caja-Rural-del-Sur-y-Asfaco-firmaron-el-convenio-1-1024x768.jpg",960,720,true],"1536x1536":["https:\/\/fundacioncajaruraldelsur.com\/wp-content\/uploads\/2026\/02\/260203.-Los-presidentes-de-Fundacion-Caja-Rural-del-Sur-y-Asfaco-firmaron-el-convenio-1-1536x1152.jpg",1536,1152,true],"2048x2048":["https:\/\/fundacioncajaruraldelsur.com\/wp-content\/uploads\/2026\/02\/260203.-Los-presidentes-de-Fundacion-Caja-Rural-del-Sur-y-Asfaco-firmaron-el-convenio-1-2048x1536.jpg",2048,1536,true],"trp-custom-language-flag":["https:\/\/fundacioncajaruraldelsur.com\/wp-content\/uploads\/2026\/02\/260203.-Los-presidentes-de-Fundacion-Caja-Rural-del-Sur-y-Asfaco-firmaron-el-convenio-1-16x12.jpg",16,12,true],"blog-thumbnail":["https:\/\/fundacioncajaruraldelsur.com\/wp-content\/uploads\/2026\/02\/260203.-Los-presidentes-de-Fundacion-Caja-Rural-del-Sur-y-Asfaco-firmaron-el-convenio-1-400x200.jpg",400,200,true]},"rttpg_author":{"display_name":"Comunicaci\u00f3n","author_link":"https:\/\/fundacioncajaruraldelsur.com\/pt\/author\/sevillaadmin\/"},"rttpg_comment":0,"rttpg_category":"<a href=\"https:\/\/fundacioncajaruraldelsur.com\/pt\/category\/convenios\/\" rel=\"category tag\">Convenios<\/a>","rttpg_excerpt":"El presidente de la Caja Rural del Sur, Jos\u00e9 Luis Garc\u00eda-Palacios \u00c1lvarez, ha formalizado un acuerdo de colaboraci\u00f3n con Miguel \u00c1ngel Tamarit Almagro, presidente de Asfaco, para colaborar en las [&hellip;]","_links":{"self":[{"href":"https:\/\/fundacioncajaruraldelsur.com\/pt\/wp-json\/wp\/v2\/posts\/12318","targetHints":{"allow":["GET"]}}],"collection":[{"href":"https:\/\/fundacioncajaruraldelsur.com\/pt\/wp-json\/wp\/v2\/posts"}],"about":[{"href":"https:\/\/fundacioncajaruraldelsur.com\/pt\/wp-json\/wp\/v2\/types\/post"}],"author":[{"embeddable":true,"href":"https:\/\/fundacioncajaruraldelsur.com\/pt\/wp-json\/wp\/v2\/users\/6"}],"replies":[{"embeddable":true,"href":"https:\/\/fundacioncajaruraldelsur.com\/pt\/wp-json\/wp\/v2\/comments?post=12318"}],"version-history":[{"count":1,"href":"https:\/\/fundacioncajaruraldelsur.com\/pt\/wp-json\/wp\/v2\/posts\/12318\/revisions"}],"predecessor-version":[{"id":12320,"href":"https:\/\/fundacioncajaruraldelsur.com\/pt\/wp-json\/wp\/v2\/posts\/12318\/revisions\/12320"}],"wp:featuredmedia":[{"embeddable":true,"href":"https:\/\/fundacioncajaruraldelsur.com\/pt\/wp-json\/wp\/v2\/media\/12319"}],"wp:attachment":[{"href":"https:\/\/fundacioncajaruraldelsur.com\/pt\/wp-json\/wp\/v2\/media?parent=12318"}],"wp:term":[{"taxonomy":"category","embeddable":true,"href":"https:\/\/fundacioncajaruraldelsur.com\/pt\/wp-json\/wp\/v2\/categories?post=12318"},{"taxonomy":"post_tag","embeddable":true,"href":"https:\/\/fundacioncajaruraldelsur.com\/pt\/wp-json\/wp\/v2\/tags?post=12318"}],"curies":[{"name":"wp","href":"https:\/\/api.w.org\/{rel}","templated":true}]}}