{"id":12277,"date":"2026-01-30T00:55:01","date_gmt":"2026-01-29T23:55:01","guid":{"rendered":"https:\/\/fundacioncajaruraldelsur.com\/?p=12277"},"modified":"2026-01-30T00:55:53","modified_gmt":"2026-01-29T23:55:53","slug":"caja-rural-del-sur-recibe-el-premio-empresa-2026-de-la-asociacion-de-empresas-de-publicidad-de-sevilla-aeps","status":"publish","type":"post","link":"https:\/\/fundacioncajaruraldelsur.com\/pt\/caja-rural-del-sur-recibe-el-premio-empresa-2026-de-la-asociacion-de-empresas-de-publicidad-de-sevilla-aeps\/","title":{"rendered":"Caja Rural del Sur recibe el Premio Empresa 2026 de la Asociaci\u00f3n de Empresas de Publicidad de Sevilla, AEPS"},"content":{"rendered":"<p data-start=\"0\" data-end=\"450\"><strong>Caja Rural del Sur ha recibido el Premio Empresa 2026 de la Asociaci\u00f3n de Empresas de Publicidad de Sevilla, AEPS<\/strong>, en el marco de la\u00a0<strong>Gala Anual de la Asociaci\u00f3n de Empresarios de la Publicidad de Sevilla<\/strong>\u00a0(AEPS), celebrada este jueves 29 de enero con motivo del D\u00eda de la Publicidad. El reconocimiento,\u00a0<strong>concedido coincidiendo con su 25 aniversario<\/strong>, pone en valor su trayectoria como entidad financiera cooperativa de referencia en Andaluc\u00eda, su crecimiento sostenido y su firme compromiso con el territorio.\u00a0<strong>El Premio fue recogido por Manuel Ruiz Rojas, director financiero y de relaciones institucionales de la Fundaci\u00f3n Caja Rural del Sur.\u00a0<\/strong><\/p>\n<p data-start=\"452\" data-end=\"683\">El jurado destac\u00f3 especialmente su\u00a0<strong>apuesta estrat\u00e9gica por la comunicaci\u00f3n y la publicidad de calidad<\/strong>\u00a0como herramientas para generar cercan\u00eda, confianza y valor social, consolidando su papel dentro del ecosistema econ\u00f3mico andaluz.<\/p>\n<p data-start=\"685\" data-end=\"1096\">La gala, ya consolidada como una de las grandes citas del sector, reuni\u00f3 a m\u00e1s de 250 profesionales de la comunicaci\u00f3n, la publicidad y el \u00e1mbito empresarial en el espacio Puerto de Cuba \u2013 Caf\u00e9 del R\u00edo, a orillas del Guadalquivir. El acto cont\u00f3 con el apoyo del Ayuntamiento de Sevilla, Turismo de Sevilla, CONTURSA, GLOBAL y SQUIRREL.<\/p>\n<p data-start=\"1098\" data-end=\"1430\">Durante su intervenci\u00f3n, el presidente de la AEPS, Salvador Toscano Sotelo, subray\u00f3 el crecimiento de la asociaci\u00f3n, que ya supera las 45 empresas asociadas, y su funci\u00f3n como entidad defensora del sector publicitario sevillano,<strong>\u00a0agradeciendo la implicaci\u00f3n de sus miembros en la profesionalizaci\u00f3n y fortalecimiento de la actividad.<\/strong><\/p>\n<p data-start=\"1432\" data-end=\"1795\">En la categor\u00eda de Premios Empresa AEPS 2026 tambi\u00e9n fueron distinguidas In\u00e9s Rosales, por sus 115 a\u00f1os de historia como marca andaluza emblem\u00e1tica, e INSUR, por sus 80 a\u00f1os de contribuci\u00f3n al desarrollo inmobiliario y urbano.\u00a0<strong>En el apartado de Comunicaci\u00f3n AEPS 2026 se reconoci\u00f3 a Onda Cero por sus 35 a\u00f1os de trayectoria y a MuchoDeporte por su 25 aniversario.<\/strong><\/p>\n<p data-start=\"1432\" data-end=\"1795\"><a href=\"https:\/\/fundacioncajaruraldelsur.com\/wp-content\/uploads\/2026\/01\/IMG_8785.jpg\" rel=\"lightbox-0\"><img loading=\"lazy\" decoding=\"async\" class=\"wp-image-12279 size-full aligncenter\" src=\"https:\/\/fundacioncajaruraldelsur.com\/wp-content\/uploads\/2026\/01\/IMG_8785.jpg\" alt=\"\" width=\"1215\" height=\"911\" srcset=\"https:\/\/fundacioncajaruraldelsur.com\/wp-content\/uploads\/2026\/01\/IMG_8785.jpg 1215w, https:\/\/fundacioncajaruraldelsur.com\/wp-content\/uploads\/2026\/01\/IMG_8785-300x225.jpg 300w, https:\/\/fundacioncajaruraldelsur.com\/wp-content\/uploads\/2026\/01\/IMG_8785-1024x768.jpg 1024w, https:\/\/fundacioncajaruraldelsur.com\/wp-content\/uploads\/2026\/01\/IMG_8785-768x576.jpg 768w, https:\/\/fundacioncajaruraldelsur.com\/wp-content\/uploads\/2026\/01\/IMG_8785-16x12.jpg 16w\" sizes=\"auto, (max-width: 1215px) 100vw, 1215px\" \/><\/a><\/p>","protected":false},"excerpt":{"rendered":"<p>Caja Rural del Sur ha recibido el Premio Empresa 2026 de la Asociaci\u00f3n de Empresas de Publicidad de Sevilla, AEPS, en el marco de la\u00a0Gala Anual de la Asociaci\u00f3n de [&hellip;]<\/p>\n","protected":false},"author":6,"featured_media":12278,"comment_status":"closed","ping_status":"closed","sticky":false,"template":"","format":"standard","meta":{"footnotes":""},"categories":[64],"tags":[],"class_list":["post-12277","post","type-post","status-publish","format-standard","has-post-thumbnail","hentry","category-premios"],"yoast_head":"<!-- This site is optimized with the Yoast SEO plugin v27.3 - https:\/\/yoast.com\/product\/yoast-seo-wordpress\/ -->\n<title>Caja Rural del Sur recibe el Premio Empresa 2026 de la Asociaci\u00f3n de Empresas de Publicidad de Sevilla, AEPS - Fundaci\u00f3n Caja Rural del Sur<\/title>\n<meta name=\"robots\" content=\"index, follow, max-snippet:-1, max-image-preview:large, max-video-preview:-1\" \/>\n<link rel=\"canonical\" href=\"https:\/\/fundacioncajaruraldelsur.com\/pt\/caja-rural-del-sur-recibe-el-premio-empresa-2026-de-la-asociacion-de-empresas-de-publicidad-de-sevilla-aeps\/\" \/>\n<meta property=\"og:locale\" content=\"pt_PT\" \/>\n<meta property=\"og:type\" content=\"article\" \/>\n<meta property=\"og:title\" content=\"Caja Rural del Sur recibe el Premio Empresa 2026 de la Asociaci\u00f3n de Empresas de Publicidad de Sevilla, AEPS - Fundaci\u00f3n Caja Rural del Sur\" \/>\n<meta property=\"og:description\" content=\"Caja Rural del Sur ha recibido el Premio Empresa 2026 de la Asociaci\u00f3n de Empresas de Publicidad de Sevilla, AEPS, en el marco de la\u00a0Gala Anual de la Asociaci\u00f3n de [&hellip;]\" \/>\n<meta property=\"og:url\" content=\"https:\/\/fundacioncajaruraldelsur.com\/pt\/caja-rural-del-sur-recibe-el-premio-empresa-2026-de-la-asociacion-de-empresas-de-publicidad-de-sevilla-aeps\/\" \/>\n<meta property=\"og:site_name\" content=\"Fundaci\u00f3n Caja Rural del Sur\" \/>\n<meta property=\"article:published_time\" content=\"2026-01-29T23:55:01+00:00\" \/>\n<meta property=\"article:modified_time\" content=\"2026-01-29T23:55:53+00:00\" \/>\n<meta property=\"og:image\" content=\"https:\/\/fundacioncajaruraldelsur.com\/wp-content\/uploads\/2026\/01\/IMG_8797-e1769730947809.jpg\" \/>\n\t<meta property=\"og:image:width\" content=\"1215\" \/>\n\t<meta property=\"og:image:height\" content=\"761\" \/>\n\t<meta property=\"og:image:type\" content=\"image\/jpeg\" \/>\n<meta name=\"author\" content=\"Comunicaci\u00f3n\" \/>\n<meta name=\"twitter:card\" content=\"summary_large_image\" \/>\n<meta name=\"twitter:label1\" content=\"Written by\" \/>\n\t<meta name=\"twitter:data1\" content=\"Comunicaci\u00f3n\" \/>\n\t<meta name=\"twitter:label2\" content=\"Est. reading time\" \/>\n\t<meta name=\"twitter:data2\" content=\"2 minutes\" \/>\n<script type=\"application\/ld+json\" class=\"yoast-schema-graph\">{\"@context\":\"https:\\\/\\\/schema.org\",\"@graph\":[{\"@type\":\"Article\",\"@id\":\"https:\\\/\\\/fundacioncajaruraldelsur.com\\\/caja-rural-del-sur-recibe-el-premio-empresa-2026-de-la-asociacion-de-empresas-de-publicidad-de-sevilla-aeps\\\/#article\",\"isPartOf\":{\"@id\":\"https:\\\/\\\/fundacioncajaruraldelsur.com\\\/caja-rural-del-sur-recibe-el-premio-empresa-2026-de-la-asociacion-de-empresas-de-publicidad-de-sevilla-aeps\\\/\"},\"author\":{\"name\":\"Comunicaci\u00f3n\",\"@id\":\"https:\\\/\\\/fundacioncajaruraldelsur.com\\\/#\\\/schema\\\/person\\\/f430da9fb783d505ff061ad8b3d44577\"},\"headline\":\"Caja Rural del Sur recibe el Premio Empresa 2026 de la Asociaci\u00f3n de Empresas de Publicidad de Sevilla, AEPS\",\"datePublished\":\"2026-01-29T23:55:01+00:00\",\"dateModified\":\"2026-01-29T23:55:53+00:00\",\"mainEntityOfPage\":{\"@id\":\"https:\\\/\\\/fundacioncajaruraldelsur.com\\\/caja-rural-del-sur-recibe-el-premio-empresa-2026-de-la-asociacion-de-empresas-de-publicidad-de-sevilla-aeps\\\/\"},\"wordCount\":335,\"image\":{\"@id\":\"https:\\\/\\\/fundacioncajaruraldelsur.com\\\/caja-rural-del-sur-recibe-el-premio-empresa-2026-de-la-asociacion-de-empresas-de-publicidad-de-sevilla-aeps\\\/#primaryimage\"},\"thumbnailUrl\":\"https:\\\/\\\/fundacioncajaruraldelsur.com\\\/wp-content\\\/uploads\\\/2026\\\/01\\\/IMG_8797-e1769730947809.jpg\",\"articleSection\":[\"Premios\"],\"inLanguage\":\"pt-PT\"},{\"@type\":\"WebPage\",\"@id\":\"https:\\\/\\\/fundacioncajaruraldelsur.com\\\/caja-rural-del-sur-recibe-el-premio-empresa-2026-de-la-asociacion-de-empresas-de-publicidad-de-sevilla-aeps\\\/\",\"url\":\"https:\\\/\\\/fundacioncajaruraldelsur.com\\\/caja-rural-del-sur-recibe-el-premio-empresa-2026-de-la-asociacion-de-empresas-de-publicidad-de-sevilla-aeps\\\/\",\"name\":\"Caja Rural del Sur recibe el Premio Empresa 2026 de la Asociaci\u00f3n de Empresas de Publicidad de Sevilla, AEPS - Fundaci\u00f3n Caja Rural del Sur\",\"isPartOf\":{\"@id\":\"https:\\\/\\\/fundacioncajaruraldelsur.com\\\/#website\"},\"primaryImageOfPage\":{\"@id\":\"https:\\\/\\\/fundacioncajaruraldelsur.com\\\/caja-rural-del-sur-recibe-el-premio-empresa-2026-de-la-asociacion-de-empresas-de-publicidad-de-sevilla-aeps\\\/#primaryimage\"},\"image\":{\"@id\":\"https:\\\/\\\/fundacioncajaruraldelsur.com\\\/caja-rural-del-sur-recibe-el-premio-empresa-2026-de-la-asociacion-de-empresas-de-publicidad-de-sevilla-aeps\\\/#primaryimage\"},\"thumbnailUrl\":\"https:\\\/\\\/fundacioncajaruraldelsur.com\\\/wp-content\\\/uploads\\\/2026\\\/01\\\/IMG_8797-e1769730947809.jpg\",\"datePublished\":\"2026-01-29T23:55:01+00:00\",\"dateModified\":\"2026-01-29T23:55:53+00:00\",\"author\":{\"@id\":\"https:\\\/\\\/fundacioncajaruraldelsur.com\\\/#\\\/schema\\\/person\\\/f430da9fb783d505ff061ad8b3d44577\"},\"breadcrumb\":{\"@id\":\"https:\\\/\\\/fundacioncajaruraldelsur.com\\\/caja-rural-del-sur-recibe-el-premio-empresa-2026-de-la-asociacion-de-empresas-de-publicidad-de-sevilla-aeps\\\/#breadcrumb\"},\"inLanguage\":\"pt-PT\",\"potentialAction\":[{\"@type\":\"ReadAction\",\"target\":[\"https:\\\/\\\/fundacioncajaruraldelsur.com\\\/caja-rural-del-sur-recibe-el-premio-empresa-2026-de-la-asociacion-de-empresas-de-publicidad-de-sevilla-aeps\\\/\"]}]},{\"@type\":\"ImageObject\",\"inLanguage\":\"pt-PT\",\"@id\":\"https:\\\/\\\/fundacioncajaruraldelsur.com\\\/caja-rural-del-sur-recibe-el-premio-empresa-2026-de-la-asociacion-de-empresas-de-publicidad-de-sevilla-aeps\\\/#primaryimage\",\"url\":\"https:\\\/\\\/fundacioncajaruraldelsur.com\\\/wp-content\\\/uploads\\\/2026\\\/01\\\/IMG_8797-e1769730947809.jpg\",\"contentUrl\":\"https:\\\/\\\/fundacioncajaruraldelsur.com\\\/wp-content\\\/uploads\\\/2026\\\/01\\\/IMG_8797-e1769730947809.jpg\",\"width\":1215,\"height\":761},{\"@type\":\"BreadcrumbList\",\"@id\":\"https:\\\/\\\/fundacioncajaruraldelsur.com\\\/caja-rural-del-sur-recibe-el-premio-empresa-2026-de-la-asociacion-de-empresas-de-publicidad-de-sevilla-aeps\\\/#breadcrumb\",\"itemListElement\":[{\"@type\":\"ListItem\",\"position\":1,\"name\":\"Portada\",\"item\":\"https:\\\/\\\/fundacioncajaruraldelsur.com\\\/\"},{\"@type\":\"ListItem\",\"position\":2,\"name\":\"Caja Rural del Sur recibe el Premio Empresa 2026 de la Asociaci\u00f3n de Empresas de Publicidad de Sevilla, AEPS\"}]},{\"@type\":\"WebSite\",\"@id\":\"https:\\\/\\\/fundacioncajaruraldelsur.com\\\/#website\",\"url\":\"https:\\\/\\\/fundacioncajaruraldelsur.com\\\/\",\"name\":\"Fundaci\u00f3n Caja Rural del Sur\",\"description\":\"\",\"potentialAction\":[{\"@type\":\"SearchAction\",\"target\":{\"@type\":\"EntryPoint\",\"urlTemplate\":\"https:\\\/\\\/fundacioncajaruraldelsur.com\\\/?s={search_term_string}\"},\"query-input\":{\"@type\":\"PropertyValueSpecification\",\"valueRequired\":true,\"valueName\":\"search_term_string\"}}],\"inLanguage\":\"pt-PT\"},{\"@type\":\"Person\",\"@id\":\"https:\\\/\\\/fundacioncajaruraldelsur.com\\\/#\\\/schema\\\/person\\\/f430da9fb783d505ff061ad8b3d44577\",\"name\":\"Comunicaci\u00f3n\",\"image\":{\"@type\":\"ImageObject\",\"inLanguage\":\"pt-PT\",\"@id\":\"https:\\\/\\\/secure.gravatar.com\\\/avatar\\\/0dca239875993680bac4603ad2de7942da018f52cc3a244578e0b3b09314a8d8?s=96&d=blank&r=g\",\"url\":\"https:\\\/\\\/secure.gravatar.com\\\/avatar\\\/0dca239875993680bac4603ad2de7942da018f52cc3a244578e0b3b09314a8d8?s=96&d=blank&r=g\",\"contentUrl\":\"https:\\\/\\\/secure.gravatar.com\\\/avatar\\\/0dca239875993680bac4603ad2de7942da018f52cc3a244578e0b3b09314a8d8?s=96&d=blank&r=g\",\"caption\":\"Comunicaci\u00f3n\"}}]}<\/script>\n<!-- \/ Yoast SEO plugin. -->","yoast_head_json":{"title":"Caja Rural del Sur recibe el Premio Empresa 2026 de la Asociaci\u00f3n de Empresas de Publicidad de Sevilla, AEPS - Fundaci\u00f3n Caja Rural del Sur","robots":{"index":"index","follow":"follow","max-snippet":"max-snippet:-1","max-image-preview":"max-image-preview:large","max-video-preview":"max-video-preview:-1"},"canonical":"https:\/\/fundacioncajaruraldelsur.com\/pt\/caja-rural-del-sur-recibe-el-premio-empresa-2026-de-la-asociacion-de-empresas-de-publicidad-de-sevilla-aeps\/","og_locale":"pt_PT","og_type":"article","og_title":"Caja Rural del Sur recibe el Premio Empresa 2026 de la Asociaci\u00f3n de Empresas de Publicidad de Sevilla, AEPS - Fundaci\u00f3n Caja Rural del Sur","og_description":"Caja Rural del Sur ha recibido el Premio Empresa 2026 de la Asociaci\u00f3n de Empresas de Publicidad de Sevilla, AEPS, en el marco de la\u00a0Gala Anual de la Asociaci\u00f3n de [&hellip;]","og_url":"https:\/\/fundacioncajaruraldelsur.com\/pt\/caja-rural-del-sur-recibe-el-premio-empresa-2026-de-la-asociacion-de-empresas-de-publicidad-de-sevilla-aeps\/","og_site_name":"Fundaci\u00f3n Caja Rural del Sur","article_published_time":"2026-01-29T23:55:01+00:00","article_modified_time":"2026-01-29T23:55:53+00:00","og_image":[{"width":1215,"height":761,"url":"https:\/\/fundacioncajaruraldelsur.com\/wp-content\/uploads\/2026\/01\/IMG_8797-e1769730947809.jpg","type":"image\/jpeg"}],"author":"Comunicaci\u00f3n","twitter_card":"summary_large_image","twitter_misc":{"Written by":"Comunicaci\u00f3n","Est. reading time":"2 minutes"},"schema":{"@context":"https:\/\/schema.org","@graph":[{"@type":"Article","@id":"https:\/\/fundacioncajaruraldelsur.com\/caja-rural-del-sur-recibe-el-premio-empresa-2026-de-la-asociacion-de-empresas-de-publicidad-de-sevilla-aeps\/#article","isPartOf":{"@id":"https:\/\/fundacioncajaruraldelsur.com\/caja-rural-del-sur-recibe-el-premio-empresa-2026-de-la-asociacion-de-empresas-de-publicidad-de-sevilla-aeps\/"},"author":{"name":"Comunicaci\u00f3n","@id":"https:\/\/fundacioncajaruraldelsur.com\/#\/schema\/person\/f430da9fb783d505ff061ad8b3d44577"},"headline":"Caja Rural del Sur recibe el Premio Empresa 2026 de la Asociaci\u00f3n de Empresas de Publicidad de Sevilla, AEPS","datePublished":"2026-01-29T23:55:01+00:00","dateModified":"2026-01-29T23:55:53+00:00","mainEntityOfPage":{"@id":"https:\/\/fundacioncajaruraldelsur.com\/caja-rural-del-sur-recibe-el-premio-empresa-2026-de-la-asociacion-de-empresas-de-publicidad-de-sevilla-aeps\/"},"wordCount":335,"image":{"@id":"https:\/\/fundacioncajaruraldelsur.com\/caja-rural-del-sur-recibe-el-premio-empresa-2026-de-la-asociacion-de-empresas-de-publicidad-de-sevilla-aeps\/#primaryimage"},"thumbnailUrl":"https:\/\/fundacioncajaruraldelsur.com\/wp-content\/uploads\/2026\/01\/IMG_8797-e1769730947809.jpg","articleSection":["Premios"],"inLanguage":"pt-PT"},{"@type":"WebPage","@id":"https:\/\/fundacioncajaruraldelsur.com\/caja-rural-del-sur-recibe-el-premio-empresa-2026-de-la-asociacion-de-empresas-de-publicidad-de-sevilla-aeps\/","url":"https:\/\/fundacioncajaruraldelsur.com\/caja-rural-del-sur-recibe-el-premio-empresa-2026-de-la-asociacion-de-empresas-de-publicidad-de-sevilla-aeps\/","name":"Caja Rural del Sur recibe el Premio Empresa 2026 de la Asociaci\u00f3n de Empresas de Publicidad de Sevilla, AEPS - Fundaci\u00f3n Caja Rural del Sur","isPartOf":{"@id":"https:\/\/fundacioncajaruraldelsur.com\/#website"},"primaryImageOfPage":{"@id":"https:\/\/fundacioncajaruraldelsur.com\/caja-rural-del-sur-recibe-el-premio-empresa-2026-de-la-asociacion-de-empresas-de-publicidad-de-sevilla-aeps\/#primaryimage"},"image":{"@id":"https:\/\/fundacioncajaruraldelsur.com\/caja-rural-del-sur-recibe-el-premio-empresa-2026-de-la-asociacion-de-empresas-de-publicidad-de-sevilla-aeps\/#primaryimage"},"thumbnailUrl":"https:\/\/fundacioncajaruraldelsur.com\/wp-content\/uploads\/2026\/01\/IMG_8797-e1769730947809.jpg","datePublished":"2026-01-29T23:55:01+00:00","dateModified":"2026-01-29T23:55:53+00:00","author":{"@id":"https:\/\/fundacioncajaruraldelsur.com\/#\/schema\/person\/f430da9fb783d505ff061ad8b3d44577"},"breadcrumb":{"@id":"https:\/\/fundacioncajaruraldelsur.com\/caja-rural-del-sur-recibe-el-premio-empresa-2026-de-la-asociacion-de-empresas-de-publicidad-de-sevilla-aeps\/#breadcrumb"},"inLanguage":"pt-PT","potentialAction":[{"@type":"ReadAction","target":["https:\/\/fundacioncajaruraldelsur.com\/caja-rural-del-sur-recibe-el-premio-empresa-2026-de-la-asociacion-de-empresas-de-publicidad-de-sevilla-aeps\/"]}]},{"@type":"ImageObject","inLanguage":"pt-PT","@id":"https:\/\/fundacioncajaruraldelsur.com\/caja-rural-del-sur-recibe-el-premio-empresa-2026-de-la-asociacion-de-empresas-de-publicidad-de-sevilla-aeps\/#primaryimage","url":"https:\/\/fundacioncajaruraldelsur.com\/wp-content\/uploads\/2026\/01\/IMG_8797-e1769730947809.jpg","contentUrl":"https:\/\/fundacioncajaruraldelsur.com\/wp-content\/uploads\/2026\/01\/IMG_8797-e1769730947809.jpg","width":1215,"height":761},{"@type":"BreadcrumbList","@id":"https:\/\/fundacioncajaruraldelsur.com\/caja-rural-del-sur-recibe-el-premio-empresa-2026-de-la-asociacion-de-empresas-de-publicidad-de-sevilla-aeps\/#breadcrumb","itemListElement":[{"@type":"ListItem","position":1,"name":"Portada","item":"https:\/\/fundacioncajaruraldelsur.com\/"},{"@type":"ListItem","position":2,"name":"Caja Rural del Sur recibe el Premio Empresa 2026 de la Asociaci\u00f3n de Empresas de Publicidad de Sevilla, AEPS"}]},{"@type":"WebSite","@id":"https:\/\/fundacioncajaruraldelsur.com\/#website","url":"https:\/\/fundacioncajaruraldelsur.com\/","name":"Funda\u00e7\u00e3o Caja Rural del Sur","description":"","potentialAction":[{"@type":"SearchAction","target":{"@type":"EntryPoint","urlTemplate":"https:\/\/fundacioncajaruraldelsur.com\/?s={search_term_string}"},"query-input":{"@type":"PropertyValueSpecification","valueRequired":true,"valueName":"search_term_string"}}],"inLanguage":"pt-PT"},{"@type":"Person","@id":"https:\/\/fundacioncajaruraldelsur.com\/#\/schema\/person\/f430da9fb783d505ff061ad8b3d44577","name":"Comunicaci\u00f3n","image":{"@type":"ImageObject","inLanguage":"pt-PT","@id":"https:\/\/secure.gravatar.com\/avatar\/0dca239875993680bac4603ad2de7942da018f52cc3a244578e0b3b09314a8d8?s=96&d=blank&r=g","url":"https:\/\/secure.gravatar.com\/avatar\/0dca239875993680bac4603ad2de7942da018f52cc3a244578e0b3b09314a8d8?s=96&d=blank&r=g","contentUrl":"https:\/\/secure.gravatar.com\/avatar\/0dca239875993680bac4603ad2de7942da018f52cc3a244578e0b3b09314a8d8?s=96&d=blank&r=g","caption":"Comunicaci\u00f3n"}}]}},"rttpg_featured_image_url":{"full":["https:\/\/fundacioncajaruraldelsur.com\/wp-content\/uploads\/2026\/01\/IMG_8797-e1769730947809.jpg",1215,761,false],"landscape":["https:\/\/fundacioncajaruraldelsur.com\/wp-content\/uploads\/2026\/01\/IMG_8797-e1769730947809.jpg",1215,761,false],"portraits":["https:\/\/fundacioncajaruraldelsur.com\/wp-content\/uploads\/2026\/01\/IMG_8797-e1769730947809.jpg",1215,761,false],"thumbnail":["https:\/\/fundacioncajaruraldelsur.com\/wp-content\/uploads\/2026\/01\/IMG_8797-e1769730947809-150x150.jpg",150,150,true],"medium":["https:\/\/fundacioncajaruraldelsur.com\/wp-content\/uploads\/2026\/01\/IMG_8797-e1769730947809-300x188.jpg",300,188,true],"large":["https:\/\/fundacioncajaruraldelsur.com\/wp-content\/uploads\/2026\/01\/IMG_8797-e1769730947809-1024x641.jpg",960,601,true],"1536x1536":["https:\/\/fundacioncajaruraldelsur.com\/wp-content\/uploads\/2026\/01\/IMG_8797-e1769730947809.jpg",1215,761,false],"2048x2048":["https:\/\/fundacioncajaruraldelsur.com\/wp-content\/uploads\/2026\/01\/IMG_8797-e1769730947809.jpg",1215,761,false],"trp-custom-language-flag":["https:\/\/fundacioncajaruraldelsur.com\/wp-content\/uploads\/2026\/01\/IMG_8797-e1769730947809-18x12.jpg",18,12,true],"blog-thumbnail":["https:\/\/fundacioncajaruraldelsur.com\/wp-content\/uploads\/2026\/01\/IMG_8797-e1769730947809-400x200.jpg",400,200,true]},"rttpg_author":{"display_name":"Comunicaci\u00f3n","author_link":"https:\/\/fundacioncajaruraldelsur.com\/pt\/author\/sevillaadmin\/"},"rttpg_comment":0,"rttpg_category":"<a href=\"https:\/\/fundacioncajaruraldelsur.com\/pt\/category\/premios\/\" rel=\"category tag\">Premios<\/a>","rttpg_excerpt":"Caja Rural del Sur ha recibido el Premio Empresa 2026 de la Asociaci\u00f3n de Empresas de Publicidad de Sevilla, AEPS, en el marco de la\u00a0Gala Anual de la Asociaci\u00f3n de [&hellip;]","_links":{"self":[{"href":"https:\/\/fundacioncajaruraldelsur.com\/pt\/wp-json\/wp\/v2\/posts\/12277","targetHints":{"allow":["GET"]}}],"collection":[{"href":"https:\/\/fundacioncajaruraldelsur.com\/pt\/wp-json\/wp\/v2\/posts"}],"about":[{"href":"https:\/\/fundacioncajaruraldelsur.com\/pt\/wp-json\/wp\/v2\/types\/post"}],"author":[{"embeddable":true,"href":"https:\/\/fundacioncajaruraldelsur.com\/pt\/wp-json\/wp\/v2\/users\/6"}],"replies":[{"embeddable":true,"href":"https:\/\/fundacioncajaruraldelsur.com\/pt\/wp-json\/wp\/v2\/comments?post=12277"}],"version-history":[{"count":1,"href":"https:\/\/fundacioncajaruraldelsur.com\/pt\/wp-json\/wp\/v2\/posts\/12277\/revisions"}],"predecessor-version":[{"id":12280,"href":"https:\/\/fundacioncajaruraldelsur.com\/pt\/wp-json\/wp\/v2\/posts\/12277\/revisions\/12280"}],"wp:featuredmedia":[{"embeddable":true,"href":"https:\/\/fundacioncajaruraldelsur.com\/pt\/wp-json\/wp\/v2\/media\/12278"}],"wp:attachment":[{"href":"https:\/\/fundacioncajaruraldelsur.com\/pt\/wp-json\/wp\/v2\/media?parent=12277"}],"wp:term":[{"taxonomy":"category","embeddable":true,"href":"https:\/\/fundacioncajaruraldelsur.com\/pt\/wp-json\/wp\/v2\/categories?post=12277"},{"taxonomy":"post_tag","embeddable":true,"href":"https:\/\/fundacioncajaruraldelsur.com\/pt\/wp-json\/wp\/v2\/tags?post=12277"}],"curies":[{"name":"wp","href":"https:\/\/api.w.org\/{rel}","templated":true}]}}