{"id":12133,"date":"2026-01-28T16:20:45","date_gmt":"2026-01-28T15:20:45","guid":{"rendered":"https:\/\/fundacioncajaruraldelsur.com\/?p=12133"},"modified":"2026-01-28T16:20:45","modified_gmt":"2026-01-28T15:20:45","slug":"fallados-los-xv-premios-ricardo-lopez-crespo-de-la-fundacion-caja-rural-del-sur","status":"publish","type":"post","link":"https:\/\/fundacioncajaruraldelsur.com\/pt\/fallados-los-xv-premios-ricardo-lopez-crespo-de-la-fundacion-caja-rural-del-sur\/","title":{"rendered":"Fallados los XV Premios \u2018Ricardo L\u00f3pez Crespo\u2019 de la Fundaci\u00f3n Caja Rural del Sur"},"content":{"rendered":"<p>Los miembros de los distintos jurados, tras la reuni\u00f3n celebrada, han dado a conocer los premios \u2018Ricardo L\u00f3pez Crespo\u2019 de Fundaci\u00f3n Caja Rural del Sur en su XV edici\u00f3n, en las categor\u00edas de Proyectos de I+D+i en el \u00e1mbito de la Actividad Agroalimentaria, Acci\u00f3n Social Solidaria, Recuperaci\u00f3n del Patrimonio Hist\u00f3rico-Art\u00edstico Provincial, Iniciativas Empresariales promovidas por J\u00f3venes Emprendedores y Mejor Expediente Acad\u00e9mico de Grado de la Universidad de C\u00f3rdoba.<\/p>\n<p>El fallo final de cada uno de los jurados, y actuando como secretaria de todos ellos, Mar\u00eda Dolores Moreno, de Fundaci\u00f3n Caja Rural del Sur, han sido los siguientes y en cada una de las categor\u00edas.<\/p>\n<p><strong>Premio Proyectos de I+D+i en el \u00e1mbito de la Actividad Agroalimentaria. <\/strong><\/p>\n<p><strong>Proyecto premiado<\/strong>: Climafarm. Proyecto de I+D+i sistema de climatizaci\u00f3n sostenible para la producci\u00f3n l\u00e1ctea. Grupo Operativo CLIMAFARM &#8211; GOPG-CO-23-0008 \/ Grupo de Investigaci\u00f3n TEP 974 RATE Research Group in Applied Thermal Engineering, de la Universidad de C\u00f3rdoba.<\/p>\n<p><strong>Acc\u00e9sit:<\/strong> DIGECOFLY. Hacia la transici\u00f3n digital en el seguimiento poblacional de la mosca del olivo: control remoto para la toma de decisiones. De los investigadores Juan Manuel D\u00edaz Cabrera, Jos\u00e9 Crist\u00f3bal Ram\u00edrez Faz, Meelad Yousef-Yousef, Luis Miguel C\u00e1mara D\u00edaz y Flora Moreno Alcaide, de la Universidad de C\u00f3rdoba.<\/p>\n<p>El jurado estuvo compuesto por Isabel Castillejo, directora de la C\u00e1tedra de Innovaci\u00f3n Agraria Fundaci\u00f3n Caja Rural del Sur \u2013 UCO; Manuel Hidalgo Prieto, decano facultad de Veterinaria UCO; Fernando Adell, presidente Asaja C\u00f3rdoba; y Ricardo L\u00f3pez-Crespo Delgado, vicepresidente de Caja Rural del Sur.<\/p>\n<p><strong>Premio a la Acci\u00f3n Social Solidaria. <\/strong><\/p>\n<p><strong>Premiado<\/strong>: Fundaci\u00f3n Don Bosco C\u00f3rdoba.<\/p>\n<p><strong>Acc\u00e9sit:<\/strong> Ayuntamiento de Montemayor, con el proyecto Especiales.<\/p>\n<p>Participaron en el jurado de esta categor\u00eda: Alfonso Fern\u00e1ndez Zamorano, presidente Emet Arco Iris; Tom\u00e1s Pajuelo, sacerdote y miembro del Cabildo Catedral de C\u00f3rdoba; Francisco Manuel Blasco Garc\u00eda, presidente Asociaci\u00f3n Alzheimer C\u00f3rdoba: y Jos\u00e9 Mar\u00eda Calero Mu\u00f1oz, consejero de Caja Rural del Sur.<\/p>\n<p><strong>Premio a la Recuperaci\u00f3n del Patrimonio Hist\u00f3rico-Art\u00edstico Provincial<\/strong>.<\/p>\n<p><strong>Premiado<\/strong>: e-Scribano: Digitalizaci\u00f3n e Inteligencia Artificial para el patrimonio documental de la C\u00f3rdoba del Siglo de Oro.<\/p>\n<p><strong>Acc\u00e9sit: <\/strong>Adecuaci\u00f3n y restauraci\u00f3n del local y decorado del estudio fotogr\u00e1fico de Rafael Garz\u00f3n como local comercial.<\/p>\n<p>Formaron parte del jurado: Bartolom\u00e9 Valle, director Real Academia de C\u00f3rdoba; Gonzalo Herreros, director de los museos municipales de C\u00f3rdoba; y Jos\u00e9 Mar\u00eda Herrero, empresario y consejero suplente de Caja Rural del Sur<\/p>\n<p><strong>Premio a Iniciativas Empresariales promovidas por J\u00f3venes Emprendedores.<\/strong><\/p>\n<p><strong>Premiados ex aequo<\/strong>: Academia de Pastoreo Inducan, promovida por Daniel Illescas, y Pallet Sure, presentado por Juan Luis Blanco.<\/p>\n<p>El jurado para este premio lo formaron: V\u00edctor Mac\u00edas, presidente de AJE C\u00f3rdoba; Paqui Higueras, responsable de la Red de Emprendimiento del IMDEEC; Miguel \u00c1ngel Tamarit, presidente de ASFACO; Antonio D\u00edaz C\u00f3rdoba, presidente de CECO y la C\u00e1mara de Comercio; y Manuel Lozano, gestor de empresas Caja Rural del Sur.<\/p>\n<p><strong>Jurado Premio Mejor Expediente Acad\u00e9mico de Grado de la Universidad de C\u00f3rdoba, <\/strong><\/p>\n<p><strong>Premiada<\/strong>: Mar\u00eda Blanca Del Valle Fern\u00e1ndez, graduada en Derecho y Administraci\u00f3n y Direcci\u00f3n de Empresas.<\/p>\n<p>A la reuni\u00f3n del jurado asistieron: En representaci\u00f3n del rector, Jes\u00fas Mar\u00eda Dorado Mart\u00edn, vicerrector de Estudios de Grado, Calidad e innovaci\u00f3n Docente; representante del \u00e1rea de Arte y Humanidades, Ignacio Garc\u00eda Aguilar, titular de literatura espa\u00f1ola.; representante del \u00e1rea de Ciencias Sociales y Jur\u00eddicas, M\u00aa Carmen Jim\u00e9nez Salcedo, titular de Derecho Romano; representante del \u00e1rea de Ciencias de la Salud, Alfonso Mart\u00ednez Galisteo, catedr\u00e1tico de Anatom\u00eda y Anatom\u00eda Patol\u00f3gica Comparadas; representante del \u00e1rea de Ingenier\u00eda y Arquitectura, Mar\u00eda Pilar Dorado, catedr\u00e1tica m\u00e1quinas y motores t\u00e9rmicos; y el representante del \u00c1rea de Ciencias, Rafael Mar\u00eda Rubio Ruiz, catedr\u00e1tico de Matem\u00e1ticas.<\/p>\n<p>Estos premios est\u00e1n dotados econ\u00f3micamente con 4.000 \u20ac en cada una de las categor\u00edas, recibiendo cada premiado tambi\u00e9n una estatuilla aleg\u00f3rica de Fundaci\u00f3n Caja Rural del Sur, las cuales se entregar\u00e1n en un acto previsto celebrar en el transcurso del mes de marzo de 2026 en el Real C\u00edrculo de la Amistad de C\u00f3rdoba.<\/p>\n<p><a href=\"https:\/\/fundacioncajaruraldelsur.com\/wp-content\/uploads\/2026\/01\/260128.-Miembros-del-jurado-del-Premio-Proyectos-de-IDi-en-el-ambito-de-la-Actividad-Agroalimentaria.jpg\" rel=\"lightbox-0\"><img loading=\"lazy\" decoding=\"async\" class=\"wp-image-12135 size-full aligncenter\" src=\"https:\/\/fundacioncajaruraldelsur.com\/wp-content\/uploads\/2026\/01\/260128.-Miembros-del-jurado-del-Premio-Proyectos-de-IDi-en-el-ambito-de-la-Actividad-Agroalimentaria.jpg\" alt=\"\" width=\"1200\" height=\"1600\" srcset=\"https:\/\/fundacioncajaruraldelsur.com\/wp-content\/uploads\/2026\/01\/260128.-Miembros-del-jurado-del-Premio-Proyectos-de-IDi-en-el-ambito-de-la-Actividad-Agroalimentaria.jpg 1200w, https:\/\/fundacioncajaruraldelsur.com\/wp-content\/uploads\/2026\/01\/260128.-Miembros-del-jurado-del-Premio-Proyectos-de-IDi-en-el-ambito-de-la-Actividad-Agroalimentaria-225x300.jpg 225w, https:\/\/fundacioncajaruraldelsur.com\/wp-content\/uploads\/2026\/01\/260128.-Miembros-del-jurado-del-Premio-Proyectos-de-IDi-en-el-ambito-de-la-Actividad-Agroalimentaria-768x1024.jpg 768w, https:\/\/fundacioncajaruraldelsur.com\/wp-content\/uploads\/2026\/01\/260128.-Miembros-del-jurado-del-Premio-Proyectos-de-IDi-en-el-ambito-de-la-Actividad-Agroalimentaria-1152x1536.jpg 1152w, https:\/\/fundacioncajaruraldelsur.com\/wp-content\/uploads\/2026\/01\/260128.-Miembros-del-jurado-del-Premio-Proyectos-de-IDi-en-el-ambito-de-la-Actividad-Agroalimentaria-9x12.jpg 9w\" sizes=\"auto, (max-width: 1200px) 100vw, 1200px\" \/><\/a><\/p>\n<p><a href=\"https:\/\/fundacioncajaruraldelsur.com\/wp-content\/uploads\/2026\/01\/260128.-El-jurado-del-Premio-Accion-Social-Solidaria.jpg\" rel=\"lightbox-1\"><img loading=\"lazy\" decoding=\"async\" class=\"alignnone wp-image-12134 size-full\" src=\"https:\/\/fundacioncajaruraldelsur.com\/wp-content\/uploads\/2026\/01\/260128.-El-jurado-del-Premio-Accion-Social-Solidaria.jpg\" alt=\"\" width=\"2000\" height=\"1500\" srcset=\"https:\/\/fundacioncajaruraldelsur.com\/wp-content\/uploads\/2026\/01\/260128.-El-jurado-del-Premio-Accion-Social-Solidaria.jpg 2000w, https:\/\/fundacioncajaruraldelsur.com\/wp-content\/uploads\/2026\/01\/260128.-El-jurado-del-Premio-Accion-Social-Solidaria-300x225.jpg 300w, https:\/\/fundacioncajaruraldelsur.com\/wp-content\/uploads\/2026\/01\/260128.-El-jurado-del-Premio-Accion-Social-Solidaria-1024x768.jpg 1024w, https:\/\/fundacioncajaruraldelsur.com\/wp-content\/uploads\/2026\/01\/260128.-El-jurado-del-Premio-Accion-Social-Solidaria-768x576.jpg 768w, https:\/\/fundacioncajaruraldelsur.com\/wp-content\/uploads\/2026\/01\/260128.-El-jurado-del-Premio-Accion-Social-Solidaria-1536x1152.jpg 1536w, https:\/\/fundacioncajaruraldelsur.com\/wp-content\/uploads\/2026\/01\/260128.-El-jurado-del-Premio-Accion-Social-Solidaria-16x12.jpg 16w\" sizes=\"auto, (max-width: 2000px) 100vw, 2000px\" \/><\/a><\/p>","protected":false},"excerpt":{"rendered":"<p>Los miembros de los distintos jurados, tras la reuni\u00f3n celebrada, han dado a conocer los premios \u2018Ricardo L\u00f3pez Crespo\u2019 de Fundaci\u00f3n Caja Rural del Sur en su XV edici\u00f3n, en [&hellip;]<\/p>\n","protected":false},"author":6,"featured_media":12136,"comment_status":"closed","ping_status":"closed","sticky":false,"template":"","format":"standard","meta":{"footnotes":""},"categories":[64],"tags":[],"class_list":["post-12133","post","type-post","status-publish","format-standard","has-post-thumbnail","hentry","category-premios"],"yoast_head":"<!-- This site is optimized with the Yoast SEO plugin v27.3 - https:\/\/yoast.com\/product\/yoast-seo-wordpress\/ -->\n<title>Fallados los XV Premios \u2018Ricardo L\u00f3pez Crespo\u2019 de la Fundaci\u00f3n Caja Rural del Sur - Fundaci\u00f3n Caja Rural del Sur<\/title>\n<meta name=\"robots\" content=\"index, follow, max-snippet:-1, max-image-preview:large, max-video-preview:-1\" \/>\n<link rel=\"canonical\" href=\"https:\/\/fundacioncajaruraldelsur.com\/pt\/fallados-los-xv-premios-ricardo-lopez-crespo-de-la-fundacion-caja-rural-del-sur\/\" \/>\n<meta property=\"og:locale\" content=\"pt_PT\" \/>\n<meta property=\"og:type\" content=\"article\" \/>\n<meta property=\"og:title\" content=\"Fallados los XV Premios \u2018Ricardo L\u00f3pez Crespo\u2019 de la Fundaci\u00f3n Caja Rural del Sur - Fundaci\u00f3n Caja Rural del Sur\" \/>\n<meta property=\"og:description\" content=\"Los miembros de los distintos jurados, tras la reuni\u00f3n celebrada, han dado a conocer los premios \u2018Ricardo L\u00f3pez Crespo\u2019 de Fundaci\u00f3n Caja Rural del Sur en su XV edici\u00f3n, en [&hellip;]\" \/>\n<meta property=\"og:url\" content=\"https:\/\/fundacioncajaruraldelsur.com\/pt\/fallados-los-xv-premios-ricardo-lopez-crespo-de-la-fundacion-caja-rural-del-sur\/\" \/>\n<meta property=\"og:site_name\" content=\"Fundaci\u00f3n Caja Rural del Sur\" \/>\n<meta property=\"article:published_time\" content=\"2026-01-28T15:20:45+00:00\" \/>\n<meta property=\"og:image\" content=\"https:\/\/fundacioncajaruraldelsur.com\/wp-content\/uploads\/2026\/01\/260128.-Miembros-del-jurado-del-Premio-Iniciativas-Empresariales-promovidas-por-Jovenes-Emprendedores-scaled.jpg\" \/>\n\t<meta property=\"og:image:width\" content=\"2560\" \/>\n\t<meta property=\"og:image:height\" content=\"1852\" \/>\n\t<meta property=\"og:image:type\" content=\"image\/jpeg\" \/>\n<meta name=\"author\" content=\"Comunicaci\u00f3n\" \/>\n<meta name=\"twitter:card\" content=\"summary_large_image\" \/>\n<meta name=\"twitter:label1\" content=\"Written by\" \/>\n\t<meta name=\"twitter:data1\" content=\"Comunicaci\u00f3n\" \/>\n\t<meta name=\"twitter:label2\" content=\"Est. reading time\" \/>\n\t<meta name=\"twitter:data2\" content=\"4 minutes\" \/>\n<script type=\"application\/ld+json\" class=\"yoast-schema-graph\">{\"@context\":\"https:\\\/\\\/schema.org\",\"@graph\":[{\"@type\":\"Article\",\"@id\":\"https:\\\/\\\/fundacioncajaruraldelsur.com\\\/fallados-los-xv-premios-ricardo-lopez-crespo-de-la-fundacion-caja-rural-del-sur\\\/#article\",\"isPartOf\":{\"@id\":\"https:\\\/\\\/fundacioncajaruraldelsur.com\\\/fallados-los-xv-premios-ricardo-lopez-crespo-de-la-fundacion-caja-rural-del-sur\\\/\"},\"author\":{\"name\":\"Comunicaci\u00f3n\",\"@id\":\"https:\\\/\\\/fundacioncajaruraldelsur.com\\\/#\\\/schema\\\/person\\\/f430da9fb783d505ff061ad8b3d44577\"},\"headline\":\"Fallados los XV Premios \u2018Ricardo L\u00f3pez Crespo\u2019 de la Fundaci\u00f3n Caja Rural del Sur\",\"datePublished\":\"2026-01-28T15:20:45+00:00\",\"mainEntityOfPage\":{\"@id\":\"https:\\\/\\\/fundacioncajaruraldelsur.com\\\/fallados-los-xv-premios-ricardo-lopez-crespo-de-la-fundacion-caja-rural-del-sur\\\/\"},\"wordCount\":760,\"image\":{\"@id\":\"https:\\\/\\\/fundacioncajaruraldelsur.com\\\/fallados-los-xv-premios-ricardo-lopez-crespo-de-la-fundacion-caja-rural-del-sur\\\/#primaryimage\"},\"thumbnailUrl\":\"https:\\\/\\\/fundacioncajaruraldelsur.com\\\/wp-content\\\/uploads\\\/2026\\\/01\\\/260128.-Miembros-del-jurado-del-Premio-Iniciativas-Empresariales-promovidas-por-Jovenes-Emprendedores-scaled.jpg\",\"articleSection\":[\"Premios\"],\"inLanguage\":\"pt-PT\"},{\"@type\":\"WebPage\",\"@id\":\"https:\\\/\\\/fundacioncajaruraldelsur.com\\\/fallados-los-xv-premios-ricardo-lopez-crespo-de-la-fundacion-caja-rural-del-sur\\\/\",\"url\":\"https:\\\/\\\/fundacioncajaruraldelsur.com\\\/fallados-los-xv-premios-ricardo-lopez-crespo-de-la-fundacion-caja-rural-del-sur\\\/\",\"name\":\"Fallados los XV Premios \u2018Ricardo L\u00f3pez Crespo\u2019 de la Fundaci\u00f3n Caja Rural del Sur - Fundaci\u00f3n Caja Rural del Sur\",\"isPartOf\":{\"@id\":\"https:\\\/\\\/fundacioncajaruraldelsur.com\\\/#website\"},\"primaryImageOfPage\":{\"@id\":\"https:\\\/\\\/fundacioncajaruraldelsur.com\\\/fallados-los-xv-premios-ricardo-lopez-crespo-de-la-fundacion-caja-rural-del-sur\\\/#primaryimage\"},\"image\":{\"@id\":\"https:\\\/\\\/fundacioncajaruraldelsur.com\\\/fallados-los-xv-premios-ricardo-lopez-crespo-de-la-fundacion-caja-rural-del-sur\\\/#primaryimage\"},\"thumbnailUrl\":\"https:\\\/\\\/fundacioncajaruraldelsur.com\\\/wp-content\\\/uploads\\\/2026\\\/01\\\/260128.-Miembros-del-jurado-del-Premio-Iniciativas-Empresariales-promovidas-por-Jovenes-Emprendedores-scaled.jpg\",\"datePublished\":\"2026-01-28T15:20:45+00:00\",\"author\":{\"@id\":\"https:\\\/\\\/fundacioncajaruraldelsur.com\\\/#\\\/schema\\\/person\\\/f430da9fb783d505ff061ad8b3d44577\"},\"breadcrumb\":{\"@id\":\"https:\\\/\\\/fundacioncajaruraldelsur.com\\\/fallados-los-xv-premios-ricardo-lopez-crespo-de-la-fundacion-caja-rural-del-sur\\\/#breadcrumb\"},\"inLanguage\":\"pt-PT\",\"potentialAction\":[{\"@type\":\"ReadAction\",\"target\":[\"https:\\\/\\\/fundacioncajaruraldelsur.com\\\/fallados-los-xv-premios-ricardo-lopez-crespo-de-la-fundacion-caja-rural-del-sur\\\/\"]}]},{\"@type\":\"ImageObject\",\"inLanguage\":\"pt-PT\",\"@id\":\"https:\\\/\\\/fundacioncajaruraldelsur.com\\\/fallados-los-xv-premios-ricardo-lopez-crespo-de-la-fundacion-caja-rural-del-sur\\\/#primaryimage\",\"url\":\"https:\\\/\\\/fundacioncajaruraldelsur.com\\\/wp-content\\\/uploads\\\/2026\\\/01\\\/260128.-Miembros-del-jurado-del-Premio-Iniciativas-Empresariales-promovidas-por-Jovenes-Emprendedores-scaled.jpg\",\"contentUrl\":\"https:\\\/\\\/fundacioncajaruraldelsur.com\\\/wp-content\\\/uploads\\\/2026\\\/01\\\/260128.-Miembros-del-jurado-del-Premio-Iniciativas-Empresariales-promovidas-por-Jovenes-Emprendedores-scaled.jpg\",\"width\":2560,\"height\":1852},{\"@type\":\"BreadcrumbList\",\"@id\":\"https:\\\/\\\/fundacioncajaruraldelsur.com\\\/fallados-los-xv-premios-ricardo-lopez-crespo-de-la-fundacion-caja-rural-del-sur\\\/#breadcrumb\",\"itemListElement\":[{\"@type\":\"ListItem\",\"position\":1,\"name\":\"Portada\",\"item\":\"https:\\\/\\\/fundacioncajaruraldelsur.com\\\/\"},{\"@type\":\"ListItem\",\"position\":2,\"name\":\"Fallados los XV Premios \u2018Ricardo L\u00f3pez Crespo\u2019 de la Fundaci\u00f3n Caja Rural del Sur\"}]},{\"@type\":\"WebSite\",\"@id\":\"https:\\\/\\\/fundacioncajaruraldelsur.com\\\/#website\",\"url\":\"https:\\\/\\\/fundacioncajaruraldelsur.com\\\/\",\"name\":\"Fundaci\u00f3n Caja Rural del Sur\",\"description\":\"\",\"potentialAction\":[{\"@type\":\"SearchAction\",\"target\":{\"@type\":\"EntryPoint\",\"urlTemplate\":\"https:\\\/\\\/fundacioncajaruraldelsur.com\\\/?s={search_term_string}\"},\"query-input\":{\"@type\":\"PropertyValueSpecification\",\"valueRequired\":true,\"valueName\":\"search_term_string\"}}],\"inLanguage\":\"pt-PT\"},{\"@type\":\"Person\",\"@id\":\"https:\\\/\\\/fundacioncajaruraldelsur.com\\\/#\\\/schema\\\/person\\\/f430da9fb783d505ff061ad8b3d44577\",\"name\":\"Comunicaci\u00f3n\",\"image\":{\"@type\":\"ImageObject\",\"inLanguage\":\"pt-PT\",\"@id\":\"https:\\\/\\\/secure.gravatar.com\\\/avatar\\\/0dca239875993680bac4603ad2de7942da018f52cc3a244578e0b3b09314a8d8?s=96&d=blank&r=g\",\"url\":\"https:\\\/\\\/secure.gravatar.com\\\/avatar\\\/0dca239875993680bac4603ad2de7942da018f52cc3a244578e0b3b09314a8d8?s=96&d=blank&r=g\",\"contentUrl\":\"https:\\\/\\\/secure.gravatar.com\\\/avatar\\\/0dca239875993680bac4603ad2de7942da018f52cc3a244578e0b3b09314a8d8?s=96&d=blank&r=g\",\"caption\":\"Comunicaci\u00f3n\"}}]}<\/script>\n<!-- \/ Yoast SEO plugin. -->","yoast_head_json":{"title":"Fallados los XV Premios \u2018Ricardo L\u00f3pez Crespo\u2019 de la Fundaci\u00f3n Caja Rural del Sur - Fundaci\u00f3n Caja Rural del Sur","robots":{"index":"index","follow":"follow","max-snippet":"max-snippet:-1","max-image-preview":"max-image-preview:large","max-video-preview":"max-video-preview:-1"},"canonical":"https:\/\/fundacioncajaruraldelsur.com\/pt\/fallados-los-xv-premios-ricardo-lopez-crespo-de-la-fundacion-caja-rural-del-sur\/","og_locale":"pt_PT","og_type":"article","og_title":"Fallados los XV Premios \u2018Ricardo L\u00f3pez Crespo\u2019 de la Fundaci\u00f3n Caja Rural del Sur - Fundaci\u00f3n Caja Rural del Sur","og_description":"Los miembros de los distintos jurados, tras la reuni\u00f3n celebrada, han dado a conocer los premios \u2018Ricardo L\u00f3pez Crespo\u2019 de Fundaci\u00f3n Caja Rural del Sur en su XV edici\u00f3n, en [&hellip;]","og_url":"https:\/\/fundacioncajaruraldelsur.com\/pt\/fallados-los-xv-premios-ricardo-lopez-crespo-de-la-fundacion-caja-rural-del-sur\/","og_site_name":"Fundaci\u00f3n Caja Rural del Sur","article_published_time":"2026-01-28T15:20:45+00:00","og_image":[{"width":2560,"height":1852,"url":"https:\/\/fundacioncajaruraldelsur.com\/wp-content\/uploads\/2026\/01\/260128.-Miembros-del-jurado-del-Premio-Iniciativas-Empresariales-promovidas-por-Jovenes-Emprendedores-scaled.jpg","type":"image\/jpeg"}],"author":"Comunicaci\u00f3n","twitter_card":"summary_large_image","twitter_misc":{"Written by":"Comunicaci\u00f3n","Est. reading time":"4 minutes"},"schema":{"@context":"https:\/\/schema.org","@graph":[{"@type":"Article","@id":"https:\/\/fundacioncajaruraldelsur.com\/fallados-los-xv-premios-ricardo-lopez-crespo-de-la-fundacion-caja-rural-del-sur\/#article","isPartOf":{"@id":"https:\/\/fundacioncajaruraldelsur.com\/fallados-los-xv-premios-ricardo-lopez-crespo-de-la-fundacion-caja-rural-del-sur\/"},"author":{"name":"Comunicaci\u00f3n","@id":"https:\/\/fundacioncajaruraldelsur.com\/#\/schema\/person\/f430da9fb783d505ff061ad8b3d44577"},"headline":"Fallados los XV Premios \u2018Ricardo L\u00f3pez Crespo\u2019 de la Fundaci\u00f3n Caja Rural del Sur","datePublished":"2026-01-28T15:20:45+00:00","mainEntityOfPage":{"@id":"https:\/\/fundacioncajaruraldelsur.com\/fallados-los-xv-premios-ricardo-lopez-crespo-de-la-fundacion-caja-rural-del-sur\/"},"wordCount":760,"image":{"@id":"https:\/\/fundacioncajaruraldelsur.com\/fallados-los-xv-premios-ricardo-lopez-crespo-de-la-fundacion-caja-rural-del-sur\/#primaryimage"},"thumbnailUrl":"https:\/\/fundacioncajaruraldelsur.com\/wp-content\/uploads\/2026\/01\/260128.-Miembros-del-jurado-del-Premio-Iniciativas-Empresariales-promovidas-por-Jovenes-Emprendedores-scaled.jpg","articleSection":["Premios"],"inLanguage":"pt-PT"},{"@type":"WebPage","@id":"https:\/\/fundacioncajaruraldelsur.com\/fallados-los-xv-premios-ricardo-lopez-crespo-de-la-fundacion-caja-rural-del-sur\/","url":"https:\/\/fundacioncajaruraldelsur.com\/fallados-los-xv-premios-ricardo-lopez-crespo-de-la-fundacion-caja-rural-del-sur\/","name":"Fallados los XV Premios \u2018Ricardo L\u00f3pez Crespo\u2019 de la Fundaci\u00f3n Caja Rural del Sur - Fundaci\u00f3n Caja Rural del Sur","isPartOf":{"@id":"https:\/\/fundacioncajaruraldelsur.com\/#website"},"primaryImageOfPage":{"@id":"https:\/\/fundacioncajaruraldelsur.com\/fallados-los-xv-premios-ricardo-lopez-crespo-de-la-fundacion-caja-rural-del-sur\/#primaryimage"},"image":{"@id":"https:\/\/fundacioncajaruraldelsur.com\/fallados-los-xv-premios-ricardo-lopez-crespo-de-la-fundacion-caja-rural-del-sur\/#primaryimage"},"thumbnailUrl":"https:\/\/fundacioncajaruraldelsur.com\/wp-content\/uploads\/2026\/01\/260128.-Miembros-del-jurado-del-Premio-Iniciativas-Empresariales-promovidas-por-Jovenes-Emprendedores-scaled.jpg","datePublished":"2026-01-28T15:20:45+00:00","author":{"@id":"https:\/\/fundacioncajaruraldelsur.com\/#\/schema\/person\/f430da9fb783d505ff061ad8b3d44577"},"breadcrumb":{"@id":"https:\/\/fundacioncajaruraldelsur.com\/fallados-los-xv-premios-ricardo-lopez-crespo-de-la-fundacion-caja-rural-del-sur\/#breadcrumb"},"inLanguage":"pt-PT","potentialAction":[{"@type":"ReadAction","target":["https:\/\/fundacioncajaruraldelsur.com\/fallados-los-xv-premios-ricardo-lopez-crespo-de-la-fundacion-caja-rural-del-sur\/"]}]},{"@type":"ImageObject","inLanguage":"pt-PT","@id":"https:\/\/fundacioncajaruraldelsur.com\/fallados-los-xv-premios-ricardo-lopez-crespo-de-la-fundacion-caja-rural-del-sur\/#primaryimage","url":"https:\/\/fundacioncajaruraldelsur.com\/wp-content\/uploads\/2026\/01\/260128.-Miembros-del-jurado-del-Premio-Iniciativas-Empresariales-promovidas-por-Jovenes-Emprendedores-scaled.jpg","contentUrl":"https:\/\/fundacioncajaruraldelsur.com\/wp-content\/uploads\/2026\/01\/260128.-Miembros-del-jurado-del-Premio-Iniciativas-Empresariales-promovidas-por-Jovenes-Emprendedores-scaled.jpg","width":2560,"height":1852},{"@type":"BreadcrumbList","@id":"https:\/\/fundacioncajaruraldelsur.com\/fallados-los-xv-premios-ricardo-lopez-crespo-de-la-fundacion-caja-rural-del-sur\/#breadcrumb","itemListElement":[{"@type":"ListItem","position":1,"name":"Portada","item":"https:\/\/fundacioncajaruraldelsur.com\/"},{"@type":"ListItem","position":2,"name":"Fallados los XV Premios \u2018Ricardo L\u00f3pez Crespo\u2019 de la Fundaci\u00f3n Caja Rural del Sur"}]},{"@type":"WebSite","@id":"https:\/\/fundacioncajaruraldelsur.com\/#website","url":"https:\/\/fundacioncajaruraldelsur.com\/","name":"Funda\u00e7\u00e3o Caja Rural del Sur","description":"","potentialAction":[{"@type":"SearchAction","target":{"@type":"EntryPoint","urlTemplate":"https:\/\/fundacioncajaruraldelsur.com\/?s={search_term_string}"},"query-input":{"@type":"PropertyValueSpecification","valueRequired":true,"valueName":"search_term_string"}}],"inLanguage":"pt-PT"},{"@type":"Person","@id":"https:\/\/fundacioncajaruraldelsur.com\/#\/schema\/person\/f430da9fb783d505ff061ad8b3d44577","name":"Comunicaci\u00f3n","image":{"@type":"ImageObject","inLanguage":"pt-PT","@id":"https:\/\/secure.gravatar.com\/avatar\/0dca239875993680bac4603ad2de7942da018f52cc3a244578e0b3b09314a8d8?s=96&d=blank&r=g","url":"https:\/\/secure.gravatar.com\/avatar\/0dca239875993680bac4603ad2de7942da018f52cc3a244578e0b3b09314a8d8?s=96&d=blank&r=g","contentUrl":"https:\/\/secure.gravatar.com\/avatar\/0dca239875993680bac4603ad2de7942da018f52cc3a244578e0b3b09314a8d8?s=96&d=blank&r=g","caption":"Comunicaci\u00f3n"}}]}},"rttpg_featured_image_url":{"full":["https:\/\/fundacioncajaruraldelsur.com\/wp-content\/uploads\/2026\/01\/260128.-Miembros-del-jurado-del-Premio-Iniciativas-Empresariales-promovidas-por-Jovenes-Emprendedores-scaled.jpg",2560,1852,false],"landscape":["https:\/\/fundacioncajaruraldelsur.com\/wp-content\/uploads\/2026\/01\/260128.-Miembros-del-jurado-del-Premio-Iniciativas-Empresariales-promovidas-por-Jovenes-Emprendedores-scaled.jpg",2560,1852,false],"portraits":["https:\/\/fundacioncajaruraldelsur.com\/wp-content\/uploads\/2026\/01\/260128.-Miembros-del-jurado-del-Premio-Iniciativas-Empresariales-promovidas-por-Jovenes-Emprendedores-scaled.jpg",2560,1852,false],"thumbnail":["https:\/\/fundacioncajaruraldelsur.com\/wp-content\/uploads\/2026\/01\/260128.-Miembros-del-jurado-del-Premio-Iniciativas-Empresariales-promovidas-por-Jovenes-Emprendedores-150x150.jpg",150,150,true],"medium":["https:\/\/fundacioncajaruraldelsur.com\/wp-content\/uploads\/2026\/01\/260128.-Miembros-del-jurado-del-Premio-Iniciativas-Empresariales-promovidas-por-Jovenes-Emprendedores-300x217.jpg",300,217,true],"large":["https:\/\/fundacioncajaruraldelsur.com\/wp-content\/uploads\/2026\/01\/260128.-Miembros-del-jurado-del-Premio-Iniciativas-Empresariales-promovidas-por-Jovenes-Emprendedores-1024x741.jpg",960,695,true],"1536x1536":["https:\/\/fundacioncajaruraldelsur.com\/wp-content\/uploads\/2026\/01\/260128.-Miembros-del-jurado-del-Premio-Iniciativas-Empresariales-promovidas-por-Jovenes-Emprendedores-1536x1111.jpg",1536,1111,true],"2048x2048":["https:\/\/fundacioncajaruraldelsur.com\/wp-content\/uploads\/2026\/01\/260128.-Miembros-del-jurado-del-Premio-Iniciativas-Empresariales-promovidas-por-Jovenes-Emprendedores-2048x1482.jpg",2048,1482,true],"trp-custom-language-flag":["https:\/\/fundacioncajaruraldelsur.com\/wp-content\/uploads\/2026\/01\/260128.-Miembros-del-jurado-del-Premio-Iniciativas-Empresariales-promovidas-por-Jovenes-Emprendedores-18x12.jpg",18,12,true],"blog-thumbnail":["https:\/\/fundacioncajaruraldelsur.com\/wp-content\/uploads\/2026\/01\/260128.-Miembros-del-jurado-del-Premio-Iniciativas-Empresariales-promovidas-por-Jovenes-Emprendedores-400x200.jpg",400,200,true]},"rttpg_author":{"display_name":"Comunicaci\u00f3n","author_link":"https:\/\/fundacioncajaruraldelsur.com\/pt\/author\/sevillaadmin\/"},"rttpg_comment":0,"rttpg_category":"<a href=\"https:\/\/fundacioncajaruraldelsur.com\/pt\/category\/premios\/\" rel=\"category tag\">Premios<\/a>","rttpg_excerpt":"Los miembros de los distintos jurados, tras la reuni\u00f3n celebrada, han dado a conocer los premios \u2018Ricardo L\u00f3pez Crespo\u2019 de Fundaci\u00f3n Caja Rural del Sur en su XV edici\u00f3n, en [&hellip;]","_links":{"self":[{"href":"https:\/\/fundacioncajaruraldelsur.com\/pt\/wp-json\/wp\/v2\/posts\/12133","targetHints":{"allow":["GET"]}}],"collection":[{"href":"https:\/\/fundacioncajaruraldelsur.com\/pt\/wp-json\/wp\/v2\/posts"}],"about":[{"href":"https:\/\/fundacioncajaruraldelsur.com\/pt\/wp-json\/wp\/v2\/types\/post"}],"author":[{"embeddable":true,"href":"https:\/\/fundacioncajaruraldelsur.com\/pt\/wp-json\/wp\/v2\/users\/6"}],"replies":[{"embeddable":true,"href":"https:\/\/fundacioncajaruraldelsur.com\/pt\/wp-json\/wp\/v2\/comments?post=12133"}],"version-history":[{"count":1,"href":"https:\/\/fundacioncajaruraldelsur.com\/pt\/wp-json\/wp\/v2\/posts\/12133\/revisions"}],"predecessor-version":[{"id":12137,"href":"https:\/\/fundacioncajaruraldelsur.com\/pt\/wp-json\/wp\/v2\/posts\/12133\/revisions\/12137"}],"wp:featuredmedia":[{"embeddable":true,"href":"https:\/\/fundacioncajaruraldelsur.com\/pt\/wp-json\/wp\/v2\/media\/12136"}],"wp:attachment":[{"href":"https:\/\/fundacioncajaruraldelsur.com\/pt\/wp-json\/wp\/v2\/media?parent=12133"}],"wp:term":[{"taxonomy":"category","embeddable":true,"href":"https:\/\/fundacioncajaruraldelsur.com\/pt\/wp-json\/wp\/v2\/categories?post=12133"},{"taxonomy":"post_tag","embeddable":true,"href":"https:\/\/fundacioncajaruraldelsur.com\/pt\/wp-json\/wp\/v2\/tags?post=12133"}],"curies":[{"name":"wp","href":"https:\/\/api.w.org\/{rel}","templated":true}]}}