{"id":11827,"date":"2026-01-02T12:34:05","date_gmt":"2026-01-02T11:34:05","guid":{"rendered":"https:\/\/fundacioncajaruraldelsur.com\/?p=11827"},"modified":"2026-01-02T12:34:05","modified_gmt":"2026-01-02T11:34:05","slug":"la-fundacion-caja-rural-del-sur-y-la-fundacion-grupo-azvi-renuevan-su-convenio-de-colaboracion-social-y-educativa","status":"publish","type":"post","link":"https:\/\/fundacioncajaruraldelsur.com\/pt\/la-fundacion-caja-rural-del-sur-y-la-fundacion-grupo-azvi-renuevan-su-convenio-de-colaboracion-social-y-educativa\/","title":{"rendered":"La Fundaci\u00f3n Caja Rural del Sur y la Fundaci\u00f3n Grupo Azvi renuevan su convenio de colaboraci\u00f3n social y educativa"},"content":{"rendered":"<p>La Fundaci\u00f3n Caja Rural del Sur y la Fundaci\u00f3n Grupo Azvi han renovado su convenio de colaboraci\u00f3n, consolidando una alianza estrat\u00e9gica centrada en la promoci\u00f3n social, educativa y territorial en Andaluc\u00eda. El acuerdo ha sido firmado por Manuel Contreras, presidente de la Fundaci\u00f3n Grupo Azvi, y Jos\u00e9 Luis Garc\u00eda-Palacios, presidente de Fundaci\u00f3n Caja Rural del Sur.Acompa\u00f1\u00f3 en la firma Pilar Kraan, Directora de la Fundaci\u00f3n AZVI.<\/p>\n<p>Ambas entidades mantienen desde hace a\u00f1os una cooperaci\u00f3n estable orientada a impulsar iniciativas con un alto impacto social, especialmente dirigidas a la protecci\u00f3n de la infancia vulnerable y a la mejora del bienestar comunitario. La renovaci\u00f3n de este convenio refuerza ese compromiso y ampl\u00eda las l\u00edneas de actuaci\u00f3n conjunta.<\/p>\n<p>Las dos fundaciones desarrollan de manera conjunta el Programa CRECER, una iniciativa de apoyo psicoeducativo y terap\u00e9utico dirigida a menores en riesgo y j\u00f3venes en centros de acogida, para el refuerzo educativo y el fortalecimiento de la autoestima, proporcionando herramientas clave para su desarrollo integral.<\/p>\n<p>En su apuesta por el talento y la capacitaci\u00f3n profesional, ambas entidades mantienen acuerdos de formaci\u00f3n como la beca HABECU, orientada a estudios de posgrado y desarrollada en colaboraci\u00f3n con la Guardia Civil. Estas iniciativas facilitan oportunidades de especializaci\u00f3n y contribuyen a la mejora de la empleabilidad en el entorno andaluz.<\/p>\n<p>Adem\u00e1s, como parte de su visi\u00f3n de impulso econ\u00f3mico y territorial, las fundaciones participan junto con otros socios en la sociedad promotora del futuro aeropuerto Crist\u00f3bal Col\u00f3n en Huelva, un proyecto concebido como motor de crecimiento para la provincia y para la regi\u00f3n.<\/p>\n<p>De este modo, la colaboraci\u00f3n de Caja Rural del Sur con la Fundaci\u00f3n Grupo Azvi permite implementar iniciativas conjuntas vinculadas a sostenibilidad, integraci\u00f3n social y desarrollo responsable.<\/p>\n<p><a href=\"https:\/\/fundacioncajaruraldelsur.com\/wp-content\/uploads\/2026\/01\/Firma-convenio-CRSUR-y-Fundacion-AZVI-2.jpg\" rel=\"lightbox-0\"><img loading=\"lazy\" decoding=\"async\" class=\"wp-image-11828 size-full aligncenter\" src=\"https:\/\/fundacioncajaruraldelsur.com\/wp-content\/uploads\/2026\/01\/Firma-convenio-CRSUR-y-Fundacion-AZVI-2.jpg\" alt=\"\" width=\"682\" height=\"622\" srcset=\"https:\/\/fundacioncajaruraldelsur.com\/wp-content\/uploads\/2026\/01\/Firma-convenio-CRSUR-y-Fundacion-AZVI-2.jpg 682w, https:\/\/fundacioncajaruraldelsur.com\/wp-content\/uploads\/2026\/01\/Firma-convenio-CRSUR-y-Fundacion-AZVI-2-300x274.jpg 300w\" sizes=\"auto, (max-width: 682px) 100vw, 682px\" \/><\/a><\/p>","protected":false},"excerpt":{"rendered":"<p>La Fundaci\u00f3n Caja Rural del Sur y la Fundaci\u00f3n Grupo Azvi han renovado su convenio de colaboraci\u00f3n, consolidando una alianza estrat\u00e9gica centrada en la promoci\u00f3n social, educativa y territorial en [&hellip;]<\/p>\n","protected":false},"author":6,"featured_media":11829,"comment_status":"closed","ping_status":"closed","sticky":false,"template":"","format":"standard","meta":{"footnotes":""},"categories":[67],"tags":[],"class_list":["post-11827","post","type-post","status-publish","format-standard","has-post-thumbnail","hentry","category-convenios"],"yoast_head":"<!-- This site is optimized with the Yoast SEO plugin v27.3 - https:\/\/yoast.com\/product\/yoast-seo-wordpress\/ -->\n<title>La Fundaci\u00f3n Caja Rural del Sur y la Fundaci\u00f3n Grupo Azvi renuevan su convenio de colaboraci\u00f3n social y educativa - Fundaci\u00f3n Caja Rural del Sur<\/title>\n<meta name=\"robots\" content=\"index, follow, max-snippet:-1, max-image-preview:large, max-video-preview:-1\" \/>\n<link rel=\"canonical\" href=\"https:\/\/fundacioncajaruraldelsur.com\/pt\/la-fundacion-caja-rural-del-sur-y-la-fundacion-grupo-azvi-renuevan-su-convenio-de-colaboracion-social-y-educativa\/\" \/>\n<meta property=\"og:locale\" content=\"pt_PT\" \/>\n<meta property=\"og:type\" content=\"article\" \/>\n<meta property=\"og:title\" content=\"La Fundaci\u00f3n Caja Rural del Sur y la Fundaci\u00f3n Grupo Azvi renuevan su convenio de colaboraci\u00f3n social y educativa - Fundaci\u00f3n Caja Rural del Sur\" \/>\n<meta property=\"og:description\" content=\"La Fundaci\u00f3n Caja Rural del Sur y la Fundaci\u00f3n Grupo Azvi han renovado su convenio de colaboraci\u00f3n, consolidando una alianza estrat\u00e9gica centrada en la promoci\u00f3n social, educativa y territorial en [&hellip;]\" \/>\n<meta property=\"og:url\" content=\"https:\/\/fundacioncajaruraldelsur.com\/pt\/la-fundacion-caja-rural-del-sur-y-la-fundacion-grupo-azvi-renuevan-su-convenio-de-colaboracion-social-y-educativa\/\" \/>\n<meta property=\"og:site_name\" content=\"Fundaci\u00f3n Caja Rural del Sur\" \/>\n<meta property=\"article:published_time\" content=\"2026-01-02T11:34:05+00:00\" \/>\n<meta property=\"og:image\" content=\"https:\/\/fundacioncajaruraldelsur.com\/wp-content\/uploads\/2026\/01\/Firma-convenio-CRSUR-y-Fundacion-AZVI.jpg\" \/>\n\t<meta property=\"og:image:width\" content=\"1018\" \/>\n\t<meta property=\"og:image:height\" content=\"610\" \/>\n\t<meta property=\"og:image:type\" content=\"image\/jpeg\" \/>\n<meta name=\"author\" content=\"Comunicaci\u00f3n\" \/>\n<meta name=\"twitter:card\" content=\"summary_large_image\" \/>\n<meta name=\"twitter:label1\" content=\"Written by\" \/>\n\t<meta name=\"twitter:data1\" content=\"Comunicaci\u00f3n\" \/>\n\t<meta name=\"twitter:label2\" content=\"Est. reading time\" \/>\n\t<meta name=\"twitter:data2\" content=\"2 minutes\" \/>\n<script type=\"application\/ld+json\" class=\"yoast-schema-graph\">{\"@context\":\"https:\\\/\\\/schema.org\",\"@graph\":[{\"@type\":\"Article\",\"@id\":\"https:\\\/\\\/fundacioncajaruraldelsur.com\\\/la-fundacion-caja-rural-del-sur-y-la-fundacion-grupo-azvi-renuevan-su-convenio-de-colaboracion-social-y-educativa\\\/#article\",\"isPartOf\":{\"@id\":\"https:\\\/\\\/fundacioncajaruraldelsur.com\\\/la-fundacion-caja-rural-del-sur-y-la-fundacion-grupo-azvi-renuevan-su-convenio-de-colaboracion-social-y-educativa\\\/\"},\"author\":{\"name\":\"Comunicaci\u00f3n\",\"@id\":\"https:\\\/\\\/fundacioncajaruraldelsur.com\\\/#\\\/schema\\\/person\\\/f430da9fb783d505ff061ad8b3d44577\"},\"headline\":\"La Fundaci\u00f3n Caja Rural del Sur y la Fundaci\u00f3n Grupo Azvi renuevan su convenio de colaboraci\u00f3n social y educativa\",\"datePublished\":\"2026-01-02T11:34:05+00:00\",\"mainEntityOfPage\":{\"@id\":\"https:\\\/\\\/fundacioncajaruraldelsur.com\\\/la-fundacion-caja-rural-del-sur-y-la-fundacion-grupo-azvi-renuevan-su-convenio-de-colaboracion-social-y-educativa\\\/\"},\"wordCount\":336,\"image\":{\"@id\":\"https:\\\/\\\/fundacioncajaruraldelsur.com\\\/la-fundacion-caja-rural-del-sur-y-la-fundacion-grupo-azvi-renuevan-su-convenio-de-colaboracion-social-y-educativa\\\/#primaryimage\"},\"thumbnailUrl\":\"https:\\\/\\\/fundacioncajaruraldelsur.com\\\/wp-content\\\/uploads\\\/2026\\\/01\\\/Firma-convenio-CRSUR-y-Fundacion-AZVI.jpg\",\"articleSection\":[\"Convenios\"],\"inLanguage\":\"pt-PT\"},{\"@type\":\"WebPage\",\"@id\":\"https:\\\/\\\/fundacioncajaruraldelsur.com\\\/la-fundacion-caja-rural-del-sur-y-la-fundacion-grupo-azvi-renuevan-su-convenio-de-colaboracion-social-y-educativa\\\/\",\"url\":\"https:\\\/\\\/fundacioncajaruraldelsur.com\\\/la-fundacion-caja-rural-del-sur-y-la-fundacion-grupo-azvi-renuevan-su-convenio-de-colaboracion-social-y-educativa\\\/\",\"name\":\"La Fundaci\u00f3n Caja Rural del Sur y la Fundaci\u00f3n Grupo Azvi renuevan su convenio de colaboraci\u00f3n social y educativa - Fundaci\u00f3n Caja Rural del Sur\",\"isPartOf\":{\"@id\":\"https:\\\/\\\/fundacioncajaruraldelsur.com\\\/#website\"},\"primaryImageOfPage\":{\"@id\":\"https:\\\/\\\/fundacioncajaruraldelsur.com\\\/la-fundacion-caja-rural-del-sur-y-la-fundacion-grupo-azvi-renuevan-su-convenio-de-colaboracion-social-y-educativa\\\/#primaryimage\"},\"image\":{\"@id\":\"https:\\\/\\\/fundacioncajaruraldelsur.com\\\/la-fundacion-caja-rural-del-sur-y-la-fundacion-grupo-azvi-renuevan-su-convenio-de-colaboracion-social-y-educativa\\\/#primaryimage\"},\"thumbnailUrl\":\"https:\\\/\\\/fundacioncajaruraldelsur.com\\\/wp-content\\\/uploads\\\/2026\\\/01\\\/Firma-convenio-CRSUR-y-Fundacion-AZVI.jpg\",\"datePublished\":\"2026-01-02T11:34:05+00:00\",\"author\":{\"@id\":\"https:\\\/\\\/fundacioncajaruraldelsur.com\\\/#\\\/schema\\\/person\\\/f430da9fb783d505ff061ad8b3d44577\"},\"breadcrumb\":{\"@id\":\"https:\\\/\\\/fundacioncajaruraldelsur.com\\\/la-fundacion-caja-rural-del-sur-y-la-fundacion-grupo-azvi-renuevan-su-convenio-de-colaboracion-social-y-educativa\\\/#breadcrumb\"},\"inLanguage\":\"pt-PT\",\"potentialAction\":[{\"@type\":\"ReadAction\",\"target\":[\"https:\\\/\\\/fundacioncajaruraldelsur.com\\\/la-fundacion-caja-rural-del-sur-y-la-fundacion-grupo-azvi-renuevan-su-convenio-de-colaboracion-social-y-educativa\\\/\"]}]},{\"@type\":\"ImageObject\",\"inLanguage\":\"pt-PT\",\"@id\":\"https:\\\/\\\/fundacioncajaruraldelsur.com\\\/la-fundacion-caja-rural-del-sur-y-la-fundacion-grupo-azvi-renuevan-su-convenio-de-colaboracion-social-y-educativa\\\/#primaryimage\",\"url\":\"https:\\\/\\\/fundacioncajaruraldelsur.com\\\/wp-content\\\/uploads\\\/2026\\\/01\\\/Firma-convenio-CRSUR-y-Fundacion-AZVI.jpg\",\"contentUrl\":\"https:\\\/\\\/fundacioncajaruraldelsur.com\\\/wp-content\\\/uploads\\\/2026\\\/01\\\/Firma-convenio-CRSUR-y-Fundacion-AZVI.jpg\",\"width\":1018,\"height\":610},{\"@type\":\"BreadcrumbList\",\"@id\":\"https:\\\/\\\/fundacioncajaruraldelsur.com\\\/la-fundacion-caja-rural-del-sur-y-la-fundacion-grupo-azvi-renuevan-su-convenio-de-colaboracion-social-y-educativa\\\/#breadcrumb\",\"itemListElement\":[{\"@type\":\"ListItem\",\"position\":1,\"name\":\"Portada\",\"item\":\"https:\\\/\\\/fundacioncajaruraldelsur.com\\\/\"},{\"@type\":\"ListItem\",\"position\":2,\"name\":\"La Fundaci\u00f3n Caja Rural del Sur y la Fundaci\u00f3n Grupo Azvi renuevan su convenio de colaboraci\u00f3n social y educativa\"}]},{\"@type\":\"WebSite\",\"@id\":\"https:\\\/\\\/fundacioncajaruraldelsur.com\\\/#website\",\"url\":\"https:\\\/\\\/fundacioncajaruraldelsur.com\\\/\",\"name\":\"Fundaci\u00f3n Caja Rural del Sur\",\"description\":\"\",\"potentialAction\":[{\"@type\":\"SearchAction\",\"target\":{\"@type\":\"EntryPoint\",\"urlTemplate\":\"https:\\\/\\\/fundacioncajaruraldelsur.com\\\/?s={search_term_string}\"},\"query-input\":{\"@type\":\"PropertyValueSpecification\",\"valueRequired\":true,\"valueName\":\"search_term_string\"}}],\"inLanguage\":\"pt-PT\"},{\"@type\":\"Person\",\"@id\":\"https:\\\/\\\/fundacioncajaruraldelsur.com\\\/#\\\/schema\\\/person\\\/f430da9fb783d505ff061ad8b3d44577\",\"name\":\"Comunicaci\u00f3n\",\"image\":{\"@type\":\"ImageObject\",\"inLanguage\":\"pt-PT\",\"@id\":\"https:\\\/\\\/secure.gravatar.com\\\/avatar\\\/0dca239875993680bac4603ad2de7942da018f52cc3a244578e0b3b09314a8d8?s=96&d=blank&r=g\",\"url\":\"https:\\\/\\\/secure.gravatar.com\\\/avatar\\\/0dca239875993680bac4603ad2de7942da018f52cc3a244578e0b3b09314a8d8?s=96&d=blank&r=g\",\"contentUrl\":\"https:\\\/\\\/secure.gravatar.com\\\/avatar\\\/0dca239875993680bac4603ad2de7942da018f52cc3a244578e0b3b09314a8d8?s=96&d=blank&r=g\",\"caption\":\"Comunicaci\u00f3n\"}}]}<\/script>\n<!-- \/ Yoast SEO plugin. -->","yoast_head_json":{"title":"La Fundaci\u00f3n Caja Rural del Sur y la Fundaci\u00f3n Grupo Azvi renuevan su convenio de colaboraci\u00f3n social y educativa - Fundaci\u00f3n Caja Rural del Sur","robots":{"index":"index","follow":"follow","max-snippet":"max-snippet:-1","max-image-preview":"max-image-preview:large","max-video-preview":"max-video-preview:-1"},"canonical":"https:\/\/fundacioncajaruraldelsur.com\/pt\/la-fundacion-caja-rural-del-sur-y-la-fundacion-grupo-azvi-renuevan-su-convenio-de-colaboracion-social-y-educativa\/","og_locale":"pt_PT","og_type":"article","og_title":"La Fundaci\u00f3n Caja Rural del Sur y la Fundaci\u00f3n Grupo Azvi renuevan su convenio de colaboraci\u00f3n social y educativa - Fundaci\u00f3n Caja Rural del Sur","og_description":"La Fundaci\u00f3n Caja Rural del Sur y la Fundaci\u00f3n Grupo Azvi han renovado su convenio de colaboraci\u00f3n, consolidando una alianza estrat\u00e9gica centrada en la promoci\u00f3n social, educativa y territorial en [&hellip;]","og_url":"https:\/\/fundacioncajaruraldelsur.com\/pt\/la-fundacion-caja-rural-del-sur-y-la-fundacion-grupo-azvi-renuevan-su-convenio-de-colaboracion-social-y-educativa\/","og_site_name":"Fundaci\u00f3n Caja Rural del Sur","article_published_time":"2026-01-02T11:34:05+00:00","og_image":[{"width":1018,"height":610,"url":"https:\/\/fundacioncajaruraldelsur.com\/wp-content\/uploads\/2026\/01\/Firma-convenio-CRSUR-y-Fundacion-AZVI.jpg","type":"image\/jpeg"}],"author":"Comunicaci\u00f3n","twitter_card":"summary_large_image","twitter_misc":{"Written by":"Comunicaci\u00f3n","Est. reading time":"2 minutes"},"schema":{"@context":"https:\/\/schema.org","@graph":[{"@type":"Article","@id":"https:\/\/fundacioncajaruraldelsur.com\/la-fundacion-caja-rural-del-sur-y-la-fundacion-grupo-azvi-renuevan-su-convenio-de-colaboracion-social-y-educativa\/#article","isPartOf":{"@id":"https:\/\/fundacioncajaruraldelsur.com\/la-fundacion-caja-rural-del-sur-y-la-fundacion-grupo-azvi-renuevan-su-convenio-de-colaboracion-social-y-educativa\/"},"author":{"name":"Comunicaci\u00f3n","@id":"https:\/\/fundacioncajaruraldelsur.com\/#\/schema\/person\/f430da9fb783d505ff061ad8b3d44577"},"headline":"La Fundaci\u00f3n Caja Rural del Sur y la Fundaci\u00f3n Grupo Azvi renuevan su convenio de colaboraci\u00f3n social y educativa","datePublished":"2026-01-02T11:34:05+00:00","mainEntityOfPage":{"@id":"https:\/\/fundacioncajaruraldelsur.com\/la-fundacion-caja-rural-del-sur-y-la-fundacion-grupo-azvi-renuevan-su-convenio-de-colaboracion-social-y-educativa\/"},"wordCount":336,"image":{"@id":"https:\/\/fundacioncajaruraldelsur.com\/la-fundacion-caja-rural-del-sur-y-la-fundacion-grupo-azvi-renuevan-su-convenio-de-colaboracion-social-y-educativa\/#primaryimage"},"thumbnailUrl":"https:\/\/fundacioncajaruraldelsur.com\/wp-content\/uploads\/2026\/01\/Firma-convenio-CRSUR-y-Fundacion-AZVI.jpg","articleSection":["Convenios"],"inLanguage":"pt-PT"},{"@type":"WebPage","@id":"https:\/\/fundacioncajaruraldelsur.com\/la-fundacion-caja-rural-del-sur-y-la-fundacion-grupo-azvi-renuevan-su-convenio-de-colaboracion-social-y-educativa\/","url":"https:\/\/fundacioncajaruraldelsur.com\/la-fundacion-caja-rural-del-sur-y-la-fundacion-grupo-azvi-renuevan-su-convenio-de-colaboracion-social-y-educativa\/","name":"La Fundaci\u00f3n Caja Rural del Sur y la Fundaci\u00f3n Grupo Azvi renuevan su convenio de colaboraci\u00f3n social y educativa - Fundaci\u00f3n Caja Rural del Sur","isPartOf":{"@id":"https:\/\/fundacioncajaruraldelsur.com\/#website"},"primaryImageOfPage":{"@id":"https:\/\/fundacioncajaruraldelsur.com\/la-fundacion-caja-rural-del-sur-y-la-fundacion-grupo-azvi-renuevan-su-convenio-de-colaboracion-social-y-educativa\/#primaryimage"},"image":{"@id":"https:\/\/fundacioncajaruraldelsur.com\/la-fundacion-caja-rural-del-sur-y-la-fundacion-grupo-azvi-renuevan-su-convenio-de-colaboracion-social-y-educativa\/#primaryimage"},"thumbnailUrl":"https:\/\/fundacioncajaruraldelsur.com\/wp-content\/uploads\/2026\/01\/Firma-convenio-CRSUR-y-Fundacion-AZVI.jpg","datePublished":"2026-01-02T11:34:05+00:00","author":{"@id":"https:\/\/fundacioncajaruraldelsur.com\/#\/schema\/person\/f430da9fb783d505ff061ad8b3d44577"},"breadcrumb":{"@id":"https:\/\/fundacioncajaruraldelsur.com\/la-fundacion-caja-rural-del-sur-y-la-fundacion-grupo-azvi-renuevan-su-convenio-de-colaboracion-social-y-educativa\/#breadcrumb"},"inLanguage":"pt-PT","potentialAction":[{"@type":"ReadAction","target":["https:\/\/fundacioncajaruraldelsur.com\/la-fundacion-caja-rural-del-sur-y-la-fundacion-grupo-azvi-renuevan-su-convenio-de-colaboracion-social-y-educativa\/"]}]},{"@type":"ImageObject","inLanguage":"pt-PT","@id":"https:\/\/fundacioncajaruraldelsur.com\/la-fundacion-caja-rural-del-sur-y-la-fundacion-grupo-azvi-renuevan-su-convenio-de-colaboracion-social-y-educativa\/#primaryimage","url":"https:\/\/fundacioncajaruraldelsur.com\/wp-content\/uploads\/2026\/01\/Firma-convenio-CRSUR-y-Fundacion-AZVI.jpg","contentUrl":"https:\/\/fundacioncajaruraldelsur.com\/wp-content\/uploads\/2026\/01\/Firma-convenio-CRSUR-y-Fundacion-AZVI.jpg","width":1018,"height":610},{"@type":"BreadcrumbList","@id":"https:\/\/fundacioncajaruraldelsur.com\/la-fundacion-caja-rural-del-sur-y-la-fundacion-grupo-azvi-renuevan-su-convenio-de-colaboracion-social-y-educativa\/#breadcrumb","itemListElement":[{"@type":"ListItem","position":1,"name":"Portada","item":"https:\/\/fundacioncajaruraldelsur.com\/"},{"@type":"ListItem","position":2,"name":"La Fundaci\u00f3n Caja Rural del Sur y la Fundaci\u00f3n Grupo Azvi renuevan su convenio de colaboraci\u00f3n social y educativa"}]},{"@type":"WebSite","@id":"https:\/\/fundacioncajaruraldelsur.com\/#website","url":"https:\/\/fundacioncajaruraldelsur.com\/","name":"Funda\u00e7\u00e3o Caja Rural del Sur","description":"","potentialAction":[{"@type":"SearchAction","target":{"@type":"EntryPoint","urlTemplate":"https:\/\/fundacioncajaruraldelsur.com\/?s={search_term_string}"},"query-input":{"@type":"PropertyValueSpecification","valueRequired":true,"valueName":"search_term_string"}}],"inLanguage":"pt-PT"},{"@type":"Person","@id":"https:\/\/fundacioncajaruraldelsur.com\/#\/schema\/person\/f430da9fb783d505ff061ad8b3d44577","name":"Comunicaci\u00f3n","image":{"@type":"ImageObject","inLanguage":"pt-PT","@id":"https:\/\/secure.gravatar.com\/avatar\/0dca239875993680bac4603ad2de7942da018f52cc3a244578e0b3b09314a8d8?s=96&d=blank&r=g","url":"https:\/\/secure.gravatar.com\/avatar\/0dca239875993680bac4603ad2de7942da018f52cc3a244578e0b3b09314a8d8?s=96&d=blank&r=g","contentUrl":"https:\/\/secure.gravatar.com\/avatar\/0dca239875993680bac4603ad2de7942da018f52cc3a244578e0b3b09314a8d8?s=96&d=blank&r=g","caption":"Comunicaci\u00f3n"}}]}},"rttpg_featured_image_url":{"full":["https:\/\/fundacioncajaruraldelsur.com\/wp-content\/uploads\/2026\/01\/Firma-convenio-CRSUR-y-Fundacion-AZVI.jpg",1018,610,false],"landscape":["https:\/\/fundacioncajaruraldelsur.com\/wp-content\/uploads\/2026\/01\/Firma-convenio-CRSUR-y-Fundacion-AZVI.jpg",1018,610,false],"portraits":["https:\/\/fundacioncajaruraldelsur.com\/wp-content\/uploads\/2026\/01\/Firma-convenio-CRSUR-y-Fundacion-AZVI.jpg",1018,610,false],"thumbnail":["https:\/\/fundacioncajaruraldelsur.com\/wp-content\/uploads\/2026\/01\/Firma-convenio-CRSUR-y-Fundacion-AZVI-150x150.jpg",150,150,true],"medium":["https:\/\/fundacioncajaruraldelsur.com\/wp-content\/uploads\/2026\/01\/Firma-convenio-CRSUR-y-Fundacion-AZVI-300x180.jpg",300,180,true],"large":["https:\/\/fundacioncajaruraldelsur.com\/wp-content\/uploads\/2026\/01\/Firma-convenio-CRSUR-y-Fundacion-AZVI.jpg",960,575,false],"1536x1536":["https:\/\/fundacioncajaruraldelsur.com\/wp-content\/uploads\/2026\/01\/Firma-convenio-CRSUR-y-Fundacion-AZVI.jpg",1018,610,false],"2048x2048":["https:\/\/fundacioncajaruraldelsur.com\/wp-content\/uploads\/2026\/01\/Firma-convenio-CRSUR-y-Fundacion-AZVI.jpg",1018,610,false],"trp-custom-language-flag":["https:\/\/fundacioncajaruraldelsur.com\/wp-content\/uploads\/2026\/01\/Firma-convenio-CRSUR-y-Fundacion-AZVI.jpg",18,12,false],"blog-thumbnail":["https:\/\/fundacioncajaruraldelsur.com\/wp-content\/uploads\/2026\/01\/Firma-convenio-CRSUR-y-Fundacion-AZVI-400x200.jpg",400,200,true]},"rttpg_author":{"display_name":"Comunicaci\u00f3n","author_link":"https:\/\/fundacioncajaruraldelsur.com\/pt\/author\/sevillaadmin\/"},"rttpg_comment":0,"rttpg_category":"<a href=\"https:\/\/fundacioncajaruraldelsur.com\/pt\/category\/convenios\/\" rel=\"category tag\">Convenios<\/a>","rttpg_excerpt":"La Fundaci\u00f3n Caja Rural del Sur y la Fundaci\u00f3n Grupo Azvi han renovado su convenio de colaboraci\u00f3n, consolidando una alianza estrat\u00e9gica centrada en la promoci\u00f3n social, educativa y territorial en [&hellip;]","_links":{"self":[{"href":"https:\/\/fundacioncajaruraldelsur.com\/pt\/wp-json\/wp\/v2\/posts\/11827","targetHints":{"allow":["GET"]}}],"collection":[{"href":"https:\/\/fundacioncajaruraldelsur.com\/pt\/wp-json\/wp\/v2\/posts"}],"about":[{"href":"https:\/\/fundacioncajaruraldelsur.com\/pt\/wp-json\/wp\/v2\/types\/post"}],"author":[{"embeddable":true,"href":"https:\/\/fundacioncajaruraldelsur.com\/pt\/wp-json\/wp\/v2\/users\/6"}],"replies":[{"embeddable":true,"href":"https:\/\/fundacioncajaruraldelsur.com\/pt\/wp-json\/wp\/v2\/comments?post=11827"}],"version-history":[{"count":1,"href":"https:\/\/fundacioncajaruraldelsur.com\/pt\/wp-json\/wp\/v2\/posts\/11827\/revisions"}],"predecessor-version":[{"id":11831,"href":"https:\/\/fundacioncajaruraldelsur.com\/pt\/wp-json\/wp\/v2\/posts\/11827\/revisions\/11831"}],"wp:featuredmedia":[{"embeddable":true,"href":"https:\/\/fundacioncajaruraldelsur.com\/pt\/wp-json\/wp\/v2\/media\/11829"}],"wp:attachment":[{"href":"https:\/\/fundacioncajaruraldelsur.com\/pt\/wp-json\/wp\/v2\/media?parent=11827"}],"wp:term":[{"taxonomy":"category","embeddable":true,"href":"https:\/\/fundacioncajaruraldelsur.com\/pt\/wp-json\/wp\/v2\/categories?post=11827"},{"taxonomy":"post_tag","embeddable":true,"href":"https:\/\/fundacioncajaruraldelsur.com\/pt\/wp-json\/wp\/v2\/tags?post=11827"}],"curies":[{"name":"wp","href":"https:\/\/api.w.org\/{rel}","templated":true}]}}