{"id":11797,"date":"2025-12-17T08:34:40","date_gmt":"2025-12-17T07:34:40","guid":{"rendered":"https:\/\/fundacioncajaruraldelsur.com\/?p=11797"},"modified":"2025-12-16T09:35:53","modified_gmt":"2025-12-16T08:35:53","slug":"la-universidad-ceu-fernando-iii-y-la-fundacion-caja-rural-del-sur-promueven-el-talento-y-la-innovacion-en-el-sector-agrario","status":"publish","type":"post","link":"https:\/\/fundacioncajaruraldelsur.com\/pt\/la-universidad-ceu-fernando-iii-y-la-fundacion-caja-rural-del-sur-promueven-el-talento-y-la-innovacion-en-el-sector-agrario\/","title":{"rendered":"La Universidad CEU Fernando III y la Fundaci\u00f3n Caja Rural del Sur promueven el talento y la innovaci\u00f3n en el sector agrario"},"content":{"rendered":"<p>A <strong>Universidad CEU Fernando III y la Fundaci\u00f3n Caja Rural del Sur<\/strong> han firmado un convenio de colaboraci\u00f3n para la creaci\u00f3n de la <strong>C\u00e1tedra de Emprendimiento y Empleabilidad Jos\u00e9 Luis Garc\u00eda Palacios<\/strong>, con el objetivo de impulsar la educaci\u00f3n, la formaci\u00f3n, la empleabilidad y el emprendimiento en el \u00e1mbito de los estudios agrarios, as\u00ed como fomentar la investigaci\u00f3n y la innovaci\u00f3n en el ecosistema regional.<\/p>\n<p>Esta iniciativa nace para <strong>analizar, investigar y difundir la realidad, problem\u00e1tica y perspectivas del emprendimiento y la empleabilidad<\/strong>, <strong>especialmente vinculadas a la innovaci\u00f3n empresarial <\/strong>poniendo en valor el talento del ecosistema emprendedor rural.\u00a0 En este sentido, la C\u00e1tedra desarrollar\u00e1 programas formativos y proyectos de investigaci\u00f3n que contribuyan a mejorar la preparaci\u00f3n de los estudiantes, promoviendo el emprendimiento y la empleabilidad en el sector y conectando el \u00e1mbito acad\u00e9mico con la empresa.<\/p>\n<p>Entre las actividades previstas se incluye la organizaci\u00f3n de seminarios y conferencias, as\u00ed como la elaboraci\u00f3n de material docente y la direcci\u00f3n de proyectos fin de carrera; tambi\u00e9n se contempla de concesi\u00f3n de becas y ayudas y la colaboraci\u00f3n con otras c\u00e1tedras nacionales e internacionales.<\/p>\n<p>Con esta colaboraci\u00f3n, ambas instituciones refuerzan su compromiso con la formaci\u00f3n de calidad y la creaci\u00f3n de oportunidades para los j\u00f3venes.<\/p>\n<p><a href=\"https:\/\/fundacioncajaruraldelsur.com\/wp-content\/uploads\/2025\/12\/Inauguracion-Nacimiento-Caja-Rural-3-dic-2025_068_baja-res-scaled.jpg\" rel=\"lightbox-0\"><img loading=\"lazy\" decoding=\"async\" class=\"alignnone wp-image-11798 size-full\" src=\"https:\/\/fundacioncajaruraldelsur.com\/wp-content\/uploads\/2025\/12\/Inauguracion-Nacimiento-Caja-Rural-3-dic-2025_068_baja-res-scaled.jpg\" alt=\"\" width=\"2560\" height=\"1707\" srcset=\"https:\/\/fundacioncajaruraldelsur.com\/wp-content\/uploads\/2025\/12\/Inauguracion-Nacimiento-Caja-Rural-3-dic-2025_068_baja-res-scaled.jpg 2560w, https:\/\/fundacioncajaruraldelsur.com\/wp-content\/uploads\/2025\/12\/Inauguracion-Nacimiento-Caja-Rural-3-dic-2025_068_baja-res-300x200.jpg 300w, https:\/\/fundacioncajaruraldelsur.com\/wp-content\/uploads\/2025\/12\/Inauguracion-Nacimiento-Caja-Rural-3-dic-2025_068_baja-res-1024x683.jpg 1024w, https:\/\/fundacioncajaruraldelsur.com\/wp-content\/uploads\/2025\/12\/Inauguracion-Nacimiento-Caja-Rural-3-dic-2025_068_baja-res-768x512.jpg 768w, https:\/\/fundacioncajaruraldelsur.com\/wp-content\/uploads\/2025\/12\/Inauguracion-Nacimiento-Caja-Rural-3-dic-2025_068_baja-res-1536x1024.jpg 1536w, https:\/\/fundacioncajaruraldelsur.com\/wp-content\/uploads\/2025\/12\/Inauguracion-Nacimiento-Caja-Rural-3-dic-2025_068_baja-res-2048x1365.jpg 2048w\" sizes=\"auto, (max-width: 2560px) 100vw, 2560px\" \/><\/a><\/p>","protected":false},"excerpt":{"rendered":"<p>La Universidad CEU Fernando III y la Fundaci\u00f3n Caja Rural del Sur han firmado un convenio de colaboraci\u00f3n para la creaci\u00f3n de la C\u00e1tedra de Emprendimiento y Empleabilidad Jos\u00e9 Luis [&hellip;]<\/p>\n","protected":false},"author":6,"featured_media":11799,"comment_status":"closed","ping_status":"closed","sticky":false,"template":"","format":"standard","meta":{"footnotes":""},"categories":[67],"tags":[],"class_list":["post-11797","post","type-post","status-publish","format-standard","has-post-thumbnail","hentry","category-convenios"],"yoast_head":"<!-- This site is optimized with the Yoast SEO plugin v27.3 - https:\/\/yoast.com\/product\/yoast-seo-wordpress\/ -->\n<title>La Universidad CEU Fernando III y la Fundaci\u00f3n Caja Rural del Sur promueven el talento y la innovaci\u00f3n en el sector agrario - Fundaci\u00f3n Caja Rural del Sur<\/title>\n<meta name=\"robots\" content=\"index, follow, max-snippet:-1, max-image-preview:large, max-video-preview:-1\" \/>\n<link rel=\"canonical\" href=\"https:\/\/fundacioncajaruraldelsur.com\/pt\/la-universidad-ceu-fernando-iii-y-la-fundacion-caja-rural-del-sur-promueven-el-talento-y-la-innovacion-en-el-sector-agrario\/\" \/>\n<meta property=\"og:locale\" content=\"pt_PT\" \/>\n<meta property=\"og:type\" content=\"article\" \/>\n<meta property=\"og:title\" content=\"La Universidad CEU Fernando III y la Fundaci\u00f3n Caja Rural del Sur promueven el talento y la innovaci\u00f3n en el sector agrario - Fundaci\u00f3n Caja Rural del Sur\" \/>\n<meta property=\"og:description\" content=\"La Universidad CEU Fernando III y la Fundaci\u00f3n Caja Rural del Sur han firmado un convenio de colaboraci\u00f3n para la creaci\u00f3n de la C\u00e1tedra de Emprendimiento y Empleabilidad Jos\u00e9 Luis [&hellip;]\" \/>\n<meta property=\"og:url\" content=\"https:\/\/fundacioncajaruraldelsur.com\/pt\/la-universidad-ceu-fernando-iii-y-la-fundacion-caja-rural-del-sur-promueven-el-talento-y-la-innovacion-en-el-sector-agrario\/\" \/>\n<meta property=\"og:site_name\" content=\"Fundaci\u00f3n Caja Rural del Sur\" \/>\n<meta property=\"article:published_time\" content=\"2025-12-17T07:34:40+00:00\" \/>\n<meta property=\"og:image\" content=\"https:\/\/fundacioncajaruraldelsur.com\/wp-content\/uploads\/2025\/12\/Captura-de-pantalla-2025-12-16-093158.png\" \/>\n\t<meta property=\"og:image:width\" content=\"1200\" \/>\n\t<meta property=\"og:image:height\" content=\"795\" \/>\n\t<meta property=\"og:image:type\" content=\"image\/png\" \/>\n<meta name=\"author\" content=\"Comunicaci\u00f3n\" \/>\n<meta name=\"twitter:card\" content=\"summary_large_image\" \/>\n<meta name=\"twitter:label1\" content=\"Written by\" \/>\n\t<meta name=\"twitter:data1\" content=\"Comunicaci\u00f3n\" \/>\n\t<meta name=\"twitter:label2\" content=\"Est. reading time\" \/>\n\t<meta name=\"twitter:data2\" content=\"2 minutes\" \/>\n<script type=\"application\/ld+json\" class=\"yoast-schema-graph\">{\"@context\":\"https:\\\/\\\/schema.org\",\"@graph\":[{\"@type\":\"Article\",\"@id\":\"https:\\\/\\\/fundacioncajaruraldelsur.com\\\/la-universidad-ceu-fernando-iii-y-la-fundacion-caja-rural-del-sur-promueven-el-talento-y-la-innovacion-en-el-sector-agrario\\\/#article\",\"isPartOf\":{\"@id\":\"https:\\\/\\\/fundacioncajaruraldelsur.com\\\/la-universidad-ceu-fernando-iii-y-la-fundacion-caja-rural-del-sur-promueven-el-talento-y-la-innovacion-en-el-sector-agrario\\\/\"},\"author\":{\"name\":\"Comunicaci\u00f3n\",\"@id\":\"https:\\\/\\\/fundacioncajaruraldelsur.com\\\/#\\\/schema\\\/person\\\/f430da9fb783d505ff061ad8b3d44577\"},\"headline\":\"La Universidad CEU Fernando III y la Fundaci\u00f3n Caja Rural del Sur promueven el talento y la innovaci\u00f3n en el sector agrario\",\"datePublished\":\"2025-12-17T07:34:40+00:00\",\"mainEntityOfPage\":{\"@id\":\"https:\\\/\\\/fundacioncajaruraldelsur.com\\\/la-universidad-ceu-fernando-iii-y-la-fundacion-caja-rural-del-sur-promueven-el-talento-y-la-innovacion-en-el-sector-agrario\\\/\"},\"wordCount\":252,\"image\":{\"@id\":\"https:\\\/\\\/fundacioncajaruraldelsur.com\\\/la-universidad-ceu-fernando-iii-y-la-fundacion-caja-rural-del-sur-promueven-el-talento-y-la-innovacion-en-el-sector-agrario\\\/#primaryimage\"},\"thumbnailUrl\":\"https:\\\/\\\/fundacioncajaruraldelsur.com\\\/wp-content\\\/uploads\\\/2025\\\/12\\\/Captura-de-pantalla-2025-12-16-093158.png\",\"articleSection\":[\"Convenios\"],\"inLanguage\":\"pt-PT\"},{\"@type\":\"WebPage\",\"@id\":\"https:\\\/\\\/fundacioncajaruraldelsur.com\\\/la-universidad-ceu-fernando-iii-y-la-fundacion-caja-rural-del-sur-promueven-el-talento-y-la-innovacion-en-el-sector-agrario\\\/\",\"url\":\"https:\\\/\\\/fundacioncajaruraldelsur.com\\\/la-universidad-ceu-fernando-iii-y-la-fundacion-caja-rural-del-sur-promueven-el-talento-y-la-innovacion-en-el-sector-agrario\\\/\",\"name\":\"La Universidad CEU Fernando III y la Fundaci\u00f3n Caja Rural del Sur promueven el talento y la innovaci\u00f3n en el sector agrario - Fundaci\u00f3n Caja Rural del Sur\",\"isPartOf\":{\"@id\":\"https:\\\/\\\/fundacioncajaruraldelsur.com\\\/#website\"},\"primaryImageOfPage\":{\"@id\":\"https:\\\/\\\/fundacioncajaruraldelsur.com\\\/la-universidad-ceu-fernando-iii-y-la-fundacion-caja-rural-del-sur-promueven-el-talento-y-la-innovacion-en-el-sector-agrario\\\/#primaryimage\"},\"image\":{\"@id\":\"https:\\\/\\\/fundacioncajaruraldelsur.com\\\/la-universidad-ceu-fernando-iii-y-la-fundacion-caja-rural-del-sur-promueven-el-talento-y-la-innovacion-en-el-sector-agrario\\\/#primaryimage\"},\"thumbnailUrl\":\"https:\\\/\\\/fundacioncajaruraldelsur.com\\\/wp-content\\\/uploads\\\/2025\\\/12\\\/Captura-de-pantalla-2025-12-16-093158.png\",\"datePublished\":\"2025-12-17T07:34:40+00:00\",\"author\":{\"@id\":\"https:\\\/\\\/fundacioncajaruraldelsur.com\\\/#\\\/schema\\\/person\\\/f430da9fb783d505ff061ad8b3d44577\"},\"breadcrumb\":{\"@id\":\"https:\\\/\\\/fundacioncajaruraldelsur.com\\\/la-universidad-ceu-fernando-iii-y-la-fundacion-caja-rural-del-sur-promueven-el-talento-y-la-innovacion-en-el-sector-agrario\\\/#breadcrumb\"},\"inLanguage\":\"pt-PT\",\"potentialAction\":[{\"@type\":\"ReadAction\",\"target\":[\"https:\\\/\\\/fundacioncajaruraldelsur.com\\\/la-universidad-ceu-fernando-iii-y-la-fundacion-caja-rural-del-sur-promueven-el-talento-y-la-innovacion-en-el-sector-agrario\\\/\"]}]},{\"@type\":\"ImageObject\",\"inLanguage\":\"pt-PT\",\"@id\":\"https:\\\/\\\/fundacioncajaruraldelsur.com\\\/la-universidad-ceu-fernando-iii-y-la-fundacion-caja-rural-del-sur-promueven-el-talento-y-la-innovacion-en-el-sector-agrario\\\/#primaryimage\",\"url\":\"https:\\\/\\\/fundacioncajaruraldelsur.com\\\/wp-content\\\/uploads\\\/2025\\\/12\\\/Captura-de-pantalla-2025-12-16-093158.png\",\"contentUrl\":\"https:\\\/\\\/fundacioncajaruraldelsur.com\\\/wp-content\\\/uploads\\\/2025\\\/12\\\/Captura-de-pantalla-2025-12-16-093158.png\",\"width\":1200,\"height\":795},{\"@type\":\"BreadcrumbList\",\"@id\":\"https:\\\/\\\/fundacioncajaruraldelsur.com\\\/la-universidad-ceu-fernando-iii-y-la-fundacion-caja-rural-del-sur-promueven-el-talento-y-la-innovacion-en-el-sector-agrario\\\/#breadcrumb\",\"itemListElement\":[{\"@type\":\"ListItem\",\"position\":1,\"name\":\"Portada\",\"item\":\"https:\\\/\\\/fundacioncajaruraldelsur.com\\\/\"},{\"@type\":\"ListItem\",\"position\":2,\"name\":\"La Universidad CEU Fernando III y la Fundaci\u00f3n Caja Rural del Sur promueven el talento y la innovaci\u00f3n en el sector agrario\"}]},{\"@type\":\"WebSite\",\"@id\":\"https:\\\/\\\/fundacioncajaruraldelsur.com\\\/#website\",\"url\":\"https:\\\/\\\/fundacioncajaruraldelsur.com\\\/\",\"name\":\"Fundaci\u00f3n Caja Rural del Sur\",\"description\":\"\",\"potentialAction\":[{\"@type\":\"SearchAction\",\"target\":{\"@type\":\"EntryPoint\",\"urlTemplate\":\"https:\\\/\\\/fundacioncajaruraldelsur.com\\\/?s={search_term_string}\"},\"query-input\":{\"@type\":\"PropertyValueSpecification\",\"valueRequired\":true,\"valueName\":\"search_term_string\"}}],\"inLanguage\":\"pt-PT\"},{\"@type\":\"Person\",\"@id\":\"https:\\\/\\\/fundacioncajaruraldelsur.com\\\/#\\\/schema\\\/person\\\/f430da9fb783d505ff061ad8b3d44577\",\"name\":\"Comunicaci\u00f3n\",\"image\":{\"@type\":\"ImageObject\",\"inLanguage\":\"pt-PT\",\"@id\":\"https:\\\/\\\/secure.gravatar.com\\\/avatar\\\/0dca239875993680bac4603ad2de7942da018f52cc3a244578e0b3b09314a8d8?s=96&d=blank&r=g\",\"url\":\"https:\\\/\\\/secure.gravatar.com\\\/avatar\\\/0dca239875993680bac4603ad2de7942da018f52cc3a244578e0b3b09314a8d8?s=96&d=blank&r=g\",\"contentUrl\":\"https:\\\/\\\/secure.gravatar.com\\\/avatar\\\/0dca239875993680bac4603ad2de7942da018f52cc3a244578e0b3b09314a8d8?s=96&d=blank&r=g\",\"caption\":\"Comunicaci\u00f3n\"}}]}<\/script>\n<!-- \/ Yoast SEO plugin. -->","yoast_head_json":{"title":"La Universidad CEU Fernando III y la Fundaci\u00f3n Caja Rural del Sur promueven el talento y la innovaci\u00f3n en el sector agrario - Fundaci\u00f3n Caja Rural del Sur","robots":{"index":"index","follow":"follow","max-snippet":"max-snippet:-1","max-image-preview":"max-image-preview:large","max-video-preview":"max-video-preview:-1"},"canonical":"https:\/\/fundacioncajaruraldelsur.com\/pt\/la-universidad-ceu-fernando-iii-y-la-fundacion-caja-rural-del-sur-promueven-el-talento-y-la-innovacion-en-el-sector-agrario\/","og_locale":"pt_PT","og_type":"article","og_title":"La Universidad CEU Fernando III y la Fundaci\u00f3n Caja Rural del Sur promueven el talento y la innovaci\u00f3n en el sector agrario - Fundaci\u00f3n Caja Rural del Sur","og_description":"La Universidad CEU Fernando III y la Fundaci\u00f3n Caja Rural del Sur han firmado un convenio de colaboraci\u00f3n para la creaci\u00f3n de la C\u00e1tedra de Emprendimiento y Empleabilidad Jos\u00e9 Luis [&hellip;]","og_url":"https:\/\/fundacioncajaruraldelsur.com\/pt\/la-universidad-ceu-fernando-iii-y-la-fundacion-caja-rural-del-sur-promueven-el-talento-y-la-innovacion-en-el-sector-agrario\/","og_site_name":"Fundaci\u00f3n Caja Rural del Sur","article_published_time":"2025-12-17T07:34:40+00:00","og_image":[{"width":1200,"height":795,"url":"https:\/\/fundacioncajaruraldelsur.com\/wp-content\/uploads\/2025\/12\/Captura-de-pantalla-2025-12-16-093158.png","type":"image\/png"}],"author":"Comunicaci\u00f3n","twitter_card":"summary_large_image","twitter_misc":{"Written by":"Comunicaci\u00f3n","Est. reading time":"2 minutes"},"schema":{"@context":"https:\/\/schema.org","@graph":[{"@type":"Article","@id":"https:\/\/fundacioncajaruraldelsur.com\/la-universidad-ceu-fernando-iii-y-la-fundacion-caja-rural-del-sur-promueven-el-talento-y-la-innovacion-en-el-sector-agrario\/#article","isPartOf":{"@id":"https:\/\/fundacioncajaruraldelsur.com\/la-universidad-ceu-fernando-iii-y-la-fundacion-caja-rural-del-sur-promueven-el-talento-y-la-innovacion-en-el-sector-agrario\/"},"author":{"name":"Comunicaci\u00f3n","@id":"https:\/\/fundacioncajaruraldelsur.com\/#\/schema\/person\/f430da9fb783d505ff061ad8b3d44577"},"headline":"La Universidad CEU Fernando III y la Fundaci\u00f3n Caja Rural del Sur promueven el talento y la innovaci\u00f3n en el sector agrario","datePublished":"2025-12-17T07:34:40+00:00","mainEntityOfPage":{"@id":"https:\/\/fundacioncajaruraldelsur.com\/la-universidad-ceu-fernando-iii-y-la-fundacion-caja-rural-del-sur-promueven-el-talento-y-la-innovacion-en-el-sector-agrario\/"},"wordCount":252,"image":{"@id":"https:\/\/fundacioncajaruraldelsur.com\/la-universidad-ceu-fernando-iii-y-la-fundacion-caja-rural-del-sur-promueven-el-talento-y-la-innovacion-en-el-sector-agrario\/#primaryimage"},"thumbnailUrl":"https:\/\/fundacioncajaruraldelsur.com\/wp-content\/uploads\/2025\/12\/Captura-de-pantalla-2025-12-16-093158.png","articleSection":["Convenios"],"inLanguage":"pt-PT"},{"@type":"WebPage","@id":"https:\/\/fundacioncajaruraldelsur.com\/la-universidad-ceu-fernando-iii-y-la-fundacion-caja-rural-del-sur-promueven-el-talento-y-la-innovacion-en-el-sector-agrario\/","url":"https:\/\/fundacioncajaruraldelsur.com\/la-universidad-ceu-fernando-iii-y-la-fundacion-caja-rural-del-sur-promueven-el-talento-y-la-innovacion-en-el-sector-agrario\/","name":"La Universidad CEU Fernando III y la Fundaci\u00f3n Caja Rural del Sur promueven el talento y la innovaci\u00f3n en el sector agrario - Fundaci\u00f3n Caja Rural del Sur","isPartOf":{"@id":"https:\/\/fundacioncajaruraldelsur.com\/#website"},"primaryImageOfPage":{"@id":"https:\/\/fundacioncajaruraldelsur.com\/la-universidad-ceu-fernando-iii-y-la-fundacion-caja-rural-del-sur-promueven-el-talento-y-la-innovacion-en-el-sector-agrario\/#primaryimage"},"image":{"@id":"https:\/\/fundacioncajaruraldelsur.com\/la-universidad-ceu-fernando-iii-y-la-fundacion-caja-rural-del-sur-promueven-el-talento-y-la-innovacion-en-el-sector-agrario\/#primaryimage"},"thumbnailUrl":"https:\/\/fundacioncajaruraldelsur.com\/wp-content\/uploads\/2025\/12\/Captura-de-pantalla-2025-12-16-093158.png","datePublished":"2025-12-17T07:34:40+00:00","author":{"@id":"https:\/\/fundacioncajaruraldelsur.com\/#\/schema\/person\/f430da9fb783d505ff061ad8b3d44577"},"breadcrumb":{"@id":"https:\/\/fundacioncajaruraldelsur.com\/la-universidad-ceu-fernando-iii-y-la-fundacion-caja-rural-del-sur-promueven-el-talento-y-la-innovacion-en-el-sector-agrario\/#breadcrumb"},"inLanguage":"pt-PT","potentialAction":[{"@type":"ReadAction","target":["https:\/\/fundacioncajaruraldelsur.com\/la-universidad-ceu-fernando-iii-y-la-fundacion-caja-rural-del-sur-promueven-el-talento-y-la-innovacion-en-el-sector-agrario\/"]}]},{"@type":"ImageObject","inLanguage":"pt-PT","@id":"https:\/\/fundacioncajaruraldelsur.com\/la-universidad-ceu-fernando-iii-y-la-fundacion-caja-rural-del-sur-promueven-el-talento-y-la-innovacion-en-el-sector-agrario\/#primaryimage","url":"https:\/\/fundacioncajaruraldelsur.com\/wp-content\/uploads\/2025\/12\/Captura-de-pantalla-2025-12-16-093158.png","contentUrl":"https:\/\/fundacioncajaruraldelsur.com\/wp-content\/uploads\/2025\/12\/Captura-de-pantalla-2025-12-16-093158.png","width":1200,"height":795},{"@type":"BreadcrumbList","@id":"https:\/\/fundacioncajaruraldelsur.com\/la-universidad-ceu-fernando-iii-y-la-fundacion-caja-rural-del-sur-promueven-el-talento-y-la-innovacion-en-el-sector-agrario\/#breadcrumb","itemListElement":[{"@type":"ListItem","position":1,"name":"Portada","item":"https:\/\/fundacioncajaruraldelsur.com\/"},{"@type":"ListItem","position":2,"name":"La Universidad CEU Fernando III y la Fundaci\u00f3n Caja Rural del Sur promueven el talento y la innovaci\u00f3n en el sector agrario"}]},{"@type":"WebSite","@id":"https:\/\/fundacioncajaruraldelsur.com\/#website","url":"https:\/\/fundacioncajaruraldelsur.com\/","name":"Funda\u00e7\u00e3o Caja Rural del Sur","description":"","potentialAction":[{"@type":"SearchAction","target":{"@type":"EntryPoint","urlTemplate":"https:\/\/fundacioncajaruraldelsur.com\/?s={search_term_string}"},"query-input":{"@type":"PropertyValueSpecification","valueRequired":true,"valueName":"search_term_string"}}],"inLanguage":"pt-PT"},{"@type":"Person","@id":"https:\/\/fundacioncajaruraldelsur.com\/#\/schema\/person\/f430da9fb783d505ff061ad8b3d44577","name":"Comunicaci\u00f3n","image":{"@type":"ImageObject","inLanguage":"pt-PT","@id":"https:\/\/secure.gravatar.com\/avatar\/0dca239875993680bac4603ad2de7942da018f52cc3a244578e0b3b09314a8d8?s=96&d=blank&r=g","url":"https:\/\/secure.gravatar.com\/avatar\/0dca239875993680bac4603ad2de7942da018f52cc3a244578e0b3b09314a8d8?s=96&d=blank&r=g","contentUrl":"https:\/\/secure.gravatar.com\/avatar\/0dca239875993680bac4603ad2de7942da018f52cc3a244578e0b3b09314a8d8?s=96&d=blank&r=g","caption":"Comunicaci\u00f3n"}}]}},"rttpg_featured_image_url":{"full":["https:\/\/fundacioncajaruraldelsur.com\/wp-content\/uploads\/2025\/12\/Captura-de-pantalla-2025-12-16-093158.png",1200,795,false],"landscape":["https:\/\/fundacioncajaruraldelsur.com\/wp-content\/uploads\/2025\/12\/Captura-de-pantalla-2025-12-16-093158.png",1200,795,false],"portraits":["https:\/\/fundacioncajaruraldelsur.com\/wp-content\/uploads\/2025\/12\/Captura-de-pantalla-2025-12-16-093158.png",1200,795,false],"thumbnail":["https:\/\/fundacioncajaruraldelsur.com\/wp-content\/uploads\/2025\/12\/Captura-de-pantalla-2025-12-16-093158-150x150.png",150,150,true],"medium":["https:\/\/fundacioncajaruraldelsur.com\/wp-content\/uploads\/2025\/12\/Captura-de-pantalla-2025-12-16-093158-300x199.png",300,199,true],"large":["https:\/\/fundacioncajaruraldelsur.com\/wp-content\/uploads\/2025\/12\/Captura-de-pantalla-2025-12-16-093158-1024x678.png",960,636,true],"1536x1536":["https:\/\/fundacioncajaruraldelsur.com\/wp-content\/uploads\/2025\/12\/Captura-de-pantalla-2025-12-16-093158.png",1200,795,false],"2048x2048":["https:\/\/fundacioncajaruraldelsur.com\/wp-content\/uploads\/2025\/12\/Captura-de-pantalla-2025-12-16-093158.png",1200,795,false],"trp-custom-language-flag":["https:\/\/fundacioncajaruraldelsur.com\/wp-content\/uploads\/2025\/12\/Captura-de-pantalla-2025-12-16-093158.png",18,12,false],"blog-thumbnail":["https:\/\/fundacioncajaruraldelsur.com\/wp-content\/uploads\/2025\/12\/Captura-de-pantalla-2025-12-16-093158-400x200.png",400,200,true]},"rttpg_author":{"display_name":"Comunicaci\u00f3n","author_link":"https:\/\/fundacioncajaruraldelsur.com\/pt\/author\/sevillaadmin\/"},"rttpg_comment":0,"rttpg_category":"<a href=\"https:\/\/fundacioncajaruraldelsur.com\/pt\/category\/convenios\/\" rel=\"category tag\">Convenios<\/a>","rttpg_excerpt":"La Universidad CEU Fernando III y la Fundaci\u00f3n Caja Rural del Sur han firmado un convenio de colaboraci\u00f3n para la creaci\u00f3n de la C\u00e1tedra de Emprendimiento y Empleabilidad Jos\u00e9 Luis [&hellip;]","_links":{"self":[{"href":"https:\/\/fundacioncajaruraldelsur.com\/pt\/wp-json\/wp\/v2\/posts\/11797","targetHints":{"allow":["GET"]}}],"collection":[{"href":"https:\/\/fundacioncajaruraldelsur.com\/pt\/wp-json\/wp\/v2\/posts"}],"about":[{"href":"https:\/\/fundacioncajaruraldelsur.com\/pt\/wp-json\/wp\/v2\/types\/post"}],"author":[{"embeddable":true,"href":"https:\/\/fundacioncajaruraldelsur.com\/pt\/wp-json\/wp\/v2\/users\/6"}],"replies":[{"embeddable":true,"href":"https:\/\/fundacioncajaruraldelsur.com\/pt\/wp-json\/wp\/v2\/comments?post=11797"}],"version-history":[{"count":1,"href":"https:\/\/fundacioncajaruraldelsur.com\/pt\/wp-json\/wp\/v2\/posts\/11797\/revisions"}],"predecessor-version":[{"id":11800,"href":"https:\/\/fundacioncajaruraldelsur.com\/pt\/wp-json\/wp\/v2\/posts\/11797\/revisions\/11800"}],"wp:featuredmedia":[{"embeddable":true,"href":"https:\/\/fundacioncajaruraldelsur.com\/pt\/wp-json\/wp\/v2\/media\/11799"}],"wp:attachment":[{"href":"https:\/\/fundacioncajaruraldelsur.com\/pt\/wp-json\/wp\/v2\/media?parent=11797"}],"wp:term":[{"taxonomy":"category","embeddable":true,"href":"https:\/\/fundacioncajaruraldelsur.com\/pt\/wp-json\/wp\/v2\/categories?post=11797"},{"taxonomy":"post_tag","embeddable":true,"href":"https:\/\/fundacioncajaruraldelsur.com\/pt\/wp-json\/wp\/v2\/tags?post=11797"}],"curies":[{"name":"wp","href":"https:\/\/api.w.org\/{rel}","templated":true}]}}