{"id":11788,"date":"2025-12-12T09:53:02","date_gmt":"2025-12-12T08:53:02","guid":{"rendered":"https:\/\/fundacioncajaruraldelsur.com\/?p=11788"},"modified":"2025-12-12T09:53:02","modified_gmt":"2025-12-12T08:53:02","slug":"caja-rural-del-sur-refuerza-su-apoyo-a-la-actividad-cultural-y-social-del-ateneo-de-sevilla","status":"publish","type":"post","link":"https:\/\/fundacioncajaruraldelsur.com\/pt\/caja-rural-del-sur-refuerza-su-apoyo-a-la-actividad-cultural-y-social-del-ateneo-de-sevilla\/","title":{"rendered":"Caja Rural del Sur refuerza su apoyo a la actividad cultural y social del Ateneo de Sevilla"},"content":{"rendered":"<p><strong>El presidente del Excmo. Ateneo de Sevilla, Emilio A. Boja Malav\u00e9<\/strong>, ha firmado en la sede de la Fundaci\u00f3n Caja Rural del Sur la renovaci\u00f3n del convenio de colaboraci\u00f3n con el <strong>presidente de la entidad, Jos\u00e9 Luis Garc\u00eda-Palacios \u00c1lvarez.<\/strong><\/p>\n<p>El acuerdo suscrito entre ambas entidades tiene como finalidad fortalecer, impulsar y fomentar las actividades culturales y sociales que desarrolla el Ateneo de Sevilla, reforzando as\u00ed el compromiso compartido durante los pasados a\u00f1os de apoyar la<strong> promoci\u00f3n cultural, la participaci\u00f3n ciudadana y la proyecci\u00f3n social de la instituci\u00f3n.<\/strong><\/p>\n<p>Con esta alianza, el <strong>Excmo. Ateneo de Sevilla y la Fundaci\u00f3n Caja Rural del Sur consolidan una l\u00ednea de cooperaci\u00f3n<\/strong> orientada a la preservaci\u00f3n y difusi\u00f3n del patrimonio cultural, as\u00ed como al desarrollo de iniciativas que contribuyan al enriquecimiento de la vida social y comunitaria de la ciudad.<\/p>","protected":false},"excerpt":{"rendered":"<p>El presidente del Excmo. Ateneo de Sevilla, Emilio A. Boja Malav\u00e9, ha firmado en la sede de la Fundaci\u00f3n Caja Rural del Sur la renovaci\u00f3n del convenio de colaboraci\u00f3n con [&hellip;]<\/p>\n","protected":false},"author":6,"featured_media":11792,"comment_status":"closed","ping_status":"closed","sticky":false,"template":"","format":"standard","meta":{"footnotes":""},"categories":[70],"tags":[],"class_list":["post-11788","post","type-post","status-publish","format-standard","has-post-thumbnail","hentry","category-accion-social"],"yoast_head":"<!-- This site is optimized with the Yoast SEO plugin v27.3 - https:\/\/yoast.com\/product\/yoast-seo-wordpress\/ -->\n<title>Caja Rural del Sur refuerza su apoyo a la actividad cultural y social del Ateneo de Sevilla - Fundaci\u00f3n Caja Rural del Sur<\/title>\n<meta name=\"robots\" content=\"index, follow, max-snippet:-1, max-image-preview:large, max-video-preview:-1\" \/>\n<link rel=\"canonical\" href=\"https:\/\/fundacioncajaruraldelsur.com\/pt\/caja-rural-del-sur-refuerza-su-apoyo-a-la-actividad-cultural-y-social-del-ateneo-de-sevilla\/\" \/>\n<meta property=\"og:locale\" content=\"pt_PT\" \/>\n<meta property=\"og:type\" content=\"article\" \/>\n<meta property=\"og:title\" content=\"Caja Rural del Sur refuerza su apoyo a la actividad cultural y social del Ateneo de Sevilla - Fundaci\u00f3n Caja Rural del Sur\" \/>\n<meta property=\"og:description\" content=\"El presidente del Excmo. Ateneo de Sevilla, Emilio A. Boja Malav\u00e9, ha firmado en la sede de la Fundaci\u00f3n Caja Rural del Sur la renovaci\u00f3n del convenio de colaboraci\u00f3n con [&hellip;]\" \/>\n<meta property=\"og:url\" content=\"https:\/\/fundacioncajaruraldelsur.com\/pt\/caja-rural-del-sur-refuerza-su-apoyo-a-la-actividad-cultural-y-social-del-ateneo-de-sevilla\/\" \/>\n<meta property=\"og:site_name\" content=\"Fundaci\u00f3n Caja Rural del Sur\" \/>\n<meta property=\"article:published_time\" content=\"2025-12-12T08:53:02+00:00\" \/>\n<meta property=\"og:image\" content=\"https:\/\/fundacioncajaruraldelsur.com\/wp-content\/uploads\/2025\/12\/Convenio-Ateneo-de-Sevilla-y-la-Fundacion-Caja-Rural.jpg\" \/>\n\t<meta property=\"og:image:width\" content=\"1600\" \/>\n\t<meta property=\"og:image:height\" content=\"1200\" \/>\n\t<meta property=\"og:image:type\" content=\"image\/jpeg\" \/>\n<meta name=\"author\" content=\"Comunicaci\u00f3n\" \/>\n<meta name=\"twitter:card\" content=\"summary_large_image\" \/>\n<meta name=\"twitter:label1\" content=\"Written by\" \/>\n\t<meta name=\"twitter:data1\" content=\"Comunicaci\u00f3n\" \/>\n\t<meta name=\"twitter:label2\" content=\"Est. reading time\" \/>\n\t<meta name=\"twitter:data2\" content=\"1 minute\" \/>\n<script type=\"application\/ld+json\" class=\"yoast-schema-graph\">{\"@context\":\"https:\\\/\\\/schema.org\",\"@graph\":[{\"@type\":\"Article\",\"@id\":\"https:\\\/\\\/fundacioncajaruraldelsur.com\\\/caja-rural-del-sur-refuerza-su-apoyo-a-la-actividad-cultural-y-social-del-ateneo-de-sevilla\\\/#article\",\"isPartOf\":{\"@id\":\"https:\\\/\\\/fundacioncajaruraldelsur.com\\\/caja-rural-del-sur-refuerza-su-apoyo-a-la-actividad-cultural-y-social-del-ateneo-de-sevilla\\\/\"},\"author\":{\"name\":\"Comunicaci\u00f3n\",\"@id\":\"https:\\\/\\\/fundacioncajaruraldelsur.com\\\/#\\\/schema\\\/person\\\/f430da9fb783d505ff061ad8b3d44577\"},\"headline\":\"Caja Rural del Sur refuerza su apoyo a la actividad cultural y social del Ateneo de Sevilla\",\"datePublished\":\"2025-12-12T08:53:02+00:00\",\"mainEntityOfPage\":{\"@id\":\"https:\\\/\\\/fundacioncajaruraldelsur.com\\\/caja-rural-del-sur-refuerza-su-apoyo-a-la-actividad-cultural-y-social-del-ateneo-de-sevilla\\\/\"},\"wordCount\":166,\"image\":{\"@id\":\"https:\\\/\\\/fundacioncajaruraldelsur.com\\\/caja-rural-del-sur-refuerza-su-apoyo-a-la-actividad-cultural-y-social-del-ateneo-de-sevilla\\\/#primaryimage\"},\"thumbnailUrl\":\"https:\\\/\\\/fundacioncajaruraldelsur.com\\\/wp-content\\\/uploads\\\/2025\\\/12\\\/Convenio-Ateneo-de-Sevilla-y-la-Fundacion-Caja-Rural.jpg\",\"articleSection\":[\"Acci\u00f3n social\"],\"inLanguage\":\"pt-PT\"},{\"@type\":\"WebPage\",\"@id\":\"https:\\\/\\\/fundacioncajaruraldelsur.com\\\/caja-rural-del-sur-refuerza-su-apoyo-a-la-actividad-cultural-y-social-del-ateneo-de-sevilla\\\/\",\"url\":\"https:\\\/\\\/fundacioncajaruraldelsur.com\\\/caja-rural-del-sur-refuerza-su-apoyo-a-la-actividad-cultural-y-social-del-ateneo-de-sevilla\\\/\",\"name\":\"Caja Rural del Sur refuerza su apoyo a la actividad cultural y social del Ateneo de Sevilla - Fundaci\u00f3n Caja Rural del Sur\",\"isPartOf\":{\"@id\":\"https:\\\/\\\/fundacioncajaruraldelsur.com\\\/#website\"},\"primaryImageOfPage\":{\"@id\":\"https:\\\/\\\/fundacioncajaruraldelsur.com\\\/caja-rural-del-sur-refuerza-su-apoyo-a-la-actividad-cultural-y-social-del-ateneo-de-sevilla\\\/#primaryimage\"},\"image\":{\"@id\":\"https:\\\/\\\/fundacioncajaruraldelsur.com\\\/caja-rural-del-sur-refuerza-su-apoyo-a-la-actividad-cultural-y-social-del-ateneo-de-sevilla\\\/#primaryimage\"},\"thumbnailUrl\":\"https:\\\/\\\/fundacioncajaruraldelsur.com\\\/wp-content\\\/uploads\\\/2025\\\/12\\\/Convenio-Ateneo-de-Sevilla-y-la-Fundacion-Caja-Rural.jpg\",\"datePublished\":\"2025-12-12T08:53:02+00:00\",\"author\":{\"@id\":\"https:\\\/\\\/fundacioncajaruraldelsur.com\\\/#\\\/schema\\\/person\\\/f430da9fb783d505ff061ad8b3d44577\"},\"breadcrumb\":{\"@id\":\"https:\\\/\\\/fundacioncajaruraldelsur.com\\\/caja-rural-del-sur-refuerza-su-apoyo-a-la-actividad-cultural-y-social-del-ateneo-de-sevilla\\\/#breadcrumb\"},\"inLanguage\":\"pt-PT\",\"potentialAction\":[{\"@type\":\"ReadAction\",\"target\":[\"https:\\\/\\\/fundacioncajaruraldelsur.com\\\/caja-rural-del-sur-refuerza-su-apoyo-a-la-actividad-cultural-y-social-del-ateneo-de-sevilla\\\/\"]}]},{\"@type\":\"ImageObject\",\"inLanguage\":\"pt-PT\",\"@id\":\"https:\\\/\\\/fundacioncajaruraldelsur.com\\\/caja-rural-del-sur-refuerza-su-apoyo-a-la-actividad-cultural-y-social-del-ateneo-de-sevilla\\\/#primaryimage\",\"url\":\"https:\\\/\\\/fundacioncajaruraldelsur.com\\\/wp-content\\\/uploads\\\/2025\\\/12\\\/Convenio-Ateneo-de-Sevilla-y-la-Fundacion-Caja-Rural.jpg\",\"contentUrl\":\"https:\\\/\\\/fundacioncajaruraldelsur.com\\\/wp-content\\\/uploads\\\/2025\\\/12\\\/Convenio-Ateneo-de-Sevilla-y-la-Fundacion-Caja-Rural.jpg\",\"width\":1600,\"height\":1200},{\"@type\":\"BreadcrumbList\",\"@id\":\"https:\\\/\\\/fundacioncajaruraldelsur.com\\\/caja-rural-del-sur-refuerza-su-apoyo-a-la-actividad-cultural-y-social-del-ateneo-de-sevilla\\\/#breadcrumb\",\"itemListElement\":[{\"@type\":\"ListItem\",\"position\":1,\"name\":\"Portada\",\"item\":\"https:\\\/\\\/fundacioncajaruraldelsur.com\\\/\"},{\"@type\":\"ListItem\",\"position\":2,\"name\":\"Caja Rural del Sur refuerza su apoyo a la actividad cultural y social del Ateneo de Sevilla\"}]},{\"@type\":\"WebSite\",\"@id\":\"https:\\\/\\\/fundacioncajaruraldelsur.com\\\/#website\",\"url\":\"https:\\\/\\\/fundacioncajaruraldelsur.com\\\/\",\"name\":\"Fundaci\u00f3n Caja Rural del Sur\",\"description\":\"\",\"potentialAction\":[{\"@type\":\"SearchAction\",\"target\":{\"@type\":\"EntryPoint\",\"urlTemplate\":\"https:\\\/\\\/fundacioncajaruraldelsur.com\\\/?s={search_term_string}\"},\"query-input\":{\"@type\":\"PropertyValueSpecification\",\"valueRequired\":true,\"valueName\":\"search_term_string\"}}],\"inLanguage\":\"pt-PT\"},{\"@type\":\"Person\",\"@id\":\"https:\\\/\\\/fundacioncajaruraldelsur.com\\\/#\\\/schema\\\/person\\\/f430da9fb783d505ff061ad8b3d44577\",\"name\":\"Comunicaci\u00f3n\",\"image\":{\"@type\":\"ImageObject\",\"inLanguage\":\"pt-PT\",\"@id\":\"https:\\\/\\\/secure.gravatar.com\\\/avatar\\\/0dca239875993680bac4603ad2de7942da018f52cc3a244578e0b3b09314a8d8?s=96&d=blank&r=g\",\"url\":\"https:\\\/\\\/secure.gravatar.com\\\/avatar\\\/0dca239875993680bac4603ad2de7942da018f52cc3a244578e0b3b09314a8d8?s=96&d=blank&r=g\",\"contentUrl\":\"https:\\\/\\\/secure.gravatar.com\\\/avatar\\\/0dca239875993680bac4603ad2de7942da018f52cc3a244578e0b3b09314a8d8?s=96&d=blank&r=g\",\"caption\":\"Comunicaci\u00f3n\"}}]}<\/script>\n<!-- \/ Yoast SEO plugin. -->","yoast_head_json":{"title":"Caja Rural del Sur refuerza su apoyo a la actividad cultural y social del Ateneo de Sevilla - Fundaci\u00f3n Caja Rural del Sur","robots":{"index":"index","follow":"follow","max-snippet":"max-snippet:-1","max-image-preview":"max-image-preview:large","max-video-preview":"max-video-preview:-1"},"canonical":"https:\/\/fundacioncajaruraldelsur.com\/pt\/caja-rural-del-sur-refuerza-su-apoyo-a-la-actividad-cultural-y-social-del-ateneo-de-sevilla\/","og_locale":"pt_PT","og_type":"article","og_title":"Caja Rural del Sur refuerza su apoyo a la actividad cultural y social del Ateneo de Sevilla - Fundaci\u00f3n Caja Rural del Sur","og_description":"El presidente del Excmo. Ateneo de Sevilla, Emilio A. Boja Malav\u00e9, ha firmado en la sede de la Fundaci\u00f3n Caja Rural del Sur la renovaci\u00f3n del convenio de colaboraci\u00f3n con [&hellip;]","og_url":"https:\/\/fundacioncajaruraldelsur.com\/pt\/caja-rural-del-sur-refuerza-su-apoyo-a-la-actividad-cultural-y-social-del-ateneo-de-sevilla\/","og_site_name":"Fundaci\u00f3n Caja Rural del Sur","article_published_time":"2025-12-12T08:53:02+00:00","og_image":[{"width":1600,"height":1200,"url":"https:\/\/fundacioncajaruraldelsur.com\/wp-content\/uploads\/2025\/12\/Convenio-Ateneo-de-Sevilla-y-la-Fundacion-Caja-Rural.jpg","type":"image\/jpeg"}],"author":"Comunicaci\u00f3n","twitter_card":"summary_large_image","twitter_misc":{"Written by":"Comunicaci\u00f3n","Est. reading time":"1 minute"},"schema":{"@context":"https:\/\/schema.org","@graph":[{"@type":"Article","@id":"https:\/\/fundacioncajaruraldelsur.com\/caja-rural-del-sur-refuerza-su-apoyo-a-la-actividad-cultural-y-social-del-ateneo-de-sevilla\/#article","isPartOf":{"@id":"https:\/\/fundacioncajaruraldelsur.com\/caja-rural-del-sur-refuerza-su-apoyo-a-la-actividad-cultural-y-social-del-ateneo-de-sevilla\/"},"author":{"name":"Comunicaci\u00f3n","@id":"https:\/\/fundacioncajaruraldelsur.com\/#\/schema\/person\/f430da9fb783d505ff061ad8b3d44577"},"headline":"Caja Rural del Sur refuerza su apoyo a la actividad cultural y social del Ateneo de Sevilla","datePublished":"2025-12-12T08:53:02+00:00","mainEntityOfPage":{"@id":"https:\/\/fundacioncajaruraldelsur.com\/caja-rural-del-sur-refuerza-su-apoyo-a-la-actividad-cultural-y-social-del-ateneo-de-sevilla\/"},"wordCount":166,"image":{"@id":"https:\/\/fundacioncajaruraldelsur.com\/caja-rural-del-sur-refuerza-su-apoyo-a-la-actividad-cultural-y-social-del-ateneo-de-sevilla\/#primaryimage"},"thumbnailUrl":"https:\/\/fundacioncajaruraldelsur.com\/wp-content\/uploads\/2025\/12\/Convenio-Ateneo-de-Sevilla-y-la-Fundacion-Caja-Rural.jpg","articleSection":["Acci\u00f3n social"],"inLanguage":"pt-PT"},{"@type":"WebPage","@id":"https:\/\/fundacioncajaruraldelsur.com\/caja-rural-del-sur-refuerza-su-apoyo-a-la-actividad-cultural-y-social-del-ateneo-de-sevilla\/","url":"https:\/\/fundacioncajaruraldelsur.com\/caja-rural-del-sur-refuerza-su-apoyo-a-la-actividad-cultural-y-social-del-ateneo-de-sevilla\/","name":"Caja Rural del Sur refuerza su apoyo a la actividad cultural y social del Ateneo de Sevilla - Fundaci\u00f3n Caja Rural del Sur","isPartOf":{"@id":"https:\/\/fundacioncajaruraldelsur.com\/#website"},"primaryImageOfPage":{"@id":"https:\/\/fundacioncajaruraldelsur.com\/caja-rural-del-sur-refuerza-su-apoyo-a-la-actividad-cultural-y-social-del-ateneo-de-sevilla\/#primaryimage"},"image":{"@id":"https:\/\/fundacioncajaruraldelsur.com\/caja-rural-del-sur-refuerza-su-apoyo-a-la-actividad-cultural-y-social-del-ateneo-de-sevilla\/#primaryimage"},"thumbnailUrl":"https:\/\/fundacioncajaruraldelsur.com\/wp-content\/uploads\/2025\/12\/Convenio-Ateneo-de-Sevilla-y-la-Fundacion-Caja-Rural.jpg","datePublished":"2025-12-12T08:53:02+00:00","author":{"@id":"https:\/\/fundacioncajaruraldelsur.com\/#\/schema\/person\/f430da9fb783d505ff061ad8b3d44577"},"breadcrumb":{"@id":"https:\/\/fundacioncajaruraldelsur.com\/caja-rural-del-sur-refuerza-su-apoyo-a-la-actividad-cultural-y-social-del-ateneo-de-sevilla\/#breadcrumb"},"inLanguage":"pt-PT","potentialAction":[{"@type":"ReadAction","target":["https:\/\/fundacioncajaruraldelsur.com\/caja-rural-del-sur-refuerza-su-apoyo-a-la-actividad-cultural-y-social-del-ateneo-de-sevilla\/"]}]},{"@type":"ImageObject","inLanguage":"pt-PT","@id":"https:\/\/fundacioncajaruraldelsur.com\/caja-rural-del-sur-refuerza-su-apoyo-a-la-actividad-cultural-y-social-del-ateneo-de-sevilla\/#primaryimage","url":"https:\/\/fundacioncajaruraldelsur.com\/wp-content\/uploads\/2025\/12\/Convenio-Ateneo-de-Sevilla-y-la-Fundacion-Caja-Rural.jpg","contentUrl":"https:\/\/fundacioncajaruraldelsur.com\/wp-content\/uploads\/2025\/12\/Convenio-Ateneo-de-Sevilla-y-la-Fundacion-Caja-Rural.jpg","width":1600,"height":1200},{"@type":"BreadcrumbList","@id":"https:\/\/fundacioncajaruraldelsur.com\/caja-rural-del-sur-refuerza-su-apoyo-a-la-actividad-cultural-y-social-del-ateneo-de-sevilla\/#breadcrumb","itemListElement":[{"@type":"ListItem","position":1,"name":"Portada","item":"https:\/\/fundacioncajaruraldelsur.com\/"},{"@type":"ListItem","position":2,"name":"Caja Rural del Sur refuerza su apoyo a la actividad cultural y social del Ateneo de Sevilla"}]},{"@type":"WebSite","@id":"https:\/\/fundacioncajaruraldelsur.com\/#website","url":"https:\/\/fundacioncajaruraldelsur.com\/","name":"Funda\u00e7\u00e3o Caja Rural del Sur","description":"","potentialAction":[{"@type":"SearchAction","target":{"@type":"EntryPoint","urlTemplate":"https:\/\/fundacioncajaruraldelsur.com\/?s={search_term_string}"},"query-input":{"@type":"PropertyValueSpecification","valueRequired":true,"valueName":"search_term_string"}}],"inLanguage":"pt-PT"},{"@type":"Person","@id":"https:\/\/fundacioncajaruraldelsur.com\/#\/schema\/person\/f430da9fb783d505ff061ad8b3d44577","name":"Comunicaci\u00f3n","image":{"@type":"ImageObject","inLanguage":"pt-PT","@id":"https:\/\/secure.gravatar.com\/avatar\/0dca239875993680bac4603ad2de7942da018f52cc3a244578e0b3b09314a8d8?s=96&d=blank&r=g","url":"https:\/\/secure.gravatar.com\/avatar\/0dca239875993680bac4603ad2de7942da018f52cc3a244578e0b3b09314a8d8?s=96&d=blank&r=g","contentUrl":"https:\/\/secure.gravatar.com\/avatar\/0dca239875993680bac4603ad2de7942da018f52cc3a244578e0b3b09314a8d8?s=96&d=blank&r=g","caption":"Comunicaci\u00f3n"}}]}},"rttpg_featured_image_url":{"full":["https:\/\/fundacioncajaruraldelsur.com\/wp-content\/uploads\/2025\/12\/Convenio-Ateneo-de-Sevilla-y-la-Fundacion-Caja-Rural.jpg",1600,1200,false],"landscape":["https:\/\/fundacioncajaruraldelsur.com\/wp-content\/uploads\/2025\/12\/Convenio-Ateneo-de-Sevilla-y-la-Fundacion-Caja-Rural.jpg",1600,1200,false],"portraits":["https:\/\/fundacioncajaruraldelsur.com\/wp-content\/uploads\/2025\/12\/Convenio-Ateneo-de-Sevilla-y-la-Fundacion-Caja-Rural.jpg",1600,1200,false],"thumbnail":["https:\/\/fundacioncajaruraldelsur.com\/wp-content\/uploads\/2025\/12\/Convenio-Ateneo-de-Sevilla-y-la-Fundacion-Caja-Rural-150x150.jpg",150,150,true],"medium":["https:\/\/fundacioncajaruraldelsur.com\/wp-content\/uploads\/2025\/12\/Convenio-Ateneo-de-Sevilla-y-la-Fundacion-Caja-Rural-300x225.jpg",300,225,true],"large":["https:\/\/fundacioncajaruraldelsur.com\/wp-content\/uploads\/2025\/12\/Convenio-Ateneo-de-Sevilla-y-la-Fundacion-Caja-Rural-1024x768.jpg",960,720,true],"1536x1536":["https:\/\/fundacioncajaruraldelsur.com\/wp-content\/uploads\/2025\/12\/Convenio-Ateneo-de-Sevilla-y-la-Fundacion-Caja-Rural-1536x1152.jpg",1536,1152,true],"2048x2048":["https:\/\/fundacioncajaruraldelsur.com\/wp-content\/uploads\/2025\/12\/Convenio-Ateneo-de-Sevilla-y-la-Fundacion-Caja-Rural.jpg",1600,1200,false],"trp-custom-language-flag":["https:\/\/fundacioncajaruraldelsur.com\/wp-content\/uploads\/2025\/12\/Convenio-Ateneo-de-Sevilla-y-la-Fundacion-Caja-Rural.jpg",16,12,false],"blog-thumbnail":["https:\/\/fundacioncajaruraldelsur.com\/wp-content\/uploads\/2025\/12\/Convenio-Ateneo-de-Sevilla-y-la-Fundacion-Caja-Rural-400x200.jpg",400,200,true]},"rttpg_author":{"display_name":"Comunicaci\u00f3n","author_link":"https:\/\/fundacioncajaruraldelsur.com\/pt\/author\/sevillaadmin\/"},"rttpg_comment":0,"rttpg_category":"<a href=\"https:\/\/fundacioncajaruraldelsur.com\/pt\/category\/accion-social\/\" rel=\"category tag\">Acci\u00f3n social<\/a>","rttpg_excerpt":"El presidente del Excmo. Ateneo de Sevilla, Emilio A. Boja Malav\u00e9, ha firmado en la sede de la Fundaci\u00f3n Caja Rural del Sur la renovaci\u00f3n del convenio de colaboraci\u00f3n con [&hellip;]","_links":{"self":[{"href":"https:\/\/fundacioncajaruraldelsur.com\/pt\/wp-json\/wp\/v2\/posts\/11788","targetHints":{"allow":["GET"]}}],"collection":[{"href":"https:\/\/fundacioncajaruraldelsur.com\/pt\/wp-json\/wp\/v2\/posts"}],"about":[{"href":"https:\/\/fundacioncajaruraldelsur.com\/pt\/wp-json\/wp\/v2\/types\/post"}],"author":[{"embeddable":true,"href":"https:\/\/fundacioncajaruraldelsur.com\/pt\/wp-json\/wp\/v2\/users\/6"}],"replies":[{"embeddable":true,"href":"https:\/\/fundacioncajaruraldelsur.com\/pt\/wp-json\/wp\/v2\/comments?post=11788"}],"version-history":[{"count":1,"href":"https:\/\/fundacioncajaruraldelsur.com\/pt\/wp-json\/wp\/v2\/posts\/11788\/revisions"}],"predecessor-version":[{"id":11793,"href":"https:\/\/fundacioncajaruraldelsur.com\/pt\/wp-json\/wp\/v2\/posts\/11788\/revisions\/11793"}],"wp:featuredmedia":[{"embeddable":true,"href":"https:\/\/fundacioncajaruraldelsur.com\/pt\/wp-json\/wp\/v2\/media\/11792"}],"wp:attachment":[{"href":"https:\/\/fundacioncajaruraldelsur.com\/pt\/wp-json\/wp\/v2\/media?parent=11788"}],"wp:term":[{"taxonomy":"category","embeddable":true,"href":"https:\/\/fundacioncajaruraldelsur.com\/pt\/wp-json\/wp\/v2\/categories?post=11788"},{"taxonomy":"post_tag","embeddable":true,"href":"https:\/\/fundacioncajaruraldelsur.com\/pt\/wp-json\/wp\/v2\/tags?post=11788"}],"curies":[{"name":"wp","href":"https:\/\/api.w.org\/{rel}","templated":true}]}}