{"id":11772,"date":"2025-12-05T20:36:15","date_gmt":"2025-12-05T19:36:15","guid":{"rendered":"https:\/\/fundacioncajaruraldelsur.com\/?p=11772"},"modified":"2025-12-05T20:36:15","modified_gmt":"2025-12-05T19:36:15","slug":"hecho-en-huelva-pone-en-valor-el-caracter-estrategico-del-sector-agroalimentario-onubense","status":"publish","type":"post","link":"https:\/\/fundacioncajaruraldelsur.com\/pt\/hecho-en-huelva-pone-en-valor-el-caracter-estrategico-del-sector-agroalimentario-onubense\/","title":{"rendered":"Hecho en Huelva pone en valor el \u201ccar\u00e1cter estrat\u00e9gico\u201d del sector agroalimentario onubense"},"content":{"rendered":"<p><strong>Este viernes, 5 de diciembre, ha tenido lugar una nueva edici\u00f3n de Hecho en Huelva, el foro dedicado al sector agroalimentario promovido por la Fundaci\u00f3n Caja Rural del Sur<\/strong> en colaboraci\u00f3n con la Diputaci\u00f3n de Huelva. La cita se ha desarrollado en el Foro Iberoamericano de La R\u00e1bida, en Palos de la Frontera, donde el presidente de la entidad financiera, Jos\u00e9 Luis Garc\u00eda-Palacios, ha subrayado que \u201cla agroalimentaci\u00f3n es un sector estrat\u00e9gico para la econom\u00eda de Huelva\u201d. Remarc\u00f3\u00a0igualmente \u201cla importancia de origen, que es fruto del esfuerzo diario de hombres y mujeres para dar lo mejor de nosotros mismos\u201d.<\/p>\n<p>El presidente de la Fundaci\u00f3n Caja Rural del Sur hizo referencia tambi\u00e9n a los desaf\u00edos que encara la agroindustria onubense. En el plano interno, defendi\u00f3 la necesidad \u201cpara seguir invirtiendo y proyectando la imagen de Huelva\u201d. En el plano externo, reclam\u00f3 \u201clas inversiones necesarias por parte de las administraciones para el sector y que pasan por el agua y la mejora de la competitividad frente a la competencia desleal\u201d.<\/p>\n<p>Por su parte, el presidente de la Diputaci\u00f3n de Huelva insisti\u00f3 en \u201cla importancia de trabajar unidas todas las administraciones para hacer m\u00e1s grande esta tierra\u201d y ha querido dejar claro que \u201clo he hecho en Huelva est\u00e1 muy bien hecho\u201d. Toscano ha incidido adem\u00e1s en que \u201cno se puede concebir el sector, sin tener en cuenta el origen, la de ese el campo o el mar de Huelva, inigualables\u201d.<\/p>\n<p>El responsable de la instituci\u00f3n provincial defendi\u00f3 que, \u201cestando todos unidos, se facilita la proyecci\u00f3n de los productos de Huelva y se extrapola la imagen de Huelva todo el mundo\u201d.<\/p>\n<p>El secretario general de Agricultura, Pesca y Agua de la Junta de Andaluc\u00eda, Manuel G\u00f3mez Galera, ha resaltado \u201cla cercan\u00eda de una administraci\u00f3n para apoyar a un sector tan din\u00e1mico y estrat\u00e9gico como es el agroalimentario\u201d.<\/p>\n<p>G\u00f3mez Galera ha apostado por \u201ccelebrar encuentros, como Hecho en Huelva para seguir llevando la calidad de los productos a todo el mundo y seguir siendo l\u00edderes en los mercados\u201d. Asimismo, ha recordado que \u201cdesde la consejer\u00eda estamos luchando por mejorar aspectos como el agua, el relevo generacional y todos los aspectos que permitan a nuestra agroindustria seguir siendo competitiva\u201d.<\/p>\n<p>La alcaldesa de Palos de la Frontera, Milagros Romero, ha puesto de relieve que, tanto en su localidad como en el conjunto de la provincia, \u201cla agroalimentaci\u00f3n es un motor econ\u00f3mico esencial y son muchas, miles, las familias que viven al campo, la ganader\u00eda o el mar\u201d. Romero ha subrayado que \u201cprueba de esta calidad y producci\u00f3n es que Huelva sigue siendo la aut\u00e9ntica despensa de Europa con productos variados y de m\u00e1xima calidad\u201d.<\/p>\n<p>La regidora palerma ha se\u00f1alado que \u201choy es el d\u00eda de rendir homenaje a esos hombres y mujeres que permiten a Huelva tener tanto que dar y ofrecer y de los que nos tenemos que sentir tan orgullosos\u201d.<\/p>\n<h3>Di\u00e1logo sobre retos y oportunidades del sector<\/h3>\n<p>El programa de Hecho en Huelva ha incluido una mesa de di\u00e1logo en la que han participado el presidente de la Diputaci\u00f3n de Huelva, David Toscano; el presidente de Caja Rural del Sur y de su fundaci\u00f3n, Jos\u00e9 Luis Garc\u00eda-Palacios; el secretario general de Agricultura, Pesca y Alimentaci\u00f3n de la Consejer\u00eda de Agricultura, Pesca, Alimentaci\u00f3n y Desarrollo Rural de la Junta de Andaluc\u00eda, Manuel G\u00f3mez Galera, y el profesor de San Telmo Business School, Jos\u00e9 Manuel Cansino Mu\u00f1oz-Repiso, doctor en Econom\u00eda y diplomado en Alta Direcci\u00f3n de Empresa.<\/p>\n<p>En este espacio se han analizado los principales retos y oportunidades del sector agroalimentario en la provincia, su aportaci\u00f3n a la sostenibilidad, el peso econ\u00f3mico que representa y su potencial para dinamizar actividades vinculadas como el turismo gastron\u00f3mico y la promoci\u00f3n del destino Huelva.<\/p>\n<p>Tras el debate, se ha presentado el Anuario de la Agroalimentaci\u00f3n de la Provincia de Huelva 2024, un informe que recoge de forma gr\u00e1fica la evoluci\u00f3n reciente del sector, con datos clave de producci\u00f3n, crecimiento empresarial, indicadores de mercado y tendencias estrat\u00e9gicas, constituy\u00e9ndose en una herramienta de referencia para el seguimiento y la planificaci\u00f3n del desarrollo agroalimentario onubense.<\/p>\n<p>La jornada ha concluido con una degustaci\u00f3n de productos de origen cien por cien de Huelva, emplazando a los asistentes a reencontrarse en la edici\u00f3n 2026 de Hecho en Huelva.<\/p>\n<p><a href=\"https:\/\/fundacioncajaruraldelsur.com\/wp-content\/uploads\/2025\/12\/fotonoticia_20251205174358_1920-1140x815-1.jpg\" rel=\"lightbox-0\"><img loading=\"lazy\" decoding=\"async\" class=\"wp-image-11774 size-full aligncenter\" src=\"https:\/\/fundacioncajaruraldelsur.com\/wp-content\/uploads\/2025\/12\/fotonoticia_20251205174358_1920-1140x815-1.jpg\" alt=\"\" width=\"1140\" height=\"815\" srcset=\"https:\/\/fundacioncajaruraldelsur.com\/wp-content\/uploads\/2025\/12\/fotonoticia_20251205174358_1920-1140x815-1.jpg 1140w, https:\/\/fundacioncajaruraldelsur.com\/wp-content\/uploads\/2025\/12\/fotonoticia_20251205174358_1920-1140x815-1-300x214.jpg 300w, https:\/\/fundacioncajaruraldelsur.com\/wp-content\/uploads\/2025\/12\/fotonoticia_20251205174358_1920-1140x815-1-1024x732.jpg 1024w, https:\/\/fundacioncajaruraldelsur.com\/wp-content\/uploads\/2025\/12\/fotonoticia_20251205174358_1920-1140x815-1-768x549.jpg 768w\" sizes=\"auto, (max-width: 1140px) 100vw, 1140px\" \/><\/a><\/p>","protected":false},"excerpt":{"rendered":"<p>Este viernes, 5 de diciembre, ha tenido lugar una nueva edici\u00f3n de Hecho en Huelva, el foro dedicado al sector agroalimentario promovido por la Fundaci\u00f3n Caja Rural del Sur en [&hellip;]<\/p>\n","protected":false},"author":6,"featured_media":11773,"comment_status":"closed","ping_status":"closed","sticky":false,"template":"","format":"standard","meta":{"footnotes":""},"categories":[90],"tags":[],"class_list":["post-11772","post","type-post","status-publish","format-standard","has-post-thumbnail","hentry","category-iniciativa-empresarial"],"yoast_head":"<!-- This site is optimized with the Yoast SEO plugin v27.3 - https:\/\/yoast.com\/product\/yoast-seo-wordpress\/ -->\n<title>Hecho en Huelva pone en valor el \u201ccar\u00e1cter estrat\u00e9gico\u201d del sector agroalimentario onubense - Fundaci\u00f3n Caja Rural del Sur<\/title>\n<meta name=\"robots\" content=\"index, follow, max-snippet:-1, max-image-preview:large, max-video-preview:-1\" \/>\n<link rel=\"canonical\" href=\"https:\/\/fundacioncajaruraldelsur.com\/pt\/hecho-en-huelva-pone-en-valor-el-caracter-estrategico-del-sector-agroalimentario-onubense\/\" \/>\n<meta property=\"og:locale\" content=\"pt_PT\" \/>\n<meta property=\"og:type\" content=\"article\" \/>\n<meta property=\"og:title\" content=\"Hecho en Huelva pone en valor el \u201ccar\u00e1cter estrat\u00e9gico\u201d del sector agroalimentario onubense - Fundaci\u00f3n Caja Rural del Sur\" \/>\n<meta property=\"og:description\" content=\"Este viernes, 5 de diciembre, ha tenido lugar una nueva edici\u00f3n de Hecho en Huelva, el foro dedicado al sector agroalimentario promovido por la Fundaci\u00f3n Caja Rural del Sur en [&hellip;]\" \/>\n<meta property=\"og:url\" content=\"https:\/\/fundacioncajaruraldelsur.com\/pt\/hecho-en-huelva-pone-en-valor-el-caracter-estrategico-del-sector-agroalimentario-onubense\/\" \/>\n<meta property=\"og:site_name\" content=\"Fundaci\u00f3n Caja Rural del Sur\" \/>\n<meta property=\"article:published_time\" content=\"2025-12-05T19:36:15+00:00\" \/>\n<meta property=\"og:image\" content=\"https:\/\/fundacioncajaruraldelsur.com\/wp-content\/uploads\/2025\/12\/Captura-de-pantalla-2025-12-05-203348.png\" \/>\n\t<meta property=\"og:image:width\" content=\"727\" \/>\n\t<meta property=\"og:image:height\" content=\"408\" \/>\n\t<meta property=\"og:image:type\" content=\"image\/png\" \/>\n<meta name=\"author\" content=\"Comunicaci\u00f3n\" \/>\n<meta name=\"twitter:card\" content=\"summary_large_image\" \/>\n<meta name=\"twitter:label1\" content=\"Written by\" \/>\n\t<meta name=\"twitter:data1\" content=\"Comunicaci\u00f3n\" \/>\n\t<meta name=\"twitter:label2\" content=\"Est. reading time\" \/>\n\t<meta name=\"twitter:data2\" content=\"4 minutes\" \/>\n<script type=\"application\/ld+json\" class=\"yoast-schema-graph\">{\"@context\":\"https:\\\/\\\/schema.org\",\"@graph\":[{\"@type\":\"Article\",\"@id\":\"https:\\\/\\\/fundacioncajaruraldelsur.com\\\/hecho-en-huelva-pone-en-valor-el-caracter-estrategico-del-sector-agroalimentario-onubense\\\/#article\",\"isPartOf\":{\"@id\":\"https:\\\/\\\/fundacioncajaruraldelsur.com\\\/hecho-en-huelva-pone-en-valor-el-caracter-estrategico-del-sector-agroalimentario-onubense\\\/\"},\"author\":{\"name\":\"Comunicaci\u00f3n\",\"@id\":\"https:\\\/\\\/fundacioncajaruraldelsur.com\\\/#\\\/schema\\\/person\\\/f430da9fb783d505ff061ad8b3d44577\"},\"headline\":\"Hecho en Huelva pone en valor el \u201ccar\u00e1cter estrat\u00e9gico\u201d del sector agroalimentario onubense\",\"datePublished\":\"2025-12-05T19:36:15+00:00\",\"mainEntityOfPage\":{\"@id\":\"https:\\\/\\\/fundacioncajaruraldelsur.com\\\/hecho-en-huelva-pone-en-valor-el-caracter-estrategico-del-sector-agroalimentario-onubense\\\/\"},\"wordCount\":776,\"image\":{\"@id\":\"https:\\\/\\\/fundacioncajaruraldelsur.com\\\/hecho-en-huelva-pone-en-valor-el-caracter-estrategico-del-sector-agroalimentario-onubense\\\/#primaryimage\"},\"thumbnailUrl\":\"https:\\\/\\\/fundacioncajaruraldelsur.com\\\/wp-content\\\/uploads\\\/2025\\\/12\\\/Captura-de-pantalla-2025-12-05-203348.png\",\"articleSection\":[\"Iniciativa empresarial\"],\"inLanguage\":\"pt-PT\"},{\"@type\":\"WebPage\",\"@id\":\"https:\\\/\\\/fundacioncajaruraldelsur.com\\\/hecho-en-huelva-pone-en-valor-el-caracter-estrategico-del-sector-agroalimentario-onubense\\\/\",\"url\":\"https:\\\/\\\/fundacioncajaruraldelsur.com\\\/hecho-en-huelva-pone-en-valor-el-caracter-estrategico-del-sector-agroalimentario-onubense\\\/\",\"name\":\"Hecho en Huelva pone en valor el \u201ccar\u00e1cter estrat\u00e9gico\u201d del sector agroalimentario onubense - Fundaci\u00f3n Caja Rural del Sur\",\"isPartOf\":{\"@id\":\"https:\\\/\\\/fundacioncajaruraldelsur.com\\\/#website\"},\"primaryImageOfPage\":{\"@id\":\"https:\\\/\\\/fundacioncajaruraldelsur.com\\\/hecho-en-huelva-pone-en-valor-el-caracter-estrategico-del-sector-agroalimentario-onubense\\\/#primaryimage\"},\"image\":{\"@id\":\"https:\\\/\\\/fundacioncajaruraldelsur.com\\\/hecho-en-huelva-pone-en-valor-el-caracter-estrategico-del-sector-agroalimentario-onubense\\\/#primaryimage\"},\"thumbnailUrl\":\"https:\\\/\\\/fundacioncajaruraldelsur.com\\\/wp-content\\\/uploads\\\/2025\\\/12\\\/Captura-de-pantalla-2025-12-05-203348.png\",\"datePublished\":\"2025-12-05T19:36:15+00:00\",\"author\":{\"@id\":\"https:\\\/\\\/fundacioncajaruraldelsur.com\\\/#\\\/schema\\\/person\\\/f430da9fb783d505ff061ad8b3d44577\"},\"breadcrumb\":{\"@id\":\"https:\\\/\\\/fundacioncajaruraldelsur.com\\\/hecho-en-huelva-pone-en-valor-el-caracter-estrategico-del-sector-agroalimentario-onubense\\\/#breadcrumb\"},\"inLanguage\":\"pt-PT\",\"potentialAction\":[{\"@type\":\"ReadAction\",\"target\":[\"https:\\\/\\\/fundacioncajaruraldelsur.com\\\/hecho-en-huelva-pone-en-valor-el-caracter-estrategico-del-sector-agroalimentario-onubense\\\/\"]}]},{\"@type\":\"ImageObject\",\"inLanguage\":\"pt-PT\",\"@id\":\"https:\\\/\\\/fundacioncajaruraldelsur.com\\\/hecho-en-huelva-pone-en-valor-el-caracter-estrategico-del-sector-agroalimentario-onubense\\\/#primaryimage\",\"url\":\"https:\\\/\\\/fundacioncajaruraldelsur.com\\\/wp-content\\\/uploads\\\/2025\\\/12\\\/Captura-de-pantalla-2025-12-05-203348.png\",\"contentUrl\":\"https:\\\/\\\/fundacioncajaruraldelsur.com\\\/wp-content\\\/uploads\\\/2025\\\/12\\\/Captura-de-pantalla-2025-12-05-203348.png\",\"width\":727,\"height\":408},{\"@type\":\"BreadcrumbList\",\"@id\":\"https:\\\/\\\/fundacioncajaruraldelsur.com\\\/hecho-en-huelva-pone-en-valor-el-caracter-estrategico-del-sector-agroalimentario-onubense\\\/#breadcrumb\",\"itemListElement\":[{\"@type\":\"ListItem\",\"position\":1,\"name\":\"Portada\",\"item\":\"https:\\\/\\\/fundacioncajaruraldelsur.com\\\/\"},{\"@type\":\"ListItem\",\"position\":2,\"name\":\"Hecho en Huelva pone en valor el \u201ccar\u00e1cter estrat\u00e9gico\u201d del sector agroalimentario onubense\"}]},{\"@type\":\"WebSite\",\"@id\":\"https:\\\/\\\/fundacioncajaruraldelsur.com\\\/#website\",\"url\":\"https:\\\/\\\/fundacioncajaruraldelsur.com\\\/\",\"name\":\"Fundaci\u00f3n Caja Rural del Sur\",\"description\":\"\",\"potentialAction\":[{\"@type\":\"SearchAction\",\"target\":{\"@type\":\"EntryPoint\",\"urlTemplate\":\"https:\\\/\\\/fundacioncajaruraldelsur.com\\\/?s={search_term_string}\"},\"query-input\":{\"@type\":\"PropertyValueSpecification\",\"valueRequired\":true,\"valueName\":\"search_term_string\"}}],\"inLanguage\":\"pt-PT\"},{\"@type\":\"Person\",\"@id\":\"https:\\\/\\\/fundacioncajaruraldelsur.com\\\/#\\\/schema\\\/person\\\/f430da9fb783d505ff061ad8b3d44577\",\"name\":\"Comunicaci\u00f3n\",\"image\":{\"@type\":\"ImageObject\",\"inLanguage\":\"pt-PT\",\"@id\":\"https:\\\/\\\/secure.gravatar.com\\\/avatar\\\/0dca239875993680bac4603ad2de7942da018f52cc3a244578e0b3b09314a8d8?s=96&d=blank&r=g\",\"url\":\"https:\\\/\\\/secure.gravatar.com\\\/avatar\\\/0dca239875993680bac4603ad2de7942da018f52cc3a244578e0b3b09314a8d8?s=96&d=blank&r=g\",\"contentUrl\":\"https:\\\/\\\/secure.gravatar.com\\\/avatar\\\/0dca239875993680bac4603ad2de7942da018f52cc3a244578e0b3b09314a8d8?s=96&d=blank&r=g\",\"caption\":\"Comunicaci\u00f3n\"}}]}<\/script>\n<!-- \/ Yoast SEO plugin. -->","yoast_head_json":{"title":"Hecho en Huelva pone en valor el \u201ccar\u00e1cter estrat\u00e9gico\u201d del sector agroalimentario onubense - Fundaci\u00f3n Caja Rural del Sur","robots":{"index":"index","follow":"follow","max-snippet":"max-snippet:-1","max-image-preview":"max-image-preview:large","max-video-preview":"max-video-preview:-1"},"canonical":"https:\/\/fundacioncajaruraldelsur.com\/pt\/hecho-en-huelva-pone-en-valor-el-caracter-estrategico-del-sector-agroalimentario-onubense\/","og_locale":"pt_PT","og_type":"article","og_title":"Hecho en Huelva pone en valor el \u201ccar\u00e1cter estrat\u00e9gico\u201d del sector agroalimentario onubense - Fundaci\u00f3n Caja Rural del Sur","og_description":"Este viernes, 5 de diciembre, ha tenido lugar una nueva edici\u00f3n de Hecho en Huelva, el foro dedicado al sector agroalimentario promovido por la Fundaci\u00f3n Caja Rural del Sur en [&hellip;]","og_url":"https:\/\/fundacioncajaruraldelsur.com\/pt\/hecho-en-huelva-pone-en-valor-el-caracter-estrategico-del-sector-agroalimentario-onubense\/","og_site_name":"Fundaci\u00f3n Caja Rural del Sur","article_published_time":"2025-12-05T19:36:15+00:00","og_image":[{"width":727,"height":408,"url":"https:\/\/fundacioncajaruraldelsur.com\/wp-content\/uploads\/2025\/12\/Captura-de-pantalla-2025-12-05-203348.png","type":"image\/png"}],"author":"Comunicaci\u00f3n","twitter_card":"summary_large_image","twitter_misc":{"Written by":"Comunicaci\u00f3n","Est. reading time":"4 minutes"},"schema":{"@context":"https:\/\/schema.org","@graph":[{"@type":"Article","@id":"https:\/\/fundacioncajaruraldelsur.com\/hecho-en-huelva-pone-en-valor-el-caracter-estrategico-del-sector-agroalimentario-onubense\/#article","isPartOf":{"@id":"https:\/\/fundacioncajaruraldelsur.com\/hecho-en-huelva-pone-en-valor-el-caracter-estrategico-del-sector-agroalimentario-onubense\/"},"author":{"name":"Comunicaci\u00f3n","@id":"https:\/\/fundacioncajaruraldelsur.com\/#\/schema\/person\/f430da9fb783d505ff061ad8b3d44577"},"headline":"Hecho en Huelva pone en valor el \u201ccar\u00e1cter estrat\u00e9gico\u201d del sector agroalimentario onubense","datePublished":"2025-12-05T19:36:15+00:00","mainEntityOfPage":{"@id":"https:\/\/fundacioncajaruraldelsur.com\/hecho-en-huelva-pone-en-valor-el-caracter-estrategico-del-sector-agroalimentario-onubense\/"},"wordCount":776,"image":{"@id":"https:\/\/fundacioncajaruraldelsur.com\/hecho-en-huelva-pone-en-valor-el-caracter-estrategico-del-sector-agroalimentario-onubense\/#primaryimage"},"thumbnailUrl":"https:\/\/fundacioncajaruraldelsur.com\/wp-content\/uploads\/2025\/12\/Captura-de-pantalla-2025-12-05-203348.png","articleSection":["Iniciativa empresarial"],"inLanguage":"pt-PT"},{"@type":"WebPage","@id":"https:\/\/fundacioncajaruraldelsur.com\/hecho-en-huelva-pone-en-valor-el-caracter-estrategico-del-sector-agroalimentario-onubense\/","url":"https:\/\/fundacioncajaruraldelsur.com\/hecho-en-huelva-pone-en-valor-el-caracter-estrategico-del-sector-agroalimentario-onubense\/","name":"Hecho en Huelva pone en valor el \u201ccar\u00e1cter estrat\u00e9gico\u201d del sector agroalimentario onubense - Fundaci\u00f3n Caja Rural del Sur","isPartOf":{"@id":"https:\/\/fundacioncajaruraldelsur.com\/#website"},"primaryImageOfPage":{"@id":"https:\/\/fundacioncajaruraldelsur.com\/hecho-en-huelva-pone-en-valor-el-caracter-estrategico-del-sector-agroalimentario-onubense\/#primaryimage"},"image":{"@id":"https:\/\/fundacioncajaruraldelsur.com\/hecho-en-huelva-pone-en-valor-el-caracter-estrategico-del-sector-agroalimentario-onubense\/#primaryimage"},"thumbnailUrl":"https:\/\/fundacioncajaruraldelsur.com\/wp-content\/uploads\/2025\/12\/Captura-de-pantalla-2025-12-05-203348.png","datePublished":"2025-12-05T19:36:15+00:00","author":{"@id":"https:\/\/fundacioncajaruraldelsur.com\/#\/schema\/person\/f430da9fb783d505ff061ad8b3d44577"},"breadcrumb":{"@id":"https:\/\/fundacioncajaruraldelsur.com\/hecho-en-huelva-pone-en-valor-el-caracter-estrategico-del-sector-agroalimentario-onubense\/#breadcrumb"},"inLanguage":"pt-PT","potentialAction":[{"@type":"ReadAction","target":["https:\/\/fundacioncajaruraldelsur.com\/hecho-en-huelva-pone-en-valor-el-caracter-estrategico-del-sector-agroalimentario-onubense\/"]}]},{"@type":"ImageObject","inLanguage":"pt-PT","@id":"https:\/\/fundacioncajaruraldelsur.com\/hecho-en-huelva-pone-en-valor-el-caracter-estrategico-del-sector-agroalimentario-onubense\/#primaryimage","url":"https:\/\/fundacioncajaruraldelsur.com\/wp-content\/uploads\/2025\/12\/Captura-de-pantalla-2025-12-05-203348.png","contentUrl":"https:\/\/fundacioncajaruraldelsur.com\/wp-content\/uploads\/2025\/12\/Captura-de-pantalla-2025-12-05-203348.png","width":727,"height":408},{"@type":"BreadcrumbList","@id":"https:\/\/fundacioncajaruraldelsur.com\/hecho-en-huelva-pone-en-valor-el-caracter-estrategico-del-sector-agroalimentario-onubense\/#breadcrumb","itemListElement":[{"@type":"ListItem","position":1,"name":"Portada","item":"https:\/\/fundacioncajaruraldelsur.com\/"},{"@type":"ListItem","position":2,"name":"Hecho en Huelva pone en valor el \u201ccar\u00e1cter estrat\u00e9gico\u201d del sector agroalimentario onubense"}]},{"@type":"WebSite","@id":"https:\/\/fundacioncajaruraldelsur.com\/#website","url":"https:\/\/fundacioncajaruraldelsur.com\/","name":"Funda\u00e7\u00e3o Caja Rural del Sur","description":"","potentialAction":[{"@type":"SearchAction","target":{"@type":"EntryPoint","urlTemplate":"https:\/\/fundacioncajaruraldelsur.com\/?s={search_term_string}"},"query-input":{"@type":"PropertyValueSpecification","valueRequired":true,"valueName":"search_term_string"}}],"inLanguage":"pt-PT"},{"@type":"Person","@id":"https:\/\/fundacioncajaruraldelsur.com\/#\/schema\/person\/f430da9fb783d505ff061ad8b3d44577","name":"Comunicaci\u00f3n","image":{"@type":"ImageObject","inLanguage":"pt-PT","@id":"https:\/\/secure.gravatar.com\/avatar\/0dca239875993680bac4603ad2de7942da018f52cc3a244578e0b3b09314a8d8?s=96&d=blank&r=g","url":"https:\/\/secure.gravatar.com\/avatar\/0dca239875993680bac4603ad2de7942da018f52cc3a244578e0b3b09314a8d8?s=96&d=blank&r=g","contentUrl":"https:\/\/secure.gravatar.com\/avatar\/0dca239875993680bac4603ad2de7942da018f52cc3a244578e0b3b09314a8d8?s=96&d=blank&r=g","caption":"Comunicaci\u00f3n"}}]}},"rttpg_featured_image_url":{"full":["https:\/\/fundacioncajaruraldelsur.com\/wp-content\/uploads\/2025\/12\/Captura-de-pantalla-2025-12-05-203348.png",727,408,false],"landscape":["https:\/\/fundacioncajaruraldelsur.com\/wp-content\/uploads\/2025\/12\/Captura-de-pantalla-2025-12-05-203348.png",727,408,false],"portraits":["https:\/\/fundacioncajaruraldelsur.com\/wp-content\/uploads\/2025\/12\/Captura-de-pantalla-2025-12-05-203348.png",727,408,false],"thumbnail":["https:\/\/fundacioncajaruraldelsur.com\/wp-content\/uploads\/2025\/12\/Captura-de-pantalla-2025-12-05-203348-150x150.png",150,150,true],"medium":["https:\/\/fundacioncajaruraldelsur.com\/wp-content\/uploads\/2025\/12\/Captura-de-pantalla-2025-12-05-203348-300x168.png",300,168,true],"large":["https:\/\/fundacioncajaruraldelsur.com\/wp-content\/uploads\/2025\/12\/Captura-de-pantalla-2025-12-05-203348.png",727,408,false],"1536x1536":["https:\/\/fundacioncajaruraldelsur.com\/wp-content\/uploads\/2025\/12\/Captura-de-pantalla-2025-12-05-203348.png",727,408,false],"2048x2048":["https:\/\/fundacioncajaruraldelsur.com\/wp-content\/uploads\/2025\/12\/Captura-de-pantalla-2025-12-05-203348.png",727,408,false],"trp-custom-language-flag":["https:\/\/fundacioncajaruraldelsur.com\/wp-content\/uploads\/2025\/12\/Captura-de-pantalla-2025-12-05-203348.png",18,10,false],"blog-thumbnail":["https:\/\/fundacioncajaruraldelsur.com\/wp-content\/uploads\/2025\/12\/Captura-de-pantalla-2025-12-05-203348-400x200.png",400,200,true]},"rttpg_author":{"display_name":"Comunicaci\u00f3n","author_link":"https:\/\/fundacioncajaruraldelsur.com\/pt\/author\/sevillaadmin\/"},"rttpg_comment":0,"rttpg_category":"<a href=\"https:\/\/fundacioncajaruraldelsur.com\/pt\/category\/iniciativa-empresarial\/\" rel=\"category tag\">Iniciativa empresarial<\/a>","rttpg_excerpt":"Este viernes, 5 de diciembre, ha tenido lugar una nueva edici\u00f3n de Hecho en Huelva, el foro dedicado al sector agroalimentario promovido por la Fundaci\u00f3n Caja Rural del Sur en [&hellip;]","_links":{"self":[{"href":"https:\/\/fundacioncajaruraldelsur.com\/pt\/wp-json\/wp\/v2\/posts\/11772","targetHints":{"allow":["GET"]}}],"collection":[{"href":"https:\/\/fundacioncajaruraldelsur.com\/pt\/wp-json\/wp\/v2\/posts"}],"about":[{"href":"https:\/\/fundacioncajaruraldelsur.com\/pt\/wp-json\/wp\/v2\/types\/post"}],"author":[{"embeddable":true,"href":"https:\/\/fundacioncajaruraldelsur.com\/pt\/wp-json\/wp\/v2\/users\/6"}],"replies":[{"embeddable":true,"href":"https:\/\/fundacioncajaruraldelsur.com\/pt\/wp-json\/wp\/v2\/comments?post=11772"}],"version-history":[{"count":1,"href":"https:\/\/fundacioncajaruraldelsur.com\/pt\/wp-json\/wp\/v2\/posts\/11772\/revisions"}],"predecessor-version":[{"id":11775,"href":"https:\/\/fundacioncajaruraldelsur.com\/pt\/wp-json\/wp\/v2\/posts\/11772\/revisions\/11775"}],"wp:featuredmedia":[{"embeddable":true,"href":"https:\/\/fundacioncajaruraldelsur.com\/pt\/wp-json\/wp\/v2\/media\/11773"}],"wp:attachment":[{"href":"https:\/\/fundacioncajaruraldelsur.com\/pt\/wp-json\/wp\/v2\/media?parent=11772"}],"wp:term":[{"taxonomy":"category","embeddable":true,"href":"https:\/\/fundacioncajaruraldelsur.com\/pt\/wp-json\/wp\/v2\/categories?post=11772"},{"taxonomy":"post_tag","embeddable":true,"href":"https:\/\/fundacioncajaruraldelsur.com\/pt\/wp-json\/wp\/v2\/tags?post=11772"}],"curies":[{"name":"wp","href":"https:\/\/api.w.org\/{rel}","templated":true}]}}