{"id":11763,"date":"2025-12-04T09:45:41","date_gmt":"2025-12-04T08:45:41","guid":{"rendered":"https:\/\/fundacioncajaruraldelsur.com\/?p=11763"},"modified":"2025-12-04T09:45:41","modified_gmt":"2025-12-04T08:45:41","slug":"caja-rural-del-sur-y-ceu-inauguran-el-nacimiento-de-la-alegria-en-su-decimo-aniversario","status":"publish","type":"post","link":"https:\/\/fundacioncajaruraldelsur.com\/pt\/caja-rural-del-sur-y-ceu-inauguran-el-nacimiento-de-la-alegria-en-su-decimo-aniversario\/","title":{"rendered":"Caja Rural del Sur y CEU inauguran el \u2018Nacimiento de la Alegr\u00eda\u2019 en su d\u00e9cimo aniversario"},"content":{"rendered":"<p>A\u00a0<b>Funda\u00e7\u00e3o Caja Rural del Sur<\/b>\u00a0ha acogido la inauguraci\u00f3n y bendici\u00f3n del\u00a0<b>\u2018Nacimiento de la Alegr\u00eda\u2019<\/b>, una iniciativa que cumple su\u00a0<b>d\u00e9cima edici\u00f3n<\/b>\u00a0y que es fruto de la colaboraci\u00f3n entre\u00a0<b>COPE Sevilla<\/b>,\u00a0la\u00a0<b>Universidad CEU Fernando III<\/b>\u00a0y la propia\u00a0<b>Funda\u00e7\u00e3o Caja Rural del Sur<\/b>. El acto, que busca revalorizar la tradici\u00f3n cristiana del\u00a0<b>belenismo<\/b>, ha contado con la presencia del arzobispo de Sevilla,\u00a0<b>monse\u00f1or Jos\u00e9 \u00c1ngel Saiz Meneses<\/b>, quien fue el encargado de bendecir la instalaci\u00f3n, as\u00ed como con el Presidente de Caja Rural del Sur, Jos\u00e9 Luis Garc\u00eda-Palacios \u00c1lvarez, quien dio la bienvenida a los asistentes resaltando el valor de la Navidad para los cristianos.<\/p>\n<h3>Un bel\u00e9n con mensaje<\/h3>\n<p class=\"paragraph\">La obra es creaci\u00f3n de\u00a0<b>Jos\u00e9 \u00c1ngel Garc\u00eda<\/b>, galardonado con el\u00a0<b>Premio de Andaluc\u00eda de Belenismo 2023<\/b>. Se trata de un bel\u00e9n que representa un\u00a0<b>paisaje de monta\u00f1a nevado<\/b>\u00a0y que est\u00e1\u00a0<b>repleto de simbolog\u00eda<\/b>, con el objetivo de sumarse a las tradicionales\u00a0<b>rutas de belenes sevillanos<\/b>\u00a0que se visitan en familia durante estas fechas.<\/p>\n<div class=\"c-add-teads teads-inread\">\n<div class=\"teads-inread sm-screen\">\n<div>\n<div class=\"teads-ui-components-adchoices\">\n<p class=\"paragraph\">Durante el evento de inauguraci\u00f3n se ha dado lectura al\u00a0<b>relato del nacimiento del ni\u00f1o Jes\u00fas<\/b>\u00a0y se ha podido disfrutar de la actuaci\u00f3n de la\u00a0<b>Escolan\u00eda del Colegio CEU San Pablo<\/b>. Seg\u00fan ha explicado el director de\u00a0<b>COPE Sevilla<\/b>,\u00a0<b>Joaqu\u00edn L\u00f3pez-S\u00e1ez<\/b>, el objetivo es\u00a0<i>\u00abno olvidar el motivo de estas fiestas, que es la\u00a0<b>encarnaci\u00f3n del hijo del hombre<\/b>\u00ab.<\/i><\/p>\n<h3>La sustancia profunda de la Navidad<\/h3>\n<p class=\"paragraph\">En su intervenci\u00f3n,\u00a0<b>monse\u00f1or Jos\u00e9 \u00c1ngel Saiz Meneses<\/b>\u00a0ha invitado a ir m\u00e1s all\u00e1 del<i>\u00a0\u00abbuenismo\u00bb<\/i>\u00a0superficial de estas fiestas para capta<i>r \u00abla sustancia profunda\u00bb<\/i>. El arzobispo ha recordado que el\u00a0<b>Adviento<\/b>\u00a0es un tiempo de preparaci\u00f3n para el\u00a0<b>25 de diciembre<\/b>, y que la verdadera esencia es<i>\u00a0\u00abla\u00a0<b>encarnaci\u00f3n del hijo eterno de dios<\/b>\u00a0en las entra\u00f1as de Mar\u00eda, asumiendo una naturaleza igual en toda la nuestra, excepto en el pecado\u00bb.<\/i><\/p>\n<p class=\"paragraph\">Monse\u00f1or ha definido la\u00a0<b>Navidad<\/b>\u00a0como la<i>\u00a0\u00abfiesta de la esperanza\u00bb,<\/i>\u00a0del\u00a0<i>\u00abamor de Dios\u00bb\u00a0<\/i>y de la\u00a0<i>\u00abreconciliaci\u00f3n\u00bb<\/i>, y ha lanzado una advertencia sobre la importancia de la coherencia personal. En este sentido, ha afirmado que<i>\u00a0\u00ab<b>ser\u00eda una profanaci\u00f3n cantar villancicos ante el bel\u00e9n, mientras se alberga en el coraz\u00f3n el rencor, el odio, la divisi\u00f3n<\/b>\u00ab.<\/i><\/p>\n<p>Ha insistido en que la Navidad\u00a0<i>\u00abes la\u00a0<b>fiesta del amor y la unidad<\/b>\u00bb\u00a0<\/i>y del<i>\u00a0\u00abcompartir con todo hermano necesitado\u00bb<\/i>. Por ello, ha hecho un llamamiento a superar<i>\u00a0\u00abla rutina de lo que repetimos mec\u00e1nicamente cada a\u00f1o\u00bb<\/i>\u00a0y a acercarse al misterio con<i>\u00a0\u00abcapacidad de asombro\u00bb<\/i>\u00a0para poder recibir la salvaci\u00f3n y la paz.\u00a0<i>\u00ab<b>Navidad es vivir, compartir, irradiar la paz de Dios<\/b>\u00ab<\/i>, ha concluido.<\/p>\n<p>Por su parte,\u00a0<b>Joaqu\u00edn L\u00f3pez-S\u00e1ez<\/b>, director de\u00a0<b>COPE Sevilla<\/b>, ha se\u00f1alado que, aunque estas fechas son de<i>\u00a0\u00abcelebraciones, almuerzos, reuniones familiares, villancicos y jolgorios\u00bb,<\/i>\u00a0tambi\u00e9n deben ser\u00a0<i>\u00abd\u00edas de oraci\u00f3n, de un poco de recogimiento, y de acordarnos de quienes peor lo pasan\u00bb.<\/i>\u00a0Ha recordado a los que sufren\u00a0<i>\u00ablos\u00a0<b>horrores de la guerra<\/b>, el hambre, la falta de libertad<\/i>\u00a0o viven en soledad o con desesperanza\u00bb.<\/p>\n<h3>D\u00f3nde y cu\u00e1ndo visitarlo<\/h3>\n<p class=\"paragraph\">El &#8216;Nacimiento de la Alegr\u00eda&#8217; se encuentra en la sede de la\u00a0<b>Fundaci\u00f3n\u00a0Caja Rural del Sur<\/b>, en la\u00a0<b>Calle Murillo N\u00famero 2<\/b>, en pleno centro de\u00a0<b>Sevilla<\/b><\/p>\n<p>El horario de apertura se desarrollara desde este\u00a0<b>mi\u00e9rcoles 3 de diciembre<\/b>\u00a0hasta el pr\u00f3ximo\u00a0<b>viernes 2 de enero<\/b>. Se podr\u00e1 visitar de\u00a0<b>lunes a viernes<\/b>, excepto festivos, en horario de\u00a0<b>10:00 a 14:00<\/b>\u00a0y de\u00a0<b>17:00 a 21:00<\/b><\/p>\n<p><a href=\"https:\/\/fundacioncajaruraldelsur.com\/wp-content\/uploads\/2025\/12\/Captura-de-pantalla-2025-12-04-094237.png\" rel=\"lightbox-0\"><img loading=\"lazy\" decoding=\"async\" class=\"wp-image-11765 size-full aligncenter\" src=\"https:\/\/fundacioncajaruraldelsur.com\/wp-content\/uploads\/2025\/12\/Captura-de-pantalla-2025-12-04-094237.png\" alt=\"\" width=\"1198\" height=\"595\" srcset=\"https:\/\/fundacioncajaruraldelsur.com\/wp-content\/uploads\/2025\/12\/Captura-de-pantalla-2025-12-04-094237.png 1198w, https:\/\/fundacioncajaruraldelsur.com\/wp-content\/uploads\/2025\/12\/Captura-de-pantalla-2025-12-04-094237-300x149.png 300w, https:\/\/fundacioncajaruraldelsur.com\/wp-content\/uploads\/2025\/12\/Captura-de-pantalla-2025-12-04-094237-1024x509.png 1024w, https:\/\/fundacioncajaruraldelsur.com\/wp-content\/uploads\/2025\/12\/Captura-de-pantalla-2025-12-04-094237-768x381.png 768w, https:\/\/fundacioncajaruraldelsur.com\/wp-content\/uploads\/2025\/12\/Captura-de-pantalla-2025-12-04-094237-400x200.png 400w\" sizes=\"auto, (max-width: 1198px) 100vw, 1198px\" \/><\/a><\/p>\n<\/div>\n<\/div>\n<\/div>\n<\/div>","protected":false},"excerpt":{"rendered":"<p>La\u00a0Fundaci\u00f3n Caja Rural del Sur\u00a0ha acogido la inauguraci\u00f3n y bendici\u00f3n del\u00a0\u2018Nacimiento de la Alegr\u00eda\u2019, una iniciativa que cumple su\u00a0d\u00e9cima edici\u00f3n\u00a0y que es fruto de la colaboraci\u00f3n entre\u00a0COPE Sevilla,\u00a0la\u00a0Universidad CEU Fernando [&hellip;]<\/p>\n","protected":false},"author":6,"featured_media":11764,"comment_status":"closed","ping_status":"closed","sticky":false,"template":"","format":"standard","meta":{"footnotes":""},"categories":[66],"tags":[],"class_list":["post-11763","post","type-post","status-publish","format-standard","has-post-thumbnail","hentry","category-actos"],"yoast_head":"<!-- This site is optimized with the Yoast SEO plugin v27.3 - https:\/\/yoast.com\/product\/yoast-seo-wordpress\/ -->\n<title>Caja Rural del Sur y CEU inauguran el \u2018Nacimiento de la Alegr\u00eda\u2019 en su d\u00e9cimo aniversario - Fundaci\u00f3n Caja Rural del Sur<\/title>\n<meta name=\"robots\" content=\"index, follow, max-snippet:-1, max-image-preview:large, max-video-preview:-1\" \/>\n<link rel=\"canonical\" href=\"https:\/\/fundacioncajaruraldelsur.com\/pt\/caja-rural-del-sur-y-ceu-inauguran-el-nacimiento-de-la-alegria-en-su-decimo-aniversario\/\" \/>\n<meta property=\"og:locale\" content=\"pt_PT\" \/>\n<meta property=\"og:type\" content=\"article\" \/>\n<meta property=\"og:title\" content=\"Caja Rural del Sur y CEU inauguran el \u2018Nacimiento de la Alegr\u00eda\u2019 en su d\u00e9cimo aniversario - Fundaci\u00f3n Caja Rural del Sur\" \/>\n<meta property=\"og:description\" content=\"La\u00a0Fundaci\u00f3n Caja Rural del Sur\u00a0ha acogido la inauguraci\u00f3n y bendici\u00f3n del\u00a0\u2018Nacimiento de la Alegr\u00eda\u2019, una iniciativa que cumple su\u00a0d\u00e9cima edici\u00f3n\u00a0y que es fruto de la colaboraci\u00f3n entre\u00a0COPE Sevilla,\u00a0la\u00a0Universidad CEU Fernando [&hellip;]\" \/>\n<meta property=\"og:url\" content=\"https:\/\/fundacioncajaruraldelsur.com\/pt\/caja-rural-del-sur-y-ceu-inauguran-el-nacimiento-de-la-alegria-en-su-decimo-aniversario\/\" \/>\n<meta property=\"og:site_name\" content=\"Fundaci\u00f3n Caja Rural del Sur\" \/>\n<meta property=\"article:published_time\" content=\"2025-12-04T08:45:41+00:00\" \/>\n<meta property=\"og:image\" content=\"https:\/\/fundacioncajaruraldelsur.com\/wp-content\/uploads\/2025\/12\/PHOTO-2025-12-03-18-52-30-2.jpg\" \/>\n\t<meta property=\"og:image:width\" content=\"1600\" \/>\n\t<meta property=\"og:image:height\" content=\"1200\" \/>\n\t<meta property=\"og:image:type\" content=\"image\/jpeg\" \/>\n<meta name=\"author\" content=\"Comunicaci\u00f3n\" \/>\n<meta name=\"twitter:card\" content=\"summary_large_image\" \/>\n<meta name=\"twitter:label1\" content=\"Written by\" \/>\n\t<meta name=\"twitter:data1\" content=\"Comunicaci\u00f3n\" \/>\n\t<meta name=\"twitter:label2\" content=\"Est. reading time\" \/>\n\t<meta name=\"twitter:data2\" content=\"4 minutes\" \/>\n<script type=\"application\/ld+json\" class=\"yoast-schema-graph\">{\"@context\":\"https:\\\/\\\/schema.org\",\"@graph\":[{\"@type\":\"Article\",\"@id\":\"https:\\\/\\\/fundacioncajaruraldelsur.com\\\/caja-rural-del-sur-y-ceu-inauguran-el-nacimiento-de-la-alegria-en-su-decimo-aniversario\\\/#article\",\"isPartOf\":{\"@id\":\"https:\\\/\\\/fundacioncajaruraldelsur.com\\\/caja-rural-del-sur-y-ceu-inauguran-el-nacimiento-de-la-alegria-en-su-decimo-aniversario\\\/\"},\"author\":{\"name\":\"Comunicaci\u00f3n\",\"@id\":\"https:\\\/\\\/fundacioncajaruraldelsur.com\\\/#\\\/schema\\\/person\\\/f430da9fb783d505ff061ad8b3d44577\"},\"headline\":\"Caja Rural del Sur y CEU inauguran el \u2018Nacimiento de la Alegr\u00eda\u2019 en su d\u00e9cimo aniversario\",\"datePublished\":\"2025-12-04T08:45:41+00:00\",\"mainEntityOfPage\":{\"@id\":\"https:\\\/\\\/fundacioncajaruraldelsur.com\\\/caja-rural-del-sur-y-ceu-inauguran-el-nacimiento-de-la-alegria-en-su-decimo-aniversario\\\/\"},\"wordCount\":636,\"image\":{\"@id\":\"https:\\\/\\\/fundacioncajaruraldelsur.com\\\/caja-rural-del-sur-y-ceu-inauguran-el-nacimiento-de-la-alegria-en-su-decimo-aniversario\\\/#primaryimage\"},\"thumbnailUrl\":\"https:\\\/\\\/fundacioncajaruraldelsur.com\\\/wp-content\\\/uploads\\\/2025\\\/12\\\/PHOTO-2025-12-03-18-52-30-2.jpg\",\"articleSection\":[\"Actos\"],\"inLanguage\":\"pt-PT\"},{\"@type\":\"WebPage\",\"@id\":\"https:\\\/\\\/fundacioncajaruraldelsur.com\\\/caja-rural-del-sur-y-ceu-inauguran-el-nacimiento-de-la-alegria-en-su-decimo-aniversario\\\/\",\"url\":\"https:\\\/\\\/fundacioncajaruraldelsur.com\\\/caja-rural-del-sur-y-ceu-inauguran-el-nacimiento-de-la-alegria-en-su-decimo-aniversario\\\/\",\"name\":\"Caja Rural del Sur y CEU inauguran el \u2018Nacimiento de la Alegr\u00eda\u2019 en su d\u00e9cimo aniversario - Fundaci\u00f3n Caja Rural del Sur\",\"isPartOf\":{\"@id\":\"https:\\\/\\\/fundacioncajaruraldelsur.com\\\/#website\"},\"primaryImageOfPage\":{\"@id\":\"https:\\\/\\\/fundacioncajaruraldelsur.com\\\/caja-rural-del-sur-y-ceu-inauguran-el-nacimiento-de-la-alegria-en-su-decimo-aniversario\\\/#primaryimage\"},\"image\":{\"@id\":\"https:\\\/\\\/fundacioncajaruraldelsur.com\\\/caja-rural-del-sur-y-ceu-inauguran-el-nacimiento-de-la-alegria-en-su-decimo-aniversario\\\/#primaryimage\"},\"thumbnailUrl\":\"https:\\\/\\\/fundacioncajaruraldelsur.com\\\/wp-content\\\/uploads\\\/2025\\\/12\\\/PHOTO-2025-12-03-18-52-30-2.jpg\",\"datePublished\":\"2025-12-04T08:45:41+00:00\",\"author\":{\"@id\":\"https:\\\/\\\/fundacioncajaruraldelsur.com\\\/#\\\/schema\\\/person\\\/f430da9fb783d505ff061ad8b3d44577\"},\"breadcrumb\":{\"@id\":\"https:\\\/\\\/fundacioncajaruraldelsur.com\\\/caja-rural-del-sur-y-ceu-inauguran-el-nacimiento-de-la-alegria-en-su-decimo-aniversario\\\/#breadcrumb\"},\"inLanguage\":\"pt-PT\",\"potentialAction\":[{\"@type\":\"ReadAction\",\"target\":[\"https:\\\/\\\/fundacioncajaruraldelsur.com\\\/caja-rural-del-sur-y-ceu-inauguran-el-nacimiento-de-la-alegria-en-su-decimo-aniversario\\\/\"]}]},{\"@type\":\"ImageObject\",\"inLanguage\":\"pt-PT\",\"@id\":\"https:\\\/\\\/fundacioncajaruraldelsur.com\\\/caja-rural-del-sur-y-ceu-inauguran-el-nacimiento-de-la-alegria-en-su-decimo-aniversario\\\/#primaryimage\",\"url\":\"https:\\\/\\\/fundacioncajaruraldelsur.com\\\/wp-content\\\/uploads\\\/2025\\\/12\\\/PHOTO-2025-12-03-18-52-30-2.jpg\",\"contentUrl\":\"https:\\\/\\\/fundacioncajaruraldelsur.com\\\/wp-content\\\/uploads\\\/2025\\\/12\\\/PHOTO-2025-12-03-18-52-30-2.jpg\",\"width\":1600,\"height\":1200},{\"@type\":\"BreadcrumbList\",\"@id\":\"https:\\\/\\\/fundacioncajaruraldelsur.com\\\/caja-rural-del-sur-y-ceu-inauguran-el-nacimiento-de-la-alegria-en-su-decimo-aniversario\\\/#breadcrumb\",\"itemListElement\":[{\"@type\":\"ListItem\",\"position\":1,\"name\":\"Portada\",\"item\":\"https:\\\/\\\/fundacioncajaruraldelsur.com\\\/\"},{\"@type\":\"ListItem\",\"position\":2,\"name\":\"Caja Rural del Sur y CEU inauguran el \u2018Nacimiento de la Alegr\u00eda\u2019 en su d\u00e9cimo aniversario\"}]},{\"@type\":\"WebSite\",\"@id\":\"https:\\\/\\\/fundacioncajaruraldelsur.com\\\/#website\",\"url\":\"https:\\\/\\\/fundacioncajaruraldelsur.com\\\/\",\"name\":\"Fundaci\u00f3n Caja Rural del Sur\",\"description\":\"\",\"potentialAction\":[{\"@type\":\"SearchAction\",\"target\":{\"@type\":\"EntryPoint\",\"urlTemplate\":\"https:\\\/\\\/fundacioncajaruraldelsur.com\\\/?s={search_term_string}\"},\"query-input\":{\"@type\":\"PropertyValueSpecification\",\"valueRequired\":true,\"valueName\":\"search_term_string\"}}],\"inLanguage\":\"pt-PT\"},{\"@type\":\"Person\",\"@id\":\"https:\\\/\\\/fundacioncajaruraldelsur.com\\\/#\\\/schema\\\/person\\\/f430da9fb783d505ff061ad8b3d44577\",\"name\":\"Comunicaci\u00f3n\",\"image\":{\"@type\":\"ImageObject\",\"inLanguage\":\"pt-PT\",\"@id\":\"https:\\\/\\\/secure.gravatar.com\\\/avatar\\\/0dca239875993680bac4603ad2de7942da018f52cc3a244578e0b3b09314a8d8?s=96&d=blank&r=g\",\"url\":\"https:\\\/\\\/secure.gravatar.com\\\/avatar\\\/0dca239875993680bac4603ad2de7942da018f52cc3a244578e0b3b09314a8d8?s=96&d=blank&r=g\",\"contentUrl\":\"https:\\\/\\\/secure.gravatar.com\\\/avatar\\\/0dca239875993680bac4603ad2de7942da018f52cc3a244578e0b3b09314a8d8?s=96&d=blank&r=g\",\"caption\":\"Comunicaci\u00f3n\"}}]}<\/script>\n<!-- \/ Yoast SEO plugin. -->","yoast_head_json":{"title":"Caja Rural del Sur y CEU inauguran el \u2018Nacimiento de la Alegr\u00eda\u2019 en su d\u00e9cimo aniversario - Fundaci\u00f3n Caja Rural del Sur","robots":{"index":"index","follow":"follow","max-snippet":"max-snippet:-1","max-image-preview":"max-image-preview:large","max-video-preview":"max-video-preview:-1"},"canonical":"https:\/\/fundacioncajaruraldelsur.com\/pt\/caja-rural-del-sur-y-ceu-inauguran-el-nacimiento-de-la-alegria-en-su-decimo-aniversario\/","og_locale":"pt_PT","og_type":"article","og_title":"Caja Rural del Sur y CEU inauguran el \u2018Nacimiento de la Alegr\u00eda\u2019 en su d\u00e9cimo aniversario - Fundaci\u00f3n Caja Rural del Sur","og_description":"La\u00a0Fundaci\u00f3n Caja Rural del Sur\u00a0ha acogido la inauguraci\u00f3n y bendici\u00f3n del\u00a0\u2018Nacimiento de la Alegr\u00eda\u2019, una iniciativa que cumple su\u00a0d\u00e9cima edici\u00f3n\u00a0y que es fruto de la colaboraci\u00f3n entre\u00a0COPE Sevilla,\u00a0la\u00a0Universidad CEU Fernando [&hellip;]","og_url":"https:\/\/fundacioncajaruraldelsur.com\/pt\/caja-rural-del-sur-y-ceu-inauguran-el-nacimiento-de-la-alegria-en-su-decimo-aniversario\/","og_site_name":"Fundaci\u00f3n Caja Rural del Sur","article_published_time":"2025-12-04T08:45:41+00:00","og_image":[{"width":1600,"height":1200,"url":"https:\/\/fundacioncajaruraldelsur.com\/wp-content\/uploads\/2025\/12\/PHOTO-2025-12-03-18-52-30-2.jpg","type":"image\/jpeg"}],"author":"Comunicaci\u00f3n","twitter_card":"summary_large_image","twitter_misc":{"Written by":"Comunicaci\u00f3n","Est. reading time":"4 minutes"},"schema":{"@context":"https:\/\/schema.org","@graph":[{"@type":"Article","@id":"https:\/\/fundacioncajaruraldelsur.com\/caja-rural-del-sur-y-ceu-inauguran-el-nacimiento-de-la-alegria-en-su-decimo-aniversario\/#article","isPartOf":{"@id":"https:\/\/fundacioncajaruraldelsur.com\/caja-rural-del-sur-y-ceu-inauguran-el-nacimiento-de-la-alegria-en-su-decimo-aniversario\/"},"author":{"name":"Comunicaci\u00f3n","@id":"https:\/\/fundacioncajaruraldelsur.com\/#\/schema\/person\/f430da9fb783d505ff061ad8b3d44577"},"headline":"Caja Rural del Sur y CEU inauguran el \u2018Nacimiento de la Alegr\u00eda\u2019 en su d\u00e9cimo aniversario","datePublished":"2025-12-04T08:45:41+00:00","mainEntityOfPage":{"@id":"https:\/\/fundacioncajaruraldelsur.com\/caja-rural-del-sur-y-ceu-inauguran-el-nacimiento-de-la-alegria-en-su-decimo-aniversario\/"},"wordCount":636,"image":{"@id":"https:\/\/fundacioncajaruraldelsur.com\/caja-rural-del-sur-y-ceu-inauguran-el-nacimiento-de-la-alegria-en-su-decimo-aniversario\/#primaryimage"},"thumbnailUrl":"https:\/\/fundacioncajaruraldelsur.com\/wp-content\/uploads\/2025\/12\/PHOTO-2025-12-03-18-52-30-2.jpg","articleSection":["Actos"],"inLanguage":"pt-PT"},{"@type":"WebPage","@id":"https:\/\/fundacioncajaruraldelsur.com\/caja-rural-del-sur-y-ceu-inauguran-el-nacimiento-de-la-alegria-en-su-decimo-aniversario\/","url":"https:\/\/fundacioncajaruraldelsur.com\/caja-rural-del-sur-y-ceu-inauguran-el-nacimiento-de-la-alegria-en-su-decimo-aniversario\/","name":"Caja Rural del Sur y CEU inauguran el \u2018Nacimiento de la Alegr\u00eda\u2019 en su d\u00e9cimo aniversario - Fundaci\u00f3n Caja Rural del Sur","isPartOf":{"@id":"https:\/\/fundacioncajaruraldelsur.com\/#website"},"primaryImageOfPage":{"@id":"https:\/\/fundacioncajaruraldelsur.com\/caja-rural-del-sur-y-ceu-inauguran-el-nacimiento-de-la-alegria-en-su-decimo-aniversario\/#primaryimage"},"image":{"@id":"https:\/\/fundacioncajaruraldelsur.com\/caja-rural-del-sur-y-ceu-inauguran-el-nacimiento-de-la-alegria-en-su-decimo-aniversario\/#primaryimage"},"thumbnailUrl":"https:\/\/fundacioncajaruraldelsur.com\/wp-content\/uploads\/2025\/12\/PHOTO-2025-12-03-18-52-30-2.jpg","datePublished":"2025-12-04T08:45:41+00:00","author":{"@id":"https:\/\/fundacioncajaruraldelsur.com\/#\/schema\/person\/f430da9fb783d505ff061ad8b3d44577"},"breadcrumb":{"@id":"https:\/\/fundacioncajaruraldelsur.com\/caja-rural-del-sur-y-ceu-inauguran-el-nacimiento-de-la-alegria-en-su-decimo-aniversario\/#breadcrumb"},"inLanguage":"pt-PT","potentialAction":[{"@type":"ReadAction","target":["https:\/\/fundacioncajaruraldelsur.com\/caja-rural-del-sur-y-ceu-inauguran-el-nacimiento-de-la-alegria-en-su-decimo-aniversario\/"]}]},{"@type":"ImageObject","inLanguage":"pt-PT","@id":"https:\/\/fundacioncajaruraldelsur.com\/caja-rural-del-sur-y-ceu-inauguran-el-nacimiento-de-la-alegria-en-su-decimo-aniversario\/#primaryimage","url":"https:\/\/fundacioncajaruraldelsur.com\/wp-content\/uploads\/2025\/12\/PHOTO-2025-12-03-18-52-30-2.jpg","contentUrl":"https:\/\/fundacioncajaruraldelsur.com\/wp-content\/uploads\/2025\/12\/PHOTO-2025-12-03-18-52-30-2.jpg","width":1600,"height":1200},{"@type":"BreadcrumbList","@id":"https:\/\/fundacioncajaruraldelsur.com\/caja-rural-del-sur-y-ceu-inauguran-el-nacimiento-de-la-alegria-en-su-decimo-aniversario\/#breadcrumb","itemListElement":[{"@type":"ListItem","position":1,"name":"Portada","item":"https:\/\/fundacioncajaruraldelsur.com\/"},{"@type":"ListItem","position":2,"name":"Caja Rural del Sur y CEU inauguran el \u2018Nacimiento de la Alegr\u00eda\u2019 en su d\u00e9cimo aniversario"}]},{"@type":"WebSite","@id":"https:\/\/fundacioncajaruraldelsur.com\/#website","url":"https:\/\/fundacioncajaruraldelsur.com\/","name":"Funda\u00e7\u00e3o Caja Rural del Sur","description":"","potentialAction":[{"@type":"SearchAction","target":{"@type":"EntryPoint","urlTemplate":"https:\/\/fundacioncajaruraldelsur.com\/?s={search_term_string}"},"query-input":{"@type":"PropertyValueSpecification","valueRequired":true,"valueName":"search_term_string"}}],"inLanguage":"pt-PT"},{"@type":"Person","@id":"https:\/\/fundacioncajaruraldelsur.com\/#\/schema\/person\/f430da9fb783d505ff061ad8b3d44577","name":"Comunicaci\u00f3n","image":{"@type":"ImageObject","inLanguage":"pt-PT","@id":"https:\/\/secure.gravatar.com\/avatar\/0dca239875993680bac4603ad2de7942da018f52cc3a244578e0b3b09314a8d8?s=96&d=blank&r=g","url":"https:\/\/secure.gravatar.com\/avatar\/0dca239875993680bac4603ad2de7942da018f52cc3a244578e0b3b09314a8d8?s=96&d=blank&r=g","contentUrl":"https:\/\/secure.gravatar.com\/avatar\/0dca239875993680bac4603ad2de7942da018f52cc3a244578e0b3b09314a8d8?s=96&d=blank&r=g","caption":"Comunicaci\u00f3n"}}]}},"rttpg_featured_image_url":{"full":["https:\/\/fundacioncajaruraldelsur.com\/wp-content\/uploads\/2025\/12\/PHOTO-2025-12-03-18-52-30-2.jpg",1600,1200,false],"landscape":["https:\/\/fundacioncajaruraldelsur.com\/wp-content\/uploads\/2025\/12\/PHOTO-2025-12-03-18-52-30-2.jpg",1600,1200,false],"portraits":["https:\/\/fundacioncajaruraldelsur.com\/wp-content\/uploads\/2025\/12\/PHOTO-2025-12-03-18-52-30-2.jpg",1600,1200,false],"thumbnail":["https:\/\/fundacioncajaruraldelsur.com\/wp-content\/uploads\/2025\/12\/PHOTO-2025-12-03-18-52-30-2-150x150.jpg",150,150,true],"medium":["https:\/\/fundacioncajaruraldelsur.com\/wp-content\/uploads\/2025\/12\/PHOTO-2025-12-03-18-52-30-2-300x225.jpg",300,225,true],"large":["https:\/\/fundacioncajaruraldelsur.com\/wp-content\/uploads\/2025\/12\/PHOTO-2025-12-03-18-52-30-2-1024x768.jpg",960,720,true],"1536x1536":["https:\/\/fundacioncajaruraldelsur.com\/wp-content\/uploads\/2025\/12\/PHOTO-2025-12-03-18-52-30-2-1536x1152.jpg",1536,1152,true],"2048x2048":["https:\/\/fundacioncajaruraldelsur.com\/wp-content\/uploads\/2025\/12\/PHOTO-2025-12-03-18-52-30-2.jpg",1600,1200,false],"trp-custom-language-flag":["https:\/\/fundacioncajaruraldelsur.com\/wp-content\/uploads\/2025\/12\/PHOTO-2025-12-03-18-52-30-2.jpg",16,12,false],"blog-thumbnail":["https:\/\/fundacioncajaruraldelsur.com\/wp-content\/uploads\/2025\/12\/PHOTO-2025-12-03-18-52-30-2-400x200.jpg",400,200,true]},"rttpg_author":{"display_name":"Comunicaci\u00f3n","author_link":"https:\/\/fundacioncajaruraldelsur.com\/pt\/author\/sevillaadmin\/"},"rttpg_comment":0,"rttpg_category":"<a href=\"https:\/\/fundacioncajaruraldelsur.com\/pt\/category\/actos\/\" rel=\"category tag\">Actos<\/a>","rttpg_excerpt":"La\u00a0Fundaci\u00f3n Caja Rural del Sur\u00a0ha acogido la inauguraci\u00f3n y bendici\u00f3n del\u00a0\u2018Nacimiento de la Alegr\u00eda\u2019, una iniciativa que cumple su\u00a0d\u00e9cima edici\u00f3n\u00a0y que es fruto de la colaboraci\u00f3n entre\u00a0COPE Sevilla,\u00a0la\u00a0Universidad CEU Fernando [&hellip;]","_links":{"self":[{"href":"https:\/\/fundacioncajaruraldelsur.com\/pt\/wp-json\/wp\/v2\/posts\/11763","targetHints":{"allow":["GET"]}}],"collection":[{"href":"https:\/\/fundacioncajaruraldelsur.com\/pt\/wp-json\/wp\/v2\/posts"}],"about":[{"href":"https:\/\/fundacioncajaruraldelsur.com\/pt\/wp-json\/wp\/v2\/types\/post"}],"author":[{"embeddable":true,"href":"https:\/\/fundacioncajaruraldelsur.com\/pt\/wp-json\/wp\/v2\/users\/6"}],"replies":[{"embeddable":true,"href":"https:\/\/fundacioncajaruraldelsur.com\/pt\/wp-json\/wp\/v2\/comments?post=11763"}],"version-history":[{"count":1,"href":"https:\/\/fundacioncajaruraldelsur.com\/pt\/wp-json\/wp\/v2\/posts\/11763\/revisions"}],"predecessor-version":[{"id":11766,"href":"https:\/\/fundacioncajaruraldelsur.com\/pt\/wp-json\/wp\/v2\/posts\/11763\/revisions\/11766"}],"wp:featuredmedia":[{"embeddable":true,"href":"https:\/\/fundacioncajaruraldelsur.com\/pt\/wp-json\/wp\/v2\/media\/11764"}],"wp:attachment":[{"href":"https:\/\/fundacioncajaruraldelsur.com\/pt\/wp-json\/wp\/v2\/media?parent=11763"}],"wp:term":[{"taxonomy":"category","embeddable":true,"href":"https:\/\/fundacioncajaruraldelsur.com\/pt\/wp-json\/wp\/v2\/categories?post=11763"},{"taxonomy":"post_tag","embeddable":true,"href":"https:\/\/fundacioncajaruraldelsur.com\/pt\/wp-json\/wp\/v2\/tags?post=11763"}],"curies":[{"name":"wp","href":"https:\/\/api.w.org\/{rel}","templated":true}]}}