{"id":11760,"date":"2025-12-04T09:38:12","date_gmt":"2025-12-04T08:38:12","guid":{"rendered":"https:\/\/fundacioncajaruraldelsur.com\/?p=11760"},"modified":"2025-12-04T09:38:12","modified_gmt":"2025-12-04T08:38:12","slug":"san-telmo-business-school-y-fundacion-caja-rural-del-sur-refuerzan-su-alianza-para-impulsar-la-competitividad-del-sector-agroalimentario-portugues","status":"publish","type":"post","link":"https:\/\/fundacioncajaruraldelsur.com\/pt\/san-telmo-business-school-y-fundacion-caja-rural-del-sur-refuerzan-su-alianza-para-impulsar-la-competitividad-del-sector-agroalimentario-portugues\/","title":{"rendered":"San Telmo Business School y Fundaci\u00f3n Caja Rural del Sur refuerzan su alianza para impulsar la competitividad del sector agroalimentario portugu\u00e9s"},"content":{"rendered":"<p><strong>San Telmo Business School y la Fundaci\u00f3n Caja Rural del Sur<\/strong> han renovado su alianza para impulsar una nueva edici\u00f3n del <strong>Portugal Agrifood Seminar (PAS)<\/strong>, un programa que, en solo tres a\u00f1os, se ha convertido en una cita imprescindible para la alta direcci\u00f3n de PYMES y cooperativas alimentarias de Portugal. Con esta cuarta edici\u00f3n, ambas instituciones reafirman su compromiso con un sector en plena transformaci\u00f3n, que necesita l\u00edderes preparados para competir en un entorno cada vez m\u00e1s exigente.<\/p>\n<p>El convenio ha sido suscrito por\u00a0<strong>Juan P\u00e9rez G\u00e1lvez<\/strong>, director general de San Telmo Business School, y\u00a0<strong>Jos\u00e9 Luis Garc\u00eda-Palacios \u00c1lvarez<\/strong>, presidente de la Fundaci\u00f3n Caja Rural del Sur. Ambos han destacado la importancia de seguir construyendo espacios donde los directivos portugueses puedan ampliar su visi\u00f3n, anticipar tendencias y tomar decisiones con mayor criterio y perspectiva.<\/p>\n<h3>Una alianza que crece, evoluciona y mira al futuro<\/h3>\n<p>La colaboraci\u00f3n entre ambas instituciones se materializ\u00f3, en primer lugar, en el <strong>Seminario Agroalimentario de Portugal<\/strong>, celebrado el pasado 8 de octubre en Lisboa. El encuentro se convirti\u00f3 en un espacio de conexi\u00f3n entre directivos del sector, donde fue posible escuchar de primera mano sus desaf\u00edos y activar nuevas oportunidades de crecimiento.<\/p>\n<p>La segunda gran actuaci\u00f3n ser\u00e1 la\u00a0<strong>4\u00aa edici\u00f3n del Portugal Agrifood Seminar<\/strong>, que se desarrollar\u00e1 entre oto\u00f1o de 2025 e invierno de 2026. El programa, estructurado en cuatro m\u00f3dulos, abordar\u00e1 de forma pr\u00e1ctica y estrat\u00e9gica los desaf\u00edos que hoy marcan el rumbo de la cadena alimentaria portuguesa.<\/p>\n<p>Gracias al apoyo de Caja Rural del Sur, tanto el seminario como el programa han contado con una matr\u00edcula reducida para las empresas invitadas, lo que ha facilitado una participaci\u00f3n m\u00e1s amplia y diversa del tejido agroalimentario portugu\u00e9s.<\/p>\n<h3>Formaci\u00f3n, visi\u00f3n y una colaboraci\u00f3n que marca diferencia<\/h3>\n<p>San Telmo Business School asumir\u00e1 la direcci\u00f3n acad\u00e9mica del proyecto, aportando su metodolog\u00eda del caso, la experiencia de su claustro y su acompa\u00f1amiento directo a los l\u00edderes empresariales del sector agroalimentario ib\u00e9rico. Por su parte, Caja Rural del Sur reforzar\u00e1 la captaci\u00f3n de empresas, impulsar\u00e1 la difusi\u00f3n del programa y participar\u00e1 activamente en los actos institucionales, consolidando as\u00ed su papel como entidad comprometida con el crecimiento y la profesionalizaci\u00f3n del sector.<\/p>\n<p>Ambas instituciones conciben esta alianza como un motor de transformaci\u00f3n para Portugal. La evoluci\u00f3n del PAS demuestra ya un impacto tangible: m\u00e1s empresas preparadas, m\u00e1s directivos capacitados y una cadena alimentaria cada vez m\u00e1s cohesionada, resiliente y competitiva.<\/p>","protected":false},"excerpt":{"rendered":"<p>San Telmo Business School y la Fundaci\u00f3n Caja Rural del Sur han renovado su alianza para impulsar una nueva edici\u00f3n del Portugal Agrifood Seminar (PAS), un programa que, en solo [&hellip;]<\/p>\n","protected":false},"author":6,"featured_media":11761,"comment_status":"closed","ping_status":"closed","sticky":false,"template":"","format":"standard","meta":{"footnotes":""},"categories":[67],"tags":[],"class_list":["post-11760","post","type-post","status-publish","format-standard","has-post-thumbnail","hentry","category-convenios"],"yoast_head":"<!-- This site is optimized with the Yoast SEO plugin v27.3 - https:\/\/yoast.com\/product\/yoast-seo-wordpress\/ -->\n<title>San Telmo Business School y Fundaci\u00f3n Caja Rural del Sur refuerzan su alianza para impulsar la competitividad del sector agroalimentario portugu\u00e9s - Fundaci\u00f3n Caja Rural del Sur<\/title>\n<meta name=\"robots\" content=\"index, follow, max-snippet:-1, max-image-preview:large, max-video-preview:-1\" \/>\n<link rel=\"canonical\" href=\"https:\/\/fundacioncajaruraldelsur.com\/pt\/san-telmo-business-school-y-fundacion-caja-rural-del-sur-refuerzan-su-alianza-para-impulsar-la-competitividad-del-sector-agroalimentario-portugues\/\" \/>\n<meta property=\"og:locale\" content=\"pt_PT\" \/>\n<meta property=\"og:type\" content=\"article\" \/>\n<meta property=\"og:title\" content=\"San Telmo Business School y Fundaci\u00f3n Caja Rural del Sur refuerzan su alianza para impulsar la competitividad del sector agroalimentario portugu\u00e9s - Fundaci\u00f3n Caja Rural del Sur\" \/>\n<meta property=\"og:description\" content=\"San Telmo Business School y la Fundaci\u00f3n Caja Rural del Sur han renovado su alianza para impulsar una nueva edici\u00f3n del Portugal Agrifood Seminar (PAS), un programa que, en solo [&hellip;]\" \/>\n<meta property=\"og:url\" content=\"https:\/\/fundacioncajaruraldelsur.com\/pt\/san-telmo-business-school-y-fundacion-caja-rural-del-sur-refuerzan-su-alianza-para-impulsar-la-competitividad-del-sector-agroalimentario-portugues\/\" \/>\n<meta property=\"og:site_name\" content=\"Fundaci\u00f3n Caja Rural del Sur\" \/>\n<meta property=\"article:published_time\" content=\"2025-12-04T08:38:12+00:00\" \/>\n<meta property=\"og:image\" content=\"https:\/\/fundacioncajaruraldelsur.com\/wp-content\/uploads\/2025\/12\/Acuerdo-STBS-CRdelSUR.jpg\" \/>\n\t<meta property=\"og:image:width\" content=\"1364\" \/>\n\t<meta property=\"og:image:height\" content=\"1064\" \/>\n\t<meta property=\"og:image:type\" content=\"image\/jpeg\" \/>\n<meta name=\"author\" content=\"Comunicaci\u00f3n\" \/>\n<meta name=\"twitter:card\" content=\"summary_large_image\" \/>\n<meta name=\"twitter:label1\" content=\"Written by\" \/>\n\t<meta name=\"twitter:data1\" content=\"Comunicaci\u00f3n\" \/>\n\t<meta name=\"twitter:label2\" content=\"Est. reading time\" \/>\n\t<meta name=\"twitter:data2\" content=\"2 minutes\" \/>\n<script type=\"application\/ld+json\" class=\"yoast-schema-graph\">{\"@context\":\"https:\\\/\\\/schema.org\",\"@graph\":[{\"@type\":\"Article\",\"@id\":\"https:\\\/\\\/fundacioncajaruraldelsur.com\\\/san-telmo-business-school-y-fundacion-caja-rural-del-sur-refuerzan-su-alianza-para-impulsar-la-competitividad-del-sector-agroalimentario-portugues\\\/#article\",\"isPartOf\":{\"@id\":\"https:\\\/\\\/fundacioncajaruraldelsur.com\\\/san-telmo-business-school-y-fundacion-caja-rural-del-sur-refuerzan-su-alianza-para-impulsar-la-competitividad-del-sector-agroalimentario-portugues\\\/\"},\"author\":{\"name\":\"Comunicaci\u00f3n\",\"@id\":\"https:\\\/\\\/fundacioncajaruraldelsur.com\\\/#\\\/schema\\\/person\\\/f430da9fb783d505ff061ad8b3d44577\"},\"headline\":\"San Telmo Business School y Fundaci\u00f3n Caja Rural del Sur refuerzan su alianza para impulsar la competitividad del sector agroalimentario portugu\u00e9s\",\"datePublished\":\"2025-12-04T08:38:12+00:00\",\"mainEntityOfPage\":{\"@id\":\"https:\\\/\\\/fundacioncajaruraldelsur.com\\\/san-telmo-business-school-y-fundacion-caja-rural-del-sur-refuerzan-su-alianza-para-impulsar-la-competitividad-del-sector-agroalimentario-portugues\\\/\"},\"wordCount\":460,\"image\":{\"@id\":\"https:\\\/\\\/fundacioncajaruraldelsur.com\\\/san-telmo-business-school-y-fundacion-caja-rural-del-sur-refuerzan-su-alianza-para-impulsar-la-competitividad-del-sector-agroalimentario-portugues\\\/#primaryimage\"},\"thumbnailUrl\":\"https:\\\/\\\/fundacioncajaruraldelsur.com\\\/wp-content\\\/uploads\\\/2025\\\/12\\\/Acuerdo-STBS-CRdelSUR.jpg\",\"articleSection\":[\"Convenios\"],\"inLanguage\":\"pt-PT\"},{\"@type\":\"WebPage\",\"@id\":\"https:\\\/\\\/fundacioncajaruraldelsur.com\\\/san-telmo-business-school-y-fundacion-caja-rural-del-sur-refuerzan-su-alianza-para-impulsar-la-competitividad-del-sector-agroalimentario-portugues\\\/\",\"url\":\"https:\\\/\\\/fundacioncajaruraldelsur.com\\\/san-telmo-business-school-y-fundacion-caja-rural-del-sur-refuerzan-su-alianza-para-impulsar-la-competitividad-del-sector-agroalimentario-portugues\\\/\",\"name\":\"San Telmo Business School y Fundaci\u00f3n Caja Rural del Sur refuerzan su alianza para impulsar la competitividad del sector agroalimentario portugu\u00e9s - Fundaci\u00f3n Caja Rural del Sur\",\"isPartOf\":{\"@id\":\"https:\\\/\\\/fundacioncajaruraldelsur.com\\\/#website\"},\"primaryImageOfPage\":{\"@id\":\"https:\\\/\\\/fundacioncajaruraldelsur.com\\\/san-telmo-business-school-y-fundacion-caja-rural-del-sur-refuerzan-su-alianza-para-impulsar-la-competitividad-del-sector-agroalimentario-portugues\\\/#primaryimage\"},\"image\":{\"@id\":\"https:\\\/\\\/fundacioncajaruraldelsur.com\\\/san-telmo-business-school-y-fundacion-caja-rural-del-sur-refuerzan-su-alianza-para-impulsar-la-competitividad-del-sector-agroalimentario-portugues\\\/#primaryimage\"},\"thumbnailUrl\":\"https:\\\/\\\/fundacioncajaruraldelsur.com\\\/wp-content\\\/uploads\\\/2025\\\/12\\\/Acuerdo-STBS-CRdelSUR.jpg\",\"datePublished\":\"2025-12-04T08:38:12+00:00\",\"author\":{\"@id\":\"https:\\\/\\\/fundacioncajaruraldelsur.com\\\/#\\\/schema\\\/person\\\/f430da9fb783d505ff061ad8b3d44577\"},\"breadcrumb\":{\"@id\":\"https:\\\/\\\/fundacioncajaruraldelsur.com\\\/san-telmo-business-school-y-fundacion-caja-rural-del-sur-refuerzan-su-alianza-para-impulsar-la-competitividad-del-sector-agroalimentario-portugues\\\/#breadcrumb\"},\"inLanguage\":\"pt-PT\",\"potentialAction\":[{\"@type\":\"ReadAction\",\"target\":[\"https:\\\/\\\/fundacioncajaruraldelsur.com\\\/san-telmo-business-school-y-fundacion-caja-rural-del-sur-refuerzan-su-alianza-para-impulsar-la-competitividad-del-sector-agroalimentario-portugues\\\/\"]}]},{\"@type\":\"ImageObject\",\"inLanguage\":\"pt-PT\",\"@id\":\"https:\\\/\\\/fundacioncajaruraldelsur.com\\\/san-telmo-business-school-y-fundacion-caja-rural-del-sur-refuerzan-su-alianza-para-impulsar-la-competitividad-del-sector-agroalimentario-portugues\\\/#primaryimage\",\"url\":\"https:\\\/\\\/fundacioncajaruraldelsur.com\\\/wp-content\\\/uploads\\\/2025\\\/12\\\/Acuerdo-STBS-CRdelSUR.jpg\",\"contentUrl\":\"https:\\\/\\\/fundacioncajaruraldelsur.com\\\/wp-content\\\/uploads\\\/2025\\\/12\\\/Acuerdo-STBS-CRdelSUR.jpg\",\"width\":1364,\"height\":1064},{\"@type\":\"BreadcrumbList\",\"@id\":\"https:\\\/\\\/fundacioncajaruraldelsur.com\\\/san-telmo-business-school-y-fundacion-caja-rural-del-sur-refuerzan-su-alianza-para-impulsar-la-competitividad-del-sector-agroalimentario-portugues\\\/#breadcrumb\",\"itemListElement\":[{\"@type\":\"ListItem\",\"position\":1,\"name\":\"Portada\",\"item\":\"https:\\\/\\\/fundacioncajaruraldelsur.com\\\/\"},{\"@type\":\"ListItem\",\"position\":2,\"name\":\"San Telmo Business School y Fundaci\u00f3n Caja Rural del Sur refuerzan su alianza para impulsar la competitividad del sector agroalimentario portugu\u00e9s\"}]},{\"@type\":\"WebSite\",\"@id\":\"https:\\\/\\\/fundacioncajaruraldelsur.com\\\/#website\",\"url\":\"https:\\\/\\\/fundacioncajaruraldelsur.com\\\/\",\"name\":\"Fundaci\u00f3n Caja Rural del Sur\",\"description\":\"\",\"potentialAction\":[{\"@type\":\"SearchAction\",\"target\":{\"@type\":\"EntryPoint\",\"urlTemplate\":\"https:\\\/\\\/fundacioncajaruraldelsur.com\\\/?s={search_term_string}\"},\"query-input\":{\"@type\":\"PropertyValueSpecification\",\"valueRequired\":true,\"valueName\":\"search_term_string\"}}],\"inLanguage\":\"pt-PT\"},{\"@type\":\"Person\",\"@id\":\"https:\\\/\\\/fundacioncajaruraldelsur.com\\\/#\\\/schema\\\/person\\\/f430da9fb783d505ff061ad8b3d44577\",\"name\":\"Comunicaci\u00f3n\",\"image\":{\"@type\":\"ImageObject\",\"inLanguage\":\"pt-PT\",\"@id\":\"https:\\\/\\\/secure.gravatar.com\\\/avatar\\\/0dca239875993680bac4603ad2de7942da018f52cc3a244578e0b3b09314a8d8?s=96&d=blank&r=g\",\"url\":\"https:\\\/\\\/secure.gravatar.com\\\/avatar\\\/0dca239875993680bac4603ad2de7942da018f52cc3a244578e0b3b09314a8d8?s=96&d=blank&r=g\",\"contentUrl\":\"https:\\\/\\\/secure.gravatar.com\\\/avatar\\\/0dca239875993680bac4603ad2de7942da018f52cc3a244578e0b3b09314a8d8?s=96&d=blank&r=g\",\"caption\":\"Comunicaci\u00f3n\"}}]}<\/script>\n<!-- \/ Yoast SEO plugin. -->","yoast_head_json":{"title":"San Telmo Business School y Fundaci\u00f3n Caja Rural del Sur refuerzan su alianza para impulsar la competitividad del sector agroalimentario portugu\u00e9s - Fundaci\u00f3n Caja Rural del Sur","robots":{"index":"index","follow":"follow","max-snippet":"max-snippet:-1","max-image-preview":"max-image-preview:large","max-video-preview":"max-video-preview:-1"},"canonical":"https:\/\/fundacioncajaruraldelsur.com\/pt\/san-telmo-business-school-y-fundacion-caja-rural-del-sur-refuerzan-su-alianza-para-impulsar-la-competitividad-del-sector-agroalimentario-portugues\/","og_locale":"pt_PT","og_type":"article","og_title":"San Telmo Business School y Fundaci\u00f3n Caja Rural del Sur refuerzan su alianza para impulsar la competitividad del sector agroalimentario portugu\u00e9s - Fundaci\u00f3n Caja Rural del Sur","og_description":"San Telmo Business School y la Fundaci\u00f3n Caja Rural del Sur han renovado su alianza para impulsar una nueva edici\u00f3n del Portugal Agrifood Seminar (PAS), un programa que, en solo [&hellip;]","og_url":"https:\/\/fundacioncajaruraldelsur.com\/pt\/san-telmo-business-school-y-fundacion-caja-rural-del-sur-refuerzan-su-alianza-para-impulsar-la-competitividad-del-sector-agroalimentario-portugues\/","og_site_name":"Fundaci\u00f3n Caja Rural del Sur","article_published_time":"2025-12-04T08:38:12+00:00","og_image":[{"width":1364,"height":1064,"url":"https:\/\/fundacioncajaruraldelsur.com\/wp-content\/uploads\/2025\/12\/Acuerdo-STBS-CRdelSUR.jpg","type":"image\/jpeg"}],"author":"Comunicaci\u00f3n","twitter_card":"summary_large_image","twitter_misc":{"Written by":"Comunicaci\u00f3n","Est. reading time":"2 minutes"},"schema":{"@context":"https:\/\/schema.org","@graph":[{"@type":"Article","@id":"https:\/\/fundacioncajaruraldelsur.com\/san-telmo-business-school-y-fundacion-caja-rural-del-sur-refuerzan-su-alianza-para-impulsar-la-competitividad-del-sector-agroalimentario-portugues\/#article","isPartOf":{"@id":"https:\/\/fundacioncajaruraldelsur.com\/san-telmo-business-school-y-fundacion-caja-rural-del-sur-refuerzan-su-alianza-para-impulsar-la-competitividad-del-sector-agroalimentario-portugues\/"},"author":{"name":"Comunicaci\u00f3n","@id":"https:\/\/fundacioncajaruraldelsur.com\/#\/schema\/person\/f430da9fb783d505ff061ad8b3d44577"},"headline":"San Telmo Business School y Fundaci\u00f3n Caja Rural del Sur refuerzan su alianza para impulsar la competitividad del sector agroalimentario portugu\u00e9s","datePublished":"2025-12-04T08:38:12+00:00","mainEntityOfPage":{"@id":"https:\/\/fundacioncajaruraldelsur.com\/san-telmo-business-school-y-fundacion-caja-rural-del-sur-refuerzan-su-alianza-para-impulsar-la-competitividad-del-sector-agroalimentario-portugues\/"},"wordCount":460,"image":{"@id":"https:\/\/fundacioncajaruraldelsur.com\/san-telmo-business-school-y-fundacion-caja-rural-del-sur-refuerzan-su-alianza-para-impulsar-la-competitividad-del-sector-agroalimentario-portugues\/#primaryimage"},"thumbnailUrl":"https:\/\/fundacioncajaruraldelsur.com\/wp-content\/uploads\/2025\/12\/Acuerdo-STBS-CRdelSUR.jpg","articleSection":["Convenios"],"inLanguage":"pt-PT"},{"@type":"WebPage","@id":"https:\/\/fundacioncajaruraldelsur.com\/san-telmo-business-school-y-fundacion-caja-rural-del-sur-refuerzan-su-alianza-para-impulsar-la-competitividad-del-sector-agroalimentario-portugues\/","url":"https:\/\/fundacioncajaruraldelsur.com\/san-telmo-business-school-y-fundacion-caja-rural-del-sur-refuerzan-su-alianza-para-impulsar-la-competitividad-del-sector-agroalimentario-portugues\/","name":"San Telmo Business School y Fundaci\u00f3n Caja Rural del Sur refuerzan su alianza para impulsar la competitividad del sector agroalimentario portugu\u00e9s - Fundaci\u00f3n Caja Rural del Sur","isPartOf":{"@id":"https:\/\/fundacioncajaruraldelsur.com\/#website"},"primaryImageOfPage":{"@id":"https:\/\/fundacioncajaruraldelsur.com\/san-telmo-business-school-y-fundacion-caja-rural-del-sur-refuerzan-su-alianza-para-impulsar-la-competitividad-del-sector-agroalimentario-portugues\/#primaryimage"},"image":{"@id":"https:\/\/fundacioncajaruraldelsur.com\/san-telmo-business-school-y-fundacion-caja-rural-del-sur-refuerzan-su-alianza-para-impulsar-la-competitividad-del-sector-agroalimentario-portugues\/#primaryimage"},"thumbnailUrl":"https:\/\/fundacioncajaruraldelsur.com\/wp-content\/uploads\/2025\/12\/Acuerdo-STBS-CRdelSUR.jpg","datePublished":"2025-12-04T08:38:12+00:00","author":{"@id":"https:\/\/fundacioncajaruraldelsur.com\/#\/schema\/person\/f430da9fb783d505ff061ad8b3d44577"},"breadcrumb":{"@id":"https:\/\/fundacioncajaruraldelsur.com\/san-telmo-business-school-y-fundacion-caja-rural-del-sur-refuerzan-su-alianza-para-impulsar-la-competitividad-del-sector-agroalimentario-portugues\/#breadcrumb"},"inLanguage":"pt-PT","potentialAction":[{"@type":"ReadAction","target":["https:\/\/fundacioncajaruraldelsur.com\/san-telmo-business-school-y-fundacion-caja-rural-del-sur-refuerzan-su-alianza-para-impulsar-la-competitividad-del-sector-agroalimentario-portugues\/"]}]},{"@type":"ImageObject","inLanguage":"pt-PT","@id":"https:\/\/fundacioncajaruraldelsur.com\/san-telmo-business-school-y-fundacion-caja-rural-del-sur-refuerzan-su-alianza-para-impulsar-la-competitividad-del-sector-agroalimentario-portugues\/#primaryimage","url":"https:\/\/fundacioncajaruraldelsur.com\/wp-content\/uploads\/2025\/12\/Acuerdo-STBS-CRdelSUR.jpg","contentUrl":"https:\/\/fundacioncajaruraldelsur.com\/wp-content\/uploads\/2025\/12\/Acuerdo-STBS-CRdelSUR.jpg","width":1364,"height":1064},{"@type":"BreadcrumbList","@id":"https:\/\/fundacioncajaruraldelsur.com\/san-telmo-business-school-y-fundacion-caja-rural-del-sur-refuerzan-su-alianza-para-impulsar-la-competitividad-del-sector-agroalimentario-portugues\/#breadcrumb","itemListElement":[{"@type":"ListItem","position":1,"name":"Portada","item":"https:\/\/fundacioncajaruraldelsur.com\/"},{"@type":"ListItem","position":2,"name":"San Telmo Business School y Fundaci\u00f3n Caja Rural del Sur refuerzan su alianza para impulsar la competitividad del sector agroalimentario portugu\u00e9s"}]},{"@type":"WebSite","@id":"https:\/\/fundacioncajaruraldelsur.com\/#website","url":"https:\/\/fundacioncajaruraldelsur.com\/","name":"Funda\u00e7\u00e3o Caja Rural del Sur","description":"","potentialAction":[{"@type":"SearchAction","target":{"@type":"EntryPoint","urlTemplate":"https:\/\/fundacioncajaruraldelsur.com\/?s={search_term_string}"},"query-input":{"@type":"PropertyValueSpecification","valueRequired":true,"valueName":"search_term_string"}}],"inLanguage":"pt-PT"},{"@type":"Person","@id":"https:\/\/fundacioncajaruraldelsur.com\/#\/schema\/person\/f430da9fb783d505ff061ad8b3d44577","name":"Comunicaci\u00f3n","image":{"@type":"ImageObject","inLanguage":"pt-PT","@id":"https:\/\/secure.gravatar.com\/avatar\/0dca239875993680bac4603ad2de7942da018f52cc3a244578e0b3b09314a8d8?s=96&d=blank&r=g","url":"https:\/\/secure.gravatar.com\/avatar\/0dca239875993680bac4603ad2de7942da018f52cc3a244578e0b3b09314a8d8?s=96&d=blank&r=g","contentUrl":"https:\/\/secure.gravatar.com\/avatar\/0dca239875993680bac4603ad2de7942da018f52cc3a244578e0b3b09314a8d8?s=96&d=blank&r=g","caption":"Comunicaci\u00f3n"}}]}},"rttpg_featured_image_url":{"full":["https:\/\/fundacioncajaruraldelsur.com\/wp-content\/uploads\/2025\/12\/Acuerdo-STBS-CRdelSUR.jpg",1364,1064,false],"landscape":["https:\/\/fundacioncajaruraldelsur.com\/wp-content\/uploads\/2025\/12\/Acuerdo-STBS-CRdelSUR.jpg",1364,1064,false],"portraits":["https:\/\/fundacioncajaruraldelsur.com\/wp-content\/uploads\/2025\/12\/Acuerdo-STBS-CRdelSUR.jpg",1364,1064,false],"thumbnail":["https:\/\/fundacioncajaruraldelsur.com\/wp-content\/uploads\/2025\/12\/Acuerdo-STBS-CRdelSUR-150x150.jpg",150,150,true],"medium":["https:\/\/fundacioncajaruraldelsur.com\/wp-content\/uploads\/2025\/12\/Acuerdo-STBS-CRdelSUR-300x234.jpg",300,234,true],"large":["https:\/\/fundacioncajaruraldelsur.com\/wp-content\/uploads\/2025\/12\/Acuerdo-STBS-CRdelSUR-1024x799.jpg",960,749,true],"1536x1536":["https:\/\/fundacioncajaruraldelsur.com\/wp-content\/uploads\/2025\/12\/Acuerdo-STBS-CRdelSUR.jpg",1364,1064,false],"2048x2048":["https:\/\/fundacioncajaruraldelsur.com\/wp-content\/uploads\/2025\/12\/Acuerdo-STBS-CRdelSUR.jpg",1364,1064,false],"trp-custom-language-flag":["https:\/\/fundacioncajaruraldelsur.com\/wp-content\/uploads\/2025\/12\/Acuerdo-STBS-CRdelSUR.jpg",15,12,false],"blog-thumbnail":["https:\/\/fundacioncajaruraldelsur.com\/wp-content\/uploads\/2025\/12\/Acuerdo-STBS-CRdelSUR-400x200.jpg",400,200,true]},"rttpg_author":{"display_name":"Comunicaci\u00f3n","author_link":"https:\/\/fundacioncajaruraldelsur.com\/pt\/author\/sevillaadmin\/"},"rttpg_comment":0,"rttpg_category":"<a href=\"https:\/\/fundacioncajaruraldelsur.com\/pt\/category\/convenios\/\" rel=\"category tag\">Convenios<\/a>","rttpg_excerpt":"San Telmo Business School y la Fundaci\u00f3n Caja Rural del Sur han renovado su alianza para impulsar una nueva edici\u00f3n del Portugal Agrifood Seminar (PAS), un programa que, en solo [&hellip;]","_links":{"self":[{"href":"https:\/\/fundacioncajaruraldelsur.com\/pt\/wp-json\/wp\/v2\/posts\/11760","targetHints":{"allow":["GET"]}}],"collection":[{"href":"https:\/\/fundacioncajaruraldelsur.com\/pt\/wp-json\/wp\/v2\/posts"}],"about":[{"href":"https:\/\/fundacioncajaruraldelsur.com\/pt\/wp-json\/wp\/v2\/types\/post"}],"author":[{"embeddable":true,"href":"https:\/\/fundacioncajaruraldelsur.com\/pt\/wp-json\/wp\/v2\/users\/6"}],"replies":[{"embeddable":true,"href":"https:\/\/fundacioncajaruraldelsur.com\/pt\/wp-json\/wp\/v2\/comments?post=11760"}],"version-history":[{"count":1,"href":"https:\/\/fundacioncajaruraldelsur.com\/pt\/wp-json\/wp\/v2\/posts\/11760\/revisions"}],"predecessor-version":[{"id":11762,"href":"https:\/\/fundacioncajaruraldelsur.com\/pt\/wp-json\/wp\/v2\/posts\/11760\/revisions\/11762"}],"wp:featuredmedia":[{"embeddable":true,"href":"https:\/\/fundacioncajaruraldelsur.com\/pt\/wp-json\/wp\/v2\/media\/11761"}],"wp:attachment":[{"href":"https:\/\/fundacioncajaruraldelsur.com\/pt\/wp-json\/wp\/v2\/media?parent=11760"}],"wp:term":[{"taxonomy":"category","embeddable":true,"href":"https:\/\/fundacioncajaruraldelsur.com\/pt\/wp-json\/wp\/v2\/categories?post=11760"},{"taxonomy":"post_tag","embeddable":true,"href":"https:\/\/fundacioncajaruraldelsur.com\/pt\/wp-json\/wp\/v2\/tags?post=11760"}],"curies":[{"name":"wp","href":"https:\/\/api.w.org\/{rel}","templated":true}]}}