{"id":11721,"date":"2025-11-27T09:01:44","date_gmt":"2025-11-27T08:01:44","guid":{"rendered":"https:\/\/fundacioncajaruraldelsur.com\/?p=11721"},"modified":"2025-11-27T09:04:01","modified_gmt":"2025-11-27T08:04:01","slug":"caja-rural-del-sur-refuerza-apuesta-por-el-talento-joven-en-el-sector-aeronautico-con-becas-junto-a-la-fundacion-sebastian-almagro","status":"publish","type":"post","link":"https:\/\/fundacioncajaruraldelsur.com\/pt\/caja-rural-del-sur-refuerza-apuesta-por-el-talento-joven-en-el-sector-aeronautico-con-becas-junto-a-la-fundacion-sebastian-almagro\/","title":{"rendered":"Caja Rural del Sur apuesta por el talento joven en el sector aeron\u00e1utico con becas junto a la Fundaci\u00f3n Sebasti\u00e1n Almagro"},"content":{"rendered":"<p data-start=\"330\" data-end=\"935\">A <strong>Fundaci\u00f3n Caja Rural del Sur ha reiterado su compromiso con la formaci\u00f3n y el empleo juvenil al participar, junto a la Fundaci\u00f3n Sebasti\u00e1n Almagro, en la entrega de 27.000 euros en becas destinadas a j\u00f3venes<\/strong> que han completado su preparaci\u00f3n en uno de los perfiles con mayor demanda dentro del sector aeron\u00e1utico: el curso de <strong data-start=\"663\" data-end=\"688\">piloto de helic\u00f3ptero<\/strong>.<\/p>\n<p data-start=\"330\" data-end=\"935\"><strong>En representaci\u00f3n de Caja Rural del Sur asisti\u00f3 el vicepresidente, Ricardo L\u00f3pez-Crespo<\/strong>, acompa\u00f1ado por otros patronos de ambas entidades. Por parte de la Fundaci\u00f3n Sebasti\u00e1n Almagro estuvo presente su presidente, <strong data-start=\"910\" data-end=\"934\">Miguel \u00c1ngel Tamarit<\/strong>.<\/p>\n<p data-start=\"937\" data-end=\"1186\">Estas ayudas est\u00e1n dise\u00f1adas para facilitar el acceso al Curso Integrado de Piloto de Transporte de L\u00edneas A\u00e9reas con Habilitaci\u00f3n Instrumental de Helic\u00f3ptero, una formaci\u00f3n altamente especializada y con un mercado laboral en continua expansi\u00f3n.<\/p>\n<p data-start=\"1188\" data-end=\"1616\"><strong>El acto se celebr\u00f3 en la sede de Pegasus Aero Group, situada en el Aer\u00f3dromo Sebasti\u00e1n Almagro de Palma del R\u00edo.<\/strong> Durante su intervenci\u00f3n, Tamarit subray\u00f3 la necesidad de \u201cinvertir en la formaci\u00f3n de los j\u00f3venes para impulsar el desarrollo del sector aeron\u00e1utico en la regi\u00f3n\u201d, recordando adem\u00e1s que desde la creaci\u00f3n de la Fundaci\u00f3n hace m\u00e1s de 15 a\u00f1os trabajan para reducir las barreras econ\u00f3micas de este tipo de estudios.<\/p>\n<p data-start=\"1618\" data-end=\"2148\">Por su parte, <strong>el vicepresidente de la Fundaci\u00f3n Caja Rural del Sur, Ricardo L\u00f3pez-Crespo<\/strong>, destac\u00f3 que esta colaboraci\u00f3n \u201ces mucho m\u00e1s que un acuerdo econ\u00f3mico: es una apuesta por el talento joven y por una profesi\u00f3n que exige responsabilidad, vocaci\u00f3n y la m\u00e1xima calidad formativa\u201d. A\u00f1adi\u00f3 que estas becas pretenden \u201cabrir puertas y apoyar carreras que, de otro modo, podr\u00edan quedar fuera del alcance de muchos\u201d, confiando en que esta alianza sirva para impulsar la incorporaci\u00f3n de nuevos profesionales que el pa\u00eds necesita.<\/p>\n<p data-start=\"2150\" data-end=\"2437\">La iniciativa se enmarca en la respuesta a la creciente falta de especialistas en la industria de helic\u00f3pteros de emergencia, que prev\u00e9 necesitar m\u00e1s de <strong data-start=\"2303\" data-end=\"2346\">300 nuevos pilotos en los pr\u00f3ximos a\u00f1os<\/strong>, mientras que actualmente apenas una veintena de j\u00f3venes inicia anualmente esta formaci\u00f3n.<\/p>","protected":false},"excerpt":{"rendered":"<p>La Fundaci\u00f3n Caja Rural del Sur ha reiterado su compromiso con la formaci\u00f3n y el empleo juvenil al participar, junto a la Fundaci\u00f3n Sebasti\u00e1n Almagro, en la entrega de 27.000 [&hellip;]<\/p>\n","protected":false},"author":6,"featured_media":11722,"comment_status":"closed","ping_status":"closed","sticky":false,"template":"","format":"standard","meta":{"footnotes":""},"categories":[70],"tags":[],"class_list":["post-11721","post","type-post","status-publish","format-standard","has-post-thumbnail","hentry","category-accion-social"],"yoast_head":"<!-- This site is optimized with the Yoast SEO plugin v27.3 - https:\/\/yoast.com\/product\/yoast-seo-wordpress\/ -->\n<title>Caja Rural del Sur apuesta por el talento joven en el sector aeron\u00e1utico con becas junto a la Fundaci\u00f3n Sebasti\u00e1n Almagro - Fundaci\u00f3n Caja Rural del Sur<\/title>\n<meta name=\"robots\" content=\"index, follow, max-snippet:-1, max-image-preview:large, max-video-preview:-1\" \/>\n<link rel=\"canonical\" href=\"https:\/\/fundacioncajaruraldelsur.com\/pt\/caja-rural-del-sur-refuerza-apuesta-por-el-talento-joven-en-el-sector-aeronautico-con-becas-junto-a-la-fundacion-sebastian-almagro\/\" \/>\n<meta property=\"og:locale\" content=\"pt_PT\" \/>\n<meta property=\"og:type\" content=\"article\" \/>\n<meta property=\"og:title\" content=\"Caja Rural del Sur apuesta por el talento joven en el sector aeron\u00e1utico con becas junto a la Fundaci\u00f3n Sebasti\u00e1n Almagro - Fundaci\u00f3n Caja Rural del Sur\" \/>\n<meta property=\"og:description\" content=\"La Fundaci\u00f3n Caja Rural del Sur ha reiterado su compromiso con la formaci\u00f3n y el empleo juvenil al participar, junto a la Fundaci\u00f3n Sebasti\u00e1n Almagro, en la entrega de 27.000 [&hellip;]\" \/>\n<meta property=\"og:url\" content=\"https:\/\/fundacioncajaruraldelsur.com\/pt\/caja-rural-del-sur-refuerza-apuesta-por-el-talento-joven-en-el-sector-aeronautico-con-becas-junto-a-la-fundacion-sebastian-almagro\/\" \/>\n<meta property=\"og:site_name\" content=\"Fundaci\u00f3n Caja Rural del Sur\" \/>\n<meta property=\"article:published_time\" content=\"2025-11-27T08:01:44+00:00\" \/>\n<meta property=\"article:modified_time\" content=\"2025-11-27T08:04:01+00:00\" \/>\n<meta property=\"og:image\" content=\"https:\/\/fundacioncajaruraldelsur.com\/wp-content\/uploads\/2025\/11\/Captura-de-pantalla-2025-11-27-085901.jpg\" \/>\n\t<meta property=\"og:image:width\" content=\"728\" \/>\n\t<meta property=\"og:image:height\" content=\"401\" \/>\n\t<meta property=\"og:image:type\" content=\"image\/jpeg\" \/>\n<meta name=\"author\" content=\"Comunicaci\u00f3n\" \/>\n<meta name=\"twitter:card\" content=\"summary_large_image\" \/>\n<meta name=\"twitter:label1\" content=\"Written by\" \/>\n\t<meta name=\"twitter:data1\" content=\"Comunicaci\u00f3n\" \/>\n\t<meta name=\"twitter:label2\" content=\"Est. reading time\" \/>\n\t<meta name=\"twitter:data2\" content=\"2 minutes\" \/>\n<script type=\"application\/ld+json\" class=\"yoast-schema-graph\">{\"@context\":\"https:\\\/\\\/schema.org\",\"@graph\":[{\"@type\":\"Article\",\"@id\":\"https:\\\/\\\/fundacioncajaruraldelsur.com\\\/caja-rural-del-sur-refuerza-apuesta-por-el-talento-joven-en-el-sector-aeronautico-con-becas-junto-a-la-fundacion-sebastian-almagro\\\/#article\",\"isPartOf\":{\"@id\":\"https:\\\/\\\/fundacioncajaruraldelsur.com\\\/caja-rural-del-sur-refuerza-apuesta-por-el-talento-joven-en-el-sector-aeronautico-con-becas-junto-a-la-fundacion-sebastian-almagro\\\/\"},\"author\":{\"name\":\"Comunicaci\u00f3n\",\"@id\":\"https:\\\/\\\/fundacioncajaruraldelsur.com\\\/#\\\/schema\\\/person\\\/f430da9fb783d505ff061ad8b3d44577\"},\"headline\":\"Caja Rural del Sur apuesta por el talento joven en el sector aeron\u00e1utico con becas junto a la Fundaci\u00f3n Sebasti\u00e1n Almagro\",\"datePublished\":\"2025-11-27T08:01:44+00:00\",\"dateModified\":\"2025-11-27T08:04:01+00:00\",\"mainEntityOfPage\":{\"@id\":\"https:\\\/\\\/fundacioncajaruraldelsur.com\\\/caja-rural-del-sur-refuerza-apuesta-por-el-talento-joven-en-el-sector-aeronautico-con-becas-junto-a-la-fundacion-sebastian-almagro\\\/\"},\"wordCount\":399,\"image\":{\"@id\":\"https:\\\/\\\/fundacioncajaruraldelsur.com\\\/caja-rural-del-sur-refuerza-apuesta-por-el-talento-joven-en-el-sector-aeronautico-con-becas-junto-a-la-fundacion-sebastian-almagro\\\/#primaryimage\"},\"thumbnailUrl\":\"https:\\\/\\\/fundacioncajaruraldelsur.com\\\/wp-content\\\/uploads\\\/2025\\\/11\\\/Captura-de-pantalla-2025-11-27-085901.jpg\",\"articleSection\":[\"Acci\u00f3n social\"],\"inLanguage\":\"pt-PT\"},{\"@type\":\"WebPage\",\"@id\":\"https:\\\/\\\/fundacioncajaruraldelsur.com\\\/caja-rural-del-sur-refuerza-apuesta-por-el-talento-joven-en-el-sector-aeronautico-con-becas-junto-a-la-fundacion-sebastian-almagro\\\/\",\"url\":\"https:\\\/\\\/fundacioncajaruraldelsur.com\\\/caja-rural-del-sur-refuerza-apuesta-por-el-talento-joven-en-el-sector-aeronautico-con-becas-junto-a-la-fundacion-sebastian-almagro\\\/\",\"name\":\"Caja Rural del Sur apuesta por el talento joven en el sector aeron\u00e1utico con becas junto a la Fundaci\u00f3n Sebasti\u00e1n Almagro - Fundaci\u00f3n Caja Rural del Sur\",\"isPartOf\":{\"@id\":\"https:\\\/\\\/fundacioncajaruraldelsur.com\\\/#website\"},\"primaryImageOfPage\":{\"@id\":\"https:\\\/\\\/fundacioncajaruraldelsur.com\\\/caja-rural-del-sur-refuerza-apuesta-por-el-talento-joven-en-el-sector-aeronautico-con-becas-junto-a-la-fundacion-sebastian-almagro\\\/#primaryimage\"},\"image\":{\"@id\":\"https:\\\/\\\/fundacioncajaruraldelsur.com\\\/caja-rural-del-sur-refuerza-apuesta-por-el-talento-joven-en-el-sector-aeronautico-con-becas-junto-a-la-fundacion-sebastian-almagro\\\/#primaryimage\"},\"thumbnailUrl\":\"https:\\\/\\\/fundacioncajaruraldelsur.com\\\/wp-content\\\/uploads\\\/2025\\\/11\\\/Captura-de-pantalla-2025-11-27-085901.jpg\",\"datePublished\":\"2025-11-27T08:01:44+00:00\",\"dateModified\":\"2025-11-27T08:04:01+00:00\",\"author\":{\"@id\":\"https:\\\/\\\/fundacioncajaruraldelsur.com\\\/#\\\/schema\\\/person\\\/f430da9fb783d505ff061ad8b3d44577\"},\"breadcrumb\":{\"@id\":\"https:\\\/\\\/fundacioncajaruraldelsur.com\\\/caja-rural-del-sur-refuerza-apuesta-por-el-talento-joven-en-el-sector-aeronautico-con-becas-junto-a-la-fundacion-sebastian-almagro\\\/#breadcrumb\"},\"inLanguage\":\"pt-PT\",\"potentialAction\":[{\"@type\":\"ReadAction\",\"target\":[\"https:\\\/\\\/fundacioncajaruraldelsur.com\\\/caja-rural-del-sur-refuerza-apuesta-por-el-talento-joven-en-el-sector-aeronautico-con-becas-junto-a-la-fundacion-sebastian-almagro\\\/\"]}]},{\"@type\":\"ImageObject\",\"inLanguage\":\"pt-PT\",\"@id\":\"https:\\\/\\\/fundacioncajaruraldelsur.com\\\/caja-rural-del-sur-refuerza-apuesta-por-el-talento-joven-en-el-sector-aeronautico-con-becas-junto-a-la-fundacion-sebastian-almagro\\\/#primaryimage\",\"url\":\"https:\\\/\\\/fundacioncajaruraldelsur.com\\\/wp-content\\\/uploads\\\/2025\\\/11\\\/Captura-de-pantalla-2025-11-27-085901.jpg\",\"contentUrl\":\"https:\\\/\\\/fundacioncajaruraldelsur.com\\\/wp-content\\\/uploads\\\/2025\\\/11\\\/Captura-de-pantalla-2025-11-27-085901.jpg\",\"width\":728,\"height\":401},{\"@type\":\"BreadcrumbList\",\"@id\":\"https:\\\/\\\/fundacioncajaruraldelsur.com\\\/caja-rural-del-sur-refuerza-apuesta-por-el-talento-joven-en-el-sector-aeronautico-con-becas-junto-a-la-fundacion-sebastian-almagro\\\/#breadcrumb\",\"itemListElement\":[{\"@type\":\"ListItem\",\"position\":1,\"name\":\"Portada\",\"item\":\"https:\\\/\\\/fundacioncajaruraldelsur.com\\\/\"},{\"@type\":\"ListItem\",\"position\":2,\"name\":\"Caja Rural del Sur apuesta por el talento joven en el sector aeron\u00e1utico con becas junto a la Fundaci\u00f3n Sebasti\u00e1n Almagro\"}]},{\"@type\":\"WebSite\",\"@id\":\"https:\\\/\\\/fundacioncajaruraldelsur.com\\\/#website\",\"url\":\"https:\\\/\\\/fundacioncajaruraldelsur.com\\\/\",\"name\":\"Fundaci\u00f3n Caja Rural del Sur\",\"description\":\"\",\"potentialAction\":[{\"@type\":\"SearchAction\",\"target\":{\"@type\":\"EntryPoint\",\"urlTemplate\":\"https:\\\/\\\/fundacioncajaruraldelsur.com\\\/?s={search_term_string}\"},\"query-input\":{\"@type\":\"PropertyValueSpecification\",\"valueRequired\":true,\"valueName\":\"search_term_string\"}}],\"inLanguage\":\"pt-PT\"},{\"@type\":\"Person\",\"@id\":\"https:\\\/\\\/fundacioncajaruraldelsur.com\\\/#\\\/schema\\\/person\\\/f430da9fb783d505ff061ad8b3d44577\",\"name\":\"Comunicaci\u00f3n\",\"image\":{\"@type\":\"ImageObject\",\"inLanguage\":\"pt-PT\",\"@id\":\"https:\\\/\\\/secure.gravatar.com\\\/avatar\\\/0dca239875993680bac4603ad2de7942da018f52cc3a244578e0b3b09314a8d8?s=96&d=blank&r=g\",\"url\":\"https:\\\/\\\/secure.gravatar.com\\\/avatar\\\/0dca239875993680bac4603ad2de7942da018f52cc3a244578e0b3b09314a8d8?s=96&d=blank&r=g\",\"contentUrl\":\"https:\\\/\\\/secure.gravatar.com\\\/avatar\\\/0dca239875993680bac4603ad2de7942da018f52cc3a244578e0b3b09314a8d8?s=96&d=blank&r=g\",\"caption\":\"Comunicaci\u00f3n\"}}]}<\/script>\n<!-- \/ Yoast SEO plugin. -->","yoast_head_json":{"title":"Caja Rural del Sur apuesta por el talento joven en el sector aeron\u00e1utico con becas junto a la Fundaci\u00f3n Sebasti\u00e1n Almagro - Fundaci\u00f3n Caja Rural del Sur","robots":{"index":"index","follow":"follow","max-snippet":"max-snippet:-1","max-image-preview":"max-image-preview:large","max-video-preview":"max-video-preview:-1"},"canonical":"https:\/\/fundacioncajaruraldelsur.com\/pt\/caja-rural-del-sur-refuerza-apuesta-por-el-talento-joven-en-el-sector-aeronautico-con-becas-junto-a-la-fundacion-sebastian-almagro\/","og_locale":"pt_PT","og_type":"article","og_title":"Caja Rural del Sur apuesta por el talento joven en el sector aeron\u00e1utico con becas junto a la Fundaci\u00f3n Sebasti\u00e1n Almagro - Fundaci\u00f3n Caja Rural del Sur","og_description":"La Fundaci\u00f3n Caja Rural del Sur ha reiterado su compromiso con la formaci\u00f3n y el empleo juvenil al participar, junto a la Fundaci\u00f3n Sebasti\u00e1n Almagro, en la entrega de 27.000 [&hellip;]","og_url":"https:\/\/fundacioncajaruraldelsur.com\/pt\/caja-rural-del-sur-refuerza-apuesta-por-el-talento-joven-en-el-sector-aeronautico-con-becas-junto-a-la-fundacion-sebastian-almagro\/","og_site_name":"Fundaci\u00f3n Caja Rural del Sur","article_published_time":"2025-11-27T08:01:44+00:00","article_modified_time":"2025-11-27T08:04:01+00:00","og_image":[{"width":728,"height":401,"url":"https:\/\/fundacioncajaruraldelsur.com\/wp-content\/uploads\/2025\/11\/Captura-de-pantalla-2025-11-27-085901.jpg","type":"image\/jpeg"}],"author":"Comunicaci\u00f3n","twitter_card":"summary_large_image","twitter_misc":{"Written by":"Comunicaci\u00f3n","Est. reading time":"2 minutes"},"schema":{"@context":"https:\/\/schema.org","@graph":[{"@type":"Article","@id":"https:\/\/fundacioncajaruraldelsur.com\/caja-rural-del-sur-refuerza-apuesta-por-el-talento-joven-en-el-sector-aeronautico-con-becas-junto-a-la-fundacion-sebastian-almagro\/#article","isPartOf":{"@id":"https:\/\/fundacioncajaruraldelsur.com\/caja-rural-del-sur-refuerza-apuesta-por-el-talento-joven-en-el-sector-aeronautico-con-becas-junto-a-la-fundacion-sebastian-almagro\/"},"author":{"name":"Comunicaci\u00f3n","@id":"https:\/\/fundacioncajaruraldelsur.com\/#\/schema\/person\/f430da9fb783d505ff061ad8b3d44577"},"headline":"Caja Rural del Sur apuesta por el talento joven en el sector aeron\u00e1utico con becas junto a la Fundaci\u00f3n Sebasti\u00e1n Almagro","datePublished":"2025-11-27T08:01:44+00:00","dateModified":"2025-11-27T08:04:01+00:00","mainEntityOfPage":{"@id":"https:\/\/fundacioncajaruraldelsur.com\/caja-rural-del-sur-refuerza-apuesta-por-el-talento-joven-en-el-sector-aeronautico-con-becas-junto-a-la-fundacion-sebastian-almagro\/"},"wordCount":399,"image":{"@id":"https:\/\/fundacioncajaruraldelsur.com\/caja-rural-del-sur-refuerza-apuesta-por-el-talento-joven-en-el-sector-aeronautico-con-becas-junto-a-la-fundacion-sebastian-almagro\/#primaryimage"},"thumbnailUrl":"https:\/\/fundacioncajaruraldelsur.com\/wp-content\/uploads\/2025\/11\/Captura-de-pantalla-2025-11-27-085901.jpg","articleSection":["Acci\u00f3n social"],"inLanguage":"pt-PT"},{"@type":"WebPage","@id":"https:\/\/fundacioncajaruraldelsur.com\/caja-rural-del-sur-refuerza-apuesta-por-el-talento-joven-en-el-sector-aeronautico-con-becas-junto-a-la-fundacion-sebastian-almagro\/","url":"https:\/\/fundacioncajaruraldelsur.com\/caja-rural-del-sur-refuerza-apuesta-por-el-talento-joven-en-el-sector-aeronautico-con-becas-junto-a-la-fundacion-sebastian-almagro\/","name":"Caja Rural del Sur apuesta por el talento joven en el sector aeron\u00e1utico con becas junto a la Fundaci\u00f3n Sebasti\u00e1n Almagro - Fundaci\u00f3n Caja Rural del Sur","isPartOf":{"@id":"https:\/\/fundacioncajaruraldelsur.com\/#website"},"primaryImageOfPage":{"@id":"https:\/\/fundacioncajaruraldelsur.com\/caja-rural-del-sur-refuerza-apuesta-por-el-talento-joven-en-el-sector-aeronautico-con-becas-junto-a-la-fundacion-sebastian-almagro\/#primaryimage"},"image":{"@id":"https:\/\/fundacioncajaruraldelsur.com\/caja-rural-del-sur-refuerza-apuesta-por-el-talento-joven-en-el-sector-aeronautico-con-becas-junto-a-la-fundacion-sebastian-almagro\/#primaryimage"},"thumbnailUrl":"https:\/\/fundacioncajaruraldelsur.com\/wp-content\/uploads\/2025\/11\/Captura-de-pantalla-2025-11-27-085901.jpg","datePublished":"2025-11-27T08:01:44+00:00","dateModified":"2025-11-27T08:04:01+00:00","author":{"@id":"https:\/\/fundacioncajaruraldelsur.com\/#\/schema\/person\/f430da9fb783d505ff061ad8b3d44577"},"breadcrumb":{"@id":"https:\/\/fundacioncajaruraldelsur.com\/caja-rural-del-sur-refuerza-apuesta-por-el-talento-joven-en-el-sector-aeronautico-con-becas-junto-a-la-fundacion-sebastian-almagro\/#breadcrumb"},"inLanguage":"pt-PT","potentialAction":[{"@type":"ReadAction","target":["https:\/\/fundacioncajaruraldelsur.com\/caja-rural-del-sur-refuerza-apuesta-por-el-talento-joven-en-el-sector-aeronautico-con-becas-junto-a-la-fundacion-sebastian-almagro\/"]}]},{"@type":"ImageObject","inLanguage":"pt-PT","@id":"https:\/\/fundacioncajaruraldelsur.com\/caja-rural-del-sur-refuerza-apuesta-por-el-talento-joven-en-el-sector-aeronautico-con-becas-junto-a-la-fundacion-sebastian-almagro\/#primaryimage","url":"https:\/\/fundacioncajaruraldelsur.com\/wp-content\/uploads\/2025\/11\/Captura-de-pantalla-2025-11-27-085901.jpg","contentUrl":"https:\/\/fundacioncajaruraldelsur.com\/wp-content\/uploads\/2025\/11\/Captura-de-pantalla-2025-11-27-085901.jpg","width":728,"height":401},{"@type":"BreadcrumbList","@id":"https:\/\/fundacioncajaruraldelsur.com\/caja-rural-del-sur-refuerza-apuesta-por-el-talento-joven-en-el-sector-aeronautico-con-becas-junto-a-la-fundacion-sebastian-almagro\/#breadcrumb","itemListElement":[{"@type":"ListItem","position":1,"name":"Portada","item":"https:\/\/fundacioncajaruraldelsur.com\/"},{"@type":"ListItem","position":2,"name":"Caja Rural del Sur apuesta por el talento joven en el sector aeron\u00e1utico con becas junto a la Fundaci\u00f3n Sebasti\u00e1n Almagro"}]},{"@type":"WebSite","@id":"https:\/\/fundacioncajaruraldelsur.com\/#website","url":"https:\/\/fundacioncajaruraldelsur.com\/","name":"Funda\u00e7\u00e3o Caja Rural del Sur","description":"","potentialAction":[{"@type":"SearchAction","target":{"@type":"EntryPoint","urlTemplate":"https:\/\/fundacioncajaruraldelsur.com\/?s={search_term_string}"},"query-input":{"@type":"PropertyValueSpecification","valueRequired":true,"valueName":"search_term_string"}}],"inLanguage":"pt-PT"},{"@type":"Person","@id":"https:\/\/fundacioncajaruraldelsur.com\/#\/schema\/person\/f430da9fb783d505ff061ad8b3d44577","name":"Comunicaci\u00f3n","image":{"@type":"ImageObject","inLanguage":"pt-PT","@id":"https:\/\/secure.gravatar.com\/avatar\/0dca239875993680bac4603ad2de7942da018f52cc3a244578e0b3b09314a8d8?s=96&d=blank&r=g","url":"https:\/\/secure.gravatar.com\/avatar\/0dca239875993680bac4603ad2de7942da018f52cc3a244578e0b3b09314a8d8?s=96&d=blank&r=g","contentUrl":"https:\/\/secure.gravatar.com\/avatar\/0dca239875993680bac4603ad2de7942da018f52cc3a244578e0b3b09314a8d8?s=96&d=blank&r=g","caption":"Comunicaci\u00f3n"}}]}},"rttpg_featured_image_url":{"full":["https:\/\/fundacioncajaruraldelsur.com\/wp-content\/uploads\/2025\/11\/Captura-de-pantalla-2025-11-27-085901.jpg",728,401,false],"landscape":["https:\/\/fundacioncajaruraldelsur.com\/wp-content\/uploads\/2025\/11\/Captura-de-pantalla-2025-11-27-085901.jpg",728,401,false],"portraits":["https:\/\/fundacioncajaruraldelsur.com\/wp-content\/uploads\/2025\/11\/Captura-de-pantalla-2025-11-27-085901.jpg",728,401,false],"thumbnail":["https:\/\/fundacioncajaruraldelsur.com\/wp-content\/uploads\/2025\/11\/Captura-de-pantalla-2025-11-27-085901-150x150.jpg",150,150,true],"medium":["https:\/\/fundacioncajaruraldelsur.com\/wp-content\/uploads\/2025\/11\/Captura-de-pantalla-2025-11-27-085901-300x165.jpg",300,165,true],"large":["https:\/\/fundacioncajaruraldelsur.com\/wp-content\/uploads\/2025\/11\/Captura-de-pantalla-2025-11-27-085901.jpg",728,401,false],"1536x1536":["https:\/\/fundacioncajaruraldelsur.com\/wp-content\/uploads\/2025\/11\/Captura-de-pantalla-2025-11-27-085901.jpg",728,401,false],"2048x2048":["https:\/\/fundacioncajaruraldelsur.com\/wp-content\/uploads\/2025\/11\/Captura-de-pantalla-2025-11-27-085901.jpg",728,401,false],"trp-custom-language-flag":["https:\/\/fundacioncajaruraldelsur.com\/wp-content\/uploads\/2025\/11\/Captura-de-pantalla-2025-11-27-085901.jpg",18,10,false],"blog-thumbnail":["https:\/\/fundacioncajaruraldelsur.com\/wp-content\/uploads\/2025\/11\/Captura-de-pantalla-2025-11-27-085901-400x200.jpg",400,200,true]},"rttpg_author":{"display_name":"Comunicaci\u00f3n","author_link":"https:\/\/fundacioncajaruraldelsur.com\/pt\/author\/sevillaadmin\/"},"rttpg_comment":0,"rttpg_category":"<a href=\"https:\/\/fundacioncajaruraldelsur.com\/pt\/category\/accion-social\/\" rel=\"category tag\">Acci\u00f3n social<\/a>","rttpg_excerpt":"La Fundaci\u00f3n Caja Rural del Sur ha reiterado su compromiso con la formaci\u00f3n y el empleo juvenil al participar, junto a la Fundaci\u00f3n Sebasti\u00e1n Almagro, en la entrega de 27.000 [&hellip;]","_links":{"self":[{"href":"https:\/\/fundacioncajaruraldelsur.com\/pt\/wp-json\/wp\/v2\/posts\/11721","targetHints":{"allow":["GET"]}}],"collection":[{"href":"https:\/\/fundacioncajaruraldelsur.com\/pt\/wp-json\/wp\/v2\/posts"}],"about":[{"href":"https:\/\/fundacioncajaruraldelsur.com\/pt\/wp-json\/wp\/v2\/types\/post"}],"author":[{"embeddable":true,"href":"https:\/\/fundacioncajaruraldelsur.com\/pt\/wp-json\/wp\/v2\/users\/6"}],"replies":[{"embeddable":true,"href":"https:\/\/fundacioncajaruraldelsur.com\/pt\/wp-json\/wp\/v2\/comments?post=11721"}],"version-history":[{"count":3,"href":"https:\/\/fundacioncajaruraldelsur.com\/pt\/wp-json\/wp\/v2\/posts\/11721\/revisions"}],"predecessor-version":[{"id":11725,"href":"https:\/\/fundacioncajaruraldelsur.com\/pt\/wp-json\/wp\/v2\/posts\/11721\/revisions\/11725"}],"wp:featuredmedia":[{"embeddable":true,"href":"https:\/\/fundacioncajaruraldelsur.com\/pt\/wp-json\/wp\/v2\/media\/11722"}],"wp:attachment":[{"href":"https:\/\/fundacioncajaruraldelsur.com\/pt\/wp-json\/wp\/v2\/media?parent=11721"}],"wp:term":[{"taxonomy":"category","embeddable":true,"href":"https:\/\/fundacioncajaruraldelsur.com\/pt\/wp-json\/wp\/v2\/categories?post=11721"},{"taxonomy":"post_tag","embeddable":true,"href":"https:\/\/fundacioncajaruraldelsur.com\/pt\/wp-json\/wp\/v2\/tags?post=11721"}],"curies":[{"name":"wp","href":"https:\/\/api.w.org\/{rel}","templated":true}]}}