{"id":11677,"date":"2025-11-14T10:43:35","date_gmt":"2025-11-14T09:43:35","guid":{"rendered":"https:\/\/fundacioncajaruraldelsur.com\/?p=11677"},"modified":"2025-11-14T10:43:35","modified_gmt":"2025-11-14T09:43:35","slug":"fundacion-caja-rural-del-sur-patrocina-la-viii-gala-de-premios-de-investigacion-del-colegio-de-enfermeria-de-malaga","status":"publish","type":"post","link":"https:\/\/fundacioncajaruraldelsur.com\/pt\/fundacion-caja-rural-del-sur-patrocina-la-viii-gala-de-premios-de-investigacion-del-colegio-de-enfermeria-de-malaga\/","title":{"rendered":"Funda\u00e7\u00e3o Caja Rural del Sur patrocina a VIII Gala de Entrega de Pr\u00e9mios de Investiga\u00e7\u00e3o da Ordem dos Enfermeiros de M\u00e1laga"},"content":{"rendered":"<p>A Caja Rural del Sur patrocinou a Gala de Entrega dos VIII Pr\u00e9mios de Investiga\u00e7\u00e3o da Ordem dos Enfermeiros de M\u00e1laga, realizada na passada sexta-feira 7 de novembro no Museu Carmen Thyssen, um espa\u00e7o que se tornou no cen\u00e1rio perfeito para reconhecer o talento, a dedica\u00e7\u00e3o e o compromisso das enfermeiras e dos enfermeiros de M\u00e1laga no \u00e2mbito investigador.<\/p>\n<p>Assistiu ao ato, em representa\u00e7\u00e3o da Caja Rural del Sur, <span data-olk-copy-source=\"MessageBody\">Luis Barea, DUN de M\u00e1laga,<\/span>\u00a0manifestando o apoio da entidade a iniciativas que impulsionam o conhecimento cient\u00edfico e valorizando o trabalho essencial dos profissionais da sa\u00fade.<\/p>\n<p>Com o relat\u00f3rio do Dr. Jos\u00e9 Miguel Morales Asencio e a entrega de pr\u00e9mios aos projetos vencedores, o sarau tornou vis\u00edvel a import\u00e2ncia da investiga\u00e7\u00e3o como motor de mudan\u00e7a e crescimento para a Enfermagem.<\/p>\n<p>A Gala reuniu numerosos representantes institucionais, acad\u00e9micos e profissionais sanit\u00e1rios que quiseram apoiar uma edi\u00e7\u00e3o que se destaca pela sua contribui\u00e7\u00e3o para a progress\u00e3o dos cuidados, a inova\u00e7\u00e3o sanit\u00e1ria e a melhoria cont\u00ednua da pr\u00e1tica enfermeira na prov\u00edncia de M\u00e1laga.<\/p>\n<figure id=\"attachment_11678\" aria-describedby=\"caption-attachment-11678\" style=\"width: 2000px\" class=\"wp-caption alignnone\"><a href=\"https:\/\/fundacioncajaruraldelsur.com\/wp-content\/uploads\/2025\/11\/COEM-PREMIOS-INVESTIGACION-14.jpg\" rel=\"lightbox-0\"><img loading=\"lazy\" decoding=\"async\" class=\"wp-image-11678 size-full\" src=\"https:\/\/fundacioncajaruraldelsur.com\/wp-content\/uploads\/2025\/11\/COEM-PREMIOS-INVESTIGACION-14.jpg\" alt=\"\" width=\"2000\" height=\"1333\" srcset=\"https:\/\/fundacioncajaruraldelsur.com\/wp-content\/uploads\/2025\/11\/COEM-PREMIOS-INVESTIGACION-14.jpg 2000w, https:\/\/fundacioncajaruraldelsur.com\/wp-content\/uploads\/2025\/11\/COEM-PREMIOS-INVESTIGACION-14-300x200.jpg 300w, https:\/\/fundacioncajaruraldelsur.com\/wp-content\/uploads\/2025\/11\/COEM-PREMIOS-INVESTIGACION-14-1024x682.jpg 1024w, https:\/\/fundacioncajaruraldelsur.com\/wp-content\/uploads\/2025\/11\/COEM-PREMIOS-INVESTIGACION-14-768x512.jpg 768w, https:\/\/fundacioncajaruraldelsur.com\/wp-content\/uploads\/2025\/11\/COEM-PREMIOS-INVESTIGACION-14-1536x1024.jpg 1536w\" sizes=\"auto, (max-width: 2000px) 100vw, 2000px\" \/><\/a><figcaption id=\"caption-attachment-11678\" class=\"wp-caption-text\">Entrega dos Pr\u00e9mios de Investiga\u00e7\u00e3o 2025 da Escola Oficial de Enfermagem de M\u00e1laga no Museu Carmen Thyssen de M\u00e1laga.<\/figcaption><\/figure>","protected":false},"excerpt":{"rendered":"<p>Caja Rural del Sur ha patrocinado la Gala de Entrega de los VIII Premios de Investigaci\u00f3n del Colegio de Enfermer\u00eda de M\u00e1laga, celebrada el pasado viernes 7 de noviembre en [&hellip;]<\/p>\n","protected":false},"author":6,"featured_media":11679,"comment_status":"closed","ping_status":"closed","sticky":false,"template":"","format":"standard","meta":{"footnotes":""},"categories":[70,64],"tags":[],"class_list":["post-11677","post","type-post","status-publish","format-standard","has-post-thumbnail","hentry","category-accion-social","category-premios"],"yoast_head":"<!-- This site is optimized with the Yoast SEO plugin v27.3 - https:\/\/yoast.com\/product\/yoast-seo-wordpress\/ -->\n<title>Fundaci\u00f3n Caja Rural del Sur patrocina la VIII Gala de Premios de Investigaci\u00f3n del Colegio de Enfermer\u00eda de M\u00e1laga - Fundaci\u00f3n Caja Rural del Sur<\/title>\n<meta name=\"robots\" content=\"index, follow, max-snippet:-1, max-image-preview:large, max-video-preview:-1\" \/>\n<link rel=\"canonical\" href=\"https:\/\/fundacioncajaruraldelsur.com\/pt\/fundacion-caja-rural-del-sur-patrocina-la-viii-gala-de-premios-de-investigacion-del-colegio-de-enfermeria-de-malaga\/\" \/>\n<meta property=\"og:locale\" content=\"pt_PT\" \/>\n<meta property=\"og:type\" content=\"article\" \/>\n<meta property=\"og:title\" content=\"Fundaci\u00f3n Caja Rural del Sur patrocina la VIII Gala de Premios de Investigaci\u00f3n del Colegio de Enfermer\u00eda de M\u00e1laga - Fundaci\u00f3n Caja Rural del Sur\" \/>\n<meta property=\"og:description\" content=\"Caja Rural del Sur ha patrocinado la Gala de Entrega de los VIII Premios de Investigaci\u00f3n del Colegio de Enfermer\u00eda de M\u00e1laga, celebrada el pasado viernes 7 de noviembre en [&hellip;]\" \/>\n<meta property=\"og:url\" content=\"https:\/\/fundacioncajaruraldelsur.com\/pt\/fundacion-caja-rural-del-sur-patrocina-la-viii-gala-de-premios-de-investigacion-del-colegio-de-enfermeria-de-malaga\/\" \/>\n<meta property=\"og:site_name\" content=\"Fundaci\u00f3n Caja Rural del Sur\" \/>\n<meta property=\"article:published_time\" content=\"2025-11-14T09:43:35+00:00\" \/>\n<meta property=\"og:image\" content=\"https:\/\/fundacioncajaruraldelsur.com\/wp-content\/uploads\/2025\/11\/COEM-PREMIOS-INVESTIGACION-15.jpg\" \/>\n\t<meta property=\"og:image:width\" content=\"2000\" \/>\n\t<meta property=\"og:image:height\" content=\"1333\" \/>\n\t<meta property=\"og:image:type\" content=\"image\/jpeg\" \/>\n<meta name=\"author\" content=\"Comunicaci\u00f3n\" \/>\n<meta name=\"twitter:card\" content=\"summary_large_image\" \/>\n<meta name=\"twitter:label1\" content=\"Written by\" \/>\n\t<meta name=\"twitter:data1\" content=\"Comunicaci\u00f3n\" \/>\n\t<meta name=\"twitter:label2\" content=\"Est. reading time\" \/>\n\t<meta name=\"twitter:data2\" content=\"2 minutes\" \/>\n<script type=\"application\/ld+json\" class=\"yoast-schema-graph\">{\"@context\":\"https:\\\/\\\/schema.org\",\"@graph\":[{\"@type\":\"Article\",\"@id\":\"https:\\\/\\\/fundacioncajaruraldelsur.com\\\/fundacion-caja-rural-del-sur-patrocina-la-viii-gala-de-premios-de-investigacion-del-colegio-de-enfermeria-de-malaga\\\/#article\",\"isPartOf\":{\"@id\":\"https:\\\/\\\/fundacioncajaruraldelsur.com\\\/fundacion-caja-rural-del-sur-patrocina-la-viii-gala-de-premios-de-investigacion-del-colegio-de-enfermeria-de-malaga\\\/\"},\"author\":{\"name\":\"Comunicaci\u00f3n\",\"@id\":\"https:\\\/\\\/fundacioncajaruraldelsur.com\\\/#\\\/schema\\\/person\\\/f430da9fb783d505ff061ad8b3d44577\"},\"headline\":\"Fundaci\u00f3n Caja Rural del Sur patrocina la VIII Gala de Premios de Investigaci\u00f3n del Colegio de Enfermer\u00eda de M\u00e1laga\",\"datePublished\":\"2025-11-14T09:43:35+00:00\",\"mainEntityOfPage\":{\"@id\":\"https:\\\/\\\/fundacioncajaruraldelsur.com\\\/fundacion-caja-rural-del-sur-patrocina-la-viii-gala-de-premios-de-investigacion-del-colegio-de-enfermeria-de-malaga\\\/\"},\"wordCount\":249,\"image\":{\"@id\":\"https:\\\/\\\/fundacioncajaruraldelsur.com\\\/fundacion-caja-rural-del-sur-patrocina-la-viii-gala-de-premios-de-investigacion-del-colegio-de-enfermeria-de-malaga\\\/#primaryimage\"},\"thumbnailUrl\":\"https:\\\/\\\/fundacioncajaruraldelsur.com\\\/wp-content\\\/uploads\\\/2025\\\/11\\\/COEM-PREMIOS-INVESTIGACION-15.jpg\",\"articleSection\":[\"Acci\u00f3n social\",\"Premios\"],\"inLanguage\":\"pt-PT\"},{\"@type\":\"WebPage\",\"@id\":\"https:\\\/\\\/fundacioncajaruraldelsur.com\\\/fundacion-caja-rural-del-sur-patrocina-la-viii-gala-de-premios-de-investigacion-del-colegio-de-enfermeria-de-malaga\\\/\",\"url\":\"https:\\\/\\\/fundacioncajaruraldelsur.com\\\/fundacion-caja-rural-del-sur-patrocina-la-viii-gala-de-premios-de-investigacion-del-colegio-de-enfermeria-de-malaga\\\/\",\"name\":\"Fundaci\u00f3n Caja Rural del Sur patrocina la VIII Gala de Premios de Investigaci\u00f3n del Colegio de Enfermer\u00eda de M\u00e1laga - Fundaci\u00f3n Caja Rural del Sur\",\"isPartOf\":{\"@id\":\"https:\\\/\\\/fundacioncajaruraldelsur.com\\\/#website\"},\"primaryImageOfPage\":{\"@id\":\"https:\\\/\\\/fundacioncajaruraldelsur.com\\\/fundacion-caja-rural-del-sur-patrocina-la-viii-gala-de-premios-de-investigacion-del-colegio-de-enfermeria-de-malaga\\\/#primaryimage\"},\"image\":{\"@id\":\"https:\\\/\\\/fundacioncajaruraldelsur.com\\\/fundacion-caja-rural-del-sur-patrocina-la-viii-gala-de-premios-de-investigacion-del-colegio-de-enfermeria-de-malaga\\\/#primaryimage\"},\"thumbnailUrl\":\"https:\\\/\\\/fundacioncajaruraldelsur.com\\\/wp-content\\\/uploads\\\/2025\\\/11\\\/COEM-PREMIOS-INVESTIGACION-15.jpg\",\"datePublished\":\"2025-11-14T09:43:35+00:00\",\"author\":{\"@id\":\"https:\\\/\\\/fundacioncajaruraldelsur.com\\\/#\\\/schema\\\/person\\\/f430da9fb783d505ff061ad8b3d44577\"},\"breadcrumb\":{\"@id\":\"https:\\\/\\\/fundacioncajaruraldelsur.com\\\/fundacion-caja-rural-del-sur-patrocina-la-viii-gala-de-premios-de-investigacion-del-colegio-de-enfermeria-de-malaga\\\/#breadcrumb\"},\"inLanguage\":\"pt-PT\",\"potentialAction\":[{\"@type\":\"ReadAction\",\"target\":[\"https:\\\/\\\/fundacioncajaruraldelsur.com\\\/fundacion-caja-rural-del-sur-patrocina-la-viii-gala-de-premios-de-investigacion-del-colegio-de-enfermeria-de-malaga\\\/\"]}]},{\"@type\":\"ImageObject\",\"inLanguage\":\"pt-PT\",\"@id\":\"https:\\\/\\\/fundacioncajaruraldelsur.com\\\/fundacion-caja-rural-del-sur-patrocina-la-viii-gala-de-premios-de-investigacion-del-colegio-de-enfermeria-de-malaga\\\/#primaryimage\",\"url\":\"https:\\\/\\\/fundacioncajaruraldelsur.com\\\/wp-content\\\/uploads\\\/2025\\\/11\\\/COEM-PREMIOS-INVESTIGACION-15.jpg\",\"contentUrl\":\"https:\\\/\\\/fundacioncajaruraldelsur.com\\\/wp-content\\\/uploads\\\/2025\\\/11\\\/COEM-PREMIOS-INVESTIGACION-15.jpg\",\"width\":2000,\"height\":1333,\"caption\":\"Entrega de los Premios de investigaci\u00f3n Colegio Oficial de Enfermer\u00eda de M\u00e1laga 2025 en el Museo Carmen Thyssen M\u00e1laga.\"},{\"@type\":\"BreadcrumbList\",\"@id\":\"https:\\\/\\\/fundacioncajaruraldelsur.com\\\/fundacion-caja-rural-del-sur-patrocina-la-viii-gala-de-premios-de-investigacion-del-colegio-de-enfermeria-de-malaga\\\/#breadcrumb\",\"itemListElement\":[{\"@type\":\"ListItem\",\"position\":1,\"name\":\"Portada\",\"item\":\"https:\\\/\\\/fundacioncajaruraldelsur.com\\\/\"},{\"@type\":\"ListItem\",\"position\":2,\"name\":\"Fundaci\u00f3n Caja Rural del Sur patrocina la VIII Gala de Premios de Investigaci\u00f3n del Colegio de Enfermer\u00eda de M\u00e1laga\"}]},{\"@type\":\"WebSite\",\"@id\":\"https:\\\/\\\/fundacioncajaruraldelsur.com\\\/#website\",\"url\":\"https:\\\/\\\/fundacioncajaruraldelsur.com\\\/\",\"name\":\"Fundaci\u00f3n Caja Rural del Sur\",\"description\":\"\",\"potentialAction\":[{\"@type\":\"SearchAction\",\"target\":{\"@type\":\"EntryPoint\",\"urlTemplate\":\"https:\\\/\\\/fundacioncajaruraldelsur.com\\\/?s={search_term_string}\"},\"query-input\":{\"@type\":\"PropertyValueSpecification\",\"valueRequired\":true,\"valueName\":\"search_term_string\"}}],\"inLanguage\":\"pt-PT\"},{\"@type\":\"Person\",\"@id\":\"https:\\\/\\\/fundacioncajaruraldelsur.com\\\/#\\\/schema\\\/person\\\/f430da9fb783d505ff061ad8b3d44577\",\"name\":\"Comunicaci\u00f3n\",\"image\":{\"@type\":\"ImageObject\",\"inLanguage\":\"pt-PT\",\"@id\":\"https:\\\/\\\/secure.gravatar.com\\\/avatar\\\/0dca239875993680bac4603ad2de7942da018f52cc3a244578e0b3b09314a8d8?s=96&d=blank&r=g\",\"url\":\"https:\\\/\\\/secure.gravatar.com\\\/avatar\\\/0dca239875993680bac4603ad2de7942da018f52cc3a244578e0b3b09314a8d8?s=96&d=blank&r=g\",\"contentUrl\":\"https:\\\/\\\/secure.gravatar.com\\\/avatar\\\/0dca239875993680bac4603ad2de7942da018f52cc3a244578e0b3b09314a8d8?s=96&d=blank&r=g\",\"caption\":\"Comunicaci\u00f3n\"}}]}<\/script>\n<!-- \/ Yoast SEO plugin. -->","yoast_head_json":{"title":"Fundaci\u00f3n Caja Rural del Sur patrocina la VIII Gala de Premios de Investigaci\u00f3n del Colegio de Enfermer\u00eda de M\u00e1laga - Fundaci\u00f3n Caja Rural del Sur","robots":{"index":"index","follow":"follow","max-snippet":"max-snippet:-1","max-image-preview":"max-image-preview:large","max-video-preview":"max-video-preview:-1"},"canonical":"https:\/\/fundacioncajaruraldelsur.com\/pt\/fundacion-caja-rural-del-sur-patrocina-la-viii-gala-de-premios-de-investigacion-del-colegio-de-enfermeria-de-malaga\/","og_locale":"pt_PT","og_type":"article","og_title":"Fundaci\u00f3n Caja Rural del Sur patrocina la VIII Gala de Premios de Investigaci\u00f3n del Colegio de Enfermer\u00eda de M\u00e1laga - Fundaci\u00f3n Caja Rural del Sur","og_description":"Caja Rural del Sur ha patrocinado la Gala de Entrega de los VIII Premios de Investigaci\u00f3n del Colegio de Enfermer\u00eda de M\u00e1laga, celebrada el pasado viernes 7 de noviembre en [&hellip;]","og_url":"https:\/\/fundacioncajaruraldelsur.com\/pt\/fundacion-caja-rural-del-sur-patrocina-la-viii-gala-de-premios-de-investigacion-del-colegio-de-enfermeria-de-malaga\/","og_site_name":"Fundaci\u00f3n Caja Rural del Sur","article_published_time":"2025-11-14T09:43:35+00:00","og_image":[{"width":2000,"height":1333,"url":"https:\/\/fundacioncajaruraldelsur.com\/wp-content\/uploads\/2025\/11\/COEM-PREMIOS-INVESTIGACION-15.jpg","type":"image\/jpeg"}],"author":"Comunicaci\u00f3n","twitter_card":"summary_large_image","twitter_misc":{"Written by":"Comunicaci\u00f3n","Est. reading time":"2 minutes"},"schema":{"@context":"https:\/\/schema.org","@graph":[{"@type":"Article","@id":"https:\/\/fundacioncajaruraldelsur.com\/fundacion-caja-rural-del-sur-patrocina-la-viii-gala-de-premios-de-investigacion-del-colegio-de-enfermeria-de-malaga\/#article","isPartOf":{"@id":"https:\/\/fundacioncajaruraldelsur.com\/fundacion-caja-rural-del-sur-patrocina-la-viii-gala-de-premios-de-investigacion-del-colegio-de-enfermeria-de-malaga\/"},"author":{"name":"Comunicaci\u00f3n","@id":"https:\/\/fundacioncajaruraldelsur.com\/#\/schema\/person\/f430da9fb783d505ff061ad8b3d44577"},"headline":"Fundaci\u00f3n Caja Rural del Sur patrocina la VIII Gala de Premios de Investigaci\u00f3n del Colegio de Enfermer\u00eda de M\u00e1laga","datePublished":"2025-11-14T09:43:35+00:00","mainEntityOfPage":{"@id":"https:\/\/fundacioncajaruraldelsur.com\/fundacion-caja-rural-del-sur-patrocina-la-viii-gala-de-premios-de-investigacion-del-colegio-de-enfermeria-de-malaga\/"},"wordCount":249,"image":{"@id":"https:\/\/fundacioncajaruraldelsur.com\/fundacion-caja-rural-del-sur-patrocina-la-viii-gala-de-premios-de-investigacion-del-colegio-de-enfermeria-de-malaga\/#primaryimage"},"thumbnailUrl":"https:\/\/fundacioncajaruraldelsur.com\/wp-content\/uploads\/2025\/11\/COEM-PREMIOS-INVESTIGACION-15.jpg","articleSection":["Acci\u00f3n social","Premios"],"inLanguage":"pt-PT"},{"@type":"WebPage","@id":"https:\/\/fundacioncajaruraldelsur.com\/fundacion-caja-rural-del-sur-patrocina-la-viii-gala-de-premios-de-investigacion-del-colegio-de-enfermeria-de-malaga\/","url":"https:\/\/fundacioncajaruraldelsur.com\/fundacion-caja-rural-del-sur-patrocina-la-viii-gala-de-premios-de-investigacion-del-colegio-de-enfermeria-de-malaga\/","name":"Fundaci\u00f3n Caja Rural del Sur patrocina la VIII Gala de Premios de Investigaci\u00f3n del Colegio de Enfermer\u00eda de M\u00e1laga - Fundaci\u00f3n Caja Rural del Sur","isPartOf":{"@id":"https:\/\/fundacioncajaruraldelsur.com\/#website"},"primaryImageOfPage":{"@id":"https:\/\/fundacioncajaruraldelsur.com\/fundacion-caja-rural-del-sur-patrocina-la-viii-gala-de-premios-de-investigacion-del-colegio-de-enfermeria-de-malaga\/#primaryimage"},"image":{"@id":"https:\/\/fundacioncajaruraldelsur.com\/fundacion-caja-rural-del-sur-patrocina-la-viii-gala-de-premios-de-investigacion-del-colegio-de-enfermeria-de-malaga\/#primaryimage"},"thumbnailUrl":"https:\/\/fundacioncajaruraldelsur.com\/wp-content\/uploads\/2025\/11\/COEM-PREMIOS-INVESTIGACION-15.jpg","datePublished":"2025-11-14T09:43:35+00:00","author":{"@id":"https:\/\/fundacioncajaruraldelsur.com\/#\/schema\/person\/f430da9fb783d505ff061ad8b3d44577"},"breadcrumb":{"@id":"https:\/\/fundacioncajaruraldelsur.com\/fundacion-caja-rural-del-sur-patrocina-la-viii-gala-de-premios-de-investigacion-del-colegio-de-enfermeria-de-malaga\/#breadcrumb"},"inLanguage":"pt-PT","potentialAction":[{"@type":"ReadAction","target":["https:\/\/fundacioncajaruraldelsur.com\/fundacion-caja-rural-del-sur-patrocina-la-viii-gala-de-premios-de-investigacion-del-colegio-de-enfermeria-de-malaga\/"]}]},{"@type":"ImageObject","inLanguage":"pt-PT","@id":"https:\/\/fundacioncajaruraldelsur.com\/fundacion-caja-rural-del-sur-patrocina-la-viii-gala-de-premios-de-investigacion-del-colegio-de-enfermeria-de-malaga\/#primaryimage","url":"https:\/\/fundacioncajaruraldelsur.com\/wp-content\/uploads\/2025\/11\/COEM-PREMIOS-INVESTIGACION-15.jpg","contentUrl":"https:\/\/fundacioncajaruraldelsur.com\/wp-content\/uploads\/2025\/11\/COEM-PREMIOS-INVESTIGACION-15.jpg","width":2000,"height":1333,"caption":"Entrega de los Premios de investigaci\u00f3n Colegio Oficial de Enfermer\u00eda de M\u00e1laga 2025 en el Museo Carmen Thyssen M\u00e1laga."},{"@type":"BreadcrumbList","@id":"https:\/\/fundacioncajaruraldelsur.com\/fundacion-caja-rural-del-sur-patrocina-la-viii-gala-de-premios-de-investigacion-del-colegio-de-enfermeria-de-malaga\/#breadcrumb","itemListElement":[{"@type":"ListItem","position":1,"name":"Portada","item":"https:\/\/fundacioncajaruraldelsur.com\/"},{"@type":"ListItem","position":2,"name":"Fundaci\u00f3n Caja Rural del Sur patrocina la VIII Gala de Premios de Investigaci\u00f3n del Colegio de Enfermer\u00eda de M\u00e1laga"}]},{"@type":"WebSite","@id":"https:\/\/fundacioncajaruraldelsur.com\/#website","url":"https:\/\/fundacioncajaruraldelsur.com\/","name":"Funda\u00e7\u00e3o Caja Rural del Sur","description":"","potentialAction":[{"@type":"SearchAction","target":{"@type":"EntryPoint","urlTemplate":"https:\/\/fundacioncajaruraldelsur.com\/?s={search_term_string}"},"query-input":{"@type":"PropertyValueSpecification","valueRequired":true,"valueName":"search_term_string"}}],"inLanguage":"pt-PT"},{"@type":"Person","@id":"https:\/\/fundacioncajaruraldelsur.com\/#\/schema\/person\/f430da9fb783d505ff061ad8b3d44577","name":"Comunicaci\u00f3n","image":{"@type":"ImageObject","inLanguage":"pt-PT","@id":"https:\/\/secure.gravatar.com\/avatar\/0dca239875993680bac4603ad2de7942da018f52cc3a244578e0b3b09314a8d8?s=96&d=blank&r=g","url":"https:\/\/secure.gravatar.com\/avatar\/0dca239875993680bac4603ad2de7942da018f52cc3a244578e0b3b09314a8d8?s=96&d=blank&r=g","contentUrl":"https:\/\/secure.gravatar.com\/avatar\/0dca239875993680bac4603ad2de7942da018f52cc3a244578e0b3b09314a8d8?s=96&d=blank&r=g","caption":"Comunicaci\u00f3n"}}]}},"rttpg_featured_image_url":{"full":["https:\/\/fundacioncajaruraldelsur.com\/wp-content\/uploads\/2025\/11\/COEM-PREMIOS-INVESTIGACION-15.jpg",2000,1333,false],"landscape":["https:\/\/fundacioncajaruraldelsur.com\/wp-content\/uploads\/2025\/11\/COEM-PREMIOS-INVESTIGACION-15.jpg",2000,1333,false],"portraits":["https:\/\/fundacioncajaruraldelsur.com\/wp-content\/uploads\/2025\/11\/COEM-PREMIOS-INVESTIGACION-15.jpg",2000,1333,false],"thumbnail":["https:\/\/fundacioncajaruraldelsur.com\/wp-content\/uploads\/2025\/11\/COEM-PREMIOS-INVESTIGACION-15-150x150.jpg",150,150,true],"medium":["https:\/\/fundacioncajaruraldelsur.com\/wp-content\/uploads\/2025\/11\/COEM-PREMIOS-INVESTIGACION-15-300x200.jpg",300,200,true],"large":["https:\/\/fundacioncajaruraldelsur.com\/wp-content\/uploads\/2025\/11\/COEM-PREMIOS-INVESTIGACION-15-1024x682.jpg",960,639,true],"1536x1536":["https:\/\/fundacioncajaruraldelsur.com\/wp-content\/uploads\/2025\/11\/COEM-PREMIOS-INVESTIGACION-15-1536x1024.jpg",1536,1024,true],"2048x2048":["https:\/\/fundacioncajaruraldelsur.com\/wp-content\/uploads\/2025\/11\/COEM-PREMIOS-INVESTIGACION-15.jpg",2000,1333,false],"trp-custom-language-flag":["https:\/\/fundacioncajaruraldelsur.com\/wp-content\/uploads\/2025\/11\/COEM-PREMIOS-INVESTIGACION-15.jpg",18,12,false],"blog-thumbnail":["https:\/\/fundacioncajaruraldelsur.com\/wp-content\/uploads\/2025\/11\/COEM-PREMIOS-INVESTIGACION-15-400x200.jpg",400,200,true]},"rttpg_author":{"display_name":"Comunicaci\u00f3n","author_link":"https:\/\/fundacioncajaruraldelsur.com\/pt\/author\/sevillaadmin\/"},"rttpg_comment":0,"rttpg_category":"<a href=\"https:\/\/fundacioncajaruraldelsur.com\/pt\/category\/accion-social\/\" rel=\"category tag\">Acci\u00f3n social<\/a> <a href=\"https:\/\/fundacioncajaruraldelsur.com\/pt\/category\/premios\/\" rel=\"category tag\">Premios<\/a>","rttpg_excerpt":"Caja Rural del Sur ha patrocinado la Gala de Entrega de los VIII Premios de Investigaci\u00f3n del Colegio de Enfermer\u00eda de M\u00e1laga, celebrada el pasado viernes 7 de noviembre en [&hellip;]","_links":{"self":[{"href":"https:\/\/fundacioncajaruraldelsur.com\/pt\/wp-json\/wp\/v2\/posts\/11677","targetHints":{"allow":["GET"]}}],"collection":[{"href":"https:\/\/fundacioncajaruraldelsur.com\/pt\/wp-json\/wp\/v2\/posts"}],"about":[{"href":"https:\/\/fundacioncajaruraldelsur.com\/pt\/wp-json\/wp\/v2\/types\/post"}],"author":[{"embeddable":true,"href":"https:\/\/fundacioncajaruraldelsur.com\/pt\/wp-json\/wp\/v2\/users\/6"}],"replies":[{"embeddable":true,"href":"https:\/\/fundacioncajaruraldelsur.com\/pt\/wp-json\/wp\/v2\/comments?post=11677"}],"version-history":[{"count":1,"href":"https:\/\/fundacioncajaruraldelsur.com\/pt\/wp-json\/wp\/v2\/posts\/11677\/revisions"}],"predecessor-version":[{"id":11680,"href":"https:\/\/fundacioncajaruraldelsur.com\/pt\/wp-json\/wp\/v2\/posts\/11677\/revisions\/11680"}],"wp:featuredmedia":[{"embeddable":true,"href":"https:\/\/fundacioncajaruraldelsur.com\/pt\/wp-json\/wp\/v2\/media\/11679"}],"wp:attachment":[{"href":"https:\/\/fundacioncajaruraldelsur.com\/pt\/wp-json\/wp\/v2\/media?parent=11677"}],"wp:term":[{"taxonomy":"category","embeddable":true,"href":"https:\/\/fundacioncajaruraldelsur.com\/pt\/wp-json\/wp\/v2\/categories?post=11677"},{"taxonomy":"post_tag","embeddable":true,"href":"https:\/\/fundacioncajaruraldelsur.com\/pt\/wp-json\/wp\/v2\/tags?post=11677"}],"curies":[{"name":"wp","href":"https:\/\/api.w.org\/{rel}","templated":true}]}}