{"id":11667,"date":"2025-11-12T23:29:10","date_gmt":"2025-11-12T22:29:10","guid":{"rendered":"https:\/\/fundacioncajaruraldelsur.com\/?p=11667"},"modified":"2025-11-12T23:35:03","modified_gmt":"2025-11-12T22:35:03","slug":"el-jurado-de-los-xx-trofeos-taurinos-pepe-luis-vazquez-de-caja-rural-del-sur-anuncia-los-galardonados-de-la-temporada","status":"publish","type":"post","link":"https:\/\/fundacioncajaruraldelsur.com\/pt\/el-jurado-de-los-xx-trofeos-taurinos-pepe-luis-vazquez-de-caja-rural-del-sur-anuncia-los-galardonados-de-la-temporada\/","title":{"rendered":"El jurado de los XX Trofeos Taurinos \u201cPepe Luis V\u00e1zquez\u201d de Caja Rural del Sur anuncia los galardonados de la temporada"},"content":{"rendered":"<p data-start=\"127\" data-end=\"486\">Este mi\u00e9rcoles, 12 de noviembre, ha tenido lugar la reuni\u00f3n del jurado designado para otorgar los <strong data-start=\"269\" data-end=\"334\">XX Trofeos Taurinos \u201cPepe Luis V\u00e1zquez\u201d de Caja Rural del Sur<\/strong>, distinciones que reconocen lo m\u00e1s destacado de la temporada en las plazas de <strong data-start=\"413\" data-end=\"483\">Sevilla, Jerez, Huelva, C\u00f3rdoba, El Puerto de Santa Mar\u00eda y M\u00e1laga<\/strong>.<\/p>\n<p data-start=\"488\" data-end=\"661\">El acto,\u00a0 celebrado en el Hotel Col\u00f3n de Sevilla, cont\u00f3 con la presencia del <strong data-start=\"523\" data-end=\"551\">presidente de la entidad<\/strong>, Jos\u00e9 Luis Garc\u00eda-Palacios; Manuel Ruiz-Rojas de la <strong>Funda\u00e7\u00e3o Caja Rural del Sur<\/strong>; y el <strong data-start=\"631\" data-end=\"644\">consejero<\/strong>, Dar\u00edo Candau.<\/p>\n<p data-start=\"663\" data-end=\"1048\">El jurado estuvo integrado por reconocidas personalidades del periodismo y la cr\u00edtica taurina: Inma Le\u00f3n, Emilio Trigo, Daniel Herrera, Javier Garc\u00eda-Baquero, Paco Guerrero, Salvador Gim\u00e9nez, Manuel Sotelino, Santiago S\u00e1nchez-Traver, Carlos Crivell, Jos\u00e9 Luis L\u00f3pez, \u00c1lvaro R. del Moral, Luis Carlos Peris, Jes\u00fas Bayort, Francisco Orgambides, Juan Antonio Jim\u00e9nez y Jos\u00e9 Manuel Pe\u00f1a.<\/p>\n<p data-start=\"1050\" data-end=\"1152\">Tras las correspondientes deliberaciones y votaciones, los premios concedidos fueron los siguientes:<\/p>\n<ul data-start=\"1154\" data-end=\"1434\">\n<li data-start=\"1154\" data-end=\"1233\">\n<p data-start=\"1156\" data-end=\"1233\"><strong data-start=\"1156\" data-end=\"1197\">Torero m\u00e1s destacado de la temporada:<\/strong> <em data-start=\"1198\" data-end=\"1216\">David de Miranda<\/em> (por mayor\u00eda).<\/p>\n<\/li>\n<li data-start=\"1234\" data-end=\"1317\">\n<p data-start=\"1236\" data-end=\"1317\"><strong data-start=\"1236\" data-end=\"1280\">Ganader\u00eda m\u00e1s destacada de la temporada:<\/strong> <em data-start=\"1281\" data-end=\"1300\">Juan Pedro Domecq<\/em> (por mayor\u00eda).<\/p>\n<\/li>\n<li data-start=\"1318\" data-end=\"1434\">\n<p data-start=\"1320\" data-end=\"1434\"><strong data-start=\"1320\" data-end=\"1416\">Trofeo Jos\u00e9 Luis Garc\u00eda Palacios a la personalidad m\u00e1s destacada en la defensa de la Fiesta:<\/strong> <em data-start=\"1417\" data-end=\"1431\">Juan del Val<\/em>.<\/p>\n<\/li>\n<\/ul>\n<p data-start=\"1436\" data-end=\"1644\">La entrega de los galardones tendr\u00e1 lugar, como es tradicional, el <strong data-start=\"1503\" data-end=\"1530\">Lunes de Pascua de 2026<\/strong>, el <strong data-start=\"1535\" data-end=\"1549\">6 de abril<\/strong>, en un acto en el que tambi\u00e9n se presentar\u00e1 la <strong data-start=\"1597\" data-end=\"1641\">edici\u00f3n n\u00famero 28 del libro <em data-start=\"1627\" data-end=\"1639\">Maestranza<\/em><\/strong>.<\/p>","protected":false},"excerpt":{"rendered":"<p>Este mi\u00e9rcoles, 12 de noviembre, ha tenido lugar la reuni\u00f3n del jurado designado para otorgar los XX Trofeos Taurinos \u201cPepe Luis V\u00e1zquez\u201d de Caja Rural del Sur, distinciones que reconocen [&hellip;]<\/p>\n","protected":false},"author":6,"featured_media":11668,"comment_status":"closed","ping_status":"closed","sticky":false,"template":"","format":"standard","meta":{"footnotes":""},"categories":[66],"tags":[],"class_list":["post-11667","post","type-post","status-publish","format-standard","has-post-thumbnail","hentry","category-actos"],"yoast_head":"<!-- This site is optimized with the Yoast SEO plugin v27.3 - https:\/\/yoast.com\/product\/yoast-seo-wordpress\/ -->\n<title>El jurado de los XX Trofeos Taurinos \u201cPepe Luis V\u00e1zquez\u201d de Caja Rural del Sur anuncia los galardonados de la temporada - Fundaci\u00f3n Caja Rural del Sur<\/title>\n<meta name=\"robots\" content=\"index, follow, max-snippet:-1, max-image-preview:large, max-video-preview:-1\" \/>\n<link rel=\"canonical\" href=\"https:\/\/fundacioncajaruraldelsur.com\/pt\/el-jurado-de-los-xx-trofeos-taurinos-pepe-luis-vazquez-de-caja-rural-del-sur-anuncia-los-galardonados-de-la-temporada\/\" \/>\n<meta property=\"og:locale\" content=\"pt_PT\" \/>\n<meta property=\"og:type\" content=\"article\" \/>\n<meta property=\"og:title\" content=\"El jurado de los XX Trofeos Taurinos \u201cPepe Luis V\u00e1zquez\u201d de Caja Rural del Sur anuncia los galardonados de la temporada - Fundaci\u00f3n Caja Rural del Sur\" \/>\n<meta property=\"og:description\" content=\"Este mi\u00e9rcoles, 12 de noviembre, ha tenido lugar la reuni\u00f3n del jurado designado para otorgar los XX Trofeos Taurinos \u201cPepe Luis V\u00e1zquez\u201d de Caja Rural del Sur, distinciones que reconocen [&hellip;]\" \/>\n<meta property=\"og:url\" content=\"https:\/\/fundacioncajaruraldelsur.com\/pt\/el-jurado-de-los-xx-trofeos-taurinos-pepe-luis-vazquez-de-caja-rural-del-sur-anuncia-los-galardonados-de-la-temporada\/\" \/>\n<meta property=\"og:site_name\" content=\"Fundaci\u00f3n Caja Rural del Sur\" \/>\n<meta property=\"article:published_time\" content=\"2025-11-12T22:29:10+00:00\" \/>\n<meta property=\"article:modified_time\" content=\"2025-11-12T22:35:03+00:00\" \/>\n<meta property=\"og:image\" content=\"https:\/\/fundacioncajaruraldelsur.com\/wp-content\/uploads\/2025\/11\/Captura-de-pantalla-2025-11-12-232609.png\" \/>\n\t<meta property=\"og:image:width\" content=\"718\" \/>\n\t<meta property=\"og:image:height\" content=\"505\" \/>\n\t<meta property=\"og:image:type\" content=\"image\/png\" \/>\n<meta name=\"author\" content=\"Comunicaci\u00f3n\" \/>\n<meta name=\"twitter:card\" content=\"summary_large_image\" \/>\n<meta name=\"twitter:label1\" content=\"Written by\" \/>\n\t<meta name=\"twitter:data1\" content=\"Comunicaci\u00f3n\" \/>\n\t<meta name=\"twitter:label2\" content=\"Est. reading time\" \/>\n\t<meta name=\"twitter:data2\" content=\"2 minutes\" \/>\n<script type=\"application\/ld+json\" class=\"yoast-schema-graph\">{\"@context\":\"https:\\\/\\\/schema.org\",\"@graph\":[{\"@type\":\"Article\",\"@id\":\"https:\\\/\\\/fundacioncajaruraldelsur.com\\\/el-jurado-de-los-xx-trofeos-taurinos-pepe-luis-vazquez-de-caja-rural-del-sur-anuncia-los-galardonados-de-la-temporada\\\/#article\",\"isPartOf\":{\"@id\":\"https:\\\/\\\/fundacioncajaruraldelsur.com\\\/el-jurado-de-los-xx-trofeos-taurinos-pepe-luis-vazquez-de-caja-rural-del-sur-anuncia-los-galardonados-de-la-temporada\\\/\"},\"author\":{\"name\":\"Comunicaci\u00f3n\",\"@id\":\"https:\\\/\\\/fundacioncajaruraldelsur.com\\\/#\\\/schema\\\/person\\\/f430da9fb783d505ff061ad8b3d44577\"},\"headline\":\"El jurado de los XX Trofeos Taurinos \u201cPepe Luis V\u00e1zquez\u201d de Caja Rural del Sur anuncia los galardonados de la temporada\",\"datePublished\":\"2025-11-12T22:29:10+00:00\",\"dateModified\":\"2025-11-12T22:35:03+00:00\",\"mainEntityOfPage\":{\"@id\":\"https:\\\/\\\/fundacioncajaruraldelsur.com\\\/el-jurado-de-los-xx-trofeos-taurinos-pepe-luis-vazquez-de-caja-rural-del-sur-anuncia-los-galardonados-de-la-temporada\\\/\"},\"wordCount\":275,\"image\":{\"@id\":\"https:\\\/\\\/fundacioncajaruraldelsur.com\\\/el-jurado-de-los-xx-trofeos-taurinos-pepe-luis-vazquez-de-caja-rural-del-sur-anuncia-los-galardonados-de-la-temporada\\\/#primaryimage\"},\"thumbnailUrl\":\"https:\\\/\\\/fundacioncajaruraldelsur.com\\\/wp-content\\\/uploads\\\/2025\\\/11\\\/Captura-de-pantalla-2025-11-12-232609.png\",\"articleSection\":[\"Actos\"],\"inLanguage\":\"pt-PT\"},{\"@type\":\"WebPage\",\"@id\":\"https:\\\/\\\/fundacioncajaruraldelsur.com\\\/el-jurado-de-los-xx-trofeos-taurinos-pepe-luis-vazquez-de-caja-rural-del-sur-anuncia-los-galardonados-de-la-temporada\\\/\",\"url\":\"https:\\\/\\\/fundacioncajaruraldelsur.com\\\/el-jurado-de-los-xx-trofeos-taurinos-pepe-luis-vazquez-de-caja-rural-del-sur-anuncia-los-galardonados-de-la-temporada\\\/\",\"name\":\"El jurado de los XX Trofeos Taurinos \u201cPepe Luis V\u00e1zquez\u201d de Caja Rural del Sur anuncia los galardonados de la temporada - Fundaci\u00f3n Caja Rural del Sur\",\"isPartOf\":{\"@id\":\"https:\\\/\\\/fundacioncajaruraldelsur.com\\\/#website\"},\"primaryImageOfPage\":{\"@id\":\"https:\\\/\\\/fundacioncajaruraldelsur.com\\\/el-jurado-de-los-xx-trofeos-taurinos-pepe-luis-vazquez-de-caja-rural-del-sur-anuncia-los-galardonados-de-la-temporada\\\/#primaryimage\"},\"image\":{\"@id\":\"https:\\\/\\\/fundacioncajaruraldelsur.com\\\/el-jurado-de-los-xx-trofeos-taurinos-pepe-luis-vazquez-de-caja-rural-del-sur-anuncia-los-galardonados-de-la-temporada\\\/#primaryimage\"},\"thumbnailUrl\":\"https:\\\/\\\/fundacioncajaruraldelsur.com\\\/wp-content\\\/uploads\\\/2025\\\/11\\\/Captura-de-pantalla-2025-11-12-232609.png\",\"datePublished\":\"2025-11-12T22:29:10+00:00\",\"dateModified\":\"2025-11-12T22:35:03+00:00\",\"author\":{\"@id\":\"https:\\\/\\\/fundacioncajaruraldelsur.com\\\/#\\\/schema\\\/person\\\/f430da9fb783d505ff061ad8b3d44577\"},\"breadcrumb\":{\"@id\":\"https:\\\/\\\/fundacioncajaruraldelsur.com\\\/el-jurado-de-los-xx-trofeos-taurinos-pepe-luis-vazquez-de-caja-rural-del-sur-anuncia-los-galardonados-de-la-temporada\\\/#breadcrumb\"},\"inLanguage\":\"pt-PT\",\"potentialAction\":[{\"@type\":\"ReadAction\",\"target\":[\"https:\\\/\\\/fundacioncajaruraldelsur.com\\\/el-jurado-de-los-xx-trofeos-taurinos-pepe-luis-vazquez-de-caja-rural-del-sur-anuncia-los-galardonados-de-la-temporada\\\/\"]}]},{\"@type\":\"ImageObject\",\"inLanguage\":\"pt-PT\",\"@id\":\"https:\\\/\\\/fundacioncajaruraldelsur.com\\\/el-jurado-de-los-xx-trofeos-taurinos-pepe-luis-vazquez-de-caja-rural-del-sur-anuncia-los-galardonados-de-la-temporada\\\/#primaryimage\",\"url\":\"https:\\\/\\\/fundacioncajaruraldelsur.com\\\/wp-content\\\/uploads\\\/2025\\\/11\\\/Captura-de-pantalla-2025-11-12-232609.png\",\"contentUrl\":\"https:\\\/\\\/fundacioncajaruraldelsur.com\\\/wp-content\\\/uploads\\\/2025\\\/11\\\/Captura-de-pantalla-2025-11-12-232609.png\",\"width\":718,\"height\":505},{\"@type\":\"BreadcrumbList\",\"@id\":\"https:\\\/\\\/fundacioncajaruraldelsur.com\\\/el-jurado-de-los-xx-trofeos-taurinos-pepe-luis-vazquez-de-caja-rural-del-sur-anuncia-los-galardonados-de-la-temporada\\\/#breadcrumb\",\"itemListElement\":[{\"@type\":\"ListItem\",\"position\":1,\"name\":\"Portada\",\"item\":\"https:\\\/\\\/fundacioncajaruraldelsur.com\\\/\"},{\"@type\":\"ListItem\",\"position\":2,\"name\":\"El jurado de los XX Trofeos Taurinos \u201cPepe Luis V\u00e1zquez\u201d de Caja Rural del Sur anuncia los galardonados de la temporada\"}]},{\"@type\":\"WebSite\",\"@id\":\"https:\\\/\\\/fundacioncajaruraldelsur.com\\\/#website\",\"url\":\"https:\\\/\\\/fundacioncajaruraldelsur.com\\\/\",\"name\":\"Fundaci\u00f3n Caja Rural del Sur\",\"description\":\"\",\"potentialAction\":[{\"@type\":\"SearchAction\",\"target\":{\"@type\":\"EntryPoint\",\"urlTemplate\":\"https:\\\/\\\/fundacioncajaruraldelsur.com\\\/?s={search_term_string}\"},\"query-input\":{\"@type\":\"PropertyValueSpecification\",\"valueRequired\":true,\"valueName\":\"search_term_string\"}}],\"inLanguage\":\"pt-PT\"},{\"@type\":\"Person\",\"@id\":\"https:\\\/\\\/fundacioncajaruraldelsur.com\\\/#\\\/schema\\\/person\\\/f430da9fb783d505ff061ad8b3d44577\",\"name\":\"Comunicaci\u00f3n\",\"image\":{\"@type\":\"ImageObject\",\"inLanguage\":\"pt-PT\",\"@id\":\"https:\\\/\\\/secure.gravatar.com\\\/avatar\\\/0dca239875993680bac4603ad2de7942da018f52cc3a244578e0b3b09314a8d8?s=96&d=blank&r=g\",\"url\":\"https:\\\/\\\/secure.gravatar.com\\\/avatar\\\/0dca239875993680bac4603ad2de7942da018f52cc3a244578e0b3b09314a8d8?s=96&d=blank&r=g\",\"contentUrl\":\"https:\\\/\\\/secure.gravatar.com\\\/avatar\\\/0dca239875993680bac4603ad2de7942da018f52cc3a244578e0b3b09314a8d8?s=96&d=blank&r=g\",\"caption\":\"Comunicaci\u00f3n\"}}]}<\/script>\n<!-- \/ Yoast SEO plugin. -->","yoast_head_json":{"title":"El jurado de los XX Trofeos Taurinos \u201cPepe Luis V\u00e1zquez\u201d de Caja Rural del Sur anuncia los galardonados de la temporada - Fundaci\u00f3n Caja Rural del Sur","robots":{"index":"index","follow":"follow","max-snippet":"max-snippet:-1","max-image-preview":"max-image-preview:large","max-video-preview":"max-video-preview:-1"},"canonical":"https:\/\/fundacioncajaruraldelsur.com\/pt\/el-jurado-de-los-xx-trofeos-taurinos-pepe-luis-vazquez-de-caja-rural-del-sur-anuncia-los-galardonados-de-la-temporada\/","og_locale":"pt_PT","og_type":"article","og_title":"El jurado de los XX Trofeos Taurinos \u201cPepe Luis V\u00e1zquez\u201d de Caja Rural del Sur anuncia los galardonados de la temporada - Fundaci\u00f3n Caja Rural del Sur","og_description":"Este mi\u00e9rcoles, 12 de noviembre, ha tenido lugar la reuni\u00f3n del jurado designado para otorgar los XX Trofeos Taurinos \u201cPepe Luis V\u00e1zquez\u201d de Caja Rural del Sur, distinciones que reconocen [&hellip;]","og_url":"https:\/\/fundacioncajaruraldelsur.com\/pt\/el-jurado-de-los-xx-trofeos-taurinos-pepe-luis-vazquez-de-caja-rural-del-sur-anuncia-los-galardonados-de-la-temporada\/","og_site_name":"Fundaci\u00f3n Caja Rural del Sur","article_published_time":"2025-11-12T22:29:10+00:00","article_modified_time":"2025-11-12T22:35:03+00:00","og_image":[{"width":718,"height":505,"url":"https:\/\/fundacioncajaruraldelsur.com\/wp-content\/uploads\/2025\/11\/Captura-de-pantalla-2025-11-12-232609.png","type":"image\/png"}],"author":"Comunicaci\u00f3n","twitter_card":"summary_large_image","twitter_misc":{"Written by":"Comunicaci\u00f3n","Est. reading time":"2 minutes"},"schema":{"@context":"https:\/\/schema.org","@graph":[{"@type":"Article","@id":"https:\/\/fundacioncajaruraldelsur.com\/el-jurado-de-los-xx-trofeos-taurinos-pepe-luis-vazquez-de-caja-rural-del-sur-anuncia-los-galardonados-de-la-temporada\/#article","isPartOf":{"@id":"https:\/\/fundacioncajaruraldelsur.com\/el-jurado-de-los-xx-trofeos-taurinos-pepe-luis-vazquez-de-caja-rural-del-sur-anuncia-los-galardonados-de-la-temporada\/"},"author":{"name":"Comunicaci\u00f3n","@id":"https:\/\/fundacioncajaruraldelsur.com\/#\/schema\/person\/f430da9fb783d505ff061ad8b3d44577"},"headline":"El jurado de los XX Trofeos Taurinos \u201cPepe Luis V\u00e1zquez\u201d de Caja Rural del Sur anuncia los galardonados de la temporada","datePublished":"2025-11-12T22:29:10+00:00","dateModified":"2025-11-12T22:35:03+00:00","mainEntityOfPage":{"@id":"https:\/\/fundacioncajaruraldelsur.com\/el-jurado-de-los-xx-trofeos-taurinos-pepe-luis-vazquez-de-caja-rural-del-sur-anuncia-los-galardonados-de-la-temporada\/"},"wordCount":275,"image":{"@id":"https:\/\/fundacioncajaruraldelsur.com\/el-jurado-de-los-xx-trofeos-taurinos-pepe-luis-vazquez-de-caja-rural-del-sur-anuncia-los-galardonados-de-la-temporada\/#primaryimage"},"thumbnailUrl":"https:\/\/fundacioncajaruraldelsur.com\/wp-content\/uploads\/2025\/11\/Captura-de-pantalla-2025-11-12-232609.png","articleSection":["Actos"],"inLanguage":"pt-PT"},{"@type":"WebPage","@id":"https:\/\/fundacioncajaruraldelsur.com\/el-jurado-de-los-xx-trofeos-taurinos-pepe-luis-vazquez-de-caja-rural-del-sur-anuncia-los-galardonados-de-la-temporada\/","url":"https:\/\/fundacioncajaruraldelsur.com\/el-jurado-de-los-xx-trofeos-taurinos-pepe-luis-vazquez-de-caja-rural-del-sur-anuncia-los-galardonados-de-la-temporada\/","name":"El jurado de los XX Trofeos Taurinos \u201cPepe Luis V\u00e1zquez\u201d de Caja Rural del Sur anuncia los galardonados de la temporada - Fundaci\u00f3n Caja Rural del Sur","isPartOf":{"@id":"https:\/\/fundacioncajaruraldelsur.com\/#website"},"primaryImageOfPage":{"@id":"https:\/\/fundacioncajaruraldelsur.com\/el-jurado-de-los-xx-trofeos-taurinos-pepe-luis-vazquez-de-caja-rural-del-sur-anuncia-los-galardonados-de-la-temporada\/#primaryimage"},"image":{"@id":"https:\/\/fundacioncajaruraldelsur.com\/el-jurado-de-los-xx-trofeos-taurinos-pepe-luis-vazquez-de-caja-rural-del-sur-anuncia-los-galardonados-de-la-temporada\/#primaryimage"},"thumbnailUrl":"https:\/\/fundacioncajaruraldelsur.com\/wp-content\/uploads\/2025\/11\/Captura-de-pantalla-2025-11-12-232609.png","datePublished":"2025-11-12T22:29:10+00:00","dateModified":"2025-11-12T22:35:03+00:00","author":{"@id":"https:\/\/fundacioncajaruraldelsur.com\/#\/schema\/person\/f430da9fb783d505ff061ad8b3d44577"},"breadcrumb":{"@id":"https:\/\/fundacioncajaruraldelsur.com\/el-jurado-de-los-xx-trofeos-taurinos-pepe-luis-vazquez-de-caja-rural-del-sur-anuncia-los-galardonados-de-la-temporada\/#breadcrumb"},"inLanguage":"pt-PT","potentialAction":[{"@type":"ReadAction","target":["https:\/\/fundacioncajaruraldelsur.com\/el-jurado-de-los-xx-trofeos-taurinos-pepe-luis-vazquez-de-caja-rural-del-sur-anuncia-los-galardonados-de-la-temporada\/"]}]},{"@type":"ImageObject","inLanguage":"pt-PT","@id":"https:\/\/fundacioncajaruraldelsur.com\/el-jurado-de-los-xx-trofeos-taurinos-pepe-luis-vazquez-de-caja-rural-del-sur-anuncia-los-galardonados-de-la-temporada\/#primaryimage","url":"https:\/\/fundacioncajaruraldelsur.com\/wp-content\/uploads\/2025\/11\/Captura-de-pantalla-2025-11-12-232609.png","contentUrl":"https:\/\/fundacioncajaruraldelsur.com\/wp-content\/uploads\/2025\/11\/Captura-de-pantalla-2025-11-12-232609.png","width":718,"height":505},{"@type":"BreadcrumbList","@id":"https:\/\/fundacioncajaruraldelsur.com\/el-jurado-de-los-xx-trofeos-taurinos-pepe-luis-vazquez-de-caja-rural-del-sur-anuncia-los-galardonados-de-la-temporada\/#breadcrumb","itemListElement":[{"@type":"ListItem","position":1,"name":"Portada","item":"https:\/\/fundacioncajaruraldelsur.com\/"},{"@type":"ListItem","position":2,"name":"El jurado de los XX Trofeos Taurinos \u201cPepe Luis V\u00e1zquez\u201d de Caja Rural del Sur anuncia los galardonados de la temporada"}]},{"@type":"WebSite","@id":"https:\/\/fundacioncajaruraldelsur.com\/#website","url":"https:\/\/fundacioncajaruraldelsur.com\/","name":"Funda\u00e7\u00e3o Caja Rural del Sur","description":"","potentialAction":[{"@type":"SearchAction","target":{"@type":"EntryPoint","urlTemplate":"https:\/\/fundacioncajaruraldelsur.com\/?s={search_term_string}"},"query-input":{"@type":"PropertyValueSpecification","valueRequired":true,"valueName":"search_term_string"}}],"inLanguage":"pt-PT"},{"@type":"Person","@id":"https:\/\/fundacioncajaruraldelsur.com\/#\/schema\/person\/f430da9fb783d505ff061ad8b3d44577","name":"Comunicaci\u00f3n","image":{"@type":"ImageObject","inLanguage":"pt-PT","@id":"https:\/\/secure.gravatar.com\/avatar\/0dca239875993680bac4603ad2de7942da018f52cc3a244578e0b3b09314a8d8?s=96&d=blank&r=g","url":"https:\/\/secure.gravatar.com\/avatar\/0dca239875993680bac4603ad2de7942da018f52cc3a244578e0b3b09314a8d8?s=96&d=blank&r=g","contentUrl":"https:\/\/secure.gravatar.com\/avatar\/0dca239875993680bac4603ad2de7942da018f52cc3a244578e0b3b09314a8d8?s=96&d=blank&r=g","caption":"Comunicaci\u00f3n"}}]}},"rttpg_featured_image_url":{"full":["https:\/\/fundacioncajaruraldelsur.com\/wp-content\/uploads\/2025\/11\/Captura-de-pantalla-2025-11-12-232609.png",718,505,false],"landscape":["https:\/\/fundacioncajaruraldelsur.com\/wp-content\/uploads\/2025\/11\/Captura-de-pantalla-2025-11-12-232609.png",718,505,false],"portraits":["https:\/\/fundacioncajaruraldelsur.com\/wp-content\/uploads\/2025\/11\/Captura-de-pantalla-2025-11-12-232609.png",718,505,false],"thumbnail":["https:\/\/fundacioncajaruraldelsur.com\/wp-content\/uploads\/2025\/11\/Captura-de-pantalla-2025-11-12-232609-150x150.png",150,150,true],"medium":["https:\/\/fundacioncajaruraldelsur.com\/wp-content\/uploads\/2025\/11\/Captura-de-pantalla-2025-11-12-232609-300x211.png",300,211,true],"large":["https:\/\/fundacioncajaruraldelsur.com\/wp-content\/uploads\/2025\/11\/Captura-de-pantalla-2025-11-12-232609.png",718,505,false],"1536x1536":["https:\/\/fundacioncajaruraldelsur.com\/wp-content\/uploads\/2025\/11\/Captura-de-pantalla-2025-11-12-232609.png",718,505,false],"2048x2048":["https:\/\/fundacioncajaruraldelsur.com\/wp-content\/uploads\/2025\/11\/Captura-de-pantalla-2025-11-12-232609.png",718,505,false],"trp-custom-language-flag":["https:\/\/fundacioncajaruraldelsur.com\/wp-content\/uploads\/2025\/11\/Captura-de-pantalla-2025-11-12-232609.png",18,12,false],"blog-thumbnail":["https:\/\/fundacioncajaruraldelsur.com\/wp-content\/uploads\/2025\/11\/Captura-de-pantalla-2025-11-12-232609-400x200.png",400,200,true]},"rttpg_author":{"display_name":"Comunicaci\u00f3n","author_link":"https:\/\/fundacioncajaruraldelsur.com\/pt\/author\/sevillaadmin\/"},"rttpg_comment":0,"rttpg_category":"<a href=\"https:\/\/fundacioncajaruraldelsur.com\/pt\/category\/actos\/\" rel=\"category tag\">Actos<\/a>","rttpg_excerpt":"Este mi\u00e9rcoles, 12 de noviembre, ha tenido lugar la reuni\u00f3n del jurado designado para otorgar los XX Trofeos Taurinos \u201cPepe Luis V\u00e1zquez\u201d de Caja Rural del Sur, distinciones que reconocen [&hellip;]","_links":{"self":[{"href":"https:\/\/fundacioncajaruraldelsur.com\/pt\/wp-json\/wp\/v2\/posts\/11667","targetHints":{"allow":["GET"]}}],"collection":[{"href":"https:\/\/fundacioncajaruraldelsur.com\/pt\/wp-json\/wp\/v2\/posts"}],"about":[{"href":"https:\/\/fundacioncajaruraldelsur.com\/pt\/wp-json\/wp\/v2\/types\/post"}],"author":[{"embeddable":true,"href":"https:\/\/fundacioncajaruraldelsur.com\/pt\/wp-json\/wp\/v2\/users\/6"}],"replies":[{"embeddable":true,"href":"https:\/\/fundacioncajaruraldelsur.com\/pt\/wp-json\/wp\/v2\/comments?post=11667"}],"version-history":[{"count":5,"href":"https:\/\/fundacioncajaruraldelsur.com\/pt\/wp-json\/wp\/v2\/posts\/11667\/revisions"}],"predecessor-version":[{"id":11673,"href":"https:\/\/fundacioncajaruraldelsur.com\/pt\/wp-json\/wp\/v2\/posts\/11667\/revisions\/11673"}],"wp:featuredmedia":[{"embeddable":true,"href":"https:\/\/fundacioncajaruraldelsur.com\/pt\/wp-json\/wp\/v2\/media\/11668"}],"wp:attachment":[{"href":"https:\/\/fundacioncajaruraldelsur.com\/pt\/wp-json\/wp\/v2\/media?parent=11667"}],"wp:term":[{"taxonomy":"category","embeddable":true,"href":"https:\/\/fundacioncajaruraldelsur.com\/pt\/wp-json\/wp\/v2\/categories?post=11667"},{"taxonomy":"post_tag","embeddable":true,"href":"https:\/\/fundacioncajaruraldelsur.com\/pt\/wp-json\/wp\/v2\/tags?post=11667"}],"curies":[{"name":"wp","href":"https:\/\/api.w.org\/{rel}","templated":true}]}}