{"id":11616,"date":"2025-11-04T20:41:09","date_gmt":"2025-11-04T19:41:09","guid":{"rendered":"https:\/\/fundacioncajaruraldelsur.com\/?p=11616"},"modified":"2025-11-11T10:24:40","modified_gmt":"2025-11-11T09:24:40","slug":"inaugurada-la-exposicion-soy-la-mujer-que-quiero-ser-del-pintor-carlos-rojas-redondo-en-la-fundacion-caja-rural-del-sur-en-sevilla","status":"publish","type":"post","link":"https:\/\/fundacioncajaruraldelsur.com\/pt\/inaugurada-la-exposicion-soy-la-mujer-que-quiero-ser-del-pintor-carlos-rojas-redondo-en-la-fundacion-caja-rural-del-sur-en-sevilla\/","title":{"rendered":"Inaugurada la exposici\u00f3n \u201c\u00bfSoy la mujer que quiero ser?\u201d del pintor Carlos Rojas-Redondo en la Fundaci\u00f3n Caja Rural del Sur en Sevilla"},"content":{"rendered":"<p>Este martes 4 de noviembre se ha inaugurado en la Fundaci\u00f3n Caja Rural del Sur en Sevilla, la muestra \u201c\u00bfSoy la mujer que quiero ser?\u201d, una exposici\u00f3n individual del pintor Carlos Rojas-Redondo que podr\u00e1 visitarse hasta el 21 de noviembre (C\/ Murillo,2) en horario de lunes a viernes, de 10 a 14 h y de 18 a 21 h.<\/p>\n<p>La inauguraci\u00f3n cont\u00f3 con la apertura de Mar\u00eda Luisa Garc\u00eda-Palacios, responsable de los Centros Culturales de la entidad, y las intervenciones del propio autor, del pintor Chema Rodr\u00edguez, asesor cultural de la Fundaci\u00f3n, y de Paco Lara artista y profesor en la Facultad de Bellas\u00a0Artes\u00a0de la Universidad de Sevilla.<\/p>\n<p><a href=\"https:\/\/fundacioncajaruraldelsur.com\/wp-content\/uploads\/2025\/11\/Carlos-Redondo-en-CRSUR-2.jpg\" rel=\"lightbox-0\"><img loading=\"lazy\" decoding=\"async\" class=\"size-medium wp-image-11621 alignleft\" src=\"https:\/\/fundacioncajaruraldelsur.com\/wp-content\/uploads\/2025\/11\/Carlos-Redondo-en-CRSUR-2-300x225.jpg\" alt=\"\" width=\"300\" height=\"225\" srcset=\"https:\/\/fundacioncajaruraldelsur.com\/wp-content\/uploads\/2025\/11\/Carlos-Redondo-en-CRSUR-2-300x225.jpg 300w, https:\/\/fundacioncajaruraldelsur.com\/wp-content\/uploads\/2025\/11\/Carlos-Redondo-en-CRSUR-2-1024x768.jpg 1024w, https:\/\/fundacioncajaruraldelsur.com\/wp-content\/uploads\/2025\/11\/Carlos-Redondo-en-CRSUR-2-768x576.jpg 768w, https:\/\/fundacioncajaruraldelsur.com\/wp-content\/uploads\/2025\/11\/Carlos-Redondo-en-CRSUR-2-1536x1152.jpg 1536w, https:\/\/fundacioncajaruraldelsur.com\/wp-content\/uploads\/2025\/11\/Carlos-Redondo-en-CRSUR-2.jpg 2048w\" sizes=\"auto, (max-width: 300px) 100vw, 300px\" \/><\/a><\/p>\n<p>La exposici\u00f3n re\u00fane una decena de obras que nacen de una inquietud del artista: mirar a la mujer no como un tema aislado, sino como un eje central de nuestra historia, de nuestra sociedad y de la vida cotidiana. A trav\u00e9s de un di\u00e1logo entre arte y pensamiento, el pintor plantea una reflexi\u00f3n sobre el papel de la mujer, sus luchas, sus avances y las tensiones que a\u00fan persisten en la b\u00fasqueda de igualdad.<\/p>\n<p>Como se ha puesto de manifiesto en la inauguraci\u00f3n de la exposici\u00f3n, inspirada en las ideas de Simone de Beauvoir y Judith Butler, la muestra propone m\u00e1s preguntas que respuestas. Cada pieza interroga al espectador sobre los roles heredados, los gestos que repetimos y las libertades que a\u00fan estamos aprendiendo a conquistar. Como se\u00f1ala el propio autor, \u201cla mujer como centro, la igualdad no como un punto de llegada, sino como un proyecto en constante movimiento\u201d.<\/p>\n<p>Carlos Rojas-Redondo aborda este tema mediante una t\u00e9cnica poco habitual: el estofado sobre pan de oro, un procedimiento complejo que exige precisi\u00f3n y paciencia, y que el autor domina para dar luz y profundidad a sus composiciones.<\/p>\n<p>As\u00ed, el artista usa el temple al huevo y el estofado en pan de oro, una t\u00e9cnica ancestral que el artista recupera.<\/p>\n<p>Con esta propuesta, Carlos Rojas-Redondo invita al espectador a participar en un espacio de reflexi\u00f3n compartida, donde cada mirada pueda reconocer no solo la imagen de la mujer, sino tambi\u00e9n su fuerza, su resistencia y su vulnerabilidad.<\/p>\n<p><strong>Sobre el artista<\/strong><\/p>\n<p>Carlos Rojas-Redondo, natural de \u00dabeda, y docente en el Puerto de Santa Mar\u00eda (C\u00e1diz) es Doctor en Bellas Artes por la Universidad de Sevilla y St. John International University (Cum Laude con Menci\u00f3n Internacional). Su trayectoria ha sido reconocida con numerosos premios, entre ellos el Primer Premio del XXII Premio de Pintura Timoteo P\u00e9rez Rubio (2022) y el Primer Acc\u00e9sit del V Certamen de Creaci\u00f3n Joven Universidad Loyola (2023).<\/p>\n<p>Ha expuesto individualmente en espacios como el Real Ateneo de Sevilla, el Real Ateneo de Mairena del Aljarafe y la Sala Ana de Viya de C\u00e1diz, adem\u00e1s de participar en cert\u00e1menes nacionales e internacionales de arte contempor\u00e1neo.<\/p>\n<p>La exposici\u00f3n \u201cSoy la mujer que quiero ser\u201d consolida su trabajo en torno al cuerpo, la identidad y el pensamiento de g\u00e9nero, reafirmando su compromiso con un arte que combina rigor conceptual, t\u00e9cnica depurada y una profunda sensibilidad social.<\/p>\n<p><strong>En Instagram :<\/strong> <a href=\"https:\/\/www.instagram.com\/carlosrojasredondo\/\">@carlosrojasredondo<\/a><\/p>\n<p><a href=\"https:\/\/fundacioncajaruraldelsur.com\/wp-content\/uploads\/2025\/11\/Exposicion-Carlos-Redondo-en-CRSUR.jpg\" rel=\"lightbox-1\"><img loading=\"lazy\" decoding=\"async\" class=\"alignnone wp-image-11622 size-full\" src=\"https:\/\/fundacioncajaruraldelsur.com\/wp-content\/uploads\/2025\/11\/Exposicion-Carlos-Redondo-en-CRSUR.jpg\" alt=\"\" width=\"2048\" height=\"1536\" srcset=\"https:\/\/fundacioncajaruraldelsur.com\/wp-content\/uploads\/2025\/11\/Exposicion-Carlos-Redondo-en-CRSUR.jpg 2048w, https:\/\/fundacioncajaruraldelsur.com\/wp-content\/uploads\/2025\/11\/Exposicion-Carlos-Redondo-en-CRSUR-300x225.jpg 300w, https:\/\/fundacioncajaruraldelsur.com\/wp-content\/uploads\/2025\/11\/Exposicion-Carlos-Redondo-en-CRSUR-1024x768.jpg 1024w, https:\/\/fundacioncajaruraldelsur.com\/wp-content\/uploads\/2025\/11\/Exposicion-Carlos-Redondo-en-CRSUR-768x576.jpg 768w, https:\/\/fundacioncajaruraldelsur.com\/wp-content\/uploads\/2025\/11\/Exposicion-Carlos-Redondo-en-CRSUR-1536x1152.jpg 1536w\" sizes=\"auto, (max-width: 2048px) 100vw, 2048px\" \/><\/a><\/p>\n<p><a href=\"https:\/\/fundacioncajaruraldelsur.com\/wp-content\/uploads\/2025\/11\/Imagen-de-WhatsApp-2025-11-04-a-las-20.36.04_0ca6c26d.jpg\" rel=\"lightbox-2\"><img loading=\"lazy\" decoding=\"async\" class=\"wp-image-11618 size-full aligncenter\" src=\"https:\/\/fundacioncajaruraldelsur.com\/wp-content\/uploads\/2025\/11\/Imagen-de-WhatsApp-2025-11-04-a-las-20.36.04_0ca6c26d.jpg\" alt=\"\" width=\"1152\" height=\"2048\" srcset=\"https:\/\/fundacioncajaruraldelsur.com\/wp-content\/uploads\/2025\/11\/Imagen-de-WhatsApp-2025-11-04-a-las-20.36.04_0ca6c26d.jpg 1152w, https:\/\/fundacioncajaruraldelsur.com\/wp-content\/uploads\/2025\/11\/Imagen-de-WhatsApp-2025-11-04-a-las-20.36.04_0ca6c26d-169x300.jpg 169w, https:\/\/fundacioncajaruraldelsur.com\/wp-content\/uploads\/2025\/11\/Imagen-de-WhatsApp-2025-11-04-a-las-20.36.04_0ca6c26d-576x1024.jpg 576w, https:\/\/fundacioncajaruraldelsur.com\/wp-content\/uploads\/2025\/11\/Imagen-de-WhatsApp-2025-11-04-a-las-20.36.04_0ca6c26d-768x1365.jpg 768w, https:\/\/fundacioncajaruraldelsur.com\/wp-content\/uploads\/2025\/11\/Imagen-de-WhatsApp-2025-11-04-a-las-20.36.04_0ca6c26d-864x1536.jpg 864w\" sizes=\"auto, (max-width: 1152px) 100vw, 1152px\" \/><\/a><\/p>\n<p><a href=\"https:\/\/fundacioncajaruraldelsur.com\/wp-content\/uploads\/2025\/11\/Imagen-de-WhatsApp-2025-11-04-a-las-20.36.04_c88ee0f1.jpg\" rel=\"lightbox-3\"><img loading=\"lazy\" decoding=\"async\" class=\"wp-image-11619 size-full aligncenter\" src=\"https:\/\/fundacioncajaruraldelsur.com\/wp-content\/uploads\/2025\/11\/Imagen-de-WhatsApp-2025-11-04-a-las-20.36.04_c88ee0f1.jpg\" alt=\"\" width=\"1152\" height=\"2048\" srcset=\"https:\/\/fundacioncajaruraldelsur.com\/wp-content\/uploads\/2025\/11\/Imagen-de-WhatsApp-2025-11-04-a-las-20.36.04_c88ee0f1.jpg 1152w, https:\/\/fundacioncajaruraldelsur.com\/wp-content\/uploads\/2025\/11\/Imagen-de-WhatsApp-2025-11-04-a-las-20.36.04_c88ee0f1-169x300.jpg 169w, https:\/\/fundacioncajaruraldelsur.com\/wp-content\/uploads\/2025\/11\/Imagen-de-WhatsApp-2025-11-04-a-las-20.36.04_c88ee0f1-576x1024.jpg 576w, https:\/\/fundacioncajaruraldelsur.com\/wp-content\/uploads\/2025\/11\/Imagen-de-WhatsApp-2025-11-04-a-las-20.36.04_c88ee0f1-768x1365.jpg 768w, https:\/\/fundacioncajaruraldelsur.com\/wp-content\/uploads\/2025\/11\/Imagen-de-WhatsApp-2025-11-04-a-las-20.36.04_c88ee0f1-864x1536.jpg 864w\" sizes=\"auto, (max-width: 1152px) 100vw, 1152px\" \/><\/a><\/p>\n<p>&nbsp;<\/p>","protected":false},"excerpt":{"rendered":"<p>Este martes 4 de noviembre se ha inaugurado en la Fundaci\u00f3n Caja Rural del Sur en Sevilla, la muestra \u201c\u00bfSoy la mujer que quiero ser?\u201d, una exposici\u00f3n individual del pintor [&hellip;]<\/p>\n","protected":false},"author":6,"featured_media":11620,"comment_status":"closed","ping_status":"closed","sticky":false,"template":"","format":"standard","meta":{"footnotes":""},"categories":[82],"tags":[],"class_list":["post-11616","post","type-post","status-publish","format-standard","has-post-thumbnail","hentry","category-exposiciones"],"yoast_head":"<!-- This site is optimized with the Yoast SEO plugin v27.3 - https:\/\/yoast.com\/product\/yoast-seo-wordpress\/ -->\n<title>Inaugurada la exposici\u00f3n \u201c\u00bfSoy la mujer que quiero ser?\u201d del pintor Carlos Rojas-Redondo en la Fundaci\u00f3n Caja Rural del Sur en Sevilla - Fundaci\u00f3n Caja Rural del Sur<\/title>\n<meta name=\"robots\" content=\"index, follow, max-snippet:-1, max-image-preview:large, max-video-preview:-1\" \/>\n<link rel=\"canonical\" href=\"https:\/\/fundacioncajaruraldelsur.com\/pt\/inaugurada-la-exposicion-soy-la-mujer-que-quiero-ser-del-pintor-carlos-rojas-redondo-en-la-fundacion-caja-rural-del-sur-en-sevilla\/\" \/>\n<meta property=\"og:locale\" content=\"pt_PT\" \/>\n<meta property=\"og:type\" content=\"article\" \/>\n<meta property=\"og:title\" content=\"Inaugurada la exposici\u00f3n \u201c\u00bfSoy la mujer que quiero ser?\u201d del pintor Carlos Rojas-Redondo en la Fundaci\u00f3n Caja Rural del Sur en Sevilla - Fundaci\u00f3n Caja Rural del Sur\" \/>\n<meta property=\"og:description\" content=\"Este martes 4 de noviembre se ha inaugurado en la Fundaci\u00f3n Caja Rural del Sur en Sevilla, la muestra \u201c\u00bfSoy la mujer que quiero ser?\u201d, una exposici\u00f3n individual del pintor [&hellip;]\" \/>\n<meta property=\"og:url\" content=\"https:\/\/fundacioncajaruraldelsur.com\/pt\/inaugurada-la-exposicion-soy-la-mujer-que-quiero-ser-del-pintor-carlos-rojas-redondo-en-la-fundacion-caja-rural-del-sur-en-sevilla\/\" \/>\n<meta property=\"og:site_name\" content=\"Fundaci\u00f3n Caja Rural del Sur\" \/>\n<meta property=\"article:published_time\" content=\"2025-11-04T19:41:09+00:00\" \/>\n<meta property=\"article:modified_time\" content=\"2025-11-11T09:24:40+00:00\" \/>\n<meta property=\"og:image\" content=\"https:\/\/fundacioncajaruraldelsur.com\/wp-content\/uploads\/2025\/11\/Carlos-Redondo-en-CRSUR-1.jpg\" \/>\n\t<meta property=\"og:image:width\" content=\"2048\" \/>\n\t<meta property=\"og:image:height\" content=\"1536\" \/>\n\t<meta property=\"og:image:type\" content=\"image\/jpeg\" \/>\n<meta name=\"author\" content=\"Comunicaci\u00f3n\" \/>\n<meta name=\"twitter:card\" content=\"summary_large_image\" \/>\n<meta name=\"twitter:label1\" content=\"Written by\" \/>\n\t<meta name=\"twitter:data1\" content=\"Comunicaci\u00f3n\" \/>\n\t<meta name=\"twitter:label2\" content=\"Est. reading time\" \/>\n\t<meta name=\"twitter:data2\" content=\"4 minutes\" \/>\n<script type=\"application\/ld+json\" class=\"yoast-schema-graph\">{\"@context\":\"https:\\\/\\\/schema.org\",\"@graph\":[{\"@type\":\"Article\",\"@id\":\"https:\\\/\\\/fundacioncajaruraldelsur.com\\\/inaugurada-la-exposicion-soy-la-mujer-que-quiero-ser-del-pintor-carlos-rojas-redondo-en-la-fundacion-caja-rural-del-sur-en-sevilla\\\/#article\",\"isPartOf\":{\"@id\":\"https:\\\/\\\/fundacioncajaruraldelsur.com\\\/inaugurada-la-exposicion-soy-la-mujer-que-quiero-ser-del-pintor-carlos-rojas-redondo-en-la-fundacion-caja-rural-del-sur-en-sevilla\\\/\"},\"author\":{\"name\":\"Comunicaci\u00f3n\",\"@id\":\"https:\\\/\\\/fundacioncajaruraldelsur.com\\\/#\\\/schema\\\/person\\\/f430da9fb783d505ff061ad8b3d44577\"},\"headline\":\"Inaugurada la exposici\u00f3n \u201c\u00bfSoy la mujer que quiero ser?\u201d del pintor Carlos Rojas-Redondo en la Fundaci\u00f3n Caja Rural del Sur en Sevilla\",\"datePublished\":\"2025-11-04T19:41:09+00:00\",\"dateModified\":\"2025-11-11T09:24:40+00:00\",\"mainEntityOfPage\":{\"@id\":\"https:\\\/\\\/fundacioncajaruraldelsur.com\\\/inaugurada-la-exposicion-soy-la-mujer-que-quiero-ser-del-pintor-carlos-rojas-redondo-en-la-fundacion-caja-rural-del-sur-en-sevilla\\\/\"},\"wordCount\":561,\"image\":{\"@id\":\"https:\\\/\\\/fundacioncajaruraldelsur.com\\\/inaugurada-la-exposicion-soy-la-mujer-que-quiero-ser-del-pintor-carlos-rojas-redondo-en-la-fundacion-caja-rural-del-sur-en-sevilla\\\/#primaryimage\"},\"thumbnailUrl\":\"https:\\\/\\\/fundacioncajaruraldelsur.com\\\/wp-content\\\/uploads\\\/2025\\\/11\\\/Carlos-Redondo-en-CRSUR-1.jpg\",\"articleSection\":[\"Exposiciones\"],\"inLanguage\":\"pt-PT\"},{\"@type\":\"WebPage\",\"@id\":\"https:\\\/\\\/fundacioncajaruraldelsur.com\\\/inaugurada-la-exposicion-soy-la-mujer-que-quiero-ser-del-pintor-carlos-rojas-redondo-en-la-fundacion-caja-rural-del-sur-en-sevilla\\\/\",\"url\":\"https:\\\/\\\/fundacioncajaruraldelsur.com\\\/inaugurada-la-exposicion-soy-la-mujer-que-quiero-ser-del-pintor-carlos-rojas-redondo-en-la-fundacion-caja-rural-del-sur-en-sevilla\\\/\",\"name\":\"Inaugurada la exposici\u00f3n \u201c\u00bfSoy la mujer que quiero ser?\u201d del pintor Carlos Rojas-Redondo en la Fundaci\u00f3n Caja Rural del Sur en Sevilla - Fundaci\u00f3n Caja Rural del Sur\",\"isPartOf\":{\"@id\":\"https:\\\/\\\/fundacioncajaruraldelsur.com\\\/#website\"},\"primaryImageOfPage\":{\"@id\":\"https:\\\/\\\/fundacioncajaruraldelsur.com\\\/inaugurada-la-exposicion-soy-la-mujer-que-quiero-ser-del-pintor-carlos-rojas-redondo-en-la-fundacion-caja-rural-del-sur-en-sevilla\\\/#primaryimage\"},\"image\":{\"@id\":\"https:\\\/\\\/fundacioncajaruraldelsur.com\\\/inaugurada-la-exposicion-soy-la-mujer-que-quiero-ser-del-pintor-carlos-rojas-redondo-en-la-fundacion-caja-rural-del-sur-en-sevilla\\\/#primaryimage\"},\"thumbnailUrl\":\"https:\\\/\\\/fundacioncajaruraldelsur.com\\\/wp-content\\\/uploads\\\/2025\\\/11\\\/Carlos-Redondo-en-CRSUR-1.jpg\",\"datePublished\":\"2025-11-04T19:41:09+00:00\",\"dateModified\":\"2025-11-11T09:24:40+00:00\",\"author\":{\"@id\":\"https:\\\/\\\/fundacioncajaruraldelsur.com\\\/#\\\/schema\\\/person\\\/f430da9fb783d505ff061ad8b3d44577\"},\"breadcrumb\":{\"@id\":\"https:\\\/\\\/fundacioncajaruraldelsur.com\\\/inaugurada-la-exposicion-soy-la-mujer-que-quiero-ser-del-pintor-carlos-rojas-redondo-en-la-fundacion-caja-rural-del-sur-en-sevilla\\\/#breadcrumb\"},\"inLanguage\":\"pt-PT\",\"potentialAction\":[{\"@type\":\"ReadAction\",\"target\":[\"https:\\\/\\\/fundacioncajaruraldelsur.com\\\/inaugurada-la-exposicion-soy-la-mujer-que-quiero-ser-del-pintor-carlos-rojas-redondo-en-la-fundacion-caja-rural-del-sur-en-sevilla\\\/\"]}]},{\"@type\":\"ImageObject\",\"inLanguage\":\"pt-PT\",\"@id\":\"https:\\\/\\\/fundacioncajaruraldelsur.com\\\/inaugurada-la-exposicion-soy-la-mujer-que-quiero-ser-del-pintor-carlos-rojas-redondo-en-la-fundacion-caja-rural-del-sur-en-sevilla\\\/#primaryimage\",\"url\":\"https:\\\/\\\/fundacioncajaruraldelsur.com\\\/wp-content\\\/uploads\\\/2025\\\/11\\\/Carlos-Redondo-en-CRSUR-1.jpg\",\"contentUrl\":\"https:\\\/\\\/fundacioncajaruraldelsur.com\\\/wp-content\\\/uploads\\\/2025\\\/11\\\/Carlos-Redondo-en-CRSUR-1.jpg\",\"width\":2048,\"height\":1536},{\"@type\":\"BreadcrumbList\",\"@id\":\"https:\\\/\\\/fundacioncajaruraldelsur.com\\\/inaugurada-la-exposicion-soy-la-mujer-que-quiero-ser-del-pintor-carlos-rojas-redondo-en-la-fundacion-caja-rural-del-sur-en-sevilla\\\/#breadcrumb\",\"itemListElement\":[{\"@type\":\"ListItem\",\"position\":1,\"name\":\"Portada\",\"item\":\"https:\\\/\\\/fundacioncajaruraldelsur.com\\\/\"},{\"@type\":\"ListItem\",\"position\":2,\"name\":\"Inaugurada la exposici\u00f3n \u201c\u00bfSoy la mujer que quiero ser?\u201d del pintor Carlos Rojas-Redondo en la Fundaci\u00f3n Caja Rural del Sur en Sevilla\"}]},{\"@type\":\"WebSite\",\"@id\":\"https:\\\/\\\/fundacioncajaruraldelsur.com\\\/#website\",\"url\":\"https:\\\/\\\/fundacioncajaruraldelsur.com\\\/\",\"name\":\"Fundaci\u00f3n Caja Rural del Sur\",\"description\":\"\",\"potentialAction\":[{\"@type\":\"SearchAction\",\"target\":{\"@type\":\"EntryPoint\",\"urlTemplate\":\"https:\\\/\\\/fundacioncajaruraldelsur.com\\\/?s={search_term_string}\"},\"query-input\":{\"@type\":\"PropertyValueSpecification\",\"valueRequired\":true,\"valueName\":\"search_term_string\"}}],\"inLanguage\":\"pt-PT\"},{\"@type\":\"Person\",\"@id\":\"https:\\\/\\\/fundacioncajaruraldelsur.com\\\/#\\\/schema\\\/person\\\/f430da9fb783d505ff061ad8b3d44577\",\"name\":\"Comunicaci\u00f3n\",\"image\":{\"@type\":\"ImageObject\",\"inLanguage\":\"pt-PT\",\"@id\":\"https:\\\/\\\/secure.gravatar.com\\\/avatar\\\/0dca239875993680bac4603ad2de7942da018f52cc3a244578e0b3b09314a8d8?s=96&d=blank&r=g\",\"url\":\"https:\\\/\\\/secure.gravatar.com\\\/avatar\\\/0dca239875993680bac4603ad2de7942da018f52cc3a244578e0b3b09314a8d8?s=96&d=blank&r=g\",\"contentUrl\":\"https:\\\/\\\/secure.gravatar.com\\\/avatar\\\/0dca239875993680bac4603ad2de7942da018f52cc3a244578e0b3b09314a8d8?s=96&d=blank&r=g\",\"caption\":\"Comunicaci\u00f3n\"}}]}<\/script>\n<!-- \/ Yoast SEO plugin. -->","yoast_head_json":{"title":"Inaugurada la exposici\u00f3n \u201c\u00bfSoy la mujer que quiero ser?\u201d del pintor Carlos Rojas-Redondo en la Fundaci\u00f3n Caja Rural del Sur en Sevilla - Fundaci\u00f3n Caja Rural del Sur","robots":{"index":"index","follow":"follow","max-snippet":"max-snippet:-1","max-image-preview":"max-image-preview:large","max-video-preview":"max-video-preview:-1"},"canonical":"https:\/\/fundacioncajaruraldelsur.com\/pt\/inaugurada-la-exposicion-soy-la-mujer-que-quiero-ser-del-pintor-carlos-rojas-redondo-en-la-fundacion-caja-rural-del-sur-en-sevilla\/","og_locale":"pt_PT","og_type":"article","og_title":"Inaugurada la exposici\u00f3n \u201c\u00bfSoy la mujer que quiero ser?\u201d del pintor Carlos Rojas-Redondo en la Fundaci\u00f3n Caja Rural del Sur en Sevilla - Fundaci\u00f3n Caja Rural del Sur","og_description":"Este martes 4 de noviembre se ha inaugurado en la Fundaci\u00f3n Caja Rural del Sur en Sevilla, la muestra \u201c\u00bfSoy la mujer que quiero ser?\u201d, una exposici\u00f3n individual del pintor [&hellip;]","og_url":"https:\/\/fundacioncajaruraldelsur.com\/pt\/inaugurada-la-exposicion-soy-la-mujer-que-quiero-ser-del-pintor-carlos-rojas-redondo-en-la-fundacion-caja-rural-del-sur-en-sevilla\/","og_site_name":"Fundaci\u00f3n Caja Rural del Sur","article_published_time":"2025-11-04T19:41:09+00:00","article_modified_time":"2025-11-11T09:24:40+00:00","og_image":[{"width":2048,"height":1536,"url":"https:\/\/fundacioncajaruraldelsur.com\/wp-content\/uploads\/2025\/11\/Carlos-Redondo-en-CRSUR-1.jpg","type":"image\/jpeg"}],"author":"Comunicaci\u00f3n","twitter_card":"summary_large_image","twitter_misc":{"Written by":"Comunicaci\u00f3n","Est. reading time":"4 minutes"},"schema":{"@context":"https:\/\/schema.org","@graph":[{"@type":"Article","@id":"https:\/\/fundacioncajaruraldelsur.com\/inaugurada-la-exposicion-soy-la-mujer-que-quiero-ser-del-pintor-carlos-rojas-redondo-en-la-fundacion-caja-rural-del-sur-en-sevilla\/#article","isPartOf":{"@id":"https:\/\/fundacioncajaruraldelsur.com\/inaugurada-la-exposicion-soy-la-mujer-que-quiero-ser-del-pintor-carlos-rojas-redondo-en-la-fundacion-caja-rural-del-sur-en-sevilla\/"},"author":{"name":"Comunicaci\u00f3n","@id":"https:\/\/fundacioncajaruraldelsur.com\/#\/schema\/person\/f430da9fb783d505ff061ad8b3d44577"},"headline":"Inaugurada la exposici\u00f3n \u201c\u00bfSoy la mujer que quiero ser?\u201d del pintor Carlos Rojas-Redondo en la Fundaci\u00f3n Caja Rural del Sur en Sevilla","datePublished":"2025-11-04T19:41:09+00:00","dateModified":"2025-11-11T09:24:40+00:00","mainEntityOfPage":{"@id":"https:\/\/fundacioncajaruraldelsur.com\/inaugurada-la-exposicion-soy-la-mujer-que-quiero-ser-del-pintor-carlos-rojas-redondo-en-la-fundacion-caja-rural-del-sur-en-sevilla\/"},"wordCount":561,"image":{"@id":"https:\/\/fundacioncajaruraldelsur.com\/inaugurada-la-exposicion-soy-la-mujer-que-quiero-ser-del-pintor-carlos-rojas-redondo-en-la-fundacion-caja-rural-del-sur-en-sevilla\/#primaryimage"},"thumbnailUrl":"https:\/\/fundacioncajaruraldelsur.com\/wp-content\/uploads\/2025\/11\/Carlos-Redondo-en-CRSUR-1.jpg","articleSection":["Exposiciones"],"inLanguage":"pt-PT"},{"@type":"WebPage","@id":"https:\/\/fundacioncajaruraldelsur.com\/inaugurada-la-exposicion-soy-la-mujer-que-quiero-ser-del-pintor-carlos-rojas-redondo-en-la-fundacion-caja-rural-del-sur-en-sevilla\/","url":"https:\/\/fundacioncajaruraldelsur.com\/inaugurada-la-exposicion-soy-la-mujer-que-quiero-ser-del-pintor-carlos-rojas-redondo-en-la-fundacion-caja-rural-del-sur-en-sevilla\/","name":"Inaugurada la exposici\u00f3n \u201c\u00bfSoy la mujer que quiero ser?\u201d del pintor Carlos Rojas-Redondo en la Fundaci\u00f3n Caja Rural del Sur en Sevilla - Fundaci\u00f3n Caja Rural del Sur","isPartOf":{"@id":"https:\/\/fundacioncajaruraldelsur.com\/#website"},"primaryImageOfPage":{"@id":"https:\/\/fundacioncajaruraldelsur.com\/inaugurada-la-exposicion-soy-la-mujer-que-quiero-ser-del-pintor-carlos-rojas-redondo-en-la-fundacion-caja-rural-del-sur-en-sevilla\/#primaryimage"},"image":{"@id":"https:\/\/fundacioncajaruraldelsur.com\/inaugurada-la-exposicion-soy-la-mujer-que-quiero-ser-del-pintor-carlos-rojas-redondo-en-la-fundacion-caja-rural-del-sur-en-sevilla\/#primaryimage"},"thumbnailUrl":"https:\/\/fundacioncajaruraldelsur.com\/wp-content\/uploads\/2025\/11\/Carlos-Redondo-en-CRSUR-1.jpg","datePublished":"2025-11-04T19:41:09+00:00","dateModified":"2025-11-11T09:24:40+00:00","author":{"@id":"https:\/\/fundacioncajaruraldelsur.com\/#\/schema\/person\/f430da9fb783d505ff061ad8b3d44577"},"breadcrumb":{"@id":"https:\/\/fundacioncajaruraldelsur.com\/inaugurada-la-exposicion-soy-la-mujer-que-quiero-ser-del-pintor-carlos-rojas-redondo-en-la-fundacion-caja-rural-del-sur-en-sevilla\/#breadcrumb"},"inLanguage":"pt-PT","potentialAction":[{"@type":"ReadAction","target":["https:\/\/fundacioncajaruraldelsur.com\/inaugurada-la-exposicion-soy-la-mujer-que-quiero-ser-del-pintor-carlos-rojas-redondo-en-la-fundacion-caja-rural-del-sur-en-sevilla\/"]}]},{"@type":"ImageObject","inLanguage":"pt-PT","@id":"https:\/\/fundacioncajaruraldelsur.com\/inaugurada-la-exposicion-soy-la-mujer-que-quiero-ser-del-pintor-carlos-rojas-redondo-en-la-fundacion-caja-rural-del-sur-en-sevilla\/#primaryimage","url":"https:\/\/fundacioncajaruraldelsur.com\/wp-content\/uploads\/2025\/11\/Carlos-Redondo-en-CRSUR-1.jpg","contentUrl":"https:\/\/fundacioncajaruraldelsur.com\/wp-content\/uploads\/2025\/11\/Carlos-Redondo-en-CRSUR-1.jpg","width":2048,"height":1536},{"@type":"BreadcrumbList","@id":"https:\/\/fundacioncajaruraldelsur.com\/inaugurada-la-exposicion-soy-la-mujer-que-quiero-ser-del-pintor-carlos-rojas-redondo-en-la-fundacion-caja-rural-del-sur-en-sevilla\/#breadcrumb","itemListElement":[{"@type":"ListItem","position":1,"name":"Portada","item":"https:\/\/fundacioncajaruraldelsur.com\/"},{"@type":"ListItem","position":2,"name":"Inaugurada la exposici\u00f3n \u201c\u00bfSoy la mujer que quiero ser?\u201d del pintor Carlos Rojas-Redondo en la Fundaci\u00f3n Caja Rural del Sur en Sevilla"}]},{"@type":"WebSite","@id":"https:\/\/fundacioncajaruraldelsur.com\/#website","url":"https:\/\/fundacioncajaruraldelsur.com\/","name":"Funda\u00e7\u00e3o Caja Rural del Sur","description":"","potentialAction":[{"@type":"SearchAction","target":{"@type":"EntryPoint","urlTemplate":"https:\/\/fundacioncajaruraldelsur.com\/?s={search_term_string}"},"query-input":{"@type":"PropertyValueSpecification","valueRequired":true,"valueName":"search_term_string"}}],"inLanguage":"pt-PT"},{"@type":"Person","@id":"https:\/\/fundacioncajaruraldelsur.com\/#\/schema\/person\/f430da9fb783d505ff061ad8b3d44577","name":"Comunicaci\u00f3n","image":{"@type":"ImageObject","inLanguage":"pt-PT","@id":"https:\/\/secure.gravatar.com\/avatar\/0dca239875993680bac4603ad2de7942da018f52cc3a244578e0b3b09314a8d8?s=96&d=blank&r=g","url":"https:\/\/secure.gravatar.com\/avatar\/0dca239875993680bac4603ad2de7942da018f52cc3a244578e0b3b09314a8d8?s=96&d=blank&r=g","contentUrl":"https:\/\/secure.gravatar.com\/avatar\/0dca239875993680bac4603ad2de7942da018f52cc3a244578e0b3b09314a8d8?s=96&d=blank&r=g","caption":"Comunicaci\u00f3n"}}]}},"rttpg_featured_image_url":{"full":["https:\/\/fundacioncajaruraldelsur.com\/wp-content\/uploads\/2025\/11\/Carlos-Redondo-en-CRSUR-1.jpg",2048,1536,false],"landscape":["https:\/\/fundacioncajaruraldelsur.com\/wp-content\/uploads\/2025\/11\/Carlos-Redondo-en-CRSUR-1.jpg",2048,1536,false],"portraits":["https:\/\/fundacioncajaruraldelsur.com\/wp-content\/uploads\/2025\/11\/Carlos-Redondo-en-CRSUR-1.jpg",2048,1536,false],"thumbnail":["https:\/\/fundacioncajaruraldelsur.com\/wp-content\/uploads\/2025\/11\/Carlos-Redondo-en-CRSUR-1-150x150.jpg",150,150,true],"medium":["https:\/\/fundacioncajaruraldelsur.com\/wp-content\/uploads\/2025\/11\/Carlos-Redondo-en-CRSUR-1-300x225.jpg",300,225,true],"large":["https:\/\/fundacioncajaruraldelsur.com\/wp-content\/uploads\/2025\/11\/Carlos-Redondo-en-CRSUR-1-1024x768.jpg",960,720,true],"1536x1536":["https:\/\/fundacioncajaruraldelsur.com\/wp-content\/uploads\/2025\/11\/Carlos-Redondo-en-CRSUR-1-1536x1152.jpg",1536,1152,true],"2048x2048":["https:\/\/fundacioncajaruraldelsur.com\/wp-content\/uploads\/2025\/11\/Carlos-Redondo-en-CRSUR-1.jpg",2048,1536,false],"trp-custom-language-flag":["https:\/\/fundacioncajaruraldelsur.com\/wp-content\/uploads\/2025\/11\/Carlos-Redondo-en-CRSUR-1.jpg",16,12,false],"blog-thumbnail":["https:\/\/fundacioncajaruraldelsur.com\/wp-content\/uploads\/2025\/11\/Carlos-Redondo-en-CRSUR-1-400x200.jpg",400,200,true]},"rttpg_author":{"display_name":"Comunicaci\u00f3n","author_link":"https:\/\/fundacioncajaruraldelsur.com\/pt\/author\/sevillaadmin\/"},"rttpg_comment":0,"rttpg_category":"<a href=\"https:\/\/fundacioncajaruraldelsur.com\/pt\/category\/exposiciones\/\" rel=\"category tag\">Exposiciones<\/a>","rttpg_excerpt":"Este martes 4 de noviembre se ha inaugurado en la Fundaci\u00f3n Caja Rural del Sur en Sevilla, la muestra \u201c\u00bfSoy la mujer que quiero ser?\u201d, una exposici\u00f3n individual del pintor [&hellip;]","_links":{"self":[{"href":"https:\/\/fundacioncajaruraldelsur.com\/pt\/wp-json\/wp\/v2\/posts\/11616","targetHints":{"allow":["GET"]}}],"collection":[{"href":"https:\/\/fundacioncajaruraldelsur.com\/pt\/wp-json\/wp\/v2\/posts"}],"about":[{"href":"https:\/\/fundacioncajaruraldelsur.com\/pt\/wp-json\/wp\/v2\/types\/post"}],"author":[{"embeddable":true,"href":"https:\/\/fundacioncajaruraldelsur.com\/pt\/wp-json\/wp\/v2\/users\/6"}],"replies":[{"embeddable":true,"href":"https:\/\/fundacioncajaruraldelsur.com\/pt\/wp-json\/wp\/v2\/comments?post=11616"}],"version-history":[{"count":3,"href":"https:\/\/fundacioncajaruraldelsur.com\/pt\/wp-json\/wp\/v2\/posts\/11616\/revisions"}],"predecessor-version":[{"id":11650,"href":"https:\/\/fundacioncajaruraldelsur.com\/pt\/wp-json\/wp\/v2\/posts\/11616\/revisions\/11650"}],"wp:featuredmedia":[{"embeddable":true,"href":"https:\/\/fundacioncajaruraldelsur.com\/pt\/wp-json\/wp\/v2\/media\/11620"}],"wp:attachment":[{"href":"https:\/\/fundacioncajaruraldelsur.com\/pt\/wp-json\/wp\/v2\/media?parent=11616"}],"wp:term":[{"taxonomy":"category","embeddable":true,"href":"https:\/\/fundacioncajaruraldelsur.com\/pt\/wp-json\/wp\/v2\/categories?post=11616"},{"taxonomy":"post_tag","embeddable":true,"href":"https:\/\/fundacioncajaruraldelsur.com\/pt\/wp-json\/wp\/v2\/tags?post=11616"}],"curies":[{"name":"wp","href":"https:\/\/api.w.org\/{rel}","templated":true}]}}