{"id":11549,"date":"2025-10-07T21:18:53","date_gmt":"2025-10-07T20:18:53","guid":{"rendered":"https:\/\/fundacioncajaruraldelsur.com\/?p=11549"},"modified":"2025-10-07T21:18:53","modified_gmt":"2025-10-07T20:18:53","slug":"el-artista-sevillano-jorge-mejias-expone-raiz-liquida-en-la-fundacion-caja-rural-del-sur-en-sevilla","status":"publish","type":"post","link":"https:\/\/fundacioncajaruraldelsur.com\/pt\/el-artista-sevillano-jorge-mejias-expone-raiz-liquida-en-la-fundacion-caja-rural-del-sur-en-sevilla\/","title":{"rendered":"El artista sevillano Jorge Mej\u00edas expone \u00abRa\u00edz L\u00edquida\u00bb en la Fundaci\u00f3n Caja Rural del Sur en Sevilla"},"content":{"rendered":"<p>La Fundaci\u00f3n Caja Rural del Sur en Sevilla <strong>ha inaugurado este martes, 7 de octubre, la exposici\u00f3n <em>Ra\u00edz l\u00edquida<\/em>, del artista sevillano Jorge Mej\u00edas Garr\u00f3n<\/strong>, que se podr\u00e1 visitar hasta el 30 de octubre, en horario de lunes a viernes, de 10 a 14 h y de 18 a 21 h, en el Centro Cultural Jos\u00e9 Luis Garc\u00eda Palacios (C\/ Murillo, 2. Sevilla). La inauguraci\u00f3n cont\u00f3 con la presencia de Mar\u00eda Luisa Garc\u00eda-Palacios, responsable de los Centros Culturales de la entidad.<\/p>\n<p>La muestra de Jorge Mej\u00edas Carri\u00f3n re\u00fane una selecci\u00f3n de sus trabajos m\u00e1s recientes, en los que el autor despliega una abstracci\u00f3n rotunda y personal, marcada por la b\u00fasqueda de la pureza del color y la expresividad de la materia.<\/p>\n<p>Mediante texturas rugosas, capas l\u00edquidas, contrastes de relieves y superficies pict\u00f3ricas Jorge Mej\u00edas construye un lenguaje pl\u00e1stico cargado de po\u00e9tica visual. En esta muestra, Mej\u00edas explora la abstracci\u00f3n como territorio de libertad expresiva y de di\u00e1logo con lo org\u00e1nico.<\/p>\n<p>En sus piezas, el pintor sevillano trabajada en diversos formatos y t\u00e9cnicas mixtas, y en ellas los pigmentos y materiales se convierten en sedimentos que evocan la acci\u00f3n del tiempo, \u00abcomo si la pintura se consolidara en estratos, cicatrices o huellas que permanecen\u00bb, indica Jorge Mej\u00edas.<\/p>\n<p>Los t\u00edtulos de las obras, concebidos como un juego po\u00e9tico, refuerzan la dimensi\u00f3n org\u00e1nica de su pintura, que se aproxima a la experiencia de lo sensorial y lo meditativo. Una propuesta en la que el proceso creativo fluye como un ejercicio de contemplaci\u00f3n y emoci\u00f3n.<\/p>\n<p>Nacido en Sevilla en 1967, Jorge Mej\u00edas es un artista autodidacta que ha compaginado su trayectoria pict\u00f3rica con la ilustraci\u00f3n editorial, la escenograf\u00eda teatral y televisiva, el dise\u00f1o gr\u00e1fico y la docencia en artes pl\u00e1sticas.<\/p>\n<p>A lo largo de m\u00e1s de tres d\u00e9cadas ha expuesto en diversos espacios culturales y galer\u00edas, entre los que destacan la Fundaci\u00f3n El Monte (1998), la Universidad Pablo de Olavide (2013), el Centro Cultural Biblioteca de Montequinto (2015, 2018, 2024), la Sala El Cachorro (2023) o la Casa de la Cultura de Alcal\u00e1 de Guada\u00edra (2017).<\/p>\n<p><a href=\"https:\/\/fundacioncajaruraldelsur.com\/wp-content\/uploads\/2025\/10\/Exposicion-CRSUR-2.jpg\" rel=\"lightbox-0\"><img loading=\"lazy\" decoding=\"async\" class=\"alignnone wp-image-11551 size-full\" src=\"https:\/\/fundacioncajaruraldelsur.com\/wp-content\/uploads\/2025\/10\/Exposicion-CRSUR-2.jpg\" alt=\"\" width=\"2048\" height=\"1536\" srcset=\"https:\/\/fundacioncajaruraldelsur.com\/wp-content\/uploads\/2025\/10\/Exposicion-CRSUR-2.jpg 2048w, https:\/\/fundacioncajaruraldelsur.com\/wp-content\/uploads\/2025\/10\/Exposicion-CRSUR-2-300x225.jpg 300w, https:\/\/fundacioncajaruraldelsur.com\/wp-content\/uploads\/2025\/10\/Exposicion-CRSUR-2-1024x768.jpg 1024w, https:\/\/fundacioncajaruraldelsur.com\/wp-content\/uploads\/2025\/10\/Exposicion-CRSUR-2-768x576.jpg 768w, https:\/\/fundacioncajaruraldelsur.com\/wp-content\/uploads\/2025\/10\/Exposicion-CRSUR-2-1536x1152.jpg 1536w\" sizes=\"auto, (max-width: 2048px) 100vw, 2048px\" \/><\/a> <a href=\"https:\/\/fundacioncajaruraldelsur.com\/wp-content\/uploads\/2025\/10\/Exposicion-CRSUR-3.jpg\" rel=\"lightbox-1\"><img loading=\"lazy\" decoding=\"async\" class=\"alignnone wp-image-11552 size-full\" src=\"https:\/\/fundacioncajaruraldelsur.com\/wp-content\/uploads\/2025\/10\/Exposicion-CRSUR-3.jpg\" alt=\"\" width=\"2048\" height=\"1536\" srcset=\"https:\/\/fundacioncajaruraldelsur.com\/wp-content\/uploads\/2025\/10\/Exposicion-CRSUR-3.jpg 2048w, https:\/\/fundacioncajaruraldelsur.com\/wp-content\/uploads\/2025\/10\/Exposicion-CRSUR-3-300x225.jpg 300w, https:\/\/fundacioncajaruraldelsur.com\/wp-content\/uploads\/2025\/10\/Exposicion-CRSUR-3-1024x768.jpg 1024w, https:\/\/fundacioncajaruraldelsur.com\/wp-content\/uploads\/2025\/10\/Exposicion-CRSUR-3-768x576.jpg 768w, https:\/\/fundacioncajaruraldelsur.com\/wp-content\/uploads\/2025\/10\/Exposicion-CRSUR-3-1536x1152.jpg 1536w\" sizes=\"auto, (max-width: 2048px) 100vw, 2048px\" \/><\/a> <a href=\"https:\/\/fundacioncajaruraldelsur.com\/wp-content\/uploads\/2025\/10\/Imagen-de-WhatsApp-2025-10-07-a-las-22.10.47_e5aef834.jpg\" rel=\"lightbox-2\"><img loading=\"lazy\" decoding=\"async\" class=\"alignnone wp-image-11553 size-full\" src=\"https:\/\/fundacioncajaruraldelsur.com\/wp-content\/uploads\/2025\/10\/Imagen-de-WhatsApp-2025-10-07-a-las-22.10.47_e5aef834.jpg\" alt=\"\" width=\"2048\" height=\"1536\" srcset=\"https:\/\/fundacioncajaruraldelsur.com\/wp-content\/uploads\/2025\/10\/Imagen-de-WhatsApp-2025-10-07-a-las-22.10.47_e5aef834.jpg 2048w, https:\/\/fundacioncajaruraldelsur.com\/wp-content\/uploads\/2025\/10\/Imagen-de-WhatsApp-2025-10-07-a-las-22.10.47_e5aef834-300x225.jpg 300w, https:\/\/fundacioncajaruraldelsur.com\/wp-content\/uploads\/2025\/10\/Imagen-de-WhatsApp-2025-10-07-a-las-22.10.47_e5aef834-1024x768.jpg 1024w, https:\/\/fundacioncajaruraldelsur.com\/wp-content\/uploads\/2025\/10\/Imagen-de-WhatsApp-2025-10-07-a-las-22.10.47_e5aef834-768x576.jpg 768w, https:\/\/fundacioncajaruraldelsur.com\/wp-content\/uploads\/2025\/10\/Imagen-de-WhatsApp-2025-10-07-a-las-22.10.47_e5aef834-1536x1152.jpg 1536w\" sizes=\"auto, (max-width: 2048px) 100vw, 2048px\" \/><\/a> <a href=\"https:\/\/fundacioncajaruraldelsur.com\/wp-content\/uploads\/2025\/10\/Imagen-de-WhatsApp-2025-10-07-a-las-22.10.47_cc9ad75e.jpg\" rel=\"lightbox-3\"><img loading=\"lazy\" decoding=\"async\" class=\"alignnone wp-image-11554 size-full\" src=\"https:\/\/fundacioncajaruraldelsur.com\/wp-content\/uploads\/2025\/10\/Imagen-de-WhatsApp-2025-10-07-a-las-22.10.47_cc9ad75e.jpg\" alt=\"\" width=\"2048\" height=\"1536\" srcset=\"https:\/\/fundacioncajaruraldelsur.com\/wp-content\/uploads\/2025\/10\/Imagen-de-WhatsApp-2025-10-07-a-las-22.10.47_cc9ad75e.jpg 2048w, https:\/\/fundacioncajaruraldelsur.com\/wp-content\/uploads\/2025\/10\/Imagen-de-WhatsApp-2025-10-07-a-las-22.10.47_cc9ad75e-300x225.jpg 300w, https:\/\/fundacioncajaruraldelsur.com\/wp-content\/uploads\/2025\/10\/Imagen-de-WhatsApp-2025-10-07-a-las-22.10.47_cc9ad75e-1024x768.jpg 1024w, https:\/\/fundacioncajaruraldelsur.com\/wp-content\/uploads\/2025\/10\/Imagen-de-WhatsApp-2025-10-07-a-las-22.10.47_cc9ad75e-768x576.jpg 768w, https:\/\/fundacioncajaruraldelsur.com\/wp-content\/uploads\/2025\/10\/Imagen-de-WhatsApp-2025-10-07-a-las-22.10.47_cc9ad75e-1536x1152.jpg 1536w\" sizes=\"auto, (max-width: 2048px) 100vw, 2048px\" \/><\/a><\/p>","protected":false},"excerpt":{"rendered":"<p>La Fundaci\u00f3n Caja Rural del Sur en Sevilla ha inaugurado este martes, 7 de octubre, la exposici\u00f3n Ra\u00edz l\u00edquida, del artista sevillano Jorge Mej\u00edas Garr\u00f3n, que se podr\u00e1 visitar hasta [&hellip;]<\/p>\n","protected":false},"author":6,"featured_media":11550,"comment_status":"closed","ping_status":"closed","sticky":false,"template":"","format":"standard","meta":{"footnotes":""},"categories":[82],"tags":[],"class_list":["post-11549","post","type-post","status-publish","format-standard","has-post-thumbnail","hentry","category-exposiciones"],"yoast_head":"<!-- This site is optimized with the Yoast SEO plugin v27.3 - https:\/\/yoast.com\/product\/yoast-seo-wordpress\/ -->\n<title>El artista sevillano Jorge Mej\u00edas expone &quot;Ra\u00edz L\u00edquida&quot; en la Fundaci\u00f3n Caja Rural del Sur en Sevilla - Fundaci\u00f3n Caja Rural del Sur<\/title>\n<meta name=\"robots\" content=\"index, follow, max-snippet:-1, max-image-preview:large, max-video-preview:-1\" \/>\n<link rel=\"canonical\" href=\"https:\/\/fundacioncajaruraldelsur.com\/pt\/el-artista-sevillano-jorge-mejias-expone-raiz-liquida-en-la-fundacion-caja-rural-del-sur-en-sevilla\/\" \/>\n<meta property=\"og:locale\" content=\"pt_PT\" \/>\n<meta property=\"og:type\" content=\"article\" \/>\n<meta property=\"og:title\" content=\"El artista sevillano Jorge Mej\u00edas expone &quot;Ra\u00edz L\u00edquida&quot; en la Fundaci\u00f3n Caja Rural del Sur en Sevilla - Fundaci\u00f3n Caja Rural del Sur\" \/>\n<meta property=\"og:description\" content=\"La Fundaci\u00f3n Caja Rural del Sur en Sevilla ha inaugurado este martes, 7 de octubre, la exposici\u00f3n Ra\u00edz l\u00edquida, del artista sevillano Jorge Mej\u00edas Garr\u00f3n, que se podr\u00e1 visitar hasta [&hellip;]\" \/>\n<meta property=\"og:url\" content=\"https:\/\/fundacioncajaruraldelsur.com\/pt\/el-artista-sevillano-jorge-mejias-expone-raiz-liquida-en-la-fundacion-caja-rural-del-sur-en-sevilla\/\" \/>\n<meta property=\"og:site_name\" content=\"Fundaci\u00f3n Caja Rural del Sur\" \/>\n<meta property=\"article:published_time\" content=\"2025-10-07T20:18:53+00:00\" \/>\n<meta property=\"og:image\" content=\"https:\/\/fundacioncajaruraldelsur.com\/wp-content\/uploads\/2025\/10\/Exposicion-CRSUR-1.jpg\" \/>\n\t<meta property=\"og:image:width\" content=\"2048\" \/>\n\t<meta property=\"og:image:height\" content=\"1536\" \/>\n\t<meta property=\"og:image:type\" content=\"image\/jpeg\" \/>\n<meta name=\"author\" content=\"Comunicaci\u00f3n\" \/>\n<meta name=\"twitter:card\" content=\"summary_large_image\" \/>\n<meta name=\"twitter:label1\" content=\"Written by\" \/>\n\t<meta name=\"twitter:data1\" content=\"Comunicaci\u00f3n\" \/>\n\t<meta name=\"twitter:label2\" content=\"Est. reading time\" \/>\n\t<meta name=\"twitter:data2\" content=\"3 minutes\" \/>\n<script type=\"application\/ld+json\" class=\"yoast-schema-graph\">{\"@context\":\"https:\\\/\\\/schema.org\",\"@graph\":[{\"@type\":\"Article\",\"@id\":\"https:\\\/\\\/fundacioncajaruraldelsur.com\\\/el-artista-sevillano-jorge-mejias-expone-raiz-liquida-en-la-fundacion-caja-rural-del-sur-en-sevilla\\\/#article\",\"isPartOf\":{\"@id\":\"https:\\\/\\\/fundacioncajaruraldelsur.com\\\/el-artista-sevillano-jorge-mejias-expone-raiz-liquida-en-la-fundacion-caja-rural-del-sur-en-sevilla\\\/\"},\"author\":{\"name\":\"Comunicaci\u00f3n\",\"@id\":\"https:\\\/\\\/fundacioncajaruraldelsur.com\\\/#\\\/schema\\\/person\\\/f430da9fb783d505ff061ad8b3d44577\"},\"headline\":\"El artista sevillano Jorge Mej\u00edas expone \u00abRa\u00edz L\u00edquida\u00bb en la Fundaci\u00f3n Caja Rural del Sur en Sevilla\",\"datePublished\":\"2025-10-07T20:18:53+00:00\",\"mainEntityOfPage\":{\"@id\":\"https:\\\/\\\/fundacioncajaruraldelsur.com\\\/el-artista-sevillano-jorge-mejias-expone-raiz-liquida-en-la-fundacion-caja-rural-del-sur-en-sevilla\\\/\"},\"wordCount\":395,\"image\":{\"@id\":\"https:\\\/\\\/fundacioncajaruraldelsur.com\\\/el-artista-sevillano-jorge-mejias-expone-raiz-liquida-en-la-fundacion-caja-rural-del-sur-en-sevilla\\\/#primaryimage\"},\"thumbnailUrl\":\"https:\\\/\\\/fundacioncajaruraldelsur.com\\\/wp-content\\\/uploads\\\/2025\\\/10\\\/Exposicion-CRSUR-1.jpg\",\"articleSection\":[\"Exposiciones\"],\"inLanguage\":\"pt-PT\"},{\"@type\":\"WebPage\",\"@id\":\"https:\\\/\\\/fundacioncajaruraldelsur.com\\\/el-artista-sevillano-jorge-mejias-expone-raiz-liquida-en-la-fundacion-caja-rural-del-sur-en-sevilla\\\/\",\"url\":\"https:\\\/\\\/fundacioncajaruraldelsur.com\\\/el-artista-sevillano-jorge-mejias-expone-raiz-liquida-en-la-fundacion-caja-rural-del-sur-en-sevilla\\\/\",\"name\":\"El artista sevillano Jorge Mej\u00edas expone \\\"Ra\u00edz L\u00edquida\\\" en la Fundaci\u00f3n Caja Rural del Sur en Sevilla - Fundaci\u00f3n Caja Rural del Sur\",\"isPartOf\":{\"@id\":\"https:\\\/\\\/fundacioncajaruraldelsur.com\\\/#website\"},\"primaryImageOfPage\":{\"@id\":\"https:\\\/\\\/fundacioncajaruraldelsur.com\\\/el-artista-sevillano-jorge-mejias-expone-raiz-liquida-en-la-fundacion-caja-rural-del-sur-en-sevilla\\\/#primaryimage\"},\"image\":{\"@id\":\"https:\\\/\\\/fundacioncajaruraldelsur.com\\\/el-artista-sevillano-jorge-mejias-expone-raiz-liquida-en-la-fundacion-caja-rural-del-sur-en-sevilla\\\/#primaryimage\"},\"thumbnailUrl\":\"https:\\\/\\\/fundacioncajaruraldelsur.com\\\/wp-content\\\/uploads\\\/2025\\\/10\\\/Exposicion-CRSUR-1.jpg\",\"datePublished\":\"2025-10-07T20:18:53+00:00\",\"author\":{\"@id\":\"https:\\\/\\\/fundacioncajaruraldelsur.com\\\/#\\\/schema\\\/person\\\/f430da9fb783d505ff061ad8b3d44577\"},\"breadcrumb\":{\"@id\":\"https:\\\/\\\/fundacioncajaruraldelsur.com\\\/el-artista-sevillano-jorge-mejias-expone-raiz-liquida-en-la-fundacion-caja-rural-del-sur-en-sevilla\\\/#breadcrumb\"},\"inLanguage\":\"pt-PT\",\"potentialAction\":[{\"@type\":\"ReadAction\",\"target\":[\"https:\\\/\\\/fundacioncajaruraldelsur.com\\\/el-artista-sevillano-jorge-mejias-expone-raiz-liquida-en-la-fundacion-caja-rural-del-sur-en-sevilla\\\/\"]}]},{\"@type\":\"ImageObject\",\"inLanguage\":\"pt-PT\",\"@id\":\"https:\\\/\\\/fundacioncajaruraldelsur.com\\\/el-artista-sevillano-jorge-mejias-expone-raiz-liquida-en-la-fundacion-caja-rural-del-sur-en-sevilla\\\/#primaryimage\",\"url\":\"https:\\\/\\\/fundacioncajaruraldelsur.com\\\/wp-content\\\/uploads\\\/2025\\\/10\\\/Exposicion-CRSUR-1.jpg\",\"contentUrl\":\"https:\\\/\\\/fundacioncajaruraldelsur.com\\\/wp-content\\\/uploads\\\/2025\\\/10\\\/Exposicion-CRSUR-1.jpg\",\"width\":2048,\"height\":1536},{\"@type\":\"BreadcrumbList\",\"@id\":\"https:\\\/\\\/fundacioncajaruraldelsur.com\\\/el-artista-sevillano-jorge-mejias-expone-raiz-liquida-en-la-fundacion-caja-rural-del-sur-en-sevilla\\\/#breadcrumb\",\"itemListElement\":[{\"@type\":\"ListItem\",\"position\":1,\"name\":\"Portada\",\"item\":\"https:\\\/\\\/fundacioncajaruraldelsur.com\\\/\"},{\"@type\":\"ListItem\",\"position\":2,\"name\":\"El artista sevillano Jorge Mej\u00edas expone &#8220;Ra\u00edz L\u00edquida&#8221; en la Fundaci\u00f3n Caja Rural del Sur en Sevilla\"}]},{\"@type\":\"WebSite\",\"@id\":\"https:\\\/\\\/fundacioncajaruraldelsur.com\\\/#website\",\"url\":\"https:\\\/\\\/fundacioncajaruraldelsur.com\\\/\",\"name\":\"Fundaci\u00f3n Caja Rural del Sur\",\"description\":\"\",\"potentialAction\":[{\"@type\":\"SearchAction\",\"target\":{\"@type\":\"EntryPoint\",\"urlTemplate\":\"https:\\\/\\\/fundacioncajaruraldelsur.com\\\/?s={search_term_string}\"},\"query-input\":{\"@type\":\"PropertyValueSpecification\",\"valueRequired\":true,\"valueName\":\"search_term_string\"}}],\"inLanguage\":\"pt-PT\"},{\"@type\":\"Person\",\"@id\":\"https:\\\/\\\/fundacioncajaruraldelsur.com\\\/#\\\/schema\\\/person\\\/f430da9fb783d505ff061ad8b3d44577\",\"name\":\"Comunicaci\u00f3n\",\"image\":{\"@type\":\"ImageObject\",\"inLanguage\":\"pt-PT\",\"@id\":\"https:\\\/\\\/secure.gravatar.com\\\/avatar\\\/0dca239875993680bac4603ad2de7942da018f52cc3a244578e0b3b09314a8d8?s=96&d=blank&r=g\",\"url\":\"https:\\\/\\\/secure.gravatar.com\\\/avatar\\\/0dca239875993680bac4603ad2de7942da018f52cc3a244578e0b3b09314a8d8?s=96&d=blank&r=g\",\"contentUrl\":\"https:\\\/\\\/secure.gravatar.com\\\/avatar\\\/0dca239875993680bac4603ad2de7942da018f52cc3a244578e0b3b09314a8d8?s=96&d=blank&r=g\",\"caption\":\"Comunicaci\u00f3n\"}}]}<\/script>\n<!-- \/ Yoast SEO plugin. -->","yoast_head_json":{"title":"El artista sevillano Jorge Mej\u00edas expone \"Ra\u00edz L\u00edquida\" en la Fundaci\u00f3n Caja Rural del Sur en Sevilla - Fundaci\u00f3n Caja Rural del Sur","robots":{"index":"index","follow":"follow","max-snippet":"max-snippet:-1","max-image-preview":"max-image-preview:large","max-video-preview":"max-video-preview:-1"},"canonical":"https:\/\/fundacioncajaruraldelsur.com\/pt\/el-artista-sevillano-jorge-mejias-expone-raiz-liquida-en-la-fundacion-caja-rural-del-sur-en-sevilla\/","og_locale":"pt_PT","og_type":"article","og_title":"El artista sevillano Jorge Mej\u00edas expone \"Ra\u00edz L\u00edquida\" en la Fundaci\u00f3n Caja Rural del Sur en Sevilla - Fundaci\u00f3n Caja Rural del Sur","og_description":"La Fundaci\u00f3n Caja Rural del Sur en Sevilla ha inaugurado este martes, 7 de octubre, la exposici\u00f3n Ra\u00edz l\u00edquida, del artista sevillano Jorge Mej\u00edas Garr\u00f3n, que se podr\u00e1 visitar hasta [&hellip;]","og_url":"https:\/\/fundacioncajaruraldelsur.com\/pt\/el-artista-sevillano-jorge-mejias-expone-raiz-liquida-en-la-fundacion-caja-rural-del-sur-en-sevilla\/","og_site_name":"Fundaci\u00f3n Caja Rural del Sur","article_published_time":"2025-10-07T20:18:53+00:00","og_image":[{"width":2048,"height":1536,"url":"https:\/\/fundacioncajaruraldelsur.com\/wp-content\/uploads\/2025\/10\/Exposicion-CRSUR-1.jpg","type":"image\/jpeg"}],"author":"Comunicaci\u00f3n","twitter_card":"summary_large_image","twitter_misc":{"Written by":"Comunicaci\u00f3n","Est. reading time":"3 minutes"},"schema":{"@context":"https:\/\/schema.org","@graph":[{"@type":"Article","@id":"https:\/\/fundacioncajaruraldelsur.com\/el-artista-sevillano-jorge-mejias-expone-raiz-liquida-en-la-fundacion-caja-rural-del-sur-en-sevilla\/#article","isPartOf":{"@id":"https:\/\/fundacioncajaruraldelsur.com\/el-artista-sevillano-jorge-mejias-expone-raiz-liquida-en-la-fundacion-caja-rural-del-sur-en-sevilla\/"},"author":{"name":"Comunicaci\u00f3n","@id":"https:\/\/fundacioncajaruraldelsur.com\/#\/schema\/person\/f430da9fb783d505ff061ad8b3d44577"},"headline":"El artista sevillano Jorge Mej\u00edas expone \u00abRa\u00edz L\u00edquida\u00bb en la Fundaci\u00f3n Caja Rural del Sur en Sevilla","datePublished":"2025-10-07T20:18:53+00:00","mainEntityOfPage":{"@id":"https:\/\/fundacioncajaruraldelsur.com\/el-artista-sevillano-jorge-mejias-expone-raiz-liquida-en-la-fundacion-caja-rural-del-sur-en-sevilla\/"},"wordCount":395,"image":{"@id":"https:\/\/fundacioncajaruraldelsur.com\/el-artista-sevillano-jorge-mejias-expone-raiz-liquida-en-la-fundacion-caja-rural-del-sur-en-sevilla\/#primaryimage"},"thumbnailUrl":"https:\/\/fundacioncajaruraldelsur.com\/wp-content\/uploads\/2025\/10\/Exposicion-CRSUR-1.jpg","articleSection":["Exposiciones"],"inLanguage":"pt-PT"},{"@type":"WebPage","@id":"https:\/\/fundacioncajaruraldelsur.com\/el-artista-sevillano-jorge-mejias-expone-raiz-liquida-en-la-fundacion-caja-rural-del-sur-en-sevilla\/","url":"https:\/\/fundacioncajaruraldelsur.com\/el-artista-sevillano-jorge-mejias-expone-raiz-liquida-en-la-fundacion-caja-rural-del-sur-en-sevilla\/","name":"El artista sevillano Jorge Mej\u00edas expone \"Ra\u00edz L\u00edquida\" en la Fundaci\u00f3n Caja Rural del Sur en Sevilla - Fundaci\u00f3n Caja Rural del Sur","isPartOf":{"@id":"https:\/\/fundacioncajaruraldelsur.com\/#website"},"primaryImageOfPage":{"@id":"https:\/\/fundacioncajaruraldelsur.com\/el-artista-sevillano-jorge-mejias-expone-raiz-liquida-en-la-fundacion-caja-rural-del-sur-en-sevilla\/#primaryimage"},"image":{"@id":"https:\/\/fundacioncajaruraldelsur.com\/el-artista-sevillano-jorge-mejias-expone-raiz-liquida-en-la-fundacion-caja-rural-del-sur-en-sevilla\/#primaryimage"},"thumbnailUrl":"https:\/\/fundacioncajaruraldelsur.com\/wp-content\/uploads\/2025\/10\/Exposicion-CRSUR-1.jpg","datePublished":"2025-10-07T20:18:53+00:00","author":{"@id":"https:\/\/fundacioncajaruraldelsur.com\/#\/schema\/person\/f430da9fb783d505ff061ad8b3d44577"},"breadcrumb":{"@id":"https:\/\/fundacioncajaruraldelsur.com\/el-artista-sevillano-jorge-mejias-expone-raiz-liquida-en-la-fundacion-caja-rural-del-sur-en-sevilla\/#breadcrumb"},"inLanguage":"pt-PT","potentialAction":[{"@type":"ReadAction","target":["https:\/\/fundacioncajaruraldelsur.com\/el-artista-sevillano-jorge-mejias-expone-raiz-liquida-en-la-fundacion-caja-rural-del-sur-en-sevilla\/"]}]},{"@type":"ImageObject","inLanguage":"pt-PT","@id":"https:\/\/fundacioncajaruraldelsur.com\/el-artista-sevillano-jorge-mejias-expone-raiz-liquida-en-la-fundacion-caja-rural-del-sur-en-sevilla\/#primaryimage","url":"https:\/\/fundacioncajaruraldelsur.com\/wp-content\/uploads\/2025\/10\/Exposicion-CRSUR-1.jpg","contentUrl":"https:\/\/fundacioncajaruraldelsur.com\/wp-content\/uploads\/2025\/10\/Exposicion-CRSUR-1.jpg","width":2048,"height":1536},{"@type":"BreadcrumbList","@id":"https:\/\/fundacioncajaruraldelsur.com\/el-artista-sevillano-jorge-mejias-expone-raiz-liquida-en-la-fundacion-caja-rural-del-sur-en-sevilla\/#breadcrumb","itemListElement":[{"@type":"ListItem","position":1,"name":"Portada","item":"https:\/\/fundacioncajaruraldelsur.com\/"},{"@type":"ListItem","position":2,"name":"El artista sevillano Jorge Mej\u00edas expone &#8220;Ra\u00edz L\u00edquida&#8221; en la Fundaci\u00f3n Caja Rural del Sur en Sevilla"}]},{"@type":"WebSite","@id":"https:\/\/fundacioncajaruraldelsur.com\/#website","url":"https:\/\/fundacioncajaruraldelsur.com\/","name":"Funda\u00e7\u00e3o Caja Rural del Sur","description":"","potentialAction":[{"@type":"SearchAction","target":{"@type":"EntryPoint","urlTemplate":"https:\/\/fundacioncajaruraldelsur.com\/?s={search_term_string}"},"query-input":{"@type":"PropertyValueSpecification","valueRequired":true,"valueName":"search_term_string"}}],"inLanguage":"pt-PT"},{"@type":"Person","@id":"https:\/\/fundacioncajaruraldelsur.com\/#\/schema\/person\/f430da9fb783d505ff061ad8b3d44577","name":"Comunicaci\u00f3n","image":{"@type":"ImageObject","inLanguage":"pt-PT","@id":"https:\/\/secure.gravatar.com\/avatar\/0dca239875993680bac4603ad2de7942da018f52cc3a244578e0b3b09314a8d8?s=96&d=blank&r=g","url":"https:\/\/secure.gravatar.com\/avatar\/0dca239875993680bac4603ad2de7942da018f52cc3a244578e0b3b09314a8d8?s=96&d=blank&r=g","contentUrl":"https:\/\/secure.gravatar.com\/avatar\/0dca239875993680bac4603ad2de7942da018f52cc3a244578e0b3b09314a8d8?s=96&d=blank&r=g","caption":"Comunicaci\u00f3n"}}]}},"rttpg_featured_image_url":{"full":["https:\/\/fundacioncajaruraldelsur.com\/wp-content\/uploads\/2025\/10\/Exposicion-CRSUR-1.jpg",2048,1536,false],"landscape":["https:\/\/fundacioncajaruraldelsur.com\/wp-content\/uploads\/2025\/10\/Exposicion-CRSUR-1.jpg",2048,1536,false],"portraits":["https:\/\/fundacioncajaruraldelsur.com\/wp-content\/uploads\/2025\/10\/Exposicion-CRSUR-1.jpg",2048,1536,false],"thumbnail":["https:\/\/fundacioncajaruraldelsur.com\/wp-content\/uploads\/2025\/10\/Exposicion-CRSUR-1-150x150.jpg",150,150,true],"medium":["https:\/\/fundacioncajaruraldelsur.com\/wp-content\/uploads\/2025\/10\/Exposicion-CRSUR-1-300x225.jpg",300,225,true],"large":["https:\/\/fundacioncajaruraldelsur.com\/wp-content\/uploads\/2025\/10\/Exposicion-CRSUR-1-1024x768.jpg",960,720,true],"1536x1536":["https:\/\/fundacioncajaruraldelsur.com\/wp-content\/uploads\/2025\/10\/Exposicion-CRSUR-1-1536x1152.jpg",1536,1152,true],"2048x2048":["https:\/\/fundacioncajaruraldelsur.com\/wp-content\/uploads\/2025\/10\/Exposicion-CRSUR-1.jpg",2048,1536,false],"trp-custom-language-flag":["https:\/\/fundacioncajaruraldelsur.com\/wp-content\/uploads\/2025\/10\/Exposicion-CRSUR-1.jpg",16,12,false],"blog-thumbnail":["https:\/\/fundacioncajaruraldelsur.com\/wp-content\/uploads\/2025\/10\/Exposicion-CRSUR-1-400x200.jpg",400,200,true]},"rttpg_author":{"display_name":"Comunicaci\u00f3n","author_link":"https:\/\/fundacioncajaruraldelsur.com\/pt\/author\/sevillaadmin\/"},"rttpg_comment":0,"rttpg_category":"<a href=\"https:\/\/fundacioncajaruraldelsur.com\/pt\/category\/exposiciones\/\" rel=\"category tag\">Exposiciones<\/a>","rttpg_excerpt":"La Fundaci\u00f3n Caja Rural del Sur en Sevilla ha inaugurado este martes, 7 de octubre, la exposici\u00f3n Ra\u00edz l\u00edquida, del artista sevillano Jorge Mej\u00edas Garr\u00f3n, que se podr\u00e1 visitar hasta [&hellip;]","_links":{"self":[{"href":"https:\/\/fundacioncajaruraldelsur.com\/pt\/wp-json\/wp\/v2\/posts\/11549","targetHints":{"allow":["GET"]}}],"collection":[{"href":"https:\/\/fundacioncajaruraldelsur.com\/pt\/wp-json\/wp\/v2\/posts"}],"about":[{"href":"https:\/\/fundacioncajaruraldelsur.com\/pt\/wp-json\/wp\/v2\/types\/post"}],"author":[{"embeddable":true,"href":"https:\/\/fundacioncajaruraldelsur.com\/pt\/wp-json\/wp\/v2\/users\/6"}],"replies":[{"embeddable":true,"href":"https:\/\/fundacioncajaruraldelsur.com\/pt\/wp-json\/wp\/v2\/comments?post=11549"}],"version-history":[{"count":1,"href":"https:\/\/fundacioncajaruraldelsur.com\/pt\/wp-json\/wp\/v2\/posts\/11549\/revisions"}],"predecessor-version":[{"id":11555,"href":"https:\/\/fundacioncajaruraldelsur.com\/pt\/wp-json\/wp\/v2\/posts\/11549\/revisions\/11555"}],"wp:featuredmedia":[{"embeddable":true,"href":"https:\/\/fundacioncajaruraldelsur.com\/pt\/wp-json\/wp\/v2\/media\/11550"}],"wp:attachment":[{"href":"https:\/\/fundacioncajaruraldelsur.com\/pt\/wp-json\/wp\/v2\/media?parent=11549"}],"wp:term":[{"taxonomy":"category","embeddable":true,"href":"https:\/\/fundacioncajaruraldelsur.com\/pt\/wp-json\/wp\/v2\/categories?post=11549"},{"taxonomy":"post_tag","embeddable":true,"href":"https:\/\/fundacioncajaruraldelsur.com\/pt\/wp-json\/wp\/v2\/tags?post=11549"}],"curies":[{"name":"wp","href":"https:\/\/api.w.org\/{rel}","templated":true}]}}